{"id":48092,"date":"2023-12-19T20:57:10","date_gmt":"2023-12-19T19:57:10","guid":{"rendered":"https:\/\/lasentinelle.dz\/?p=48092"},"modified":"2023-12-19T20:57:22","modified_gmt":"2023-12-19T19:57:22","slug":"adoption-dun-nouveau-plan-pour-developper-le-systeme-dapprovisionnement-du-marche-national","status":"publish","type":"post","link":"https:\/\/lasentinelle.dz\/index.php\/2023\/12\/19\/adoption-dun-nouveau-plan-pour-developper-le-systeme-dapprovisionnement-du-marche-national\/","title":{"rendered":"Adoption d&rsquo;un nouveau plan pour d\u00e9velopper le syst\u00e8me d&rsquo;approvisionnement du march\u00e9 national"},"content":{"rendered":"\n<p>Les minist\u00e8res du Commerce et de la Promotion des exportations et de l&rsquo;Agriculture et du D\u00e9veloppement rural ont adopt\u00e9 un nouveau plan intersectoriel visant \u00e0 assurer la disponibilit\u00e9 des produits agricoles et alimentaires de large consommation et \u00e0 d\u00e9velopper le syst\u00e8me d&rsquo;approvisionnement du march\u00e9 national, a indiqu\u00e9 mardi un communiqu\u00e9 du minist\u00e8re du Commerce. L&rsquo;annonce a \u00e9t\u00e9 faite, mardi, lors d&rsquo;une r\u00e9union de coordination, pr\u00e9sid\u00e9e par les ministres du Commerce et de la Promotion des exportations, Tayeb Zitouni, et de l&rsquo;Agriculture et du D\u00e9veloppement rural, Youcef Cherfa, en pr\u00e9sence de cadres des deux secteurs, laquelle r\u00e9union a port\u00e9 sur l&rsquo;approvisionnement du march\u00e9 national en divers produits agricoles et denr\u00e9es alimentaires de base et le d\u00e9veloppement de leur syst\u00e8me de distribution. Lors de cette r\u00e9union, les diff\u00e9rents r\u00e9sultats enregistr\u00e9s sur le terrain dans chaque secteur ont \u00e9t\u00e9 pr\u00e9sent\u00e9s en vue de rem\u00e9dier aux d\u00e9s\u00e9quilibres et d&rsquo;\u00e9laborer une feuille de route unifi\u00e9e pour assurer l&rsquo;approvisionnement \u00ab\u00a0continu\u00a0\u00bb en produits de large consommation tout en surveillant les prix, selon la m\u00eame source. Les deux ministres ont insist\u00e9 sur \u00ab\u00a0les mesures proactives pour approvisionner le march\u00e9 en divers biens produits localement ou import\u00e9s, mettre fin \u00e0 toute perturbation et stabiliser les prix de tous les produits pendant les p\u00e9riodes de forte demande, sur l&rsquo;ensemble du territoire national, afin de prot\u00e9ger le pouvoir d&rsquo;achat du citoyen, conform\u00e9ment aux instructions du pr\u00e9sident de la R\u00e9publique\u00a0\u00bb. La r\u00e9union a \u00e9galement port\u00e9 sur les pr\u00e9paratifs en cours pour assurer la disponibilit\u00e9 des diff\u00e9rents produits alimentaires durant le mois sacr\u00e9 et d\u00e9finir les m\u00e9canismes n\u00e9cessaires pour assurer leur disponibilit\u00e9 et leur distribution de mani\u00e8re efficace, conclut le communiqu\u00e9.<\/p>\n\n\n\n<p>APS<\/p>\n","protected":false},"excerpt":{"rendered":"<p>Les minist\u00e8res du Commerce et de la Promotion des exportations et de l&rsquo;Agriculture et du D\u00e9veloppement rural ont adopt\u00e9 un<\/p>\n","protected":false},"author":3,"featured_media":47813,"comment_status":"open","ping_status":"closed","sticky":false,"template":"","format":"standard","meta":{"colormag_page_container_layout":"default_layout","colormag_page_sidebar_layout":"default_layout","om_disable_all_campaigns":false,"_monsterinsights_skip_tracking":false,"_monsterinsights_sitenote_active":false,"_monsterinsights_sitenote_note":"","_monsterinsights_sitenote_category":0,"footnotes":"","_wpscppro_dont_share_socialmedia":false,"_wpscppro_custom_social_share_image":0,"_facebook_share_type":"","_twitter_share_type":"","_linkedin_share_type":"","_pinterest_share_type":"","_linkedin_share_type_page":"","_instagram_share_type":"","_medium_share_type":"","_threads_share_type":"","_google_business_share_type":"","_selected_social_profile":[],"_wpsp_enable_custom_social_template":false,"_wpsp_social_scheduling":{"enabled":false,"datetime":null,"platforms":[],"status":"template_only","dateOption":"today","timeOption":"now","customDays":"","customHours":"","customDate":"","customTime":"","schedulingType":"absolute"},"_wpsp_active_default_template":true},"categories":[29],"tags":[],"class_list":["post-48092","post","type-post","status-publish","format-standard","has-post-thumbnail","hentry","category-economie"],"aioseo_notices":[],"yoast_head":"<!-- This site is optimized with the Yoast SEO plugin v27.5 - https:\/\/yoast.com\/product\/yoast-seo-wordpress\/ -->\n<title>Adoption d&rsquo;un nouveau plan pour d\u00e9velopper le syst\u00e8me d&rsquo;approvisionnement du march\u00e9 national - La Sentinelle<\/title>\n<meta name=\"robots\" content=\"index, follow, max-snippet:-1, max-image-preview:large, max-video-preview:-1\" \/>\n<link rel=\"canonical\" href=\"https:\/\/lasentinelle.dz\/index.php\/2023\/12\/19\/adoption-dun-nouveau-plan-pour-developper-le-systeme-dapprovisionnement-du-marche-national\/\" \/>\n<meta property=\"og:locale\" content=\"fr_FR\" \/>\n<meta property=\"og:type\" content=\"article\" \/>\n<meta property=\"og:title\" content=\"Adoption d&rsquo;un nouveau plan pour d\u00e9velopper le syst\u00e8me d&rsquo;approvisionnement du march\u00e9 national - La Sentinelle\" \/>\n<meta property=\"og:description\" content=\"Les minist\u00e8res du Commerce et de la Promotion des exportations et de l&rsquo;Agriculture et du D\u00e9veloppement rural ont adopt\u00e9 un\" \/>\n<meta property=\"og:url\" content=\"https:\/\/lasentinelle.dz\/index.php\/2023\/12\/19\/adoption-dun-nouveau-plan-pour-developper-le-systeme-dapprovisionnement-du-marche-national\/\" \/>\n<meta property=\"og:site_name\" content=\"La Sentinelle\" \/>\n<meta property=\"article:publisher\" content=\"https:\/\/www.facebook.com\/La-Sentinelle-104059864394773\" \/>\n<meta property=\"article:published_time\" content=\"2023-12-19T19:57:10+00:00\" \/>\n<meta property=\"article:modified_time\" content=\"2023-12-19T19:57:22+00:00\" \/>\n<meta property=\"og:image\" content=\"https:\/\/lasentinelle.dz\/wp-content\/uploads\/2023\/12\/Marche.jpeg\" \/>\n\t<meta property=\"og:image:width\" content=\"600\" \/>\n\t<meta property=\"og:image:height\" content=\"450\" \/>\n\t<meta property=\"og:image:type\" content=\"image\/jpeg\" \/>\n<meta name=\"author\" content=\"La Sentinelle\" \/>\n<meta name=\"twitter:card\" content=\"summary_large_image\" \/>\n<meta name=\"twitter:label1\" content=\"\u00c9crit par\" \/>\n\t<meta name=\"twitter:data1\" content=\"La Sentinelle\" \/>\n\t<meta name=\"twitter:label2\" content=\"Dur\u00e9e de lecture estim\u00e9e\" \/>\n\t<meta name=\"twitter:data2\" content=\"2 minutes\" \/>\n<script type=\"application\/ld+json\" class=\"yoast-schema-graph\">{\"@context\":\"https:\\\/\\\/schema.org\",\"@graph\":[{\"@type\":\"Article\",\"@id\":\"https:\\\/\\\/lasentinelle.dz\\\/index.php\\\/2023\\\/12\\\/19\\\/adoption-dun-nouveau-plan-pour-developper-le-systeme-dapprovisionnement-du-marche-national\\\/#article\",\"isPartOf\":{\"@id\":\"https:\\\/\\\/lasentinelle.dz\\\/index.php\\\/2023\\\/12\\\/19\\\/adoption-dun-nouveau-plan-pour-developper-le-systeme-dapprovisionnement-du-marche-national\\\/\"},\"author\":{\"name\":\"La Sentinelle\",\"@id\":\"https:\\\/\\\/lasentinelle.dz\\\/#\\\/schema\\\/person\\\/d865044e22e70a75174ce8bcad3acfb3\"},\"headline\":\"Adoption d&rsquo;un nouveau plan pour d\u00e9velopper le syst\u00e8me d&rsquo;approvisionnement du march\u00e9 national\",\"datePublished\":\"2023-12-19T19:57:10+00:00\",\"dateModified\":\"2023-12-19T19:57:22+00:00\",\"mainEntityOfPage\":{\"@id\":\"https:\\\/\\\/lasentinelle.dz\\\/index.php\\\/2023\\\/12\\\/19\\\/adoption-dun-nouveau-plan-pour-developper-le-systeme-dapprovisionnement-du-marche-national\\\/\"},\"wordCount\":332,\"commentCount\":0,\"publisher\":{\"@id\":\"https:\\\/\\\/lasentinelle.dz\\\/#organization\"},\"image\":{\"@id\":\"https:\\\/\\\/lasentinelle.dz\\\/index.php\\\/2023\\\/12\\\/19\\\/adoption-dun-nouveau-plan-pour-developper-le-systeme-dapprovisionnement-du-marche-national\\\/#primaryimage\"},\"thumbnailUrl\":\"https:\\\/\\\/lasentinelle.dz\\\/wp-content\\\/uploads\\\/2023\\\/12\\\/Marche.jpeg\",\"articleSection\":[\"\u00c9conomie\"],\"inLanguage\":\"fr-FR\",\"potentialAction\":[{\"@type\":\"CommentAction\",\"name\":\"Comment\",\"target\":[\"https:\\\/\\\/lasentinelle.dz\\\/index.php\\\/2023\\\/12\\\/19\\\/adoption-dun-nouveau-plan-pour-developper-le-systeme-dapprovisionnement-du-marche-national\\\/#respond\"]}]},{\"@type\":\"WebPage\",\"@id\":\"https:\\\/\\\/lasentinelle.dz\\\/index.php\\\/2023\\\/12\\\/19\\\/adoption-dun-nouveau-plan-pour-developper-le-systeme-dapprovisionnement-du-marche-national\\\/\",\"url\":\"https:\\\/\\\/lasentinelle.dz\\\/index.php\\\/2023\\\/12\\\/19\\\/adoption-dun-nouveau-plan-pour-developper-le-systeme-dapprovisionnement-du-marche-national\\\/\",\"name\":\"Adoption d&rsquo;un nouveau plan pour d\u00e9velopper le syst\u00e8me d&rsquo;approvisionnement du march\u00e9 national - La Sentinelle\",\"isPartOf\":{\"@id\":\"https:\\\/\\\/lasentinelle.dz\\\/#website\"},\"primaryImageOfPage\":{\"@id\":\"https:\\\/\\\/lasentinelle.dz\\\/index.php\\\/2023\\\/12\\\/19\\\/adoption-dun-nouveau-plan-pour-developper-le-systeme-dapprovisionnement-du-marche-national\\\/#primaryimage\"},\"image\":{\"@id\":\"https:\\\/\\\/lasentinelle.dz\\\/index.php\\\/2023\\\/12\\\/19\\\/adoption-dun-nouveau-plan-pour-developper-le-systeme-dapprovisionnement-du-marche-national\\\/#primaryimage\"},\"thumbnailUrl\":\"https:\\\/\\\/lasentinelle.dz\\\/wp-content\\\/uploads\\\/2023\\\/12\\\/Marche.jpeg\",\"datePublished\":\"2023-12-19T19:57:10+00:00\",\"dateModified\":\"2023-12-19T19:57:22+00:00\",\"breadcrumb\":{\"@id\":\"https:\\\/\\\/lasentinelle.dz\\\/index.php\\\/2023\\\/12\\\/19\\\/adoption-dun-nouveau-plan-pour-developper-le-systeme-dapprovisionnement-du-marche-national\\\/#breadcrumb\"},\"inLanguage\":\"fr-FR\",\"potentialAction\":[{\"@type\":\"ReadAction\",\"target\":[\"https:\\\/\\\/lasentinelle.dz\\\/index.php\\\/2023\\\/12\\\/19\\\/adoption-dun-nouveau-plan-pour-developper-le-systeme-dapprovisionnement-du-marche-national\\\/\"]}]},{\"@type\":\"ImageObject\",\"inLanguage\":\"fr-FR\",\"@id\":\"https:\\\/\\\/lasentinelle.dz\\\/index.php\\\/2023\\\/12\\\/19\\\/adoption-dun-nouveau-plan-pour-developper-le-systeme-dapprovisionnement-du-marche-national\\\/#primaryimage\",\"url\":\"https:\\\/\\\/lasentinelle.dz\\\/wp-content\\\/uploads\\\/2023\\\/12\\\/Marche.jpeg\",\"contentUrl\":\"https:\\\/\\\/lasentinelle.dz\\\/wp-content\\\/uploads\\\/2023\\\/12\\\/Marche.jpeg\",\"width\":600,\"height\":450},{\"@type\":\"BreadcrumbList\",\"@id\":\"https:\\\/\\\/lasentinelle.dz\\\/index.php\\\/2023\\\/12\\\/19\\\/adoption-dun-nouveau-plan-pour-developper-le-systeme-dapprovisionnement-du-marche-national\\\/#breadcrumb\",\"itemListElement\":[{\"@type\":\"ListItem\",\"position\":1,\"name\":\"Accueil\",\"item\":\"https:\\\/\\\/lasentinelle.dz\\\/\"},{\"@type\":\"ListItem\",\"position\":2,\"name\":\"Adoption d&rsquo;un nouveau plan pour d\u00e9velopper le syst\u00e8me d&rsquo;approvisionnement du march\u00e9 national\"}]},{\"@type\":\"WebSite\",\"@id\":\"https:\\\/\\\/lasentinelle.dz\\\/#website\",\"url\":\"https:\\\/\\\/lasentinelle.dz\\\/\",\"name\":\"La Sentinelle\",\"description\":\"Quotidien national d&#039;information\",\"publisher\":{\"@id\":\"https:\\\/\\\/lasentinelle.dz\\\/#organization\"},\"potentialAction\":[{\"@type\":\"SearchAction\",\"target\":{\"@type\":\"EntryPoint\",\"urlTemplate\":\"https:\\\/\\\/lasentinelle.dz\\\/?s={search_term_string}\"},\"query-input\":{\"@type\":\"PropertyValueSpecification\",\"valueRequired\":true,\"valueName\":\"search_term_string\"}}],\"inLanguage\":\"fr-FR\"},{\"@type\":\"Organization\",\"@id\":\"https:\\\/\\\/lasentinelle.dz\\\/#organization\",\"name\":\"Quotidien La Sentinelle\",\"url\":\"https:\\\/\\\/lasentinelle.dz\\\/\",\"logo\":{\"@type\":\"ImageObject\",\"inLanguage\":\"fr-FR\",\"@id\":\"https:\\\/\\\/lasentinelle.dz\\\/#\\\/schema\\\/logo\\\/image\\\/\",\"url\":\"https:\\\/\\\/lasentinelle.dz\\\/wp-content\\\/uploads\\\/2021\\\/09\\\/logo-sentinelleSLOGAN-1.png\",\"contentUrl\":\"https:\\\/\\\/lasentinelle.dz\\\/wp-content\\\/uploads\\\/2021\\\/09\\\/logo-sentinelleSLOGAN-1.png\",\"width\":615,\"height\":142,\"caption\":\"Quotidien La Sentinelle\"},\"image\":{\"@id\":\"https:\\\/\\\/lasentinelle.dz\\\/#\\\/schema\\\/logo\\\/image\\\/\"},\"sameAs\":[\"https:\\\/\\\/www.facebook.com\\\/La-Sentinelle-104059864394773\"]},{\"@type\":\"Person\",\"@id\":\"https:\\\/\\\/lasentinelle.dz\\\/#\\\/schema\\\/person\\\/d865044e22e70a75174ce8bcad3acfb3\",\"name\":\"La Sentinelle\",\"image\":{\"@type\":\"ImageObject\",\"inLanguage\":\"fr-FR\",\"@id\":\"https:\\\/\\\/secure.gravatar.com\\\/avatar\\\/57de8e5d4b15d43fb361a71fbb36338450fe67865b528a43dd10ef7c51a20392?s=96&d=mm&r=g\",\"url\":\"https:\\\/\\\/secure.gravatar.com\\\/avatar\\\/57de8e5d4b15d43fb361a71fbb36338450fe67865b528a43dd10ef7c51a20392?s=96&d=mm&r=g\",\"contentUrl\":\"https:\\\/\\\/secure.gravatar.com\\\/avatar\\\/57de8e5d4b15d43fb361a71fbb36338450fe67865b528a43dd10ef7c51a20392?s=96&d=mm&r=g\",\"caption\":\"La Sentinelle\"},\"sameAs\":[\"http:\\\/\\\/www.lasentinelle.dz\"],\"url\":\"https:\\\/\\\/lasentinelle.dz\\\/author\\\/redaction\\\/\"}]}<\/script>\n<!-- \/ Yoast SEO plugin. -->","yoast_head_json":{"title":"Adoption d&rsquo;un nouveau plan pour d\u00e9velopper le syst\u00e8me d&rsquo;approvisionnement du march\u00e9 national - La Sentinelle","robots":{"index":"index","follow":"follow","max-snippet":"max-snippet:-1","max-image-preview":"max-image-preview:large","max-video-preview":"max-video-preview:-1"},"canonical":"https:\/\/lasentinelle.dz\/index.php\/2023\/12\/19\/adoption-dun-nouveau-plan-pour-developper-le-systeme-dapprovisionnement-du-marche-national\/","og_locale":"fr_FR","og_type":"article","og_title":"Adoption d&rsquo;un nouveau plan pour d\u00e9velopper le syst\u00e8me d&rsquo;approvisionnement du march\u00e9 national - La Sentinelle","og_description":"Les minist\u00e8res du Commerce et de la Promotion des exportations et de l&rsquo;Agriculture et du D\u00e9veloppement rural ont adopt\u00e9 un","og_url":"https:\/\/lasentinelle.dz\/index.php\/2023\/12\/19\/adoption-dun-nouveau-plan-pour-developper-le-systeme-dapprovisionnement-du-marche-national\/","og_site_name":"La Sentinelle","article_publisher":"https:\/\/www.facebook.com\/La-Sentinelle-104059864394773","article_published_time":"2023-12-19T19:57:10+00:00","article_modified_time":"2023-12-19T19:57:22+00:00","og_image":[{"width":600,"height":450,"url":"https:\/\/lasentinelle.dz\/wp-content\/uploads\/2023\/12\/Marche.jpeg","type":"image\/jpeg"}],"author":"La Sentinelle","twitter_card":"summary_large_image","twitter_misc":{"\u00c9crit par":"La Sentinelle","Dur\u00e9e de lecture estim\u00e9e":"2 minutes"},"schema":{"@context":"https:\/\/schema.org","@graph":[{"@type":"Article","@id":"https:\/\/lasentinelle.dz\/index.php\/2023\/12\/19\/adoption-dun-nouveau-plan-pour-developper-le-systeme-dapprovisionnement-du-marche-national\/#article","isPartOf":{"@id":"https:\/\/lasentinelle.dz\/index.php\/2023\/12\/19\/adoption-dun-nouveau-plan-pour-developper-le-systeme-dapprovisionnement-du-marche-national\/"},"author":{"name":"La Sentinelle","@id":"https:\/\/lasentinelle.dz\/#\/schema\/person\/d865044e22e70a75174ce8bcad3acfb3"},"headline":"Adoption d&rsquo;un nouveau plan pour d\u00e9velopper le syst\u00e8me d&rsquo;approvisionnement du march\u00e9 national","datePublished":"2023-12-19T19:57:10+00:00","dateModified":"2023-12-19T19:57:22+00:00","mainEntityOfPage":{"@id":"https:\/\/lasentinelle.dz\/index.php\/2023\/12\/19\/adoption-dun-nouveau-plan-pour-developper-le-systeme-dapprovisionnement-du-marche-national\/"},"wordCount":332,"commentCount":0,"publisher":{"@id":"https:\/\/lasentinelle.dz\/#organization"},"image":{"@id":"https:\/\/lasentinelle.dz\/index.php\/2023\/12\/19\/adoption-dun-nouveau-plan-pour-developper-le-systeme-dapprovisionnement-du-marche-national\/#primaryimage"},"thumbnailUrl":"https:\/\/lasentinelle.dz\/wp-content\/uploads\/2023\/12\/Marche.jpeg","articleSection":["\u00c9conomie"],"inLanguage":"fr-FR","potentialAction":[{"@type":"CommentAction","name":"Comment","target":["https:\/\/lasentinelle.dz\/index.php\/2023\/12\/19\/adoption-dun-nouveau-plan-pour-developper-le-systeme-dapprovisionnement-du-marche-national\/#respond"]}]},{"@type":"WebPage","@id":"https:\/\/lasentinelle.dz\/index.php\/2023\/12\/19\/adoption-dun-nouveau-plan-pour-developper-le-systeme-dapprovisionnement-du-marche-national\/","url":"https:\/\/lasentinelle.dz\/index.php\/2023\/12\/19\/adoption-dun-nouveau-plan-pour-developper-le-systeme-dapprovisionnement-du-marche-national\/","name":"Adoption d&rsquo;un nouveau plan pour d\u00e9velopper le syst\u00e8me d&rsquo;approvisionnement du march\u00e9 national - La Sentinelle","isPartOf":{"@id":"https:\/\/lasentinelle.dz\/#website"},"primaryImageOfPage":{"@id":"https:\/\/lasentinelle.dz\/index.php\/2023\/12\/19\/adoption-dun-nouveau-plan-pour-developper-le-systeme-dapprovisionnement-du-marche-national\/#primaryimage"},"image":{"@id":"https:\/\/lasentinelle.dz\/index.php\/2023\/12\/19\/adoption-dun-nouveau-plan-pour-developper-le-systeme-dapprovisionnement-du-marche-national\/#primaryimage"},"thumbnailUrl":"https:\/\/lasentinelle.dz\/wp-content\/uploads\/2023\/12\/Marche.jpeg","datePublished":"2023-12-19T19:57:10+00:00","dateModified":"2023-12-19T19:57:22+00:00","breadcrumb":{"@id":"https:\/\/lasentinelle.dz\/index.php\/2023\/12\/19\/adoption-dun-nouveau-plan-pour-developper-le-systeme-dapprovisionnement-du-marche-national\/#breadcrumb"},"inLanguage":"fr-FR","potentialAction":[{"@type":"ReadAction","target":["https:\/\/lasentinelle.dz\/index.php\/2023\/12\/19\/adoption-dun-nouveau-plan-pour-developper-le-systeme-dapprovisionnement-du-marche-national\/"]}]},{"@type":"ImageObject","inLanguage":"fr-FR","@id":"https:\/\/lasentinelle.dz\/index.php\/2023\/12\/19\/adoption-dun-nouveau-plan-pour-developper-le-systeme-dapprovisionnement-du-marche-national\/#primaryimage","url":"https:\/\/lasentinelle.dz\/wp-content\/uploads\/2023\/12\/Marche.jpeg","contentUrl":"https:\/\/lasentinelle.dz\/wp-content\/uploads\/2023\/12\/Marche.jpeg","width":600,"height":450},{"@type":"BreadcrumbList","@id":"https:\/\/lasentinelle.dz\/index.php\/2023\/12\/19\/adoption-dun-nouveau-plan-pour-developper-le-systeme-dapprovisionnement-du-marche-national\/#breadcrumb","itemListElement":[{"@type":"ListItem","position":1,"name":"Accueil","item":"https:\/\/lasentinelle.dz\/"},{"@type":"ListItem","position":2,"name":"Adoption d&rsquo;un nouveau plan pour d\u00e9velopper le syst\u00e8me d&rsquo;approvisionnement du march\u00e9 national"}]},{"@type":"WebSite","@id":"https:\/\/lasentinelle.dz\/#website","url":"https:\/\/lasentinelle.dz\/","name":"La Sentinelle","description":"Quotidien national d&#039;information","publisher":{"@id":"https:\/\/lasentinelle.dz\/#organization"},"potentialAction":[{"@type":"SearchAction","target":{"@type":"EntryPoint","urlTemplate":"https:\/\/lasentinelle.dz\/?s={search_term_string}"},"query-input":{"@type":"PropertyValueSpecification","valueRequired":true,"valueName":"search_term_string"}}],"inLanguage":"fr-FR"},{"@type":"Organization","@id":"https:\/\/lasentinelle.dz\/#organization","name":"Quotidien La Sentinelle","url":"https:\/\/lasentinelle.dz\/","logo":{"@type":"ImageObject","inLanguage":"fr-FR","@id":"https:\/\/lasentinelle.dz\/#\/schema\/logo\/image\/","url":"https:\/\/lasentinelle.dz\/wp-content\/uploads\/2021\/09\/logo-sentinelleSLOGAN-1.png","contentUrl":"https:\/\/lasentinelle.dz\/wp-content\/uploads\/2021\/09\/logo-sentinelleSLOGAN-1.png","width":615,"height":142,"caption":"Quotidien La Sentinelle"},"image":{"@id":"https:\/\/lasentinelle.dz\/#\/schema\/logo\/image\/"},"sameAs":["https:\/\/www.facebook.com\/La-Sentinelle-104059864394773"]},{"@type":"Person","@id":"https:\/\/lasentinelle.dz\/#\/schema\/person\/d865044e22e70a75174ce8bcad3acfb3","name":"La Sentinelle","image":{"@type":"ImageObject","inLanguage":"fr-FR","@id":"https:\/\/secure.gravatar.com\/avatar\/57de8e5d4b15d43fb361a71fbb36338450fe67865b528a43dd10ef7c51a20392?s=96&d=mm&r=g","url":"https:\/\/secure.gravatar.com\/avatar\/57de8e5d4b15d43fb361a71fbb36338450fe67865b528a43dd10ef7c51a20392?s=96&d=mm&r=g","contentUrl":"https:\/\/secure.gravatar.com\/avatar\/57de8e5d4b15d43fb361a71fbb36338450fe67865b528a43dd10ef7c51a20392?s=96&d=mm&r=g","caption":"La Sentinelle"},"sameAs":["http:\/\/www.lasentinelle.dz"],"url":"https:\/\/lasentinelle.dz\/author\/redaction\/"}]}},"_links":{"self":[{"href":"https:\/\/lasentinelle.dz\/index.php\/wp-json\/wp\/v2\/posts\/48092","targetHints":{"allow":["GET"]}}],"collection":[{"href":"https:\/\/lasentinelle.dz\/index.php\/wp-json\/wp\/v2\/posts"}],"about":[{"href":"https:\/\/lasentinelle.dz\/index.php\/wp-json\/wp\/v2\/types\/post"}],"author":[{"embeddable":true,"href":"https:\/\/lasentinelle.dz\/index.php\/wp-json\/wp\/v2\/users\/3"}],"replies":[{"embeddable":true,"href":"https:\/\/lasentinelle.dz\/index.php\/wp-json\/wp\/v2\/comments?post=48092"}],"version-history":[{"count":2,"href":"https:\/\/lasentinelle.dz\/index.php\/wp-json\/wp\/v2\/posts\/48092\/revisions"}],"predecessor-version":[{"id":48094,"href":"https:\/\/lasentinelle.dz\/index.php\/wp-json\/wp\/v2\/posts\/48092\/revisions\/48094"}],"wp:featuredmedia":[{"embeddable":true,"href":"https:\/\/lasentinelle.dz\/index.php\/wp-json\/wp\/v2\/media\/47813"}],"wp:attachment":[{"href":"https:\/\/lasentinelle.dz\/index.php\/wp-json\/wp\/v2\/media?parent=48092"}],"wp:term":[{"taxonomy":"category","embeddable":true,"href":"https:\/\/lasentinelle.dz\/index.php\/wp-json\/wp\/v2\/categories?post=48092"},{"taxonomy":"post_tag","embeddable":true,"href":"https:\/\/lasentinelle.dz\/index.php\/wp-json\/wp\/v2\/tags?post=48092"}],"curies":[{"name":"wp","href":"https:\/\/api.w.org\/{rel}","templated":true}]}}