{"id":48140,"date":"2023-12-22T12:02:54","date_gmt":"2023-12-22T11:02:54","guid":{"rendered":"https:\/\/lasentinelle.dz\/?p=48140"},"modified":"2023-12-22T12:02:58","modified_gmt":"2023-12-22T11:02:58","slug":"collectivites-locales-les-codes-de-la-commune-et-de-wilaya-fin-prets","status":"publish","type":"post","link":"https:\/\/lasentinelle.dz\/index.php\/2023\/12\/22\/collectivites-locales-les-codes-de-la-commune-et-de-wilaya-fin-prets\/","title":{"rendered":"Collectivit\u00e9s locales\u00a0: Les Codes de la commune et de wilaya fin-pr\u00eats"},"content":{"rendered":"\n<p>Les nouveaux codes de la commune et de wilaya sont fin-pr\u00eats et sont actuellement sur la table du Gouvernement. Consid\u00e9r\u00e9s comme prioritaires les deux textes doivent traduire la d\u00e9marche du pr\u00e9sident de la R\u00e9publique concernant la refonte de la gestion de la territoriale et qui doit placer les collectivit\u00e9s locales au c\u0153ur du d\u00e9veloppement \u00e9conomique.<\/p>\n\n\n\n<p>Les moutures finales du Code de la commune et celui de wilaya sont sur la table du Gouvernement. L\u2019Ex\u00e9cutif a, en effet, examin\u00e9 hier lors de sa r\u00e9union hebdomadaire, tenue sous la pr\u00e9sidence du Premier ministre, Nadir Larbaoui, les avant-projets de lois relatives \u00e0 la Commune et \u00e0 la Wilaya. Avant-projet de loi modifiant la loi mon\u00e9taire et bancaire \u00e9tait \u00e9galement \u00e0 l\u2019ordre du jour.<\/p>\n\n\n\n<p>Selon un communiqu\u00e9 des services du Premier ministre, \u00ab&nbsp;les projets de textes relatifs aux collectivit\u00e9s locales s\u2019inscrivent dans le cadre de la mise en \u0153uvre des engagements de Monsieur le Pr\u00e9sident de la R\u00e9publique visant le renforcement de la d\u00e9mocratie participative et le r\u00f4le \u00e9conomique des collectivit\u00e9s locales dans le d\u00e9veloppement et la diversification de l\u2019\u00e9conomie nationale ainsi que la r\u00e9forme du syst\u00e8me fiscal et financier au profit des collectivit\u00e9s locales dans le but de leur attribuer des ressources leur permettant de renforcer leur r\u00f4le \u00e9conomique et social&nbsp;\u00bb.<\/p>\n\n\n\n<p>Il est utile de rappeler dans ce contexte que la refonte des codes de la commune et de wilaya a \u00e9t\u00e9 lanc\u00e9e \u00e0 l\u2019automne 2022. Lors de la r\u00e9union Gouvernement-walis tenue au mois de septembre 2022, le pr\u00e9sident de la r\u00e9publique avait annonc\u00e9 la cr\u00e9ation d\u2019une commission charg\u00e9e de la r\u00e9vision des codes communal et de wilaya. Il avait alors pr\u00e9cis\u00e9 que cette commission plac\u00e9e sous l\u2019autorit\u00e9 du minist\u00e8re de l\u2019Int\u00e9rieur devait proposer \u00abde nouveaux textes de loi appuyant davantage la d\u00e9centralisation et en mesure de cr\u00e9er des richesses pour financer les collectivit\u00e9s locales \u00bb. Une commission qui a \u00e9t\u00e9 install\u00e9 un mois plus tard et qui planche depuis sur les deux textes qui doivent renforcer les pr\u00e9rogatives des walis et des \u00e9lus locaux, notamment celles des pr\u00e9sidents des assembl\u00e9es populaires communales. Cette refonte doit permettre d\u2019appuyer davantage la d\u00e9centralisation et de mettre les collectivit\u00e9s locales dans le c\u0153ur du d\u00e9veloppement \u00e9conomique nationale et de la promotion de l\u2019attractivit\u00e9 des territoires en les dotant des pr\u00e9rogatives et des m\u00e9canismes n\u00e9cessaires \u00e0 m\u00eame de g\u00e9n\u00e9rer des ressources fiscales et consolider leur financement. C\u2019est dans ce contexte, que ces deux textes doivent \u00e9galement s\u2019accompagner par une r\u00e9forme de la fiscalit\u00e9 locale. Notons que la refonte de ses textes entre dans le cadre de la d\u00e9marche entreprise par le pr\u00e9sident de la R\u00e9publique qui s&rsquo;est engag\u00e9 \u00e0 initier une r\u00e9forme globale de l&rsquo;organisation territoriale et de la gestion de l&rsquo;administration locale, avec pour objectif de d\u00e9finir avec pr\u00e9cision les comp\u00e9tences de l&rsquo;Etat et des collectivit\u00e9s locales dans un cadre compl\u00e9mentaire, en sus du renforcement du r\u00f4le \u00e9conomique des collectivit\u00e9s locales. Le ministre de l\u2019Int\u00e9rieur avait d\u2019ailleurs indiqu\u00e9 il y a quelques mois que l\u2019entr\u00e9e en vigueur de ces deux textes\u00a0\u00bb renforcera le r\u00f4le axial du wali et des assembl\u00e9es \u00e9lues communales et de wilaya dans la relance du d\u00e9veloppement\u00a0\u00bb.<\/p>\n\n\n\n<p><strong>Hocine Fadheli<\/strong><\/p>\n","protected":false},"excerpt":{"rendered":"<p>Les nouveaux codes de la commune et de wilaya sont fin-pr\u00eats et sont actuellement sur la table du Gouvernement. Consid\u00e9r\u00e9s<\/p>\n","protected":false},"author":3,"featured_media":37675,"comment_status":"open","ping_status":"closed","sticky":false,"template":"","format":"standard","meta":{"colormag_page_container_layout":"default_layout","colormag_page_sidebar_layout":"default_layout","om_disable_all_campaigns":false,"_monsterinsights_skip_tracking":false,"_monsterinsights_sitenote_active":false,"_monsterinsights_sitenote_note":"","_monsterinsights_sitenote_category":0,"footnotes":"","_wpscppro_dont_share_socialmedia":false,"_wpscppro_custom_social_share_image":0,"_facebook_share_type":"","_twitter_share_type":"","_linkedin_share_type":"","_pinterest_share_type":"","_linkedin_share_type_page":"","_instagram_share_type":"","_medium_share_type":"","_threads_share_type":"","_google_business_share_type":"","_selected_social_profile":[],"_wpsp_enable_custom_social_template":false,"_wpsp_social_scheduling":{"enabled":false,"datetime":null,"platforms":[],"status":"template_only","dateOption":"today","timeOption":"now","customDays":"","customHours":"","customDate":"","customTime":"","schedulingType":"absolute"},"_wpsp_active_default_template":true},"categories":[52,27],"tags":[],"class_list":["post-48140","post","type-post","status-publish","format-standard","has-post-thumbnail","hentry","category-a-la-une","category-actualite"],"aioseo_notices":[],"yoast_head":"<!-- This site is optimized with the Yoast SEO plugin v27.5 - https:\/\/yoast.com\/product\/yoast-seo-wordpress\/ -->\n<title>Collectivit\u00e9s locales\u00a0: Les Codes de la commune et de wilaya fin-pr\u00eats - La Sentinelle<\/title>\n<meta name=\"robots\" content=\"index, follow, max-snippet:-1, max-image-preview:large, max-video-preview:-1\" \/>\n<link rel=\"canonical\" href=\"https:\/\/lasentinelle.dz\/index.php\/2023\/12\/22\/collectivites-locales-les-codes-de-la-commune-et-de-wilaya-fin-prets\/\" \/>\n<meta property=\"og:locale\" content=\"fr_FR\" \/>\n<meta property=\"og:type\" content=\"article\" \/>\n<meta property=\"og:title\" content=\"Collectivit\u00e9s locales\u00a0: Les Codes de la commune et de wilaya fin-pr\u00eats - La Sentinelle\" \/>\n<meta property=\"og:description\" content=\"Les nouveaux codes de la commune et de wilaya sont fin-pr\u00eats et sont actuellement sur la table du Gouvernement. Consid\u00e9r\u00e9s\" \/>\n<meta property=\"og:url\" content=\"https:\/\/lasentinelle.dz\/index.php\/2023\/12\/22\/collectivites-locales-les-codes-de-la-commune-et-de-wilaya-fin-prets\/\" \/>\n<meta property=\"og:site_name\" content=\"La Sentinelle\" \/>\n<meta property=\"article:publisher\" content=\"https:\/\/www.facebook.com\/La-Sentinelle-104059864394773\" \/>\n<meta property=\"article:published_time\" content=\"2023-12-22T11:02:54+00:00\" \/>\n<meta property=\"article:modified_time\" content=\"2023-12-22T11:02:58+00:00\" \/>\n<meta property=\"og:image\" content=\"https:\/\/lasentinelle.dz\/wp-content\/uploads\/2023\/03\/APC-annaba.png\" \/>\n\t<meta property=\"og:image:width\" content=\"1351\" \/>\n\t<meta property=\"og:image:height\" content=\"900\" \/>\n\t<meta property=\"og:image:type\" content=\"image\/png\" \/>\n<meta name=\"author\" content=\"La Sentinelle\" \/>\n<meta name=\"twitter:card\" content=\"summary_large_image\" \/>\n<meta name=\"twitter:label1\" content=\"\u00c9crit par\" \/>\n\t<meta name=\"twitter:data1\" content=\"La Sentinelle\" \/>\n\t<meta name=\"twitter:label2\" content=\"Dur\u00e9e de lecture estim\u00e9e\" \/>\n\t<meta name=\"twitter:data2\" content=\"3 minutes\" \/>\n<script type=\"application\/ld+json\" class=\"yoast-schema-graph\">{\"@context\":\"https:\\\/\\\/schema.org\",\"@graph\":[{\"@type\":\"Article\",\"@id\":\"https:\\\/\\\/lasentinelle.dz\\\/index.php\\\/2023\\\/12\\\/22\\\/collectivites-locales-les-codes-de-la-commune-et-de-wilaya-fin-prets\\\/#article\",\"isPartOf\":{\"@id\":\"https:\\\/\\\/lasentinelle.dz\\\/index.php\\\/2023\\\/12\\\/22\\\/collectivites-locales-les-codes-de-la-commune-et-de-wilaya-fin-prets\\\/\"},\"author\":{\"name\":\"La Sentinelle\",\"@id\":\"https:\\\/\\\/lasentinelle.dz\\\/#\\\/schema\\\/person\\\/d865044e22e70a75174ce8bcad3acfb3\"},\"headline\":\"Collectivit\u00e9s locales\u00a0: Les Codes de la commune et de wilaya fin-pr\u00eats\",\"datePublished\":\"2023-12-22T11:02:54+00:00\",\"dateModified\":\"2023-12-22T11:02:58+00:00\",\"mainEntityOfPage\":{\"@id\":\"https:\\\/\\\/lasentinelle.dz\\\/index.php\\\/2023\\\/12\\\/22\\\/collectivites-locales-les-codes-de-la-commune-et-de-wilaya-fin-prets\\\/\"},\"wordCount\":609,\"commentCount\":0,\"publisher\":{\"@id\":\"https:\\\/\\\/lasentinelle.dz\\\/#organization\"},\"image\":{\"@id\":\"https:\\\/\\\/lasentinelle.dz\\\/index.php\\\/2023\\\/12\\\/22\\\/collectivites-locales-les-codes-de-la-commune-et-de-wilaya-fin-prets\\\/#primaryimage\"},\"thumbnailUrl\":\"https:\\\/\\\/lasentinelle.dz\\\/wp-content\\\/uploads\\\/2023\\\/03\\\/APC-annaba.png\",\"articleSection\":[\"\u00c0 la Une\",\"Actualit\u00e9\"],\"inLanguage\":\"fr-FR\",\"potentialAction\":[{\"@type\":\"CommentAction\",\"name\":\"Comment\",\"target\":[\"https:\\\/\\\/lasentinelle.dz\\\/index.php\\\/2023\\\/12\\\/22\\\/collectivites-locales-les-codes-de-la-commune-et-de-wilaya-fin-prets\\\/#respond\"]}]},{\"@type\":\"WebPage\",\"@id\":\"https:\\\/\\\/lasentinelle.dz\\\/index.php\\\/2023\\\/12\\\/22\\\/collectivites-locales-les-codes-de-la-commune-et-de-wilaya-fin-prets\\\/\",\"url\":\"https:\\\/\\\/lasentinelle.dz\\\/index.php\\\/2023\\\/12\\\/22\\\/collectivites-locales-les-codes-de-la-commune-et-de-wilaya-fin-prets\\\/\",\"name\":\"Collectivit\u00e9s locales\u00a0: Les Codes de la commune et de wilaya fin-pr\u00eats - La Sentinelle\",\"isPartOf\":{\"@id\":\"https:\\\/\\\/lasentinelle.dz\\\/#website\"},\"primaryImageOfPage\":{\"@id\":\"https:\\\/\\\/lasentinelle.dz\\\/index.php\\\/2023\\\/12\\\/22\\\/collectivites-locales-les-codes-de-la-commune-et-de-wilaya-fin-prets\\\/#primaryimage\"},\"image\":{\"@id\":\"https:\\\/\\\/lasentinelle.dz\\\/index.php\\\/2023\\\/12\\\/22\\\/collectivites-locales-les-codes-de-la-commune-et-de-wilaya-fin-prets\\\/#primaryimage\"},\"thumbnailUrl\":\"https:\\\/\\\/lasentinelle.dz\\\/wp-content\\\/uploads\\\/2023\\\/03\\\/APC-annaba.png\",\"datePublished\":\"2023-12-22T11:02:54+00:00\",\"dateModified\":\"2023-12-22T11:02:58+00:00\",\"breadcrumb\":{\"@id\":\"https:\\\/\\\/lasentinelle.dz\\\/index.php\\\/2023\\\/12\\\/22\\\/collectivites-locales-les-codes-de-la-commune-et-de-wilaya-fin-prets\\\/#breadcrumb\"},\"inLanguage\":\"fr-FR\",\"potentialAction\":[{\"@type\":\"ReadAction\",\"target\":[\"https:\\\/\\\/lasentinelle.dz\\\/index.php\\\/2023\\\/12\\\/22\\\/collectivites-locales-les-codes-de-la-commune-et-de-wilaya-fin-prets\\\/\"]}]},{\"@type\":\"ImageObject\",\"inLanguage\":\"fr-FR\",\"@id\":\"https:\\\/\\\/lasentinelle.dz\\\/index.php\\\/2023\\\/12\\\/22\\\/collectivites-locales-les-codes-de-la-commune-et-de-wilaya-fin-prets\\\/#primaryimage\",\"url\":\"https:\\\/\\\/lasentinelle.dz\\\/wp-content\\\/uploads\\\/2023\\\/03\\\/APC-annaba.png\",\"contentUrl\":\"https:\\\/\\\/lasentinelle.dz\\\/wp-content\\\/uploads\\\/2023\\\/03\\\/APC-annaba.png\",\"width\":1351,\"height\":900},{\"@type\":\"BreadcrumbList\",\"@id\":\"https:\\\/\\\/lasentinelle.dz\\\/index.php\\\/2023\\\/12\\\/22\\\/collectivites-locales-les-codes-de-la-commune-et-de-wilaya-fin-prets\\\/#breadcrumb\",\"itemListElement\":[{\"@type\":\"ListItem\",\"position\":1,\"name\":\"Accueil\",\"item\":\"https:\\\/\\\/lasentinelle.dz\\\/\"},{\"@type\":\"ListItem\",\"position\":2,\"name\":\"Collectivit\u00e9s locales\u00a0: Les Codes de la commune et de wilaya fin-pr\u00eats\"}]},{\"@type\":\"WebSite\",\"@id\":\"https:\\\/\\\/lasentinelle.dz\\\/#website\",\"url\":\"https:\\\/\\\/lasentinelle.dz\\\/\",\"name\":\"La Sentinelle\",\"description\":\"Quotidien national d&#039;information\",\"publisher\":{\"@id\":\"https:\\\/\\\/lasentinelle.dz\\\/#organization\"},\"potentialAction\":[{\"@type\":\"SearchAction\",\"target\":{\"@type\":\"EntryPoint\",\"urlTemplate\":\"https:\\\/\\\/lasentinelle.dz\\\/?s={search_term_string}\"},\"query-input\":{\"@type\":\"PropertyValueSpecification\",\"valueRequired\":true,\"valueName\":\"search_term_string\"}}],\"inLanguage\":\"fr-FR\"},{\"@type\":\"Organization\",\"@id\":\"https:\\\/\\\/lasentinelle.dz\\\/#organization\",\"name\":\"Quotidien La Sentinelle\",\"url\":\"https:\\\/\\\/lasentinelle.dz\\\/\",\"logo\":{\"@type\":\"ImageObject\",\"inLanguage\":\"fr-FR\",\"@id\":\"https:\\\/\\\/lasentinelle.dz\\\/#\\\/schema\\\/logo\\\/image\\\/\",\"url\":\"https:\\\/\\\/lasentinelle.dz\\\/wp-content\\\/uploads\\\/2021\\\/09\\\/logo-sentinelleSLOGAN-1.png\",\"contentUrl\":\"https:\\\/\\\/lasentinelle.dz\\\/wp-content\\\/uploads\\\/2021\\\/09\\\/logo-sentinelleSLOGAN-1.png\",\"width\":615,\"height\":142,\"caption\":\"Quotidien La Sentinelle\"},\"image\":{\"@id\":\"https:\\\/\\\/lasentinelle.dz\\\/#\\\/schema\\\/logo\\\/image\\\/\"},\"sameAs\":[\"https:\\\/\\\/www.facebook.com\\\/La-Sentinelle-104059864394773\"]},{\"@type\":\"Person\",\"@id\":\"https:\\\/\\\/lasentinelle.dz\\\/#\\\/schema\\\/person\\\/d865044e22e70a75174ce8bcad3acfb3\",\"name\":\"La Sentinelle\",\"image\":{\"@type\":\"ImageObject\",\"inLanguage\":\"fr-FR\",\"@id\":\"https:\\\/\\\/secure.gravatar.com\\\/avatar\\\/57de8e5d4b15d43fb361a71fbb36338450fe67865b528a43dd10ef7c51a20392?s=96&d=mm&r=g\",\"url\":\"https:\\\/\\\/secure.gravatar.com\\\/avatar\\\/57de8e5d4b15d43fb361a71fbb36338450fe67865b528a43dd10ef7c51a20392?s=96&d=mm&r=g\",\"contentUrl\":\"https:\\\/\\\/secure.gravatar.com\\\/avatar\\\/57de8e5d4b15d43fb361a71fbb36338450fe67865b528a43dd10ef7c51a20392?s=96&d=mm&r=g\",\"caption\":\"La Sentinelle\"},\"sameAs\":[\"http:\\\/\\\/www.lasentinelle.dz\"],\"url\":\"https:\\\/\\\/lasentinelle.dz\\\/author\\\/redaction\\\/\"}]}<\/script>\n<!-- \/ Yoast SEO plugin. -->","yoast_head_json":{"title":"Collectivit\u00e9s locales\u00a0: Les Codes de la commune et de wilaya fin-pr\u00eats - La Sentinelle","robots":{"index":"index","follow":"follow","max-snippet":"max-snippet:-1","max-image-preview":"max-image-preview:large","max-video-preview":"max-video-preview:-1"},"canonical":"https:\/\/lasentinelle.dz\/index.php\/2023\/12\/22\/collectivites-locales-les-codes-de-la-commune-et-de-wilaya-fin-prets\/","og_locale":"fr_FR","og_type":"article","og_title":"Collectivit\u00e9s locales\u00a0: Les Codes de la commune et de wilaya fin-pr\u00eats - La Sentinelle","og_description":"Les nouveaux codes de la commune et de wilaya sont fin-pr\u00eats et sont actuellement sur la table du Gouvernement. Consid\u00e9r\u00e9s","og_url":"https:\/\/lasentinelle.dz\/index.php\/2023\/12\/22\/collectivites-locales-les-codes-de-la-commune-et-de-wilaya-fin-prets\/","og_site_name":"La Sentinelle","article_publisher":"https:\/\/www.facebook.com\/La-Sentinelle-104059864394773","article_published_time":"2023-12-22T11:02:54+00:00","article_modified_time":"2023-12-22T11:02:58+00:00","og_image":[{"width":1351,"height":900,"url":"https:\/\/lasentinelle.dz\/wp-content\/uploads\/2023\/03\/APC-annaba.png","type":"image\/png"}],"author":"La Sentinelle","twitter_card":"summary_large_image","twitter_misc":{"\u00c9crit par":"La Sentinelle","Dur\u00e9e de lecture estim\u00e9e":"3 minutes"},"schema":{"@context":"https:\/\/schema.org","@graph":[{"@type":"Article","@id":"https:\/\/lasentinelle.dz\/index.php\/2023\/12\/22\/collectivites-locales-les-codes-de-la-commune-et-de-wilaya-fin-prets\/#article","isPartOf":{"@id":"https:\/\/lasentinelle.dz\/index.php\/2023\/12\/22\/collectivites-locales-les-codes-de-la-commune-et-de-wilaya-fin-prets\/"},"author":{"name":"La Sentinelle","@id":"https:\/\/lasentinelle.dz\/#\/schema\/person\/d865044e22e70a75174ce8bcad3acfb3"},"headline":"Collectivit\u00e9s locales\u00a0: Les Codes de la commune et de wilaya fin-pr\u00eats","datePublished":"2023-12-22T11:02:54+00:00","dateModified":"2023-12-22T11:02:58+00:00","mainEntityOfPage":{"@id":"https:\/\/lasentinelle.dz\/index.php\/2023\/12\/22\/collectivites-locales-les-codes-de-la-commune-et-de-wilaya-fin-prets\/"},"wordCount":609,"commentCount":0,"publisher":{"@id":"https:\/\/lasentinelle.dz\/#organization"},"image":{"@id":"https:\/\/lasentinelle.dz\/index.php\/2023\/12\/22\/collectivites-locales-les-codes-de-la-commune-et-de-wilaya-fin-prets\/#primaryimage"},"thumbnailUrl":"https:\/\/lasentinelle.dz\/wp-content\/uploads\/2023\/03\/APC-annaba.png","articleSection":["\u00c0 la Une","Actualit\u00e9"],"inLanguage":"fr-FR","potentialAction":[{"@type":"CommentAction","name":"Comment","target":["https:\/\/lasentinelle.dz\/index.php\/2023\/12\/22\/collectivites-locales-les-codes-de-la-commune-et-de-wilaya-fin-prets\/#respond"]}]},{"@type":"WebPage","@id":"https:\/\/lasentinelle.dz\/index.php\/2023\/12\/22\/collectivites-locales-les-codes-de-la-commune-et-de-wilaya-fin-prets\/","url":"https:\/\/lasentinelle.dz\/index.php\/2023\/12\/22\/collectivites-locales-les-codes-de-la-commune-et-de-wilaya-fin-prets\/","name":"Collectivit\u00e9s locales\u00a0: Les Codes de la commune et de wilaya fin-pr\u00eats - La Sentinelle","isPartOf":{"@id":"https:\/\/lasentinelle.dz\/#website"},"primaryImageOfPage":{"@id":"https:\/\/lasentinelle.dz\/index.php\/2023\/12\/22\/collectivites-locales-les-codes-de-la-commune-et-de-wilaya-fin-prets\/#primaryimage"},"image":{"@id":"https:\/\/lasentinelle.dz\/index.php\/2023\/12\/22\/collectivites-locales-les-codes-de-la-commune-et-de-wilaya-fin-prets\/#primaryimage"},"thumbnailUrl":"https:\/\/lasentinelle.dz\/wp-content\/uploads\/2023\/03\/APC-annaba.png","datePublished":"2023-12-22T11:02:54+00:00","dateModified":"2023-12-22T11:02:58+00:00","breadcrumb":{"@id":"https:\/\/lasentinelle.dz\/index.php\/2023\/12\/22\/collectivites-locales-les-codes-de-la-commune-et-de-wilaya-fin-prets\/#breadcrumb"},"inLanguage":"fr-FR","potentialAction":[{"@type":"ReadAction","target":["https:\/\/lasentinelle.dz\/index.php\/2023\/12\/22\/collectivites-locales-les-codes-de-la-commune-et-de-wilaya-fin-prets\/"]}]},{"@type":"ImageObject","inLanguage":"fr-FR","@id":"https:\/\/lasentinelle.dz\/index.php\/2023\/12\/22\/collectivites-locales-les-codes-de-la-commune-et-de-wilaya-fin-prets\/#primaryimage","url":"https:\/\/lasentinelle.dz\/wp-content\/uploads\/2023\/03\/APC-annaba.png","contentUrl":"https:\/\/lasentinelle.dz\/wp-content\/uploads\/2023\/03\/APC-annaba.png","width":1351,"height":900},{"@type":"BreadcrumbList","@id":"https:\/\/lasentinelle.dz\/index.php\/2023\/12\/22\/collectivites-locales-les-codes-de-la-commune-et-de-wilaya-fin-prets\/#breadcrumb","itemListElement":[{"@type":"ListItem","position":1,"name":"Accueil","item":"https:\/\/lasentinelle.dz\/"},{"@type":"ListItem","position":2,"name":"Collectivit\u00e9s locales\u00a0: Les Codes de la commune et de wilaya fin-pr\u00eats"}]},{"@type":"WebSite","@id":"https:\/\/lasentinelle.dz\/#website","url":"https:\/\/lasentinelle.dz\/","name":"La Sentinelle","description":"Quotidien national d&#039;information","publisher":{"@id":"https:\/\/lasentinelle.dz\/#organization"},"potentialAction":[{"@type":"SearchAction","target":{"@type":"EntryPoint","urlTemplate":"https:\/\/lasentinelle.dz\/?s={search_term_string}"},"query-input":{"@type":"PropertyValueSpecification","valueRequired":true,"valueName":"search_term_string"}}],"inLanguage":"fr-FR"},{"@type":"Organization","@id":"https:\/\/lasentinelle.dz\/#organization","name":"Quotidien La Sentinelle","url":"https:\/\/lasentinelle.dz\/","logo":{"@type":"ImageObject","inLanguage":"fr-FR","@id":"https:\/\/lasentinelle.dz\/#\/schema\/logo\/image\/","url":"https:\/\/lasentinelle.dz\/wp-content\/uploads\/2021\/09\/logo-sentinelleSLOGAN-1.png","contentUrl":"https:\/\/lasentinelle.dz\/wp-content\/uploads\/2021\/09\/logo-sentinelleSLOGAN-1.png","width":615,"height":142,"caption":"Quotidien La Sentinelle"},"image":{"@id":"https:\/\/lasentinelle.dz\/#\/schema\/logo\/image\/"},"sameAs":["https:\/\/www.facebook.com\/La-Sentinelle-104059864394773"]},{"@type":"Person","@id":"https:\/\/lasentinelle.dz\/#\/schema\/person\/d865044e22e70a75174ce8bcad3acfb3","name":"La Sentinelle","image":{"@type":"ImageObject","inLanguage":"fr-FR","@id":"https:\/\/secure.gravatar.com\/avatar\/57de8e5d4b15d43fb361a71fbb36338450fe67865b528a43dd10ef7c51a20392?s=96&d=mm&r=g","url":"https:\/\/secure.gravatar.com\/avatar\/57de8e5d4b15d43fb361a71fbb36338450fe67865b528a43dd10ef7c51a20392?s=96&d=mm&r=g","contentUrl":"https:\/\/secure.gravatar.com\/avatar\/57de8e5d4b15d43fb361a71fbb36338450fe67865b528a43dd10ef7c51a20392?s=96&d=mm&r=g","caption":"La Sentinelle"},"sameAs":["http:\/\/www.lasentinelle.dz"],"url":"https:\/\/lasentinelle.dz\/author\/redaction\/"}]}},"_links":{"self":[{"href":"https:\/\/lasentinelle.dz\/index.php\/wp-json\/wp\/v2\/posts\/48140","targetHints":{"allow":["GET"]}}],"collection":[{"href":"https:\/\/lasentinelle.dz\/index.php\/wp-json\/wp\/v2\/posts"}],"about":[{"href":"https:\/\/lasentinelle.dz\/index.php\/wp-json\/wp\/v2\/types\/post"}],"author":[{"embeddable":true,"href":"https:\/\/lasentinelle.dz\/index.php\/wp-json\/wp\/v2\/users\/3"}],"replies":[{"embeddable":true,"href":"https:\/\/lasentinelle.dz\/index.php\/wp-json\/wp\/v2\/comments?post=48140"}],"version-history":[{"count":1,"href":"https:\/\/lasentinelle.dz\/index.php\/wp-json\/wp\/v2\/posts\/48140\/revisions"}],"predecessor-version":[{"id":48141,"href":"https:\/\/lasentinelle.dz\/index.php\/wp-json\/wp\/v2\/posts\/48140\/revisions\/48141"}],"wp:featuredmedia":[{"embeddable":true,"href":"https:\/\/lasentinelle.dz\/index.php\/wp-json\/wp\/v2\/media\/37675"}],"wp:attachment":[{"href":"https:\/\/lasentinelle.dz\/index.php\/wp-json\/wp\/v2\/media?parent=48140"}],"wp:term":[{"taxonomy":"category","embeddable":true,"href":"https:\/\/lasentinelle.dz\/index.php\/wp-json\/wp\/v2\/categories?post=48140"},{"taxonomy":"post_tag","embeddable":true,"href":"https:\/\/lasentinelle.dz\/index.php\/wp-json\/wp\/v2\/tags?post=48140"}],"curies":[{"name":"wp","href":"https:\/\/api.w.org\/{rel}","templated":true}]}}