{"id":48223,"date":"2023-12-25T15:11:34","date_gmt":"2023-12-25T14:11:34","guid":{"rendered":"https:\/\/lasentinelle.dz\/?p=48223"},"modified":"2023-12-25T15:11:39","modified_gmt":"2023-12-25T14:11:39","slug":"mis-en-place-apres-le-seisme-de-boumerdes-tous-les-chalets-seront-demolis-avant-la-fin-2024","status":"publish","type":"post","link":"https:\/\/lasentinelle.dz\/index.php\/2023\/12\/25\/mis-en-place-apres-le-seisme-de-boumerdes-tous-les-chalets-seront-demolis-avant-la-fin-2024\/","title":{"rendered":"Mis en place apr\u00e8s le s\u00e9isme de Boumerdes\u00a0: Tous les chalets seront d\u00e9molis avant la fin 2024"},"content":{"rendered":"\n<p>Le taux d\u2019\u00e9radication des chalets install\u00e9s \u00e0 travers la wilaya de Boumerdes au lendemain du s\u00e9isme du 21 mai 2003, est actuellement estim\u00e9 \u00e0 88%. Le coordinateur des programmes \u00e0 la direction du logement, Zahi Amar a indiqu\u00e9 hier \u00e0 l\u2019APS en marge d\u2019une op\u00e9ration de remise de cl\u00e9s et de relogement de 240 familles dans la commune de Si Mustaph, que \u00ab\u00a0ce taux repr\u00e9sente 13.624 chalets d\u00e9molis \u00e0 ce jour, sur un total de 14.917 unit\u00e9s install\u00e9es sur 96 sites \u00e0 travers 28 communes de la wilaya au lendemain du s\u00e9isme de 2003\u00a0\u00bb.Les chalets restants, au nombre de 1293 (plus de 8%) sur deux sites de la wilaya, \u00ab\u00a0seront d\u00e9molis progressivement selon un calendrier fixe, dont le d\u00e9lai ne d\u00e9passera pas la fin 2024\u00a0\u00bb, a-t-il ajout\u00e9, estimant cette \u00e9ch\u00e9ance est \u00ab\u00a0r\u00e9alisable\u00a0\u00bb, au vu de \u00ab\u00a0l\u2019\u00e9tat d\u2019avancement des travaux de r\u00e9alisation des projets de logements dans la wilaya\u00a0\u00bb.Le responsable a pr\u00e9cis\u00e9 que \u00ab\u00a0l\u2019\u00e9ch\u00e9ance fix\u00e9e pour l\u2019\u00e9radication totale de ces chalets, dont la d\u00e9molition a \u00e9t\u00e9 officiellement entam\u00e9e \u00e0 la fin 2016, co\u00efncidera avec le parach\u00e8vement des projets de logements destin\u00e9s \u00e0 l\u2019\u00e9radication des chalets, \u00e0 travers la wilaya, soit pr\u00e8s de 6700 unit\u00e9s actuellement en cours de r\u00e9alisation\u00a0\u00bb. A ce jour, la wilaya a enregistr\u00e9 le relogement d\u2019une population globale de plus de 40.000 \u00e2mes, \u00e0 travers 20 communes, avec la r\u00e9cup\u00e9ration d\u2019un foncier de plus de 800 ha, destin\u00e9 \u00e0 l\u2019implantation de programmes de logements et d\u2019\u00e9quipements publics.La r\u00e9alisation de ces logements destin\u00e9s \u00e0 l\u2019\u00e9radication des chalets, s\u2019inscrit au titre d\u2019un programme global de 126.261 unit\u00e9s, toutes formules confondues, affect\u00e9es \u00e0 la wilaya de Boumerdes depuis 2002, dont 92.924 unit\u00e9s, soit un taux de 60%, concr\u00e9tis\u00e9es, a-t-il fait savoir.Quelque 26.881 autres unit\u00e9s sont en cours de r\u00e9alisation, tandis que 5.036 sont en cours de lancement et 3.600 accusent un retard dans leur lancement, en raison \u00ab\u00a0d\u2019un d\u00e9ficit en foncier\u00a0\u00bb, notamment, selon le m\u00eame responsable. A cela s\u2019ajoutent pr\u00e8s de 30.000 aides \u00e0 la construction rurale, dont 24.000 d\u00e9j\u00e0 concr\u00e9tis\u00e9es et le reste en cours de r\u00e9alisation. A noter la distribution attendue, durant l\u2019ann\u00e9e 2024, \u00e0 Boumerdes, de pas moins de 6.627 logements de diff\u00e9rentes formules, dont une partie destin\u00e9e aux r\u00e9sidents des chalets \u00e0 \u00e9radiquer. Pour rappel, plus de 14.900 chalets ont \u00e9t\u00e9 mis en place pour reloger de mani\u00e8re temporaire les sinistr\u00e9s du s\u00e9isme du 21 mai 2023 et qui a fait 1.391 morts et 3.444 bless\u00e9s, outre des d\u00e9g\u00e2ts mat\u00e9riels consid\u00e9rables estim\u00e9s \u00e0 plus de trois milliards de dollars. Le tremblement de terre dont l&rsquo;\u00e9picentre a \u00e9t\u00e9 localis\u00e9 dans la r\u00e9gion de Zemmouri El Bahri, avait endommag\u00e9 pr\u00e8s de 100.000 habitations, dont plus de 10.000 furent compl\u00e8tement d\u00e9truites, au m\u00eame titre qu\u2019une multitude d\u2019\u00e9quipements publics et mobiliers urbains vitaux, dont la destruction avait quelque peu paralys\u00e9 la vie \u00e0 Boumerdes.<\/p>\n\n\n\n<p>R.N.<\/p>\n","protected":false},"excerpt":{"rendered":"<p>Le taux d\u2019\u00e9radication des chalets install\u00e9s \u00e0 travers la wilaya de Boumerdes au lendemain du s\u00e9isme du 21 mai 2003,<\/p>\n","protected":false},"author":3,"featured_media":48224,"comment_status":"open","ping_status":"closed","sticky":false,"template":"","format":"standard","meta":{"colormag_page_container_layout":"default_layout","colormag_page_sidebar_layout":"default_layout","om_disable_all_campaigns":false,"_monsterinsights_skip_tracking":false,"_monsterinsights_sitenote_active":false,"_monsterinsights_sitenote_note":"","_monsterinsights_sitenote_category":0,"footnotes":"","_wpscppro_dont_share_socialmedia":false,"_wpscppro_custom_social_share_image":0,"_facebook_share_type":"","_twitter_share_type":"","_linkedin_share_type":"","_pinterest_share_type":"","_linkedin_share_type_page":"","_instagram_share_type":"","_medium_share_type":"","_threads_share_type":"","_google_business_share_type":"","_selected_social_profile":[],"_wpsp_enable_custom_social_template":false,"_wpsp_social_scheduling":{"enabled":false,"datetime":null,"platforms":[],"status":"template_only","dateOption":"today","timeOption":"now","customDays":"","customHours":"","customDate":"","customTime":"","schedulingType":"absolute"},"_wpsp_active_default_template":true},"categories":[27],"tags":[],"class_list":["post-48223","post","type-post","status-publish","format-standard","has-post-thumbnail","hentry","category-actualite"],"aioseo_notices":[],"yoast_head":"<!-- This site is optimized with the Yoast SEO plugin v27.5 - https:\/\/yoast.com\/product\/yoast-seo-wordpress\/ -->\n<title>Mis en place apr\u00e8s le s\u00e9isme de Boumerdes\u00a0: Tous les chalets seront d\u00e9molis avant la fin 2024 - La Sentinelle<\/title>\n<meta name=\"robots\" content=\"index, follow, max-snippet:-1, max-image-preview:large, max-video-preview:-1\" \/>\n<link rel=\"canonical\" href=\"https:\/\/lasentinelle.dz\/index.php\/2023\/12\/25\/mis-en-place-apres-le-seisme-de-boumerdes-tous-les-chalets-seront-demolis-avant-la-fin-2024\/\" \/>\n<meta property=\"og:locale\" content=\"fr_FR\" \/>\n<meta property=\"og:type\" content=\"article\" \/>\n<meta property=\"og:title\" content=\"Mis en place apr\u00e8s le s\u00e9isme de Boumerdes\u00a0: Tous les chalets seront d\u00e9molis avant la fin 2024 - La Sentinelle\" \/>\n<meta property=\"og:description\" content=\"Le taux d\u2019\u00e9radication des chalets install\u00e9s \u00e0 travers la wilaya de Boumerdes au lendemain du s\u00e9isme du 21 mai 2003,\" \/>\n<meta property=\"og:url\" content=\"https:\/\/lasentinelle.dz\/index.php\/2023\/12\/25\/mis-en-place-apres-le-seisme-de-boumerdes-tous-les-chalets-seront-demolis-avant-la-fin-2024\/\" \/>\n<meta property=\"og:site_name\" content=\"La Sentinelle\" \/>\n<meta property=\"article:publisher\" content=\"https:\/\/www.facebook.com\/La-Sentinelle-104059864394773\" \/>\n<meta property=\"article:published_time\" content=\"2023-12-25T14:11:34+00:00\" \/>\n<meta property=\"article:modified_time\" content=\"2023-12-25T14:11:39+00:00\" \/>\n<meta property=\"og:image\" content=\"https:\/\/lasentinelle.dz\/wp-content\/uploads\/2023\/12\/chalets-.jpeg\" \/>\n\t<meta property=\"og:image:width\" content=\"580\" \/>\n\t<meta property=\"og:image:height\" content=\"430\" \/>\n\t<meta property=\"og:image:type\" content=\"image\/jpeg\" \/>\n<meta name=\"author\" content=\"La Sentinelle\" \/>\n<meta name=\"twitter:card\" content=\"summary_large_image\" \/>\n<meta name=\"twitter:label1\" content=\"\u00c9crit par\" \/>\n\t<meta name=\"twitter:data1\" content=\"La Sentinelle\" \/>\n\t<meta name=\"twitter:label2\" content=\"Dur\u00e9e de lecture estim\u00e9e\" \/>\n\t<meta name=\"twitter:data2\" content=\"3 minutes\" \/>\n<script type=\"application\/ld+json\" class=\"yoast-schema-graph\">{\"@context\":\"https:\\\/\\\/schema.org\",\"@graph\":[{\"@type\":\"Article\",\"@id\":\"https:\\\/\\\/lasentinelle.dz\\\/index.php\\\/2023\\\/12\\\/25\\\/mis-en-place-apres-le-seisme-de-boumerdes-tous-les-chalets-seront-demolis-avant-la-fin-2024\\\/#article\",\"isPartOf\":{\"@id\":\"https:\\\/\\\/lasentinelle.dz\\\/index.php\\\/2023\\\/12\\\/25\\\/mis-en-place-apres-le-seisme-de-boumerdes-tous-les-chalets-seront-demolis-avant-la-fin-2024\\\/\"},\"author\":{\"name\":\"La Sentinelle\",\"@id\":\"https:\\\/\\\/lasentinelle.dz\\\/#\\\/schema\\\/person\\\/d865044e22e70a75174ce8bcad3acfb3\"},\"headline\":\"Mis en place apr\u00e8s le s\u00e9isme de Boumerdes\u00a0: Tous les chalets seront d\u00e9molis avant la fin 2024\",\"datePublished\":\"2023-12-25T14:11:34+00:00\",\"dateModified\":\"2023-12-25T14:11:39+00:00\",\"mainEntityOfPage\":{\"@id\":\"https:\\\/\\\/lasentinelle.dz\\\/index.php\\\/2023\\\/12\\\/25\\\/mis-en-place-apres-le-seisme-de-boumerdes-tous-les-chalets-seront-demolis-avant-la-fin-2024\\\/\"},\"wordCount\":518,\"commentCount\":0,\"publisher\":{\"@id\":\"https:\\\/\\\/lasentinelle.dz\\\/#organization\"},\"image\":{\"@id\":\"https:\\\/\\\/lasentinelle.dz\\\/index.php\\\/2023\\\/12\\\/25\\\/mis-en-place-apres-le-seisme-de-boumerdes-tous-les-chalets-seront-demolis-avant-la-fin-2024\\\/#primaryimage\"},\"thumbnailUrl\":\"https:\\\/\\\/lasentinelle.dz\\\/wp-content\\\/uploads\\\/2023\\\/12\\\/chalets-.jpeg\",\"articleSection\":[\"Actualit\u00e9\"],\"inLanguage\":\"fr-FR\",\"potentialAction\":[{\"@type\":\"CommentAction\",\"name\":\"Comment\",\"target\":[\"https:\\\/\\\/lasentinelle.dz\\\/index.php\\\/2023\\\/12\\\/25\\\/mis-en-place-apres-le-seisme-de-boumerdes-tous-les-chalets-seront-demolis-avant-la-fin-2024\\\/#respond\"]}]},{\"@type\":\"WebPage\",\"@id\":\"https:\\\/\\\/lasentinelle.dz\\\/index.php\\\/2023\\\/12\\\/25\\\/mis-en-place-apres-le-seisme-de-boumerdes-tous-les-chalets-seront-demolis-avant-la-fin-2024\\\/\",\"url\":\"https:\\\/\\\/lasentinelle.dz\\\/index.php\\\/2023\\\/12\\\/25\\\/mis-en-place-apres-le-seisme-de-boumerdes-tous-les-chalets-seront-demolis-avant-la-fin-2024\\\/\",\"name\":\"Mis en place apr\u00e8s le s\u00e9isme de Boumerdes\u00a0: Tous les chalets seront d\u00e9molis avant la fin 2024 - La Sentinelle\",\"isPartOf\":{\"@id\":\"https:\\\/\\\/lasentinelle.dz\\\/#website\"},\"primaryImageOfPage\":{\"@id\":\"https:\\\/\\\/lasentinelle.dz\\\/index.php\\\/2023\\\/12\\\/25\\\/mis-en-place-apres-le-seisme-de-boumerdes-tous-les-chalets-seront-demolis-avant-la-fin-2024\\\/#primaryimage\"},\"image\":{\"@id\":\"https:\\\/\\\/lasentinelle.dz\\\/index.php\\\/2023\\\/12\\\/25\\\/mis-en-place-apres-le-seisme-de-boumerdes-tous-les-chalets-seront-demolis-avant-la-fin-2024\\\/#primaryimage\"},\"thumbnailUrl\":\"https:\\\/\\\/lasentinelle.dz\\\/wp-content\\\/uploads\\\/2023\\\/12\\\/chalets-.jpeg\",\"datePublished\":\"2023-12-25T14:11:34+00:00\",\"dateModified\":\"2023-12-25T14:11:39+00:00\",\"breadcrumb\":{\"@id\":\"https:\\\/\\\/lasentinelle.dz\\\/index.php\\\/2023\\\/12\\\/25\\\/mis-en-place-apres-le-seisme-de-boumerdes-tous-les-chalets-seront-demolis-avant-la-fin-2024\\\/#breadcrumb\"},\"inLanguage\":\"fr-FR\",\"potentialAction\":[{\"@type\":\"ReadAction\",\"target\":[\"https:\\\/\\\/lasentinelle.dz\\\/index.php\\\/2023\\\/12\\\/25\\\/mis-en-place-apres-le-seisme-de-boumerdes-tous-les-chalets-seront-demolis-avant-la-fin-2024\\\/\"]}]},{\"@type\":\"ImageObject\",\"inLanguage\":\"fr-FR\",\"@id\":\"https:\\\/\\\/lasentinelle.dz\\\/index.php\\\/2023\\\/12\\\/25\\\/mis-en-place-apres-le-seisme-de-boumerdes-tous-les-chalets-seront-demolis-avant-la-fin-2024\\\/#primaryimage\",\"url\":\"https:\\\/\\\/lasentinelle.dz\\\/wp-content\\\/uploads\\\/2023\\\/12\\\/chalets-.jpeg\",\"contentUrl\":\"https:\\\/\\\/lasentinelle.dz\\\/wp-content\\\/uploads\\\/2023\\\/12\\\/chalets-.jpeg\",\"width\":580,\"height\":430},{\"@type\":\"BreadcrumbList\",\"@id\":\"https:\\\/\\\/lasentinelle.dz\\\/index.php\\\/2023\\\/12\\\/25\\\/mis-en-place-apres-le-seisme-de-boumerdes-tous-les-chalets-seront-demolis-avant-la-fin-2024\\\/#breadcrumb\",\"itemListElement\":[{\"@type\":\"ListItem\",\"position\":1,\"name\":\"Accueil\",\"item\":\"https:\\\/\\\/lasentinelle.dz\\\/\"},{\"@type\":\"ListItem\",\"position\":2,\"name\":\"Mis en place apr\u00e8s le s\u00e9isme de Boumerdes\u00a0: Tous les chalets seront d\u00e9molis avant la fin 2024\"}]},{\"@type\":\"WebSite\",\"@id\":\"https:\\\/\\\/lasentinelle.dz\\\/#website\",\"url\":\"https:\\\/\\\/lasentinelle.dz\\\/\",\"name\":\"La Sentinelle\",\"description\":\"Quotidien national d&#039;information\",\"publisher\":{\"@id\":\"https:\\\/\\\/lasentinelle.dz\\\/#organization\"},\"potentialAction\":[{\"@type\":\"SearchAction\",\"target\":{\"@type\":\"EntryPoint\",\"urlTemplate\":\"https:\\\/\\\/lasentinelle.dz\\\/?s={search_term_string}\"},\"query-input\":{\"@type\":\"PropertyValueSpecification\",\"valueRequired\":true,\"valueName\":\"search_term_string\"}}],\"inLanguage\":\"fr-FR\"},{\"@type\":\"Organization\",\"@id\":\"https:\\\/\\\/lasentinelle.dz\\\/#organization\",\"name\":\"Quotidien La Sentinelle\",\"url\":\"https:\\\/\\\/lasentinelle.dz\\\/\",\"logo\":{\"@type\":\"ImageObject\",\"inLanguage\":\"fr-FR\",\"@id\":\"https:\\\/\\\/lasentinelle.dz\\\/#\\\/schema\\\/logo\\\/image\\\/\",\"url\":\"https:\\\/\\\/lasentinelle.dz\\\/wp-content\\\/uploads\\\/2021\\\/09\\\/logo-sentinelleSLOGAN-1.png\",\"contentUrl\":\"https:\\\/\\\/lasentinelle.dz\\\/wp-content\\\/uploads\\\/2021\\\/09\\\/logo-sentinelleSLOGAN-1.png\",\"width\":615,\"height\":142,\"caption\":\"Quotidien La Sentinelle\"},\"image\":{\"@id\":\"https:\\\/\\\/lasentinelle.dz\\\/#\\\/schema\\\/logo\\\/image\\\/\"},\"sameAs\":[\"https:\\\/\\\/www.facebook.com\\\/La-Sentinelle-104059864394773\"]},{\"@type\":\"Person\",\"@id\":\"https:\\\/\\\/lasentinelle.dz\\\/#\\\/schema\\\/person\\\/d865044e22e70a75174ce8bcad3acfb3\",\"name\":\"La Sentinelle\",\"image\":{\"@type\":\"ImageObject\",\"inLanguage\":\"fr-FR\",\"@id\":\"https:\\\/\\\/secure.gravatar.com\\\/avatar\\\/57de8e5d4b15d43fb361a71fbb36338450fe67865b528a43dd10ef7c51a20392?s=96&d=mm&r=g\",\"url\":\"https:\\\/\\\/secure.gravatar.com\\\/avatar\\\/57de8e5d4b15d43fb361a71fbb36338450fe67865b528a43dd10ef7c51a20392?s=96&d=mm&r=g\",\"contentUrl\":\"https:\\\/\\\/secure.gravatar.com\\\/avatar\\\/57de8e5d4b15d43fb361a71fbb36338450fe67865b528a43dd10ef7c51a20392?s=96&d=mm&r=g\",\"caption\":\"La Sentinelle\"},\"sameAs\":[\"http:\\\/\\\/www.lasentinelle.dz\"],\"url\":\"https:\\\/\\\/lasentinelle.dz\\\/author\\\/redaction\\\/\"}]}<\/script>\n<!-- \/ Yoast SEO plugin. -->","yoast_head_json":{"title":"Mis en place apr\u00e8s le s\u00e9isme de Boumerdes\u00a0: Tous les chalets seront d\u00e9molis avant la fin 2024 - La Sentinelle","robots":{"index":"index","follow":"follow","max-snippet":"max-snippet:-1","max-image-preview":"max-image-preview:large","max-video-preview":"max-video-preview:-1"},"canonical":"https:\/\/lasentinelle.dz\/index.php\/2023\/12\/25\/mis-en-place-apres-le-seisme-de-boumerdes-tous-les-chalets-seront-demolis-avant-la-fin-2024\/","og_locale":"fr_FR","og_type":"article","og_title":"Mis en place apr\u00e8s le s\u00e9isme de Boumerdes\u00a0: Tous les chalets seront d\u00e9molis avant la fin 2024 - La Sentinelle","og_description":"Le taux d\u2019\u00e9radication des chalets install\u00e9s \u00e0 travers la wilaya de Boumerdes au lendemain du s\u00e9isme du 21 mai 2003,","og_url":"https:\/\/lasentinelle.dz\/index.php\/2023\/12\/25\/mis-en-place-apres-le-seisme-de-boumerdes-tous-les-chalets-seront-demolis-avant-la-fin-2024\/","og_site_name":"La Sentinelle","article_publisher":"https:\/\/www.facebook.com\/La-Sentinelle-104059864394773","article_published_time":"2023-12-25T14:11:34+00:00","article_modified_time":"2023-12-25T14:11:39+00:00","og_image":[{"width":580,"height":430,"url":"https:\/\/lasentinelle.dz\/wp-content\/uploads\/2023\/12\/chalets-.jpeg","type":"image\/jpeg"}],"author":"La Sentinelle","twitter_card":"summary_large_image","twitter_misc":{"\u00c9crit par":"La Sentinelle","Dur\u00e9e de lecture estim\u00e9e":"3 minutes"},"schema":{"@context":"https:\/\/schema.org","@graph":[{"@type":"Article","@id":"https:\/\/lasentinelle.dz\/index.php\/2023\/12\/25\/mis-en-place-apres-le-seisme-de-boumerdes-tous-les-chalets-seront-demolis-avant-la-fin-2024\/#article","isPartOf":{"@id":"https:\/\/lasentinelle.dz\/index.php\/2023\/12\/25\/mis-en-place-apres-le-seisme-de-boumerdes-tous-les-chalets-seront-demolis-avant-la-fin-2024\/"},"author":{"name":"La Sentinelle","@id":"https:\/\/lasentinelle.dz\/#\/schema\/person\/d865044e22e70a75174ce8bcad3acfb3"},"headline":"Mis en place apr\u00e8s le s\u00e9isme de Boumerdes\u00a0: Tous les chalets seront d\u00e9molis avant la fin 2024","datePublished":"2023-12-25T14:11:34+00:00","dateModified":"2023-12-25T14:11:39+00:00","mainEntityOfPage":{"@id":"https:\/\/lasentinelle.dz\/index.php\/2023\/12\/25\/mis-en-place-apres-le-seisme-de-boumerdes-tous-les-chalets-seront-demolis-avant-la-fin-2024\/"},"wordCount":518,"commentCount":0,"publisher":{"@id":"https:\/\/lasentinelle.dz\/#organization"},"image":{"@id":"https:\/\/lasentinelle.dz\/index.php\/2023\/12\/25\/mis-en-place-apres-le-seisme-de-boumerdes-tous-les-chalets-seront-demolis-avant-la-fin-2024\/#primaryimage"},"thumbnailUrl":"https:\/\/lasentinelle.dz\/wp-content\/uploads\/2023\/12\/chalets-.jpeg","articleSection":["Actualit\u00e9"],"inLanguage":"fr-FR","potentialAction":[{"@type":"CommentAction","name":"Comment","target":["https:\/\/lasentinelle.dz\/index.php\/2023\/12\/25\/mis-en-place-apres-le-seisme-de-boumerdes-tous-les-chalets-seront-demolis-avant-la-fin-2024\/#respond"]}]},{"@type":"WebPage","@id":"https:\/\/lasentinelle.dz\/index.php\/2023\/12\/25\/mis-en-place-apres-le-seisme-de-boumerdes-tous-les-chalets-seront-demolis-avant-la-fin-2024\/","url":"https:\/\/lasentinelle.dz\/index.php\/2023\/12\/25\/mis-en-place-apres-le-seisme-de-boumerdes-tous-les-chalets-seront-demolis-avant-la-fin-2024\/","name":"Mis en place apr\u00e8s le s\u00e9isme de Boumerdes\u00a0: Tous les chalets seront d\u00e9molis avant la fin 2024 - La Sentinelle","isPartOf":{"@id":"https:\/\/lasentinelle.dz\/#website"},"primaryImageOfPage":{"@id":"https:\/\/lasentinelle.dz\/index.php\/2023\/12\/25\/mis-en-place-apres-le-seisme-de-boumerdes-tous-les-chalets-seront-demolis-avant-la-fin-2024\/#primaryimage"},"image":{"@id":"https:\/\/lasentinelle.dz\/index.php\/2023\/12\/25\/mis-en-place-apres-le-seisme-de-boumerdes-tous-les-chalets-seront-demolis-avant-la-fin-2024\/#primaryimage"},"thumbnailUrl":"https:\/\/lasentinelle.dz\/wp-content\/uploads\/2023\/12\/chalets-.jpeg","datePublished":"2023-12-25T14:11:34+00:00","dateModified":"2023-12-25T14:11:39+00:00","breadcrumb":{"@id":"https:\/\/lasentinelle.dz\/index.php\/2023\/12\/25\/mis-en-place-apres-le-seisme-de-boumerdes-tous-les-chalets-seront-demolis-avant-la-fin-2024\/#breadcrumb"},"inLanguage":"fr-FR","potentialAction":[{"@type":"ReadAction","target":["https:\/\/lasentinelle.dz\/index.php\/2023\/12\/25\/mis-en-place-apres-le-seisme-de-boumerdes-tous-les-chalets-seront-demolis-avant-la-fin-2024\/"]}]},{"@type":"ImageObject","inLanguage":"fr-FR","@id":"https:\/\/lasentinelle.dz\/index.php\/2023\/12\/25\/mis-en-place-apres-le-seisme-de-boumerdes-tous-les-chalets-seront-demolis-avant-la-fin-2024\/#primaryimage","url":"https:\/\/lasentinelle.dz\/wp-content\/uploads\/2023\/12\/chalets-.jpeg","contentUrl":"https:\/\/lasentinelle.dz\/wp-content\/uploads\/2023\/12\/chalets-.jpeg","width":580,"height":430},{"@type":"BreadcrumbList","@id":"https:\/\/lasentinelle.dz\/index.php\/2023\/12\/25\/mis-en-place-apres-le-seisme-de-boumerdes-tous-les-chalets-seront-demolis-avant-la-fin-2024\/#breadcrumb","itemListElement":[{"@type":"ListItem","position":1,"name":"Accueil","item":"https:\/\/lasentinelle.dz\/"},{"@type":"ListItem","position":2,"name":"Mis en place apr\u00e8s le s\u00e9isme de Boumerdes\u00a0: Tous les chalets seront d\u00e9molis avant la fin 2024"}]},{"@type":"WebSite","@id":"https:\/\/lasentinelle.dz\/#website","url":"https:\/\/lasentinelle.dz\/","name":"La Sentinelle","description":"Quotidien national d&#039;information","publisher":{"@id":"https:\/\/lasentinelle.dz\/#organization"},"potentialAction":[{"@type":"SearchAction","target":{"@type":"EntryPoint","urlTemplate":"https:\/\/lasentinelle.dz\/?s={search_term_string}"},"query-input":{"@type":"PropertyValueSpecification","valueRequired":true,"valueName":"search_term_string"}}],"inLanguage":"fr-FR"},{"@type":"Organization","@id":"https:\/\/lasentinelle.dz\/#organization","name":"Quotidien La Sentinelle","url":"https:\/\/lasentinelle.dz\/","logo":{"@type":"ImageObject","inLanguage":"fr-FR","@id":"https:\/\/lasentinelle.dz\/#\/schema\/logo\/image\/","url":"https:\/\/lasentinelle.dz\/wp-content\/uploads\/2021\/09\/logo-sentinelleSLOGAN-1.png","contentUrl":"https:\/\/lasentinelle.dz\/wp-content\/uploads\/2021\/09\/logo-sentinelleSLOGAN-1.png","width":615,"height":142,"caption":"Quotidien La Sentinelle"},"image":{"@id":"https:\/\/lasentinelle.dz\/#\/schema\/logo\/image\/"},"sameAs":["https:\/\/www.facebook.com\/La-Sentinelle-104059864394773"]},{"@type":"Person","@id":"https:\/\/lasentinelle.dz\/#\/schema\/person\/d865044e22e70a75174ce8bcad3acfb3","name":"La Sentinelle","image":{"@type":"ImageObject","inLanguage":"fr-FR","@id":"https:\/\/secure.gravatar.com\/avatar\/57de8e5d4b15d43fb361a71fbb36338450fe67865b528a43dd10ef7c51a20392?s=96&d=mm&r=g","url":"https:\/\/secure.gravatar.com\/avatar\/57de8e5d4b15d43fb361a71fbb36338450fe67865b528a43dd10ef7c51a20392?s=96&d=mm&r=g","contentUrl":"https:\/\/secure.gravatar.com\/avatar\/57de8e5d4b15d43fb361a71fbb36338450fe67865b528a43dd10ef7c51a20392?s=96&d=mm&r=g","caption":"La Sentinelle"},"sameAs":["http:\/\/www.lasentinelle.dz"],"url":"https:\/\/lasentinelle.dz\/author\/redaction\/"}]}},"_links":{"self":[{"href":"https:\/\/lasentinelle.dz\/index.php\/wp-json\/wp\/v2\/posts\/48223","targetHints":{"allow":["GET"]}}],"collection":[{"href":"https:\/\/lasentinelle.dz\/index.php\/wp-json\/wp\/v2\/posts"}],"about":[{"href":"https:\/\/lasentinelle.dz\/index.php\/wp-json\/wp\/v2\/types\/post"}],"author":[{"embeddable":true,"href":"https:\/\/lasentinelle.dz\/index.php\/wp-json\/wp\/v2\/users\/3"}],"replies":[{"embeddable":true,"href":"https:\/\/lasentinelle.dz\/index.php\/wp-json\/wp\/v2\/comments?post=48223"}],"version-history":[{"count":1,"href":"https:\/\/lasentinelle.dz\/index.php\/wp-json\/wp\/v2\/posts\/48223\/revisions"}],"predecessor-version":[{"id":48225,"href":"https:\/\/lasentinelle.dz\/index.php\/wp-json\/wp\/v2\/posts\/48223\/revisions\/48225"}],"wp:featuredmedia":[{"embeddable":true,"href":"https:\/\/lasentinelle.dz\/index.php\/wp-json\/wp\/v2\/media\/48224"}],"wp:attachment":[{"href":"https:\/\/lasentinelle.dz\/index.php\/wp-json\/wp\/v2\/media?parent=48223"}],"wp:term":[{"taxonomy":"category","embeddable":true,"href":"https:\/\/lasentinelle.dz\/index.php\/wp-json\/wp\/v2\/categories?post=48223"},{"taxonomy":"post_tag","embeddable":true,"href":"https:\/\/lasentinelle.dz\/index.php\/wp-json\/wp\/v2\/tags?post=48223"}],"curies":[{"name":"wp","href":"https:\/\/api.w.org\/{rel}","templated":true}]}}