{"id":48226,"date":"2023-12-25T15:14:15","date_gmt":"2023-12-25T14:14:15","guid":{"rendered":"https:\/\/lasentinelle.dz\/?p=48226"},"modified":"2023-12-25T15:14:18","modified_gmt":"2023-12-25T14:14:18","slug":"un-dispositif-preventif-contre-la-fievre-aphteuse","status":"publish","type":"post","link":"https:\/\/lasentinelle.dz\/index.php\/2023\/12\/25\/un-dispositif-preventif-contre-la-fievre-aphteuse\/","title":{"rendered":"Un dispositif pr\u00e9ventif contre la fi\u00e8vre aphteuse"},"content":{"rendered":"\n<p>Des dizaines de milliers de doses de vaccins ont \u00e9t\u00e9 mobilis\u00e9es dans le cadre de la campagne de vaccination contre la fi\u00e8vre aphteuse lanc\u00e9e par le minist\u00e8re de l\u2019Agriculture et du D\u00e9veloppement rural.<\/p>\n\n\n\n<p>Des cas de fi\u00e8vre aphteuse ont \u00e9t\u00e9 enregistr\u00e9es et confirm\u00e9es dans certaines wilayas du pays. Des mesures ont d\u2019ailleurs \u00e9t\u00e9 prises pour emp\u00eacher la propagation de cette maladie virale contagieuse qui touche le b\u00e9tail et prot\u00e9ger ainsi le cheptel. Des dispositions ont \u00e9t\u00e9 mise en place au niveau local, comme c\u2019est le cas dans la wilaya de M\u2019sila o\u00f9 les march\u00e9s \u00e0 bestiaux ont \u00e9t\u00e9 ferm\u00e9s de mani\u00e8re temporaire, mais aussi au niveau national. C\u2019est dans ce contexte que le minist\u00e8re de l\u2019Agriculture et du D\u00e9veloppement rural a annonc\u00e9 jeudi le lancement d\u2019une campagne nationale de vaccination \u00e0 titre pr\u00e9ventif, et pour laquelle des dizaines de milliers de doses de vaccins ont \u00e9t\u00e9 mobilis\u00e9es. Une campagne qui a d\u2019ailleurs \u00e9t\u00e9 lanc\u00e9e hier dans plusieurs wilayas.&nbsp; Selon l\u2019agence Alg\u00e9rie presse service, pas moins de 30.000 doses de ce vaccin ont \u00e9t\u00e9 affect\u00e9es \u00e0 l\u2019op\u00e9ration dans la wilaya de Constantine. Selon Mourad Benameur, inspecteur v\u00e9t\u00e9rinaire de wilaya, cette campagne cible dans la wilaya d\u2019Annaba 30.000 bovins et mobilisera 30 agents en plus des v\u00e9t\u00e9rinaires priv\u00e9s, selon les services de l\u2019inspection v\u00e9t\u00e9rinaire de wilaya qui ont assur\u00e9 qu\u2019un stock suffisant de vaccin est actuellement disponible. Le dispositif pr\u00e9voit \u00e9galement la fermeture des march\u00e9s \u00e0 bestiaux quotidiens et hebdomadaires et l\u2019insistance sur l\u2019observation des r\u00e8gles d\u2019hygi\u00e8ne dans les \u00e9tables, selon les m\u00eames services. Une campagne similaire a \u00e9t\u00e9 \u00e9galement \u00e9t\u00e9 lanc\u00e9e dans dans la wilaya de Skikda pour la vaccination. L\u2019op\u00e9ration concerne 50.000 bovins de plus de deux mois d\u2019\u00e2ge, a indiqu\u00e9 Mohamed R\u00e9dha El Wahem<\/p>\n\n\n\n<p>Mesbah, inspecteur v\u00e9t\u00e9rinaire de wilaya, qui a affirm\u00e9 que des mesuresincluant la mobilisation de 70 v\u00e9t\u00e9rinaires dont 50 du secteur priv\u00e9 ont \u00e9t\u00e9 prises pour ex\u00e9cuter cette op\u00e9ration dans un d\u00e9lai d\u2019un mois.De son c\u00f4t\u00e9, Hamza Hanachi, directeur de la Caisse r\u00e9gionale de mutualit\u00e9 agricole (CRMA), a indiqu\u00e9 que la CNMA est la seule compagnie qui propose une assurance contre ce type de maladies du cheptel et m\u00e8ne chaque ann\u00e9e des campagnes de sensibilisation ciblant des agriculteurs les invitant \u00e0 assurer leurs troupeaux et \u00e9viter d\u2019\u00e9ventuelles pertes.<\/p>\n\n\n\n<p>A T\u00e9bessa, 9.000 doses de vaccin contre la fi\u00e8vre aphteuse ont \u00e9t\u00e9 fournies et des v\u00e9t\u00e9rinaires publics et priv\u00e9s et&nbsp; 8.500 doses de vaccin pour les bovins de plus de deux mois, ont \u00e9t\u00e9 mobilis\u00e9es \u00e0 Khenchela.<\/p>\n\n\n\n<p>A l\u2019Ouest du pays, la campagne a \u00e9t\u00e9 lanc\u00e9e dans la wilaya de Sidi Bel Abbes o\u00f9 trois foyers de fi\u00e8vre aphteuse chez les bovins ont \u00e9t\u00e9 d\u00e9couverts dans la wilaya. Selon l\u2019Inspecteur v\u00e9t\u00e9rinaire de cette wilaya, les foyers de cette maladie sont situ\u00e9s dans les communes de Lamtar, Tilmouni et Oued Sba\u00e2, qui ont \u00e9t\u00e9 contr\u00f4l\u00e9s et emp\u00each\u00e9s la propagation de la maladie par le b\u00e9tail en prenant toutes les pr\u00e9cautions pr\u00e9ventives n\u00e9cessaires pour lutter contre cette zoonose. Dans ce contexte, il a \u00e9t\u00e9 d\u00e9cid\u00e9 de fermer tous les march\u00e9s \u00e0 bestiaux situ\u00e9s dans la wilaya, \u00e0 titre pr\u00e9ventif, pour emp\u00eacher la propagation de la maladie, a indiqu\u00e9 le m\u00eame responsable. Pour rappel, le minist\u00e8re de l\u2019Agriculture et du D\u00e9veloppement rural a annonc\u00e9 jeudi dans un communiqu\u00e9 la mise en place d\u2019un dispositif pr\u00e9ventif pour \u00e9viter la propagation de la fi\u00e8vre aphteuse. \u00ab\u00a0Suite \u00e0 la confirmation de cas de fi\u00e8vre aphteuse dans certaines wilayas du pays, le minist\u00e8re de l\u2019Agriculture et du D\u00e9veloppement rural lance, \u00e0 titre pr\u00e9ventif, une large campagne de vaccination au niveau national, et ce, afin d\u2019anticiper sur la propagation de cette maladie\u00a0\u00bb, explique le document. Le minist\u00e8re a, dans ce sens, affirm\u00e9 que \u00ab\u00a0toutes les mesures sont prises pour effectuer l\u2019op\u00e9ration de vaccination dans les d\u00e9lais les plus courts, notamment, \u00e0 travers la mobilisation des services v\u00e9t\u00e9rinaires au niveau du territoire national\u00a0\u00bb. A ce titre, \u00ab\u00a0les agriculteurs et les \u00e9leveurs sont sollicit\u00e9s \u00e0 faciliter cette importante op\u00e9ration visant \u00e0 prot\u00e9ger le cheptel national\u00a0\u00bb, ajoute le communiqu\u00e9. Le minist\u00e8re a rappel\u00e9 qu&rsquo;apr\u00e8s avoir observ\u00e9 des signes \u00e9vocateurs de cette maladie, \u00ab\u00a0les autorit\u00e9s locales, en coordination avec les services v\u00e9t\u00e9rinaires ont proc\u00e9d\u00e9 \u00e0 la fermeture de certains march\u00e9s \u00e0 bestiaux dans quelques wilayas\u00a0\u00bb. Il a, par ailleurs, pr\u00e9cis\u00e9 que la fi\u00e8vre aphteuse est \u00ab\u00a0une maladie virale hautement contagieuse qui touche le b\u00e9tail (les bovins, les ovins, les caprins et d\u2019autres artiodactyles), et non transmissible \u00e0 l\u2019homme\u00a0\u00bb.<\/p>\n\n\n\n<p><strong>Samir Benisid<\/strong><\/p>\n","protected":false},"excerpt":{"rendered":"<p>Des dizaines de milliers de doses de vaccins ont \u00e9t\u00e9 mobilis\u00e9es dans le cadre de la campagne de vaccination contre<\/p>\n","protected":false},"author":3,"featured_media":48227,"comment_status":"open","ping_status":"closed","sticky":false,"template":"","format":"standard","meta":{"colormag_page_container_layout":"default_layout","colormag_page_sidebar_layout":"default_layout","om_disable_all_campaigns":false,"_monsterinsights_skip_tracking":false,"_monsterinsights_sitenote_active":false,"_monsterinsights_sitenote_note":"","_monsterinsights_sitenote_category":0,"footnotes":"","_wpscppro_dont_share_socialmedia":false,"_wpscppro_custom_social_share_image":0,"_facebook_share_type":"","_twitter_share_type":"","_linkedin_share_type":"","_pinterest_share_type":"","_linkedin_share_type_page":"","_instagram_share_type":"","_medium_share_type":"","_threads_share_type":"","_google_business_share_type":"","_selected_social_profile":[],"_wpsp_enable_custom_social_template":false,"_wpsp_social_scheduling":{"enabled":false,"datetime":null,"platforms":[],"status":"template_only","dateOption":"today","timeOption":"now","customDays":"","customHours":"","customDate":"","customTime":"","schedulingType":"absolute"},"_wpsp_active_default_template":true},"categories":[52,27],"tags":[],"class_list":["post-48226","post","type-post","status-publish","format-standard","has-post-thumbnail","hentry","category-a-la-une","category-actualite"],"aioseo_notices":[],"yoast_head":"<!-- This site is optimized with the Yoast SEO plugin v27.5 - https:\/\/yoast.com\/product\/yoast-seo-wordpress\/ -->\n<title>Un dispositif pr\u00e9ventif contre la fi\u00e8vre aphteuse - La Sentinelle<\/title>\n<meta name=\"robots\" content=\"index, follow, max-snippet:-1, max-image-preview:large, max-video-preview:-1\" \/>\n<link rel=\"canonical\" href=\"https:\/\/lasentinelle.dz\/index.php\/2023\/12\/25\/un-dispositif-preventif-contre-la-fievre-aphteuse\/\" \/>\n<meta property=\"og:locale\" content=\"fr_FR\" \/>\n<meta property=\"og:type\" content=\"article\" \/>\n<meta property=\"og:title\" content=\"Un dispositif pr\u00e9ventif contre la fi\u00e8vre aphteuse - La Sentinelle\" \/>\n<meta property=\"og:description\" content=\"Des dizaines de milliers de doses de vaccins ont \u00e9t\u00e9 mobilis\u00e9es dans le cadre de la campagne de vaccination contre\" \/>\n<meta property=\"og:url\" content=\"https:\/\/lasentinelle.dz\/index.php\/2023\/12\/25\/un-dispositif-preventif-contre-la-fievre-aphteuse\/\" \/>\n<meta property=\"og:site_name\" content=\"La Sentinelle\" \/>\n<meta property=\"article:publisher\" content=\"https:\/\/www.facebook.com\/La-Sentinelle-104059864394773\" \/>\n<meta property=\"article:published_time\" content=\"2023-12-25T14:14:15+00:00\" \/>\n<meta property=\"article:modified_time\" content=\"2023-12-25T14:14:18+00:00\" \/>\n<meta property=\"og:image\" content=\"https:\/\/lasentinelle.dz\/wp-content\/uploads\/2023\/12\/cheptel.jpeg\" \/>\n\t<meta property=\"og:image:width\" content=\"576\" \/>\n\t<meta property=\"og:image:height\" content=\"325\" \/>\n\t<meta property=\"og:image:type\" content=\"image\/jpeg\" \/>\n<meta name=\"author\" content=\"La Sentinelle\" \/>\n<meta name=\"twitter:card\" content=\"summary_large_image\" \/>\n<meta name=\"twitter:label1\" content=\"\u00c9crit par\" \/>\n\t<meta name=\"twitter:data1\" content=\"La Sentinelle\" \/>\n\t<meta name=\"twitter:label2\" content=\"Dur\u00e9e de lecture estim\u00e9e\" \/>\n\t<meta name=\"twitter:data2\" content=\"4 minutes\" \/>\n<script type=\"application\/ld+json\" class=\"yoast-schema-graph\">{\"@context\":\"https:\\\/\\\/schema.org\",\"@graph\":[{\"@type\":\"Article\",\"@id\":\"https:\\\/\\\/lasentinelle.dz\\\/index.php\\\/2023\\\/12\\\/25\\\/un-dispositif-preventif-contre-la-fievre-aphteuse\\\/#article\",\"isPartOf\":{\"@id\":\"https:\\\/\\\/lasentinelle.dz\\\/index.php\\\/2023\\\/12\\\/25\\\/un-dispositif-preventif-contre-la-fievre-aphteuse\\\/\"},\"author\":{\"name\":\"La Sentinelle\",\"@id\":\"https:\\\/\\\/lasentinelle.dz\\\/#\\\/schema\\\/person\\\/d865044e22e70a75174ce8bcad3acfb3\"},\"headline\":\"Un dispositif pr\u00e9ventif contre la fi\u00e8vre aphteuse\",\"datePublished\":\"2023-12-25T14:14:15+00:00\",\"dateModified\":\"2023-12-25T14:14:18+00:00\",\"mainEntityOfPage\":{\"@id\":\"https:\\\/\\\/lasentinelle.dz\\\/index.php\\\/2023\\\/12\\\/25\\\/un-dispositif-preventif-contre-la-fievre-aphteuse\\\/\"},\"wordCount\":848,\"commentCount\":0,\"publisher\":{\"@id\":\"https:\\\/\\\/lasentinelle.dz\\\/#organization\"},\"image\":{\"@id\":\"https:\\\/\\\/lasentinelle.dz\\\/index.php\\\/2023\\\/12\\\/25\\\/un-dispositif-preventif-contre-la-fievre-aphteuse\\\/#primaryimage\"},\"thumbnailUrl\":\"https:\\\/\\\/lasentinelle.dz\\\/wp-content\\\/uploads\\\/2023\\\/12\\\/cheptel.jpeg\",\"articleSection\":[\"\u00c0 la Une\",\"Actualit\u00e9\"],\"inLanguage\":\"fr-FR\",\"potentialAction\":[{\"@type\":\"CommentAction\",\"name\":\"Comment\",\"target\":[\"https:\\\/\\\/lasentinelle.dz\\\/index.php\\\/2023\\\/12\\\/25\\\/un-dispositif-preventif-contre-la-fievre-aphteuse\\\/#respond\"]}]},{\"@type\":\"WebPage\",\"@id\":\"https:\\\/\\\/lasentinelle.dz\\\/index.php\\\/2023\\\/12\\\/25\\\/un-dispositif-preventif-contre-la-fievre-aphteuse\\\/\",\"url\":\"https:\\\/\\\/lasentinelle.dz\\\/index.php\\\/2023\\\/12\\\/25\\\/un-dispositif-preventif-contre-la-fievre-aphteuse\\\/\",\"name\":\"Un dispositif pr\u00e9ventif contre la fi\u00e8vre aphteuse - La Sentinelle\",\"isPartOf\":{\"@id\":\"https:\\\/\\\/lasentinelle.dz\\\/#website\"},\"primaryImageOfPage\":{\"@id\":\"https:\\\/\\\/lasentinelle.dz\\\/index.php\\\/2023\\\/12\\\/25\\\/un-dispositif-preventif-contre-la-fievre-aphteuse\\\/#primaryimage\"},\"image\":{\"@id\":\"https:\\\/\\\/lasentinelle.dz\\\/index.php\\\/2023\\\/12\\\/25\\\/un-dispositif-preventif-contre-la-fievre-aphteuse\\\/#primaryimage\"},\"thumbnailUrl\":\"https:\\\/\\\/lasentinelle.dz\\\/wp-content\\\/uploads\\\/2023\\\/12\\\/cheptel.jpeg\",\"datePublished\":\"2023-12-25T14:14:15+00:00\",\"dateModified\":\"2023-12-25T14:14:18+00:00\",\"breadcrumb\":{\"@id\":\"https:\\\/\\\/lasentinelle.dz\\\/index.php\\\/2023\\\/12\\\/25\\\/un-dispositif-preventif-contre-la-fievre-aphteuse\\\/#breadcrumb\"},\"inLanguage\":\"fr-FR\",\"potentialAction\":[{\"@type\":\"ReadAction\",\"target\":[\"https:\\\/\\\/lasentinelle.dz\\\/index.php\\\/2023\\\/12\\\/25\\\/un-dispositif-preventif-contre-la-fievre-aphteuse\\\/\"]}]},{\"@type\":\"ImageObject\",\"inLanguage\":\"fr-FR\",\"@id\":\"https:\\\/\\\/lasentinelle.dz\\\/index.php\\\/2023\\\/12\\\/25\\\/un-dispositif-preventif-contre-la-fievre-aphteuse\\\/#primaryimage\",\"url\":\"https:\\\/\\\/lasentinelle.dz\\\/wp-content\\\/uploads\\\/2023\\\/12\\\/cheptel.jpeg\",\"contentUrl\":\"https:\\\/\\\/lasentinelle.dz\\\/wp-content\\\/uploads\\\/2023\\\/12\\\/cheptel.jpeg\",\"width\":576,\"height\":325},{\"@type\":\"BreadcrumbList\",\"@id\":\"https:\\\/\\\/lasentinelle.dz\\\/index.php\\\/2023\\\/12\\\/25\\\/un-dispositif-preventif-contre-la-fievre-aphteuse\\\/#breadcrumb\",\"itemListElement\":[{\"@type\":\"ListItem\",\"position\":1,\"name\":\"Accueil\",\"item\":\"https:\\\/\\\/lasentinelle.dz\\\/\"},{\"@type\":\"ListItem\",\"position\":2,\"name\":\"Un dispositif pr\u00e9ventif contre la fi\u00e8vre aphteuse\"}]},{\"@type\":\"WebSite\",\"@id\":\"https:\\\/\\\/lasentinelle.dz\\\/#website\",\"url\":\"https:\\\/\\\/lasentinelle.dz\\\/\",\"name\":\"La Sentinelle\",\"description\":\"Quotidien national d&#039;information\",\"publisher\":{\"@id\":\"https:\\\/\\\/lasentinelle.dz\\\/#organization\"},\"potentialAction\":[{\"@type\":\"SearchAction\",\"target\":{\"@type\":\"EntryPoint\",\"urlTemplate\":\"https:\\\/\\\/lasentinelle.dz\\\/?s={search_term_string}\"},\"query-input\":{\"@type\":\"PropertyValueSpecification\",\"valueRequired\":true,\"valueName\":\"search_term_string\"}}],\"inLanguage\":\"fr-FR\"},{\"@type\":\"Organization\",\"@id\":\"https:\\\/\\\/lasentinelle.dz\\\/#organization\",\"name\":\"Quotidien La Sentinelle\",\"url\":\"https:\\\/\\\/lasentinelle.dz\\\/\",\"logo\":{\"@type\":\"ImageObject\",\"inLanguage\":\"fr-FR\",\"@id\":\"https:\\\/\\\/lasentinelle.dz\\\/#\\\/schema\\\/logo\\\/image\\\/\",\"url\":\"https:\\\/\\\/lasentinelle.dz\\\/wp-content\\\/uploads\\\/2021\\\/09\\\/logo-sentinelleSLOGAN-1.png\",\"contentUrl\":\"https:\\\/\\\/lasentinelle.dz\\\/wp-content\\\/uploads\\\/2021\\\/09\\\/logo-sentinelleSLOGAN-1.png\",\"width\":615,\"height\":142,\"caption\":\"Quotidien La Sentinelle\"},\"image\":{\"@id\":\"https:\\\/\\\/lasentinelle.dz\\\/#\\\/schema\\\/logo\\\/image\\\/\"},\"sameAs\":[\"https:\\\/\\\/www.facebook.com\\\/La-Sentinelle-104059864394773\"]},{\"@type\":\"Person\",\"@id\":\"https:\\\/\\\/lasentinelle.dz\\\/#\\\/schema\\\/person\\\/d865044e22e70a75174ce8bcad3acfb3\",\"name\":\"La Sentinelle\",\"image\":{\"@type\":\"ImageObject\",\"inLanguage\":\"fr-FR\",\"@id\":\"https:\\\/\\\/secure.gravatar.com\\\/avatar\\\/57de8e5d4b15d43fb361a71fbb36338450fe67865b528a43dd10ef7c51a20392?s=96&d=mm&r=g\",\"url\":\"https:\\\/\\\/secure.gravatar.com\\\/avatar\\\/57de8e5d4b15d43fb361a71fbb36338450fe67865b528a43dd10ef7c51a20392?s=96&d=mm&r=g\",\"contentUrl\":\"https:\\\/\\\/secure.gravatar.com\\\/avatar\\\/57de8e5d4b15d43fb361a71fbb36338450fe67865b528a43dd10ef7c51a20392?s=96&d=mm&r=g\",\"caption\":\"La Sentinelle\"},\"sameAs\":[\"http:\\\/\\\/www.lasentinelle.dz\"],\"url\":\"https:\\\/\\\/lasentinelle.dz\\\/author\\\/redaction\\\/\"}]}<\/script>\n<!-- \/ Yoast SEO plugin. -->","yoast_head_json":{"title":"Un dispositif pr\u00e9ventif contre la fi\u00e8vre aphteuse - La Sentinelle","robots":{"index":"index","follow":"follow","max-snippet":"max-snippet:-1","max-image-preview":"max-image-preview:large","max-video-preview":"max-video-preview:-1"},"canonical":"https:\/\/lasentinelle.dz\/index.php\/2023\/12\/25\/un-dispositif-preventif-contre-la-fievre-aphteuse\/","og_locale":"fr_FR","og_type":"article","og_title":"Un dispositif pr\u00e9ventif contre la fi\u00e8vre aphteuse - La Sentinelle","og_description":"Des dizaines de milliers de doses de vaccins ont \u00e9t\u00e9 mobilis\u00e9es dans le cadre de la campagne de vaccination contre","og_url":"https:\/\/lasentinelle.dz\/index.php\/2023\/12\/25\/un-dispositif-preventif-contre-la-fievre-aphteuse\/","og_site_name":"La Sentinelle","article_publisher":"https:\/\/www.facebook.com\/La-Sentinelle-104059864394773","article_published_time":"2023-12-25T14:14:15+00:00","article_modified_time":"2023-12-25T14:14:18+00:00","og_image":[{"width":576,"height":325,"url":"https:\/\/lasentinelle.dz\/wp-content\/uploads\/2023\/12\/cheptel.jpeg","type":"image\/jpeg"}],"author":"La Sentinelle","twitter_card":"summary_large_image","twitter_misc":{"\u00c9crit par":"La Sentinelle","Dur\u00e9e de lecture estim\u00e9e":"4 minutes"},"schema":{"@context":"https:\/\/schema.org","@graph":[{"@type":"Article","@id":"https:\/\/lasentinelle.dz\/index.php\/2023\/12\/25\/un-dispositif-preventif-contre-la-fievre-aphteuse\/#article","isPartOf":{"@id":"https:\/\/lasentinelle.dz\/index.php\/2023\/12\/25\/un-dispositif-preventif-contre-la-fievre-aphteuse\/"},"author":{"name":"La Sentinelle","@id":"https:\/\/lasentinelle.dz\/#\/schema\/person\/d865044e22e70a75174ce8bcad3acfb3"},"headline":"Un dispositif pr\u00e9ventif contre la fi\u00e8vre aphteuse","datePublished":"2023-12-25T14:14:15+00:00","dateModified":"2023-12-25T14:14:18+00:00","mainEntityOfPage":{"@id":"https:\/\/lasentinelle.dz\/index.php\/2023\/12\/25\/un-dispositif-preventif-contre-la-fievre-aphteuse\/"},"wordCount":848,"commentCount":0,"publisher":{"@id":"https:\/\/lasentinelle.dz\/#organization"},"image":{"@id":"https:\/\/lasentinelle.dz\/index.php\/2023\/12\/25\/un-dispositif-preventif-contre-la-fievre-aphteuse\/#primaryimage"},"thumbnailUrl":"https:\/\/lasentinelle.dz\/wp-content\/uploads\/2023\/12\/cheptel.jpeg","articleSection":["\u00c0 la Une","Actualit\u00e9"],"inLanguage":"fr-FR","potentialAction":[{"@type":"CommentAction","name":"Comment","target":["https:\/\/lasentinelle.dz\/index.php\/2023\/12\/25\/un-dispositif-preventif-contre-la-fievre-aphteuse\/#respond"]}]},{"@type":"WebPage","@id":"https:\/\/lasentinelle.dz\/index.php\/2023\/12\/25\/un-dispositif-preventif-contre-la-fievre-aphteuse\/","url":"https:\/\/lasentinelle.dz\/index.php\/2023\/12\/25\/un-dispositif-preventif-contre-la-fievre-aphteuse\/","name":"Un dispositif pr\u00e9ventif contre la fi\u00e8vre aphteuse - La Sentinelle","isPartOf":{"@id":"https:\/\/lasentinelle.dz\/#website"},"primaryImageOfPage":{"@id":"https:\/\/lasentinelle.dz\/index.php\/2023\/12\/25\/un-dispositif-preventif-contre-la-fievre-aphteuse\/#primaryimage"},"image":{"@id":"https:\/\/lasentinelle.dz\/index.php\/2023\/12\/25\/un-dispositif-preventif-contre-la-fievre-aphteuse\/#primaryimage"},"thumbnailUrl":"https:\/\/lasentinelle.dz\/wp-content\/uploads\/2023\/12\/cheptel.jpeg","datePublished":"2023-12-25T14:14:15+00:00","dateModified":"2023-12-25T14:14:18+00:00","breadcrumb":{"@id":"https:\/\/lasentinelle.dz\/index.php\/2023\/12\/25\/un-dispositif-preventif-contre-la-fievre-aphteuse\/#breadcrumb"},"inLanguage":"fr-FR","potentialAction":[{"@type":"ReadAction","target":["https:\/\/lasentinelle.dz\/index.php\/2023\/12\/25\/un-dispositif-preventif-contre-la-fievre-aphteuse\/"]}]},{"@type":"ImageObject","inLanguage":"fr-FR","@id":"https:\/\/lasentinelle.dz\/index.php\/2023\/12\/25\/un-dispositif-preventif-contre-la-fievre-aphteuse\/#primaryimage","url":"https:\/\/lasentinelle.dz\/wp-content\/uploads\/2023\/12\/cheptel.jpeg","contentUrl":"https:\/\/lasentinelle.dz\/wp-content\/uploads\/2023\/12\/cheptel.jpeg","width":576,"height":325},{"@type":"BreadcrumbList","@id":"https:\/\/lasentinelle.dz\/index.php\/2023\/12\/25\/un-dispositif-preventif-contre-la-fievre-aphteuse\/#breadcrumb","itemListElement":[{"@type":"ListItem","position":1,"name":"Accueil","item":"https:\/\/lasentinelle.dz\/"},{"@type":"ListItem","position":2,"name":"Un dispositif pr\u00e9ventif contre la fi\u00e8vre aphteuse"}]},{"@type":"WebSite","@id":"https:\/\/lasentinelle.dz\/#website","url":"https:\/\/lasentinelle.dz\/","name":"La Sentinelle","description":"Quotidien national d&#039;information","publisher":{"@id":"https:\/\/lasentinelle.dz\/#organization"},"potentialAction":[{"@type":"SearchAction","target":{"@type":"EntryPoint","urlTemplate":"https:\/\/lasentinelle.dz\/?s={search_term_string}"},"query-input":{"@type":"PropertyValueSpecification","valueRequired":true,"valueName":"search_term_string"}}],"inLanguage":"fr-FR"},{"@type":"Organization","@id":"https:\/\/lasentinelle.dz\/#organization","name":"Quotidien La Sentinelle","url":"https:\/\/lasentinelle.dz\/","logo":{"@type":"ImageObject","inLanguage":"fr-FR","@id":"https:\/\/lasentinelle.dz\/#\/schema\/logo\/image\/","url":"https:\/\/lasentinelle.dz\/wp-content\/uploads\/2021\/09\/logo-sentinelleSLOGAN-1.png","contentUrl":"https:\/\/lasentinelle.dz\/wp-content\/uploads\/2021\/09\/logo-sentinelleSLOGAN-1.png","width":615,"height":142,"caption":"Quotidien La Sentinelle"},"image":{"@id":"https:\/\/lasentinelle.dz\/#\/schema\/logo\/image\/"},"sameAs":["https:\/\/www.facebook.com\/La-Sentinelle-104059864394773"]},{"@type":"Person","@id":"https:\/\/lasentinelle.dz\/#\/schema\/person\/d865044e22e70a75174ce8bcad3acfb3","name":"La Sentinelle","image":{"@type":"ImageObject","inLanguage":"fr-FR","@id":"https:\/\/secure.gravatar.com\/avatar\/57de8e5d4b15d43fb361a71fbb36338450fe67865b528a43dd10ef7c51a20392?s=96&d=mm&r=g","url":"https:\/\/secure.gravatar.com\/avatar\/57de8e5d4b15d43fb361a71fbb36338450fe67865b528a43dd10ef7c51a20392?s=96&d=mm&r=g","contentUrl":"https:\/\/secure.gravatar.com\/avatar\/57de8e5d4b15d43fb361a71fbb36338450fe67865b528a43dd10ef7c51a20392?s=96&d=mm&r=g","caption":"La Sentinelle"},"sameAs":["http:\/\/www.lasentinelle.dz"],"url":"https:\/\/lasentinelle.dz\/author\/redaction\/"}]}},"_links":{"self":[{"href":"https:\/\/lasentinelle.dz\/index.php\/wp-json\/wp\/v2\/posts\/48226","targetHints":{"allow":["GET"]}}],"collection":[{"href":"https:\/\/lasentinelle.dz\/index.php\/wp-json\/wp\/v2\/posts"}],"about":[{"href":"https:\/\/lasentinelle.dz\/index.php\/wp-json\/wp\/v2\/types\/post"}],"author":[{"embeddable":true,"href":"https:\/\/lasentinelle.dz\/index.php\/wp-json\/wp\/v2\/users\/3"}],"replies":[{"embeddable":true,"href":"https:\/\/lasentinelle.dz\/index.php\/wp-json\/wp\/v2\/comments?post=48226"}],"version-history":[{"count":1,"href":"https:\/\/lasentinelle.dz\/index.php\/wp-json\/wp\/v2\/posts\/48226\/revisions"}],"predecessor-version":[{"id":48228,"href":"https:\/\/lasentinelle.dz\/index.php\/wp-json\/wp\/v2\/posts\/48226\/revisions\/48228"}],"wp:featuredmedia":[{"embeddable":true,"href":"https:\/\/lasentinelle.dz\/index.php\/wp-json\/wp\/v2\/media\/48227"}],"wp:attachment":[{"href":"https:\/\/lasentinelle.dz\/index.php\/wp-json\/wp\/v2\/media?parent=48226"}],"wp:term":[{"taxonomy":"category","embeddable":true,"href":"https:\/\/lasentinelle.dz\/index.php\/wp-json\/wp\/v2\/categories?post=48226"},{"taxonomy":"post_tag","embeddable":true,"href":"https:\/\/lasentinelle.dz\/index.php\/wp-json\/wp\/v2\/tags?post=48226"}],"curies":[{"name":"wp","href":"https:\/\/api.w.org\/{rel}","templated":true}]}}