{"id":48287,"date":"2023-12-29T19:57:17","date_gmt":"2023-12-29T18:57:17","guid":{"rendered":"https:\/\/lasentinelle.dz\/?p=48287"},"modified":"2023-12-29T19:57:19","modified_gmt":"2023-12-29T18:57:19","slug":"finances-faid-appelle-a-accelerer-la-numerisation","status":"publish","type":"post","link":"https:\/\/lasentinelle.dz\/index.php\/2023\/12\/29\/finances-faid-appelle-a-accelerer-la-numerisation\/","title":{"rendered":"Finances\u00a0: Fa\u00efd appelle \u00e0 acc\u00e9l\u00e9rer la num\u00e9risation"},"content":{"rendered":"\n<p>Le ministre des Finances, Laaziz Faid a exig\u00e9, lors d\u2019une r\u00e9union p\u00e9riodique de coordination avec les cadres de son secteur \u00e0 acc\u00e9l\u00e9rer la num\u00e9risation des services et administrations relevant du d\u00e9partement des Finances, notamment le fisc, les domaines et les douanes. Selon un communiqu\u00e9 du minist\u00e8re des Finances, \u00ab\u00a0dans le cadre de la mise en \u0153uvre des orientations de Monsieur le Pr\u00e9sident de la R\u00e9publique prodigu\u00e9es lors de la r\u00e9union du Conseil des ministres du 24 d\u00e9cembre 2023, le ministre des Finances, Laaziz Faid a pr\u00e9sid\u00e9, jeudi 28 d\u00e9cembre 2023, au niveau de son d\u00e9partement minist\u00e9riel, une r\u00e9union p\u00e9riodique de coordination, visant \u00e0 examiner l\u2019\u00e9tat d\u2019avancement de la num\u00e9risation des services du minist\u00e8re, avec un accent particulier sur les secteurs des imp\u00f4ts, des domaines et de la douane\u00a0\u00bb. Il a ainsi soulign\u00e9 \u00ab\u00a0l&rsquo;importance cruciale de construire un syst\u00e8me d&rsquo;information int\u00e9gr\u00e9 pour le minist\u00e8re des Finances, en consultation avec les parties prenantes, permettant ainsi une interconnexion harmonieuse des diff\u00e9rents services et une g\u00e9n\u00e9ralisation de la num\u00e9risation \u00e0 tous les secteurs gouvernementaux\u00a0\u00bb. Selon la m\u00eame source, le processus vise \u00e0 \u00ab\u00a0favoriser l&rsquo;interop\u00e9rabilit\u00e9 des syst\u00e8mes d&rsquo;information de chaque structure, facilitant ainsi la mise en \u0153uvre de la num\u00e9risation dans tous les domaines, notamment les imp\u00f4ts, les domaines et la douane. Cette approche holistique vise \u00e0 am\u00e9liorer l&rsquo;efficacit\u00e9 op\u00e9rationnelle globale&nbsp;\u00bb. &nbsp;Dans ce contexte, le premier argentier du pays a \u00ab\u00a0exhort\u00e9 toutes les structures pr\u00e9sentes \u00e0 maintenir et \u00e0 renforcer la dynamique enclench\u00e9e en fixant des \u00e9ch\u00e9ances pr\u00e9cises pour la r\u00e9alisation des actions programm\u00e9es\u00a0\u00bb. Il aussi d\u00e9clar\u00e9 \u00ab\u00a0nous visons \u00e0 offrir aux citoyens et aux entreprises des solutions num\u00e9riques innovantes qui simplifieront leurs interactions avec les services fiscaux, domaniales et douaniers\u00a0\u00bb. Il est utile de rappeler dans ce contexte que le pr\u00e9sident de la R\u00e9publique, Abdelmadjid Tebboune a insist\u00e9, dimanche lors de la derni\u00e8re r\u00e9union du Conseil des ministres, sur l&rsquo;imp\u00e9ratif de g\u00e9n\u00e9raliser la num\u00e9risation \u00e0 tous les secteurs gouvernementaux, de mani\u00e8re unifi\u00e9e, sous la supervision du Haut-Commissariat \u00e0 la num\u00e9risation. Il a \u00e9galement ordonn\u00e9 la pr\u00e9sentation de rapports d&rsquo;\u00e9tape pour le suivi du progr\u00e8s r\u00e9alis\u00e9.<\/p>\n\n\n\n<p>Notons enfin que dans le cadre du processus de num\u00e9risation du secteur, le minist\u00e8re des Finances a inaugur\u00e9, il y a quelques jours, un centre de donn\u00e9es, regroupant l\u2019ensemble des informations et donn\u00e9es disponibles au niveau des directions et organismes sous tutelle, notamment des imp\u00f4ts, des Douanes et du Domaine nationale. Le processus, qui s\u2019adosse \u00e9galement sur un plan de refonte de la gouvernance des administrations et en question de l\u2019instauration de contrats de performances pour les cadres des structures sous tutelle, doit permettre d\u2019am\u00e9liorer la qualit\u00e9 des services aux contribuables et participer \u00e0 l\u2019assainissement de la sph\u00e8re \u00e9conomique, la lutte contre l\u2019informel et l\u2019\u00e9vasion fiscale, ainsi qu\u2019\u00e0 la moralisation de la vie publique.<\/p>\n\n\n\n<p>Samir Benisid<\/p>\n","protected":false},"excerpt":{"rendered":"<p>Le ministre des Finances, Laaziz Faid a exig\u00e9, lors d\u2019une r\u00e9union p\u00e9riodique de coordination avec les cadres de son secteur<\/p>\n","protected":false},"author":3,"featured_media":38691,"comment_status":"open","ping_status":"closed","sticky":false,"template":"","format":"standard","meta":{"colormag_page_container_layout":"default_layout","colormag_page_sidebar_layout":"default_layout","om_disable_all_campaigns":false,"_monsterinsights_skip_tracking":false,"_monsterinsights_sitenote_active":false,"_monsterinsights_sitenote_note":"","_monsterinsights_sitenote_category":0,"footnotes":"","_wpscppro_dont_share_socialmedia":false,"_wpscppro_custom_social_share_image":0,"_facebook_share_type":"","_twitter_share_type":"","_linkedin_share_type":"","_pinterest_share_type":"","_linkedin_share_type_page":"","_instagram_share_type":"","_medium_share_type":"","_threads_share_type":"","_google_business_share_type":"","_selected_social_profile":[],"_wpsp_enable_custom_social_template":false,"_wpsp_social_scheduling":{"enabled":false,"datetime":null,"platforms":[],"status":"template_only","dateOption":"today","timeOption":"now","customDays":"","customHours":"","customDate":"","customTime":"","schedulingType":"absolute"},"_wpsp_active_default_template":true},"categories":[29],"tags":[],"class_list":["post-48287","post","type-post","status-publish","format-standard","has-post-thumbnail","hentry","category-economie"],"aioseo_notices":[],"yoast_head":"<!-- This site is optimized with the Yoast SEO plugin v27.5 - https:\/\/yoast.com\/product\/yoast-seo-wordpress\/ -->\n<title>Finances\u00a0: Fa\u00efd appelle \u00e0 acc\u00e9l\u00e9rer la num\u00e9risation - La Sentinelle<\/title>\n<meta name=\"robots\" content=\"index, follow, max-snippet:-1, max-image-preview:large, max-video-preview:-1\" \/>\n<link rel=\"canonical\" href=\"https:\/\/lasentinelle.dz\/index.php\/2023\/12\/29\/finances-faid-appelle-a-accelerer-la-numerisation\/\" \/>\n<meta property=\"og:locale\" content=\"fr_FR\" \/>\n<meta property=\"og:type\" content=\"article\" \/>\n<meta property=\"og:title\" content=\"Finances\u00a0: Fa\u00efd appelle \u00e0 acc\u00e9l\u00e9rer la num\u00e9risation - La Sentinelle\" \/>\n<meta property=\"og:description\" content=\"Le ministre des Finances, Laaziz Faid a exig\u00e9, lors d\u2019une r\u00e9union p\u00e9riodique de coordination avec les cadres de son secteur\" \/>\n<meta property=\"og:url\" content=\"https:\/\/lasentinelle.dz\/index.php\/2023\/12\/29\/finances-faid-appelle-a-accelerer-la-numerisation\/\" \/>\n<meta property=\"og:site_name\" content=\"La Sentinelle\" \/>\n<meta property=\"article:publisher\" content=\"https:\/\/www.facebook.com\/La-Sentinelle-104059864394773\" \/>\n<meta property=\"article:published_time\" content=\"2023-12-29T18:57:17+00:00\" \/>\n<meta property=\"article:modified_time\" content=\"2023-12-29T18:57:19+00:00\" \/>\n<meta property=\"og:image\" content=\"https:\/\/lasentinelle.dz\/wp-content\/uploads\/2023\/03\/numerisation.png\" \/>\n\t<meta property=\"og:image:width\" content=\"1491\" \/>\n\t<meta property=\"og:image:height\" content=\"900\" \/>\n\t<meta property=\"og:image:type\" content=\"image\/png\" \/>\n<meta name=\"author\" content=\"La Sentinelle\" \/>\n<meta name=\"twitter:card\" content=\"summary_large_image\" \/>\n<meta name=\"twitter:label1\" content=\"\u00c9crit par\" \/>\n\t<meta name=\"twitter:data1\" content=\"La Sentinelle\" \/>\n\t<meta name=\"twitter:label2\" content=\"Dur\u00e9e de lecture estim\u00e9e\" \/>\n\t<meta name=\"twitter:data2\" content=\"3 minutes\" \/>\n<script type=\"application\/ld+json\" class=\"yoast-schema-graph\">{\"@context\":\"https:\\\/\\\/schema.org\",\"@graph\":[{\"@type\":\"Article\",\"@id\":\"https:\\\/\\\/lasentinelle.dz\\\/index.php\\\/2023\\\/12\\\/29\\\/finances-faid-appelle-a-accelerer-la-numerisation\\\/#article\",\"isPartOf\":{\"@id\":\"https:\\\/\\\/lasentinelle.dz\\\/index.php\\\/2023\\\/12\\\/29\\\/finances-faid-appelle-a-accelerer-la-numerisation\\\/\"},\"author\":{\"name\":\"La Sentinelle\",\"@id\":\"https:\\\/\\\/lasentinelle.dz\\\/#\\\/schema\\\/person\\\/d865044e22e70a75174ce8bcad3acfb3\"},\"headline\":\"Finances\u00a0: Fa\u00efd appelle \u00e0 acc\u00e9l\u00e9rer la num\u00e9risation\",\"datePublished\":\"2023-12-29T18:57:17+00:00\",\"dateModified\":\"2023-12-29T18:57:19+00:00\",\"mainEntityOfPage\":{\"@id\":\"https:\\\/\\\/lasentinelle.dz\\\/index.php\\\/2023\\\/12\\\/29\\\/finances-faid-appelle-a-accelerer-la-numerisation\\\/\"},\"wordCount\":535,\"commentCount\":0,\"publisher\":{\"@id\":\"https:\\\/\\\/lasentinelle.dz\\\/#organization\"},\"image\":{\"@id\":\"https:\\\/\\\/lasentinelle.dz\\\/index.php\\\/2023\\\/12\\\/29\\\/finances-faid-appelle-a-accelerer-la-numerisation\\\/#primaryimage\"},\"thumbnailUrl\":\"https:\\\/\\\/lasentinelle.dz\\\/wp-content\\\/uploads\\\/2023\\\/03\\\/numerisation.png\",\"articleSection\":[\"\u00c9conomie\"],\"inLanguage\":\"fr-FR\",\"potentialAction\":[{\"@type\":\"CommentAction\",\"name\":\"Comment\",\"target\":[\"https:\\\/\\\/lasentinelle.dz\\\/index.php\\\/2023\\\/12\\\/29\\\/finances-faid-appelle-a-accelerer-la-numerisation\\\/#respond\"]}]},{\"@type\":\"WebPage\",\"@id\":\"https:\\\/\\\/lasentinelle.dz\\\/index.php\\\/2023\\\/12\\\/29\\\/finances-faid-appelle-a-accelerer-la-numerisation\\\/\",\"url\":\"https:\\\/\\\/lasentinelle.dz\\\/index.php\\\/2023\\\/12\\\/29\\\/finances-faid-appelle-a-accelerer-la-numerisation\\\/\",\"name\":\"Finances\u00a0: Fa\u00efd appelle \u00e0 acc\u00e9l\u00e9rer la num\u00e9risation - La Sentinelle\",\"isPartOf\":{\"@id\":\"https:\\\/\\\/lasentinelle.dz\\\/#website\"},\"primaryImageOfPage\":{\"@id\":\"https:\\\/\\\/lasentinelle.dz\\\/index.php\\\/2023\\\/12\\\/29\\\/finances-faid-appelle-a-accelerer-la-numerisation\\\/#primaryimage\"},\"image\":{\"@id\":\"https:\\\/\\\/lasentinelle.dz\\\/index.php\\\/2023\\\/12\\\/29\\\/finances-faid-appelle-a-accelerer-la-numerisation\\\/#primaryimage\"},\"thumbnailUrl\":\"https:\\\/\\\/lasentinelle.dz\\\/wp-content\\\/uploads\\\/2023\\\/03\\\/numerisation.png\",\"datePublished\":\"2023-12-29T18:57:17+00:00\",\"dateModified\":\"2023-12-29T18:57:19+00:00\",\"breadcrumb\":{\"@id\":\"https:\\\/\\\/lasentinelle.dz\\\/index.php\\\/2023\\\/12\\\/29\\\/finances-faid-appelle-a-accelerer-la-numerisation\\\/#breadcrumb\"},\"inLanguage\":\"fr-FR\",\"potentialAction\":[{\"@type\":\"ReadAction\",\"target\":[\"https:\\\/\\\/lasentinelle.dz\\\/index.php\\\/2023\\\/12\\\/29\\\/finances-faid-appelle-a-accelerer-la-numerisation\\\/\"]}]},{\"@type\":\"ImageObject\",\"inLanguage\":\"fr-FR\",\"@id\":\"https:\\\/\\\/lasentinelle.dz\\\/index.php\\\/2023\\\/12\\\/29\\\/finances-faid-appelle-a-accelerer-la-numerisation\\\/#primaryimage\",\"url\":\"https:\\\/\\\/lasentinelle.dz\\\/wp-content\\\/uploads\\\/2023\\\/03\\\/numerisation.png\",\"contentUrl\":\"https:\\\/\\\/lasentinelle.dz\\\/wp-content\\\/uploads\\\/2023\\\/03\\\/numerisation.png\",\"width\":1491,\"height\":900},{\"@type\":\"BreadcrumbList\",\"@id\":\"https:\\\/\\\/lasentinelle.dz\\\/index.php\\\/2023\\\/12\\\/29\\\/finances-faid-appelle-a-accelerer-la-numerisation\\\/#breadcrumb\",\"itemListElement\":[{\"@type\":\"ListItem\",\"position\":1,\"name\":\"Accueil\",\"item\":\"https:\\\/\\\/lasentinelle.dz\\\/\"},{\"@type\":\"ListItem\",\"position\":2,\"name\":\"Finances\u00a0: Fa\u00efd appelle \u00e0 acc\u00e9l\u00e9rer la num\u00e9risation\"}]},{\"@type\":\"WebSite\",\"@id\":\"https:\\\/\\\/lasentinelle.dz\\\/#website\",\"url\":\"https:\\\/\\\/lasentinelle.dz\\\/\",\"name\":\"La Sentinelle\",\"description\":\"Quotidien national d&#039;information\",\"publisher\":{\"@id\":\"https:\\\/\\\/lasentinelle.dz\\\/#organization\"},\"potentialAction\":[{\"@type\":\"SearchAction\",\"target\":{\"@type\":\"EntryPoint\",\"urlTemplate\":\"https:\\\/\\\/lasentinelle.dz\\\/?s={search_term_string}\"},\"query-input\":{\"@type\":\"PropertyValueSpecification\",\"valueRequired\":true,\"valueName\":\"search_term_string\"}}],\"inLanguage\":\"fr-FR\"},{\"@type\":\"Organization\",\"@id\":\"https:\\\/\\\/lasentinelle.dz\\\/#organization\",\"name\":\"Quotidien La Sentinelle\",\"url\":\"https:\\\/\\\/lasentinelle.dz\\\/\",\"logo\":{\"@type\":\"ImageObject\",\"inLanguage\":\"fr-FR\",\"@id\":\"https:\\\/\\\/lasentinelle.dz\\\/#\\\/schema\\\/logo\\\/image\\\/\",\"url\":\"https:\\\/\\\/lasentinelle.dz\\\/wp-content\\\/uploads\\\/2021\\\/09\\\/logo-sentinelleSLOGAN-1.png\",\"contentUrl\":\"https:\\\/\\\/lasentinelle.dz\\\/wp-content\\\/uploads\\\/2021\\\/09\\\/logo-sentinelleSLOGAN-1.png\",\"width\":615,\"height\":142,\"caption\":\"Quotidien La Sentinelle\"},\"image\":{\"@id\":\"https:\\\/\\\/lasentinelle.dz\\\/#\\\/schema\\\/logo\\\/image\\\/\"},\"sameAs\":[\"https:\\\/\\\/www.facebook.com\\\/La-Sentinelle-104059864394773\"]},{\"@type\":\"Person\",\"@id\":\"https:\\\/\\\/lasentinelle.dz\\\/#\\\/schema\\\/person\\\/d865044e22e70a75174ce8bcad3acfb3\",\"name\":\"La Sentinelle\",\"image\":{\"@type\":\"ImageObject\",\"inLanguage\":\"fr-FR\",\"@id\":\"https:\\\/\\\/secure.gravatar.com\\\/avatar\\\/57de8e5d4b15d43fb361a71fbb36338450fe67865b528a43dd10ef7c51a20392?s=96&d=mm&r=g\",\"url\":\"https:\\\/\\\/secure.gravatar.com\\\/avatar\\\/57de8e5d4b15d43fb361a71fbb36338450fe67865b528a43dd10ef7c51a20392?s=96&d=mm&r=g\",\"contentUrl\":\"https:\\\/\\\/secure.gravatar.com\\\/avatar\\\/57de8e5d4b15d43fb361a71fbb36338450fe67865b528a43dd10ef7c51a20392?s=96&d=mm&r=g\",\"caption\":\"La Sentinelle\"},\"sameAs\":[\"http:\\\/\\\/www.lasentinelle.dz\"],\"url\":\"https:\\\/\\\/lasentinelle.dz\\\/author\\\/redaction\\\/\"}]}<\/script>\n<!-- \/ Yoast SEO plugin. -->","yoast_head_json":{"title":"Finances\u00a0: Fa\u00efd appelle \u00e0 acc\u00e9l\u00e9rer la num\u00e9risation - La Sentinelle","robots":{"index":"index","follow":"follow","max-snippet":"max-snippet:-1","max-image-preview":"max-image-preview:large","max-video-preview":"max-video-preview:-1"},"canonical":"https:\/\/lasentinelle.dz\/index.php\/2023\/12\/29\/finances-faid-appelle-a-accelerer-la-numerisation\/","og_locale":"fr_FR","og_type":"article","og_title":"Finances\u00a0: Fa\u00efd appelle \u00e0 acc\u00e9l\u00e9rer la num\u00e9risation - La Sentinelle","og_description":"Le ministre des Finances, Laaziz Faid a exig\u00e9, lors d\u2019une r\u00e9union p\u00e9riodique de coordination avec les cadres de son secteur","og_url":"https:\/\/lasentinelle.dz\/index.php\/2023\/12\/29\/finances-faid-appelle-a-accelerer-la-numerisation\/","og_site_name":"La Sentinelle","article_publisher":"https:\/\/www.facebook.com\/La-Sentinelle-104059864394773","article_published_time":"2023-12-29T18:57:17+00:00","article_modified_time":"2023-12-29T18:57:19+00:00","og_image":[{"width":1491,"height":900,"url":"https:\/\/lasentinelle.dz\/wp-content\/uploads\/2023\/03\/numerisation.png","type":"image\/png"}],"author":"La Sentinelle","twitter_card":"summary_large_image","twitter_misc":{"\u00c9crit par":"La Sentinelle","Dur\u00e9e de lecture estim\u00e9e":"3 minutes"},"schema":{"@context":"https:\/\/schema.org","@graph":[{"@type":"Article","@id":"https:\/\/lasentinelle.dz\/index.php\/2023\/12\/29\/finances-faid-appelle-a-accelerer-la-numerisation\/#article","isPartOf":{"@id":"https:\/\/lasentinelle.dz\/index.php\/2023\/12\/29\/finances-faid-appelle-a-accelerer-la-numerisation\/"},"author":{"name":"La Sentinelle","@id":"https:\/\/lasentinelle.dz\/#\/schema\/person\/d865044e22e70a75174ce8bcad3acfb3"},"headline":"Finances\u00a0: Fa\u00efd appelle \u00e0 acc\u00e9l\u00e9rer la num\u00e9risation","datePublished":"2023-12-29T18:57:17+00:00","dateModified":"2023-12-29T18:57:19+00:00","mainEntityOfPage":{"@id":"https:\/\/lasentinelle.dz\/index.php\/2023\/12\/29\/finances-faid-appelle-a-accelerer-la-numerisation\/"},"wordCount":535,"commentCount":0,"publisher":{"@id":"https:\/\/lasentinelle.dz\/#organization"},"image":{"@id":"https:\/\/lasentinelle.dz\/index.php\/2023\/12\/29\/finances-faid-appelle-a-accelerer-la-numerisation\/#primaryimage"},"thumbnailUrl":"https:\/\/lasentinelle.dz\/wp-content\/uploads\/2023\/03\/numerisation.png","articleSection":["\u00c9conomie"],"inLanguage":"fr-FR","potentialAction":[{"@type":"CommentAction","name":"Comment","target":["https:\/\/lasentinelle.dz\/index.php\/2023\/12\/29\/finances-faid-appelle-a-accelerer-la-numerisation\/#respond"]}]},{"@type":"WebPage","@id":"https:\/\/lasentinelle.dz\/index.php\/2023\/12\/29\/finances-faid-appelle-a-accelerer-la-numerisation\/","url":"https:\/\/lasentinelle.dz\/index.php\/2023\/12\/29\/finances-faid-appelle-a-accelerer-la-numerisation\/","name":"Finances\u00a0: Fa\u00efd appelle \u00e0 acc\u00e9l\u00e9rer la num\u00e9risation - La Sentinelle","isPartOf":{"@id":"https:\/\/lasentinelle.dz\/#website"},"primaryImageOfPage":{"@id":"https:\/\/lasentinelle.dz\/index.php\/2023\/12\/29\/finances-faid-appelle-a-accelerer-la-numerisation\/#primaryimage"},"image":{"@id":"https:\/\/lasentinelle.dz\/index.php\/2023\/12\/29\/finances-faid-appelle-a-accelerer-la-numerisation\/#primaryimage"},"thumbnailUrl":"https:\/\/lasentinelle.dz\/wp-content\/uploads\/2023\/03\/numerisation.png","datePublished":"2023-12-29T18:57:17+00:00","dateModified":"2023-12-29T18:57:19+00:00","breadcrumb":{"@id":"https:\/\/lasentinelle.dz\/index.php\/2023\/12\/29\/finances-faid-appelle-a-accelerer-la-numerisation\/#breadcrumb"},"inLanguage":"fr-FR","potentialAction":[{"@type":"ReadAction","target":["https:\/\/lasentinelle.dz\/index.php\/2023\/12\/29\/finances-faid-appelle-a-accelerer-la-numerisation\/"]}]},{"@type":"ImageObject","inLanguage":"fr-FR","@id":"https:\/\/lasentinelle.dz\/index.php\/2023\/12\/29\/finances-faid-appelle-a-accelerer-la-numerisation\/#primaryimage","url":"https:\/\/lasentinelle.dz\/wp-content\/uploads\/2023\/03\/numerisation.png","contentUrl":"https:\/\/lasentinelle.dz\/wp-content\/uploads\/2023\/03\/numerisation.png","width":1491,"height":900},{"@type":"BreadcrumbList","@id":"https:\/\/lasentinelle.dz\/index.php\/2023\/12\/29\/finances-faid-appelle-a-accelerer-la-numerisation\/#breadcrumb","itemListElement":[{"@type":"ListItem","position":1,"name":"Accueil","item":"https:\/\/lasentinelle.dz\/"},{"@type":"ListItem","position":2,"name":"Finances\u00a0: Fa\u00efd appelle \u00e0 acc\u00e9l\u00e9rer la num\u00e9risation"}]},{"@type":"WebSite","@id":"https:\/\/lasentinelle.dz\/#website","url":"https:\/\/lasentinelle.dz\/","name":"La Sentinelle","description":"Quotidien national d&#039;information","publisher":{"@id":"https:\/\/lasentinelle.dz\/#organization"},"potentialAction":[{"@type":"SearchAction","target":{"@type":"EntryPoint","urlTemplate":"https:\/\/lasentinelle.dz\/?s={search_term_string}"},"query-input":{"@type":"PropertyValueSpecification","valueRequired":true,"valueName":"search_term_string"}}],"inLanguage":"fr-FR"},{"@type":"Organization","@id":"https:\/\/lasentinelle.dz\/#organization","name":"Quotidien La Sentinelle","url":"https:\/\/lasentinelle.dz\/","logo":{"@type":"ImageObject","inLanguage":"fr-FR","@id":"https:\/\/lasentinelle.dz\/#\/schema\/logo\/image\/","url":"https:\/\/lasentinelle.dz\/wp-content\/uploads\/2021\/09\/logo-sentinelleSLOGAN-1.png","contentUrl":"https:\/\/lasentinelle.dz\/wp-content\/uploads\/2021\/09\/logo-sentinelleSLOGAN-1.png","width":615,"height":142,"caption":"Quotidien La Sentinelle"},"image":{"@id":"https:\/\/lasentinelle.dz\/#\/schema\/logo\/image\/"},"sameAs":["https:\/\/www.facebook.com\/La-Sentinelle-104059864394773"]},{"@type":"Person","@id":"https:\/\/lasentinelle.dz\/#\/schema\/person\/d865044e22e70a75174ce8bcad3acfb3","name":"La Sentinelle","image":{"@type":"ImageObject","inLanguage":"fr-FR","@id":"https:\/\/secure.gravatar.com\/avatar\/57de8e5d4b15d43fb361a71fbb36338450fe67865b528a43dd10ef7c51a20392?s=96&d=mm&r=g","url":"https:\/\/secure.gravatar.com\/avatar\/57de8e5d4b15d43fb361a71fbb36338450fe67865b528a43dd10ef7c51a20392?s=96&d=mm&r=g","contentUrl":"https:\/\/secure.gravatar.com\/avatar\/57de8e5d4b15d43fb361a71fbb36338450fe67865b528a43dd10ef7c51a20392?s=96&d=mm&r=g","caption":"La Sentinelle"},"sameAs":["http:\/\/www.lasentinelle.dz"],"url":"https:\/\/lasentinelle.dz\/author\/redaction\/"}]}},"_links":{"self":[{"href":"https:\/\/lasentinelle.dz\/index.php\/wp-json\/wp\/v2\/posts\/48287","targetHints":{"allow":["GET"]}}],"collection":[{"href":"https:\/\/lasentinelle.dz\/index.php\/wp-json\/wp\/v2\/posts"}],"about":[{"href":"https:\/\/lasentinelle.dz\/index.php\/wp-json\/wp\/v2\/types\/post"}],"author":[{"embeddable":true,"href":"https:\/\/lasentinelle.dz\/index.php\/wp-json\/wp\/v2\/users\/3"}],"replies":[{"embeddable":true,"href":"https:\/\/lasentinelle.dz\/index.php\/wp-json\/wp\/v2\/comments?post=48287"}],"version-history":[{"count":1,"href":"https:\/\/lasentinelle.dz\/index.php\/wp-json\/wp\/v2\/posts\/48287\/revisions"}],"predecessor-version":[{"id":48288,"href":"https:\/\/lasentinelle.dz\/index.php\/wp-json\/wp\/v2\/posts\/48287\/revisions\/48288"}],"wp:featuredmedia":[{"embeddable":true,"href":"https:\/\/lasentinelle.dz\/index.php\/wp-json\/wp\/v2\/media\/38691"}],"wp:attachment":[{"href":"https:\/\/lasentinelle.dz\/index.php\/wp-json\/wp\/v2\/media?parent=48287"}],"wp:term":[{"taxonomy":"category","embeddable":true,"href":"https:\/\/lasentinelle.dz\/index.php\/wp-json\/wp\/v2\/categories?post=48287"},{"taxonomy":"post_tag","embeddable":true,"href":"https:\/\/lasentinelle.dz\/index.php\/wp-json\/wp\/v2\/tags?post=48287"}],"curies":[{"name":"wp","href":"https:\/\/api.w.org\/{rel}","templated":true}]}}