{"id":48334,"date":"2023-12-31T13:51:00","date_gmt":"2023-12-31T12:51:00","guid":{"rendered":"https:\/\/lasentinelle.dz\/?p=48334"},"modified":"2024-01-01T13:52:17","modified_gmt":"2024-01-01T12:52:17","slug":"la-depouille-du-defunt-general-major-a-la-retraite-khaled-nezzar-inhumee-au","status":"publish","type":"post","link":"https:\/\/lasentinelle.dz\/index.php\/2023\/12\/31\/la-depouille-du-defunt-general-major-a-la-retraite-khaled-nezzar-inhumee-au\/","title":{"rendered":"La d\u00e9pouille du d\u00e9funt G\u00e9n\u00e9ral-Major \u00e0 la retraite Khaled Nezzar inhum\u00e9e au"},"content":{"rendered":"\n<p><strong>cimeti\u00e8re d&rsquo;El-Alia&nbsp;<\/strong><strong>: L\u2019hommage au patriote<\/strong><\/p>\n\n\n\n<p>La d\u00e9pouille du d\u00e9funt G\u00e9n\u00e9ral-Major \u00e0 la retraite, ancien ministre de la D\u00e9fense nationale, Khaled Nezzar, a \u00e9t\u00e9 inhum\u00e9e hier apr\u00e8s-midi au cimeti\u00e8re d&rsquo;El-Alia (Alger) en pr\u00e9sence du G\u00e9n\u00e9ral d\u2019Arm\u00e9e Sa\u00efd Chanegriha, Chef d&rsquo;Etat-Major de l\u2019Arm\u00e9e nationale populaire (ANP), du Premier ministre, Nadir Larbaoui, du Directeur de Cabinet \u00e0 la Pr\u00e9sidence de la R\u00e9publique par Int\u00e9rim, Boualem Boualem, ainsi que des membres du Gouvernement. &nbsp;\u00ab\u00a0Le G\u00e9n\u00e9ral d\u2019Arm\u00e9e, Commandant de la Garde R\u00e9publicaine, le Secr\u00e9taire G\u00e9n\u00e9ral du minist\u00e8re de la D\u00e9fense nationale, les Commandants de Forces et de la Gendarmerie nationale, le Commandant de la 1\u00e8re R\u00e9gion militaire, les Chefs des D\u00e9partements et les Directeurs et Chefs de Services centraux du minist\u00e8re de la D\u00e9fense nationale et de l\u2019Etat-Major de l\u2019Arm\u00e9e nationale populaire, ainsi que des personnalit\u00e9s nationales et r\u00e9volutionnaires, des membres de la famille du d\u00e9funt et d\u2019un nombre de citoyens\u00a0\u00bb ont assist\u00e9 \u00e9galement aux fun\u00e9railles, pr\u00e9cise un communiqu\u00e9 du minist\u00e8re de la D\u00e9fense nationale. Dans son oraison fun\u00e8bre, l\u2019Inspecteur de l\u2019Information et de la Communication de l\u2019Etat-Major de l\u2019ANP \u00ab\u00a0a rendu hommage au d\u00e9funt, saluant ses valeurs et son parcours riche et honorable en tant que moudjahid dans les rangs de l\u2019Arm\u00e9e de lib\u00e9ration nationale durant la Glorieuse R\u00e9volution de lib\u00e9ration nationale et cadre sup\u00e9rieur de l\u2019Arm\u00e9e nationale populaire apr\u00e8s l\u2019ind\u00e9pendance\u00a0\u00bb.<\/p>\n\n\n\n<p>\u00ab\u00a0Plus t\u00f4t dans la matin\u00e9e de ce samedi, Monsieur le G\u00e9n\u00e9ral d\u2019Arm\u00e9e, Sa\u00efd Chanegriha, Chef d\u2019Etat-Major de l\u2019Arm\u00e9e nationale populaire, en compagnie de hauts responsables de l\u2019ANP, s\u2019\u00e9tait rendu \u00e0 la maison familiale du d\u00e9funt, o\u00f9 il a assist\u00e9 \u00e0 la lev\u00e9e du corps et \u00e0 la r\u00e9citation de la Fatiha du Saint Coran sur l&rsquo;\u00e2me du d\u00e9funt\u00a0\u00bb, rappelle le communiqu\u00e9.<\/p>\n\n\n\n<p>Le moudjahid Khaled Nezzar est d\u00e9c\u00e9d\u00e9, vendredi, \u00e0 l\u2019\u00e2ge de 86 ans, des suites d\u2019une longue maladie. Khaled Nezzar est n\u00e9 le 25 d\u00e9cembre 1937 \u00e0 Seriana, dans l\u2019actuelle wilaya de Batna. Il avait int\u00e9gr\u00e9&nbsp; l\u2019\u00e9cole militaire pr\u00e9paratoire de Miliana en 1949, puis celle de Kol\u00e9a en 1950 et enfin celle d\u2019Aix-en-Provence de 1951 \u00e0 1953. Il rejoint alors l\u2019\u00e9cole de Strasbourg puis l\u2019\u00c9cole nationale des sous-officiers d\u2019active \u00e0 Saint-Maixent-l\u2019\u00c9cole, d\u2019o\u00f9 il sort sous-officier. Le 27 avril 1958, il d\u00e9serte de l\u2019Arm\u00e9e fran\u00e7aise pour rejoindre l\u2019Arm\u00e9e de lib\u00e9ration nationale. En 1964, il int\u00e8gre l\u2019Acad\u00e9mie militaire Frounze, en Union sovi\u00e9tique, puis en 1975, l\u2019\u00c9cole de Guerre \u00e0 Paris. Il est nomm\u00e9 commandant des forces terrestres en 1986. Le 16 novembre 1988, il est nomm\u00e9 chef d\u2019\u00c9tat-major de l\u2019Arm\u00e9e nationale populaire, juste apr\u00e8s les \u00e9v\u00e9nements du 5 octobre 1988. Il est ministre de la D\u00e9fense nationale entre 1990 et 1993 avant de prendre sa retraite. Le pr\u00e9sident de la R\u00e9publique, Chef supr\u00eame des<\/p>\n\n\n\n<p>Forces arm\u00e9es, ministre de la D\u00e9fense nationale, M. Abdelmadjid Tebboune, a adress\u00e9, vendredi, un message de condol\u00e9ances \u00e0 la famille de l&rsquo;ancien ministre de la D\u00e9fense nationale, le G\u00e9n\u00e9ral-major \u00e0 la retraite Khaled Nezzar. Le pr\u00e9sident de la R\u00e9publique a \u00e9galement mis en avant le parcours du d\u00e9funt et son militantisme et a rappel\u00e9 que \u00ab&nbsp;le d\u00e9funt fut une \u00e9minente personnalit\u00e9 militaire ayant vou\u00e9 sa vie, pleine de sacrifices et de d\u00e9vouement, au service de la patrie, \u00e0 partir des diff\u00e9rents postes et responsabilit\u00e9s qu&rsquo;il a occup\u00e9s&nbsp;\u00bb.<\/p>\n\n\n\n<p>R.N.<\/p>\n","protected":false},"excerpt":{"rendered":"<p>cimeti\u00e8re d&rsquo;El-Alia&nbsp;: L\u2019hommage au patriote La d\u00e9pouille du d\u00e9funt G\u00e9n\u00e9ral-Major \u00e0 la retraite, ancien ministre de la D\u00e9fense nationale, Khaled<\/p>\n","protected":false},"author":3,"featured_media":48335,"comment_status":"open","ping_status":"closed","sticky":false,"template":"","format":"standard","meta":{"colormag_page_container_layout":"default_layout","colormag_page_sidebar_layout":"default_layout","om_disable_all_campaigns":false,"_monsterinsights_skip_tracking":false,"_monsterinsights_sitenote_active":false,"_monsterinsights_sitenote_note":"","_monsterinsights_sitenote_category":0,"footnotes":"","_wpscppro_dont_share_socialmedia":false,"_wpscppro_custom_social_share_image":0,"_facebook_share_type":"","_twitter_share_type":"","_linkedin_share_type":"","_pinterest_share_type":"","_linkedin_share_type_page":"","_instagram_share_type":"","_medium_share_type":"","_threads_share_type":"","_google_business_share_type":"","_selected_social_profile":[],"_wpsp_enable_custom_social_template":false,"_wpsp_social_scheduling":{"enabled":false,"datetime":null,"platforms":[],"status":"template_only","dateOption":"today","timeOption":"now","customDays":"","customHours":"","customDate":"","customTime":"","schedulingType":"absolute"},"_wpsp_active_default_template":true},"categories":[52,27],"tags":[],"class_list":["post-48334","post","type-post","status-publish","format-standard","has-post-thumbnail","hentry","category-a-la-une","category-actualite"],"aioseo_notices":[],"yoast_head":"<!-- This site is optimized with the Yoast SEO plugin v27.5 - https:\/\/yoast.com\/product\/yoast-seo-wordpress\/ -->\n<title>La d\u00e9pouille du d\u00e9funt G\u00e9n\u00e9ral-Major \u00e0 la retraite Khaled Nezzar inhum\u00e9e au - La Sentinelle<\/title>\n<meta name=\"robots\" content=\"index, follow, max-snippet:-1, max-image-preview:large, max-video-preview:-1\" \/>\n<link rel=\"canonical\" href=\"https:\/\/lasentinelle.dz\/index.php\/2023\/12\/31\/la-depouille-du-defunt-general-major-a-la-retraite-khaled-nezzar-inhumee-au\/\" \/>\n<meta property=\"og:locale\" content=\"fr_FR\" \/>\n<meta property=\"og:type\" content=\"article\" \/>\n<meta property=\"og:title\" content=\"La d\u00e9pouille du d\u00e9funt G\u00e9n\u00e9ral-Major \u00e0 la retraite Khaled Nezzar inhum\u00e9e au - La Sentinelle\" \/>\n<meta property=\"og:description\" content=\"cimeti\u00e8re d&rsquo;El-Alia&nbsp;: L\u2019hommage au patriote La d\u00e9pouille du d\u00e9funt G\u00e9n\u00e9ral-Major \u00e0 la retraite, ancien ministre de la D\u00e9fense nationale, Khaled\" \/>\n<meta property=\"og:url\" content=\"https:\/\/lasentinelle.dz\/index.php\/2023\/12\/31\/la-depouille-du-defunt-general-major-a-la-retraite-khaled-nezzar-inhumee-au\/\" \/>\n<meta property=\"og:site_name\" content=\"La Sentinelle\" \/>\n<meta property=\"article:publisher\" content=\"https:\/\/www.facebook.com\/La-Sentinelle-104059864394773\" \/>\n<meta property=\"article:published_time\" content=\"2023-12-31T12:51:00+00:00\" \/>\n<meta property=\"article:modified_time\" content=\"2024-01-01T12:52:17+00:00\" \/>\n<meta property=\"og:image\" content=\"https:\/\/lasentinelle.dz\/wp-content\/uploads\/2024\/01\/nezzar.webp\" \/>\n\t<meta property=\"og:image:width\" content=\"780\" \/>\n\t<meta property=\"og:image:height\" content=\"585\" \/>\n\t<meta property=\"og:image:type\" content=\"image\/webp\" \/>\n<meta name=\"author\" content=\"La Sentinelle\" \/>\n<meta name=\"twitter:card\" content=\"summary_large_image\" \/>\n<meta name=\"twitter:label1\" content=\"\u00c9crit par\" \/>\n\t<meta name=\"twitter:data1\" content=\"La Sentinelle\" \/>\n\t<meta name=\"twitter:label2\" content=\"Dur\u00e9e de lecture estim\u00e9e\" \/>\n\t<meta name=\"twitter:data2\" content=\"3 minutes\" \/>\n<script type=\"application\/ld+json\" class=\"yoast-schema-graph\">{\"@context\":\"https:\\\/\\\/schema.org\",\"@graph\":[{\"@type\":\"Article\",\"@id\":\"https:\\\/\\\/lasentinelle.dz\\\/index.php\\\/2023\\\/12\\\/31\\\/la-depouille-du-defunt-general-major-a-la-retraite-khaled-nezzar-inhumee-au\\\/#article\",\"isPartOf\":{\"@id\":\"https:\\\/\\\/lasentinelle.dz\\\/index.php\\\/2023\\\/12\\\/31\\\/la-depouille-du-defunt-general-major-a-la-retraite-khaled-nezzar-inhumee-au\\\/\"},\"author\":{\"name\":\"La Sentinelle\",\"@id\":\"https:\\\/\\\/lasentinelle.dz\\\/#\\\/schema\\\/person\\\/d865044e22e70a75174ce8bcad3acfb3\"},\"headline\":\"La d\u00e9pouille du d\u00e9funt G\u00e9n\u00e9ral-Major \u00e0 la retraite Khaled Nezzar inhum\u00e9e au\",\"datePublished\":\"2023-12-31T12:51:00+00:00\",\"dateModified\":\"2024-01-01T12:52:17+00:00\",\"mainEntityOfPage\":{\"@id\":\"https:\\\/\\\/lasentinelle.dz\\\/index.php\\\/2023\\\/12\\\/31\\\/la-depouille-du-defunt-general-major-a-la-retraite-khaled-nezzar-inhumee-au\\\/\"},\"wordCount\":654,\"commentCount\":0,\"publisher\":{\"@id\":\"https:\\\/\\\/lasentinelle.dz\\\/#organization\"},\"image\":{\"@id\":\"https:\\\/\\\/lasentinelle.dz\\\/index.php\\\/2023\\\/12\\\/31\\\/la-depouille-du-defunt-general-major-a-la-retraite-khaled-nezzar-inhumee-au\\\/#primaryimage\"},\"thumbnailUrl\":\"https:\\\/\\\/lasentinelle.dz\\\/wp-content\\\/uploads\\\/2024\\\/01\\\/nezzar.webp\",\"articleSection\":[\"\u00c0 la Une\",\"Actualit\u00e9\"],\"inLanguage\":\"fr-FR\",\"potentialAction\":[{\"@type\":\"CommentAction\",\"name\":\"Comment\",\"target\":[\"https:\\\/\\\/lasentinelle.dz\\\/index.php\\\/2023\\\/12\\\/31\\\/la-depouille-du-defunt-general-major-a-la-retraite-khaled-nezzar-inhumee-au\\\/#respond\"]}]},{\"@type\":\"WebPage\",\"@id\":\"https:\\\/\\\/lasentinelle.dz\\\/index.php\\\/2023\\\/12\\\/31\\\/la-depouille-du-defunt-general-major-a-la-retraite-khaled-nezzar-inhumee-au\\\/\",\"url\":\"https:\\\/\\\/lasentinelle.dz\\\/index.php\\\/2023\\\/12\\\/31\\\/la-depouille-du-defunt-general-major-a-la-retraite-khaled-nezzar-inhumee-au\\\/\",\"name\":\"La d\u00e9pouille du d\u00e9funt G\u00e9n\u00e9ral-Major \u00e0 la retraite Khaled Nezzar inhum\u00e9e au - La Sentinelle\",\"isPartOf\":{\"@id\":\"https:\\\/\\\/lasentinelle.dz\\\/#website\"},\"primaryImageOfPage\":{\"@id\":\"https:\\\/\\\/lasentinelle.dz\\\/index.php\\\/2023\\\/12\\\/31\\\/la-depouille-du-defunt-general-major-a-la-retraite-khaled-nezzar-inhumee-au\\\/#primaryimage\"},\"image\":{\"@id\":\"https:\\\/\\\/lasentinelle.dz\\\/index.php\\\/2023\\\/12\\\/31\\\/la-depouille-du-defunt-general-major-a-la-retraite-khaled-nezzar-inhumee-au\\\/#primaryimage\"},\"thumbnailUrl\":\"https:\\\/\\\/lasentinelle.dz\\\/wp-content\\\/uploads\\\/2024\\\/01\\\/nezzar.webp\",\"datePublished\":\"2023-12-31T12:51:00+00:00\",\"dateModified\":\"2024-01-01T12:52:17+00:00\",\"breadcrumb\":{\"@id\":\"https:\\\/\\\/lasentinelle.dz\\\/index.php\\\/2023\\\/12\\\/31\\\/la-depouille-du-defunt-general-major-a-la-retraite-khaled-nezzar-inhumee-au\\\/#breadcrumb\"},\"inLanguage\":\"fr-FR\",\"potentialAction\":[{\"@type\":\"ReadAction\",\"target\":[\"https:\\\/\\\/lasentinelle.dz\\\/index.php\\\/2023\\\/12\\\/31\\\/la-depouille-du-defunt-general-major-a-la-retraite-khaled-nezzar-inhumee-au\\\/\"]}]},{\"@type\":\"ImageObject\",\"inLanguage\":\"fr-FR\",\"@id\":\"https:\\\/\\\/lasentinelle.dz\\\/index.php\\\/2023\\\/12\\\/31\\\/la-depouille-du-defunt-general-major-a-la-retraite-khaled-nezzar-inhumee-au\\\/#primaryimage\",\"url\":\"https:\\\/\\\/lasentinelle.dz\\\/wp-content\\\/uploads\\\/2024\\\/01\\\/nezzar.webp\",\"contentUrl\":\"https:\\\/\\\/lasentinelle.dz\\\/wp-content\\\/uploads\\\/2024\\\/01\\\/nezzar.webp\",\"width\":780,\"height\":585},{\"@type\":\"BreadcrumbList\",\"@id\":\"https:\\\/\\\/lasentinelle.dz\\\/index.php\\\/2023\\\/12\\\/31\\\/la-depouille-du-defunt-general-major-a-la-retraite-khaled-nezzar-inhumee-au\\\/#breadcrumb\",\"itemListElement\":[{\"@type\":\"ListItem\",\"position\":1,\"name\":\"Accueil\",\"item\":\"https:\\\/\\\/lasentinelle.dz\\\/\"},{\"@type\":\"ListItem\",\"position\":2,\"name\":\"La d\u00e9pouille du d\u00e9funt G\u00e9n\u00e9ral-Major \u00e0 la retraite Khaled Nezzar inhum\u00e9e au\"}]},{\"@type\":\"WebSite\",\"@id\":\"https:\\\/\\\/lasentinelle.dz\\\/#website\",\"url\":\"https:\\\/\\\/lasentinelle.dz\\\/\",\"name\":\"La Sentinelle\",\"description\":\"Quotidien national d&#039;information\",\"publisher\":{\"@id\":\"https:\\\/\\\/lasentinelle.dz\\\/#organization\"},\"potentialAction\":[{\"@type\":\"SearchAction\",\"target\":{\"@type\":\"EntryPoint\",\"urlTemplate\":\"https:\\\/\\\/lasentinelle.dz\\\/?s={search_term_string}\"},\"query-input\":{\"@type\":\"PropertyValueSpecification\",\"valueRequired\":true,\"valueName\":\"search_term_string\"}}],\"inLanguage\":\"fr-FR\"},{\"@type\":\"Organization\",\"@id\":\"https:\\\/\\\/lasentinelle.dz\\\/#organization\",\"name\":\"Quotidien La Sentinelle\",\"url\":\"https:\\\/\\\/lasentinelle.dz\\\/\",\"logo\":{\"@type\":\"ImageObject\",\"inLanguage\":\"fr-FR\",\"@id\":\"https:\\\/\\\/lasentinelle.dz\\\/#\\\/schema\\\/logo\\\/image\\\/\",\"url\":\"https:\\\/\\\/lasentinelle.dz\\\/wp-content\\\/uploads\\\/2021\\\/09\\\/logo-sentinelleSLOGAN-1.png\",\"contentUrl\":\"https:\\\/\\\/lasentinelle.dz\\\/wp-content\\\/uploads\\\/2021\\\/09\\\/logo-sentinelleSLOGAN-1.png\",\"width\":615,\"height\":142,\"caption\":\"Quotidien La Sentinelle\"},\"image\":{\"@id\":\"https:\\\/\\\/lasentinelle.dz\\\/#\\\/schema\\\/logo\\\/image\\\/\"},\"sameAs\":[\"https:\\\/\\\/www.facebook.com\\\/La-Sentinelle-104059864394773\"]},{\"@type\":\"Person\",\"@id\":\"https:\\\/\\\/lasentinelle.dz\\\/#\\\/schema\\\/person\\\/d865044e22e70a75174ce8bcad3acfb3\",\"name\":\"La Sentinelle\",\"image\":{\"@type\":\"ImageObject\",\"inLanguage\":\"fr-FR\",\"@id\":\"https:\\\/\\\/secure.gravatar.com\\\/avatar\\\/57de8e5d4b15d43fb361a71fbb36338450fe67865b528a43dd10ef7c51a20392?s=96&d=mm&r=g\",\"url\":\"https:\\\/\\\/secure.gravatar.com\\\/avatar\\\/57de8e5d4b15d43fb361a71fbb36338450fe67865b528a43dd10ef7c51a20392?s=96&d=mm&r=g\",\"contentUrl\":\"https:\\\/\\\/secure.gravatar.com\\\/avatar\\\/57de8e5d4b15d43fb361a71fbb36338450fe67865b528a43dd10ef7c51a20392?s=96&d=mm&r=g\",\"caption\":\"La Sentinelle\"},\"sameAs\":[\"http:\\\/\\\/www.lasentinelle.dz\"],\"url\":\"https:\\\/\\\/lasentinelle.dz\\\/author\\\/redaction\\\/\"}]}<\/script>\n<!-- \/ Yoast SEO plugin. -->","yoast_head_json":{"title":"La d\u00e9pouille du d\u00e9funt G\u00e9n\u00e9ral-Major \u00e0 la retraite Khaled Nezzar inhum\u00e9e au - La Sentinelle","robots":{"index":"index","follow":"follow","max-snippet":"max-snippet:-1","max-image-preview":"max-image-preview:large","max-video-preview":"max-video-preview:-1"},"canonical":"https:\/\/lasentinelle.dz\/index.php\/2023\/12\/31\/la-depouille-du-defunt-general-major-a-la-retraite-khaled-nezzar-inhumee-au\/","og_locale":"fr_FR","og_type":"article","og_title":"La d\u00e9pouille du d\u00e9funt G\u00e9n\u00e9ral-Major \u00e0 la retraite Khaled Nezzar inhum\u00e9e au - La Sentinelle","og_description":"cimeti\u00e8re d&rsquo;El-Alia&nbsp;: L\u2019hommage au patriote La d\u00e9pouille du d\u00e9funt G\u00e9n\u00e9ral-Major \u00e0 la retraite, ancien ministre de la D\u00e9fense nationale, Khaled","og_url":"https:\/\/lasentinelle.dz\/index.php\/2023\/12\/31\/la-depouille-du-defunt-general-major-a-la-retraite-khaled-nezzar-inhumee-au\/","og_site_name":"La Sentinelle","article_publisher":"https:\/\/www.facebook.com\/La-Sentinelle-104059864394773","article_published_time":"2023-12-31T12:51:00+00:00","article_modified_time":"2024-01-01T12:52:17+00:00","og_image":[{"width":780,"height":585,"url":"https:\/\/lasentinelle.dz\/wp-content\/uploads\/2024\/01\/nezzar.webp","type":"image\/webp"}],"author":"La Sentinelle","twitter_card":"summary_large_image","twitter_misc":{"\u00c9crit par":"La Sentinelle","Dur\u00e9e de lecture estim\u00e9e":"3 minutes"},"schema":{"@context":"https:\/\/schema.org","@graph":[{"@type":"Article","@id":"https:\/\/lasentinelle.dz\/index.php\/2023\/12\/31\/la-depouille-du-defunt-general-major-a-la-retraite-khaled-nezzar-inhumee-au\/#article","isPartOf":{"@id":"https:\/\/lasentinelle.dz\/index.php\/2023\/12\/31\/la-depouille-du-defunt-general-major-a-la-retraite-khaled-nezzar-inhumee-au\/"},"author":{"name":"La Sentinelle","@id":"https:\/\/lasentinelle.dz\/#\/schema\/person\/d865044e22e70a75174ce8bcad3acfb3"},"headline":"La d\u00e9pouille du d\u00e9funt G\u00e9n\u00e9ral-Major \u00e0 la retraite Khaled Nezzar inhum\u00e9e au","datePublished":"2023-12-31T12:51:00+00:00","dateModified":"2024-01-01T12:52:17+00:00","mainEntityOfPage":{"@id":"https:\/\/lasentinelle.dz\/index.php\/2023\/12\/31\/la-depouille-du-defunt-general-major-a-la-retraite-khaled-nezzar-inhumee-au\/"},"wordCount":654,"commentCount":0,"publisher":{"@id":"https:\/\/lasentinelle.dz\/#organization"},"image":{"@id":"https:\/\/lasentinelle.dz\/index.php\/2023\/12\/31\/la-depouille-du-defunt-general-major-a-la-retraite-khaled-nezzar-inhumee-au\/#primaryimage"},"thumbnailUrl":"https:\/\/lasentinelle.dz\/wp-content\/uploads\/2024\/01\/nezzar.webp","articleSection":["\u00c0 la Une","Actualit\u00e9"],"inLanguage":"fr-FR","potentialAction":[{"@type":"CommentAction","name":"Comment","target":["https:\/\/lasentinelle.dz\/index.php\/2023\/12\/31\/la-depouille-du-defunt-general-major-a-la-retraite-khaled-nezzar-inhumee-au\/#respond"]}]},{"@type":"WebPage","@id":"https:\/\/lasentinelle.dz\/index.php\/2023\/12\/31\/la-depouille-du-defunt-general-major-a-la-retraite-khaled-nezzar-inhumee-au\/","url":"https:\/\/lasentinelle.dz\/index.php\/2023\/12\/31\/la-depouille-du-defunt-general-major-a-la-retraite-khaled-nezzar-inhumee-au\/","name":"La d\u00e9pouille du d\u00e9funt G\u00e9n\u00e9ral-Major \u00e0 la retraite Khaled Nezzar inhum\u00e9e au - La Sentinelle","isPartOf":{"@id":"https:\/\/lasentinelle.dz\/#website"},"primaryImageOfPage":{"@id":"https:\/\/lasentinelle.dz\/index.php\/2023\/12\/31\/la-depouille-du-defunt-general-major-a-la-retraite-khaled-nezzar-inhumee-au\/#primaryimage"},"image":{"@id":"https:\/\/lasentinelle.dz\/index.php\/2023\/12\/31\/la-depouille-du-defunt-general-major-a-la-retraite-khaled-nezzar-inhumee-au\/#primaryimage"},"thumbnailUrl":"https:\/\/lasentinelle.dz\/wp-content\/uploads\/2024\/01\/nezzar.webp","datePublished":"2023-12-31T12:51:00+00:00","dateModified":"2024-01-01T12:52:17+00:00","breadcrumb":{"@id":"https:\/\/lasentinelle.dz\/index.php\/2023\/12\/31\/la-depouille-du-defunt-general-major-a-la-retraite-khaled-nezzar-inhumee-au\/#breadcrumb"},"inLanguage":"fr-FR","potentialAction":[{"@type":"ReadAction","target":["https:\/\/lasentinelle.dz\/index.php\/2023\/12\/31\/la-depouille-du-defunt-general-major-a-la-retraite-khaled-nezzar-inhumee-au\/"]}]},{"@type":"ImageObject","inLanguage":"fr-FR","@id":"https:\/\/lasentinelle.dz\/index.php\/2023\/12\/31\/la-depouille-du-defunt-general-major-a-la-retraite-khaled-nezzar-inhumee-au\/#primaryimage","url":"https:\/\/lasentinelle.dz\/wp-content\/uploads\/2024\/01\/nezzar.webp","contentUrl":"https:\/\/lasentinelle.dz\/wp-content\/uploads\/2024\/01\/nezzar.webp","width":780,"height":585},{"@type":"BreadcrumbList","@id":"https:\/\/lasentinelle.dz\/index.php\/2023\/12\/31\/la-depouille-du-defunt-general-major-a-la-retraite-khaled-nezzar-inhumee-au\/#breadcrumb","itemListElement":[{"@type":"ListItem","position":1,"name":"Accueil","item":"https:\/\/lasentinelle.dz\/"},{"@type":"ListItem","position":2,"name":"La d\u00e9pouille du d\u00e9funt G\u00e9n\u00e9ral-Major \u00e0 la retraite Khaled Nezzar inhum\u00e9e au"}]},{"@type":"WebSite","@id":"https:\/\/lasentinelle.dz\/#website","url":"https:\/\/lasentinelle.dz\/","name":"La Sentinelle","description":"Quotidien national d&#039;information","publisher":{"@id":"https:\/\/lasentinelle.dz\/#organization"},"potentialAction":[{"@type":"SearchAction","target":{"@type":"EntryPoint","urlTemplate":"https:\/\/lasentinelle.dz\/?s={search_term_string}"},"query-input":{"@type":"PropertyValueSpecification","valueRequired":true,"valueName":"search_term_string"}}],"inLanguage":"fr-FR"},{"@type":"Organization","@id":"https:\/\/lasentinelle.dz\/#organization","name":"Quotidien La Sentinelle","url":"https:\/\/lasentinelle.dz\/","logo":{"@type":"ImageObject","inLanguage":"fr-FR","@id":"https:\/\/lasentinelle.dz\/#\/schema\/logo\/image\/","url":"https:\/\/lasentinelle.dz\/wp-content\/uploads\/2021\/09\/logo-sentinelleSLOGAN-1.png","contentUrl":"https:\/\/lasentinelle.dz\/wp-content\/uploads\/2021\/09\/logo-sentinelleSLOGAN-1.png","width":615,"height":142,"caption":"Quotidien La Sentinelle"},"image":{"@id":"https:\/\/lasentinelle.dz\/#\/schema\/logo\/image\/"},"sameAs":["https:\/\/www.facebook.com\/La-Sentinelle-104059864394773"]},{"@type":"Person","@id":"https:\/\/lasentinelle.dz\/#\/schema\/person\/d865044e22e70a75174ce8bcad3acfb3","name":"La Sentinelle","image":{"@type":"ImageObject","inLanguage":"fr-FR","@id":"https:\/\/secure.gravatar.com\/avatar\/57de8e5d4b15d43fb361a71fbb36338450fe67865b528a43dd10ef7c51a20392?s=96&d=mm&r=g","url":"https:\/\/secure.gravatar.com\/avatar\/57de8e5d4b15d43fb361a71fbb36338450fe67865b528a43dd10ef7c51a20392?s=96&d=mm&r=g","contentUrl":"https:\/\/secure.gravatar.com\/avatar\/57de8e5d4b15d43fb361a71fbb36338450fe67865b528a43dd10ef7c51a20392?s=96&d=mm&r=g","caption":"La Sentinelle"},"sameAs":["http:\/\/www.lasentinelle.dz"],"url":"https:\/\/lasentinelle.dz\/author\/redaction\/"}]}},"_links":{"self":[{"href":"https:\/\/lasentinelle.dz\/index.php\/wp-json\/wp\/v2\/posts\/48334","targetHints":{"allow":["GET"]}}],"collection":[{"href":"https:\/\/lasentinelle.dz\/index.php\/wp-json\/wp\/v2\/posts"}],"about":[{"href":"https:\/\/lasentinelle.dz\/index.php\/wp-json\/wp\/v2\/types\/post"}],"author":[{"embeddable":true,"href":"https:\/\/lasentinelle.dz\/index.php\/wp-json\/wp\/v2\/users\/3"}],"replies":[{"embeddable":true,"href":"https:\/\/lasentinelle.dz\/index.php\/wp-json\/wp\/v2\/comments?post=48334"}],"version-history":[{"count":1,"href":"https:\/\/lasentinelle.dz\/index.php\/wp-json\/wp\/v2\/posts\/48334\/revisions"}],"predecessor-version":[{"id":48336,"href":"https:\/\/lasentinelle.dz\/index.php\/wp-json\/wp\/v2\/posts\/48334\/revisions\/48336"}],"wp:featuredmedia":[{"embeddable":true,"href":"https:\/\/lasentinelle.dz\/index.php\/wp-json\/wp\/v2\/media\/48335"}],"wp:attachment":[{"href":"https:\/\/lasentinelle.dz\/index.php\/wp-json\/wp\/v2\/media?parent=48334"}],"wp:term":[{"taxonomy":"category","embeddable":true,"href":"https:\/\/lasentinelle.dz\/index.php\/wp-json\/wp\/v2\/categories?post=48334"},{"taxonomy":"post_tag","embeddable":true,"href":"https:\/\/lasentinelle.dz\/index.php\/wp-json\/wp\/v2\/tags?post=48334"}],"curies":[{"name":"wp","href":"https:\/\/api.w.org\/{rel}","templated":true}]}}