{"id":48345,"date":"2024-01-02T14:27:51","date_gmt":"2024-01-02T13:27:51","guid":{"rendered":"https:\/\/lasentinelle.dz\/?p=48345"},"modified":"2024-01-02T14:27:53","modified_gmt":"2024-01-02T13:27:53","slug":"mali-la-mission-de-lonu-a-acheve-son-retrait","status":"publish","type":"post","link":"https:\/\/lasentinelle.dz\/index.php\/2024\/01\/02\/mali-la-mission-de-lonu-a-acheve-son-retrait\/","title":{"rendered":"Mali\u00a0: La mission de l\u2019ONU a \u00ab\u00a0achev\u00e9 son retrait\u00a0\u00bb"},"content":{"rendered":"\n<p>Apr\u00e8s dix ans de pr\u00e9sence au Mali, la mission de l&rsquo;ONU (Minusma) a \u00ab\u00a0achev\u00e9 son retrait\u00a0\u00bb, a annonc\u00e9 dans la nuit de dimanche \u00e0 lundi le secr\u00e9taire g\u00e9n\u00e9ral de l&rsquo;ONU Antonio Guterres.<\/p>\n\n\n\n<p>La Minusma \u00ab\u00a0a achev\u00e9 son retrait du pays d&rsquo;ici le 31 d\u00e9cembre\u00a0\u00bb 2023 comme convenu, a d\u00e9clar\u00e9 Antonio Guterres dans un communiqu\u00e9. M. Guterres a salu\u00e9 dans son communiqu\u00e9 \u00ab\u00a0le r\u00f4le cl\u00e9\u00a0\u00bb jou\u00e9 par la Minusma &nbsp;\u00a0\u00bb au Mali \u00ab\u00a0.<\/p>\n\n\n\n<p>Samedi, Antonio Guterres, a exprim\u00e9 sa profonde reconnaissance envers la mission de maintien de la paix de l&rsquo;ONU au Mali, qui a achev\u00e9 son retrait du pays.&nbsp;&nbsp; Le chef de l&rsquo;ONU a soulign\u00e9 le r\u00f4le essentiel jou\u00e9 par la Mission multidimensionnelle int\u00e9gr\u00e9e pour la stabilisation au Mali (MINUSMA) dans le renforcement du processus de paix.&nbsp;&nbsp; La mission a contribu\u00e9 \u00e0 assurer le respect du cessez-le-feu dans le cadre de l&rsquo;Accord de paix et de r\u00e9conciliation de 2015, issu du processus d&rsquo;Alger, ainsi qu&rsquo;\u00e0 soutenir la transition vers la \u00ab\u00a0restauration de l&rsquo;autorit\u00e9 de l&rsquo;Etat\u00a0\u00bb, a d\u00e9clar\u00e9 M. Guterres.&nbsp;&nbsp;<\/p>\n\n\n\n<p>Le secr\u00e9taire g\u00e9n\u00e9ral de l\u2019ONU a exprim\u00e9 sa \u00ab\u00a0profonde gratitude\u00a0\u00bb envers le personnel de la MINUSMA. Le chef de la mission, El-Ghassim Wane, a \u00e9t\u00e9 particuli\u00e8rement f\u00e9licit\u00e9 pour son \u00ab\u00a0commandement exceptionnel dans un contexte difficile\u00a0\u00bb.&nbsp;&nbsp; &nbsp;En ce qui concerne le co\u00fbt humain de la mission, le secr\u00e9taire g\u00e9n\u00e9ral a rendu un hommage poignant aux 311 membres du personnel de la MINUSMA qui ont perdu la vie et aux plus de 700 qui ont \u00e9t\u00e9 bless\u00e9s.&nbsp;&nbsp; &nbsp;\u00ab\u00a0Toute la famille des Nations Unies est en sympathie et en solidarit\u00e9 avec les proches, les amis et les coll\u00e8gues des membres du personnel d\u00e9c\u00e9d\u00e9s\u00a0\u00bb, a-t-il assur\u00e9, honorant leur \u00ab\u00a0d\u00e9vouement d\u00e9sint\u00e9ress\u00e9 \u00e0 la cause de la paix\u00a0\u00bb.&nbsp; La Minusma est la mission de l\u2019ONU la plus durement touch\u00e9e ces derni\u00e8res ann\u00e9es. Ses effectifs ont tourn\u00e9 autour des 15.000 soldats et policiers venus de dizaines de pays. La<\/p>\n\n\n\n<p>Avec le d\u00e9but de la p\u00e9riode de liquidation le 1er janvier 2024, une \u00e9quipe r\u00e9duite supervisera le transport des biens et la cession des \u00e9quipements des Nations Unies au Mali. Antonio Guterres a fait part de sa confiance dans la \u00ab\u00a0pleine coop\u00e9ration du gouvernement de transition\u00a0\u00bb pour faciliter cet effort.&nbsp;&nbsp; &nbsp;R\u00e9affirmant le soutien ind\u00e9fectible des Nations Unies au Mali, le chef de l&rsquo;ONU s&rsquo;est engag\u00e9 \u00e0 continuer \u00e0 travailler avec le peuple malien pour restaurer l&rsquo;ordre constitutionnel et promouvoir la paix, la s\u00e9curit\u00e9 ainsi que le d\u00e9veloppement durable. Minusma s\u2019est attel\u00e9e \u00e0 quitter le Mali apr\u00e8s la demande de Bamako et planifi\u00e9 son d\u00e9sengagement de la plupart de ses 13 emprises, dans des conditions difficiles dans le nord du pays. Le 30 juin, le Conseil de s\u00e9curit\u00e9 de l&rsquo;ONU a unanimement adopt\u00e9, \u00e0 la demande du gouvernement du Mali, une r\u00e9solution mettant fin \u00e0 la mission de paix dans ce pays africain.<\/p>\n\n\n\n<p>R.I.<\/p>\n","protected":false},"excerpt":{"rendered":"<p>Apr\u00e8s dix ans de pr\u00e9sence au Mali, la mission de l&rsquo;ONU (Minusma) a \u00ab\u00a0achev\u00e9 son retrait\u00a0\u00bb, a annonc\u00e9 dans la<\/p>\n","protected":false},"author":3,"featured_media":25320,"comment_status":"open","ping_status":"closed","sticky":false,"template":"","format":"standard","meta":{"colormag_page_container_layout":"default_layout","colormag_page_sidebar_layout":"default_layout","om_disable_all_campaigns":false,"_monsterinsights_skip_tracking":false,"_monsterinsights_sitenote_active":false,"_monsterinsights_sitenote_note":"","_monsterinsights_sitenote_category":0,"footnotes":"","_wpscppro_dont_share_socialmedia":false,"_wpscppro_custom_social_share_image":0,"_facebook_share_type":"","_twitter_share_type":"","_linkedin_share_type":"","_pinterest_share_type":"","_linkedin_share_type_page":"","_instagram_share_type":"","_medium_share_type":"","_threads_share_type":"","_google_business_share_type":"","_selected_social_profile":[],"_wpsp_enable_custom_social_template":false,"_wpsp_social_scheduling":{"enabled":false,"datetime":null,"platforms":[],"status":"template_only","dateOption":"today","timeOption":"now","customDays":"","customHours":"","customDate":"","customTime":"","schedulingType":"absolute"},"_wpsp_active_default_template":true},"categories":[37],"tags":[],"class_list":["post-48345","post","type-post","status-publish","format-standard","has-post-thumbnail","hentry","category-monde"],"aioseo_notices":[],"yoast_head":"<!-- This site is optimized with the Yoast SEO plugin v27.5 - https:\/\/yoast.com\/product\/yoast-seo-wordpress\/ -->\n<title>Mali\u00a0: La mission de l\u2019ONU a \u00ab\u00a0achev\u00e9 son retrait\u00a0\u00bb - La Sentinelle<\/title>\n<meta name=\"robots\" content=\"index, follow, max-snippet:-1, max-image-preview:large, max-video-preview:-1\" \/>\n<link rel=\"canonical\" href=\"https:\/\/lasentinelle.dz\/index.php\/2024\/01\/02\/mali-la-mission-de-lonu-a-acheve-son-retrait\/\" \/>\n<meta property=\"og:locale\" content=\"fr_FR\" \/>\n<meta property=\"og:type\" content=\"article\" \/>\n<meta property=\"og:title\" content=\"Mali\u00a0: La mission de l\u2019ONU a \u00ab\u00a0achev\u00e9 son retrait\u00a0\u00bb - La Sentinelle\" \/>\n<meta property=\"og:description\" content=\"Apr\u00e8s dix ans de pr\u00e9sence au Mali, la mission de l&rsquo;ONU (Minusma) a \u00ab\u00a0achev\u00e9 son retrait\u00a0\u00bb, a annonc\u00e9 dans la\" \/>\n<meta property=\"og:url\" content=\"https:\/\/lasentinelle.dz\/index.php\/2024\/01\/02\/mali-la-mission-de-lonu-a-acheve-son-retrait\/\" \/>\n<meta property=\"og:site_name\" content=\"La Sentinelle\" \/>\n<meta property=\"article:publisher\" content=\"https:\/\/www.facebook.com\/La-Sentinelle-104059864394773\" \/>\n<meta property=\"article:published_time\" content=\"2024-01-02T13:27:51+00:00\" \/>\n<meta property=\"article:modified_time\" content=\"2024-01-02T13:27:53+00:00\" \/>\n<meta property=\"og:image\" content=\"https:\/\/lasentinelle.dz\/wp-content\/uploads\/2022\/08\/chalenges-tn-Antonio-Guterres-le-neuvieme-Secretaire-general-de-l-Organisation-des-Nations-Unies-696x403-1.jpg\" \/>\n\t<meta property=\"og:image:width\" content=\"696\" \/>\n\t<meta property=\"og:image:height\" content=\"403\" \/>\n\t<meta property=\"og:image:type\" content=\"image\/jpeg\" \/>\n<meta name=\"author\" content=\"La Sentinelle\" \/>\n<meta name=\"twitter:card\" content=\"summary_large_image\" \/>\n<meta name=\"twitter:label1\" content=\"\u00c9crit par\" \/>\n\t<meta name=\"twitter:data1\" content=\"La Sentinelle\" \/>\n\t<meta name=\"twitter:label2\" content=\"Dur\u00e9e de lecture estim\u00e9e\" \/>\n\t<meta name=\"twitter:data2\" content=\"3 minutes\" \/>\n<script type=\"application\/ld+json\" class=\"yoast-schema-graph\">{\"@context\":\"https:\\\/\\\/schema.org\",\"@graph\":[{\"@type\":\"Article\",\"@id\":\"https:\\\/\\\/lasentinelle.dz\\\/index.php\\\/2024\\\/01\\\/02\\\/mali-la-mission-de-lonu-a-acheve-son-retrait\\\/#article\",\"isPartOf\":{\"@id\":\"https:\\\/\\\/lasentinelle.dz\\\/index.php\\\/2024\\\/01\\\/02\\\/mali-la-mission-de-lonu-a-acheve-son-retrait\\\/\"},\"author\":{\"name\":\"La Sentinelle\",\"@id\":\"https:\\\/\\\/lasentinelle.dz\\\/#\\\/schema\\\/person\\\/d865044e22e70a75174ce8bcad3acfb3\"},\"headline\":\"Mali\u00a0: La mission de l\u2019ONU a \u00ab\u00a0achev\u00e9 son retrait\u00a0\u00bb\",\"datePublished\":\"2024-01-02T13:27:51+00:00\",\"dateModified\":\"2024-01-02T13:27:53+00:00\",\"mainEntityOfPage\":{\"@id\":\"https:\\\/\\\/lasentinelle.dz\\\/index.php\\\/2024\\\/01\\\/02\\\/mali-la-mission-de-lonu-a-acheve-son-retrait\\\/\"},\"wordCount\":535,\"commentCount\":0,\"publisher\":{\"@id\":\"https:\\\/\\\/lasentinelle.dz\\\/#organization\"},\"image\":{\"@id\":\"https:\\\/\\\/lasentinelle.dz\\\/index.php\\\/2024\\\/01\\\/02\\\/mali-la-mission-de-lonu-a-acheve-son-retrait\\\/#primaryimage\"},\"thumbnailUrl\":\"https:\\\/\\\/lasentinelle.dz\\\/wp-content\\\/uploads\\\/2022\\\/08\\\/chalenges-tn-Antonio-Guterres-le-neuvieme-Secretaire-general-de-l-Organisation-des-Nations-Unies-696x403-1.jpg\",\"articleSection\":[\"Monde\"],\"inLanguage\":\"fr-FR\",\"potentialAction\":[{\"@type\":\"CommentAction\",\"name\":\"Comment\",\"target\":[\"https:\\\/\\\/lasentinelle.dz\\\/index.php\\\/2024\\\/01\\\/02\\\/mali-la-mission-de-lonu-a-acheve-son-retrait\\\/#respond\"]}]},{\"@type\":\"WebPage\",\"@id\":\"https:\\\/\\\/lasentinelle.dz\\\/index.php\\\/2024\\\/01\\\/02\\\/mali-la-mission-de-lonu-a-acheve-son-retrait\\\/\",\"url\":\"https:\\\/\\\/lasentinelle.dz\\\/index.php\\\/2024\\\/01\\\/02\\\/mali-la-mission-de-lonu-a-acheve-son-retrait\\\/\",\"name\":\"Mali\u00a0: La mission de l\u2019ONU a \u00ab\u00a0achev\u00e9 son retrait\u00a0\u00bb - La Sentinelle\",\"isPartOf\":{\"@id\":\"https:\\\/\\\/lasentinelle.dz\\\/#website\"},\"primaryImageOfPage\":{\"@id\":\"https:\\\/\\\/lasentinelle.dz\\\/index.php\\\/2024\\\/01\\\/02\\\/mali-la-mission-de-lonu-a-acheve-son-retrait\\\/#primaryimage\"},\"image\":{\"@id\":\"https:\\\/\\\/lasentinelle.dz\\\/index.php\\\/2024\\\/01\\\/02\\\/mali-la-mission-de-lonu-a-acheve-son-retrait\\\/#primaryimage\"},\"thumbnailUrl\":\"https:\\\/\\\/lasentinelle.dz\\\/wp-content\\\/uploads\\\/2022\\\/08\\\/chalenges-tn-Antonio-Guterres-le-neuvieme-Secretaire-general-de-l-Organisation-des-Nations-Unies-696x403-1.jpg\",\"datePublished\":\"2024-01-02T13:27:51+00:00\",\"dateModified\":\"2024-01-02T13:27:53+00:00\",\"breadcrumb\":{\"@id\":\"https:\\\/\\\/lasentinelle.dz\\\/index.php\\\/2024\\\/01\\\/02\\\/mali-la-mission-de-lonu-a-acheve-son-retrait\\\/#breadcrumb\"},\"inLanguage\":\"fr-FR\",\"potentialAction\":[{\"@type\":\"ReadAction\",\"target\":[\"https:\\\/\\\/lasentinelle.dz\\\/index.php\\\/2024\\\/01\\\/02\\\/mali-la-mission-de-lonu-a-acheve-son-retrait\\\/\"]}]},{\"@type\":\"ImageObject\",\"inLanguage\":\"fr-FR\",\"@id\":\"https:\\\/\\\/lasentinelle.dz\\\/index.php\\\/2024\\\/01\\\/02\\\/mali-la-mission-de-lonu-a-acheve-son-retrait\\\/#primaryimage\",\"url\":\"https:\\\/\\\/lasentinelle.dz\\\/wp-content\\\/uploads\\\/2022\\\/08\\\/chalenges-tn-Antonio-Guterres-le-neuvieme-Secretaire-general-de-l-Organisation-des-Nations-Unies-696x403-1.jpg\",\"contentUrl\":\"https:\\\/\\\/lasentinelle.dz\\\/wp-content\\\/uploads\\\/2022\\\/08\\\/chalenges-tn-Antonio-Guterres-le-neuvieme-Secretaire-general-de-l-Organisation-des-Nations-Unies-696x403-1.jpg\",\"width\":696,\"height\":403},{\"@type\":\"BreadcrumbList\",\"@id\":\"https:\\\/\\\/lasentinelle.dz\\\/index.php\\\/2024\\\/01\\\/02\\\/mali-la-mission-de-lonu-a-acheve-son-retrait\\\/#breadcrumb\",\"itemListElement\":[{\"@type\":\"ListItem\",\"position\":1,\"name\":\"Accueil\",\"item\":\"https:\\\/\\\/lasentinelle.dz\\\/\"},{\"@type\":\"ListItem\",\"position\":2,\"name\":\"Mali\u00a0: La mission de l\u2019ONU a \u00ab\u00a0achev\u00e9 son retrait\u00a0\u00bb\"}]},{\"@type\":\"WebSite\",\"@id\":\"https:\\\/\\\/lasentinelle.dz\\\/#website\",\"url\":\"https:\\\/\\\/lasentinelle.dz\\\/\",\"name\":\"La Sentinelle\",\"description\":\"Quotidien national d&#039;information\",\"publisher\":{\"@id\":\"https:\\\/\\\/lasentinelle.dz\\\/#organization\"},\"potentialAction\":[{\"@type\":\"SearchAction\",\"target\":{\"@type\":\"EntryPoint\",\"urlTemplate\":\"https:\\\/\\\/lasentinelle.dz\\\/?s={search_term_string}\"},\"query-input\":{\"@type\":\"PropertyValueSpecification\",\"valueRequired\":true,\"valueName\":\"search_term_string\"}}],\"inLanguage\":\"fr-FR\"},{\"@type\":\"Organization\",\"@id\":\"https:\\\/\\\/lasentinelle.dz\\\/#organization\",\"name\":\"Quotidien La Sentinelle\",\"url\":\"https:\\\/\\\/lasentinelle.dz\\\/\",\"logo\":{\"@type\":\"ImageObject\",\"inLanguage\":\"fr-FR\",\"@id\":\"https:\\\/\\\/lasentinelle.dz\\\/#\\\/schema\\\/logo\\\/image\\\/\",\"url\":\"https:\\\/\\\/lasentinelle.dz\\\/wp-content\\\/uploads\\\/2021\\\/09\\\/logo-sentinelleSLOGAN-1.png\",\"contentUrl\":\"https:\\\/\\\/lasentinelle.dz\\\/wp-content\\\/uploads\\\/2021\\\/09\\\/logo-sentinelleSLOGAN-1.png\",\"width\":615,\"height\":142,\"caption\":\"Quotidien La Sentinelle\"},\"image\":{\"@id\":\"https:\\\/\\\/lasentinelle.dz\\\/#\\\/schema\\\/logo\\\/image\\\/\"},\"sameAs\":[\"https:\\\/\\\/www.facebook.com\\\/La-Sentinelle-104059864394773\"]},{\"@type\":\"Person\",\"@id\":\"https:\\\/\\\/lasentinelle.dz\\\/#\\\/schema\\\/person\\\/d865044e22e70a75174ce8bcad3acfb3\",\"name\":\"La Sentinelle\",\"image\":{\"@type\":\"ImageObject\",\"inLanguage\":\"fr-FR\",\"@id\":\"https:\\\/\\\/secure.gravatar.com\\\/avatar\\\/57de8e5d4b15d43fb361a71fbb36338450fe67865b528a43dd10ef7c51a20392?s=96&d=mm&r=g\",\"url\":\"https:\\\/\\\/secure.gravatar.com\\\/avatar\\\/57de8e5d4b15d43fb361a71fbb36338450fe67865b528a43dd10ef7c51a20392?s=96&d=mm&r=g\",\"contentUrl\":\"https:\\\/\\\/secure.gravatar.com\\\/avatar\\\/57de8e5d4b15d43fb361a71fbb36338450fe67865b528a43dd10ef7c51a20392?s=96&d=mm&r=g\",\"caption\":\"La Sentinelle\"},\"sameAs\":[\"http:\\\/\\\/www.lasentinelle.dz\"],\"url\":\"https:\\\/\\\/lasentinelle.dz\\\/author\\\/redaction\\\/\"}]}<\/script>\n<!-- \/ Yoast SEO plugin. -->","yoast_head_json":{"title":"Mali\u00a0: La mission de l\u2019ONU a \u00ab\u00a0achev\u00e9 son retrait\u00a0\u00bb - La Sentinelle","robots":{"index":"index","follow":"follow","max-snippet":"max-snippet:-1","max-image-preview":"max-image-preview:large","max-video-preview":"max-video-preview:-1"},"canonical":"https:\/\/lasentinelle.dz\/index.php\/2024\/01\/02\/mali-la-mission-de-lonu-a-acheve-son-retrait\/","og_locale":"fr_FR","og_type":"article","og_title":"Mali\u00a0: La mission de l\u2019ONU a \u00ab\u00a0achev\u00e9 son retrait\u00a0\u00bb - La Sentinelle","og_description":"Apr\u00e8s dix ans de pr\u00e9sence au Mali, la mission de l&rsquo;ONU (Minusma) a \u00ab\u00a0achev\u00e9 son retrait\u00a0\u00bb, a annonc\u00e9 dans la","og_url":"https:\/\/lasentinelle.dz\/index.php\/2024\/01\/02\/mali-la-mission-de-lonu-a-acheve-son-retrait\/","og_site_name":"La Sentinelle","article_publisher":"https:\/\/www.facebook.com\/La-Sentinelle-104059864394773","article_published_time":"2024-01-02T13:27:51+00:00","article_modified_time":"2024-01-02T13:27:53+00:00","og_image":[{"width":696,"height":403,"url":"https:\/\/lasentinelle.dz\/wp-content\/uploads\/2022\/08\/chalenges-tn-Antonio-Guterres-le-neuvieme-Secretaire-general-de-l-Organisation-des-Nations-Unies-696x403-1.jpg","type":"image\/jpeg"}],"author":"La Sentinelle","twitter_card":"summary_large_image","twitter_misc":{"\u00c9crit par":"La Sentinelle","Dur\u00e9e de lecture estim\u00e9e":"3 minutes"},"schema":{"@context":"https:\/\/schema.org","@graph":[{"@type":"Article","@id":"https:\/\/lasentinelle.dz\/index.php\/2024\/01\/02\/mali-la-mission-de-lonu-a-acheve-son-retrait\/#article","isPartOf":{"@id":"https:\/\/lasentinelle.dz\/index.php\/2024\/01\/02\/mali-la-mission-de-lonu-a-acheve-son-retrait\/"},"author":{"name":"La Sentinelle","@id":"https:\/\/lasentinelle.dz\/#\/schema\/person\/d865044e22e70a75174ce8bcad3acfb3"},"headline":"Mali\u00a0: La mission de l\u2019ONU a \u00ab\u00a0achev\u00e9 son retrait\u00a0\u00bb","datePublished":"2024-01-02T13:27:51+00:00","dateModified":"2024-01-02T13:27:53+00:00","mainEntityOfPage":{"@id":"https:\/\/lasentinelle.dz\/index.php\/2024\/01\/02\/mali-la-mission-de-lonu-a-acheve-son-retrait\/"},"wordCount":535,"commentCount":0,"publisher":{"@id":"https:\/\/lasentinelle.dz\/#organization"},"image":{"@id":"https:\/\/lasentinelle.dz\/index.php\/2024\/01\/02\/mali-la-mission-de-lonu-a-acheve-son-retrait\/#primaryimage"},"thumbnailUrl":"https:\/\/lasentinelle.dz\/wp-content\/uploads\/2022\/08\/chalenges-tn-Antonio-Guterres-le-neuvieme-Secretaire-general-de-l-Organisation-des-Nations-Unies-696x403-1.jpg","articleSection":["Monde"],"inLanguage":"fr-FR","potentialAction":[{"@type":"CommentAction","name":"Comment","target":["https:\/\/lasentinelle.dz\/index.php\/2024\/01\/02\/mali-la-mission-de-lonu-a-acheve-son-retrait\/#respond"]}]},{"@type":"WebPage","@id":"https:\/\/lasentinelle.dz\/index.php\/2024\/01\/02\/mali-la-mission-de-lonu-a-acheve-son-retrait\/","url":"https:\/\/lasentinelle.dz\/index.php\/2024\/01\/02\/mali-la-mission-de-lonu-a-acheve-son-retrait\/","name":"Mali\u00a0: La mission de l\u2019ONU a \u00ab\u00a0achev\u00e9 son retrait\u00a0\u00bb - La Sentinelle","isPartOf":{"@id":"https:\/\/lasentinelle.dz\/#website"},"primaryImageOfPage":{"@id":"https:\/\/lasentinelle.dz\/index.php\/2024\/01\/02\/mali-la-mission-de-lonu-a-acheve-son-retrait\/#primaryimage"},"image":{"@id":"https:\/\/lasentinelle.dz\/index.php\/2024\/01\/02\/mali-la-mission-de-lonu-a-acheve-son-retrait\/#primaryimage"},"thumbnailUrl":"https:\/\/lasentinelle.dz\/wp-content\/uploads\/2022\/08\/chalenges-tn-Antonio-Guterres-le-neuvieme-Secretaire-general-de-l-Organisation-des-Nations-Unies-696x403-1.jpg","datePublished":"2024-01-02T13:27:51+00:00","dateModified":"2024-01-02T13:27:53+00:00","breadcrumb":{"@id":"https:\/\/lasentinelle.dz\/index.php\/2024\/01\/02\/mali-la-mission-de-lonu-a-acheve-son-retrait\/#breadcrumb"},"inLanguage":"fr-FR","potentialAction":[{"@type":"ReadAction","target":["https:\/\/lasentinelle.dz\/index.php\/2024\/01\/02\/mali-la-mission-de-lonu-a-acheve-son-retrait\/"]}]},{"@type":"ImageObject","inLanguage":"fr-FR","@id":"https:\/\/lasentinelle.dz\/index.php\/2024\/01\/02\/mali-la-mission-de-lonu-a-acheve-son-retrait\/#primaryimage","url":"https:\/\/lasentinelle.dz\/wp-content\/uploads\/2022\/08\/chalenges-tn-Antonio-Guterres-le-neuvieme-Secretaire-general-de-l-Organisation-des-Nations-Unies-696x403-1.jpg","contentUrl":"https:\/\/lasentinelle.dz\/wp-content\/uploads\/2022\/08\/chalenges-tn-Antonio-Guterres-le-neuvieme-Secretaire-general-de-l-Organisation-des-Nations-Unies-696x403-1.jpg","width":696,"height":403},{"@type":"BreadcrumbList","@id":"https:\/\/lasentinelle.dz\/index.php\/2024\/01\/02\/mali-la-mission-de-lonu-a-acheve-son-retrait\/#breadcrumb","itemListElement":[{"@type":"ListItem","position":1,"name":"Accueil","item":"https:\/\/lasentinelle.dz\/"},{"@type":"ListItem","position":2,"name":"Mali\u00a0: La mission de l\u2019ONU a \u00ab\u00a0achev\u00e9 son retrait\u00a0\u00bb"}]},{"@type":"WebSite","@id":"https:\/\/lasentinelle.dz\/#website","url":"https:\/\/lasentinelle.dz\/","name":"La Sentinelle","description":"Quotidien national d&#039;information","publisher":{"@id":"https:\/\/lasentinelle.dz\/#organization"},"potentialAction":[{"@type":"SearchAction","target":{"@type":"EntryPoint","urlTemplate":"https:\/\/lasentinelle.dz\/?s={search_term_string}"},"query-input":{"@type":"PropertyValueSpecification","valueRequired":true,"valueName":"search_term_string"}}],"inLanguage":"fr-FR"},{"@type":"Organization","@id":"https:\/\/lasentinelle.dz\/#organization","name":"Quotidien La Sentinelle","url":"https:\/\/lasentinelle.dz\/","logo":{"@type":"ImageObject","inLanguage":"fr-FR","@id":"https:\/\/lasentinelle.dz\/#\/schema\/logo\/image\/","url":"https:\/\/lasentinelle.dz\/wp-content\/uploads\/2021\/09\/logo-sentinelleSLOGAN-1.png","contentUrl":"https:\/\/lasentinelle.dz\/wp-content\/uploads\/2021\/09\/logo-sentinelleSLOGAN-1.png","width":615,"height":142,"caption":"Quotidien La Sentinelle"},"image":{"@id":"https:\/\/lasentinelle.dz\/#\/schema\/logo\/image\/"},"sameAs":["https:\/\/www.facebook.com\/La-Sentinelle-104059864394773"]},{"@type":"Person","@id":"https:\/\/lasentinelle.dz\/#\/schema\/person\/d865044e22e70a75174ce8bcad3acfb3","name":"La Sentinelle","image":{"@type":"ImageObject","inLanguage":"fr-FR","@id":"https:\/\/secure.gravatar.com\/avatar\/57de8e5d4b15d43fb361a71fbb36338450fe67865b528a43dd10ef7c51a20392?s=96&d=mm&r=g","url":"https:\/\/secure.gravatar.com\/avatar\/57de8e5d4b15d43fb361a71fbb36338450fe67865b528a43dd10ef7c51a20392?s=96&d=mm&r=g","contentUrl":"https:\/\/secure.gravatar.com\/avatar\/57de8e5d4b15d43fb361a71fbb36338450fe67865b528a43dd10ef7c51a20392?s=96&d=mm&r=g","caption":"La Sentinelle"},"sameAs":["http:\/\/www.lasentinelle.dz"],"url":"https:\/\/lasentinelle.dz\/author\/redaction\/"}]}},"_links":{"self":[{"href":"https:\/\/lasentinelle.dz\/index.php\/wp-json\/wp\/v2\/posts\/48345","targetHints":{"allow":["GET"]}}],"collection":[{"href":"https:\/\/lasentinelle.dz\/index.php\/wp-json\/wp\/v2\/posts"}],"about":[{"href":"https:\/\/lasentinelle.dz\/index.php\/wp-json\/wp\/v2\/types\/post"}],"author":[{"embeddable":true,"href":"https:\/\/lasentinelle.dz\/index.php\/wp-json\/wp\/v2\/users\/3"}],"replies":[{"embeddable":true,"href":"https:\/\/lasentinelle.dz\/index.php\/wp-json\/wp\/v2\/comments?post=48345"}],"version-history":[{"count":1,"href":"https:\/\/lasentinelle.dz\/index.php\/wp-json\/wp\/v2\/posts\/48345\/revisions"}],"predecessor-version":[{"id":48346,"href":"https:\/\/lasentinelle.dz\/index.php\/wp-json\/wp\/v2\/posts\/48345\/revisions\/48346"}],"wp:featuredmedia":[{"embeddable":true,"href":"https:\/\/lasentinelle.dz\/index.php\/wp-json\/wp\/v2\/media\/25320"}],"wp:attachment":[{"href":"https:\/\/lasentinelle.dz\/index.php\/wp-json\/wp\/v2\/media?parent=48345"}],"wp:term":[{"taxonomy":"category","embeddable":true,"href":"https:\/\/lasentinelle.dz\/index.php\/wp-json\/wp\/v2\/categories?post=48345"},{"taxonomy":"post_tag","embeddable":true,"href":"https:\/\/lasentinelle.dz\/index.php\/wp-json\/wp\/v2\/tags?post=48345"}],"curies":[{"name":"wp","href":"https:\/\/api.w.org\/{rel}","templated":true}]}}