{"id":48362,"date":"2024-01-02T15:17:00","date_gmt":"2024-01-02T14:17:00","guid":{"rendered":"https:\/\/lasentinelle.dz\/?p=48362"},"modified":"2024-01-02T15:17:03","modified_gmt":"2024-01-02T14:17:03","slug":"aides-au-logement-le-programme-fnpos-relance-des-aujourdhui","status":"publish","type":"post","link":"https:\/\/lasentinelle.dz\/index.php\/2024\/01\/02\/aides-au-logement-le-programme-fnpos-relance-des-aujourdhui\/","title":{"rendered":"Aides au logement\u00a0: Le programme FNPOS relanc\u00e9 d\u00e8s aujourd\u2019hui"},"content":{"rendered":"\n<p>Le programme d\u2019aide au logement du Fonds national de p\u00e9r\u00e9quation des \u0153uvres sociales a \u00e9t\u00e9 officiellement relanc\u00e9 au titre de l\u2019habitat rural. Le minist\u00e8re du Travail, de l&rsquo;Emploi et de la S\u00e9curit\u00e9 Sociale a annonc\u00e9 hier dans un communiqu\u00e9 que led\u00e9p\u00f4t des demandes d&rsquo;aides financi\u00e8res allou\u00e9es par le (FNPOS) au titre du programme de l&rsquo;habitat rural sera ouvert aujourd\u2019hui.&nbsp; \u00ab\u00a0En application des instructions du pr\u00e9sident de la R\u00e9publique, et suite \u00e0 l&rsquo;annonce du Premier ministre relative \u00e0 la relance du FNPOS, le minist\u00e8re du Travail, de l&rsquo;Emploi et de la S\u00e9curit\u00e9 sociale informe tous les salari\u00e9s et les retrait\u00e9s de l&rsquo;ouverture, \u00e0 partir de mardi 2 janvier 2024, de la premi\u00e8re session de d\u00e9p\u00f4t des demandes d&rsquo;aides financi\u00e8res non r\u00e9cup\u00e9rables allou\u00e9es par le FNPOS, dans le cadre du programme de l&rsquo;habitat rural\u00a0\u00bb, a indiqu\u00e9 le communique . Le m\u00eame d\u00e9partement invite ainsi les personnes d\u00e9sirant en b\u00e9n\u00e9ficier \u00e0 d\u00e9poser \u00ab&nbsp;exclusivement leur demande, via la plateforme num\u00e9rique https:\/\/aide-rurale.fnpos.dz\/ sans avoir \u00e0 se d\u00e9placer aux agences relevant du Fonds&nbsp;\u00bb. Les int\u00e9ress\u00e9s peuvent \u00e9galement, \u00e0 travers la m\u00eame plateforme, \u00ab\u00a0consulter les conditions d&rsquo;\u00e9ligibilit\u00e9 \u00e0 cette aide, et d&rsquo;autres prestations num\u00e9riques s&rsquo;inscrivant dans le cadre du 25e engagement du pr\u00e9sident de la R\u00e9publique visant la r\u00e9alisation d&rsquo;une transformation num\u00e9rique pour promouvoir la communication et g\u00e9n\u00e9raliser l&rsquo;utilisation des TIC, notamment aux administrations du Service public outre l&rsquo;am\u00e9lioration de la gouvernance du secteur \u00e9conomique\u00a0\u00bb, lit-on dans le communiqu\u00e9.<\/p>\n\n\n\n<p>Et pour garantir davantage de transparence et une meilleure gestion de ces &nbsp;demandes, \u00ab\u00a0la premi\u00e8re session s&rsquo;\u00e9talera sur 30 jours, jusqu&rsquo;\u00e0 mercredi 31 janvier 2024\u00a0\u00bb, selon le minist\u00e8re, r\u00e9v\u00e9lant l&rsquo;ouverture \u00ab\u00a0d&rsquo;autres sessions, apr\u00e8s la finalisation du traitement des demandes introduites lors de la premi\u00e8re session\u00a0\u00bb. Pour rappel, le Premier ministre, Nadir Larbaoui, a annonc\u00e9 jeudi depuis la wilaya de Tindouf la relance du programme du Fonds national de p\u00e9r\u00e9quation des \u0153uvres sociales d\u2019aide au logement rural. Le Premier ministre a indiqu\u00e9 que le programme du FNPOS d\u2019aide au logement rural au niveau national avec une enveloppe de 30 milliards de DA. Il est enfin utile de rappeler que le programme avait suspendu la r\u00e9ception des dossiers en 2017 \u00e9tant incapable d\u2019absorber le grand nombre de demandes d\u2019 aide dans le cadre de ce programme. Rappelons que le ministre du Travail, de l\u2019Emploi et de la S\u00e9curit\u00e9 sociale a annonc\u00e9 la relance de ce programme au mois d\u2019octobre dernier. Le ministre a fait savoir que \u00ab les capacit\u00e9s financi\u00e8res du fonds permettent d\u2019allouer 24.000 aides\/an, couvrant toutes les formules de logement, y compris les logements sociaux, participatifs et promotionnels aid\u00e9s \u00bb.<\/p>\n\n\n\n<p><strong>Chokri Hafed<\/strong><\/p>\n","protected":false},"excerpt":{"rendered":"<p>Le programme d\u2019aide au logement du Fonds national de p\u00e9r\u00e9quation des \u0153uvres sociales a \u00e9t\u00e9 officiellement relanc\u00e9 au titre de<\/p>\n","protected":false},"author":3,"featured_media":48363,"comment_status":"open","ping_status":"closed","sticky":false,"template":"","format":"standard","meta":{"colormag_page_container_layout":"default_layout","colormag_page_sidebar_layout":"default_layout","om_disable_all_campaigns":false,"_monsterinsights_skip_tracking":false,"_monsterinsights_sitenote_active":false,"_monsterinsights_sitenote_note":"","_monsterinsights_sitenote_category":0,"footnotes":"","_wpscppro_dont_share_socialmedia":false,"_wpscppro_custom_social_share_image":0,"_facebook_share_type":"","_twitter_share_type":"","_linkedin_share_type":"","_pinterest_share_type":"","_linkedin_share_type_page":"","_instagram_share_type":"","_medium_share_type":"","_threads_share_type":"","_google_business_share_type":"","_selected_social_profile":[],"_wpsp_enable_custom_social_template":false,"_wpsp_social_scheduling":{"enabled":false,"datetime":null,"platforms":[],"status":"template_only","dateOption":"today","timeOption":"now","customDays":"","customHours":"","customDate":"","customTime":"","schedulingType":"absolute"},"_wpsp_active_default_template":true},"categories":[52,27],"tags":[],"class_list":["post-48362","post","type-post","status-publish","format-standard","has-post-thumbnail","hentry","category-a-la-une","category-actualite"],"aioseo_notices":[],"yoast_head":"<!-- This site is optimized with the Yoast SEO plugin v27.5 - https:\/\/yoast.com\/product\/yoast-seo-wordpress\/ -->\n<title>Aides au logement\u00a0: Le programme FNPOS relanc\u00e9 d\u00e8s aujourd\u2019hui - La Sentinelle<\/title>\n<meta name=\"robots\" content=\"index, follow, max-snippet:-1, max-image-preview:large, max-video-preview:-1\" \/>\n<link rel=\"canonical\" href=\"https:\/\/lasentinelle.dz\/index.php\/2024\/01\/02\/aides-au-logement-le-programme-fnpos-relance-des-aujourdhui\/\" \/>\n<meta property=\"og:locale\" content=\"fr_FR\" \/>\n<meta property=\"og:type\" content=\"article\" \/>\n<meta property=\"og:title\" content=\"Aides au logement\u00a0: Le programme FNPOS relanc\u00e9 d\u00e8s aujourd\u2019hui - La Sentinelle\" \/>\n<meta property=\"og:description\" content=\"Le programme d\u2019aide au logement du Fonds national de p\u00e9r\u00e9quation des \u0153uvres sociales a \u00e9t\u00e9 officiellement relanc\u00e9 au titre de\" \/>\n<meta property=\"og:url\" content=\"https:\/\/lasentinelle.dz\/index.php\/2024\/01\/02\/aides-au-logement-le-programme-fnpos-relance-des-aujourdhui\/\" \/>\n<meta property=\"og:site_name\" content=\"La Sentinelle\" \/>\n<meta property=\"article:publisher\" content=\"https:\/\/www.facebook.com\/La-Sentinelle-104059864394773\" \/>\n<meta property=\"article:published_time\" content=\"2024-01-02T14:17:00+00:00\" \/>\n<meta property=\"article:modified_time\" content=\"2024-01-02T14:17:03+00:00\" \/>\n<meta property=\"og:image\" content=\"https:\/\/lasentinelle.dz\/wp-content\/uploads\/2024\/01\/fnpos.jpeg\" \/>\n\t<meta property=\"og:image:width\" content=\"1184\" \/>\n\t<meta property=\"og:image:height\" content=\"889\" \/>\n\t<meta property=\"og:image:type\" content=\"image\/jpeg\" \/>\n<meta name=\"author\" content=\"La Sentinelle\" \/>\n<meta name=\"twitter:card\" content=\"summary_large_image\" \/>\n<meta name=\"twitter:label1\" content=\"\u00c9crit par\" \/>\n\t<meta name=\"twitter:data1\" content=\"La Sentinelle\" \/>\n\t<meta name=\"twitter:label2\" content=\"Dur\u00e9e de lecture estim\u00e9e\" \/>\n\t<meta name=\"twitter:data2\" content=\"3 minutes\" \/>\n<script type=\"application\/ld+json\" class=\"yoast-schema-graph\">{\"@context\":\"https:\\\/\\\/schema.org\",\"@graph\":[{\"@type\":\"Article\",\"@id\":\"https:\\\/\\\/lasentinelle.dz\\\/index.php\\\/2024\\\/01\\\/02\\\/aides-au-logement-le-programme-fnpos-relance-des-aujourdhui\\\/#article\",\"isPartOf\":{\"@id\":\"https:\\\/\\\/lasentinelle.dz\\\/index.php\\\/2024\\\/01\\\/02\\\/aides-au-logement-le-programme-fnpos-relance-des-aujourdhui\\\/\"},\"author\":{\"name\":\"La Sentinelle\",\"@id\":\"https:\\\/\\\/lasentinelle.dz\\\/#\\\/schema\\\/person\\\/d865044e22e70a75174ce8bcad3acfb3\"},\"headline\":\"Aides au logement\u00a0: Le programme FNPOS relanc\u00e9 d\u00e8s aujourd\u2019hui\",\"datePublished\":\"2024-01-02T14:17:00+00:00\",\"dateModified\":\"2024-01-02T14:17:03+00:00\",\"mainEntityOfPage\":{\"@id\":\"https:\\\/\\\/lasentinelle.dz\\\/index.php\\\/2024\\\/01\\\/02\\\/aides-au-logement-le-programme-fnpos-relance-des-aujourdhui\\\/\"},\"wordCount\":504,\"commentCount\":0,\"publisher\":{\"@id\":\"https:\\\/\\\/lasentinelle.dz\\\/#organization\"},\"image\":{\"@id\":\"https:\\\/\\\/lasentinelle.dz\\\/index.php\\\/2024\\\/01\\\/02\\\/aides-au-logement-le-programme-fnpos-relance-des-aujourdhui\\\/#primaryimage\"},\"thumbnailUrl\":\"https:\\\/\\\/lasentinelle.dz\\\/wp-content\\\/uploads\\\/2024\\\/01\\\/fnpos.jpeg\",\"articleSection\":[\"\u00c0 la Une\",\"Actualit\u00e9\"],\"inLanguage\":\"fr-FR\",\"potentialAction\":[{\"@type\":\"CommentAction\",\"name\":\"Comment\",\"target\":[\"https:\\\/\\\/lasentinelle.dz\\\/index.php\\\/2024\\\/01\\\/02\\\/aides-au-logement-le-programme-fnpos-relance-des-aujourdhui\\\/#respond\"]}]},{\"@type\":\"WebPage\",\"@id\":\"https:\\\/\\\/lasentinelle.dz\\\/index.php\\\/2024\\\/01\\\/02\\\/aides-au-logement-le-programme-fnpos-relance-des-aujourdhui\\\/\",\"url\":\"https:\\\/\\\/lasentinelle.dz\\\/index.php\\\/2024\\\/01\\\/02\\\/aides-au-logement-le-programme-fnpos-relance-des-aujourdhui\\\/\",\"name\":\"Aides au logement\u00a0: Le programme FNPOS relanc\u00e9 d\u00e8s aujourd\u2019hui - La Sentinelle\",\"isPartOf\":{\"@id\":\"https:\\\/\\\/lasentinelle.dz\\\/#website\"},\"primaryImageOfPage\":{\"@id\":\"https:\\\/\\\/lasentinelle.dz\\\/index.php\\\/2024\\\/01\\\/02\\\/aides-au-logement-le-programme-fnpos-relance-des-aujourdhui\\\/#primaryimage\"},\"image\":{\"@id\":\"https:\\\/\\\/lasentinelle.dz\\\/index.php\\\/2024\\\/01\\\/02\\\/aides-au-logement-le-programme-fnpos-relance-des-aujourdhui\\\/#primaryimage\"},\"thumbnailUrl\":\"https:\\\/\\\/lasentinelle.dz\\\/wp-content\\\/uploads\\\/2024\\\/01\\\/fnpos.jpeg\",\"datePublished\":\"2024-01-02T14:17:00+00:00\",\"dateModified\":\"2024-01-02T14:17:03+00:00\",\"breadcrumb\":{\"@id\":\"https:\\\/\\\/lasentinelle.dz\\\/index.php\\\/2024\\\/01\\\/02\\\/aides-au-logement-le-programme-fnpos-relance-des-aujourdhui\\\/#breadcrumb\"},\"inLanguage\":\"fr-FR\",\"potentialAction\":[{\"@type\":\"ReadAction\",\"target\":[\"https:\\\/\\\/lasentinelle.dz\\\/index.php\\\/2024\\\/01\\\/02\\\/aides-au-logement-le-programme-fnpos-relance-des-aujourdhui\\\/\"]}]},{\"@type\":\"ImageObject\",\"inLanguage\":\"fr-FR\",\"@id\":\"https:\\\/\\\/lasentinelle.dz\\\/index.php\\\/2024\\\/01\\\/02\\\/aides-au-logement-le-programme-fnpos-relance-des-aujourdhui\\\/#primaryimage\",\"url\":\"https:\\\/\\\/lasentinelle.dz\\\/wp-content\\\/uploads\\\/2024\\\/01\\\/fnpos.jpeg\",\"contentUrl\":\"https:\\\/\\\/lasentinelle.dz\\\/wp-content\\\/uploads\\\/2024\\\/01\\\/fnpos.jpeg\",\"width\":1184,\"height\":889},{\"@type\":\"BreadcrumbList\",\"@id\":\"https:\\\/\\\/lasentinelle.dz\\\/index.php\\\/2024\\\/01\\\/02\\\/aides-au-logement-le-programme-fnpos-relance-des-aujourdhui\\\/#breadcrumb\",\"itemListElement\":[{\"@type\":\"ListItem\",\"position\":1,\"name\":\"Accueil\",\"item\":\"https:\\\/\\\/lasentinelle.dz\\\/\"},{\"@type\":\"ListItem\",\"position\":2,\"name\":\"Aides au logement\u00a0: Le programme FNPOS relanc\u00e9 d\u00e8s aujourd\u2019hui\"}]},{\"@type\":\"WebSite\",\"@id\":\"https:\\\/\\\/lasentinelle.dz\\\/#website\",\"url\":\"https:\\\/\\\/lasentinelle.dz\\\/\",\"name\":\"La Sentinelle\",\"description\":\"Quotidien national d&#039;information\",\"publisher\":{\"@id\":\"https:\\\/\\\/lasentinelle.dz\\\/#organization\"},\"potentialAction\":[{\"@type\":\"SearchAction\",\"target\":{\"@type\":\"EntryPoint\",\"urlTemplate\":\"https:\\\/\\\/lasentinelle.dz\\\/?s={search_term_string}\"},\"query-input\":{\"@type\":\"PropertyValueSpecification\",\"valueRequired\":true,\"valueName\":\"search_term_string\"}}],\"inLanguage\":\"fr-FR\"},{\"@type\":\"Organization\",\"@id\":\"https:\\\/\\\/lasentinelle.dz\\\/#organization\",\"name\":\"Quotidien La Sentinelle\",\"url\":\"https:\\\/\\\/lasentinelle.dz\\\/\",\"logo\":{\"@type\":\"ImageObject\",\"inLanguage\":\"fr-FR\",\"@id\":\"https:\\\/\\\/lasentinelle.dz\\\/#\\\/schema\\\/logo\\\/image\\\/\",\"url\":\"https:\\\/\\\/lasentinelle.dz\\\/wp-content\\\/uploads\\\/2021\\\/09\\\/logo-sentinelleSLOGAN-1.png\",\"contentUrl\":\"https:\\\/\\\/lasentinelle.dz\\\/wp-content\\\/uploads\\\/2021\\\/09\\\/logo-sentinelleSLOGAN-1.png\",\"width\":615,\"height\":142,\"caption\":\"Quotidien La Sentinelle\"},\"image\":{\"@id\":\"https:\\\/\\\/lasentinelle.dz\\\/#\\\/schema\\\/logo\\\/image\\\/\"},\"sameAs\":[\"https:\\\/\\\/www.facebook.com\\\/La-Sentinelle-104059864394773\"]},{\"@type\":\"Person\",\"@id\":\"https:\\\/\\\/lasentinelle.dz\\\/#\\\/schema\\\/person\\\/d865044e22e70a75174ce8bcad3acfb3\",\"name\":\"La Sentinelle\",\"image\":{\"@type\":\"ImageObject\",\"inLanguage\":\"fr-FR\",\"@id\":\"https:\\\/\\\/secure.gravatar.com\\\/avatar\\\/57de8e5d4b15d43fb361a71fbb36338450fe67865b528a43dd10ef7c51a20392?s=96&d=mm&r=g\",\"url\":\"https:\\\/\\\/secure.gravatar.com\\\/avatar\\\/57de8e5d4b15d43fb361a71fbb36338450fe67865b528a43dd10ef7c51a20392?s=96&d=mm&r=g\",\"contentUrl\":\"https:\\\/\\\/secure.gravatar.com\\\/avatar\\\/57de8e5d4b15d43fb361a71fbb36338450fe67865b528a43dd10ef7c51a20392?s=96&d=mm&r=g\",\"caption\":\"La Sentinelle\"},\"sameAs\":[\"http:\\\/\\\/www.lasentinelle.dz\"],\"url\":\"https:\\\/\\\/lasentinelle.dz\\\/author\\\/redaction\\\/\"}]}<\/script>\n<!-- \/ Yoast SEO plugin. -->","yoast_head_json":{"title":"Aides au logement\u00a0: Le programme FNPOS relanc\u00e9 d\u00e8s aujourd\u2019hui - La Sentinelle","robots":{"index":"index","follow":"follow","max-snippet":"max-snippet:-1","max-image-preview":"max-image-preview:large","max-video-preview":"max-video-preview:-1"},"canonical":"https:\/\/lasentinelle.dz\/index.php\/2024\/01\/02\/aides-au-logement-le-programme-fnpos-relance-des-aujourdhui\/","og_locale":"fr_FR","og_type":"article","og_title":"Aides au logement\u00a0: Le programme FNPOS relanc\u00e9 d\u00e8s aujourd\u2019hui - La Sentinelle","og_description":"Le programme d\u2019aide au logement du Fonds national de p\u00e9r\u00e9quation des \u0153uvres sociales a \u00e9t\u00e9 officiellement relanc\u00e9 au titre de","og_url":"https:\/\/lasentinelle.dz\/index.php\/2024\/01\/02\/aides-au-logement-le-programme-fnpos-relance-des-aujourdhui\/","og_site_name":"La Sentinelle","article_publisher":"https:\/\/www.facebook.com\/La-Sentinelle-104059864394773","article_published_time":"2024-01-02T14:17:00+00:00","article_modified_time":"2024-01-02T14:17:03+00:00","og_image":[{"width":1184,"height":889,"url":"https:\/\/lasentinelle.dz\/wp-content\/uploads\/2024\/01\/fnpos.jpeg","type":"image\/jpeg"}],"author":"La Sentinelle","twitter_card":"summary_large_image","twitter_misc":{"\u00c9crit par":"La Sentinelle","Dur\u00e9e de lecture estim\u00e9e":"3 minutes"},"schema":{"@context":"https:\/\/schema.org","@graph":[{"@type":"Article","@id":"https:\/\/lasentinelle.dz\/index.php\/2024\/01\/02\/aides-au-logement-le-programme-fnpos-relance-des-aujourdhui\/#article","isPartOf":{"@id":"https:\/\/lasentinelle.dz\/index.php\/2024\/01\/02\/aides-au-logement-le-programme-fnpos-relance-des-aujourdhui\/"},"author":{"name":"La Sentinelle","@id":"https:\/\/lasentinelle.dz\/#\/schema\/person\/d865044e22e70a75174ce8bcad3acfb3"},"headline":"Aides au logement\u00a0: Le programme FNPOS relanc\u00e9 d\u00e8s aujourd\u2019hui","datePublished":"2024-01-02T14:17:00+00:00","dateModified":"2024-01-02T14:17:03+00:00","mainEntityOfPage":{"@id":"https:\/\/lasentinelle.dz\/index.php\/2024\/01\/02\/aides-au-logement-le-programme-fnpos-relance-des-aujourdhui\/"},"wordCount":504,"commentCount":0,"publisher":{"@id":"https:\/\/lasentinelle.dz\/#organization"},"image":{"@id":"https:\/\/lasentinelle.dz\/index.php\/2024\/01\/02\/aides-au-logement-le-programme-fnpos-relance-des-aujourdhui\/#primaryimage"},"thumbnailUrl":"https:\/\/lasentinelle.dz\/wp-content\/uploads\/2024\/01\/fnpos.jpeg","articleSection":["\u00c0 la Une","Actualit\u00e9"],"inLanguage":"fr-FR","potentialAction":[{"@type":"CommentAction","name":"Comment","target":["https:\/\/lasentinelle.dz\/index.php\/2024\/01\/02\/aides-au-logement-le-programme-fnpos-relance-des-aujourdhui\/#respond"]}]},{"@type":"WebPage","@id":"https:\/\/lasentinelle.dz\/index.php\/2024\/01\/02\/aides-au-logement-le-programme-fnpos-relance-des-aujourdhui\/","url":"https:\/\/lasentinelle.dz\/index.php\/2024\/01\/02\/aides-au-logement-le-programme-fnpos-relance-des-aujourdhui\/","name":"Aides au logement\u00a0: Le programme FNPOS relanc\u00e9 d\u00e8s aujourd\u2019hui - La Sentinelle","isPartOf":{"@id":"https:\/\/lasentinelle.dz\/#website"},"primaryImageOfPage":{"@id":"https:\/\/lasentinelle.dz\/index.php\/2024\/01\/02\/aides-au-logement-le-programme-fnpos-relance-des-aujourdhui\/#primaryimage"},"image":{"@id":"https:\/\/lasentinelle.dz\/index.php\/2024\/01\/02\/aides-au-logement-le-programme-fnpos-relance-des-aujourdhui\/#primaryimage"},"thumbnailUrl":"https:\/\/lasentinelle.dz\/wp-content\/uploads\/2024\/01\/fnpos.jpeg","datePublished":"2024-01-02T14:17:00+00:00","dateModified":"2024-01-02T14:17:03+00:00","breadcrumb":{"@id":"https:\/\/lasentinelle.dz\/index.php\/2024\/01\/02\/aides-au-logement-le-programme-fnpos-relance-des-aujourdhui\/#breadcrumb"},"inLanguage":"fr-FR","potentialAction":[{"@type":"ReadAction","target":["https:\/\/lasentinelle.dz\/index.php\/2024\/01\/02\/aides-au-logement-le-programme-fnpos-relance-des-aujourdhui\/"]}]},{"@type":"ImageObject","inLanguage":"fr-FR","@id":"https:\/\/lasentinelle.dz\/index.php\/2024\/01\/02\/aides-au-logement-le-programme-fnpos-relance-des-aujourdhui\/#primaryimage","url":"https:\/\/lasentinelle.dz\/wp-content\/uploads\/2024\/01\/fnpos.jpeg","contentUrl":"https:\/\/lasentinelle.dz\/wp-content\/uploads\/2024\/01\/fnpos.jpeg","width":1184,"height":889},{"@type":"BreadcrumbList","@id":"https:\/\/lasentinelle.dz\/index.php\/2024\/01\/02\/aides-au-logement-le-programme-fnpos-relance-des-aujourdhui\/#breadcrumb","itemListElement":[{"@type":"ListItem","position":1,"name":"Accueil","item":"https:\/\/lasentinelle.dz\/"},{"@type":"ListItem","position":2,"name":"Aides au logement\u00a0: Le programme FNPOS relanc\u00e9 d\u00e8s aujourd\u2019hui"}]},{"@type":"WebSite","@id":"https:\/\/lasentinelle.dz\/#website","url":"https:\/\/lasentinelle.dz\/","name":"La Sentinelle","description":"Quotidien national d&#039;information","publisher":{"@id":"https:\/\/lasentinelle.dz\/#organization"},"potentialAction":[{"@type":"SearchAction","target":{"@type":"EntryPoint","urlTemplate":"https:\/\/lasentinelle.dz\/?s={search_term_string}"},"query-input":{"@type":"PropertyValueSpecification","valueRequired":true,"valueName":"search_term_string"}}],"inLanguage":"fr-FR"},{"@type":"Organization","@id":"https:\/\/lasentinelle.dz\/#organization","name":"Quotidien La Sentinelle","url":"https:\/\/lasentinelle.dz\/","logo":{"@type":"ImageObject","inLanguage":"fr-FR","@id":"https:\/\/lasentinelle.dz\/#\/schema\/logo\/image\/","url":"https:\/\/lasentinelle.dz\/wp-content\/uploads\/2021\/09\/logo-sentinelleSLOGAN-1.png","contentUrl":"https:\/\/lasentinelle.dz\/wp-content\/uploads\/2021\/09\/logo-sentinelleSLOGAN-1.png","width":615,"height":142,"caption":"Quotidien La Sentinelle"},"image":{"@id":"https:\/\/lasentinelle.dz\/#\/schema\/logo\/image\/"},"sameAs":["https:\/\/www.facebook.com\/La-Sentinelle-104059864394773"]},{"@type":"Person","@id":"https:\/\/lasentinelle.dz\/#\/schema\/person\/d865044e22e70a75174ce8bcad3acfb3","name":"La Sentinelle","image":{"@type":"ImageObject","inLanguage":"fr-FR","@id":"https:\/\/secure.gravatar.com\/avatar\/57de8e5d4b15d43fb361a71fbb36338450fe67865b528a43dd10ef7c51a20392?s=96&d=mm&r=g","url":"https:\/\/secure.gravatar.com\/avatar\/57de8e5d4b15d43fb361a71fbb36338450fe67865b528a43dd10ef7c51a20392?s=96&d=mm&r=g","contentUrl":"https:\/\/secure.gravatar.com\/avatar\/57de8e5d4b15d43fb361a71fbb36338450fe67865b528a43dd10ef7c51a20392?s=96&d=mm&r=g","caption":"La Sentinelle"},"sameAs":["http:\/\/www.lasentinelle.dz"],"url":"https:\/\/lasentinelle.dz\/author\/redaction\/"}]}},"_links":{"self":[{"href":"https:\/\/lasentinelle.dz\/index.php\/wp-json\/wp\/v2\/posts\/48362","targetHints":{"allow":["GET"]}}],"collection":[{"href":"https:\/\/lasentinelle.dz\/index.php\/wp-json\/wp\/v2\/posts"}],"about":[{"href":"https:\/\/lasentinelle.dz\/index.php\/wp-json\/wp\/v2\/types\/post"}],"author":[{"embeddable":true,"href":"https:\/\/lasentinelle.dz\/index.php\/wp-json\/wp\/v2\/users\/3"}],"replies":[{"embeddable":true,"href":"https:\/\/lasentinelle.dz\/index.php\/wp-json\/wp\/v2\/comments?post=48362"}],"version-history":[{"count":1,"href":"https:\/\/lasentinelle.dz\/index.php\/wp-json\/wp\/v2\/posts\/48362\/revisions"}],"predecessor-version":[{"id":48364,"href":"https:\/\/lasentinelle.dz\/index.php\/wp-json\/wp\/v2\/posts\/48362\/revisions\/48364"}],"wp:featuredmedia":[{"embeddable":true,"href":"https:\/\/lasentinelle.dz\/index.php\/wp-json\/wp\/v2\/media\/48363"}],"wp:attachment":[{"href":"https:\/\/lasentinelle.dz\/index.php\/wp-json\/wp\/v2\/media?parent=48362"}],"wp:term":[{"taxonomy":"category","embeddable":true,"href":"https:\/\/lasentinelle.dz\/index.php\/wp-json\/wp\/v2\/categories?post=48362"},{"taxonomy":"post_tag","embeddable":true,"href":"https:\/\/lasentinelle.dz\/index.php\/wp-json\/wp\/v2\/tags?post=48362"}],"curies":[{"name":"wp","href":"https:\/\/api.w.org\/{rel}","templated":true}]}}