{"id":48380,"date":"2024-01-02T15:31:37","date_gmt":"2024-01-02T14:31:37","guid":{"rendered":"https:\/\/lasentinelle.dz\/?p=48380"},"modified":"2024-01-02T15:31:41","modified_gmt":"2024-01-02T14:31:41","slug":"un-destroyer-iranien-traverse-le-detroit-de-bab-al-mandeb-escalade-en-mer-rouge","status":"publish","type":"post","link":"https:\/\/lasentinelle.dz\/index.php\/2024\/01\/02\/un-destroyer-iranien-traverse-le-detroit-de-bab-al-mandeb-escalade-en-mer-rouge\/","title":{"rendered":"Un destroyer iranien traverse le d\u00e9troit de Bab al-Mandeb\u00a0: Escalade en mer Rouge\u00a0!"},"content":{"rendered":"\n<p>Un destroyer iranien est entr\u00e9 en mer Rouge par le d\u00e9troit de Bab al-Mandeb, alors que les tensions montent dans la r\u00e9gion, dans le sillage de l\u2019agression isra\u00e9lienne contre la Bande de Ghaza.<\/p>\n\n\n\n<p>En persistant \u00e0 intensifier son agression \u00e0 l\u2019encontre des Palestiniens \u00e0 Ghaza, mais aussi en Cisjordanie occup\u00e9e, l\u2019entit\u00e9 sioniste menace la s\u00e9curit\u00e9 de l\u2019ensemble de la r\u00e9gion expos\u00e9e \u00e0 un v\u00e9ritable risque de r\u00e9gionalisation du conflit. Un risque r\u00e9el refl\u00e9t\u00e9 par l\u2019\u00e9volution de la situation en Mer Rouge o\u00f9 les tensions montent, en raison notamment de l\u2019implication des Etats-Unis lesquels cherchent depuis le d\u00e9but de l\u2019agression isra\u00e9lienne sur Ghaza la confrontation avec l\u2019Iran.&nbsp; Hier, l\u2019agence de presse priv\u00e9e iranienne Tasnim a indiqu\u00e9 que le destroyer iranien Alborz est entr\u00e9 dans la mer Rouge par le d\u00e9troit strat\u00e9gique de Bab al-Mandeb.&nbsp; L\u2019agence n\u2019a pas pr\u00e9cis\u00e9 les raisons de ce d\u00e9ploiement, mais a not\u00e9 que des navires militaires iraniens op\u00e9raient dans la zone depuis 2009. Tasnim a indiqu\u00e9 que dans le cadre du Groupe 94 de la marine militaire iranienne, le destroyer \u00ab\u00a0Alborz\u00a0\u00bb a acc\u00e9d\u00e9 \u00e0 la mer Rouge par le d\u00e9troit de Bab al-Mandab. Et de rappeler que depuis le d\u00e9but de l&rsquo;ann\u00e9e 2009, l&rsquo;arm\u00e9e iranienne a entam\u00e9 ses missions dans les eaux internationales pour s\u00e9curiser les lignes maritimes et lutter contre la piraterie, entre autres activit\u00e9s.<\/p>\n\n\n\n<p>Un \u00e9v\u00e9nement loin d\u2019\u00eatre anodin, dans la mesure o\u00f9 il intervient \u00e0 un moment o\u00f9 les tensions montent en mer Rouge, mais aussi dans l\u2019ensemble de la r\u00e9gion. Washington s\u2019est activement impliqu\u00e9 et renforc\u00e9 sa pr\u00e9sence militaire dans la r\u00e9gion du Proche-Orient pour soutenir l\u2019agression sioniste contre la Bande de Ghaza. Une agression violente qui pouss\u00e9 certains acteurs de la r\u00e9gion \u00e0 s\u2019impliquer et apporter leur soutien \u00e0 la r\u00e9sistance palestinienne. C\u2019est dans ce contexte que les Houthis du Y\u00e9men ont d\u00e9cid\u00e9 de lancer des attaques les navires isra\u00e9liens ou ceux qui approvisionnent de l\u2019entit\u00e9 sioniste. Pour r\u00e9pondre \u00e0 ces attaques, Washington a d\u00e9cid\u00e9 de diriger une coalition pour \u00ab&nbsp;pr\u00e9venir&nbsp;\u00bb les attaques en Mer Rouge. L\u2019arm\u00e9e am\u00e9ricaine a d\u2019ailleurs annonc\u00e9 hier avoir d\u00e9truit trois embarcations des Houthis en Mer Rouge. L\u2019arriv\u00e9e d\u2019un destroyer iranien en mer Rouge est dans ce contexte per\u00e7u comme un signe de l\u2019escalade de la r\u00e9gion, dans la mesure o\u00f9 l\u2019on assiste \u00e0 une confrontation indirecte entre l\u2019Iran et l\u2019alliance am\u00e9ricano-sioniste dans la r\u00e9gion. L\u2019attaque men\u00e9e la semaine derni\u00e8re par l\u2019arm\u00e9e US contre les bases du Hezbollah en Irak, l\u2019attaque men\u00e9e \u00e9galement et pratiquement au m\u00eame moment par l\u2019entit\u00e9 sioniste contre la capitale syrienne Damas et qui a caus\u00e9 l\u2019un des chefs des Gardiens de la r\u00e9volution, ainsi que les bombardements permanents de l\u2019arm\u00e9e d\u2019occupation isra\u00e9lienne contre le Sud du Liban, d\u00e9note de l\u2019intention de l\u2019alliance am\u00e9ricano-sioniste de provoquer un conflit r\u00e9gional.<\/p>\n\n\n\n<p>Lyes Sa\u00efdi<\/p>\n","protected":false},"excerpt":{"rendered":"<p>Un destroyer iranien est entr\u00e9 en mer Rouge par le d\u00e9troit de Bab al-Mandeb, alors que les tensions montent dans<\/p>\n","protected":false},"author":3,"featured_media":48381,"comment_status":"open","ping_status":"closed","sticky":false,"template":"","format":"standard","meta":{"colormag_page_container_layout":"default_layout","colormag_page_sidebar_layout":"default_layout","om_disable_all_campaigns":false,"_monsterinsights_skip_tracking":false,"_monsterinsights_sitenote_active":false,"_monsterinsights_sitenote_note":"","_monsterinsights_sitenote_category":0,"footnotes":"","_wpscppro_dont_share_socialmedia":false,"_wpscppro_custom_social_share_image":0,"_facebook_share_type":"","_twitter_share_type":"","_linkedin_share_type":"","_pinterest_share_type":"","_linkedin_share_type_page":"","_instagram_share_type":"","_medium_share_type":"","_threads_share_type":"","_google_business_share_type":"","_selected_social_profile":[],"_wpsp_enable_custom_social_template":false,"_wpsp_social_scheduling":{"enabled":false,"datetime":null,"platforms":[],"status":"template_only","dateOption":"today","timeOption":"now","customDays":"","customHours":"","customDate":"","customTime":"","schedulingType":"absolute"},"_wpsp_active_default_template":true},"categories":[52,27],"tags":[],"class_list":["post-48380","post","type-post","status-publish","format-standard","has-post-thumbnail","hentry","category-a-la-une","category-actualite"],"aioseo_notices":[],"yoast_head":"<!-- This site is optimized with the Yoast SEO plugin v27.5 - https:\/\/yoast.com\/product\/yoast-seo-wordpress\/ -->\n<title>Un destroyer iranien traverse le d\u00e9troit de Bab al-Mandeb\u00a0: Escalade en mer Rouge\u00a0! - La Sentinelle<\/title>\n<meta name=\"robots\" content=\"index, follow, max-snippet:-1, max-image-preview:large, max-video-preview:-1\" \/>\n<link rel=\"canonical\" href=\"https:\/\/lasentinelle.dz\/index.php\/2024\/01\/02\/un-destroyer-iranien-traverse-le-detroit-de-bab-al-mandeb-escalade-en-mer-rouge\/\" \/>\n<meta property=\"og:locale\" content=\"fr_FR\" \/>\n<meta property=\"og:type\" content=\"article\" \/>\n<meta property=\"og:title\" content=\"Un destroyer iranien traverse le d\u00e9troit de Bab al-Mandeb\u00a0: Escalade en mer Rouge\u00a0! - La Sentinelle\" \/>\n<meta property=\"og:description\" content=\"Un destroyer iranien est entr\u00e9 en mer Rouge par le d\u00e9troit de Bab al-Mandeb, alors que les tensions montent dans\" \/>\n<meta property=\"og:url\" content=\"https:\/\/lasentinelle.dz\/index.php\/2024\/01\/02\/un-destroyer-iranien-traverse-le-detroit-de-bab-al-mandeb-escalade-en-mer-rouge\/\" \/>\n<meta property=\"og:site_name\" content=\"La Sentinelle\" \/>\n<meta property=\"article:publisher\" content=\"https:\/\/www.facebook.com\/La-Sentinelle-104059864394773\" \/>\n<meta property=\"article:published_time\" content=\"2024-01-02T14:31:37+00:00\" \/>\n<meta property=\"article:modified_time\" content=\"2024-01-02T14:31:41+00:00\" \/>\n<meta property=\"og:image\" content=\"https:\/\/lasentinelle.dz\/wp-content\/uploads\/2024\/01\/destroyer.jpeg\" \/>\n\t<meta property=\"og:image:width\" content=\"800\" \/>\n\t<meta property=\"og:image:height\" content=\"533\" \/>\n\t<meta property=\"og:image:type\" content=\"image\/jpeg\" \/>\n<meta name=\"author\" content=\"La Sentinelle\" \/>\n<meta name=\"twitter:card\" content=\"summary_large_image\" \/>\n<meta name=\"twitter:label1\" content=\"\u00c9crit par\" \/>\n\t<meta name=\"twitter:data1\" content=\"La Sentinelle\" \/>\n\t<meta name=\"twitter:label2\" content=\"Dur\u00e9e de lecture estim\u00e9e\" \/>\n\t<meta name=\"twitter:data2\" content=\"3 minutes\" \/>\n<script type=\"application\/ld+json\" class=\"yoast-schema-graph\">{\"@context\":\"https:\\\/\\\/schema.org\",\"@graph\":[{\"@type\":\"Article\",\"@id\":\"https:\\\/\\\/lasentinelle.dz\\\/index.php\\\/2024\\\/01\\\/02\\\/un-destroyer-iranien-traverse-le-detroit-de-bab-al-mandeb-escalade-en-mer-rouge\\\/#article\",\"isPartOf\":{\"@id\":\"https:\\\/\\\/lasentinelle.dz\\\/index.php\\\/2024\\\/01\\\/02\\\/un-destroyer-iranien-traverse-le-detroit-de-bab-al-mandeb-escalade-en-mer-rouge\\\/\"},\"author\":{\"name\":\"La Sentinelle\",\"@id\":\"https:\\\/\\\/lasentinelle.dz\\\/#\\\/schema\\\/person\\\/d865044e22e70a75174ce8bcad3acfb3\"},\"headline\":\"Un destroyer iranien traverse le d\u00e9troit de Bab al-Mandeb\u00a0: Escalade en mer Rouge\u00a0!\",\"datePublished\":\"2024-01-02T14:31:37+00:00\",\"dateModified\":\"2024-01-02T14:31:41+00:00\",\"mainEntityOfPage\":{\"@id\":\"https:\\\/\\\/lasentinelle.dz\\\/index.php\\\/2024\\\/01\\\/02\\\/un-destroyer-iranien-traverse-le-detroit-de-bab-al-mandeb-escalade-en-mer-rouge\\\/\"},\"wordCount\":557,\"commentCount\":0,\"publisher\":{\"@id\":\"https:\\\/\\\/lasentinelle.dz\\\/#organization\"},\"image\":{\"@id\":\"https:\\\/\\\/lasentinelle.dz\\\/index.php\\\/2024\\\/01\\\/02\\\/un-destroyer-iranien-traverse-le-detroit-de-bab-al-mandeb-escalade-en-mer-rouge\\\/#primaryimage\"},\"thumbnailUrl\":\"https:\\\/\\\/lasentinelle.dz\\\/wp-content\\\/uploads\\\/2024\\\/01\\\/destroyer.jpeg\",\"articleSection\":[\"\u00c0 la Une\",\"Actualit\u00e9\"],\"inLanguage\":\"fr-FR\",\"potentialAction\":[{\"@type\":\"CommentAction\",\"name\":\"Comment\",\"target\":[\"https:\\\/\\\/lasentinelle.dz\\\/index.php\\\/2024\\\/01\\\/02\\\/un-destroyer-iranien-traverse-le-detroit-de-bab-al-mandeb-escalade-en-mer-rouge\\\/#respond\"]}]},{\"@type\":\"WebPage\",\"@id\":\"https:\\\/\\\/lasentinelle.dz\\\/index.php\\\/2024\\\/01\\\/02\\\/un-destroyer-iranien-traverse-le-detroit-de-bab-al-mandeb-escalade-en-mer-rouge\\\/\",\"url\":\"https:\\\/\\\/lasentinelle.dz\\\/index.php\\\/2024\\\/01\\\/02\\\/un-destroyer-iranien-traverse-le-detroit-de-bab-al-mandeb-escalade-en-mer-rouge\\\/\",\"name\":\"Un destroyer iranien traverse le d\u00e9troit de Bab al-Mandeb\u00a0: Escalade en mer Rouge\u00a0! - La Sentinelle\",\"isPartOf\":{\"@id\":\"https:\\\/\\\/lasentinelle.dz\\\/#website\"},\"primaryImageOfPage\":{\"@id\":\"https:\\\/\\\/lasentinelle.dz\\\/index.php\\\/2024\\\/01\\\/02\\\/un-destroyer-iranien-traverse-le-detroit-de-bab-al-mandeb-escalade-en-mer-rouge\\\/#primaryimage\"},\"image\":{\"@id\":\"https:\\\/\\\/lasentinelle.dz\\\/index.php\\\/2024\\\/01\\\/02\\\/un-destroyer-iranien-traverse-le-detroit-de-bab-al-mandeb-escalade-en-mer-rouge\\\/#primaryimage\"},\"thumbnailUrl\":\"https:\\\/\\\/lasentinelle.dz\\\/wp-content\\\/uploads\\\/2024\\\/01\\\/destroyer.jpeg\",\"datePublished\":\"2024-01-02T14:31:37+00:00\",\"dateModified\":\"2024-01-02T14:31:41+00:00\",\"breadcrumb\":{\"@id\":\"https:\\\/\\\/lasentinelle.dz\\\/index.php\\\/2024\\\/01\\\/02\\\/un-destroyer-iranien-traverse-le-detroit-de-bab-al-mandeb-escalade-en-mer-rouge\\\/#breadcrumb\"},\"inLanguage\":\"fr-FR\",\"potentialAction\":[{\"@type\":\"ReadAction\",\"target\":[\"https:\\\/\\\/lasentinelle.dz\\\/index.php\\\/2024\\\/01\\\/02\\\/un-destroyer-iranien-traverse-le-detroit-de-bab-al-mandeb-escalade-en-mer-rouge\\\/\"]}]},{\"@type\":\"ImageObject\",\"inLanguage\":\"fr-FR\",\"@id\":\"https:\\\/\\\/lasentinelle.dz\\\/index.php\\\/2024\\\/01\\\/02\\\/un-destroyer-iranien-traverse-le-detroit-de-bab-al-mandeb-escalade-en-mer-rouge\\\/#primaryimage\",\"url\":\"https:\\\/\\\/lasentinelle.dz\\\/wp-content\\\/uploads\\\/2024\\\/01\\\/destroyer.jpeg\",\"contentUrl\":\"https:\\\/\\\/lasentinelle.dz\\\/wp-content\\\/uploads\\\/2024\\\/01\\\/destroyer.jpeg\",\"width\":800,\"height\":533},{\"@type\":\"BreadcrumbList\",\"@id\":\"https:\\\/\\\/lasentinelle.dz\\\/index.php\\\/2024\\\/01\\\/02\\\/un-destroyer-iranien-traverse-le-detroit-de-bab-al-mandeb-escalade-en-mer-rouge\\\/#breadcrumb\",\"itemListElement\":[{\"@type\":\"ListItem\",\"position\":1,\"name\":\"Accueil\",\"item\":\"https:\\\/\\\/lasentinelle.dz\\\/\"},{\"@type\":\"ListItem\",\"position\":2,\"name\":\"Un destroyer iranien traverse le d\u00e9troit de Bab al-Mandeb\u00a0: Escalade en mer Rouge\u00a0!\"}]},{\"@type\":\"WebSite\",\"@id\":\"https:\\\/\\\/lasentinelle.dz\\\/#website\",\"url\":\"https:\\\/\\\/lasentinelle.dz\\\/\",\"name\":\"La Sentinelle\",\"description\":\"Quotidien national d&#039;information\",\"publisher\":{\"@id\":\"https:\\\/\\\/lasentinelle.dz\\\/#organization\"},\"potentialAction\":[{\"@type\":\"SearchAction\",\"target\":{\"@type\":\"EntryPoint\",\"urlTemplate\":\"https:\\\/\\\/lasentinelle.dz\\\/?s={search_term_string}\"},\"query-input\":{\"@type\":\"PropertyValueSpecification\",\"valueRequired\":true,\"valueName\":\"search_term_string\"}}],\"inLanguage\":\"fr-FR\"},{\"@type\":\"Organization\",\"@id\":\"https:\\\/\\\/lasentinelle.dz\\\/#organization\",\"name\":\"Quotidien La Sentinelle\",\"url\":\"https:\\\/\\\/lasentinelle.dz\\\/\",\"logo\":{\"@type\":\"ImageObject\",\"inLanguage\":\"fr-FR\",\"@id\":\"https:\\\/\\\/lasentinelle.dz\\\/#\\\/schema\\\/logo\\\/image\\\/\",\"url\":\"https:\\\/\\\/lasentinelle.dz\\\/wp-content\\\/uploads\\\/2021\\\/09\\\/logo-sentinelleSLOGAN-1.png\",\"contentUrl\":\"https:\\\/\\\/lasentinelle.dz\\\/wp-content\\\/uploads\\\/2021\\\/09\\\/logo-sentinelleSLOGAN-1.png\",\"width\":615,\"height\":142,\"caption\":\"Quotidien La Sentinelle\"},\"image\":{\"@id\":\"https:\\\/\\\/lasentinelle.dz\\\/#\\\/schema\\\/logo\\\/image\\\/\"},\"sameAs\":[\"https:\\\/\\\/www.facebook.com\\\/La-Sentinelle-104059864394773\"]},{\"@type\":\"Person\",\"@id\":\"https:\\\/\\\/lasentinelle.dz\\\/#\\\/schema\\\/person\\\/d865044e22e70a75174ce8bcad3acfb3\",\"name\":\"La Sentinelle\",\"image\":{\"@type\":\"ImageObject\",\"inLanguage\":\"fr-FR\",\"@id\":\"https:\\\/\\\/secure.gravatar.com\\\/avatar\\\/57de8e5d4b15d43fb361a71fbb36338450fe67865b528a43dd10ef7c51a20392?s=96&d=mm&r=g\",\"url\":\"https:\\\/\\\/secure.gravatar.com\\\/avatar\\\/57de8e5d4b15d43fb361a71fbb36338450fe67865b528a43dd10ef7c51a20392?s=96&d=mm&r=g\",\"contentUrl\":\"https:\\\/\\\/secure.gravatar.com\\\/avatar\\\/57de8e5d4b15d43fb361a71fbb36338450fe67865b528a43dd10ef7c51a20392?s=96&d=mm&r=g\",\"caption\":\"La Sentinelle\"},\"sameAs\":[\"http:\\\/\\\/www.lasentinelle.dz\"],\"url\":\"https:\\\/\\\/lasentinelle.dz\\\/author\\\/redaction\\\/\"}]}<\/script>\n<!-- \/ Yoast SEO plugin. -->","yoast_head_json":{"title":"Un destroyer iranien traverse le d\u00e9troit de Bab al-Mandeb\u00a0: Escalade en mer Rouge\u00a0! - La Sentinelle","robots":{"index":"index","follow":"follow","max-snippet":"max-snippet:-1","max-image-preview":"max-image-preview:large","max-video-preview":"max-video-preview:-1"},"canonical":"https:\/\/lasentinelle.dz\/index.php\/2024\/01\/02\/un-destroyer-iranien-traverse-le-detroit-de-bab-al-mandeb-escalade-en-mer-rouge\/","og_locale":"fr_FR","og_type":"article","og_title":"Un destroyer iranien traverse le d\u00e9troit de Bab al-Mandeb\u00a0: Escalade en mer Rouge\u00a0! - La Sentinelle","og_description":"Un destroyer iranien est entr\u00e9 en mer Rouge par le d\u00e9troit de Bab al-Mandeb, alors que les tensions montent dans","og_url":"https:\/\/lasentinelle.dz\/index.php\/2024\/01\/02\/un-destroyer-iranien-traverse-le-detroit-de-bab-al-mandeb-escalade-en-mer-rouge\/","og_site_name":"La Sentinelle","article_publisher":"https:\/\/www.facebook.com\/La-Sentinelle-104059864394773","article_published_time":"2024-01-02T14:31:37+00:00","article_modified_time":"2024-01-02T14:31:41+00:00","og_image":[{"width":800,"height":533,"url":"https:\/\/lasentinelle.dz\/wp-content\/uploads\/2024\/01\/destroyer.jpeg","type":"image\/jpeg"}],"author":"La Sentinelle","twitter_card":"summary_large_image","twitter_misc":{"\u00c9crit par":"La Sentinelle","Dur\u00e9e de lecture estim\u00e9e":"3 minutes"},"schema":{"@context":"https:\/\/schema.org","@graph":[{"@type":"Article","@id":"https:\/\/lasentinelle.dz\/index.php\/2024\/01\/02\/un-destroyer-iranien-traverse-le-detroit-de-bab-al-mandeb-escalade-en-mer-rouge\/#article","isPartOf":{"@id":"https:\/\/lasentinelle.dz\/index.php\/2024\/01\/02\/un-destroyer-iranien-traverse-le-detroit-de-bab-al-mandeb-escalade-en-mer-rouge\/"},"author":{"name":"La Sentinelle","@id":"https:\/\/lasentinelle.dz\/#\/schema\/person\/d865044e22e70a75174ce8bcad3acfb3"},"headline":"Un destroyer iranien traverse le d\u00e9troit de Bab al-Mandeb\u00a0: Escalade en mer Rouge\u00a0!","datePublished":"2024-01-02T14:31:37+00:00","dateModified":"2024-01-02T14:31:41+00:00","mainEntityOfPage":{"@id":"https:\/\/lasentinelle.dz\/index.php\/2024\/01\/02\/un-destroyer-iranien-traverse-le-detroit-de-bab-al-mandeb-escalade-en-mer-rouge\/"},"wordCount":557,"commentCount":0,"publisher":{"@id":"https:\/\/lasentinelle.dz\/#organization"},"image":{"@id":"https:\/\/lasentinelle.dz\/index.php\/2024\/01\/02\/un-destroyer-iranien-traverse-le-detroit-de-bab-al-mandeb-escalade-en-mer-rouge\/#primaryimage"},"thumbnailUrl":"https:\/\/lasentinelle.dz\/wp-content\/uploads\/2024\/01\/destroyer.jpeg","articleSection":["\u00c0 la Une","Actualit\u00e9"],"inLanguage":"fr-FR","potentialAction":[{"@type":"CommentAction","name":"Comment","target":["https:\/\/lasentinelle.dz\/index.php\/2024\/01\/02\/un-destroyer-iranien-traverse-le-detroit-de-bab-al-mandeb-escalade-en-mer-rouge\/#respond"]}]},{"@type":"WebPage","@id":"https:\/\/lasentinelle.dz\/index.php\/2024\/01\/02\/un-destroyer-iranien-traverse-le-detroit-de-bab-al-mandeb-escalade-en-mer-rouge\/","url":"https:\/\/lasentinelle.dz\/index.php\/2024\/01\/02\/un-destroyer-iranien-traverse-le-detroit-de-bab-al-mandeb-escalade-en-mer-rouge\/","name":"Un destroyer iranien traverse le d\u00e9troit de Bab al-Mandeb\u00a0: Escalade en mer Rouge\u00a0! - La Sentinelle","isPartOf":{"@id":"https:\/\/lasentinelle.dz\/#website"},"primaryImageOfPage":{"@id":"https:\/\/lasentinelle.dz\/index.php\/2024\/01\/02\/un-destroyer-iranien-traverse-le-detroit-de-bab-al-mandeb-escalade-en-mer-rouge\/#primaryimage"},"image":{"@id":"https:\/\/lasentinelle.dz\/index.php\/2024\/01\/02\/un-destroyer-iranien-traverse-le-detroit-de-bab-al-mandeb-escalade-en-mer-rouge\/#primaryimage"},"thumbnailUrl":"https:\/\/lasentinelle.dz\/wp-content\/uploads\/2024\/01\/destroyer.jpeg","datePublished":"2024-01-02T14:31:37+00:00","dateModified":"2024-01-02T14:31:41+00:00","breadcrumb":{"@id":"https:\/\/lasentinelle.dz\/index.php\/2024\/01\/02\/un-destroyer-iranien-traverse-le-detroit-de-bab-al-mandeb-escalade-en-mer-rouge\/#breadcrumb"},"inLanguage":"fr-FR","potentialAction":[{"@type":"ReadAction","target":["https:\/\/lasentinelle.dz\/index.php\/2024\/01\/02\/un-destroyer-iranien-traverse-le-detroit-de-bab-al-mandeb-escalade-en-mer-rouge\/"]}]},{"@type":"ImageObject","inLanguage":"fr-FR","@id":"https:\/\/lasentinelle.dz\/index.php\/2024\/01\/02\/un-destroyer-iranien-traverse-le-detroit-de-bab-al-mandeb-escalade-en-mer-rouge\/#primaryimage","url":"https:\/\/lasentinelle.dz\/wp-content\/uploads\/2024\/01\/destroyer.jpeg","contentUrl":"https:\/\/lasentinelle.dz\/wp-content\/uploads\/2024\/01\/destroyer.jpeg","width":800,"height":533},{"@type":"BreadcrumbList","@id":"https:\/\/lasentinelle.dz\/index.php\/2024\/01\/02\/un-destroyer-iranien-traverse-le-detroit-de-bab-al-mandeb-escalade-en-mer-rouge\/#breadcrumb","itemListElement":[{"@type":"ListItem","position":1,"name":"Accueil","item":"https:\/\/lasentinelle.dz\/"},{"@type":"ListItem","position":2,"name":"Un destroyer iranien traverse le d\u00e9troit de Bab al-Mandeb\u00a0: Escalade en mer Rouge\u00a0!"}]},{"@type":"WebSite","@id":"https:\/\/lasentinelle.dz\/#website","url":"https:\/\/lasentinelle.dz\/","name":"La Sentinelle","description":"Quotidien national d&#039;information","publisher":{"@id":"https:\/\/lasentinelle.dz\/#organization"},"potentialAction":[{"@type":"SearchAction","target":{"@type":"EntryPoint","urlTemplate":"https:\/\/lasentinelle.dz\/?s={search_term_string}"},"query-input":{"@type":"PropertyValueSpecification","valueRequired":true,"valueName":"search_term_string"}}],"inLanguage":"fr-FR"},{"@type":"Organization","@id":"https:\/\/lasentinelle.dz\/#organization","name":"Quotidien La Sentinelle","url":"https:\/\/lasentinelle.dz\/","logo":{"@type":"ImageObject","inLanguage":"fr-FR","@id":"https:\/\/lasentinelle.dz\/#\/schema\/logo\/image\/","url":"https:\/\/lasentinelle.dz\/wp-content\/uploads\/2021\/09\/logo-sentinelleSLOGAN-1.png","contentUrl":"https:\/\/lasentinelle.dz\/wp-content\/uploads\/2021\/09\/logo-sentinelleSLOGAN-1.png","width":615,"height":142,"caption":"Quotidien La Sentinelle"},"image":{"@id":"https:\/\/lasentinelle.dz\/#\/schema\/logo\/image\/"},"sameAs":["https:\/\/www.facebook.com\/La-Sentinelle-104059864394773"]},{"@type":"Person","@id":"https:\/\/lasentinelle.dz\/#\/schema\/person\/d865044e22e70a75174ce8bcad3acfb3","name":"La Sentinelle","image":{"@type":"ImageObject","inLanguage":"fr-FR","@id":"https:\/\/secure.gravatar.com\/avatar\/57de8e5d4b15d43fb361a71fbb36338450fe67865b528a43dd10ef7c51a20392?s=96&d=mm&r=g","url":"https:\/\/secure.gravatar.com\/avatar\/57de8e5d4b15d43fb361a71fbb36338450fe67865b528a43dd10ef7c51a20392?s=96&d=mm&r=g","contentUrl":"https:\/\/secure.gravatar.com\/avatar\/57de8e5d4b15d43fb361a71fbb36338450fe67865b528a43dd10ef7c51a20392?s=96&d=mm&r=g","caption":"La Sentinelle"},"sameAs":["http:\/\/www.lasentinelle.dz"],"url":"https:\/\/lasentinelle.dz\/author\/redaction\/"}]}},"_links":{"self":[{"href":"https:\/\/lasentinelle.dz\/index.php\/wp-json\/wp\/v2\/posts\/48380","targetHints":{"allow":["GET"]}}],"collection":[{"href":"https:\/\/lasentinelle.dz\/index.php\/wp-json\/wp\/v2\/posts"}],"about":[{"href":"https:\/\/lasentinelle.dz\/index.php\/wp-json\/wp\/v2\/types\/post"}],"author":[{"embeddable":true,"href":"https:\/\/lasentinelle.dz\/index.php\/wp-json\/wp\/v2\/users\/3"}],"replies":[{"embeddable":true,"href":"https:\/\/lasentinelle.dz\/index.php\/wp-json\/wp\/v2\/comments?post=48380"}],"version-history":[{"count":1,"href":"https:\/\/lasentinelle.dz\/index.php\/wp-json\/wp\/v2\/posts\/48380\/revisions"}],"predecessor-version":[{"id":48382,"href":"https:\/\/lasentinelle.dz\/index.php\/wp-json\/wp\/v2\/posts\/48380\/revisions\/48382"}],"wp:featuredmedia":[{"embeddable":true,"href":"https:\/\/lasentinelle.dz\/index.php\/wp-json\/wp\/v2\/media\/48381"}],"wp:attachment":[{"href":"https:\/\/lasentinelle.dz\/index.php\/wp-json\/wp\/v2\/media?parent=48380"}],"wp:term":[{"taxonomy":"category","embeddable":true,"href":"https:\/\/lasentinelle.dz\/index.php\/wp-json\/wp\/v2\/categories?post=48380"},{"taxonomy":"post_tag","embeddable":true,"href":"https:\/\/lasentinelle.dz\/index.php\/wp-json\/wp\/v2\/tags?post=48380"}],"curies":[{"name":"wp","href":"https:\/\/api.w.org\/{rel}","templated":true}]}}