{"id":48407,"date":"2024-01-03T11:23:48","date_gmt":"2024-01-03T10:23:48","guid":{"rendered":"https:\/\/lasentinelle.dz\/?p=48407"},"modified":"2024-01-03T11:23:50","modified_gmt":"2024-01-03T10:23:50","slug":"petrole-les-tensions-en-mer-rouge-poussent-les-prix-vers-le-haut","status":"publish","type":"post","link":"https:\/\/lasentinelle.dz\/index.php\/2024\/01\/03\/petrole-les-tensions-en-mer-rouge-poussent-les-prix-vers-le-haut\/","title":{"rendered":"P\u00e9trole\u00a0: Les tensions en mer Rouge poussent les prix vers le haut"},"content":{"rendered":"\n<p>Les prix du p\u00e9trole grimpaient hier, pouss\u00e9s par l&rsquo;augmentation des risques g\u00e9opolitiques en mer Rouge et des signes de hausse de la demande en Chine. Vers 12H00 GMT, le prix du baril de Brent de la mer du Nord, pour livraison en mars, prenait 2,15%, \u00e0 78,70 dollars. Son \u00e9quivalent am\u00e9ricain, le baril de West Texas Intermediate (WTI), pour livraison en f\u00e9vrier, gagnait 2,18%, \u00e0 73,21 dollars. Le prix du p\u00e9trole grimpe \u00ab\u00a0en raison de la perspective d&rsquo;une escalade des tensions g\u00e9opolitiques apr\u00e8s qu&rsquo;un navire de guerre Iranien a \u00e9t\u00e9 rep\u00e9r\u00e9 entrant dans la mer Rouge\u00a0\u00bb, commente Pierre Veyret, analyste chez ActivTrades. Le navire de guerre Iranien Alborz est entr\u00e9 en mer Rouge par le d\u00e9troit de Bab el-Mandeb, a rapport\u00e9 lundi l\u2019agence presse iranienne Tasnim, dans un contexte de tensions sur cette voie strat\u00e9gique pour le transport mondial des marchandises mais aussi du p\u00e9trole et GNL. L&rsquo;augmentation du risque g\u00e9opolitique pousse les deux r\u00e9f\u00e9rences du p\u00e9trole, \u00ab&nbsp;les investisseurs redoutant des ruptures ou des probl\u00e8mes d&rsquo;approvisionnement&nbsp;\u00bb, expliquent les analystes de DNB. Les cours sont aussi pouss\u00e9s vers le haut par la saison de pointe de la demande pendant la f\u00eate du printemps en Chine.En parall\u00e8le, les coupes volontaires de production de certains membres de l&rsquo;Organisation des pays exportateurs de p\u00e9trole et leurs alli\u00e9s (OPEP+), d\u00e9cid\u00e9es fin novembre, sont entr\u00e9es en vigueur en janvier, apportant \u00e9galement un soutien aux prix. C\u00f4t\u00e9 gaz naturel europ\u00e9en, le contrat \u00e0 terme du TTF n\u00e9erlandais, consid\u00e9r\u00e9 comme la r\u00e9f\u00e9rence europ\u00e9enne, \u00e9voluait mardi \u00e0 31,78 euros le m\u00e9gawattheure (MWh), en recul de 1,8%. La demande de gaz reste en effet faible \u00e0 cause de temp\u00e9ratures hivernales encore douces pour la saison, et l&rsquo;Europe b\u00e9n\u00e9ficie de niveaux de stocks confortables.<\/p>\n\n\n\n<p>R.E.<\/p>\n","protected":false},"excerpt":{"rendered":"<p>Les prix du p\u00e9trole grimpaient hier, pouss\u00e9s par l&rsquo;augmentation des risques g\u00e9opolitiques en mer Rouge et des signes de hausse<\/p>\n","protected":false},"author":3,"featured_media":32324,"comment_status":"open","ping_status":"closed","sticky":false,"template":"","format":"standard","meta":{"colormag_page_container_layout":"default_layout","colormag_page_sidebar_layout":"default_layout","om_disable_all_campaigns":false,"_monsterinsights_skip_tracking":false,"_monsterinsights_sitenote_active":false,"_monsterinsights_sitenote_note":"","_monsterinsights_sitenote_category":0,"footnotes":"","_wpscppro_dont_share_socialmedia":false,"_wpscppro_custom_social_share_image":0,"_facebook_share_type":"","_twitter_share_type":"","_linkedin_share_type":"","_pinterest_share_type":"","_linkedin_share_type_page":"","_instagram_share_type":"","_medium_share_type":"","_threads_share_type":"","_google_business_share_type":"","_selected_social_profile":[],"_wpsp_enable_custom_social_template":false,"_wpsp_social_scheduling":{"enabled":false,"datetime":null,"platforms":[],"status":"template_only","dateOption":"today","timeOption":"now","customDays":"","customHours":"","customDate":"","customTime":"","schedulingType":"absolute"},"_wpsp_active_default_template":true},"categories":[29],"tags":[],"class_list":["post-48407","post","type-post","status-publish","format-standard","has-post-thumbnail","hentry","category-economie"],"aioseo_notices":[],"yoast_head":"<!-- This site is optimized with the Yoast SEO plugin v27.5 - https:\/\/yoast.com\/product\/yoast-seo-wordpress\/ -->\n<title>P\u00e9trole\u00a0: Les tensions en mer Rouge poussent les prix vers le haut - La Sentinelle<\/title>\n<meta name=\"robots\" content=\"index, follow, max-snippet:-1, max-image-preview:large, max-video-preview:-1\" \/>\n<link rel=\"canonical\" href=\"https:\/\/lasentinelle.dz\/index.php\/2024\/01\/03\/petrole-les-tensions-en-mer-rouge-poussent-les-prix-vers-le-haut\/\" \/>\n<meta property=\"og:locale\" content=\"fr_FR\" \/>\n<meta property=\"og:type\" content=\"article\" \/>\n<meta property=\"og:title\" content=\"P\u00e9trole\u00a0: Les tensions en mer Rouge poussent les prix vers le haut - La Sentinelle\" \/>\n<meta property=\"og:description\" content=\"Les prix du p\u00e9trole grimpaient hier, pouss\u00e9s par l&rsquo;augmentation des risques g\u00e9opolitiques en mer Rouge et des signes de hausse\" \/>\n<meta property=\"og:url\" content=\"https:\/\/lasentinelle.dz\/index.php\/2024\/01\/03\/petrole-les-tensions-en-mer-rouge-poussent-les-prix-vers-le-haut\/\" \/>\n<meta property=\"og:site_name\" content=\"La Sentinelle\" \/>\n<meta property=\"article:publisher\" content=\"https:\/\/www.facebook.com\/La-Sentinelle-104059864394773\" \/>\n<meta property=\"article:published_time\" content=\"2024-01-03T10:23:48+00:00\" \/>\n<meta property=\"article:modified_time\" content=\"2024-01-03T10:23:50+00:00\" \/>\n<meta property=\"og:image\" content=\"https:\/\/lasentinelle.dz\/wp-content\/uploads\/2022\/12\/petrole.png\" \/>\n\t<meta property=\"og:image:width\" content=\"1396\" \/>\n\t<meta property=\"og:image:height\" content=\"900\" \/>\n\t<meta property=\"og:image:type\" content=\"image\/png\" \/>\n<meta name=\"author\" content=\"La Sentinelle\" \/>\n<meta name=\"twitter:card\" content=\"summary_large_image\" \/>\n<meta name=\"twitter:label1\" content=\"\u00c9crit par\" \/>\n\t<meta name=\"twitter:data1\" content=\"La Sentinelle\" \/>\n\t<meta name=\"twitter:label2\" content=\"Dur\u00e9e de lecture estim\u00e9e\" \/>\n\t<meta name=\"twitter:data2\" content=\"2 minutes\" \/>\n<script type=\"application\/ld+json\" class=\"yoast-schema-graph\">{\"@context\":\"https:\\\/\\\/schema.org\",\"@graph\":[{\"@type\":\"Article\",\"@id\":\"https:\\\/\\\/lasentinelle.dz\\\/index.php\\\/2024\\\/01\\\/03\\\/petrole-les-tensions-en-mer-rouge-poussent-les-prix-vers-le-haut\\\/#article\",\"isPartOf\":{\"@id\":\"https:\\\/\\\/lasentinelle.dz\\\/index.php\\\/2024\\\/01\\\/03\\\/petrole-les-tensions-en-mer-rouge-poussent-les-prix-vers-le-haut\\\/\"},\"author\":{\"name\":\"La Sentinelle\",\"@id\":\"https:\\\/\\\/lasentinelle.dz\\\/#\\\/schema\\\/person\\\/d865044e22e70a75174ce8bcad3acfb3\"},\"headline\":\"P\u00e9trole\u00a0: Les tensions en mer Rouge poussent les prix vers le haut\",\"datePublished\":\"2024-01-03T10:23:48+00:00\",\"dateModified\":\"2024-01-03T10:23:50+00:00\",\"mainEntityOfPage\":{\"@id\":\"https:\\\/\\\/lasentinelle.dz\\\/index.php\\\/2024\\\/01\\\/03\\\/petrole-les-tensions-en-mer-rouge-poussent-les-prix-vers-le-haut\\\/\"},\"wordCount\":334,\"commentCount\":0,\"publisher\":{\"@id\":\"https:\\\/\\\/lasentinelle.dz\\\/#organization\"},\"image\":{\"@id\":\"https:\\\/\\\/lasentinelle.dz\\\/index.php\\\/2024\\\/01\\\/03\\\/petrole-les-tensions-en-mer-rouge-poussent-les-prix-vers-le-haut\\\/#primaryimage\"},\"thumbnailUrl\":\"https:\\\/\\\/lasentinelle.dz\\\/wp-content\\\/uploads\\\/2022\\\/12\\\/petrole.png\",\"articleSection\":[\"\u00c9conomie\"],\"inLanguage\":\"fr-FR\",\"potentialAction\":[{\"@type\":\"CommentAction\",\"name\":\"Comment\",\"target\":[\"https:\\\/\\\/lasentinelle.dz\\\/index.php\\\/2024\\\/01\\\/03\\\/petrole-les-tensions-en-mer-rouge-poussent-les-prix-vers-le-haut\\\/#respond\"]}]},{\"@type\":\"WebPage\",\"@id\":\"https:\\\/\\\/lasentinelle.dz\\\/index.php\\\/2024\\\/01\\\/03\\\/petrole-les-tensions-en-mer-rouge-poussent-les-prix-vers-le-haut\\\/\",\"url\":\"https:\\\/\\\/lasentinelle.dz\\\/index.php\\\/2024\\\/01\\\/03\\\/petrole-les-tensions-en-mer-rouge-poussent-les-prix-vers-le-haut\\\/\",\"name\":\"P\u00e9trole\u00a0: Les tensions en mer Rouge poussent les prix vers le haut - La Sentinelle\",\"isPartOf\":{\"@id\":\"https:\\\/\\\/lasentinelle.dz\\\/#website\"},\"primaryImageOfPage\":{\"@id\":\"https:\\\/\\\/lasentinelle.dz\\\/index.php\\\/2024\\\/01\\\/03\\\/petrole-les-tensions-en-mer-rouge-poussent-les-prix-vers-le-haut\\\/#primaryimage\"},\"image\":{\"@id\":\"https:\\\/\\\/lasentinelle.dz\\\/index.php\\\/2024\\\/01\\\/03\\\/petrole-les-tensions-en-mer-rouge-poussent-les-prix-vers-le-haut\\\/#primaryimage\"},\"thumbnailUrl\":\"https:\\\/\\\/lasentinelle.dz\\\/wp-content\\\/uploads\\\/2022\\\/12\\\/petrole.png\",\"datePublished\":\"2024-01-03T10:23:48+00:00\",\"dateModified\":\"2024-01-03T10:23:50+00:00\",\"breadcrumb\":{\"@id\":\"https:\\\/\\\/lasentinelle.dz\\\/index.php\\\/2024\\\/01\\\/03\\\/petrole-les-tensions-en-mer-rouge-poussent-les-prix-vers-le-haut\\\/#breadcrumb\"},\"inLanguage\":\"fr-FR\",\"potentialAction\":[{\"@type\":\"ReadAction\",\"target\":[\"https:\\\/\\\/lasentinelle.dz\\\/index.php\\\/2024\\\/01\\\/03\\\/petrole-les-tensions-en-mer-rouge-poussent-les-prix-vers-le-haut\\\/\"]}]},{\"@type\":\"ImageObject\",\"inLanguage\":\"fr-FR\",\"@id\":\"https:\\\/\\\/lasentinelle.dz\\\/index.php\\\/2024\\\/01\\\/03\\\/petrole-les-tensions-en-mer-rouge-poussent-les-prix-vers-le-haut\\\/#primaryimage\",\"url\":\"https:\\\/\\\/lasentinelle.dz\\\/wp-content\\\/uploads\\\/2022\\\/12\\\/petrole.png\",\"contentUrl\":\"https:\\\/\\\/lasentinelle.dz\\\/wp-content\\\/uploads\\\/2022\\\/12\\\/petrole.png\",\"width\":1396,\"height\":900},{\"@type\":\"BreadcrumbList\",\"@id\":\"https:\\\/\\\/lasentinelle.dz\\\/index.php\\\/2024\\\/01\\\/03\\\/petrole-les-tensions-en-mer-rouge-poussent-les-prix-vers-le-haut\\\/#breadcrumb\",\"itemListElement\":[{\"@type\":\"ListItem\",\"position\":1,\"name\":\"Accueil\",\"item\":\"https:\\\/\\\/lasentinelle.dz\\\/\"},{\"@type\":\"ListItem\",\"position\":2,\"name\":\"P\u00e9trole\u00a0: Les tensions en mer Rouge poussent les prix vers le haut\"}]},{\"@type\":\"WebSite\",\"@id\":\"https:\\\/\\\/lasentinelle.dz\\\/#website\",\"url\":\"https:\\\/\\\/lasentinelle.dz\\\/\",\"name\":\"La Sentinelle\",\"description\":\"Quotidien national d&#039;information\",\"publisher\":{\"@id\":\"https:\\\/\\\/lasentinelle.dz\\\/#organization\"},\"potentialAction\":[{\"@type\":\"SearchAction\",\"target\":{\"@type\":\"EntryPoint\",\"urlTemplate\":\"https:\\\/\\\/lasentinelle.dz\\\/?s={search_term_string}\"},\"query-input\":{\"@type\":\"PropertyValueSpecification\",\"valueRequired\":true,\"valueName\":\"search_term_string\"}}],\"inLanguage\":\"fr-FR\"},{\"@type\":\"Organization\",\"@id\":\"https:\\\/\\\/lasentinelle.dz\\\/#organization\",\"name\":\"Quotidien La Sentinelle\",\"url\":\"https:\\\/\\\/lasentinelle.dz\\\/\",\"logo\":{\"@type\":\"ImageObject\",\"inLanguage\":\"fr-FR\",\"@id\":\"https:\\\/\\\/lasentinelle.dz\\\/#\\\/schema\\\/logo\\\/image\\\/\",\"url\":\"https:\\\/\\\/lasentinelle.dz\\\/wp-content\\\/uploads\\\/2021\\\/09\\\/logo-sentinelleSLOGAN-1.png\",\"contentUrl\":\"https:\\\/\\\/lasentinelle.dz\\\/wp-content\\\/uploads\\\/2021\\\/09\\\/logo-sentinelleSLOGAN-1.png\",\"width\":615,\"height\":142,\"caption\":\"Quotidien La Sentinelle\"},\"image\":{\"@id\":\"https:\\\/\\\/lasentinelle.dz\\\/#\\\/schema\\\/logo\\\/image\\\/\"},\"sameAs\":[\"https:\\\/\\\/www.facebook.com\\\/La-Sentinelle-104059864394773\"]},{\"@type\":\"Person\",\"@id\":\"https:\\\/\\\/lasentinelle.dz\\\/#\\\/schema\\\/person\\\/d865044e22e70a75174ce8bcad3acfb3\",\"name\":\"La Sentinelle\",\"image\":{\"@type\":\"ImageObject\",\"inLanguage\":\"fr-FR\",\"@id\":\"https:\\\/\\\/secure.gravatar.com\\\/avatar\\\/57de8e5d4b15d43fb361a71fbb36338450fe67865b528a43dd10ef7c51a20392?s=96&d=mm&r=g\",\"url\":\"https:\\\/\\\/secure.gravatar.com\\\/avatar\\\/57de8e5d4b15d43fb361a71fbb36338450fe67865b528a43dd10ef7c51a20392?s=96&d=mm&r=g\",\"contentUrl\":\"https:\\\/\\\/secure.gravatar.com\\\/avatar\\\/57de8e5d4b15d43fb361a71fbb36338450fe67865b528a43dd10ef7c51a20392?s=96&d=mm&r=g\",\"caption\":\"La Sentinelle\"},\"sameAs\":[\"http:\\\/\\\/www.lasentinelle.dz\"],\"url\":\"https:\\\/\\\/lasentinelle.dz\\\/author\\\/redaction\\\/\"}]}<\/script>\n<!-- \/ Yoast SEO plugin. -->","yoast_head_json":{"title":"P\u00e9trole\u00a0: Les tensions en mer Rouge poussent les prix vers le haut - La Sentinelle","robots":{"index":"index","follow":"follow","max-snippet":"max-snippet:-1","max-image-preview":"max-image-preview:large","max-video-preview":"max-video-preview:-1"},"canonical":"https:\/\/lasentinelle.dz\/index.php\/2024\/01\/03\/petrole-les-tensions-en-mer-rouge-poussent-les-prix-vers-le-haut\/","og_locale":"fr_FR","og_type":"article","og_title":"P\u00e9trole\u00a0: Les tensions en mer Rouge poussent les prix vers le haut - La Sentinelle","og_description":"Les prix du p\u00e9trole grimpaient hier, pouss\u00e9s par l&rsquo;augmentation des risques g\u00e9opolitiques en mer Rouge et des signes de hausse","og_url":"https:\/\/lasentinelle.dz\/index.php\/2024\/01\/03\/petrole-les-tensions-en-mer-rouge-poussent-les-prix-vers-le-haut\/","og_site_name":"La Sentinelle","article_publisher":"https:\/\/www.facebook.com\/La-Sentinelle-104059864394773","article_published_time":"2024-01-03T10:23:48+00:00","article_modified_time":"2024-01-03T10:23:50+00:00","og_image":[{"width":1396,"height":900,"url":"https:\/\/lasentinelle.dz\/wp-content\/uploads\/2022\/12\/petrole.png","type":"image\/png"}],"author":"La Sentinelle","twitter_card":"summary_large_image","twitter_misc":{"\u00c9crit par":"La Sentinelle","Dur\u00e9e de lecture estim\u00e9e":"2 minutes"},"schema":{"@context":"https:\/\/schema.org","@graph":[{"@type":"Article","@id":"https:\/\/lasentinelle.dz\/index.php\/2024\/01\/03\/petrole-les-tensions-en-mer-rouge-poussent-les-prix-vers-le-haut\/#article","isPartOf":{"@id":"https:\/\/lasentinelle.dz\/index.php\/2024\/01\/03\/petrole-les-tensions-en-mer-rouge-poussent-les-prix-vers-le-haut\/"},"author":{"name":"La Sentinelle","@id":"https:\/\/lasentinelle.dz\/#\/schema\/person\/d865044e22e70a75174ce8bcad3acfb3"},"headline":"P\u00e9trole\u00a0: Les tensions en mer Rouge poussent les prix vers le haut","datePublished":"2024-01-03T10:23:48+00:00","dateModified":"2024-01-03T10:23:50+00:00","mainEntityOfPage":{"@id":"https:\/\/lasentinelle.dz\/index.php\/2024\/01\/03\/petrole-les-tensions-en-mer-rouge-poussent-les-prix-vers-le-haut\/"},"wordCount":334,"commentCount":0,"publisher":{"@id":"https:\/\/lasentinelle.dz\/#organization"},"image":{"@id":"https:\/\/lasentinelle.dz\/index.php\/2024\/01\/03\/petrole-les-tensions-en-mer-rouge-poussent-les-prix-vers-le-haut\/#primaryimage"},"thumbnailUrl":"https:\/\/lasentinelle.dz\/wp-content\/uploads\/2022\/12\/petrole.png","articleSection":["\u00c9conomie"],"inLanguage":"fr-FR","potentialAction":[{"@type":"CommentAction","name":"Comment","target":["https:\/\/lasentinelle.dz\/index.php\/2024\/01\/03\/petrole-les-tensions-en-mer-rouge-poussent-les-prix-vers-le-haut\/#respond"]}]},{"@type":"WebPage","@id":"https:\/\/lasentinelle.dz\/index.php\/2024\/01\/03\/petrole-les-tensions-en-mer-rouge-poussent-les-prix-vers-le-haut\/","url":"https:\/\/lasentinelle.dz\/index.php\/2024\/01\/03\/petrole-les-tensions-en-mer-rouge-poussent-les-prix-vers-le-haut\/","name":"P\u00e9trole\u00a0: Les tensions en mer Rouge poussent les prix vers le haut - La Sentinelle","isPartOf":{"@id":"https:\/\/lasentinelle.dz\/#website"},"primaryImageOfPage":{"@id":"https:\/\/lasentinelle.dz\/index.php\/2024\/01\/03\/petrole-les-tensions-en-mer-rouge-poussent-les-prix-vers-le-haut\/#primaryimage"},"image":{"@id":"https:\/\/lasentinelle.dz\/index.php\/2024\/01\/03\/petrole-les-tensions-en-mer-rouge-poussent-les-prix-vers-le-haut\/#primaryimage"},"thumbnailUrl":"https:\/\/lasentinelle.dz\/wp-content\/uploads\/2022\/12\/petrole.png","datePublished":"2024-01-03T10:23:48+00:00","dateModified":"2024-01-03T10:23:50+00:00","breadcrumb":{"@id":"https:\/\/lasentinelle.dz\/index.php\/2024\/01\/03\/petrole-les-tensions-en-mer-rouge-poussent-les-prix-vers-le-haut\/#breadcrumb"},"inLanguage":"fr-FR","potentialAction":[{"@type":"ReadAction","target":["https:\/\/lasentinelle.dz\/index.php\/2024\/01\/03\/petrole-les-tensions-en-mer-rouge-poussent-les-prix-vers-le-haut\/"]}]},{"@type":"ImageObject","inLanguage":"fr-FR","@id":"https:\/\/lasentinelle.dz\/index.php\/2024\/01\/03\/petrole-les-tensions-en-mer-rouge-poussent-les-prix-vers-le-haut\/#primaryimage","url":"https:\/\/lasentinelle.dz\/wp-content\/uploads\/2022\/12\/petrole.png","contentUrl":"https:\/\/lasentinelle.dz\/wp-content\/uploads\/2022\/12\/petrole.png","width":1396,"height":900},{"@type":"BreadcrumbList","@id":"https:\/\/lasentinelle.dz\/index.php\/2024\/01\/03\/petrole-les-tensions-en-mer-rouge-poussent-les-prix-vers-le-haut\/#breadcrumb","itemListElement":[{"@type":"ListItem","position":1,"name":"Accueil","item":"https:\/\/lasentinelle.dz\/"},{"@type":"ListItem","position":2,"name":"P\u00e9trole\u00a0: Les tensions en mer Rouge poussent les prix vers le haut"}]},{"@type":"WebSite","@id":"https:\/\/lasentinelle.dz\/#website","url":"https:\/\/lasentinelle.dz\/","name":"La Sentinelle","description":"Quotidien national d&#039;information","publisher":{"@id":"https:\/\/lasentinelle.dz\/#organization"},"potentialAction":[{"@type":"SearchAction","target":{"@type":"EntryPoint","urlTemplate":"https:\/\/lasentinelle.dz\/?s={search_term_string}"},"query-input":{"@type":"PropertyValueSpecification","valueRequired":true,"valueName":"search_term_string"}}],"inLanguage":"fr-FR"},{"@type":"Organization","@id":"https:\/\/lasentinelle.dz\/#organization","name":"Quotidien La Sentinelle","url":"https:\/\/lasentinelle.dz\/","logo":{"@type":"ImageObject","inLanguage":"fr-FR","@id":"https:\/\/lasentinelle.dz\/#\/schema\/logo\/image\/","url":"https:\/\/lasentinelle.dz\/wp-content\/uploads\/2021\/09\/logo-sentinelleSLOGAN-1.png","contentUrl":"https:\/\/lasentinelle.dz\/wp-content\/uploads\/2021\/09\/logo-sentinelleSLOGAN-1.png","width":615,"height":142,"caption":"Quotidien La Sentinelle"},"image":{"@id":"https:\/\/lasentinelle.dz\/#\/schema\/logo\/image\/"},"sameAs":["https:\/\/www.facebook.com\/La-Sentinelle-104059864394773"]},{"@type":"Person","@id":"https:\/\/lasentinelle.dz\/#\/schema\/person\/d865044e22e70a75174ce8bcad3acfb3","name":"La Sentinelle","image":{"@type":"ImageObject","inLanguage":"fr-FR","@id":"https:\/\/secure.gravatar.com\/avatar\/57de8e5d4b15d43fb361a71fbb36338450fe67865b528a43dd10ef7c51a20392?s=96&d=mm&r=g","url":"https:\/\/secure.gravatar.com\/avatar\/57de8e5d4b15d43fb361a71fbb36338450fe67865b528a43dd10ef7c51a20392?s=96&d=mm&r=g","contentUrl":"https:\/\/secure.gravatar.com\/avatar\/57de8e5d4b15d43fb361a71fbb36338450fe67865b528a43dd10ef7c51a20392?s=96&d=mm&r=g","caption":"La Sentinelle"},"sameAs":["http:\/\/www.lasentinelle.dz"],"url":"https:\/\/lasentinelle.dz\/author\/redaction\/"}]}},"_links":{"self":[{"href":"https:\/\/lasentinelle.dz\/index.php\/wp-json\/wp\/v2\/posts\/48407","targetHints":{"allow":["GET"]}}],"collection":[{"href":"https:\/\/lasentinelle.dz\/index.php\/wp-json\/wp\/v2\/posts"}],"about":[{"href":"https:\/\/lasentinelle.dz\/index.php\/wp-json\/wp\/v2\/types\/post"}],"author":[{"embeddable":true,"href":"https:\/\/lasentinelle.dz\/index.php\/wp-json\/wp\/v2\/users\/3"}],"replies":[{"embeddable":true,"href":"https:\/\/lasentinelle.dz\/index.php\/wp-json\/wp\/v2\/comments?post=48407"}],"version-history":[{"count":1,"href":"https:\/\/lasentinelle.dz\/index.php\/wp-json\/wp\/v2\/posts\/48407\/revisions"}],"predecessor-version":[{"id":48408,"href":"https:\/\/lasentinelle.dz\/index.php\/wp-json\/wp\/v2\/posts\/48407\/revisions\/48408"}],"wp:featuredmedia":[{"embeddable":true,"href":"https:\/\/lasentinelle.dz\/index.php\/wp-json\/wp\/v2\/media\/32324"}],"wp:attachment":[{"href":"https:\/\/lasentinelle.dz\/index.php\/wp-json\/wp\/v2\/media?parent=48407"}],"wp:term":[{"taxonomy":"category","embeddable":true,"href":"https:\/\/lasentinelle.dz\/index.php\/wp-json\/wp\/v2\/categories?post=48407"},{"taxonomy":"post_tag","embeddable":true,"href":"https:\/\/lasentinelle.dz\/index.php\/wp-json\/wp\/v2\/tags?post=48407"}],"curies":[{"name":"wp","href":"https:\/\/api.w.org\/{rel}","templated":true}]}}