{"id":48423,"date":"2024-01-03T11:40:30","date_gmt":"2024-01-03T10:40:30","guid":{"rendered":"https:\/\/lasentinelle.dz\/?p=48423"},"modified":"2024-01-03T11:40:32","modified_gmt":"2024-01-03T10:40:32","slug":"lalgerie-entame-son-mandat-au-conseil-de-securite-de-lonu-porter-la-voix-de-lafrique","status":"publish","type":"post","link":"https:\/\/lasentinelle.dz\/index.php\/2024\/01\/03\/lalgerie-entame-son-mandat-au-conseil-de-securite-de-lonu-porter-la-voix-de-lafrique\/","title":{"rendered":"L&rsquo;Alg\u00e9rie entame son mandat au Conseil de s\u00e9curit\u00e9 de l&rsquo;ONU\u00a0: Porter la voix de l\u2019Afrique"},"content":{"rendered":"\n<p>L\u2019Alg\u00e9rie a officiellement entam\u00e9 son mandat en tant que membre non permanent au Conseil de s\u00e9curit\u00e9 de l\u2019ONU avec un agenda pr\u00e9cis. La priorit\u00e9 de ce mandat et de porter la voix de l\u2019Afrique qui subit une injustice historique en \u00e9tant cantonn\u00e9e \u00e0 une repr\u00e9sentation r\u00e9duite dans cette instance onusienne, mais aussi de soutenir les causes justes, celles des peuples palestinien et sahraoui en particulier.<\/p>\n\n\n\n<p>L\u2019Alg\u00e9rie a entam\u00e9 hier son mandat de deux ans en tant que membre non-permanent du Conseil de s\u00e9curit\u00e9 des Nations unies, de mani\u00e8re officielle.Le drapeau national a \u00e9t\u00e9 install\u00e9 au si\u00e8ge des Nations unies, aux c\u00f4t\u00e9s de ceux des autres membres du Conseil, par le Repr\u00e9sentant permanent de l&rsquo;Alg\u00e9rie aupr\u00e8s de l&rsquo;ONU, Amar Bendjama. Celui-ci a marqu\u00e9 le d\u00e9but du mandat de l\u2019Alg\u00e9rie avec une allocution dans laquelle il a \u00e9voqu\u00e9 les priorit\u00e9s du mandat de l&rsquo;Alg\u00e9rie et ses engagements en faveur de la paix et de la s\u00e9curit\u00e9 dans le monde. Le mandat de l&rsquo;Alg\u00e9rie sera consacr\u00e9 \u00e0 la concr\u00e9tisation de l&rsquo;engagement ferme, maintes fois affich\u00e9, par pr\u00e9sident de la R\u00e9publique, M. Abdelmadjid Tebboune, de porter la voix de l&rsquo;Afrique dans cet organe central de l&rsquo;ONU. Parmi les priorit\u00e9s de l&rsquo;Alg\u00e9rie au sein de l\u2019organe principal de l&rsquo;ONU, le renforcement des r\u00e8glements pacifiques, la consolidation des partenariats, le soutien au r\u00f4le des organisations r\u00e9gionales, la promotion de la place de la femme et de la jeunesse dans les processus de paix, et le renforcement de l&rsquo;efficacit\u00e9 de la lutte internationale contre le terrorisme.<\/p>\n\n\n\n<p>Concernant les pays de l&rsquo;Union africaine (UA), l&rsquo;Alg\u00e9rie \u0153uvrera \u00e0 activer la demande d&rsquo;augmentation du nombre de si\u00e8ges non-permanents des pays du<\/p>\n\n\n\n<p>continent au sein de cette instance, en le portant de 3 \u00e0 5, conform\u00e9ment aux recommandations du \u00ab\u00a0Consensus d&rsquo;Ezulwini\u00a0\u00bb et de la \u00ab\u00a0D\u00e9claration de Syrte\u00a0\u00bb.<\/p>\n\n\n\n<p>L&rsquo;Alg\u00e9rie contribuera aussi au sein du Conseil de s\u00e9curit\u00e9 \u00e0 l&rsquo;unification de la voix de l&rsquo;Afrique pour un meilleur plaidoyer en faveur des questions prioritaires du continent et de ses aspirations l\u00e9gitimes. Cela a \u00e9t\u00e9 soulign\u00e9 par le pr\u00e9sident de la R\u00e9publique \u00e0 de nombreuses occasions, \u00e0 l&rsquo;instar de la r\u00e9union du Comit\u00e9 des 10 de l&rsquo;UA, charg\u00e9 du dossier de la r\u00e9forme du Conseil de s\u00e9curit\u00e9, tenue en f\u00e9vrier dernier \u00e0 Addis-Abeba, o\u00f9 il a affirm\u00e9 l&rsquo;engagement de l&rsquo;Alg\u00e9rie \u00e0 \u00ab\u00a0\u0153uvrer sans rel\u00e2che pour faire entendre la voix du continent et ses revendications l\u00e9gitimes et r\u00e9parer l&rsquo;injustice historique qu&rsquo;il a subie\u00a0\u00bb. Durant son mandat, l&rsquo;Alg\u00e9rie plaidera \u00e9galement en faveur de la r\u00e9forme du Conseil de s\u00e9curit\u00e9, un processus jug\u00e9 indispensable pour \u00e9tablir un syst\u00e8me international plus repr\u00e9sentatif, juste et \u00e9quilibr\u00e9. Le contexte international actuel, marqu\u00e9 par des crises multiples et des changements g\u00e9opolitiques, ainsi que les menaces multidimensionnelles et multiformes auxquelles le continent africain est confront\u00e9, comme le terrorisme, les guerres, les changements climatiques et les crises sanitaire, \u00e9nerg\u00e9tique et alimentaire, soulignent l&rsquo;importance de cette r\u00e9forme. De plus, l&rsquo;Alg\u00e9rie r\u00e9affirmera \u00e0 New York son engagement en faveur de la paix, en faisant pr\u00e9valoir le dialogue, le r\u00e8glement pacifique des crises et le principe de non-ing\u00e9rence dans les affaires internes des pays, en vue de poursuivre sa d\u00e9marche vers la pr\u00e9servation de la paix et de la s\u00e9curit\u00e9 internationales, le soutien \u00e0 la coop\u00e9ration internationale et le renforcement du r\u00f4le de l&rsquo;ONU afin de l&rsquo;amener \u00e0 assumer ses responsabilit\u00e9s envers les peuples palestinien et sahraoui.Par ailleurs, l&rsquo;acc\u00e8s de l&rsquo;Alg\u00e9rie au poste de membre non-permanent au &nbsp;Conseil de s\u00e9curit\u00e9 est une occasion de permettre \u00e0 la Ligue arabe de retrouver sa place sur la sc\u00e8ne internationale et de jouer un r\u00f4le fort et influent.<\/p>\n\n\n\n<p>Face aux d\u00e9fis actuels et futurs, l&rsquo;Alg\u00e9rie \u0153uvrera pour les aspirations des peuples arabes et la stabilit\u00e9 de la r\u00e9gion, des questions que le pr\u00e9sident de la R\u00e9publique a d\u00e9fendues lors du Sommet arabe d&rsquo;Alger, tenu en novembre 2022. Portant les espoirs des peuples africains et arabes, l&rsquo;Alg\u00e9rie assumera ses responsabilit\u00e9s en tant que partenaire fiable, en proposant des id\u00e9es et des initiatives visant \u00e0 renforcer le r\u00f4le de l&rsquo;action multilat\u00e9rale dans la pr\u00e9servation de la paix et de la s\u00e9curit\u00e9 internationales.<\/p>\n\n\n\n<p>Le 6 juin dernier, \u00e0 l&rsquo;Assembl\u00e9e g\u00e9n\u00e9rale des Nations unies, 184 pays sur les 193 votants (95% des voix) se sont prononc\u00e9s en faveur de l&rsquo;Alg\u00e9rie pour qu&rsquo;elle jouisse de la qualit\u00e9 de membre non-permanent au sein du Conseil de s\u00e9curit\u00e9 pour la p\u00e9riode 2024-2025. C&rsquo;est la quatri\u00e8me fois de son histoire que l&rsquo;Alg\u00e9rie occupe un si\u00e8ge non-permanent au Conseil de s\u00e9curit\u00e9, apr\u00e8s les mandats de 1968-1969, 1988-1989 et 2004-2005.L&rsquo;Alg\u00e9rie entame son mandat aux c\u00f4t\u00e9s des autres membres non-permanents qui sont la Sierra Leone, la Cor\u00e9e du Sud,&nbsp; Guyana et la Slov\u00e9nie.<\/p>\n\n\n\n<p>R.N.<\/p>\n","protected":false},"excerpt":{"rendered":"<p>L\u2019Alg\u00e9rie a officiellement entam\u00e9 son mandat en tant que membre non permanent au Conseil de s\u00e9curit\u00e9 de l\u2019ONU avec un<\/p>\n","protected":false},"author":3,"featured_media":46712,"comment_status":"open","ping_status":"closed","sticky":false,"template":"","format":"standard","meta":{"colormag_page_container_layout":"default_layout","colormag_page_sidebar_layout":"default_layout","om_disable_all_campaigns":false,"_monsterinsights_skip_tracking":false,"_monsterinsights_sitenote_active":false,"_monsterinsights_sitenote_note":"","_monsterinsights_sitenote_category":0,"footnotes":"","_wpscppro_dont_share_socialmedia":false,"_wpscppro_custom_social_share_image":0,"_facebook_share_type":"","_twitter_share_type":"","_linkedin_share_type":"","_pinterest_share_type":"","_linkedin_share_type_page":"","_instagram_share_type":"","_medium_share_type":"","_threads_share_type":"","_google_business_share_type":"","_selected_social_profile":[],"_wpsp_enable_custom_social_template":false,"_wpsp_social_scheduling":{"enabled":false,"datetime":null,"platforms":[],"status":"template_only","dateOption":"today","timeOption":"now","customDays":"","customHours":"","customDate":"","customTime":"","schedulingType":"absolute"},"_wpsp_active_default_template":true},"categories":[52,27],"tags":[],"class_list":["post-48423","post","type-post","status-publish","format-standard","has-post-thumbnail","hentry","category-a-la-une","category-actualite"],"aioseo_notices":[],"yoast_head":"<!-- This site is optimized with the Yoast SEO plugin v27.4 - https:\/\/yoast.com\/product\/yoast-seo-wordpress\/ -->\n<title>L&rsquo;Alg\u00e9rie entame son mandat au Conseil de s\u00e9curit\u00e9 de l&rsquo;ONU\u00a0: Porter la voix de l\u2019Afrique - La Sentinelle<\/title>\n<meta name=\"robots\" content=\"index, follow, max-snippet:-1, max-image-preview:large, max-video-preview:-1\" \/>\n<link rel=\"canonical\" href=\"https:\/\/lasentinelle.dz\/index.php\/2024\/01\/03\/lalgerie-entame-son-mandat-au-conseil-de-securite-de-lonu-porter-la-voix-de-lafrique\/\" \/>\n<meta property=\"og:locale\" content=\"fr_FR\" \/>\n<meta property=\"og:type\" content=\"article\" \/>\n<meta property=\"og:title\" content=\"L&rsquo;Alg\u00e9rie entame son mandat au Conseil de s\u00e9curit\u00e9 de l&rsquo;ONU\u00a0: Porter la voix de l\u2019Afrique - La Sentinelle\" \/>\n<meta property=\"og:description\" content=\"L\u2019Alg\u00e9rie a officiellement entam\u00e9 son mandat en tant que membre non permanent au Conseil de s\u00e9curit\u00e9 de l\u2019ONU avec un\" \/>\n<meta property=\"og:url\" content=\"https:\/\/lasentinelle.dz\/index.php\/2024\/01\/03\/lalgerie-entame-son-mandat-au-conseil-de-securite-de-lonu-porter-la-voix-de-lafrique\/\" \/>\n<meta property=\"og:site_name\" content=\"La Sentinelle\" \/>\n<meta property=\"article:publisher\" content=\"https:\/\/www.facebook.com\/La-Sentinelle-104059864394773\" \/>\n<meta property=\"article:published_time\" content=\"2024-01-03T10:40:30+00:00\" \/>\n<meta property=\"article:modified_time\" content=\"2024-01-03T10:40:32+00:00\" \/>\n<meta property=\"og:image\" content=\"https:\/\/lasentinelle.dz\/wp-content\/uploads\/2023\/10\/Conseil-de-securite.webp\" \/>\n\t<meta property=\"og:image:width\" content=\"1656\" \/>\n\t<meta property=\"og:image:height\" content=\"1060\" \/>\n\t<meta property=\"og:image:type\" content=\"image\/webp\" \/>\n<meta name=\"author\" content=\"La Sentinelle\" \/>\n<meta name=\"twitter:card\" content=\"summary_large_image\" \/>\n<meta name=\"twitter:label1\" content=\"\u00c9crit par\" \/>\n\t<meta name=\"twitter:data1\" content=\"La Sentinelle\" \/>\n\t<meta name=\"twitter:label2\" content=\"Dur\u00e9e de lecture estim\u00e9e\" \/>\n\t<meta name=\"twitter:data2\" content=\"5 minutes\" \/>\n<script type=\"application\/ld+json\" class=\"yoast-schema-graph\">{\"@context\":\"https:\\\/\\\/schema.org\",\"@graph\":[{\"@type\":\"Article\",\"@id\":\"https:\\\/\\\/lasentinelle.dz\\\/index.php\\\/2024\\\/01\\\/03\\\/lalgerie-entame-son-mandat-au-conseil-de-securite-de-lonu-porter-la-voix-de-lafrique\\\/#article\",\"isPartOf\":{\"@id\":\"https:\\\/\\\/lasentinelle.dz\\\/index.php\\\/2024\\\/01\\\/03\\\/lalgerie-entame-son-mandat-au-conseil-de-securite-de-lonu-porter-la-voix-de-lafrique\\\/\"},\"author\":{\"name\":\"La Sentinelle\",\"@id\":\"https:\\\/\\\/lasentinelle.dz\\\/#\\\/schema\\\/person\\\/d865044e22e70a75174ce8bcad3acfb3\"},\"headline\":\"L&rsquo;Alg\u00e9rie entame son mandat au Conseil de s\u00e9curit\u00e9 de l&rsquo;ONU\u00a0: Porter la voix de l\u2019Afrique\",\"datePublished\":\"2024-01-03T10:40:30+00:00\",\"dateModified\":\"2024-01-03T10:40:32+00:00\",\"mainEntityOfPage\":{\"@id\":\"https:\\\/\\\/lasentinelle.dz\\\/index.php\\\/2024\\\/01\\\/03\\\/lalgerie-entame-son-mandat-au-conseil-de-securite-de-lonu-porter-la-voix-de-lafrique\\\/\"},\"wordCount\":915,\"commentCount\":0,\"publisher\":{\"@id\":\"https:\\\/\\\/lasentinelle.dz\\\/#organization\"},\"image\":{\"@id\":\"https:\\\/\\\/lasentinelle.dz\\\/index.php\\\/2024\\\/01\\\/03\\\/lalgerie-entame-son-mandat-au-conseil-de-securite-de-lonu-porter-la-voix-de-lafrique\\\/#primaryimage\"},\"thumbnailUrl\":\"https:\\\/\\\/lasentinelle.dz\\\/wp-content\\\/uploads\\\/2023\\\/10\\\/Conseil-de-securite.webp\",\"articleSection\":[\"\u00c0 la Une\",\"Actualit\u00e9\"],\"inLanguage\":\"fr-FR\",\"potentialAction\":[{\"@type\":\"CommentAction\",\"name\":\"Comment\",\"target\":[\"https:\\\/\\\/lasentinelle.dz\\\/index.php\\\/2024\\\/01\\\/03\\\/lalgerie-entame-son-mandat-au-conseil-de-securite-de-lonu-porter-la-voix-de-lafrique\\\/#respond\"]}]},{\"@type\":\"WebPage\",\"@id\":\"https:\\\/\\\/lasentinelle.dz\\\/index.php\\\/2024\\\/01\\\/03\\\/lalgerie-entame-son-mandat-au-conseil-de-securite-de-lonu-porter-la-voix-de-lafrique\\\/\",\"url\":\"https:\\\/\\\/lasentinelle.dz\\\/index.php\\\/2024\\\/01\\\/03\\\/lalgerie-entame-son-mandat-au-conseil-de-securite-de-lonu-porter-la-voix-de-lafrique\\\/\",\"name\":\"L&rsquo;Alg\u00e9rie entame son mandat au Conseil de s\u00e9curit\u00e9 de l&rsquo;ONU\u00a0: Porter la voix de l\u2019Afrique - La Sentinelle\",\"isPartOf\":{\"@id\":\"https:\\\/\\\/lasentinelle.dz\\\/#website\"},\"primaryImageOfPage\":{\"@id\":\"https:\\\/\\\/lasentinelle.dz\\\/index.php\\\/2024\\\/01\\\/03\\\/lalgerie-entame-son-mandat-au-conseil-de-securite-de-lonu-porter-la-voix-de-lafrique\\\/#primaryimage\"},\"image\":{\"@id\":\"https:\\\/\\\/lasentinelle.dz\\\/index.php\\\/2024\\\/01\\\/03\\\/lalgerie-entame-son-mandat-au-conseil-de-securite-de-lonu-porter-la-voix-de-lafrique\\\/#primaryimage\"},\"thumbnailUrl\":\"https:\\\/\\\/lasentinelle.dz\\\/wp-content\\\/uploads\\\/2023\\\/10\\\/Conseil-de-securite.webp\",\"datePublished\":\"2024-01-03T10:40:30+00:00\",\"dateModified\":\"2024-01-03T10:40:32+00:00\",\"breadcrumb\":{\"@id\":\"https:\\\/\\\/lasentinelle.dz\\\/index.php\\\/2024\\\/01\\\/03\\\/lalgerie-entame-son-mandat-au-conseil-de-securite-de-lonu-porter-la-voix-de-lafrique\\\/#breadcrumb\"},\"inLanguage\":\"fr-FR\",\"potentialAction\":[{\"@type\":\"ReadAction\",\"target\":[\"https:\\\/\\\/lasentinelle.dz\\\/index.php\\\/2024\\\/01\\\/03\\\/lalgerie-entame-son-mandat-au-conseil-de-securite-de-lonu-porter-la-voix-de-lafrique\\\/\"]}]},{\"@type\":\"ImageObject\",\"inLanguage\":\"fr-FR\",\"@id\":\"https:\\\/\\\/lasentinelle.dz\\\/index.php\\\/2024\\\/01\\\/03\\\/lalgerie-entame-son-mandat-au-conseil-de-securite-de-lonu-porter-la-voix-de-lafrique\\\/#primaryimage\",\"url\":\"https:\\\/\\\/lasentinelle.dz\\\/wp-content\\\/uploads\\\/2023\\\/10\\\/Conseil-de-securite.webp\",\"contentUrl\":\"https:\\\/\\\/lasentinelle.dz\\\/wp-content\\\/uploads\\\/2023\\\/10\\\/Conseil-de-securite.webp\",\"width\":1656,\"height\":1060},{\"@type\":\"BreadcrumbList\",\"@id\":\"https:\\\/\\\/lasentinelle.dz\\\/index.php\\\/2024\\\/01\\\/03\\\/lalgerie-entame-son-mandat-au-conseil-de-securite-de-lonu-porter-la-voix-de-lafrique\\\/#breadcrumb\",\"itemListElement\":[{\"@type\":\"ListItem\",\"position\":1,\"name\":\"Accueil\",\"item\":\"https:\\\/\\\/lasentinelle.dz\\\/\"},{\"@type\":\"ListItem\",\"position\":2,\"name\":\"L&rsquo;Alg\u00e9rie entame son mandat au Conseil de s\u00e9curit\u00e9 de l&rsquo;ONU\u00a0: Porter la voix de l\u2019Afrique\"}]},{\"@type\":\"WebSite\",\"@id\":\"https:\\\/\\\/lasentinelle.dz\\\/#website\",\"url\":\"https:\\\/\\\/lasentinelle.dz\\\/\",\"name\":\"La Sentinelle\",\"description\":\"Quotidien national d&#039;information\",\"publisher\":{\"@id\":\"https:\\\/\\\/lasentinelle.dz\\\/#organization\"},\"potentialAction\":[{\"@type\":\"SearchAction\",\"target\":{\"@type\":\"EntryPoint\",\"urlTemplate\":\"https:\\\/\\\/lasentinelle.dz\\\/?s={search_term_string}\"},\"query-input\":{\"@type\":\"PropertyValueSpecification\",\"valueRequired\":true,\"valueName\":\"search_term_string\"}}],\"inLanguage\":\"fr-FR\"},{\"@type\":\"Organization\",\"@id\":\"https:\\\/\\\/lasentinelle.dz\\\/#organization\",\"name\":\"Quotidien La Sentinelle\",\"url\":\"https:\\\/\\\/lasentinelle.dz\\\/\",\"logo\":{\"@type\":\"ImageObject\",\"inLanguage\":\"fr-FR\",\"@id\":\"https:\\\/\\\/lasentinelle.dz\\\/#\\\/schema\\\/logo\\\/image\\\/\",\"url\":\"https:\\\/\\\/lasentinelle.dz\\\/wp-content\\\/uploads\\\/2021\\\/09\\\/logo-sentinelleSLOGAN-1.png\",\"contentUrl\":\"https:\\\/\\\/lasentinelle.dz\\\/wp-content\\\/uploads\\\/2021\\\/09\\\/logo-sentinelleSLOGAN-1.png\",\"width\":615,\"height\":142,\"caption\":\"Quotidien La Sentinelle\"},\"image\":{\"@id\":\"https:\\\/\\\/lasentinelle.dz\\\/#\\\/schema\\\/logo\\\/image\\\/\"},\"sameAs\":[\"https:\\\/\\\/www.facebook.com\\\/La-Sentinelle-104059864394773\"]},{\"@type\":\"Person\",\"@id\":\"https:\\\/\\\/lasentinelle.dz\\\/#\\\/schema\\\/person\\\/d865044e22e70a75174ce8bcad3acfb3\",\"name\":\"La Sentinelle\",\"image\":{\"@type\":\"ImageObject\",\"inLanguage\":\"fr-FR\",\"@id\":\"https:\\\/\\\/secure.gravatar.com\\\/avatar\\\/57de8e5d4b15d43fb361a71fbb36338450fe67865b528a43dd10ef7c51a20392?s=96&d=mm&r=g\",\"url\":\"https:\\\/\\\/secure.gravatar.com\\\/avatar\\\/57de8e5d4b15d43fb361a71fbb36338450fe67865b528a43dd10ef7c51a20392?s=96&d=mm&r=g\",\"contentUrl\":\"https:\\\/\\\/secure.gravatar.com\\\/avatar\\\/57de8e5d4b15d43fb361a71fbb36338450fe67865b528a43dd10ef7c51a20392?s=96&d=mm&r=g\",\"caption\":\"La Sentinelle\"},\"sameAs\":[\"http:\\\/\\\/www.lasentinelle.dz\"],\"url\":\"https:\\\/\\\/lasentinelle.dz\\\/author\\\/redaction\\\/\"}]}<\/script>\n<!-- \/ Yoast SEO plugin. -->","yoast_head_json":{"title":"L&rsquo;Alg\u00e9rie entame son mandat au Conseil de s\u00e9curit\u00e9 de l&rsquo;ONU\u00a0: Porter la voix de l\u2019Afrique - La Sentinelle","robots":{"index":"index","follow":"follow","max-snippet":"max-snippet:-1","max-image-preview":"max-image-preview:large","max-video-preview":"max-video-preview:-1"},"canonical":"https:\/\/lasentinelle.dz\/index.php\/2024\/01\/03\/lalgerie-entame-son-mandat-au-conseil-de-securite-de-lonu-porter-la-voix-de-lafrique\/","og_locale":"fr_FR","og_type":"article","og_title":"L&rsquo;Alg\u00e9rie entame son mandat au Conseil de s\u00e9curit\u00e9 de l&rsquo;ONU\u00a0: Porter la voix de l\u2019Afrique - La Sentinelle","og_description":"L\u2019Alg\u00e9rie a officiellement entam\u00e9 son mandat en tant que membre non permanent au Conseil de s\u00e9curit\u00e9 de l\u2019ONU avec un","og_url":"https:\/\/lasentinelle.dz\/index.php\/2024\/01\/03\/lalgerie-entame-son-mandat-au-conseil-de-securite-de-lonu-porter-la-voix-de-lafrique\/","og_site_name":"La Sentinelle","article_publisher":"https:\/\/www.facebook.com\/La-Sentinelle-104059864394773","article_published_time":"2024-01-03T10:40:30+00:00","article_modified_time":"2024-01-03T10:40:32+00:00","og_image":[{"width":1656,"height":1060,"url":"https:\/\/lasentinelle.dz\/wp-content\/uploads\/2023\/10\/Conseil-de-securite.webp","type":"image\/webp"}],"author":"La Sentinelle","twitter_card":"summary_large_image","twitter_misc":{"\u00c9crit par":"La Sentinelle","Dur\u00e9e de lecture estim\u00e9e":"5 minutes"},"schema":{"@context":"https:\/\/schema.org","@graph":[{"@type":"Article","@id":"https:\/\/lasentinelle.dz\/index.php\/2024\/01\/03\/lalgerie-entame-son-mandat-au-conseil-de-securite-de-lonu-porter-la-voix-de-lafrique\/#article","isPartOf":{"@id":"https:\/\/lasentinelle.dz\/index.php\/2024\/01\/03\/lalgerie-entame-son-mandat-au-conseil-de-securite-de-lonu-porter-la-voix-de-lafrique\/"},"author":{"name":"La Sentinelle","@id":"https:\/\/lasentinelle.dz\/#\/schema\/person\/d865044e22e70a75174ce8bcad3acfb3"},"headline":"L&rsquo;Alg\u00e9rie entame son mandat au Conseil de s\u00e9curit\u00e9 de l&rsquo;ONU\u00a0: Porter la voix de l\u2019Afrique","datePublished":"2024-01-03T10:40:30+00:00","dateModified":"2024-01-03T10:40:32+00:00","mainEntityOfPage":{"@id":"https:\/\/lasentinelle.dz\/index.php\/2024\/01\/03\/lalgerie-entame-son-mandat-au-conseil-de-securite-de-lonu-porter-la-voix-de-lafrique\/"},"wordCount":915,"commentCount":0,"publisher":{"@id":"https:\/\/lasentinelle.dz\/#organization"},"image":{"@id":"https:\/\/lasentinelle.dz\/index.php\/2024\/01\/03\/lalgerie-entame-son-mandat-au-conseil-de-securite-de-lonu-porter-la-voix-de-lafrique\/#primaryimage"},"thumbnailUrl":"https:\/\/lasentinelle.dz\/wp-content\/uploads\/2023\/10\/Conseil-de-securite.webp","articleSection":["\u00c0 la Une","Actualit\u00e9"],"inLanguage":"fr-FR","potentialAction":[{"@type":"CommentAction","name":"Comment","target":["https:\/\/lasentinelle.dz\/index.php\/2024\/01\/03\/lalgerie-entame-son-mandat-au-conseil-de-securite-de-lonu-porter-la-voix-de-lafrique\/#respond"]}]},{"@type":"WebPage","@id":"https:\/\/lasentinelle.dz\/index.php\/2024\/01\/03\/lalgerie-entame-son-mandat-au-conseil-de-securite-de-lonu-porter-la-voix-de-lafrique\/","url":"https:\/\/lasentinelle.dz\/index.php\/2024\/01\/03\/lalgerie-entame-son-mandat-au-conseil-de-securite-de-lonu-porter-la-voix-de-lafrique\/","name":"L&rsquo;Alg\u00e9rie entame son mandat au Conseil de s\u00e9curit\u00e9 de l&rsquo;ONU\u00a0: Porter la voix de l\u2019Afrique - La Sentinelle","isPartOf":{"@id":"https:\/\/lasentinelle.dz\/#website"},"primaryImageOfPage":{"@id":"https:\/\/lasentinelle.dz\/index.php\/2024\/01\/03\/lalgerie-entame-son-mandat-au-conseil-de-securite-de-lonu-porter-la-voix-de-lafrique\/#primaryimage"},"image":{"@id":"https:\/\/lasentinelle.dz\/index.php\/2024\/01\/03\/lalgerie-entame-son-mandat-au-conseil-de-securite-de-lonu-porter-la-voix-de-lafrique\/#primaryimage"},"thumbnailUrl":"https:\/\/lasentinelle.dz\/wp-content\/uploads\/2023\/10\/Conseil-de-securite.webp","datePublished":"2024-01-03T10:40:30+00:00","dateModified":"2024-01-03T10:40:32+00:00","breadcrumb":{"@id":"https:\/\/lasentinelle.dz\/index.php\/2024\/01\/03\/lalgerie-entame-son-mandat-au-conseil-de-securite-de-lonu-porter-la-voix-de-lafrique\/#breadcrumb"},"inLanguage":"fr-FR","potentialAction":[{"@type":"ReadAction","target":["https:\/\/lasentinelle.dz\/index.php\/2024\/01\/03\/lalgerie-entame-son-mandat-au-conseil-de-securite-de-lonu-porter-la-voix-de-lafrique\/"]}]},{"@type":"ImageObject","inLanguage":"fr-FR","@id":"https:\/\/lasentinelle.dz\/index.php\/2024\/01\/03\/lalgerie-entame-son-mandat-au-conseil-de-securite-de-lonu-porter-la-voix-de-lafrique\/#primaryimage","url":"https:\/\/lasentinelle.dz\/wp-content\/uploads\/2023\/10\/Conseil-de-securite.webp","contentUrl":"https:\/\/lasentinelle.dz\/wp-content\/uploads\/2023\/10\/Conseil-de-securite.webp","width":1656,"height":1060},{"@type":"BreadcrumbList","@id":"https:\/\/lasentinelle.dz\/index.php\/2024\/01\/03\/lalgerie-entame-son-mandat-au-conseil-de-securite-de-lonu-porter-la-voix-de-lafrique\/#breadcrumb","itemListElement":[{"@type":"ListItem","position":1,"name":"Accueil","item":"https:\/\/lasentinelle.dz\/"},{"@type":"ListItem","position":2,"name":"L&rsquo;Alg\u00e9rie entame son mandat au Conseil de s\u00e9curit\u00e9 de l&rsquo;ONU\u00a0: Porter la voix de l\u2019Afrique"}]},{"@type":"WebSite","@id":"https:\/\/lasentinelle.dz\/#website","url":"https:\/\/lasentinelle.dz\/","name":"La Sentinelle","description":"Quotidien national d&#039;information","publisher":{"@id":"https:\/\/lasentinelle.dz\/#organization"},"potentialAction":[{"@type":"SearchAction","target":{"@type":"EntryPoint","urlTemplate":"https:\/\/lasentinelle.dz\/?s={search_term_string}"},"query-input":{"@type":"PropertyValueSpecification","valueRequired":true,"valueName":"search_term_string"}}],"inLanguage":"fr-FR"},{"@type":"Organization","@id":"https:\/\/lasentinelle.dz\/#organization","name":"Quotidien La Sentinelle","url":"https:\/\/lasentinelle.dz\/","logo":{"@type":"ImageObject","inLanguage":"fr-FR","@id":"https:\/\/lasentinelle.dz\/#\/schema\/logo\/image\/","url":"https:\/\/lasentinelle.dz\/wp-content\/uploads\/2021\/09\/logo-sentinelleSLOGAN-1.png","contentUrl":"https:\/\/lasentinelle.dz\/wp-content\/uploads\/2021\/09\/logo-sentinelleSLOGAN-1.png","width":615,"height":142,"caption":"Quotidien La Sentinelle"},"image":{"@id":"https:\/\/lasentinelle.dz\/#\/schema\/logo\/image\/"},"sameAs":["https:\/\/www.facebook.com\/La-Sentinelle-104059864394773"]},{"@type":"Person","@id":"https:\/\/lasentinelle.dz\/#\/schema\/person\/d865044e22e70a75174ce8bcad3acfb3","name":"La Sentinelle","image":{"@type":"ImageObject","inLanguage":"fr-FR","@id":"https:\/\/secure.gravatar.com\/avatar\/57de8e5d4b15d43fb361a71fbb36338450fe67865b528a43dd10ef7c51a20392?s=96&d=mm&r=g","url":"https:\/\/secure.gravatar.com\/avatar\/57de8e5d4b15d43fb361a71fbb36338450fe67865b528a43dd10ef7c51a20392?s=96&d=mm&r=g","contentUrl":"https:\/\/secure.gravatar.com\/avatar\/57de8e5d4b15d43fb361a71fbb36338450fe67865b528a43dd10ef7c51a20392?s=96&d=mm&r=g","caption":"La Sentinelle"},"sameAs":["http:\/\/www.lasentinelle.dz"],"url":"https:\/\/lasentinelle.dz\/author\/redaction\/"}]}},"_links":{"self":[{"href":"https:\/\/lasentinelle.dz\/index.php\/wp-json\/wp\/v2\/posts\/48423","targetHints":{"allow":["GET"]}}],"collection":[{"href":"https:\/\/lasentinelle.dz\/index.php\/wp-json\/wp\/v2\/posts"}],"about":[{"href":"https:\/\/lasentinelle.dz\/index.php\/wp-json\/wp\/v2\/types\/post"}],"author":[{"embeddable":true,"href":"https:\/\/lasentinelle.dz\/index.php\/wp-json\/wp\/v2\/users\/3"}],"replies":[{"embeddable":true,"href":"https:\/\/lasentinelle.dz\/index.php\/wp-json\/wp\/v2\/comments?post=48423"}],"version-history":[{"count":2,"href":"https:\/\/lasentinelle.dz\/index.php\/wp-json\/wp\/v2\/posts\/48423\/revisions"}],"predecessor-version":[{"id":48425,"href":"https:\/\/lasentinelle.dz\/index.php\/wp-json\/wp\/v2\/posts\/48423\/revisions\/48425"}],"wp:featuredmedia":[{"embeddable":true,"href":"https:\/\/lasentinelle.dz\/index.php\/wp-json\/wp\/v2\/media\/46712"}],"wp:attachment":[{"href":"https:\/\/lasentinelle.dz\/index.php\/wp-json\/wp\/v2\/media?parent=48423"}],"wp:term":[{"taxonomy":"category","embeddable":true,"href":"https:\/\/lasentinelle.dz\/index.php\/wp-json\/wp\/v2\/categories?post=48423"},{"taxonomy":"post_tag","embeddable":true,"href":"https:\/\/lasentinelle.dz\/index.php\/wp-json\/wp\/v2\/tags?post=48423"}],"curies":[{"name":"wp","href":"https:\/\/api.w.org\/{rel}","templated":true}]}}