{"id":48443,"date":"2024-01-03T22:14:13","date_gmt":"2024-01-03T21:14:13","guid":{"rendered":"https:\/\/lasentinelle.dz\/?p=48443"},"modified":"2024-01-03T22:14:16","modified_gmt":"2024-01-03T21:14:16","slug":"une-reunion-de-lopep-prevue-le-1er-fevrier","status":"publish","type":"post","link":"https:\/\/lasentinelle.dz\/index.php\/2024\/01\/03\/une-reunion-de-lopep-prevue-le-1er-fevrier\/","title":{"rendered":"Une r\u00e9union de l\u2019Opep+ pr\u00e9vue le 1er f\u00e9vrier"},"content":{"rendered":"\n<p>La prochaine r\u00e9union du Comit\u00e9 minist\u00e9riel conjoint de suivi de l&rsquo;application de l&rsquo;Accord Opep+ (JMMC) est pr\u00e9vue le 1<sup>er<\/sup> f\u00e9vrier et permettra de se pencher sur la situation du march\u00e9.<\/p>\n\n\n\n<p>Selon l\u2019agence de presse britannique Reuters, qui cite des sources proches de l\u2019alliance, le JMMC tiendra une r\u00e9union par visioconf\u00e9rence le 1<sup>er<\/sup> f\u00e9vrier prochain, soulignant que ce type de r\u00e9unions est tenu g\u00e9n\u00e9ralement tous les deux mois pour surveiller la mise en \u0153uvre de ses accords de production. Ces r\u00e9unions permettent aussi de se pencher sur la situation du march\u00e9. Bien que le Comit\u00e9 minist\u00e9riel qui compte sept membres de l\u2019Opep+ dont l\u2019Arabie saoudite, la Russie et l\u2019Alg\u00e9rie, n\u2019a pas pour vocation de prendre des d\u00e9cisions concernant la politique de l\u2019Opep +. Il peut cependant convoquer une r\u00e9union minist\u00e9rielle de l\u2019alliance lorsque la situation du march\u00e9 l\u2019exige.<\/p>\n\n\n\n<p>Il faut que le march\u00e9 p\u00e9trolier est actuellement marqu\u00e9 par une forte volatilit\u00e9 aliment\u00e9e par des incertitudes \u00e9conomique mais aussi et surtout par des facteurs g\u00e9opolitiques. Ainsi et apr\u00e8s avoir progress\u00e9 mardi en d\u00e9but de s\u00e9ances en raison des tensions en mer Rouge, les cours du brut ont une nouvelle recul\u00e9 mardi soir, avant de creuser leurs pertes hier.<\/p>\n\n\n\n<p>Hier, vers 10H40 GMT, le prix du baril de Brent de la mer du Nord, pour livraison en mars, perdait 0,32%, \u00e0 75,65 dollars. Son \u00e9quivalent am\u00e9ricain, le baril de West Texas Intermediate (WTI), pour livraison en f\u00e9vrier, baissait de 0,47%, \u00e0 70,06 dollars, peu apr\u00e8s avoir gliss\u00e9 sous la barre des 70 dollars. Les prix perdent du terrain malgr\u00e9 \u00ab\u00a0les inqui\u00e9tudes persistantes concernant le transport maritime (de brut) via la mer Rouge, car le march\u00e9 semble se concentrer davantage sur les signaux baissiers comme les pr\u00e9occupations sur l&rsquo;\u00e9conomie mondiale\u00a0\u00bb, expliquent les analystes d&rsquo;Energi Danmark. En plus des \u00ab\u00a0incertitudes li\u00e9es \u00e0 la demande\u00a0\u00bb, les prix restent sous pression en raison de \u00ab\u00a0l&rsquo;augmentation de l&rsquo;offre mondiale, en particulier de la part des producteurs hors OPEP (Organisation des pays exportateurs de p\u00e9trole, ndlr)\u00a0\u00bb, explique John Plassard, de Mirabaud, mentionnant des niveaux de production records aux \u00c9tats-Unis et au Br\u00e9sil. Et m\u00eame parmi certains alli\u00e9s de l&rsquo;alliance, l&rsquo;offre se renforce aussi. \u00ab\u00a0Les exportations russes de p\u00e9trole maritime ont augment\u00e9 (&#8230;) pour atteindre 3,78 millions de barils par jour la semaine derni\u00e8re, terminant l&rsquo;ann\u00e9e sur un sommet\u00a0\u00bb, affirment les analystes de DNB.<\/p>\n\n\n\n<p>Lors de sa derni\u00e8re r\u00e9union minist\u00e9rielle compl\u00e8te le 30 novembre, l&rsquo;OPEP+ a convenu de r\u00e9ductions volontaires de production totalisant environ 2,2 millions de barils par jour (bpj) au cours du trimestre en cours, dirig\u00e9es par l&rsquo;Arabie saoudite maintenant sa r\u00e9duction volontaire actuelle. Les cours ont perdu plus de 20% depuis le mois de septembre dernier. Les cours du brut restent ancr\u00e9s sous le seuil des 80 dollars.<\/p>\n\n\n\n<p><strong>Sabrina Aziouz<\/strong><\/p>\n","protected":false},"excerpt":{"rendered":"<p>La prochaine r\u00e9union du Comit\u00e9 minist\u00e9riel conjoint de suivi de l&rsquo;application de l&rsquo;Accord Opep+ (JMMC) est pr\u00e9vue le 1er f\u00e9vrier<\/p>\n","protected":false},"author":3,"featured_media":28917,"comment_status":"open","ping_status":"closed","sticky":false,"template":"","format":"standard","meta":{"colormag_page_container_layout":"default_layout","colormag_page_sidebar_layout":"default_layout","om_disable_all_campaigns":false,"_monsterinsights_skip_tracking":false,"_monsterinsights_sitenote_active":false,"_monsterinsights_sitenote_note":"","_monsterinsights_sitenote_category":0,"footnotes":"","_wpscppro_dont_share_socialmedia":false,"_wpscppro_custom_social_share_image":0,"_facebook_share_type":"","_twitter_share_type":"","_linkedin_share_type":"","_pinterest_share_type":"","_linkedin_share_type_page":"","_instagram_share_type":"","_medium_share_type":"","_threads_share_type":"","_google_business_share_type":"","_selected_social_profile":[],"_wpsp_enable_custom_social_template":false,"_wpsp_social_scheduling":{"enabled":false,"datetime":null,"platforms":[],"status":"template_only","dateOption":"today","timeOption":"now","customDays":"","customHours":"","customDate":"","customTime":"","schedulingType":"absolute"},"_wpsp_active_default_template":true},"categories":[52,29],"tags":[],"class_list":["post-48443","post","type-post","status-publish","format-standard","has-post-thumbnail","hentry","category-a-la-une","category-economie"],"aioseo_notices":[],"yoast_head":"<!-- This site is optimized with the Yoast SEO plugin v27.5 - https:\/\/yoast.com\/product\/yoast-seo-wordpress\/ -->\n<title>Une r\u00e9union de l\u2019Opep+ pr\u00e9vue le 1er f\u00e9vrier - La Sentinelle<\/title>\n<meta name=\"robots\" content=\"index, follow, max-snippet:-1, max-image-preview:large, max-video-preview:-1\" \/>\n<link rel=\"canonical\" href=\"https:\/\/lasentinelle.dz\/index.php\/2024\/01\/03\/une-reunion-de-lopep-prevue-le-1er-fevrier\/\" \/>\n<meta property=\"og:locale\" content=\"fr_FR\" \/>\n<meta property=\"og:type\" content=\"article\" \/>\n<meta property=\"og:title\" content=\"Une r\u00e9union de l\u2019Opep+ pr\u00e9vue le 1er f\u00e9vrier - La Sentinelle\" \/>\n<meta property=\"og:description\" content=\"La prochaine r\u00e9union du Comit\u00e9 minist\u00e9riel conjoint de suivi de l&rsquo;application de l&rsquo;Accord Opep+ (JMMC) est pr\u00e9vue le 1er f\u00e9vrier\" \/>\n<meta property=\"og:url\" content=\"https:\/\/lasentinelle.dz\/index.php\/2024\/01\/03\/une-reunion-de-lopep-prevue-le-1er-fevrier\/\" \/>\n<meta property=\"og:site_name\" content=\"La Sentinelle\" \/>\n<meta property=\"article:publisher\" content=\"https:\/\/www.facebook.com\/La-Sentinelle-104059864394773\" \/>\n<meta property=\"article:published_time\" content=\"2024-01-03T21:14:13+00:00\" \/>\n<meta property=\"article:modified_time\" content=\"2024-01-03T21:14:16+00:00\" \/>\n<meta property=\"og:image\" content=\"https:\/\/lasentinelle.dz\/wp-content\/uploads\/2022\/10\/Opec.png\" \/>\n\t<meta property=\"og:image:width\" content=\"1311\" \/>\n\t<meta property=\"og:image:height\" content=\"900\" \/>\n\t<meta property=\"og:image:type\" content=\"image\/png\" \/>\n<meta name=\"author\" content=\"La Sentinelle\" \/>\n<meta name=\"twitter:card\" content=\"summary_large_image\" \/>\n<meta name=\"twitter:label1\" content=\"\u00c9crit par\" \/>\n\t<meta name=\"twitter:data1\" content=\"La Sentinelle\" \/>\n\t<meta name=\"twitter:label2\" content=\"Dur\u00e9e de lecture estim\u00e9e\" \/>\n\t<meta name=\"twitter:data2\" content=\"3 minutes\" \/>\n<script type=\"application\/ld+json\" class=\"yoast-schema-graph\">{\"@context\":\"https:\\\/\\\/schema.org\",\"@graph\":[{\"@type\":\"Article\",\"@id\":\"https:\\\/\\\/lasentinelle.dz\\\/index.php\\\/2024\\\/01\\\/03\\\/une-reunion-de-lopep-prevue-le-1er-fevrier\\\/#article\",\"isPartOf\":{\"@id\":\"https:\\\/\\\/lasentinelle.dz\\\/index.php\\\/2024\\\/01\\\/03\\\/une-reunion-de-lopep-prevue-le-1er-fevrier\\\/\"},\"author\":{\"name\":\"La Sentinelle\",\"@id\":\"https:\\\/\\\/lasentinelle.dz\\\/#\\\/schema\\\/person\\\/d865044e22e70a75174ce8bcad3acfb3\"},\"headline\":\"Une r\u00e9union de l\u2019Opep+ pr\u00e9vue le 1er f\u00e9vrier\",\"datePublished\":\"2024-01-03T21:14:13+00:00\",\"dateModified\":\"2024-01-03T21:14:16+00:00\",\"mainEntityOfPage\":{\"@id\":\"https:\\\/\\\/lasentinelle.dz\\\/index.php\\\/2024\\\/01\\\/03\\\/une-reunion-de-lopep-prevue-le-1er-fevrier\\\/\"},\"wordCount\":513,\"commentCount\":0,\"publisher\":{\"@id\":\"https:\\\/\\\/lasentinelle.dz\\\/#organization\"},\"image\":{\"@id\":\"https:\\\/\\\/lasentinelle.dz\\\/index.php\\\/2024\\\/01\\\/03\\\/une-reunion-de-lopep-prevue-le-1er-fevrier\\\/#primaryimage\"},\"thumbnailUrl\":\"https:\\\/\\\/lasentinelle.dz\\\/wp-content\\\/uploads\\\/2022\\\/10\\\/Opec.png\",\"articleSection\":[\"\u00c0 la Une\",\"\u00c9conomie\"],\"inLanguage\":\"fr-FR\",\"potentialAction\":[{\"@type\":\"CommentAction\",\"name\":\"Comment\",\"target\":[\"https:\\\/\\\/lasentinelle.dz\\\/index.php\\\/2024\\\/01\\\/03\\\/une-reunion-de-lopep-prevue-le-1er-fevrier\\\/#respond\"]}]},{\"@type\":\"WebPage\",\"@id\":\"https:\\\/\\\/lasentinelle.dz\\\/index.php\\\/2024\\\/01\\\/03\\\/une-reunion-de-lopep-prevue-le-1er-fevrier\\\/\",\"url\":\"https:\\\/\\\/lasentinelle.dz\\\/index.php\\\/2024\\\/01\\\/03\\\/une-reunion-de-lopep-prevue-le-1er-fevrier\\\/\",\"name\":\"Une r\u00e9union de l\u2019Opep+ pr\u00e9vue le 1er f\u00e9vrier - La Sentinelle\",\"isPartOf\":{\"@id\":\"https:\\\/\\\/lasentinelle.dz\\\/#website\"},\"primaryImageOfPage\":{\"@id\":\"https:\\\/\\\/lasentinelle.dz\\\/index.php\\\/2024\\\/01\\\/03\\\/une-reunion-de-lopep-prevue-le-1er-fevrier\\\/#primaryimage\"},\"image\":{\"@id\":\"https:\\\/\\\/lasentinelle.dz\\\/index.php\\\/2024\\\/01\\\/03\\\/une-reunion-de-lopep-prevue-le-1er-fevrier\\\/#primaryimage\"},\"thumbnailUrl\":\"https:\\\/\\\/lasentinelle.dz\\\/wp-content\\\/uploads\\\/2022\\\/10\\\/Opec.png\",\"datePublished\":\"2024-01-03T21:14:13+00:00\",\"dateModified\":\"2024-01-03T21:14:16+00:00\",\"breadcrumb\":{\"@id\":\"https:\\\/\\\/lasentinelle.dz\\\/index.php\\\/2024\\\/01\\\/03\\\/une-reunion-de-lopep-prevue-le-1er-fevrier\\\/#breadcrumb\"},\"inLanguage\":\"fr-FR\",\"potentialAction\":[{\"@type\":\"ReadAction\",\"target\":[\"https:\\\/\\\/lasentinelle.dz\\\/index.php\\\/2024\\\/01\\\/03\\\/une-reunion-de-lopep-prevue-le-1er-fevrier\\\/\"]}]},{\"@type\":\"ImageObject\",\"inLanguage\":\"fr-FR\",\"@id\":\"https:\\\/\\\/lasentinelle.dz\\\/index.php\\\/2024\\\/01\\\/03\\\/une-reunion-de-lopep-prevue-le-1er-fevrier\\\/#primaryimage\",\"url\":\"https:\\\/\\\/lasentinelle.dz\\\/wp-content\\\/uploads\\\/2022\\\/10\\\/Opec.png\",\"contentUrl\":\"https:\\\/\\\/lasentinelle.dz\\\/wp-content\\\/uploads\\\/2022\\\/10\\\/Opec.png\",\"width\":1311,\"height\":900},{\"@type\":\"BreadcrumbList\",\"@id\":\"https:\\\/\\\/lasentinelle.dz\\\/index.php\\\/2024\\\/01\\\/03\\\/une-reunion-de-lopep-prevue-le-1er-fevrier\\\/#breadcrumb\",\"itemListElement\":[{\"@type\":\"ListItem\",\"position\":1,\"name\":\"Accueil\",\"item\":\"https:\\\/\\\/lasentinelle.dz\\\/\"},{\"@type\":\"ListItem\",\"position\":2,\"name\":\"Une r\u00e9union de l\u2019Opep+ pr\u00e9vue le 1er f\u00e9vrier\"}]},{\"@type\":\"WebSite\",\"@id\":\"https:\\\/\\\/lasentinelle.dz\\\/#website\",\"url\":\"https:\\\/\\\/lasentinelle.dz\\\/\",\"name\":\"La Sentinelle\",\"description\":\"Quotidien national d&#039;information\",\"publisher\":{\"@id\":\"https:\\\/\\\/lasentinelle.dz\\\/#organization\"},\"potentialAction\":[{\"@type\":\"SearchAction\",\"target\":{\"@type\":\"EntryPoint\",\"urlTemplate\":\"https:\\\/\\\/lasentinelle.dz\\\/?s={search_term_string}\"},\"query-input\":{\"@type\":\"PropertyValueSpecification\",\"valueRequired\":true,\"valueName\":\"search_term_string\"}}],\"inLanguage\":\"fr-FR\"},{\"@type\":\"Organization\",\"@id\":\"https:\\\/\\\/lasentinelle.dz\\\/#organization\",\"name\":\"Quotidien La Sentinelle\",\"url\":\"https:\\\/\\\/lasentinelle.dz\\\/\",\"logo\":{\"@type\":\"ImageObject\",\"inLanguage\":\"fr-FR\",\"@id\":\"https:\\\/\\\/lasentinelle.dz\\\/#\\\/schema\\\/logo\\\/image\\\/\",\"url\":\"https:\\\/\\\/lasentinelle.dz\\\/wp-content\\\/uploads\\\/2021\\\/09\\\/logo-sentinelleSLOGAN-1.png\",\"contentUrl\":\"https:\\\/\\\/lasentinelle.dz\\\/wp-content\\\/uploads\\\/2021\\\/09\\\/logo-sentinelleSLOGAN-1.png\",\"width\":615,\"height\":142,\"caption\":\"Quotidien La Sentinelle\"},\"image\":{\"@id\":\"https:\\\/\\\/lasentinelle.dz\\\/#\\\/schema\\\/logo\\\/image\\\/\"},\"sameAs\":[\"https:\\\/\\\/www.facebook.com\\\/La-Sentinelle-104059864394773\"]},{\"@type\":\"Person\",\"@id\":\"https:\\\/\\\/lasentinelle.dz\\\/#\\\/schema\\\/person\\\/d865044e22e70a75174ce8bcad3acfb3\",\"name\":\"La Sentinelle\",\"image\":{\"@type\":\"ImageObject\",\"inLanguage\":\"fr-FR\",\"@id\":\"https:\\\/\\\/secure.gravatar.com\\\/avatar\\\/57de8e5d4b15d43fb361a71fbb36338450fe67865b528a43dd10ef7c51a20392?s=96&d=mm&r=g\",\"url\":\"https:\\\/\\\/secure.gravatar.com\\\/avatar\\\/57de8e5d4b15d43fb361a71fbb36338450fe67865b528a43dd10ef7c51a20392?s=96&d=mm&r=g\",\"contentUrl\":\"https:\\\/\\\/secure.gravatar.com\\\/avatar\\\/57de8e5d4b15d43fb361a71fbb36338450fe67865b528a43dd10ef7c51a20392?s=96&d=mm&r=g\",\"caption\":\"La Sentinelle\"},\"sameAs\":[\"http:\\\/\\\/www.lasentinelle.dz\"],\"url\":\"https:\\\/\\\/lasentinelle.dz\\\/author\\\/redaction\\\/\"}]}<\/script>\n<!-- \/ Yoast SEO plugin. -->","yoast_head_json":{"title":"Une r\u00e9union de l\u2019Opep+ pr\u00e9vue le 1er f\u00e9vrier - La Sentinelle","robots":{"index":"index","follow":"follow","max-snippet":"max-snippet:-1","max-image-preview":"max-image-preview:large","max-video-preview":"max-video-preview:-1"},"canonical":"https:\/\/lasentinelle.dz\/index.php\/2024\/01\/03\/une-reunion-de-lopep-prevue-le-1er-fevrier\/","og_locale":"fr_FR","og_type":"article","og_title":"Une r\u00e9union de l\u2019Opep+ pr\u00e9vue le 1er f\u00e9vrier - La Sentinelle","og_description":"La prochaine r\u00e9union du Comit\u00e9 minist\u00e9riel conjoint de suivi de l&rsquo;application de l&rsquo;Accord Opep+ (JMMC) est pr\u00e9vue le 1er f\u00e9vrier","og_url":"https:\/\/lasentinelle.dz\/index.php\/2024\/01\/03\/une-reunion-de-lopep-prevue-le-1er-fevrier\/","og_site_name":"La Sentinelle","article_publisher":"https:\/\/www.facebook.com\/La-Sentinelle-104059864394773","article_published_time":"2024-01-03T21:14:13+00:00","article_modified_time":"2024-01-03T21:14:16+00:00","og_image":[{"width":1311,"height":900,"url":"https:\/\/lasentinelle.dz\/wp-content\/uploads\/2022\/10\/Opec.png","type":"image\/png"}],"author":"La Sentinelle","twitter_card":"summary_large_image","twitter_misc":{"\u00c9crit par":"La Sentinelle","Dur\u00e9e de lecture estim\u00e9e":"3 minutes"},"schema":{"@context":"https:\/\/schema.org","@graph":[{"@type":"Article","@id":"https:\/\/lasentinelle.dz\/index.php\/2024\/01\/03\/une-reunion-de-lopep-prevue-le-1er-fevrier\/#article","isPartOf":{"@id":"https:\/\/lasentinelle.dz\/index.php\/2024\/01\/03\/une-reunion-de-lopep-prevue-le-1er-fevrier\/"},"author":{"name":"La Sentinelle","@id":"https:\/\/lasentinelle.dz\/#\/schema\/person\/d865044e22e70a75174ce8bcad3acfb3"},"headline":"Une r\u00e9union de l\u2019Opep+ pr\u00e9vue le 1er f\u00e9vrier","datePublished":"2024-01-03T21:14:13+00:00","dateModified":"2024-01-03T21:14:16+00:00","mainEntityOfPage":{"@id":"https:\/\/lasentinelle.dz\/index.php\/2024\/01\/03\/une-reunion-de-lopep-prevue-le-1er-fevrier\/"},"wordCount":513,"commentCount":0,"publisher":{"@id":"https:\/\/lasentinelle.dz\/#organization"},"image":{"@id":"https:\/\/lasentinelle.dz\/index.php\/2024\/01\/03\/une-reunion-de-lopep-prevue-le-1er-fevrier\/#primaryimage"},"thumbnailUrl":"https:\/\/lasentinelle.dz\/wp-content\/uploads\/2022\/10\/Opec.png","articleSection":["\u00c0 la Une","\u00c9conomie"],"inLanguage":"fr-FR","potentialAction":[{"@type":"CommentAction","name":"Comment","target":["https:\/\/lasentinelle.dz\/index.php\/2024\/01\/03\/une-reunion-de-lopep-prevue-le-1er-fevrier\/#respond"]}]},{"@type":"WebPage","@id":"https:\/\/lasentinelle.dz\/index.php\/2024\/01\/03\/une-reunion-de-lopep-prevue-le-1er-fevrier\/","url":"https:\/\/lasentinelle.dz\/index.php\/2024\/01\/03\/une-reunion-de-lopep-prevue-le-1er-fevrier\/","name":"Une r\u00e9union de l\u2019Opep+ pr\u00e9vue le 1er f\u00e9vrier - La Sentinelle","isPartOf":{"@id":"https:\/\/lasentinelle.dz\/#website"},"primaryImageOfPage":{"@id":"https:\/\/lasentinelle.dz\/index.php\/2024\/01\/03\/une-reunion-de-lopep-prevue-le-1er-fevrier\/#primaryimage"},"image":{"@id":"https:\/\/lasentinelle.dz\/index.php\/2024\/01\/03\/une-reunion-de-lopep-prevue-le-1er-fevrier\/#primaryimage"},"thumbnailUrl":"https:\/\/lasentinelle.dz\/wp-content\/uploads\/2022\/10\/Opec.png","datePublished":"2024-01-03T21:14:13+00:00","dateModified":"2024-01-03T21:14:16+00:00","breadcrumb":{"@id":"https:\/\/lasentinelle.dz\/index.php\/2024\/01\/03\/une-reunion-de-lopep-prevue-le-1er-fevrier\/#breadcrumb"},"inLanguage":"fr-FR","potentialAction":[{"@type":"ReadAction","target":["https:\/\/lasentinelle.dz\/index.php\/2024\/01\/03\/une-reunion-de-lopep-prevue-le-1er-fevrier\/"]}]},{"@type":"ImageObject","inLanguage":"fr-FR","@id":"https:\/\/lasentinelle.dz\/index.php\/2024\/01\/03\/une-reunion-de-lopep-prevue-le-1er-fevrier\/#primaryimage","url":"https:\/\/lasentinelle.dz\/wp-content\/uploads\/2022\/10\/Opec.png","contentUrl":"https:\/\/lasentinelle.dz\/wp-content\/uploads\/2022\/10\/Opec.png","width":1311,"height":900},{"@type":"BreadcrumbList","@id":"https:\/\/lasentinelle.dz\/index.php\/2024\/01\/03\/une-reunion-de-lopep-prevue-le-1er-fevrier\/#breadcrumb","itemListElement":[{"@type":"ListItem","position":1,"name":"Accueil","item":"https:\/\/lasentinelle.dz\/"},{"@type":"ListItem","position":2,"name":"Une r\u00e9union de l\u2019Opep+ pr\u00e9vue le 1er f\u00e9vrier"}]},{"@type":"WebSite","@id":"https:\/\/lasentinelle.dz\/#website","url":"https:\/\/lasentinelle.dz\/","name":"La Sentinelle","description":"Quotidien national d&#039;information","publisher":{"@id":"https:\/\/lasentinelle.dz\/#organization"},"potentialAction":[{"@type":"SearchAction","target":{"@type":"EntryPoint","urlTemplate":"https:\/\/lasentinelle.dz\/?s={search_term_string}"},"query-input":{"@type":"PropertyValueSpecification","valueRequired":true,"valueName":"search_term_string"}}],"inLanguage":"fr-FR"},{"@type":"Organization","@id":"https:\/\/lasentinelle.dz\/#organization","name":"Quotidien La Sentinelle","url":"https:\/\/lasentinelle.dz\/","logo":{"@type":"ImageObject","inLanguage":"fr-FR","@id":"https:\/\/lasentinelle.dz\/#\/schema\/logo\/image\/","url":"https:\/\/lasentinelle.dz\/wp-content\/uploads\/2021\/09\/logo-sentinelleSLOGAN-1.png","contentUrl":"https:\/\/lasentinelle.dz\/wp-content\/uploads\/2021\/09\/logo-sentinelleSLOGAN-1.png","width":615,"height":142,"caption":"Quotidien La Sentinelle"},"image":{"@id":"https:\/\/lasentinelle.dz\/#\/schema\/logo\/image\/"},"sameAs":["https:\/\/www.facebook.com\/La-Sentinelle-104059864394773"]},{"@type":"Person","@id":"https:\/\/lasentinelle.dz\/#\/schema\/person\/d865044e22e70a75174ce8bcad3acfb3","name":"La Sentinelle","image":{"@type":"ImageObject","inLanguage":"fr-FR","@id":"https:\/\/secure.gravatar.com\/avatar\/57de8e5d4b15d43fb361a71fbb36338450fe67865b528a43dd10ef7c51a20392?s=96&d=mm&r=g","url":"https:\/\/secure.gravatar.com\/avatar\/57de8e5d4b15d43fb361a71fbb36338450fe67865b528a43dd10ef7c51a20392?s=96&d=mm&r=g","contentUrl":"https:\/\/secure.gravatar.com\/avatar\/57de8e5d4b15d43fb361a71fbb36338450fe67865b528a43dd10ef7c51a20392?s=96&d=mm&r=g","caption":"La Sentinelle"},"sameAs":["http:\/\/www.lasentinelle.dz"],"url":"https:\/\/lasentinelle.dz\/author\/redaction\/"}]}},"_links":{"self":[{"href":"https:\/\/lasentinelle.dz\/index.php\/wp-json\/wp\/v2\/posts\/48443","targetHints":{"allow":["GET"]}}],"collection":[{"href":"https:\/\/lasentinelle.dz\/index.php\/wp-json\/wp\/v2\/posts"}],"about":[{"href":"https:\/\/lasentinelle.dz\/index.php\/wp-json\/wp\/v2\/types\/post"}],"author":[{"embeddable":true,"href":"https:\/\/lasentinelle.dz\/index.php\/wp-json\/wp\/v2\/users\/3"}],"replies":[{"embeddable":true,"href":"https:\/\/lasentinelle.dz\/index.php\/wp-json\/wp\/v2\/comments?post=48443"}],"version-history":[{"count":1,"href":"https:\/\/lasentinelle.dz\/index.php\/wp-json\/wp\/v2\/posts\/48443\/revisions"}],"predecessor-version":[{"id":48444,"href":"https:\/\/lasentinelle.dz\/index.php\/wp-json\/wp\/v2\/posts\/48443\/revisions\/48444"}],"wp:featuredmedia":[{"embeddable":true,"href":"https:\/\/lasentinelle.dz\/index.php\/wp-json\/wp\/v2\/media\/28917"}],"wp:attachment":[{"href":"https:\/\/lasentinelle.dz\/index.php\/wp-json\/wp\/v2\/media?parent=48443"}],"wp:term":[{"taxonomy":"category","embeddable":true,"href":"https:\/\/lasentinelle.dz\/index.php\/wp-json\/wp\/v2\/categories?post=48443"},{"taxonomy":"post_tag","embeddable":true,"href":"https:\/\/lasentinelle.dz\/index.php\/wp-json\/wp\/v2\/tags?post=48443"}],"curies":[{"name":"wp","href":"https:\/\/api.w.org\/{rel}","templated":true}]}}