{"id":48445,"date":"2024-01-03T22:16:31","date_gmt":"2024-01-03T21:16:31","guid":{"rendered":"https:\/\/lasentinelle.dz\/?p=48445"},"modified":"2024-01-03T22:16:36","modified_gmt":"2024-01-03T21:16:36","slug":"complexe-el-hadjar-les-unites-reprennent-leurs-activites","status":"publish","type":"post","link":"https:\/\/lasentinelle.dz\/index.php\/2024\/01\/03\/complexe-el-hadjar-les-unites-reprennent-leurs-activites\/","title":{"rendered":"Complexe El Hadjar\u00a0: Les unit\u00e9s reprennent leurs activit\u00e9s"},"content":{"rendered":"\n<p>Les unit\u00e9s de production du complexe Sider El Hadjar \u00e0 Annaba ont repris leurs activit\u00e9s apr\u00e8s le red\u00e9marrage du haut-fourneau. Un communiqu\u00e9 du Groupe Imetal a pr\u00e9cis\u00e9 hier que le complexe \u00ab\u00a0a entam\u00e9 sa production effective\u00a0\u00bb apr\u00e8s le red\u00e9marrage du haut-fourneau le 19 d\u00e9cembre 2023. Ainsi, \u00ab\u00a0les unit\u00e9s de production sont entr\u00e9es en activit\u00e9 le 1er janvier 2024 \u00e0 partir de l&rsquo;acheminement de la fonte depuis le haut-fourneau vers les aci\u00e9ries 1 et 2 et l&rsquo;aci\u00e9rie \u00e9lectrique en attendant l&rsquo;arriv\u00e9e des produits semi-finis aux laminoirs\u00a0\u00bb, ajoute la m\u00eame source. L&rsquo;op\u00e9ration de red\u00e9marrage du haut-fourneau du complexe sid\u00e9rurgique d\u2019ElHadjar avait \u00e9t\u00e9 lanc\u00e9e apr\u00e8s un arr\u00eat de trois mois et ce, apr\u00e8s la r\u00e9solution du probl\u00e8me d\u2019indisponibilit\u00e9 de coke (charbon), n\u00e9cessaire au fonctionnement du haut fourneau. Le P-dg du complexe, Karim Boulayoune avait affirm\u00e9 \u00e0 l&rsquo;APS qu&rsquo;un \u00ab\u00a0programme a \u00e9t\u00e9 \u00e9tabli avec des objectifs de production en 2024, de plus de 600.000 tonnes de produits sid\u00e9rurgiques commercialisables, contre 300.000 tonnes en 2023.<\/p>\n\n\n\n<p>Notons que le complexe doit b\u00e9n\u00e9ficier d\u2019un nouveau plan d\u2019investissement devrait entrer en application d\u00e8s cette, apr\u00e8s son approbation, lors de la prochaine r\u00e9union du Conseil de participation de l&rsquo;\u00c9tat (CPE). Les pr\u00e9visions de ce nouveau plan d\u2019investissement ont pour objectif d&rsquo;atteindre un niveau \u00e9lev\u00e9 de production en fer plat et de fer \u00e0 b\u00e9ton destin\u00e9 \u00e0 couvrir principalement la demande locale, avec la possibilit\u00e9 d&rsquo;exporter des produits si un exc\u00e9dent est r\u00e9alis\u00e9, a expliqu\u00e9 notre source. Il s\u2019agit aussi de moderniser les process de production du complexe et de leur refonte, notamment en ce qui concerne l\u2019\u00e9nergie utiliser. Une refonte qui doit permettre de remplacer le coke import\u00e9 par le gaz naturel. Le nouveau programme d\u2019investissement du complexe Sider vise \u00e0 revenir au niveau de production ant\u00e9rieur et \u00e0 se d\u00e9faire de la d\u00e9pendance des produits import\u00e9s de l\u2019\u00e9tranger, dont le Coke et le minerai de fer. Les ressources naturelles dont dispose le pays, le gaz naturel et le fer de Ghar Djebilet sont des atouts importants \u00e0 valoriser dans ce cadre.<\/p>\n\n\n\n<p><strong>Samir Benisid<\/strong><\/p>\n","protected":false},"excerpt":{"rendered":"<p>Les unit\u00e9s de production du complexe Sider El Hadjar \u00e0 Annaba ont repris leurs activit\u00e9s apr\u00e8s le red\u00e9marrage du haut-fourneau.<\/p>\n","protected":false},"author":3,"featured_media":42873,"comment_status":"open","ping_status":"closed","sticky":false,"template":"","format":"standard","meta":{"colormag_page_container_layout":"default_layout","colormag_page_sidebar_layout":"default_layout","om_disable_all_campaigns":false,"_monsterinsights_skip_tracking":false,"_monsterinsights_sitenote_active":false,"_monsterinsights_sitenote_note":"","_monsterinsights_sitenote_category":0,"footnotes":"","_wpscppro_dont_share_socialmedia":false,"_wpscppro_custom_social_share_image":0,"_facebook_share_type":"","_twitter_share_type":"","_linkedin_share_type":"","_pinterest_share_type":"","_linkedin_share_type_page":"","_instagram_share_type":"","_medium_share_type":"","_threads_share_type":"","_google_business_share_type":"","_selected_social_profile":[],"_wpsp_enable_custom_social_template":false,"_wpsp_social_scheduling":{"enabled":false,"datetime":null,"platforms":[],"status":"template_only","dateOption":"today","timeOption":"now","customDays":"","customHours":"","customDate":"","customTime":"","schedulingType":"absolute"},"_wpsp_active_default_template":true},"categories":[52,29],"tags":[],"class_list":["post-48445","post","type-post","status-publish","format-standard","has-post-thumbnail","hentry","category-a-la-une","category-economie"],"aioseo_notices":[],"yoast_head":"<!-- This site is optimized with the Yoast SEO plugin v27.5 - https:\/\/yoast.com\/product\/yoast-seo-wordpress\/ -->\n<title>Complexe El Hadjar\u00a0: Les unit\u00e9s reprennent leurs activit\u00e9s - La Sentinelle<\/title>\n<meta name=\"robots\" content=\"index, follow, max-snippet:-1, max-image-preview:large, max-video-preview:-1\" \/>\n<link rel=\"canonical\" href=\"https:\/\/lasentinelle.dz\/index.php\/2024\/01\/03\/complexe-el-hadjar-les-unites-reprennent-leurs-activites\/\" \/>\n<meta property=\"og:locale\" content=\"fr_FR\" \/>\n<meta property=\"og:type\" content=\"article\" \/>\n<meta property=\"og:title\" content=\"Complexe El Hadjar\u00a0: Les unit\u00e9s reprennent leurs activit\u00e9s - La Sentinelle\" \/>\n<meta property=\"og:description\" content=\"Les unit\u00e9s de production du complexe Sider El Hadjar \u00e0 Annaba ont repris leurs activit\u00e9s apr\u00e8s le red\u00e9marrage du haut-fourneau.\" \/>\n<meta property=\"og:url\" content=\"https:\/\/lasentinelle.dz\/index.php\/2024\/01\/03\/complexe-el-hadjar-les-unites-reprennent-leurs-activites\/\" \/>\n<meta property=\"og:site_name\" content=\"La Sentinelle\" \/>\n<meta property=\"article:publisher\" content=\"https:\/\/www.facebook.com\/La-Sentinelle-104059864394773\" \/>\n<meta property=\"article:published_time\" content=\"2024-01-03T21:16:31+00:00\" \/>\n<meta property=\"article:modified_time\" content=\"2024-01-03T21:16:36+00:00\" \/>\n<meta property=\"og:image\" content=\"https:\/\/lasentinelle.dz\/wp-content\/uploads\/2023\/06\/El-Hadjar.jpg\" \/>\n\t<meta property=\"og:image:width\" content=\"768\" \/>\n\t<meta property=\"og:image:height\" content=\"433\" \/>\n\t<meta property=\"og:image:type\" content=\"image\/jpeg\" \/>\n<meta name=\"author\" content=\"La Sentinelle\" \/>\n<meta name=\"twitter:card\" content=\"summary_large_image\" \/>\n<meta name=\"twitter:label1\" content=\"\u00c9crit par\" \/>\n\t<meta name=\"twitter:data1\" content=\"La Sentinelle\" \/>\n\t<meta name=\"twitter:label2\" content=\"Dur\u00e9e de lecture estim\u00e9e\" \/>\n\t<meta name=\"twitter:data2\" content=\"2 minutes\" \/>\n<script type=\"application\/ld+json\" class=\"yoast-schema-graph\">{\"@context\":\"https:\\\/\\\/schema.org\",\"@graph\":[{\"@type\":\"Article\",\"@id\":\"https:\\\/\\\/lasentinelle.dz\\\/index.php\\\/2024\\\/01\\\/03\\\/complexe-el-hadjar-les-unites-reprennent-leurs-activites\\\/#article\",\"isPartOf\":{\"@id\":\"https:\\\/\\\/lasentinelle.dz\\\/index.php\\\/2024\\\/01\\\/03\\\/complexe-el-hadjar-les-unites-reprennent-leurs-activites\\\/\"},\"author\":{\"name\":\"La Sentinelle\",\"@id\":\"https:\\\/\\\/lasentinelle.dz\\\/#\\\/schema\\\/person\\\/d865044e22e70a75174ce8bcad3acfb3\"},\"headline\":\"Complexe El Hadjar\u00a0: Les unit\u00e9s reprennent leurs activit\u00e9s\",\"datePublished\":\"2024-01-03T21:16:31+00:00\",\"dateModified\":\"2024-01-03T21:16:36+00:00\",\"mainEntityOfPage\":{\"@id\":\"https:\\\/\\\/lasentinelle.dz\\\/index.php\\\/2024\\\/01\\\/03\\\/complexe-el-hadjar-les-unites-reprennent-leurs-activites\\\/\"},\"wordCount\":384,\"commentCount\":0,\"publisher\":{\"@id\":\"https:\\\/\\\/lasentinelle.dz\\\/#organization\"},\"image\":{\"@id\":\"https:\\\/\\\/lasentinelle.dz\\\/index.php\\\/2024\\\/01\\\/03\\\/complexe-el-hadjar-les-unites-reprennent-leurs-activites\\\/#primaryimage\"},\"thumbnailUrl\":\"https:\\\/\\\/lasentinelle.dz\\\/wp-content\\\/uploads\\\/2023\\\/06\\\/El-Hadjar.jpg\",\"articleSection\":[\"\u00c0 la Une\",\"\u00c9conomie\"],\"inLanguage\":\"fr-FR\",\"potentialAction\":[{\"@type\":\"CommentAction\",\"name\":\"Comment\",\"target\":[\"https:\\\/\\\/lasentinelle.dz\\\/index.php\\\/2024\\\/01\\\/03\\\/complexe-el-hadjar-les-unites-reprennent-leurs-activites\\\/#respond\"]}]},{\"@type\":\"WebPage\",\"@id\":\"https:\\\/\\\/lasentinelle.dz\\\/index.php\\\/2024\\\/01\\\/03\\\/complexe-el-hadjar-les-unites-reprennent-leurs-activites\\\/\",\"url\":\"https:\\\/\\\/lasentinelle.dz\\\/index.php\\\/2024\\\/01\\\/03\\\/complexe-el-hadjar-les-unites-reprennent-leurs-activites\\\/\",\"name\":\"Complexe El Hadjar\u00a0: Les unit\u00e9s reprennent leurs activit\u00e9s - La Sentinelle\",\"isPartOf\":{\"@id\":\"https:\\\/\\\/lasentinelle.dz\\\/#website\"},\"primaryImageOfPage\":{\"@id\":\"https:\\\/\\\/lasentinelle.dz\\\/index.php\\\/2024\\\/01\\\/03\\\/complexe-el-hadjar-les-unites-reprennent-leurs-activites\\\/#primaryimage\"},\"image\":{\"@id\":\"https:\\\/\\\/lasentinelle.dz\\\/index.php\\\/2024\\\/01\\\/03\\\/complexe-el-hadjar-les-unites-reprennent-leurs-activites\\\/#primaryimage\"},\"thumbnailUrl\":\"https:\\\/\\\/lasentinelle.dz\\\/wp-content\\\/uploads\\\/2023\\\/06\\\/El-Hadjar.jpg\",\"datePublished\":\"2024-01-03T21:16:31+00:00\",\"dateModified\":\"2024-01-03T21:16:36+00:00\",\"breadcrumb\":{\"@id\":\"https:\\\/\\\/lasentinelle.dz\\\/index.php\\\/2024\\\/01\\\/03\\\/complexe-el-hadjar-les-unites-reprennent-leurs-activites\\\/#breadcrumb\"},\"inLanguage\":\"fr-FR\",\"potentialAction\":[{\"@type\":\"ReadAction\",\"target\":[\"https:\\\/\\\/lasentinelle.dz\\\/index.php\\\/2024\\\/01\\\/03\\\/complexe-el-hadjar-les-unites-reprennent-leurs-activites\\\/\"]}]},{\"@type\":\"ImageObject\",\"inLanguage\":\"fr-FR\",\"@id\":\"https:\\\/\\\/lasentinelle.dz\\\/index.php\\\/2024\\\/01\\\/03\\\/complexe-el-hadjar-les-unites-reprennent-leurs-activites\\\/#primaryimage\",\"url\":\"https:\\\/\\\/lasentinelle.dz\\\/wp-content\\\/uploads\\\/2023\\\/06\\\/El-Hadjar.jpg\",\"contentUrl\":\"https:\\\/\\\/lasentinelle.dz\\\/wp-content\\\/uploads\\\/2023\\\/06\\\/El-Hadjar.jpg\",\"width\":768,\"height\":433},{\"@type\":\"BreadcrumbList\",\"@id\":\"https:\\\/\\\/lasentinelle.dz\\\/index.php\\\/2024\\\/01\\\/03\\\/complexe-el-hadjar-les-unites-reprennent-leurs-activites\\\/#breadcrumb\",\"itemListElement\":[{\"@type\":\"ListItem\",\"position\":1,\"name\":\"Accueil\",\"item\":\"https:\\\/\\\/lasentinelle.dz\\\/\"},{\"@type\":\"ListItem\",\"position\":2,\"name\":\"Complexe El Hadjar\u00a0: Les unit\u00e9s reprennent leurs activit\u00e9s\"}]},{\"@type\":\"WebSite\",\"@id\":\"https:\\\/\\\/lasentinelle.dz\\\/#website\",\"url\":\"https:\\\/\\\/lasentinelle.dz\\\/\",\"name\":\"La Sentinelle\",\"description\":\"Quotidien national d&#039;information\",\"publisher\":{\"@id\":\"https:\\\/\\\/lasentinelle.dz\\\/#organization\"},\"potentialAction\":[{\"@type\":\"SearchAction\",\"target\":{\"@type\":\"EntryPoint\",\"urlTemplate\":\"https:\\\/\\\/lasentinelle.dz\\\/?s={search_term_string}\"},\"query-input\":{\"@type\":\"PropertyValueSpecification\",\"valueRequired\":true,\"valueName\":\"search_term_string\"}}],\"inLanguage\":\"fr-FR\"},{\"@type\":\"Organization\",\"@id\":\"https:\\\/\\\/lasentinelle.dz\\\/#organization\",\"name\":\"Quotidien La Sentinelle\",\"url\":\"https:\\\/\\\/lasentinelle.dz\\\/\",\"logo\":{\"@type\":\"ImageObject\",\"inLanguage\":\"fr-FR\",\"@id\":\"https:\\\/\\\/lasentinelle.dz\\\/#\\\/schema\\\/logo\\\/image\\\/\",\"url\":\"https:\\\/\\\/lasentinelle.dz\\\/wp-content\\\/uploads\\\/2021\\\/09\\\/logo-sentinelleSLOGAN-1.png\",\"contentUrl\":\"https:\\\/\\\/lasentinelle.dz\\\/wp-content\\\/uploads\\\/2021\\\/09\\\/logo-sentinelleSLOGAN-1.png\",\"width\":615,\"height\":142,\"caption\":\"Quotidien La Sentinelle\"},\"image\":{\"@id\":\"https:\\\/\\\/lasentinelle.dz\\\/#\\\/schema\\\/logo\\\/image\\\/\"},\"sameAs\":[\"https:\\\/\\\/www.facebook.com\\\/La-Sentinelle-104059864394773\"]},{\"@type\":\"Person\",\"@id\":\"https:\\\/\\\/lasentinelle.dz\\\/#\\\/schema\\\/person\\\/d865044e22e70a75174ce8bcad3acfb3\",\"name\":\"La Sentinelle\",\"image\":{\"@type\":\"ImageObject\",\"inLanguage\":\"fr-FR\",\"@id\":\"https:\\\/\\\/secure.gravatar.com\\\/avatar\\\/57de8e5d4b15d43fb361a71fbb36338450fe67865b528a43dd10ef7c51a20392?s=96&d=mm&r=g\",\"url\":\"https:\\\/\\\/secure.gravatar.com\\\/avatar\\\/57de8e5d4b15d43fb361a71fbb36338450fe67865b528a43dd10ef7c51a20392?s=96&d=mm&r=g\",\"contentUrl\":\"https:\\\/\\\/secure.gravatar.com\\\/avatar\\\/57de8e5d4b15d43fb361a71fbb36338450fe67865b528a43dd10ef7c51a20392?s=96&d=mm&r=g\",\"caption\":\"La Sentinelle\"},\"sameAs\":[\"http:\\\/\\\/www.lasentinelle.dz\"],\"url\":\"https:\\\/\\\/lasentinelle.dz\\\/author\\\/redaction\\\/\"}]}<\/script>\n<!-- \/ Yoast SEO plugin. -->","yoast_head_json":{"title":"Complexe El Hadjar\u00a0: Les unit\u00e9s reprennent leurs activit\u00e9s - La Sentinelle","robots":{"index":"index","follow":"follow","max-snippet":"max-snippet:-1","max-image-preview":"max-image-preview:large","max-video-preview":"max-video-preview:-1"},"canonical":"https:\/\/lasentinelle.dz\/index.php\/2024\/01\/03\/complexe-el-hadjar-les-unites-reprennent-leurs-activites\/","og_locale":"fr_FR","og_type":"article","og_title":"Complexe El Hadjar\u00a0: Les unit\u00e9s reprennent leurs activit\u00e9s - La Sentinelle","og_description":"Les unit\u00e9s de production du complexe Sider El Hadjar \u00e0 Annaba ont repris leurs activit\u00e9s apr\u00e8s le red\u00e9marrage du haut-fourneau.","og_url":"https:\/\/lasentinelle.dz\/index.php\/2024\/01\/03\/complexe-el-hadjar-les-unites-reprennent-leurs-activites\/","og_site_name":"La Sentinelle","article_publisher":"https:\/\/www.facebook.com\/La-Sentinelle-104059864394773","article_published_time":"2024-01-03T21:16:31+00:00","article_modified_time":"2024-01-03T21:16:36+00:00","og_image":[{"width":768,"height":433,"url":"https:\/\/lasentinelle.dz\/wp-content\/uploads\/2023\/06\/El-Hadjar.jpg","type":"image\/jpeg"}],"author":"La Sentinelle","twitter_card":"summary_large_image","twitter_misc":{"\u00c9crit par":"La Sentinelle","Dur\u00e9e de lecture estim\u00e9e":"2 minutes"},"schema":{"@context":"https:\/\/schema.org","@graph":[{"@type":"Article","@id":"https:\/\/lasentinelle.dz\/index.php\/2024\/01\/03\/complexe-el-hadjar-les-unites-reprennent-leurs-activites\/#article","isPartOf":{"@id":"https:\/\/lasentinelle.dz\/index.php\/2024\/01\/03\/complexe-el-hadjar-les-unites-reprennent-leurs-activites\/"},"author":{"name":"La Sentinelle","@id":"https:\/\/lasentinelle.dz\/#\/schema\/person\/d865044e22e70a75174ce8bcad3acfb3"},"headline":"Complexe El Hadjar\u00a0: Les unit\u00e9s reprennent leurs activit\u00e9s","datePublished":"2024-01-03T21:16:31+00:00","dateModified":"2024-01-03T21:16:36+00:00","mainEntityOfPage":{"@id":"https:\/\/lasentinelle.dz\/index.php\/2024\/01\/03\/complexe-el-hadjar-les-unites-reprennent-leurs-activites\/"},"wordCount":384,"commentCount":0,"publisher":{"@id":"https:\/\/lasentinelle.dz\/#organization"},"image":{"@id":"https:\/\/lasentinelle.dz\/index.php\/2024\/01\/03\/complexe-el-hadjar-les-unites-reprennent-leurs-activites\/#primaryimage"},"thumbnailUrl":"https:\/\/lasentinelle.dz\/wp-content\/uploads\/2023\/06\/El-Hadjar.jpg","articleSection":["\u00c0 la Une","\u00c9conomie"],"inLanguage":"fr-FR","potentialAction":[{"@type":"CommentAction","name":"Comment","target":["https:\/\/lasentinelle.dz\/index.php\/2024\/01\/03\/complexe-el-hadjar-les-unites-reprennent-leurs-activites\/#respond"]}]},{"@type":"WebPage","@id":"https:\/\/lasentinelle.dz\/index.php\/2024\/01\/03\/complexe-el-hadjar-les-unites-reprennent-leurs-activites\/","url":"https:\/\/lasentinelle.dz\/index.php\/2024\/01\/03\/complexe-el-hadjar-les-unites-reprennent-leurs-activites\/","name":"Complexe El Hadjar\u00a0: Les unit\u00e9s reprennent leurs activit\u00e9s - La Sentinelle","isPartOf":{"@id":"https:\/\/lasentinelle.dz\/#website"},"primaryImageOfPage":{"@id":"https:\/\/lasentinelle.dz\/index.php\/2024\/01\/03\/complexe-el-hadjar-les-unites-reprennent-leurs-activites\/#primaryimage"},"image":{"@id":"https:\/\/lasentinelle.dz\/index.php\/2024\/01\/03\/complexe-el-hadjar-les-unites-reprennent-leurs-activites\/#primaryimage"},"thumbnailUrl":"https:\/\/lasentinelle.dz\/wp-content\/uploads\/2023\/06\/El-Hadjar.jpg","datePublished":"2024-01-03T21:16:31+00:00","dateModified":"2024-01-03T21:16:36+00:00","breadcrumb":{"@id":"https:\/\/lasentinelle.dz\/index.php\/2024\/01\/03\/complexe-el-hadjar-les-unites-reprennent-leurs-activites\/#breadcrumb"},"inLanguage":"fr-FR","potentialAction":[{"@type":"ReadAction","target":["https:\/\/lasentinelle.dz\/index.php\/2024\/01\/03\/complexe-el-hadjar-les-unites-reprennent-leurs-activites\/"]}]},{"@type":"ImageObject","inLanguage":"fr-FR","@id":"https:\/\/lasentinelle.dz\/index.php\/2024\/01\/03\/complexe-el-hadjar-les-unites-reprennent-leurs-activites\/#primaryimage","url":"https:\/\/lasentinelle.dz\/wp-content\/uploads\/2023\/06\/El-Hadjar.jpg","contentUrl":"https:\/\/lasentinelle.dz\/wp-content\/uploads\/2023\/06\/El-Hadjar.jpg","width":768,"height":433},{"@type":"BreadcrumbList","@id":"https:\/\/lasentinelle.dz\/index.php\/2024\/01\/03\/complexe-el-hadjar-les-unites-reprennent-leurs-activites\/#breadcrumb","itemListElement":[{"@type":"ListItem","position":1,"name":"Accueil","item":"https:\/\/lasentinelle.dz\/"},{"@type":"ListItem","position":2,"name":"Complexe El Hadjar\u00a0: Les unit\u00e9s reprennent leurs activit\u00e9s"}]},{"@type":"WebSite","@id":"https:\/\/lasentinelle.dz\/#website","url":"https:\/\/lasentinelle.dz\/","name":"La Sentinelle","description":"Quotidien national d&#039;information","publisher":{"@id":"https:\/\/lasentinelle.dz\/#organization"},"potentialAction":[{"@type":"SearchAction","target":{"@type":"EntryPoint","urlTemplate":"https:\/\/lasentinelle.dz\/?s={search_term_string}"},"query-input":{"@type":"PropertyValueSpecification","valueRequired":true,"valueName":"search_term_string"}}],"inLanguage":"fr-FR"},{"@type":"Organization","@id":"https:\/\/lasentinelle.dz\/#organization","name":"Quotidien La Sentinelle","url":"https:\/\/lasentinelle.dz\/","logo":{"@type":"ImageObject","inLanguage":"fr-FR","@id":"https:\/\/lasentinelle.dz\/#\/schema\/logo\/image\/","url":"https:\/\/lasentinelle.dz\/wp-content\/uploads\/2021\/09\/logo-sentinelleSLOGAN-1.png","contentUrl":"https:\/\/lasentinelle.dz\/wp-content\/uploads\/2021\/09\/logo-sentinelleSLOGAN-1.png","width":615,"height":142,"caption":"Quotidien La Sentinelle"},"image":{"@id":"https:\/\/lasentinelle.dz\/#\/schema\/logo\/image\/"},"sameAs":["https:\/\/www.facebook.com\/La-Sentinelle-104059864394773"]},{"@type":"Person","@id":"https:\/\/lasentinelle.dz\/#\/schema\/person\/d865044e22e70a75174ce8bcad3acfb3","name":"La Sentinelle","image":{"@type":"ImageObject","inLanguage":"fr-FR","@id":"https:\/\/secure.gravatar.com\/avatar\/57de8e5d4b15d43fb361a71fbb36338450fe67865b528a43dd10ef7c51a20392?s=96&d=mm&r=g","url":"https:\/\/secure.gravatar.com\/avatar\/57de8e5d4b15d43fb361a71fbb36338450fe67865b528a43dd10ef7c51a20392?s=96&d=mm&r=g","contentUrl":"https:\/\/secure.gravatar.com\/avatar\/57de8e5d4b15d43fb361a71fbb36338450fe67865b528a43dd10ef7c51a20392?s=96&d=mm&r=g","caption":"La Sentinelle"},"sameAs":["http:\/\/www.lasentinelle.dz"],"url":"https:\/\/lasentinelle.dz\/author\/redaction\/"}]}},"_links":{"self":[{"href":"https:\/\/lasentinelle.dz\/index.php\/wp-json\/wp\/v2\/posts\/48445","targetHints":{"allow":["GET"]}}],"collection":[{"href":"https:\/\/lasentinelle.dz\/index.php\/wp-json\/wp\/v2\/posts"}],"about":[{"href":"https:\/\/lasentinelle.dz\/index.php\/wp-json\/wp\/v2\/types\/post"}],"author":[{"embeddable":true,"href":"https:\/\/lasentinelle.dz\/index.php\/wp-json\/wp\/v2\/users\/3"}],"replies":[{"embeddable":true,"href":"https:\/\/lasentinelle.dz\/index.php\/wp-json\/wp\/v2\/comments?post=48445"}],"version-history":[{"count":1,"href":"https:\/\/lasentinelle.dz\/index.php\/wp-json\/wp\/v2\/posts\/48445\/revisions"}],"predecessor-version":[{"id":48446,"href":"https:\/\/lasentinelle.dz\/index.php\/wp-json\/wp\/v2\/posts\/48445\/revisions\/48446"}],"wp:featuredmedia":[{"embeddable":true,"href":"https:\/\/lasentinelle.dz\/index.php\/wp-json\/wp\/v2\/media\/42873"}],"wp:attachment":[{"href":"https:\/\/lasentinelle.dz\/index.php\/wp-json\/wp\/v2\/media?parent=48445"}],"wp:term":[{"taxonomy":"category","embeddable":true,"href":"https:\/\/lasentinelle.dz\/index.php\/wp-json\/wp\/v2\/categories?post=48445"},{"taxonomy":"post_tag","embeddable":true,"href":"https:\/\/lasentinelle.dz\/index.php\/wp-json\/wp\/v2\/tags?post=48445"}],"curies":[{"name":"wp","href":"https:\/\/api.w.org\/{rel}","templated":true}]}}