{"id":48454,"date":"2024-01-03T22:23:41","date_gmt":"2024-01-03T21:23:41","guid":{"rendered":"https:\/\/lasentinelle.dz\/?p=48454"},"modified":"2024-01-03T22:23:43","modified_gmt":"2024-01-03T21:23:43","slug":"plainte-de-lafrique-du-sud-contre-lentite-sioniste-la-cij-tient-une-session-le-11-janvier","status":"publish","type":"post","link":"https:\/\/lasentinelle.dz\/index.php\/2024\/01\/03\/plainte-de-lafrique-du-sud-contre-lentite-sioniste-la-cij-tient-une-session-le-11-janvier\/","title":{"rendered":"Plainte de l&rsquo;Afrique du Sud contre l&rsquo;entit\u00e9 sioniste\u00a0: La CIJ tient une session le 11 janvier"},"content":{"rendered":"\n<p>La Cour internationale de Justice (CIJ) tiendra, le 11 janvier, sa premi\u00e8re session pour examiner la plainte d\u00e9pos\u00e9e par l&rsquo;Afrique du Sud contre l&rsquo;entit\u00e9 sioniste pour g\u00e9nocide \u00e0 Ghaza. L&rsquo;information a \u00e9t\u00e9 donn\u00e9e par le porte-parole du minist\u00e8re sud-africain des Relations internationales, Clayson Monilla, dans un message publi\u00e9 sur la plateforme \u00ab\u00a0X\u00a0\u00bb. Monilla a d\u00e9clar\u00e9 que \u00ab\u00a0la premi\u00e8re audience du proc\u00e8s devrait commencer le 11 janvier dans la ville n\u00e9erlandaise de La Haye et se poursuivra le lendemain\u00a0\u00bb. Il a expliqu\u00e9 que son pays \u00ab\u00a0poursuit ses pr\u00e9paratifs \u00e0 cet \u00e9gard\u00a0\u00bb. L&rsquo;Afrique du Sud a d\u00e9pos\u00e9 une plainte contre l&rsquo;entit\u00e9 sioniste devant la CIJ pour des \u00ab\u00a0actes de g\u00e9nocide contre le peuple palestinien \u00e0 Ghaza\u00a0\u00bb, a annonc\u00e9 fin d\u00e9cembre la juridiction, organe judiciaire principal des Nations unies.<\/p>\n\n\n\n<p>Au cours de ce proc\u00e8s, la Cour pourrait rendre une d\u00e9cision pour arr\u00eater les attaques sionistes sur la bande de Ghaza.<\/p>\n\n\n\n<p>Cette session intervient au moment o\u00f9 les preuves sur les crimes de guerre et les crimes contre l\u2019humanit\u00e9 commis par l\u2019occupation isra\u00e9lienne s\u2019accumulent et sont document\u00e9es par les ONG et les instances onusiennes.&nbsp; Dans ce sens, la rapporteuse sp\u00e9ciale des Nations unies (ONU) pour la Palestine, Francesca Albanese, a d\u00e9clar\u00e9, mardi, que \u00ab\u00a0le d\u00e9placement forc\u00e9 des Palestiniens est un crime contre l&rsquo;humanit\u00e9\u00a0\u00bb. L&rsquo;entit\u00e9 sioniste \u00ab\u00a0a perp\u00e9tr\u00e9 cela en toute impunit\u00e9 pendant des d\u00e9cennies d\u2019occupation ill\u00e9gale. (Elle) a d\u00e9sormais atteint un nouveau niveau en terrorisant la population par les&nbsp; bombardements, la famine et les maladies provoqu\u00e9es\u00a0\u00bb. Par ailleurs, l&rsquo;Observatoire euro-m\u00e9diterran\u00e9en pour les droits de l&rsquo;Homme (Euro-Med Monitor) a d\u00e9clar\u00e9, hier, que les attaques d\u00e9lib\u00e9r\u00e9es de l&rsquo;entit\u00e9 sioniste contre les centres d&rsquo;h\u00e9bergement abritant des r\u00e9fugi\u00e9s \u00e0 Ghaza violent explicitement les r\u00e8gles du droit international, en particulier le droit international humanitaire.<\/p>\n\n\n\n<p>&nbsp;\u00ab\u00a0Etant donn\u00e9 que la plupart des victimes de ces attaques d\u00e9lib\u00e9r\u00e9es sont des civils, notamment des femmes et des enfants (&#8230;), cela pourrait constituer de graves violations et des crimes de guerre conform\u00e9ment au droit international humanitaire et p\u00e9nal\u00a0\u00bb, indique l&rsquo;organisation bas\u00e9e \u00e0 Gen\u00e8ve. L&rsquo;observatoire a rappel\u00e9 que l&rsquo;arm\u00e9e sioniste a ordonn\u00e9 \u00e0 \u00ab\u00a0environ 1,1 million de personnes vivant dans la partie nord de la bande de Ghaza d&rsquo;\u00e9vacuer vers le sud le 12 octobre 2023\u00a0\u00bb. Toutefois, \u00ab\u00a0aucune garantie n&rsquo;a\u00e9t\u00e9 donn\u00e9e quant \u00e0 leur autorisation de rentrer, ni quant \u00e0 leur s\u00e9curit\u00e9 pendant leur d\u00e9placement\u00a0\u00bb, a not\u00e9 l&rsquo;organisation. Au cours des derni\u00e8res semaines, a soulign\u00e9 la m\u00eame source, l\u2019arm\u00e9e sioniste a \u00ab\u00a0\u00e9tendu ses attaques aveugles et ses \u00e9vacuations forc\u00e9es dans toute la bande de Ghaza, poussant des centaines de milliers de personnes d\u00e9plac\u00e9es dans une grave surpopulation dans la ville de Rafah, \u00e0 la fronti\u00e8re avec l\u2019Egypte. Avec plus de 12.000 habitants au kilom\u00e8tre carr\u00e9, Rafah est actuellement consid\u00e9r\u00e9e comme la zone la plus dens\u00e9ment peupl\u00e9e de Ghaza\u00a0\u00bb. Euro-Med Monitor a d\u00e9clar\u00e9, en outre, que l&rsquo;insistance de l&rsquo;occupant sioniste \u00e0 maintenir la grande majorit\u00e9 de la population de la bande de Ghaza d\u00e9plac\u00e9e signifie que \u00ab\u00a0la plupart des Palestiniens r\u00e9sidant dans l&rsquo;enclave assi\u00e9g\u00e9e continueront \u00e0 se voir refuser les soins de sant\u00e9 n\u00e9cessaires, y compris ceux qui souffrent de maladies chroniques ainsi que les femmes enceintes, dans un contexte d&rsquo;interdiction continue de l&rsquo;aide humanitaire, de nourriture et de fournitures m\u00e9dicales. Le suivi initial effectu\u00e9 par Euro-Med Monitor a r\u00e9v\u00e9l\u00e9 que l&rsquo;arm\u00e9e sioniste \u00ab\u00a0ciblait de mani\u00e8re persistante les maisons d&rsquo;habitation et les abris pour personnes d\u00e9plac\u00e9es dans diff\u00e9rentes parties de la bande de Ghaza\u00a0\u00bb. Notons que le minist\u00e8re palestinien de la Sant\u00e9 a indiqu\u00e9 hier que le bilan de l&rsquo;agression sioniste contre la bande de Ghaza depuis le 7 octobre 2023, s&rsquo;est alourdi \u00e0 22.313 martyrs palestiniens. Selon la m\u00eame source, 128 palestiniens sont tomb\u00e9s en martyrs au cours des derni\u00e8res 24 heures, et plus de 57.296 autres ont \u00e9t\u00e9 bless\u00e9s.<\/p>\n\n\n\n<p><strong>Chokri Hafed<\/strong><\/p>\n","protected":false},"excerpt":{"rendered":"<p>La Cour internationale de Justice (CIJ) tiendra, le 11 janvier, sa premi\u00e8re session pour examiner la plainte d\u00e9pos\u00e9e par l&rsquo;Afrique<\/p>\n","protected":false},"author":3,"featured_media":44051,"comment_status":"open","ping_status":"closed","sticky":false,"template":"","format":"standard","meta":{"colormag_page_container_layout":"default_layout","colormag_page_sidebar_layout":"default_layout","om_disable_all_campaigns":false,"_monsterinsights_skip_tracking":false,"_monsterinsights_sitenote_active":false,"_monsterinsights_sitenote_note":"","_monsterinsights_sitenote_category":0,"footnotes":"","_wpscppro_dont_share_socialmedia":false,"_wpscppro_custom_social_share_image":0,"_facebook_share_type":"","_twitter_share_type":"","_linkedin_share_type":"","_pinterest_share_type":"","_linkedin_share_type_page":"","_instagram_share_type":"","_medium_share_type":"","_threads_share_type":"","_google_business_share_type":"","_selected_social_profile":[],"_wpsp_enable_custom_social_template":false,"_wpsp_social_scheduling":{"enabled":false,"datetime":null,"platforms":[],"status":"template_only","dateOption":"today","timeOption":"now","customDays":"","customHours":"","customDate":"","customTime":"","schedulingType":"absolute"},"_wpsp_active_default_template":true},"categories":[27],"tags":[],"class_list":["post-48454","post","type-post","status-publish","format-standard","has-post-thumbnail","hentry","category-actualite"],"aioseo_notices":[],"yoast_head":"<!-- This site is optimized with the Yoast SEO plugin v27.5 - https:\/\/yoast.com\/product\/yoast-seo-wordpress\/ -->\n<title>Plainte de l&rsquo;Afrique du Sud contre l&rsquo;entit\u00e9 sioniste\u00a0: La CIJ tient une session le 11 janvier - La Sentinelle<\/title>\n<meta name=\"robots\" content=\"index, follow, max-snippet:-1, max-image-preview:large, max-video-preview:-1\" \/>\n<link rel=\"canonical\" href=\"https:\/\/lasentinelle.dz\/index.php\/2024\/01\/03\/plainte-de-lafrique-du-sud-contre-lentite-sioniste-la-cij-tient-une-session-le-11-janvier\/\" \/>\n<meta property=\"og:locale\" content=\"fr_FR\" \/>\n<meta property=\"og:type\" content=\"article\" \/>\n<meta property=\"og:title\" content=\"Plainte de l&rsquo;Afrique du Sud contre l&rsquo;entit\u00e9 sioniste\u00a0: La CIJ tient une session le 11 janvier - La Sentinelle\" \/>\n<meta property=\"og:description\" content=\"La Cour internationale de Justice (CIJ) tiendra, le 11 janvier, sa premi\u00e8re session pour examiner la plainte d\u00e9pos\u00e9e par l&rsquo;Afrique\" \/>\n<meta property=\"og:url\" content=\"https:\/\/lasentinelle.dz\/index.php\/2024\/01\/03\/plainte-de-lafrique-du-sud-contre-lentite-sioniste-la-cij-tient-une-session-le-11-janvier\/\" \/>\n<meta property=\"og:site_name\" content=\"La Sentinelle\" \/>\n<meta property=\"article:publisher\" content=\"https:\/\/www.facebook.com\/La-Sentinelle-104059864394773\" \/>\n<meta property=\"article:published_time\" content=\"2024-01-03T21:23:41+00:00\" \/>\n<meta property=\"article:modified_time\" content=\"2024-01-03T21:23:43+00:00\" \/>\n<meta property=\"og:image\" content=\"https:\/\/lasentinelle.dz\/wp-content\/uploads\/2023\/07\/CIJ.jpeg\" \/>\n\t<meta property=\"og:image:width\" content=\"1400\" \/>\n\t<meta property=\"og:image:height\" content=\"875\" \/>\n\t<meta property=\"og:image:type\" content=\"image\/jpeg\" \/>\n<meta name=\"author\" content=\"La Sentinelle\" \/>\n<meta name=\"twitter:card\" content=\"summary_large_image\" \/>\n<meta name=\"twitter:label1\" content=\"\u00c9crit par\" \/>\n\t<meta name=\"twitter:data1\" content=\"La Sentinelle\" \/>\n\t<meta name=\"twitter:label2\" content=\"Dur\u00e9e de lecture estim\u00e9e\" \/>\n\t<meta name=\"twitter:data2\" content=\"4 minutes\" \/>\n<script type=\"application\/ld+json\" class=\"yoast-schema-graph\">{\"@context\":\"https:\\\/\\\/schema.org\",\"@graph\":[{\"@type\":\"Article\",\"@id\":\"https:\\\/\\\/lasentinelle.dz\\\/index.php\\\/2024\\\/01\\\/03\\\/plainte-de-lafrique-du-sud-contre-lentite-sioniste-la-cij-tient-une-session-le-11-janvier\\\/#article\",\"isPartOf\":{\"@id\":\"https:\\\/\\\/lasentinelle.dz\\\/index.php\\\/2024\\\/01\\\/03\\\/plainte-de-lafrique-du-sud-contre-lentite-sioniste-la-cij-tient-une-session-le-11-janvier\\\/\"},\"author\":{\"name\":\"La Sentinelle\",\"@id\":\"https:\\\/\\\/lasentinelle.dz\\\/#\\\/schema\\\/person\\\/d865044e22e70a75174ce8bcad3acfb3\"},\"headline\":\"Plainte de l&rsquo;Afrique du Sud contre l&rsquo;entit\u00e9 sioniste\u00a0: La CIJ tient une session le 11 janvier\",\"datePublished\":\"2024-01-03T21:23:41+00:00\",\"dateModified\":\"2024-01-03T21:23:43+00:00\",\"mainEntityOfPage\":{\"@id\":\"https:\\\/\\\/lasentinelle.dz\\\/index.php\\\/2024\\\/01\\\/03\\\/plainte-de-lafrique-du-sud-contre-lentite-sioniste-la-cij-tient-une-session-le-11-janvier\\\/\"},\"wordCount\":727,\"commentCount\":0,\"publisher\":{\"@id\":\"https:\\\/\\\/lasentinelle.dz\\\/#organization\"},\"image\":{\"@id\":\"https:\\\/\\\/lasentinelle.dz\\\/index.php\\\/2024\\\/01\\\/03\\\/plainte-de-lafrique-du-sud-contre-lentite-sioniste-la-cij-tient-une-session-le-11-janvier\\\/#primaryimage\"},\"thumbnailUrl\":\"https:\\\/\\\/lasentinelle.dz\\\/wp-content\\\/uploads\\\/2023\\\/07\\\/CIJ.jpeg\",\"articleSection\":[\"Actualit\u00e9\"],\"inLanguage\":\"fr-FR\",\"potentialAction\":[{\"@type\":\"CommentAction\",\"name\":\"Comment\",\"target\":[\"https:\\\/\\\/lasentinelle.dz\\\/index.php\\\/2024\\\/01\\\/03\\\/plainte-de-lafrique-du-sud-contre-lentite-sioniste-la-cij-tient-une-session-le-11-janvier\\\/#respond\"]}]},{\"@type\":\"WebPage\",\"@id\":\"https:\\\/\\\/lasentinelle.dz\\\/index.php\\\/2024\\\/01\\\/03\\\/plainte-de-lafrique-du-sud-contre-lentite-sioniste-la-cij-tient-une-session-le-11-janvier\\\/\",\"url\":\"https:\\\/\\\/lasentinelle.dz\\\/index.php\\\/2024\\\/01\\\/03\\\/plainte-de-lafrique-du-sud-contre-lentite-sioniste-la-cij-tient-une-session-le-11-janvier\\\/\",\"name\":\"Plainte de l&rsquo;Afrique du Sud contre l&rsquo;entit\u00e9 sioniste\u00a0: La CIJ tient une session le 11 janvier - La Sentinelle\",\"isPartOf\":{\"@id\":\"https:\\\/\\\/lasentinelle.dz\\\/#website\"},\"primaryImageOfPage\":{\"@id\":\"https:\\\/\\\/lasentinelle.dz\\\/index.php\\\/2024\\\/01\\\/03\\\/plainte-de-lafrique-du-sud-contre-lentite-sioniste-la-cij-tient-une-session-le-11-janvier\\\/#primaryimage\"},\"image\":{\"@id\":\"https:\\\/\\\/lasentinelle.dz\\\/index.php\\\/2024\\\/01\\\/03\\\/plainte-de-lafrique-du-sud-contre-lentite-sioniste-la-cij-tient-une-session-le-11-janvier\\\/#primaryimage\"},\"thumbnailUrl\":\"https:\\\/\\\/lasentinelle.dz\\\/wp-content\\\/uploads\\\/2023\\\/07\\\/CIJ.jpeg\",\"datePublished\":\"2024-01-03T21:23:41+00:00\",\"dateModified\":\"2024-01-03T21:23:43+00:00\",\"breadcrumb\":{\"@id\":\"https:\\\/\\\/lasentinelle.dz\\\/index.php\\\/2024\\\/01\\\/03\\\/plainte-de-lafrique-du-sud-contre-lentite-sioniste-la-cij-tient-une-session-le-11-janvier\\\/#breadcrumb\"},\"inLanguage\":\"fr-FR\",\"potentialAction\":[{\"@type\":\"ReadAction\",\"target\":[\"https:\\\/\\\/lasentinelle.dz\\\/index.php\\\/2024\\\/01\\\/03\\\/plainte-de-lafrique-du-sud-contre-lentite-sioniste-la-cij-tient-une-session-le-11-janvier\\\/\"]}]},{\"@type\":\"ImageObject\",\"inLanguage\":\"fr-FR\",\"@id\":\"https:\\\/\\\/lasentinelle.dz\\\/index.php\\\/2024\\\/01\\\/03\\\/plainte-de-lafrique-du-sud-contre-lentite-sioniste-la-cij-tient-une-session-le-11-janvier\\\/#primaryimage\",\"url\":\"https:\\\/\\\/lasentinelle.dz\\\/wp-content\\\/uploads\\\/2023\\\/07\\\/CIJ.jpeg\",\"contentUrl\":\"https:\\\/\\\/lasentinelle.dz\\\/wp-content\\\/uploads\\\/2023\\\/07\\\/CIJ.jpeg\",\"width\":1400,\"height\":875,\"caption\":\"Judges arrive in the Great Hall of the International Court of Justice (ICJ) in The Hague, on March 19, 2018 as Bolivia and Chile face each other at the ICJ about a border conflict. (Photo by Jerry Lampen \\\/ ANP \\\/ AFP) \\\/ Netherlands OUT\"},{\"@type\":\"BreadcrumbList\",\"@id\":\"https:\\\/\\\/lasentinelle.dz\\\/index.php\\\/2024\\\/01\\\/03\\\/plainte-de-lafrique-du-sud-contre-lentite-sioniste-la-cij-tient-une-session-le-11-janvier\\\/#breadcrumb\",\"itemListElement\":[{\"@type\":\"ListItem\",\"position\":1,\"name\":\"Accueil\",\"item\":\"https:\\\/\\\/lasentinelle.dz\\\/\"},{\"@type\":\"ListItem\",\"position\":2,\"name\":\"Plainte de l&rsquo;Afrique du Sud contre l&rsquo;entit\u00e9 sioniste\u00a0: La CIJ tient une session le 11 janvier\"}]},{\"@type\":\"WebSite\",\"@id\":\"https:\\\/\\\/lasentinelle.dz\\\/#website\",\"url\":\"https:\\\/\\\/lasentinelle.dz\\\/\",\"name\":\"La Sentinelle\",\"description\":\"Quotidien national d&#039;information\",\"publisher\":{\"@id\":\"https:\\\/\\\/lasentinelle.dz\\\/#organization\"},\"potentialAction\":[{\"@type\":\"SearchAction\",\"target\":{\"@type\":\"EntryPoint\",\"urlTemplate\":\"https:\\\/\\\/lasentinelle.dz\\\/?s={search_term_string}\"},\"query-input\":{\"@type\":\"PropertyValueSpecification\",\"valueRequired\":true,\"valueName\":\"search_term_string\"}}],\"inLanguage\":\"fr-FR\"},{\"@type\":\"Organization\",\"@id\":\"https:\\\/\\\/lasentinelle.dz\\\/#organization\",\"name\":\"Quotidien La Sentinelle\",\"url\":\"https:\\\/\\\/lasentinelle.dz\\\/\",\"logo\":{\"@type\":\"ImageObject\",\"inLanguage\":\"fr-FR\",\"@id\":\"https:\\\/\\\/lasentinelle.dz\\\/#\\\/schema\\\/logo\\\/image\\\/\",\"url\":\"https:\\\/\\\/lasentinelle.dz\\\/wp-content\\\/uploads\\\/2021\\\/09\\\/logo-sentinelleSLOGAN-1.png\",\"contentUrl\":\"https:\\\/\\\/lasentinelle.dz\\\/wp-content\\\/uploads\\\/2021\\\/09\\\/logo-sentinelleSLOGAN-1.png\",\"width\":615,\"height\":142,\"caption\":\"Quotidien La Sentinelle\"},\"image\":{\"@id\":\"https:\\\/\\\/lasentinelle.dz\\\/#\\\/schema\\\/logo\\\/image\\\/\"},\"sameAs\":[\"https:\\\/\\\/www.facebook.com\\\/La-Sentinelle-104059864394773\"]},{\"@type\":\"Person\",\"@id\":\"https:\\\/\\\/lasentinelle.dz\\\/#\\\/schema\\\/person\\\/d865044e22e70a75174ce8bcad3acfb3\",\"name\":\"La Sentinelle\",\"image\":{\"@type\":\"ImageObject\",\"inLanguage\":\"fr-FR\",\"@id\":\"https:\\\/\\\/secure.gravatar.com\\\/avatar\\\/57de8e5d4b15d43fb361a71fbb36338450fe67865b528a43dd10ef7c51a20392?s=96&d=mm&r=g\",\"url\":\"https:\\\/\\\/secure.gravatar.com\\\/avatar\\\/57de8e5d4b15d43fb361a71fbb36338450fe67865b528a43dd10ef7c51a20392?s=96&d=mm&r=g\",\"contentUrl\":\"https:\\\/\\\/secure.gravatar.com\\\/avatar\\\/57de8e5d4b15d43fb361a71fbb36338450fe67865b528a43dd10ef7c51a20392?s=96&d=mm&r=g\",\"caption\":\"La Sentinelle\"},\"sameAs\":[\"http:\\\/\\\/www.lasentinelle.dz\"],\"url\":\"https:\\\/\\\/lasentinelle.dz\\\/author\\\/redaction\\\/\"}]}<\/script>\n<!-- \/ Yoast SEO plugin. -->","yoast_head_json":{"title":"Plainte de l&rsquo;Afrique du Sud contre l&rsquo;entit\u00e9 sioniste\u00a0: La CIJ tient une session le 11 janvier - La Sentinelle","robots":{"index":"index","follow":"follow","max-snippet":"max-snippet:-1","max-image-preview":"max-image-preview:large","max-video-preview":"max-video-preview:-1"},"canonical":"https:\/\/lasentinelle.dz\/index.php\/2024\/01\/03\/plainte-de-lafrique-du-sud-contre-lentite-sioniste-la-cij-tient-une-session-le-11-janvier\/","og_locale":"fr_FR","og_type":"article","og_title":"Plainte de l&rsquo;Afrique du Sud contre l&rsquo;entit\u00e9 sioniste\u00a0: La CIJ tient une session le 11 janvier - La Sentinelle","og_description":"La Cour internationale de Justice (CIJ) tiendra, le 11 janvier, sa premi\u00e8re session pour examiner la plainte d\u00e9pos\u00e9e par l&rsquo;Afrique","og_url":"https:\/\/lasentinelle.dz\/index.php\/2024\/01\/03\/plainte-de-lafrique-du-sud-contre-lentite-sioniste-la-cij-tient-une-session-le-11-janvier\/","og_site_name":"La Sentinelle","article_publisher":"https:\/\/www.facebook.com\/La-Sentinelle-104059864394773","article_published_time":"2024-01-03T21:23:41+00:00","article_modified_time":"2024-01-03T21:23:43+00:00","og_image":[{"width":1400,"height":875,"url":"https:\/\/lasentinelle.dz\/wp-content\/uploads\/2023\/07\/CIJ.jpeg","type":"image\/jpeg"}],"author":"La Sentinelle","twitter_card":"summary_large_image","twitter_misc":{"\u00c9crit par":"La Sentinelle","Dur\u00e9e de lecture estim\u00e9e":"4 minutes"},"schema":{"@context":"https:\/\/schema.org","@graph":[{"@type":"Article","@id":"https:\/\/lasentinelle.dz\/index.php\/2024\/01\/03\/plainte-de-lafrique-du-sud-contre-lentite-sioniste-la-cij-tient-une-session-le-11-janvier\/#article","isPartOf":{"@id":"https:\/\/lasentinelle.dz\/index.php\/2024\/01\/03\/plainte-de-lafrique-du-sud-contre-lentite-sioniste-la-cij-tient-une-session-le-11-janvier\/"},"author":{"name":"La Sentinelle","@id":"https:\/\/lasentinelle.dz\/#\/schema\/person\/d865044e22e70a75174ce8bcad3acfb3"},"headline":"Plainte de l&rsquo;Afrique du Sud contre l&rsquo;entit\u00e9 sioniste\u00a0: La CIJ tient une session le 11 janvier","datePublished":"2024-01-03T21:23:41+00:00","dateModified":"2024-01-03T21:23:43+00:00","mainEntityOfPage":{"@id":"https:\/\/lasentinelle.dz\/index.php\/2024\/01\/03\/plainte-de-lafrique-du-sud-contre-lentite-sioniste-la-cij-tient-une-session-le-11-janvier\/"},"wordCount":727,"commentCount":0,"publisher":{"@id":"https:\/\/lasentinelle.dz\/#organization"},"image":{"@id":"https:\/\/lasentinelle.dz\/index.php\/2024\/01\/03\/plainte-de-lafrique-du-sud-contre-lentite-sioniste-la-cij-tient-une-session-le-11-janvier\/#primaryimage"},"thumbnailUrl":"https:\/\/lasentinelle.dz\/wp-content\/uploads\/2023\/07\/CIJ.jpeg","articleSection":["Actualit\u00e9"],"inLanguage":"fr-FR","potentialAction":[{"@type":"CommentAction","name":"Comment","target":["https:\/\/lasentinelle.dz\/index.php\/2024\/01\/03\/plainte-de-lafrique-du-sud-contre-lentite-sioniste-la-cij-tient-une-session-le-11-janvier\/#respond"]}]},{"@type":"WebPage","@id":"https:\/\/lasentinelle.dz\/index.php\/2024\/01\/03\/plainte-de-lafrique-du-sud-contre-lentite-sioniste-la-cij-tient-une-session-le-11-janvier\/","url":"https:\/\/lasentinelle.dz\/index.php\/2024\/01\/03\/plainte-de-lafrique-du-sud-contre-lentite-sioniste-la-cij-tient-une-session-le-11-janvier\/","name":"Plainte de l&rsquo;Afrique du Sud contre l&rsquo;entit\u00e9 sioniste\u00a0: La CIJ tient une session le 11 janvier - La Sentinelle","isPartOf":{"@id":"https:\/\/lasentinelle.dz\/#website"},"primaryImageOfPage":{"@id":"https:\/\/lasentinelle.dz\/index.php\/2024\/01\/03\/plainte-de-lafrique-du-sud-contre-lentite-sioniste-la-cij-tient-une-session-le-11-janvier\/#primaryimage"},"image":{"@id":"https:\/\/lasentinelle.dz\/index.php\/2024\/01\/03\/plainte-de-lafrique-du-sud-contre-lentite-sioniste-la-cij-tient-une-session-le-11-janvier\/#primaryimage"},"thumbnailUrl":"https:\/\/lasentinelle.dz\/wp-content\/uploads\/2023\/07\/CIJ.jpeg","datePublished":"2024-01-03T21:23:41+00:00","dateModified":"2024-01-03T21:23:43+00:00","breadcrumb":{"@id":"https:\/\/lasentinelle.dz\/index.php\/2024\/01\/03\/plainte-de-lafrique-du-sud-contre-lentite-sioniste-la-cij-tient-une-session-le-11-janvier\/#breadcrumb"},"inLanguage":"fr-FR","potentialAction":[{"@type":"ReadAction","target":["https:\/\/lasentinelle.dz\/index.php\/2024\/01\/03\/plainte-de-lafrique-du-sud-contre-lentite-sioniste-la-cij-tient-une-session-le-11-janvier\/"]}]},{"@type":"ImageObject","inLanguage":"fr-FR","@id":"https:\/\/lasentinelle.dz\/index.php\/2024\/01\/03\/plainte-de-lafrique-du-sud-contre-lentite-sioniste-la-cij-tient-une-session-le-11-janvier\/#primaryimage","url":"https:\/\/lasentinelle.dz\/wp-content\/uploads\/2023\/07\/CIJ.jpeg","contentUrl":"https:\/\/lasentinelle.dz\/wp-content\/uploads\/2023\/07\/CIJ.jpeg","width":1400,"height":875,"caption":"Judges arrive in the Great Hall of the International Court of Justice (ICJ) in The Hague, on March 19, 2018 as Bolivia and Chile face each other at the ICJ about a border conflict. (Photo by Jerry Lampen \/ ANP \/ AFP) \/ Netherlands OUT"},{"@type":"BreadcrumbList","@id":"https:\/\/lasentinelle.dz\/index.php\/2024\/01\/03\/plainte-de-lafrique-du-sud-contre-lentite-sioniste-la-cij-tient-une-session-le-11-janvier\/#breadcrumb","itemListElement":[{"@type":"ListItem","position":1,"name":"Accueil","item":"https:\/\/lasentinelle.dz\/"},{"@type":"ListItem","position":2,"name":"Plainte de l&rsquo;Afrique du Sud contre l&rsquo;entit\u00e9 sioniste\u00a0: La CIJ tient une session le 11 janvier"}]},{"@type":"WebSite","@id":"https:\/\/lasentinelle.dz\/#website","url":"https:\/\/lasentinelle.dz\/","name":"La Sentinelle","description":"Quotidien national d&#039;information","publisher":{"@id":"https:\/\/lasentinelle.dz\/#organization"},"potentialAction":[{"@type":"SearchAction","target":{"@type":"EntryPoint","urlTemplate":"https:\/\/lasentinelle.dz\/?s={search_term_string}"},"query-input":{"@type":"PropertyValueSpecification","valueRequired":true,"valueName":"search_term_string"}}],"inLanguage":"fr-FR"},{"@type":"Organization","@id":"https:\/\/lasentinelle.dz\/#organization","name":"Quotidien La Sentinelle","url":"https:\/\/lasentinelle.dz\/","logo":{"@type":"ImageObject","inLanguage":"fr-FR","@id":"https:\/\/lasentinelle.dz\/#\/schema\/logo\/image\/","url":"https:\/\/lasentinelle.dz\/wp-content\/uploads\/2021\/09\/logo-sentinelleSLOGAN-1.png","contentUrl":"https:\/\/lasentinelle.dz\/wp-content\/uploads\/2021\/09\/logo-sentinelleSLOGAN-1.png","width":615,"height":142,"caption":"Quotidien La Sentinelle"},"image":{"@id":"https:\/\/lasentinelle.dz\/#\/schema\/logo\/image\/"},"sameAs":["https:\/\/www.facebook.com\/La-Sentinelle-104059864394773"]},{"@type":"Person","@id":"https:\/\/lasentinelle.dz\/#\/schema\/person\/d865044e22e70a75174ce8bcad3acfb3","name":"La Sentinelle","image":{"@type":"ImageObject","inLanguage":"fr-FR","@id":"https:\/\/secure.gravatar.com\/avatar\/57de8e5d4b15d43fb361a71fbb36338450fe67865b528a43dd10ef7c51a20392?s=96&d=mm&r=g","url":"https:\/\/secure.gravatar.com\/avatar\/57de8e5d4b15d43fb361a71fbb36338450fe67865b528a43dd10ef7c51a20392?s=96&d=mm&r=g","contentUrl":"https:\/\/secure.gravatar.com\/avatar\/57de8e5d4b15d43fb361a71fbb36338450fe67865b528a43dd10ef7c51a20392?s=96&d=mm&r=g","caption":"La Sentinelle"},"sameAs":["http:\/\/www.lasentinelle.dz"],"url":"https:\/\/lasentinelle.dz\/author\/redaction\/"}]}},"_links":{"self":[{"href":"https:\/\/lasentinelle.dz\/index.php\/wp-json\/wp\/v2\/posts\/48454","targetHints":{"allow":["GET"]}}],"collection":[{"href":"https:\/\/lasentinelle.dz\/index.php\/wp-json\/wp\/v2\/posts"}],"about":[{"href":"https:\/\/lasentinelle.dz\/index.php\/wp-json\/wp\/v2\/types\/post"}],"author":[{"embeddable":true,"href":"https:\/\/lasentinelle.dz\/index.php\/wp-json\/wp\/v2\/users\/3"}],"replies":[{"embeddable":true,"href":"https:\/\/lasentinelle.dz\/index.php\/wp-json\/wp\/v2\/comments?post=48454"}],"version-history":[{"count":2,"href":"https:\/\/lasentinelle.dz\/index.php\/wp-json\/wp\/v2\/posts\/48454\/revisions"}],"predecessor-version":[{"id":48456,"href":"https:\/\/lasentinelle.dz\/index.php\/wp-json\/wp\/v2\/posts\/48454\/revisions\/48456"}],"wp:featuredmedia":[{"embeddable":true,"href":"https:\/\/lasentinelle.dz\/index.php\/wp-json\/wp\/v2\/media\/44051"}],"wp:attachment":[{"href":"https:\/\/lasentinelle.dz\/index.php\/wp-json\/wp\/v2\/media?parent=48454"}],"wp:term":[{"taxonomy":"category","embeddable":true,"href":"https:\/\/lasentinelle.dz\/index.php\/wp-json\/wp\/v2\/categories?post=48454"},{"taxonomy":"post_tag","embeddable":true,"href":"https:\/\/lasentinelle.dz\/index.php\/wp-json\/wp\/v2\/tags?post=48454"}],"curies":[{"name":"wp","href":"https:\/\/api.w.org\/{rel}","templated":true}]}}