{"id":48467,"date":"2024-01-06T20:50:56","date_gmt":"2024-01-06T19:50:56","guid":{"rendered":"https:\/\/lasentinelle.dz\/?p=48467"},"modified":"2024-01-06T20:50:58","modified_gmt":"2024-01-06T19:50:58","slug":"can-2023-preparation-defaite-du-burkina-faso-face-a-liran","status":"publish","type":"post","link":"https:\/\/lasentinelle.dz\/index.php\/2024\/01\/06\/can-2023-preparation-defaite-du-burkina-faso-face-a-liran\/","title":{"rendered":"CAN 2023 (pr\u00e9paration)\u00a0: D\u00e9faite du Burkina Faso face \u00e0 l&rsquo;Iran"},"content":{"rendered":"\n<p>La s\u00e9lection nationale du Burkina Faso, l&rsquo;un des adversaires de l&rsquo;Alg\u00e9rie \u00e0 la Coupe d&rsquo;Afrique des Nations CAN 2023, s&rsquo;est inclin\u00e9e face \u00e0 son homologue iranienne sur le score de 2-1 en match amical disput\u00e9 vendredi soir \u00e0 Abu Dhabi .<\/p>\n\n\n\n<p>Face au 21<sup>e<\/sup> classement FIFA, les Etalons du Burkina Faso devraient imp\u00e9rativement faire bonne mine avant le rendez-vous de la CAN 2023. Les hommes de Hubert Velud ont mont\u00e9 de bonnes choses lors des premi\u00e8res minutes de la rencontre. Ce qui va leur permettre d&rsquo;ouvrir le score en premier, \u00e0 la 16\u00e8me minute gr\u00e2ce \u00e0 Mohamed Konat\u00e9. La r\u00e9action iranienne a \u00e9t\u00e9 rapide. Apr\u00e8s plusieurs tentatives infructueuses, ils ont fini par trouver la faille. A la 42\u00e8me c&rsquo;est d&rsquo;ailleurs un sauvetage de Hillel Konat\u00e9 qui sauve le Burkina Faso d&rsquo;une \u00e9galisation certaine. Mais dans la m\u00eame minute sur un ballon qui traine dans la surface, les Iraniens ont r\u00e9ussi \u00e0 remettre les pendules \u00e0 l&rsquo;heure(1-1). A la reprise, les Etalons vont perdre beaucoup de ballons en face de leur surface de r\u00e9paration \u00e0 cause de la pression haute de l&rsquo;Iran. Au moment o\u00f9 les Burkinab\u00e8s commen\u00e7aient \u00e0 retrouver les jambes, c\u2019est une faute de mains de Hillel Konat\u00e9, jusque-l\u00e0 \u00e9tait super, qui sanctionne le Burkina Faso (2-1) en faveur de l&rsquo;Iran. Le score va en rester l\u00e0. Le Burkina Faso disputera un second match test le 10 janvier 2024 contre &nbsp;la RD Congo, avant de s&rsquo;envoler pour Bouak\u00e9 pour prendre part \u00e0 la CAN 2023 pr\u00e9vue du 13 janvier au 11 f\u00e9vrier 2024.<\/p>\n\n\n\n<p>Notons que le maitre \u00e0 jouer de la s\u00e9lection nationale du Burkina Faso Bertrand Traor\u00e9 manquera le stage en cours des Etalons \u00e0 Abu Dhabi et rejoindra l&rsquo;\u00e9quipe directement \u00e0 Bouak\u00e9. L&rsquo;officier m\u00e9dia de la F\u00e9d\u00e9ration burkinab\u00e9 de football (FBF) a indiqu\u00e9 que Bertrand Traor\u00e9 rejoindra le reste du groupe directement \u00e0 Bouak\u00e9. Il sera donc absent du stage de Duba\u00ef o\u00f9 les Etalons s\u00e9journent depuis le 28 d\u00e9cembre 2023 en pr\u00e9vision de la CAN 2023. Bless\u00e9 \u00e0 l&rsquo;occasion de la deuxi\u00e8me journ\u00e9e des \u00e9liminatoires de la Coupe du monde 2026, le joueurs d&rsquo;Aston Villa sera bien pr\u00e9sent dans le groupe des Etalons. Son club Aston Villa qui l&rsquo;a retenu pour des soins a confirm\u00e9 sa pr\u00e9sence avec les Etalons.<\/p>\n\n\n\n<p>Outre le Burkina Faso et l&rsquo;Alg\u00e9rie, le groupe D comprend \u00e9galement l&rsquo;Angola et la Mauritanie. Les deux premiers se qualifient pour les 8es de finale ainsi que les quatre meilleurs troisi\u00e8mes.<\/p>\n\n\n\n<p>R.S.<\/p>\n","protected":false},"excerpt":{"rendered":"<p>La s\u00e9lection nationale du Burkina Faso, l&rsquo;un des adversaires de l&rsquo;Alg\u00e9rie \u00e0 la Coupe d&rsquo;Afrique des Nations CAN 2023, s&rsquo;est<\/p>\n","protected":false},"author":3,"featured_media":48468,"comment_status":"open","ping_status":"closed","sticky":false,"template":"","format":"standard","meta":{"colormag_page_container_layout":"default_layout","colormag_page_sidebar_layout":"default_layout","om_disable_all_campaigns":false,"_monsterinsights_skip_tracking":false,"_monsterinsights_sitenote_active":false,"_monsterinsights_sitenote_note":"","_monsterinsights_sitenote_category":0,"footnotes":"","_wpscppro_dont_share_socialmedia":false,"_wpscppro_custom_social_share_image":0,"_facebook_share_type":"","_twitter_share_type":"","_linkedin_share_type":"","_pinterest_share_type":"","_linkedin_share_type_page":"","_instagram_share_type":"","_medium_share_type":"","_threads_share_type":"","_google_business_share_type":"","_selected_social_profile":[],"_wpsp_enable_custom_social_template":false,"_wpsp_social_scheduling":{"enabled":false,"datetime":null,"platforms":[],"status":"template_only","dateOption":"today","timeOption":"now","customDays":"","customHours":"","customDate":"","customTime":"","schedulingType":"absolute"},"_wpsp_active_default_template":true},"categories":[33],"tags":[],"class_list":["post-48467","post","type-post","status-publish","format-standard","has-post-thumbnail","hentry","category-sports"],"aioseo_notices":[],"yoast_head":"<!-- This site is optimized with the Yoast SEO plugin v27.5 - https:\/\/yoast.com\/product\/yoast-seo-wordpress\/ -->\n<title>CAN 2023 (pr\u00e9paration)\u00a0: D\u00e9faite du Burkina Faso face \u00e0 l&rsquo;Iran - La Sentinelle<\/title>\n<meta name=\"robots\" content=\"index, follow, max-snippet:-1, max-image-preview:large, max-video-preview:-1\" \/>\n<link rel=\"canonical\" href=\"https:\/\/lasentinelle.dz\/index.php\/2024\/01\/06\/can-2023-preparation-defaite-du-burkina-faso-face-a-liran\/\" \/>\n<meta property=\"og:locale\" content=\"fr_FR\" \/>\n<meta property=\"og:type\" content=\"article\" \/>\n<meta property=\"og:title\" content=\"CAN 2023 (pr\u00e9paration)\u00a0: D\u00e9faite du Burkina Faso face \u00e0 l&rsquo;Iran - La Sentinelle\" \/>\n<meta property=\"og:description\" content=\"La s\u00e9lection nationale du Burkina Faso, l&rsquo;un des adversaires de l&rsquo;Alg\u00e9rie \u00e0 la Coupe d&rsquo;Afrique des Nations CAN 2023, s&rsquo;est\" \/>\n<meta property=\"og:url\" content=\"https:\/\/lasentinelle.dz\/index.php\/2024\/01\/06\/can-2023-preparation-defaite-du-burkina-faso-face-a-liran\/\" \/>\n<meta property=\"og:site_name\" content=\"La Sentinelle\" \/>\n<meta property=\"article:publisher\" content=\"https:\/\/www.facebook.com\/La-Sentinelle-104059864394773\" \/>\n<meta property=\"article:published_time\" content=\"2024-01-06T19:50:56+00:00\" \/>\n<meta property=\"article:modified_time\" content=\"2024-01-06T19:50:58+00:00\" \/>\n<meta property=\"og:image\" content=\"https:\/\/lasentinelle.dz\/wp-content\/uploads\/2024\/01\/burkina.jpeg\" \/>\n\t<meta property=\"og:image:width\" content=\"800\" \/>\n\t<meta property=\"og:image:height\" content=\"557\" \/>\n\t<meta property=\"og:image:type\" content=\"image\/jpeg\" \/>\n<meta name=\"author\" content=\"La Sentinelle\" \/>\n<meta name=\"twitter:card\" content=\"summary_large_image\" \/>\n<meta name=\"twitter:label1\" content=\"\u00c9crit par\" \/>\n\t<meta name=\"twitter:data1\" content=\"La Sentinelle\" \/>\n\t<meta name=\"twitter:label2\" content=\"Dur\u00e9e de lecture estim\u00e9e\" \/>\n\t<meta name=\"twitter:data2\" content=\"3 minutes\" \/>\n<script type=\"application\/ld+json\" class=\"yoast-schema-graph\">{\"@context\":\"https:\\\/\\\/schema.org\",\"@graph\":[{\"@type\":\"Article\",\"@id\":\"https:\\\/\\\/lasentinelle.dz\\\/index.php\\\/2024\\\/01\\\/06\\\/can-2023-preparation-defaite-du-burkina-faso-face-a-liran\\\/#article\",\"isPartOf\":{\"@id\":\"https:\\\/\\\/lasentinelle.dz\\\/index.php\\\/2024\\\/01\\\/06\\\/can-2023-preparation-defaite-du-burkina-faso-face-a-liran\\\/\"},\"author\":{\"name\":\"La Sentinelle\",\"@id\":\"https:\\\/\\\/lasentinelle.dz\\\/#\\\/schema\\\/person\\\/d865044e22e70a75174ce8bcad3acfb3\"},\"headline\":\"CAN 2023 (pr\u00e9paration)\u00a0: D\u00e9faite du Burkina Faso face \u00e0 l&rsquo;Iran\",\"datePublished\":\"2024-01-06T19:50:56+00:00\",\"dateModified\":\"2024-01-06T19:50:58+00:00\",\"mainEntityOfPage\":{\"@id\":\"https:\\\/\\\/lasentinelle.dz\\\/index.php\\\/2024\\\/01\\\/06\\\/can-2023-preparation-defaite-du-burkina-faso-face-a-liran\\\/\"},\"wordCount\":441,\"commentCount\":0,\"publisher\":{\"@id\":\"https:\\\/\\\/lasentinelle.dz\\\/#organization\"},\"image\":{\"@id\":\"https:\\\/\\\/lasentinelle.dz\\\/index.php\\\/2024\\\/01\\\/06\\\/can-2023-preparation-defaite-du-burkina-faso-face-a-liran\\\/#primaryimage\"},\"thumbnailUrl\":\"https:\\\/\\\/lasentinelle.dz\\\/wp-content\\\/uploads\\\/2024\\\/01\\\/burkina.jpeg\",\"articleSection\":[\"Sports\"],\"inLanguage\":\"fr-FR\",\"potentialAction\":[{\"@type\":\"CommentAction\",\"name\":\"Comment\",\"target\":[\"https:\\\/\\\/lasentinelle.dz\\\/index.php\\\/2024\\\/01\\\/06\\\/can-2023-preparation-defaite-du-burkina-faso-face-a-liran\\\/#respond\"]}]},{\"@type\":\"WebPage\",\"@id\":\"https:\\\/\\\/lasentinelle.dz\\\/index.php\\\/2024\\\/01\\\/06\\\/can-2023-preparation-defaite-du-burkina-faso-face-a-liran\\\/\",\"url\":\"https:\\\/\\\/lasentinelle.dz\\\/index.php\\\/2024\\\/01\\\/06\\\/can-2023-preparation-defaite-du-burkina-faso-face-a-liran\\\/\",\"name\":\"CAN 2023 (pr\u00e9paration)\u00a0: D\u00e9faite du Burkina Faso face \u00e0 l&rsquo;Iran - La Sentinelle\",\"isPartOf\":{\"@id\":\"https:\\\/\\\/lasentinelle.dz\\\/#website\"},\"primaryImageOfPage\":{\"@id\":\"https:\\\/\\\/lasentinelle.dz\\\/index.php\\\/2024\\\/01\\\/06\\\/can-2023-preparation-defaite-du-burkina-faso-face-a-liran\\\/#primaryimage\"},\"image\":{\"@id\":\"https:\\\/\\\/lasentinelle.dz\\\/index.php\\\/2024\\\/01\\\/06\\\/can-2023-preparation-defaite-du-burkina-faso-face-a-liran\\\/#primaryimage\"},\"thumbnailUrl\":\"https:\\\/\\\/lasentinelle.dz\\\/wp-content\\\/uploads\\\/2024\\\/01\\\/burkina.jpeg\",\"datePublished\":\"2024-01-06T19:50:56+00:00\",\"dateModified\":\"2024-01-06T19:50:58+00:00\",\"breadcrumb\":{\"@id\":\"https:\\\/\\\/lasentinelle.dz\\\/index.php\\\/2024\\\/01\\\/06\\\/can-2023-preparation-defaite-du-burkina-faso-face-a-liran\\\/#breadcrumb\"},\"inLanguage\":\"fr-FR\",\"potentialAction\":[{\"@type\":\"ReadAction\",\"target\":[\"https:\\\/\\\/lasentinelle.dz\\\/index.php\\\/2024\\\/01\\\/06\\\/can-2023-preparation-defaite-du-burkina-faso-face-a-liran\\\/\"]}]},{\"@type\":\"ImageObject\",\"inLanguage\":\"fr-FR\",\"@id\":\"https:\\\/\\\/lasentinelle.dz\\\/index.php\\\/2024\\\/01\\\/06\\\/can-2023-preparation-defaite-du-burkina-faso-face-a-liran\\\/#primaryimage\",\"url\":\"https:\\\/\\\/lasentinelle.dz\\\/wp-content\\\/uploads\\\/2024\\\/01\\\/burkina.jpeg\",\"contentUrl\":\"https:\\\/\\\/lasentinelle.dz\\\/wp-content\\\/uploads\\\/2024\\\/01\\\/burkina.jpeg\",\"width\":800,\"height\":557},{\"@type\":\"BreadcrumbList\",\"@id\":\"https:\\\/\\\/lasentinelle.dz\\\/index.php\\\/2024\\\/01\\\/06\\\/can-2023-preparation-defaite-du-burkina-faso-face-a-liran\\\/#breadcrumb\",\"itemListElement\":[{\"@type\":\"ListItem\",\"position\":1,\"name\":\"Accueil\",\"item\":\"https:\\\/\\\/lasentinelle.dz\\\/\"},{\"@type\":\"ListItem\",\"position\":2,\"name\":\"CAN 2023 (pr\u00e9paration)\u00a0: D\u00e9faite du Burkina Faso face \u00e0 l&rsquo;Iran\"}]},{\"@type\":\"WebSite\",\"@id\":\"https:\\\/\\\/lasentinelle.dz\\\/#website\",\"url\":\"https:\\\/\\\/lasentinelle.dz\\\/\",\"name\":\"La Sentinelle\",\"description\":\"Quotidien national d&#039;information\",\"publisher\":{\"@id\":\"https:\\\/\\\/lasentinelle.dz\\\/#organization\"},\"potentialAction\":[{\"@type\":\"SearchAction\",\"target\":{\"@type\":\"EntryPoint\",\"urlTemplate\":\"https:\\\/\\\/lasentinelle.dz\\\/?s={search_term_string}\"},\"query-input\":{\"@type\":\"PropertyValueSpecification\",\"valueRequired\":true,\"valueName\":\"search_term_string\"}}],\"inLanguage\":\"fr-FR\"},{\"@type\":\"Organization\",\"@id\":\"https:\\\/\\\/lasentinelle.dz\\\/#organization\",\"name\":\"Quotidien La Sentinelle\",\"url\":\"https:\\\/\\\/lasentinelle.dz\\\/\",\"logo\":{\"@type\":\"ImageObject\",\"inLanguage\":\"fr-FR\",\"@id\":\"https:\\\/\\\/lasentinelle.dz\\\/#\\\/schema\\\/logo\\\/image\\\/\",\"url\":\"https:\\\/\\\/lasentinelle.dz\\\/wp-content\\\/uploads\\\/2021\\\/09\\\/logo-sentinelleSLOGAN-1.png\",\"contentUrl\":\"https:\\\/\\\/lasentinelle.dz\\\/wp-content\\\/uploads\\\/2021\\\/09\\\/logo-sentinelleSLOGAN-1.png\",\"width\":615,\"height\":142,\"caption\":\"Quotidien La Sentinelle\"},\"image\":{\"@id\":\"https:\\\/\\\/lasentinelle.dz\\\/#\\\/schema\\\/logo\\\/image\\\/\"},\"sameAs\":[\"https:\\\/\\\/www.facebook.com\\\/La-Sentinelle-104059864394773\"]},{\"@type\":\"Person\",\"@id\":\"https:\\\/\\\/lasentinelle.dz\\\/#\\\/schema\\\/person\\\/d865044e22e70a75174ce8bcad3acfb3\",\"name\":\"La Sentinelle\",\"image\":{\"@type\":\"ImageObject\",\"inLanguage\":\"fr-FR\",\"@id\":\"https:\\\/\\\/secure.gravatar.com\\\/avatar\\\/57de8e5d4b15d43fb361a71fbb36338450fe67865b528a43dd10ef7c51a20392?s=96&d=mm&r=g\",\"url\":\"https:\\\/\\\/secure.gravatar.com\\\/avatar\\\/57de8e5d4b15d43fb361a71fbb36338450fe67865b528a43dd10ef7c51a20392?s=96&d=mm&r=g\",\"contentUrl\":\"https:\\\/\\\/secure.gravatar.com\\\/avatar\\\/57de8e5d4b15d43fb361a71fbb36338450fe67865b528a43dd10ef7c51a20392?s=96&d=mm&r=g\",\"caption\":\"La Sentinelle\"},\"sameAs\":[\"http:\\\/\\\/www.lasentinelle.dz\"],\"url\":\"https:\\\/\\\/lasentinelle.dz\\\/author\\\/redaction\\\/\"}]}<\/script>\n<!-- \/ Yoast SEO plugin. -->","yoast_head_json":{"title":"CAN 2023 (pr\u00e9paration)\u00a0: D\u00e9faite du Burkina Faso face \u00e0 l&rsquo;Iran - La Sentinelle","robots":{"index":"index","follow":"follow","max-snippet":"max-snippet:-1","max-image-preview":"max-image-preview:large","max-video-preview":"max-video-preview:-1"},"canonical":"https:\/\/lasentinelle.dz\/index.php\/2024\/01\/06\/can-2023-preparation-defaite-du-burkina-faso-face-a-liran\/","og_locale":"fr_FR","og_type":"article","og_title":"CAN 2023 (pr\u00e9paration)\u00a0: D\u00e9faite du Burkina Faso face \u00e0 l&rsquo;Iran - La Sentinelle","og_description":"La s\u00e9lection nationale du Burkina Faso, l&rsquo;un des adversaires de l&rsquo;Alg\u00e9rie \u00e0 la Coupe d&rsquo;Afrique des Nations CAN 2023, s&rsquo;est","og_url":"https:\/\/lasentinelle.dz\/index.php\/2024\/01\/06\/can-2023-preparation-defaite-du-burkina-faso-face-a-liran\/","og_site_name":"La Sentinelle","article_publisher":"https:\/\/www.facebook.com\/La-Sentinelle-104059864394773","article_published_time":"2024-01-06T19:50:56+00:00","article_modified_time":"2024-01-06T19:50:58+00:00","og_image":[{"width":800,"height":557,"url":"https:\/\/lasentinelle.dz\/wp-content\/uploads\/2024\/01\/burkina.jpeg","type":"image\/jpeg"}],"author":"La Sentinelle","twitter_card":"summary_large_image","twitter_misc":{"\u00c9crit par":"La Sentinelle","Dur\u00e9e de lecture estim\u00e9e":"3 minutes"},"schema":{"@context":"https:\/\/schema.org","@graph":[{"@type":"Article","@id":"https:\/\/lasentinelle.dz\/index.php\/2024\/01\/06\/can-2023-preparation-defaite-du-burkina-faso-face-a-liran\/#article","isPartOf":{"@id":"https:\/\/lasentinelle.dz\/index.php\/2024\/01\/06\/can-2023-preparation-defaite-du-burkina-faso-face-a-liran\/"},"author":{"name":"La Sentinelle","@id":"https:\/\/lasentinelle.dz\/#\/schema\/person\/d865044e22e70a75174ce8bcad3acfb3"},"headline":"CAN 2023 (pr\u00e9paration)\u00a0: D\u00e9faite du Burkina Faso face \u00e0 l&rsquo;Iran","datePublished":"2024-01-06T19:50:56+00:00","dateModified":"2024-01-06T19:50:58+00:00","mainEntityOfPage":{"@id":"https:\/\/lasentinelle.dz\/index.php\/2024\/01\/06\/can-2023-preparation-defaite-du-burkina-faso-face-a-liran\/"},"wordCount":441,"commentCount":0,"publisher":{"@id":"https:\/\/lasentinelle.dz\/#organization"},"image":{"@id":"https:\/\/lasentinelle.dz\/index.php\/2024\/01\/06\/can-2023-preparation-defaite-du-burkina-faso-face-a-liran\/#primaryimage"},"thumbnailUrl":"https:\/\/lasentinelle.dz\/wp-content\/uploads\/2024\/01\/burkina.jpeg","articleSection":["Sports"],"inLanguage":"fr-FR","potentialAction":[{"@type":"CommentAction","name":"Comment","target":["https:\/\/lasentinelle.dz\/index.php\/2024\/01\/06\/can-2023-preparation-defaite-du-burkina-faso-face-a-liran\/#respond"]}]},{"@type":"WebPage","@id":"https:\/\/lasentinelle.dz\/index.php\/2024\/01\/06\/can-2023-preparation-defaite-du-burkina-faso-face-a-liran\/","url":"https:\/\/lasentinelle.dz\/index.php\/2024\/01\/06\/can-2023-preparation-defaite-du-burkina-faso-face-a-liran\/","name":"CAN 2023 (pr\u00e9paration)\u00a0: D\u00e9faite du Burkina Faso face \u00e0 l&rsquo;Iran - La Sentinelle","isPartOf":{"@id":"https:\/\/lasentinelle.dz\/#website"},"primaryImageOfPage":{"@id":"https:\/\/lasentinelle.dz\/index.php\/2024\/01\/06\/can-2023-preparation-defaite-du-burkina-faso-face-a-liran\/#primaryimage"},"image":{"@id":"https:\/\/lasentinelle.dz\/index.php\/2024\/01\/06\/can-2023-preparation-defaite-du-burkina-faso-face-a-liran\/#primaryimage"},"thumbnailUrl":"https:\/\/lasentinelle.dz\/wp-content\/uploads\/2024\/01\/burkina.jpeg","datePublished":"2024-01-06T19:50:56+00:00","dateModified":"2024-01-06T19:50:58+00:00","breadcrumb":{"@id":"https:\/\/lasentinelle.dz\/index.php\/2024\/01\/06\/can-2023-preparation-defaite-du-burkina-faso-face-a-liran\/#breadcrumb"},"inLanguage":"fr-FR","potentialAction":[{"@type":"ReadAction","target":["https:\/\/lasentinelle.dz\/index.php\/2024\/01\/06\/can-2023-preparation-defaite-du-burkina-faso-face-a-liran\/"]}]},{"@type":"ImageObject","inLanguage":"fr-FR","@id":"https:\/\/lasentinelle.dz\/index.php\/2024\/01\/06\/can-2023-preparation-defaite-du-burkina-faso-face-a-liran\/#primaryimage","url":"https:\/\/lasentinelle.dz\/wp-content\/uploads\/2024\/01\/burkina.jpeg","contentUrl":"https:\/\/lasentinelle.dz\/wp-content\/uploads\/2024\/01\/burkina.jpeg","width":800,"height":557},{"@type":"BreadcrumbList","@id":"https:\/\/lasentinelle.dz\/index.php\/2024\/01\/06\/can-2023-preparation-defaite-du-burkina-faso-face-a-liran\/#breadcrumb","itemListElement":[{"@type":"ListItem","position":1,"name":"Accueil","item":"https:\/\/lasentinelle.dz\/"},{"@type":"ListItem","position":2,"name":"CAN 2023 (pr\u00e9paration)\u00a0: D\u00e9faite du Burkina Faso face \u00e0 l&rsquo;Iran"}]},{"@type":"WebSite","@id":"https:\/\/lasentinelle.dz\/#website","url":"https:\/\/lasentinelle.dz\/","name":"La Sentinelle","description":"Quotidien national d&#039;information","publisher":{"@id":"https:\/\/lasentinelle.dz\/#organization"},"potentialAction":[{"@type":"SearchAction","target":{"@type":"EntryPoint","urlTemplate":"https:\/\/lasentinelle.dz\/?s={search_term_string}"},"query-input":{"@type":"PropertyValueSpecification","valueRequired":true,"valueName":"search_term_string"}}],"inLanguage":"fr-FR"},{"@type":"Organization","@id":"https:\/\/lasentinelle.dz\/#organization","name":"Quotidien La Sentinelle","url":"https:\/\/lasentinelle.dz\/","logo":{"@type":"ImageObject","inLanguage":"fr-FR","@id":"https:\/\/lasentinelle.dz\/#\/schema\/logo\/image\/","url":"https:\/\/lasentinelle.dz\/wp-content\/uploads\/2021\/09\/logo-sentinelleSLOGAN-1.png","contentUrl":"https:\/\/lasentinelle.dz\/wp-content\/uploads\/2021\/09\/logo-sentinelleSLOGAN-1.png","width":615,"height":142,"caption":"Quotidien La Sentinelle"},"image":{"@id":"https:\/\/lasentinelle.dz\/#\/schema\/logo\/image\/"},"sameAs":["https:\/\/www.facebook.com\/La-Sentinelle-104059864394773"]},{"@type":"Person","@id":"https:\/\/lasentinelle.dz\/#\/schema\/person\/d865044e22e70a75174ce8bcad3acfb3","name":"La Sentinelle","image":{"@type":"ImageObject","inLanguage":"fr-FR","@id":"https:\/\/secure.gravatar.com\/avatar\/57de8e5d4b15d43fb361a71fbb36338450fe67865b528a43dd10ef7c51a20392?s=96&d=mm&r=g","url":"https:\/\/secure.gravatar.com\/avatar\/57de8e5d4b15d43fb361a71fbb36338450fe67865b528a43dd10ef7c51a20392?s=96&d=mm&r=g","contentUrl":"https:\/\/secure.gravatar.com\/avatar\/57de8e5d4b15d43fb361a71fbb36338450fe67865b528a43dd10ef7c51a20392?s=96&d=mm&r=g","caption":"La Sentinelle"},"sameAs":["http:\/\/www.lasentinelle.dz"],"url":"https:\/\/lasentinelle.dz\/author\/redaction\/"}]}},"_links":{"self":[{"href":"https:\/\/lasentinelle.dz\/index.php\/wp-json\/wp\/v2\/posts\/48467","targetHints":{"allow":["GET"]}}],"collection":[{"href":"https:\/\/lasentinelle.dz\/index.php\/wp-json\/wp\/v2\/posts"}],"about":[{"href":"https:\/\/lasentinelle.dz\/index.php\/wp-json\/wp\/v2\/types\/post"}],"author":[{"embeddable":true,"href":"https:\/\/lasentinelle.dz\/index.php\/wp-json\/wp\/v2\/users\/3"}],"replies":[{"embeddable":true,"href":"https:\/\/lasentinelle.dz\/index.php\/wp-json\/wp\/v2\/comments?post=48467"}],"version-history":[{"count":2,"href":"https:\/\/lasentinelle.dz\/index.php\/wp-json\/wp\/v2\/posts\/48467\/revisions"}],"predecessor-version":[{"id":48470,"href":"https:\/\/lasentinelle.dz\/index.php\/wp-json\/wp\/v2\/posts\/48467\/revisions\/48470"}],"wp:featuredmedia":[{"embeddable":true,"href":"https:\/\/lasentinelle.dz\/index.php\/wp-json\/wp\/v2\/media\/48468"}],"wp:attachment":[{"href":"https:\/\/lasentinelle.dz\/index.php\/wp-json\/wp\/v2\/media?parent=48467"}],"wp:term":[{"taxonomy":"category","embeddable":true,"href":"https:\/\/lasentinelle.dz\/index.php\/wp-json\/wp\/v2\/categories?post=48467"},{"taxonomy":"post_tag","embeddable":true,"href":"https:\/\/lasentinelle.dz\/index.php\/wp-json\/wp\/v2\/tags?post=48467"}],"curies":[{"name":"wp","href":"https:\/\/api.w.org\/{rel}","templated":true}]}}