{"id":48471,"date":"2024-01-06T20:52:32","date_gmt":"2024-01-06T19:52:32","guid":{"rendered":"https:\/\/lasentinelle.dz\/?p=48471"},"modified":"2024-01-06T20:52:36","modified_gmt":"2024-01-06T19:52:36","slug":"can-2023-les-verts-entament-bien-leur-preparation","status":"publish","type":"post","link":"https:\/\/lasentinelle.dz\/index.php\/2024\/01\/06\/can-2023-les-verts-entament-bien-leur-preparation\/","title":{"rendered":"CAN 2023\u00a0: Les Verts entament bien leur pr\u00e9paration"},"content":{"rendered":"\n<p>En s\u2019imposant face \u00e0 la s\u00e9lection togolaise des joueurs locaux sur le score large de 3-0, les Verts ont bien commenc\u00e9 leur pr\u00e9paration pour la phase finale de la CAN. Au-del\u00e0 du score, cette rencontre a permis de faire tourner l\u2019effectif et aux joueurs de commencer \u00e0 s\u2019habituer au climat dans lequel ils devront disputer leurs matchs officiels durant le tournoi continental. Elle a \u00e9galement permis au s\u00e9lectionneur national de tirer des enseignements.<\/p>\n\n\n\n<p>L&rsquo;\u00e9quipe nationale de football s&rsquo;est impos\u00e9e face \u00e0 la s\u00e9lection togolaise, 3-0 en match amical disput\u00e9 vendredi soir au stade de K\u00e9gu\u00e9 \u00e0 Lom\u00e9. Les \u00ab\u00a0Verts\u00a0\u00bb ont ouvert le score par Ramy Benseba\u00efni (20e). En seconde p\u00e9riode, l&rsquo;Alg\u00e9rie a accentu\u00e9 sa domination en ajoutant deux autres buts par Islam Slimani (55e) et Benseba\u00efni (69e). Les Alg\u00e9riens ont pris la possession du ballon d\u00e8s le coup d\u2019envoi de l\u2019arbitre B\u00e9ninois Raphiou Liagali, en pressant haut pour r\u00e9cup\u00e9rer le maximum de balles. Mais c\u2019est sur un corner, c\u00f4t\u00e9 gauche transform\u00e9 par Adam Ounas, que Rami Bensebani s\u2019\u00e9l\u00e8ve plus haut que tout le monde pour placer une t\u00eate victorieuse (20\u2019). Cette r\u00e9alisation vient r\u00e9compenser un d\u00e9but de match int\u00e9ressant des alg\u00e9riens qui vont se procurer d\u2019autres situations int\u00e9ressantes, comme cette frappe de Ryad Mahrez (31\u2019), d\u00e9tourn\u00e9e en corner. Les Togolais, plut\u00f4t cantonn\u00e9s en bloc bas, n\u2019ont pas du tout inqui\u00e9t\u00e9 une d\u00e9fense alg\u00e9rienne veillant au grain. La seconde p\u00e9riode d\u00e9buta avec un rythme plus soutenu et des Verts tourn\u00e9s toujours vers l\u2019attaque. Une premi\u00e8re alerte est sign\u00e9e Islam Slimani qui a failli doubler la mise sur un centre d\u2019Ounas, mais dont la t\u00eate fr\u00f4le le montant du gardien Idrissa Ogodjo (53\u2019). Mais une minute plus tard, sur un joli mouvement offensif, Isma\u00eal Bennacer d\u00e9pose le ballon sur la t\u00eate de Slimani qui signe le deuxi\u00e8me but (54\u2019). A la (68\u2019), Djamel Belmadi op\u00e8re ses premiers changements avec la rentr\u00e9e de huit joueurs, en l\u2019occurrence Mohamed El Amine Amoura, Yasser Larouci, Baghdad Bounedjah, Hicham Boudaoui, Houssem Aouar, Far\u00e8s Chaibi Et Youcef Bellaili et Kevin Guitoun \u00e0 la place de respectivement Ryad Mahrez, Rayan Ait Nouri, Islam Slimani, Nabil Bentaleb, Isma\u00ebl Bennacer, Sofiane Feghouli, Adam Ounas et Youcef Atal. Dans la foul\u00e9e, les Alg\u00e9riens se procurent un corner que transforme magistralement Far\u00e8s Chaibi pour Rami Bensebaini qui r\u00e9ussit son doubl\u00e9 de la soir\u00e9e (69\u2019). Le coach national fera un autre changement \u00e0 la (81\u2019), en incorporant la paire Ahmed Touba \u2013Zindeddine Belaid \u00e0 la place de la charni\u00e8re centrale A\u00efssa Mandi \u2013 Rami Bensebaini. Avant la fin de la partie, le gardien Anthony Mandrea s\u2019illustra sur l\u2019unique action togolaise, suite \u00e0 un corner et une t\u00eate piqu\u00e9e de Soulemane Ouro-Gafo (86\u2019).<\/p>\n\n\n\n<p>\u00c0 l\u2019issue du match, Djamel Belmadi s\u2019est dit satisfait de la rencontre soulignant que les Verts sont \u00ab&nbsp;tomb\u00e9s sur une belle \u00e9quipe locale.\u00bb Belmadi a ensuite parl\u00e9 du climat, assez chaud vendredi soir : \u00abIl a fait chaud et humide. \u00c0 ma grande surprise, le climat a chang\u00e9. C&rsquo;est exactement ce que je recherche en venant ici.\u00bb il \u00e9galement soulign\u00e9 l\u2019importance du prochain match de pr\u00e9paration contre le Burundi mardi, au regard du match officiel de la CAN contre le Burkina Faso, un adversaire&nbsp;\u00ab&nbsp;\u00e0 ne pas sous-estimer&nbsp;\u00bb, souligne le s\u00e9lectionneur national.&nbsp; \u00ab&nbsp;C&rsquo;est une \u00e9quipe f\u00e9roce. Pour passer cette demi-finale et le sacre en Afrique, il leur faut un joueur comme Man\u00e9 pour basculer les rencontres quand les matchs sont serr\u00e9s. On donnera tout face \u00e0 cette \u00e9quipe pour avoir un bon r\u00e9sultat \u00e0 la CAN\u00bb, a encore ajout\u00e9 Belmadi. Djamel Belmadi ensuite exprim\u00e9 sur quelques absences qui ont fait passer un vent d&rsquo;inqui\u00e9tude. Zerrouki et Tougai n&rsquo;ont en effet pas pu jouer. \u00ab Zerrouki est malade. Tougai a un l\u00e9ger probl\u00e8me au mollet. Il travaille individuellement. C&rsquo;est pourquoi ils n&rsquo;ont pas jou\u00e9 aujourd&rsquo;hui \u00bb, a d\u00e9taill\u00e9 Belmadi qui est aussi revenu sur le probl\u00e8me de Rais M&rsquo;Bolhi, le gardien de but alg\u00e9rien, qui ne rassure pas franchement&#8230; \u00ab Rais M&rsquo;Bolhi a un probl\u00e8me au niveau de la main. On a fait un diagnostic, il n&rsquo;y a pas de r\u00e9el probl\u00e8me \u00e0 l&rsquo;imagerie. Pour autant, il reste le c\u00f4t\u00e9 clinique. On a fait venir Zeghba par pr\u00e9caution \u00bb, a conclu Belmadi.<\/p>\n\n\n\n<p><strong>Habituer les joueurs \u00e0 la chaleur<\/strong><\/p>\n\n\n\n<p>Notons que le s\u00e9lectionneur national a d\u00e9cid\u00e9 d\u2019avancer l\u2019horaire du match amical de mardi contre le Burundi \u00e0 15h00, dans l\u2019objectif d\u2019habituer ses joueurs \u00e0 la chaleur. En effet, le charg\u00e9 de communication de la F\u00e9d\u00e9ration alg\u00e9rienne de football (FAF), Aboud Salah Bey, a indiqu\u00e9 vendredi, que l&rsquo;entra\u00eeneur national a demand\u00e9 d&rsquo;avancer \u00e0 15h00, l&rsquo;heure du second match amical de la s\u00e9lection alg\u00e9rienne. \u00ab\u00a0Dans le but de mettre ses joueurs dans des conditions climatiques diff\u00e9rentes au premier match contre le Togo, Belmadi a sollicit\u00e9 son homologue burundais, d&rsquo;avancer l&rsquo;heure du second match de pr\u00e9paration de mardi \u00e0 15h00 au lieu de 20h00, comme programm\u00e9 initialement\u00a0\u00bb, a indiqu\u00e9 Salah Bey dans une d\u00e9claration \u00e0 la Chaine I de la radio nationale. Selon la m\u00eame source, \u00ab\u00a0le but de ce changement est pour observer le comportement des \u00ab\u00a0Verts\u00a0\u00bb par rapport au changement des conditions climatiques, surtout devant une s\u00e9lection du Burundi qui est d&rsquo;un niveau sup\u00e9rieur \u00e0 celle du Togo, adversaire de l&rsquo;Alg\u00e9rie, ce soir (vendredi) au stade de K\u00e9gu\u00e9 de Lom\u00e9\u00a0\u00bb.&nbsp;&nbsp; &nbsp;Aboud Salah Bey a soulign\u00e9 que le s\u00e9lectionneur national a tir\u00e9 les enseignements n\u00e9cessaires de l&rsquo;\u00e9dition de la CAN-2021 (report\u00e9e \u00e0 2022) au Cameroun, en prenant le soin de parer \u00e0 toute \u00e9ventualit\u00e9, et d&rsquo;\u00e9viter toute mauvaise surprise\u00a0\u00bb.&nbsp;<\/p>\n\n\n\n<p><strong>Moncef Dahleb<\/strong><\/p>\n","protected":false},"excerpt":{"rendered":"<p>En s\u2019imposant face \u00e0 la s\u00e9lection togolaise des joueurs locaux sur le score large de 3-0, les Verts ont bien<\/p>\n","protected":false},"author":3,"featured_media":48472,"comment_status":"open","ping_status":"closed","sticky":false,"template":"","format":"standard","meta":{"colormag_page_container_layout":"default_layout","colormag_page_sidebar_layout":"default_layout","om_disable_all_campaigns":false,"_monsterinsights_skip_tracking":false,"_monsterinsights_sitenote_active":false,"_monsterinsights_sitenote_note":"","_monsterinsights_sitenote_category":0,"footnotes":"","_wpscppro_dont_share_socialmedia":false,"_wpscppro_custom_social_share_image":0,"_facebook_share_type":"","_twitter_share_type":"","_linkedin_share_type":"","_pinterest_share_type":"","_linkedin_share_type_page":"","_instagram_share_type":"","_medium_share_type":"","_threads_share_type":"","_google_business_share_type":"","_selected_social_profile":[],"_wpsp_enable_custom_social_template":false,"_wpsp_social_scheduling":{"enabled":false,"datetime":null,"platforms":[],"status":"template_only","dateOption":"today","timeOption":"now","customDays":"","customHours":"","customDate":"","customTime":"","schedulingType":"absolute"},"_wpsp_active_default_template":true},"categories":[52,33],"tags":[],"class_list":["post-48471","post","type-post","status-publish","format-standard","has-post-thumbnail","hentry","category-a-la-une","category-sports"],"aioseo_notices":[],"yoast_head":"<!-- This site is optimized with the Yoast SEO plugin v27.5 - https:\/\/yoast.com\/product\/yoast-seo-wordpress\/ -->\n<title>CAN 2023\u00a0: Les Verts entament bien leur pr\u00e9paration - La Sentinelle<\/title>\n<meta name=\"robots\" content=\"index, follow, max-snippet:-1, max-image-preview:large, max-video-preview:-1\" \/>\n<link rel=\"canonical\" href=\"https:\/\/lasentinelle.dz\/index.php\/2024\/01\/06\/can-2023-les-verts-entament-bien-leur-preparation\/\" \/>\n<meta property=\"og:locale\" content=\"fr_FR\" \/>\n<meta property=\"og:type\" content=\"article\" \/>\n<meta property=\"og:title\" content=\"CAN 2023\u00a0: Les Verts entament bien leur pr\u00e9paration - La Sentinelle\" \/>\n<meta property=\"og:description\" content=\"En s\u2019imposant face \u00e0 la s\u00e9lection togolaise des joueurs locaux sur le score large de 3-0, les Verts ont bien\" \/>\n<meta property=\"og:url\" content=\"https:\/\/lasentinelle.dz\/index.php\/2024\/01\/06\/can-2023-les-verts-entament-bien-leur-preparation\/\" \/>\n<meta property=\"og:site_name\" content=\"La Sentinelle\" \/>\n<meta property=\"article:publisher\" content=\"https:\/\/www.facebook.com\/La-Sentinelle-104059864394773\" \/>\n<meta property=\"article:published_time\" content=\"2024-01-06T19:52:32+00:00\" \/>\n<meta property=\"article:modified_time\" content=\"2024-01-06T19:52:36+00:00\" \/>\n<meta property=\"og:image\" content=\"https:\/\/lasentinelle.dz\/wp-content\/uploads\/2024\/01\/EN-1.jpeg\" \/>\n\t<meta property=\"og:image:width\" content=\"750\" \/>\n\t<meta property=\"og:image:height\" content=\"430\" \/>\n\t<meta property=\"og:image:type\" content=\"image\/jpeg\" \/>\n<meta name=\"author\" content=\"La Sentinelle\" \/>\n<meta name=\"twitter:card\" content=\"summary_large_image\" \/>\n<meta name=\"twitter:label1\" content=\"\u00c9crit par\" \/>\n\t<meta name=\"twitter:data1\" content=\"La Sentinelle\" \/>\n\t<meta name=\"twitter:label2\" content=\"Dur\u00e9e de lecture estim\u00e9e\" \/>\n\t<meta name=\"twitter:data2\" content=\"5 minutes\" \/>\n<script type=\"application\/ld+json\" class=\"yoast-schema-graph\">{\"@context\":\"https:\\\/\\\/schema.org\",\"@graph\":[{\"@type\":\"Article\",\"@id\":\"https:\\\/\\\/lasentinelle.dz\\\/index.php\\\/2024\\\/01\\\/06\\\/can-2023-les-verts-entament-bien-leur-preparation\\\/#article\",\"isPartOf\":{\"@id\":\"https:\\\/\\\/lasentinelle.dz\\\/index.php\\\/2024\\\/01\\\/06\\\/can-2023-les-verts-entament-bien-leur-preparation\\\/\"},\"author\":{\"name\":\"La Sentinelle\",\"@id\":\"https:\\\/\\\/lasentinelle.dz\\\/#\\\/schema\\\/person\\\/d865044e22e70a75174ce8bcad3acfb3\"},\"headline\":\"CAN 2023\u00a0: Les Verts entament bien leur pr\u00e9paration\",\"datePublished\":\"2024-01-06T19:52:32+00:00\",\"dateModified\":\"2024-01-06T19:52:36+00:00\",\"mainEntityOfPage\":{\"@id\":\"https:\\\/\\\/lasentinelle.dz\\\/index.php\\\/2024\\\/01\\\/06\\\/can-2023-les-verts-entament-bien-leur-preparation\\\/\"},\"wordCount\":1021,\"commentCount\":0,\"publisher\":{\"@id\":\"https:\\\/\\\/lasentinelle.dz\\\/#organization\"},\"image\":{\"@id\":\"https:\\\/\\\/lasentinelle.dz\\\/index.php\\\/2024\\\/01\\\/06\\\/can-2023-les-verts-entament-bien-leur-preparation\\\/#primaryimage\"},\"thumbnailUrl\":\"https:\\\/\\\/lasentinelle.dz\\\/wp-content\\\/uploads\\\/2024\\\/01\\\/EN-1.jpeg\",\"articleSection\":[\"\u00c0 la Une\",\"Sports\"],\"inLanguage\":\"fr-FR\",\"potentialAction\":[{\"@type\":\"CommentAction\",\"name\":\"Comment\",\"target\":[\"https:\\\/\\\/lasentinelle.dz\\\/index.php\\\/2024\\\/01\\\/06\\\/can-2023-les-verts-entament-bien-leur-preparation\\\/#respond\"]}]},{\"@type\":\"WebPage\",\"@id\":\"https:\\\/\\\/lasentinelle.dz\\\/index.php\\\/2024\\\/01\\\/06\\\/can-2023-les-verts-entament-bien-leur-preparation\\\/\",\"url\":\"https:\\\/\\\/lasentinelle.dz\\\/index.php\\\/2024\\\/01\\\/06\\\/can-2023-les-verts-entament-bien-leur-preparation\\\/\",\"name\":\"CAN 2023\u00a0: Les Verts entament bien leur pr\u00e9paration - La Sentinelle\",\"isPartOf\":{\"@id\":\"https:\\\/\\\/lasentinelle.dz\\\/#website\"},\"primaryImageOfPage\":{\"@id\":\"https:\\\/\\\/lasentinelle.dz\\\/index.php\\\/2024\\\/01\\\/06\\\/can-2023-les-verts-entament-bien-leur-preparation\\\/#primaryimage\"},\"image\":{\"@id\":\"https:\\\/\\\/lasentinelle.dz\\\/index.php\\\/2024\\\/01\\\/06\\\/can-2023-les-verts-entament-bien-leur-preparation\\\/#primaryimage\"},\"thumbnailUrl\":\"https:\\\/\\\/lasentinelle.dz\\\/wp-content\\\/uploads\\\/2024\\\/01\\\/EN-1.jpeg\",\"datePublished\":\"2024-01-06T19:52:32+00:00\",\"dateModified\":\"2024-01-06T19:52:36+00:00\",\"breadcrumb\":{\"@id\":\"https:\\\/\\\/lasentinelle.dz\\\/index.php\\\/2024\\\/01\\\/06\\\/can-2023-les-verts-entament-bien-leur-preparation\\\/#breadcrumb\"},\"inLanguage\":\"fr-FR\",\"potentialAction\":[{\"@type\":\"ReadAction\",\"target\":[\"https:\\\/\\\/lasentinelle.dz\\\/index.php\\\/2024\\\/01\\\/06\\\/can-2023-les-verts-entament-bien-leur-preparation\\\/\"]}]},{\"@type\":\"ImageObject\",\"inLanguage\":\"fr-FR\",\"@id\":\"https:\\\/\\\/lasentinelle.dz\\\/index.php\\\/2024\\\/01\\\/06\\\/can-2023-les-verts-entament-bien-leur-preparation\\\/#primaryimage\",\"url\":\"https:\\\/\\\/lasentinelle.dz\\\/wp-content\\\/uploads\\\/2024\\\/01\\\/EN-1.jpeg\",\"contentUrl\":\"https:\\\/\\\/lasentinelle.dz\\\/wp-content\\\/uploads\\\/2024\\\/01\\\/EN-1.jpeg\",\"width\":750,\"height\":430},{\"@type\":\"BreadcrumbList\",\"@id\":\"https:\\\/\\\/lasentinelle.dz\\\/index.php\\\/2024\\\/01\\\/06\\\/can-2023-les-verts-entament-bien-leur-preparation\\\/#breadcrumb\",\"itemListElement\":[{\"@type\":\"ListItem\",\"position\":1,\"name\":\"Accueil\",\"item\":\"https:\\\/\\\/lasentinelle.dz\\\/\"},{\"@type\":\"ListItem\",\"position\":2,\"name\":\"CAN 2023\u00a0: Les Verts entament bien leur pr\u00e9paration\"}]},{\"@type\":\"WebSite\",\"@id\":\"https:\\\/\\\/lasentinelle.dz\\\/#website\",\"url\":\"https:\\\/\\\/lasentinelle.dz\\\/\",\"name\":\"La Sentinelle\",\"description\":\"Quotidien national d&#039;information\",\"publisher\":{\"@id\":\"https:\\\/\\\/lasentinelle.dz\\\/#organization\"},\"potentialAction\":[{\"@type\":\"SearchAction\",\"target\":{\"@type\":\"EntryPoint\",\"urlTemplate\":\"https:\\\/\\\/lasentinelle.dz\\\/?s={search_term_string}\"},\"query-input\":{\"@type\":\"PropertyValueSpecification\",\"valueRequired\":true,\"valueName\":\"search_term_string\"}}],\"inLanguage\":\"fr-FR\"},{\"@type\":\"Organization\",\"@id\":\"https:\\\/\\\/lasentinelle.dz\\\/#organization\",\"name\":\"Quotidien La Sentinelle\",\"url\":\"https:\\\/\\\/lasentinelle.dz\\\/\",\"logo\":{\"@type\":\"ImageObject\",\"inLanguage\":\"fr-FR\",\"@id\":\"https:\\\/\\\/lasentinelle.dz\\\/#\\\/schema\\\/logo\\\/image\\\/\",\"url\":\"https:\\\/\\\/lasentinelle.dz\\\/wp-content\\\/uploads\\\/2021\\\/09\\\/logo-sentinelleSLOGAN-1.png\",\"contentUrl\":\"https:\\\/\\\/lasentinelle.dz\\\/wp-content\\\/uploads\\\/2021\\\/09\\\/logo-sentinelleSLOGAN-1.png\",\"width\":615,\"height\":142,\"caption\":\"Quotidien La Sentinelle\"},\"image\":{\"@id\":\"https:\\\/\\\/lasentinelle.dz\\\/#\\\/schema\\\/logo\\\/image\\\/\"},\"sameAs\":[\"https:\\\/\\\/www.facebook.com\\\/La-Sentinelle-104059864394773\"]},{\"@type\":\"Person\",\"@id\":\"https:\\\/\\\/lasentinelle.dz\\\/#\\\/schema\\\/person\\\/d865044e22e70a75174ce8bcad3acfb3\",\"name\":\"La Sentinelle\",\"image\":{\"@type\":\"ImageObject\",\"inLanguage\":\"fr-FR\",\"@id\":\"https:\\\/\\\/secure.gravatar.com\\\/avatar\\\/57de8e5d4b15d43fb361a71fbb36338450fe67865b528a43dd10ef7c51a20392?s=96&d=mm&r=g\",\"url\":\"https:\\\/\\\/secure.gravatar.com\\\/avatar\\\/57de8e5d4b15d43fb361a71fbb36338450fe67865b528a43dd10ef7c51a20392?s=96&d=mm&r=g\",\"contentUrl\":\"https:\\\/\\\/secure.gravatar.com\\\/avatar\\\/57de8e5d4b15d43fb361a71fbb36338450fe67865b528a43dd10ef7c51a20392?s=96&d=mm&r=g\",\"caption\":\"La Sentinelle\"},\"sameAs\":[\"http:\\\/\\\/www.lasentinelle.dz\"],\"url\":\"https:\\\/\\\/lasentinelle.dz\\\/author\\\/redaction\\\/\"}]}<\/script>\n<!-- \/ Yoast SEO plugin. -->","yoast_head_json":{"title":"CAN 2023\u00a0: Les Verts entament bien leur pr\u00e9paration - La Sentinelle","robots":{"index":"index","follow":"follow","max-snippet":"max-snippet:-1","max-image-preview":"max-image-preview:large","max-video-preview":"max-video-preview:-1"},"canonical":"https:\/\/lasentinelle.dz\/index.php\/2024\/01\/06\/can-2023-les-verts-entament-bien-leur-preparation\/","og_locale":"fr_FR","og_type":"article","og_title":"CAN 2023\u00a0: Les Verts entament bien leur pr\u00e9paration - La Sentinelle","og_description":"En s\u2019imposant face \u00e0 la s\u00e9lection togolaise des joueurs locaux sur le score large de 3-0, les Verts ont bien","og_url":"https:\/\/lasentinelle.dz\/index.php\/2024\/01\/06\/can-2023-les-verts-entament-bien-leur-preparation\/","og_site_name":"La Sentinelle","article_publisher":"https:\/\/www.facebook.com\/La-Sentinelle-104059864394773","article_published_time":"2024-01-06T19:52:32+00:00","article_modified_time":"2024-01-06T19:52:36+00:00","og_image":[{"width":750,"height":430,"url":"https:\/\/lasentinelle.dz\/wp-content\/uploads\/2024\/01\/EN-1.jpeg","type":"image\/jpeg"}],"author":"La Sentinelle","twitter_card":"summary_large_image","twitter_misc":{"\u00c9crit par":"La Sentinelle","Dur\u00e9e de lecture estim\u00e9e":"5 minutes"},"schema":{"@context":"https:\/\/schema.org","@graph":[{"@type":"Article","@id":"https:\/\/lasentinelle.dz\/index.php\/2024\/01\/06\/can-2023-les-verts-entament-bien-leur-preparation\/#article","isPartOf":{"@id":"https:\/\/lasentinelle.dz\/index.php\/2024\/01\/06\/can-2023-les-verts-entament-bien-leur-preparation\/"},"author":{"name":"La Sentinelle","@id":"https:\/\/lasentinelle.dz\/#\/schema\/person\/d865044e22e70a75174ce8bcad3acfb3"},"headline":"CAN 2023\u00a0: Les Verts entament bien leur pr\u00e9paration","datePublished":"2024-01-06T19:52:32+00:00","dateModified":"2024-01-06T19:52:36+00:00","mainEntityOfPage":{"@id":"https:\/\/lasentinelle.dz\/index.php\/2024\/01\/06\/can-2023-les-verts-entament-bien-leur-preparation\/"},"wordCount":1021,"commentCount":0,"publisher":{"@id":"https:\/\/lasentinelle.dz\/#organization"},"image":{"@id":"https:\/\/lasentinelle.dz\/index.php\/2024\/01\/06\/can-2023-les-verts-entament-bien-leur-preparation\/#primaryimage"},"thumbnailUrl":"https:\/\/lasentinelle.dz\/wp-content\/uploads\/2024\/01\/EN-1.jpeg","articleSection":["\u00c0 la Une","Sports"],"inLanguage":"fr-FR","potentialAction":[{"@type":"CommentAction","name":"Comment","target":["https:\/\/lasentinelle.dz\/index.php\/2024\/01\/06\/can-2023-les-verts-entament-bien-leur-preparation\/#respond"]}]},{"@type":"WebPage","@id":"https:\/\/lasentinelle.dz\/index.php\/2024\/01\/06\/can-2023-les-verts-entament-bien-leur-preparation\/","url":"https:\/\/lasentinelle.dz\/index.php\/2024\/01\/06\/can-2023-les-verts-entament-bien-leur-preparation\/","name":"CAN 2023\u00a0: Les Verts entament bien leur pr\u00e9paration - La Sentinelle","isPartOf":{"@id":"https:\/\/lasentinelle.dz\/#website"},"primaryImageOfPage":{"@id":"https:\/\/lasentinelle.dz\/index.php\/2024\/01\/06\/can-2023-les-verts-entament-bien-leur-preparation\/#primaryimage"},"image":{"@id":"https:\/\/lasentinelle.dz\/index.php\/2024\/01\/06\/can-2023-les-verts-entament-bien-leur-preparation\/#primaryimage"},"thumbnailUrl":"https:\/\/lasentinelle.dz\/wp-content\/uploads\/2024\/01\/EN-1.jpeg","datePublished":"2024-01-06T19:52:32+00:00","dateModified":"2024-01-06T19:52:36+00:00","breadcrumb":{"@id":"https:\/\/lasentinelle.dz\/index.php\/2024\/01\/06\/can-2023-les-verts-entament-bien-leur-preparation\/#breadcrumb"},"inLanguage":"fr-FR","potentialAction":[{"@type":"ReadAction","target":["https:\/\/lasentinelle.dz\/index.php\/2024\/01\/06\/can-2023-les-verts-entament-bien-leur-preparation\/"]}]},{"@type":"ImageObject","inLanguage":"fr-FR","@id":"https:\/\/lasentinelle.dz\/index.php\/2024\/01\/06\/can-2023-les-verts-entament-bien-leur-preparation\/#primaryimage","url":"https:\/\/lasentinelle.dz\/wp-content\/uploads\/2024\/01\/EN-1.jpeg","contentUrl":"https:\/\/lasentinelle.dz\/wp-content\/uploads\/2024\/01\/EN-1.jpeg","width":750,"height":430},{"@type":"BreadcrumbList","@id":"https:\/\/lasentinelle.dz\/index.php\/2024\/01\/06\/can-2023-les-verts-entament-bien-leur-preparation\/#breadcrumb","itemListElement":[{"@type":"ListItem","position":1,"name":"Accueil","item":"https:\/\/lasentinelle.dz\/"},{"@type":"ListItem","position":2,"name":"CAN 2023\u00a0: Les Verts entament bien leur pr\u00e9paration"}]},{"@type":"WebSite","@id":"https:\/\/lasentinelle.dz\/#website","url":"https:\/\/lasentinelle.dz\/","name":"La Sentinelle","description":"Quotidien national d&#039;information","publisher":{"@id":"https:\/\/lasentinelle.dz\/#organization"},"potentialAction":[{"@type":"SearchAction","target":{"@type":"EntryPoint","urlTemplate":"https:\/\/lasentinelle.dz\/?s={search_term_string}"},"query-input":{"@type":"PropertyValueSpecification","valueRequired":true,"valueName":"search_term_string"}}],"inLanguage":"fr-FR"},{"@type":"Organization","@id":"https:\/\/lasentinelle.dz\/#organization","name":"Quotidien La Sentinelle","url":"https:\/\/lasentinelle.dz\/","logo":{"@type":"ImageObject","inLanguage":"fr-FR","@id":"https:\/\/lasentinelle.dz\/#\/schema\/logo\/image\/","url":"https:\/\/lasentinelle.dz\/wp-content\/uploads\/2021\/09\/logo-sentinelleSLOGAN-1.png","contentUrl":"https:\/\/lasentinelle.dz\/wp-content\/uploads\/2021\/09\/logo-sentinelleSLOGAN-1.png","width":615,"height":142,"caption":"Quotidien La Sentinelle"},"image":{"@id":"https:\/\/lasentinelle.dz\/#\/schema\/logo\/image\/"},"sameAs":["https:\/\/www.facebook.com\/La-Sentinelle-104059864394773"]},{"@type":"Person","@id":"https:\/\/lasentinelle.dz\/#\/schema\/person\/d865044e22e70a75174ce8bcad3acfb3","name":"La Sentinelle","image":{"@type":"ImageObject","inLanguage":"fr-FR","@id":"https:\/\/secure.gravatar.com\/avatar\/57de8e5d4b15d43fb361a71fbb36338450fe67865b528a43dd10ef7c51a20392?s=96&d=mm&r=g","url":"https:\/\/secure.gravatar.com\/avatar\/57de8e5d4b15d43fb361a71fbb36338450fe67865b528a43dd10ef7c51a20392?s=96&d=mm&r=g","contentUrl":"https:\/\/secure.gravatar.com\/avatar\/57de8e5d4b15d43fb361a71fbb36338450fe67865b528a43dd10ef7c51a20392?s=96&d=mm&r=g","caption":"La Sentinelle"},"sameAs":["http:\/\/www.lasentinelle.dz"],"url":"https:\/\/lasentinelle.dz\/author\/redaction\/"}]}},"_links":{"self":[{"href":"https:\/\/lasentinelle.dz\/index.php\/wp-json\/wp\/v2\/posts\/48471","targetHints":{"allow":["GET"]}}],"collection":[{"href":"https:\/\/lasentinelle.dz\/index.php\/wp-json\/wp\/v2\/posts"}],"about":[{"href":"https:\/\/lasentinelle.dz\/index.php\/wp-json\/wp\/v2\/types\/post"}],"author":[{"embeddable":true,"href":"https:\/\/lasentinelle.dz\/index.php\/wp-json\/wp\/v2\/users\/3"}],"replies":[{"embeddable":true,"href":"https:\/\/lasentinelle.dz\/index.php\/wp-json\/wp\/v2\/comments?post=48471"}],"version-history":[{"count":1,"href":"https:\/\/lasentinelle.dz\/index.php\/wp-json\/wp\/v2\/posts\/48471\/revisions"}],"predecessor-version":[{"id":48473,"href":"https:\/\/lasentinelle.dz\/index.php\/wp-json\/wp\/v2\/posts\/48471\/revisions\/48473"}],"wp:featuredmedia":[{"embeddable":true,"href":"https:\/\/lasentinelle.dz\/index.php\/wp-json\/wp\/v2\/media\/48472"}],"wp:attachment":[{"href":"https:\/\/lasentinelle.dz\/index.php\/wp-json\/wp\/v2\/media?parent=48471"}],"wp:term":[{"taxonomy":"category","embeddable":true,"href":"https:\/\/lasentinelle.dz\/index.php\/wp-json\/wp\/v2\/categories?post=48471"},{"taxonomy":"post_tag","embeddable":true,"href":"https:\/\/lasentinelle.dz\/index.php\/wp-json\/wp\/v2\/tags?post=48471"}],"curies":[{"name":"wp","href":"https:\/\/api.w.org\/{rel}","templated":true}]}}