{"id":48474,"date":"2024-01-06T20:58:19","date_gmt":"2024-01-06T19:58:19","guid":{"rendered":"https:\/\/lasentinelle.dz\/?p=48474"},"modified":"2024-01-06T20:58:26","modified_gmt":"2024-01-06T19:58:27","slug":"oum-el-bouaghi-saisie-dequipements-de-telecommunications","status":"publish","type":"post","link":"https:\/\/lasentinelle.dz\/index.php\/2024\/01\/06\/oum-el-bouaghi-saisie-dequipements-de-telecommunications\/","title":{"rendered":"Oum El Bouaghi\u00a0: Saisie d\u2019\u00e9quipements de t\u00e9l\u00e9communications"},"content":{"rendered":"\n<p>Les \u00e9l\u00e9ments de la brigade de Gendarmerie nationale de la wilaya d\u2019Oum El Bouaghi ont d\u00e9mantel\u00e9 un r\u00e9seau criminel sp\u00e9cialis\u00e9 dans la contrebande d\u2019\u00e9quipements de t\u00e9l\u00e9communication, des Talkie-walkie plus pr\u00e9cis\u00e9ment, apprend-on de source s\u00e9curitaire. Selon les informations apport\u00e9es par notre source, l\u2019op\u00e9ration est le r\u00e9sultat d\u2019informations parvenues \u00e0 ce corps s\u00e9curitaire, sur une tentative de transfert d\u2019une quantit\u00e9 de ces appareils radio dans la localit\u00e9. L\u2019exploitation optimale de l\u2019information a donn\u00e9 lieu \u00e0 l\u2019interception du v\u00e9hicule signal\u00e9 au niveau de la RN102, au lieu-dit Machta El-Mabdouaa, nous dit-on. \u00c0 l\u2019issue de la fouille de la voiture, il a \u00e9t\u00e9 d\u00e9couvert 122 unit\u00e9s de Talkie-walkie de marque Baofeng, ont pr\u00e9cis\u00e9 les m\u00eames sources. Des \u00e9quipements qui ne peuvent faire l&rsquo;objet de d\u00e9tention sans autorisation pr\u00e9alable des services de s\u00e9curit\u00e9 du pays. Car, leur usage est sp\u00e9cifiquement r\u00e9serv\u00e9 aux services de s\u00e9curit\u00e9, ce qui les place dans la case des \u00e9quipements de communication prohib\u00e9s \u00e0 la commercialisation, a expliqu\u00e9 la m\u00eame source. Ainsi, le suspect a aussit\u00f4t \u00e9t\u00e9 arr\u00eat\u00e9 et conduit au si\u00e8ge de la Gendarmerie o\u00f9 il a fait l\u2019objet d\u2019une enqu\u00eate nous, dit-on. Le pr\u00e9venu a aussit\u00f4t d\u00e9voil\u00e9 l\u2019identit\u00e9 d\u2019un autre complice. L\u2019individu originaire de la wilaya d\u2019Alger a \u00e9t\u00e9 interpell\u00e9 \u00e0 son tour, a-t-on ajout\u00e9. Les deux mis en causes, apr\u00e8s ach\u00e8vement de toutes les proc\u00e9dures judiciaires et juridiques d\u2019usage, seront d\u00e9f\u00e9r\u00e9s par-devant les instances de justices de la circonscription de comp\u00e9tence et les objets saisis seront remis aux services concern\u00e9s, a conclu notre source.<\/p>\n\n\n\n<p>&nbsp;S. Chahine<\/p>\n","protected":false},"excerpt":{"rendered":"<p>Les \u00e9l\u00e9ments de la brigade de Gendarmerie nationale de la wilaya d\u2019Oum El Bouaghi ont d\u00e9mantel\u00e9 un r\u00e9seau criminel sp\u00e9cialis\u00e9<\/p>\n","protected":false},"author":3,"featured_media":48475,"comment_status":"open","ping_status":"closed","sticky":false,"template":"","format":"standard","meta":{"colormag_page_container_layout":"default_layout","colormag_page_sidebar_layout":"default_layout","om_disable_all_campaigns":false,"_monsterinsights_skip_tracking":false,"_monsterinsights_sitenote_active":false,"_monsterinsights_sitenote_note":"","_monsterinsights_sitenote_category":0,"footnotes":"","_wpscppro_dont_share_socialmedia":false,"_wpscppro_custom_social_share_image":0,"_facebook_share_type":"","_twitter_share_type":"","_linkedin_share_type":"","_pinterest_share_type":"","_linkedin_share_type_page":"","_instagram_share_type":"","_medium_share_type":"","_threads_share_type":"","_google_business_share_type":"","_selected_social_profile":[],"_wpsp_enable_custom_social_template":false,"_wpsp_social_scheduling":{"enabled":false,"datetime":null,"platforms":[],"status":"template_only","dateOption":"today","timeOption":"now","customDays":"","customHours":"","customDate":"","customTime":"","schedulingType":"absolute"},"_wpsp_active_default_template":true},"categories":[31],"tags":[],"class_list":["post-48474","post","type-post","status-publish","format-standard","has-post-thumbnail","hentry","category-regions"],"aioseo_notices":[],"yoast_head":"<!-- This site is optimized with the Yoast SEO plugin v27.5 - https:\/\/yoast.com\/product\/yoast-seo-wordpress\/ -->\n<title>Oum El Bouaghi\u00a0: Saisie d\u2019\u00e9quipements de t\u00e9l\u00e9communications - La Sentinelle<\/title>\n<meta name=\"robots\" content=\"index, follow, max-snippet:-1, max-image-preview:large, max-video-preview:-1\" \/>\n<link rel=\"canonical\" href=\"https:\/\/lasentinelle.dz\/index.php\/2024\/01\/06\/oum-el-bouaghi-saisie-dequipements-de-telecommunications\/\" \/>\n<meta property=\"og:locale\" content=\"fr_FR\" \/>\n<meta property=\"og:type\" content=\"article\" \/>\n<meta property=\"og:title\" content=\"Oum El Bouaghi\u00a0: Saisie d\u2019\u00e9quipements de t\u00e9l\u00e9communications - La Sentinelle\" \/>\n<meta property=\"og:description\" content=\"Les \u00e9l\u00e9ments de la brigade de Gendarmerie nationale de la wilaya d\u2019Oum El Bouaghi ont d\u00e9mantel\u00e9 un r\u00e9seau criminel sp\u00e9cialis\u00e9\" \/>\n<meta property=\"og:url\" content=\"https:\/\/lasentinelle.dz\/index.php\/2024\/01\/06\/oum-el-bouaghi-saisie-dequipements-de-telecommunications\/\" \/>\n<meta property=\"og:site_name\" content=\"La Sentinelle\" \/>\n<meta property=\"article:publisher\" content=\"https:\/\/www.facebook.com\/La-Sentinelle-104059864394773\" \/>\n<meta property=\"article:published_time\" content=\"2024-01-06T19:58:19+00:00\" \/>\n<meta property=\"article:modified_time\" content=\"2024-01-06T19:58:27+00:00\" \/>\n<meta property=\"og:image\" content=\"https:\/\/lasentinelle.dz\/wp-content\/uploads\/2024\/01\/talkie.jpeg\" \/>\n\t<meta property=\"og:image:width\" content=\"750\" \/>\n\t<meta property=\"og:image:height\" content=\"391\" \/>\n\t<meta property=\"og:image:type\" content=\"image\/jpeg\" \/>\n<meta name=\"author\" content=\"La Sentinelle\" \/>\n<meta name=\"twitter:card\" content=\"summary_large_image\" \/>\n<meta name=\"twitter:label1\" content=\"\u00c9crit par\" \/>\n\t<meta name=\"twitter:data1\" content=\"La Sentinelle\" \/>\n\t<meta name=\"twitter:label2\" content=\"Dur\u00e9e de lecture estim\u00e9e\" \/>\n\t<meta name=\"twitter:data2\" content=\"2 minutes\" \/>\n<script type=\"application\/ld+json\" class=\"yoast-schema-graph\">{\"@context\":\"https:\\\/\\\/schema.org\",\"@graph\":[{\"@type\":\"Article\",\"@id\":\"https:\\\/\\\/lasentinelle.dz\\\/index.php\\\/2024\\\/01\\\/06\\\/oum-el-bouaghi-saisie-dequipements-de-telecommunications\\\/#article\",\"isPartOf\":{\"@id\":\"https:\\\/\\\/lasentinelle.dz\\\/index.php\\\/2024\\\/01\\\/06\\\/oum-el-bouaghi-saisie-dequipements-de-telecommunications\\\/\"},\"author\":{\"name\":\"La Sentinelle\",\"@id\":\"https:\\\/\\\/lasentinelle.dz\\\/#\\\/schema\\\/person\\\/d865044e22e70a75174ce8bcad3acfb3\"},\"headline\":\"Oum El Bouaghi\u00a0: Saisie d\u2019\u00e9quipements de t\u00e9l\u00e9communications\",\"datePublished\":\"2024-01-06T19:58:19+00:00\",\"dateModified\":\"2024-01-06T19:58:27+00:00\",\"mainEntityOfPage\":{\"@id\":\"https:\\\/\\\/lasentinelle.dz\\\/index.php\\\/2024\\\/01\\\/06\\\/oum-el-bouaghi-saisie-dequipements-de-telecommunications\\\/\"},\"wordCount\":311,\"commentCount\":0,\"publisher\":{\"@id\":\"https:\\\/\\\/lasentinelle.dz\\\/#organization\"},\"image\":{\"@id\":\"https:\\\/\\\/lasentinelle.dz\\\/index.php\\\/2024\\\/01\\\/06\\\/oum-el-bouaghi-saisie-dequipements-de-telecommunications\\\/#primaryimage\"},\"thumbnailUrl\":\"https:\\\/\\\/lasentinelle.dz\\\/wp-content\\\/uploads\\\/2024\\\/01\\\/talkie.jpeg\",\"articleSection\":[\"R\u00e9gions\"],\"inLanguage\":\"fr-FR\",\"potentialAction\":[{\"@type\":\"CommentAction\",\"name\":\"Comment\",\"target\":[\"https:\\\/\\\/lasentinelle.dz\\\/index.php\\\/2024\\\/01\\\/06\\\/oum-el-bouaghi-saisie-dequipements-de-telecommunications\\\/#respond\"]}]},{\"@type\":\"WebPage\",\"@id\":\"https:\\\/\\\/lasentinelle.dz\\\/index.php\\\/2024\\\/01\\\/06\\\/oum-el-bouaghi-saisie-dequipements-de-telecommunications\\\/\",\"url\":\"https:\\\/\\\/lasentinelle.dz\\\/index.php\\\/2024\\\/01\\\/06\\\/oum-el-bouaghi-saisie-dequipements-de-telecommunications\\\/\",\"name\":\"Oum El Bouaghi\u00a0: Saisie d\u2019\u00e9quipements de t\u00e9l\u00e9communications - La Sentinelle\",\"isPartOf\":{\"@id\":\"https:\\\/\\\/lasentinelle.dz\\\/#website\"},\"primaryImageOfPage\":{\"@id\":\"https:\\\/\\\/lasentinelle.dz\\\/index.php\\\/2024\\\/01\\\/06\\\/oum-el-bouaghi-saisie-dequipements-de-telecommunications\\\/#primaryimage\"},\"image\":{\"@id\":\"https:\\\/\\\/lasentinelle.dz\\\/index.php\\\/2024\\\/01\\\/06\\\/oum-el-bouaghi-saisie-dequipements-de-telecommunications\\\/#primaryimage\"},\"thumbnailUrl\":\"https:\\\/\\\/lasentinelle.dz\\\/wp-content\\\/uploads\\\/2024\\\/01\\\/talkie.jpeg\",\"datePublished\":\"2024-01-06T19:58:19+00:00\",\"dateModified\":\"2024-01-06T19:58:27+00:00\",\"breadcrumb\":{\"@id\":\"https:\\\/\\\/lasentinelle.dz\\\/index.php\\\/2024\\\/01\\\/06\\\/oum-el-bouaghi-saisie-dequipements-de-telecommunications\\\/#breadcrumb\"},\"inLanguage\":\"fr-FR\",\"potentialAction\":[{\"@type\":\"ReadAction\",\"target\":[\"https:\\\/\\\/lasentinelle.dz\\\/index.php\\\/2024\\\/01\\\/06\\\/oum-el-bouaghi-saisie-dequipements-de-telecommunications\\\/\"]}]},{\"@type\":\"ImageObject\",\"inLanguage\":\"fr-FR\",\"@id\":\"https:\\\/\\\/lasentinelle.dz\\\/index.php\\\/2024\\\/01\\\/06\\\/oum-el-bouaghi-saisie-dequipements-de-telecommunications\\\/#primaryimage\",\"url\":\"https:\\\/\\\/lasentinelle.dz\\\/wp-content\\\/uploads\\\/2024\\\/01\\\/talkie.jpeg\",\"contentUrl\":\"https:\\\/\\\/lasentinelle.dz\\\/wp-content\\\/uploads\\\/2024\\\/01\\\/talkie.jpeg\",\"width\":750,\"height\":391},{\"@type\":\"BreadcrumbList\",\"@id\":\"https:\\\/\\\/lasentinelle.dz\\\/index.php\\\/2024\\\/01\\\/06\\\/oum-el-bouaghi-saisie-dequipements-de-telecommunications\\\/#breadcrumb\",\"itemListElement\":[{\"@type\":\"ListItem\",\"position\":1,\"name\":\"Accueil\",\"item\":\"https:\\\/\\\/lasentinelle.dz\\\/\"},{\"@type\":\"ListItem\",\"position\":2,\"name\":\"Oum El Bouaghi\u00a0: Saisie d\u2019\u00e9quipements de t\u00e9l\u00e9communications\"}]},{\"@type\":\"WebSite\",\"@id\":\"https:\\\/\\\/lasentinelle.dz\\\/#website\",\"url\":\"https:\\\/\\\/lasentinelle.dz\\\/\",\"name\":\"La Sentinelle\",\"description\":\"Quotidien national d&#039;information\",\"publisher\":{\"@id\":\"https:\\\/\\\/lasentinelle.dz\\\/#organization\"},\"potentialAction\":[{\"@type\":\"SearchAction\",\"target\":{\"@type\":\"EntryPoint\",\"urlTemplate\":\"https:\\\/\\\/lasentinelle.dz\\\/?s={search_term_string}\"},\"query-input\":{\"@type\":\"PropertyValueSpecification\",\"valueRequired\":true,\"valueName\":\"search_term_string\"}}],\"inLanguage\":\"fr-FR\"},{\"@type\":\"Organization\",\"@id\":\"https:\\\/\\\/lasentinelle.dz\\\/#organization\",\"name\":\"Quotidien La Sentinelle\",\"url\":\"https:\\\/\\\/lasentinelle.dz\\\/\",\"logo\":{\"@type\":\"ImageObject\",\"inLanguage\":\"fr-FR\",\"@id\":\"https:\\\/\\\/lasentinelle.dz\\\/#\\\/schema\\\/logo\\\/image\\\/\",\"url\":\"https:\\\/\\\/lasentinelle.dz\\\/wp-content\\\/uploads\\\/2021\\\/09\\\/logo-sentinelleSLOGAN-1.png\",\"contentUrl\":\"https:\\\/\\\/lasentinelle.dz\\\/wp-content\\\/uploads\\\/2021\\\/09\\\/logo-sentinelleSLOGAN-1.png\",\"width\":615,\"height\":142,\"caption\":\"Quotidien La Sentinelle\"},\"image\":{\"@id\":\"https:\\\/\\\/lasentinelle.dz\\\/#\\\/schema\\\/logo\\\/image\\\/\"},\"sameAs\":[\"https:\\\/\\\/www.facebook.com\\\/La-Sentinelle-104059864394773\"]},{\"@type\":\"Person\",\"@id\":\"https:\\\/\\\/lasentinelle.dz\\\/#\\\/schema\\\/person\\\/d865044e22e70a75174ce8bcad3acfb3\",\"name\":\"La Sentinelle\",\"image\":{\"@type\":\"ImageObject\",\"inLanguage\":\"fr-FR\",\"@id\":\"https:\\\/\\\/secure.gravatar.com\\\/avatar\\\/57de8e5d4b15d43fb361a71fbb36338450fe67865b528a43dd10ef7c51a20392?s=96&d=mm&r=g\",\"url\":\"https:\\\/\\\/secure.gravatar.com\\\/avatar\\\/57de8e5d4b15d43fb361a71fbb36338450fe67865b528a43dd10ef7c51a20392?s=96&d=mm&r=g\",\"contentUrl\":\"https:\\\/\\\/secure.gravatar.com\\\/avatar\\\/57de8e5d4b15d43fb361a71fbb36338450fe67865b528a43dd10ef7c51a20392?s=96&d=mm&r=g\",\"caption\":\"La Sentinelle\"},\"sameAs\":[\"http:\\\/\\\/www.lasentinelle.dz\"],\"url\":\"https:\\\/\\\/lasentinelle.dz\\\/author\\\/redaction\\\/\"}]}<\/script>\n<!-- \/ Yoast SEO plugin. -->","yoast_head_json":{"title":"Oum El Bouaghi\u00a0: Saisie d\u2019\u00e9quipements de t\u00e9l\u00e9communications - La Sentinelle","robots":{"index":"index","follow":"follow","max-snippet":"max-snippet:-1","max-image-preview":"max-image-preview:large","max-video-preview":"max-video-preview:-1"},"canonical":"https:\/\/lasentinelle.dz\/index.php\/2024\/01\/06\/oum-el-bouaghi-saisie-dequipements-de-telecommunications\/","og_locale":"fr_FR","og_type":"article","og_title":"Oum El Bouaghi\u00a0: Saisie d\u2019\u00e9quipements de t\u00e9l\u00e9communications - La Sentinelle","og_description":"Les \u00e9l\u00e9ments de la brigade de Gendarmerie nationale de la wilaya d\u2019Oum El Bouaghi ont d\u00e9mantel\u00e9 un r\u00e9seau criminel sp\u00e9cialis\u00e9","og_url":"https:\/\/lasentinelle.dz\/index.php\/2024\/01\/06\/oum-el-bouaghi-saisie-dequipements-de-telecommunications\/","og_site_name":"La Sentinelle","article_publisher":"https:\/\/www.facebook.com\/La-Sentinelle-104059864394773","article_published_time":"2024-01-06T19:58:19+00:00","article_modified_time":"2024-01-06T19:58:27+00:00","og_image":[{"width":750,"height":391,"url":"https:\/\/lasentinelle.dz\/wp-content\/uploads\/2024\/01\/talkie.jpeg","type":"image\/jpeg"}],"author":"La Sentinelle","twitter_card":"summary_large_image","twitter_misc":{"\u00c9crit par":"La Sentinelle","Dur\u00e9e de lecture estim\u00e9e":"2 minutes"},"schema":{"@context":"https:\/\/schema.org","@graph":[{"@type":"Article","@id":"https:\/\/lasentinelle.dz\/index.php\/2024\/01\/06\/oum-el-bouaghi-saisie-dequipements-de-telecommunications\/#article","isPartOf":{"@id":"https:\/\/lasentinelle.dz\/index.php\/2024\/01\/06\/oum-el-bouaghi-saisie-dequipements-de-telecommunications\/"},"author":{"name":"La Sentinelle","@id":"https:\/\/lasentinelle.dz\/#\/schema\/person\/d865044e22e70a75174ce8bcad3acfb3"},"headline":"Oum El Bouaghi\u00a0: Saisie d\u2019\u00e9quipements de t\u00e9l\u00e9communications","datePublished":"2024-01-06T19:58:19+00:00","dateModified":"2024-01-06T19:58:27+00:00","mainEntityOfPage":{"@id":"https:\/\/lasentinelle.dz\/index.php\/2024\/01\/06\/oum-el-bouaghi-saisie-dequipements-de-telecommunications\/"},"wordCount":311,"commentCount":0,"publisher":{"@id":"https:\/\/lasentinelle.dz\/#organization"},"image":{"@id":"https:\/\/lasentinelle.dz\/index.php\/2024\/01\/06\/oum-el-bouaghi-saisie-dequipements-de-telecommunications\/#primaryimage"},"thumbnailUrl":"https:\/\/lasentinelle.dz\/wp-content\/uploads\/2024\/01\/talkie.jpeg","articleSection":["R\u00e9gions"],"inLanguage":"fr-FR","potentialAction":[{"@type":"CommentAction","name":"Comment","target":["https:\/\/lasentinelle.dz\/index.php\/2024\/01\/06\/oum-el-bouaghi-saisie-dequipements-de-telecommunications\/#respond"]}]},{"@type":"WebPage","@id":"https:\/\/lasentinelle.dz\/index.php\/2024\/01\/06\/oum-el-bouaghi-saisie-dequipements-de-telecommunications\/","url":"https:\/\/lasentinelle.dz\/index.php\/2024\/01\/06\/oum-el-bouaghi-saisie-dequipements-de-telecommunications\/","name":"Oum El Bouaghi\u00a0: Saisie d\u2019\u00e9quipements de t\u00e9l\u00e9communications - La Sentinelle","isPartOf":{"@id":"https:\/\/lasentinelle.dz\/#website"},"primaryImageOfPage":{"@id":"https:\/\/lasentinelle.dz\/index.php\/2024\/01\/06\/oum-el-bouaghi-saisie-dequipements-de-telecommunications\/#primaryimage"},"image":{"@id":"https:\/\/lasentinelle.dz\/index.php\/2024\/01\/06\/oum-el-bouaghi-saisie-dequipements-de-telecommunications\/#primaryimage"},"thumbnailUrl":"https:\/\/lasentinelle.dz\/wp-content\/uploads\/2024\/01\/talkie.jpeg","datePublished":"2024-01-06T19:58:19+00:00","dateModified":"2024-01-06T19:58:27+00:00","breadcrumb":{"@id":"https:\/\/lasentinelle.dz\/index.php\/2024\/01\/06\/oum-el-bouaghi-saisie-dequipements-de-telecommunications\/#breadcrumb"},"inLanguage":"fr-FR","potentialAction":[{"@type":"ReadAction","target":["https:\/\/lasentinelle.dz\/index.php\/2024\/01\/06\/oum-el-bouaghi-saisie-dequipements-de-telecommunications\/"]}]},{"@type":"ImageObject","inLanguage":"fr-FR","@id":"https:\/\/lasentinelle.dz\/index.php\/2024\/01\/06\/oum-el-bouaghi-saisie-dequipements-de-telecommunications\/#primaryimage","url":"https:\/\/lasentinelle.dz\/wp-content\/uploads\/2024\/01\/talkie.jpeg","contentUrl":"https:\/\/lasentinelle.dz\/wp-content\/uploads\/2024\/01\/talkie.jpeg","width":750,"height":391},{"@type":"BreadcrumbList","@id":"https:\/\/lasentinelle.dz\/index.php\/2024\/01\/06\/oum-el-bouaghi-saisie-dequipements-de-telecommunications\/#breadcrumb","itemListElement":[{"@type":"ListItem","position":1,"name":"Accueil","item":"https:\/\/lasentinelle.dz\/"},{"@type":"ListItem","position":2,"name":"Oum El Bouaghi\u00a0: Saisie d\u2019\u00e9quipements de t\u00e9l\u00e9communications"}]},{"@type":"WebSite","@id":"https:\/\/lasentinelle.dz\/#website","url":"https:\/\/lasentinelle.dz\/","name":"La Sentinelle","description":"Quotidien national d&#039;information","publisher":{"@id":"https:\/\/lasentinelle.dz\/#organization"},"potentialAction":[{"@type":"SearchAction","target":{"@type":"EntryPoint","urlTemplate":"https:\/\/lasentinelle.dz\/?s={search_term_string}"},"query-input":{"@type":"PropertyValueSpecification","valueRequired":true,"valueName":"search_term_string"}}],"inLanguage":"fr-FR"},{"@type":"Organization","@id":"https:\/\/lasentinelle.dz\/#organization","name":"Quotidien La Sentinelle","url":"https:\/\/lasentinelle.dz\/","logo":{"@type":"ImageObject","inLanguage":"fr-FR","@id":"https:\/\/lasentinelle.dz\/#\/schema\/logo\/image\/","url":"https:\/\/lasentinelle.dz\/wp-content\/uploads\/2021\/09\/logo-sentinelleSLOGAN-1.png","contentUrl":"https:\/\/lasentinelle.dz\/wp-content\/uploads\/2021\/09\/logo-sentinelleSLOGAN-1.png","width":615,"height":142,"caption":"Quotidien La Sentinelle"},"image":{"@id":"https:\/\/lasentinelle.dz\/#\/schema\/logo\/image\/"},"sameAs":["https:\/\/www.facebook.com\/La-Sentinelle-104059864394773"]},{"@type":"Person","@id":"https:\/\/lasentinelle.dz\/#\/schema\/person\/d865044e22e70a75174ce8bcad3acfb3","name":"La Sentinelle","image":{"@type":"ImageObject","inLanguage":"fr-FR","@id":"https:\/\/secure.gravatar.com\/avatar\/57de8e5d4b15d43fb361a71fbb36338450fe67865b528a43dd10ef7c51a20392?s=96&d=mm&r=g","url":"https:\/\/secure.gravatar.com\/avatar\/57de8e5d4b15d43fb361a71fbb36338450fe67865b528a43dd10ef7c51a20392?s=96&d=mm&r=g","contentUrl":"https:\/\/secure.gravatar.com\/avatar\/57de8e5d4b15d43fb361a71fbb36338450fe67865b528a43dd10ef7c51a20392?s=96&d=mm&r=g","caption":"La Sentinelle"},"sameAs":["http:\/\/www.lasentinelle.dz"],"url":"https:\/\/lasentinelle.dz\/author\/redaction\/"}]}},"_links":{"self":[{"href":"https:\/\/lasentinelle.dz\/index.php\/wp-json\/wp\/v2\/posts\/48474","targetHints":{"allow":["GET"]}}],"collection":[{"href":"https:\/\/lasentinelle.dz\/index.php\/wp-json\/wp\/v2\/posts"}],"about":[{"href":"https:\/\/lasentinelle.dz\/index.php\/wp-json\/wp\/v2\/types\/post"}],"author":[{"embeddable":true,"href":"https:\/\/lasentinelle.dz\/index.php\/wp-json\/wp\/v2\/users\/3"}],"replies":[{"embeddable":true,"href":"https:\/\/lasentinelle.dz\/index.php\/wp-json\/wp\/v2\/comments?post=48474"}],"version-history":[{"count":1,"href":"https:\/\/lasentinelle.dz\/index.php\/wp-json\/wp\/v2\/posts\/48474\/revisions"}],"predecessor-version":[{"id":48476,"href":"https:\/\/lasentinelle.dz\/index.php\/wp-json\/wp\/v2\/posts\/48474\/revisions\/48476"}],"wp:featuredmedia":[{"embeddable":true,"href":"https:\/\/lasentinelle.dz\/index.php\/wp-json\/wp\/v2\/media\/48475"}],"wp:attachment":[{"href":"https:\/\/lasentinelle.dz\/index.php\/wp-json\/wp\/v2\/media?parent=48474"}],"wp:term":[{"taxonomy":"category","embeddable":true,"href":"https:\/\/lasentinelle.dz\/index.php\/wp-json\/wp\/v2\/categories?post=48474"},{"taxonomy":"post_tag","embeddable":true,"href":"https:\/\/lasentinelle.dz\/index.php\/wp-json\/wp\/v2\/tags?post=48474"}],"curies":[{"name":"wp","href":"https:\/\/api.w.org\/{rel}","templated":true}]}}