{"id":4850,"date":"2021-08-22T00:01:00","date_gmt":"2021-08-21T23:01:00","guid":{"rendered":"https:\/\/lasentinelle.dz\/?p=4850"},"modified":"2021-08-21T19:21:00","modified_gmt":"2021-08-21T18:21:00","slug":"statut-dobservateur-de-lentite-sioniste-au-sein-de-lua-le-camp-de-lopposition-selargit","status":"publish","type":"post","link":"https:\/\/lasentinelle.dz\/index.php\/2021\/08\/22\/statut-dobservateur-de-lentite-sioniste-au-sein-de-lua-le-camp-de-lopposition-selargit\/","title":{"rendered":"Statut d\u2019observateur de l\u2019entit\u00e9 sioniste au sein de l\u2019UA : Le camp de l\u2019opposition s\u2019\u00e9largit"},"content":{"rendered":"\n<p>L\u2019offensive diplomatique men\u00e9e par l\u2019Alg\u00e9rie, affichant son refus \u00e0 l\u2019\u00e9gard de la d\u00e9cision \u00ab unilat\u00e9rale \u00bb prise par la Commission de l\u2019Union Africaine, qui a octroy\u00e9 \u00e0 l\u2019entit\u00e9 sioniste le statut d\u2019observateur au sein de cette organisation continentale, semble d\u00e9clencher une avalanche de soutien parmi les Etats membres qui adh\u00e8rent \u00e0 la position alg\u00e9rienne.<\/p>\n\n\n\n<p>En effet, du 41e Sommet des chefs d\u2019Etats et de gouvernements de la Communaut\u00e9 de d\u00e9veloppement de l\u2019Afrique australe (SADC) qui s\u2019est tenue mercredi pass\u00e9 dans la capitale de la R\u00e9publique du Malawi, Lilongwea permis aux Etats participants d\u2019exprimer leur objection \u00e0 la d\u00e9cision d\u2019octroi de ce titre d\u2019observateur au sein de l\u2019UA \u00e0 l\u2019entit\u00e9 sioniste.<\/p>\n\n\n\n<p>Dans un communiqu\u00e9 sanctionnant les travaux de deux journ\u00e9es&nbsp; de ce 41e Sommet, il est indiqu\u00e9 que \u00ab le Sommet exprime son inqui\u00e9tude et son objection \u00e0 la d\u00e9cision unilat\u00e9rale prise par la Commission de l\u2019Union africaine d\u2019accorder \u00e0 Isra\u00ebl le statut d\u2019observateur au sein de l\u2019UA \u00bb, rappelant&nbsp; que l\u2019annonce faite par Moussa Faki Mahamat, pr\u00e9sident de ladite Commission,&nbsp; a \u00e9t\u00e9 rejet\u00e9e par sept d\u00e9l\u00e9gations permanentes au sein de l\u2019organisation panafricaine.\u00ab Il s\u2019agit de celles de l\u2019Alg\u00e9rie, de l\u2019Egypte, de la Mauritanie, de l\u2019\u00eele Maurice, de Tunisie, de Djibouti et de la Libye \u00bb, rappelle ce communiqu\u00e9 qui pr\u00e9cise \u00e9galement que ces pays ont \u00e9t\u00e9 rejoints par d\u2019autres membres de l\u2019UA dont l\u2019Afrique du Sud et la Namibie.<\/p>\n\n\n\n<p>\u00ab Nous souhaiterions aviser la Commission de notre opposition \u00e0 la d\u00e9cision d\u2019ordre politique de son pr\u00e9sident, \u00e0 savoir l\u2019octroi du statut d\u2019observateur aupr\u00e8s de l\u2019Union africaine \u00e0 Isra\u00ebl \u00bb, est-il mentionn\u00e9 dans une note verbale \u00e9tablie par les ambassades des pays oppos\u00e9s \u00e0 ladite d\u00e9cision.<\/p>\n\n\n\n<p>Ces ambassades ayant signifi\u00e9 leur opposition \u00e0 l\u2019octroi de statut d\u2019observateur \u00e0 l\u2019entit\u00e9 sioniste au sein de l\u2019Union Africaine, ont \u00e9galement \u00e9t\u00e9 soutenues par celles du Kowe\u00eft, du Qatar, du Y\u00e9men ainsi que par la d\u00e9l\u00e9gation de la Ligue Arabe qui ont exprim\u00e9 leur solidarit\u00e9 avec les sept ambassades.<\/p>\n\n\n\n<p>Cette d\u00e9cision prise par Moussa Saki Mahamat, a suscit\u00e9 plusieurs r\u00e9actions de la part des pays africains qui consid\u00e8rent l\u2019octroi de statut d\u2019observateur \u00e0 une puissance occupante \u00ab est contraire aux principes et&nbsp; objectifs&nbsp; de l\u2019Acte constitutif de l\u2019Union Africaine, au moment ou Isra\u00ebl multiplie ses actes d\u2019oppression en violation totale du droit international et au m\u00e9pris des droits de l\u2019homme du peuple Palestinien \u00bb.<\/p>\n\n\n\n<p>L\u2019Alg\u00e9rie a r\u00e9ussi par voie diplomatique, \u00e0 inscrire la d\u00e9cision du pr\u00e9sident de la Commission de l\u2019UA, Moussa Faki Mahamet, \u00e0 l\u2019ordre du jour du prochain Conseil ex\u00e9cutif de l\u2019UA, pour statuer sur les r\u00e9serves exprim\u00e9es par des Etats membres ayant rejet\u00e9 l\u2019admission de l\u2019entit\u00e9 sioniste&nbsp; \u00e0 l\u2019Union Africaine en tant qu\u2019observateur.<\/p>\n\n\n\n<p>Cette position exprim\u00e9e par une grande partie des Etats membres de l\u2019UA, rejetant l\u2019int\u00e9gration de l\u2019entit\u00e9 sioniste en tant qu\u2019observateur au sein de l\u2019Organisation panafricaine a \u00e9t\u00e9 salu\u00e9e \u00e0 partir de Ramallah, capitale de l\u2019autorit\u00e9 Palestinienne.<\/p>\n\n\n\n<p>C\u2019est en effet ce qu\u2019a indiqu\u00e9 le communiqu\u00e9 de l\u2019autorit\u00e9 Palestinienne relay\u00e9e par l\u2019agence de presse de Palestine \u00ab Wafa \u00bb affirmant que \u00ab l\u2019Etat de Palestine salue et appr\u00e9cie la position de principe des chefs d\u2019Etats et de gouvernements de la SADC qui s\u2019opposent (\u00e0 l\u2019unanimit\u00e9) \u00e0 la d\u00e9cision unilat\u00e9rale prise par la Commission de l\u2019Union Africaine d\u2019accorder \u00e0 Isra\u00ebl le statut d\u2019observateur ; cette position est conforme \u00e0 celles d\u00e9j\u00e0 exprim\u00e9es par plusieurs autres Etats Africains \u00bb.<\/p>\n\n\n\n<p>Boubekeur Amrani&nbsp;&nbsp;&nbsp;<\/p>\n","protected":false},"excerpt":{"rendered":"<p>L\u2019offensive diplomatique men\u00e9e par l\u2019Alg\u00e9rie, affichant son refus \u00e0 l\u2019\u00e9gard de la d\u00e9cision \u00ab unilat\u00e9rale \u00bb prise par la Commission<\/p>\n","protected":false},"author":3,"featured_media":4857,"comment_status":"open","ping_status":"closed","sticky":false,"template":"","format":"standard","meta":{"colormag_page_container_layout":"default_layout","colormag_page_sidebar_layout":"default_layout","om_disable_all_campaigns":false,"_monsterinsights_skip_tracking":false,"_monsterinsights_sitenote_active":false,"_monsterinsights_sitenote_note":"","_monsterinsights_sitenote_category":0,"footnotes":"","_wpscppro_dont_share_socialmedia":false,"_wpscppro_custom_social_share_image":0,"_facebook_share_type":"","_twitter_share_type":"","_linkedin_share_type":"","_pinterest_share_type":"","_linkedin_share_type_page":"","_instagram_share_type":"","_medium_share_type":"","_threads_share_type":"","_google_business_share_type":"","_selected_social_profile":[],"_wpsp_enable_custom_social_template":false,"_wpsp_social_scheduling":{"enabled":false,"datetime":null,"platforms":[],"status":"template_only","dateOption":"today","timeOption":"now","customDays":"","customHours":"","customDate":"","customTime":"","schedulingType":"absolute"},"_wpsp_active_default_template":true},"categories":[27],"tags":[],"class_list":["post-4850","post","type-post","status-publish","format-standard","has-post-thumbnail","hentry","category-actualite"],"aioseo_notices":[],"yoast_head":"<!-- This site is optimized with the Yoast SEO plugin v27.5 - https:\/\/yoast.com\/product\/yoast-seo-wordpress\/ -->\n<title>Statut d\u2019observateur de l\u2019entit\u00e9 sioniste au sein de l\u2019UA : Le camp de l\u2019opposition s\u2019\u00e9largit - La Sentinelle<\/title>\n<meta name=\"robots\" content=\"index, follow, max-snippet:-1, max-image-preview:large, max-video-preview:-1\" \/>\n<link rel=\"canonical\" href=\"https:\/\/lasentinelle.dz\/index.php\/2021\/08\/22\/statut-dobservateur-de-lentite-sioniste-au-sein-de-lua-le-camp-de-lopposition-selargit\/\" \/>\n<meta property=\"og:locale\" content=\"fr_FR\" \/>\n<meta property=\"og:type\" content=\"article\" \/>\n<meta property=\"og:title\" content=\"Statut d\u2019observateur de l\u2019entit\u00e9 sioniste au sein de l\u2019UA : Le camp de l\u2019opposition s\u2019\u00e9largit - La Sentinelle\" \/>\n<meta property=\"og:description\" content=\"L\u2019offensive diplomatique men\u00e9e par l\u2019Alg\u00e9rie, affichant son refus \u00e0 l\u2019\u00e9gard de la d\u00e9cision \u00ab unilat\u00e9rale \u00bb prise par la Commission\" \/>\n<meta property=\"og:url\" content=\"https:\/\/lasentinelle.dz\/index.php\/2021\/08\/22\/statut-dobservateur-de-lentite-sioniste-au-sein-de-lua-le-camp-de-lopposition-selargit\/\" \/>\n<meta property=\"og:site_name\" content=\"La Sentinelle\" \/>\n<meta property=\"article:publisher\" content=\"https:\/\/www.facebook.com\/La-Sentinelle-104059864394773\" \/>\n<meta property=\"article:published_time\" content=\"2021-08-21T23:01:00+00:00\" \/>\n<meta property=\"og:image\" content=\"https:\/\/lasentinelle.dz\/wp-content\/uploads\/2021\/08\/image_2021-08-21_192043.png\" \/>\n\t<meta property=\"og:image:width\" content=\"745\" \/>\n\t<meta property=\"og:image:height\" content=\"470\" \/>\n\t<meta property=\"og:image:type\" content=\"image\/png\" \/>\n<meta name=\"author\" content=\"La Sentinelle\" \/>\n<meta name=\"twitter:card\" content=\"summary_large_image\" \/>\n<meta name=\"twitter:label1\" content=\"\u00c9crit par\" \/>\n\t<meta name=\"twitter:data1\" content=\"La Sentinelle\" \/>\n\t<meta name=\"twitter:label2\" content=\"Dur\u00e9e de lecture estim\u00e9e\" \/>\n\t<meta name=\"twitter:data2\" content=\"3 minutes\" \/>\n<script type=\"application\/ld+json\" class=\"yoast-schema-graph\">{\"@context\":\"https:\\\/\\\/schema.org\",\"@graph\":[{\"@type\":\"Article\",\"@id\":\"https:\\\/\\\/lasentinelle.dz\\\/index.php\\\/2021\\\/08\\\/22\\\/statut-dobservateur-de-lentite-sioniste-au-sein-de-lua-le-camp-de-lopposition-selargit\\\/#article\",\"isPartOf\":{\"@id\":\"https:\\\/\\\/lasentinelle.dz\\\/index.php\\\/2021\\\/08\\\/22\\\/statut-dobservateur-de-lentite-sioniste-au-sein-de-lua-le-camp-de-lopposition-selargit\\\/\"},\"author\":{\"name\":\"La Sentinelle\",\"@id\":\"https:\\\/\\\/lasentinelle.dz\\\/#\\\/schema\\\/person\\\/d865044e22e70a75174ce8bcad3acfb3\"},\"headline\":\"Statut d\u2019observateur de l\u2019entit\u00e9 sioniste au sein de l\u2019UA : Le camp de l\u2019opposition s\u2019\u00e9largit\",\"datePublished\":\"2021-08-21T23:01:00+00:00\",\"mainEntityOfPage\":{\"@id\":\"https:\\\/\\\/lasentinelle.dz\\\/index.php\\\/2021\\\/08\\\/22\\\/statut-dobservateur-de-lentite-sioniste-au-sein-de-lua-le-camp-de-lopposition-selargit\\\/\"},\"wordCount\":669,\"commentCount\":0,\"publisher\":{\"@id\":\"https:\\\/\\\/lasentinelle.dz\\\/#organization\"},\"image\":{\"@id\":\"https:\\\/\\\/lasentinelle.dz\\\/index.php\\\/2021\\\/08\\\/22\\\/statut-dobservateur-de-lentite-sioniste-au-sein-de-lua-le-camp-de-lopposition-selargit\\\/#primaryimage\"},\"thumbnailUrl\":\"https:\\\/\\\/lasentinelle.dz\\\/wp-content\\\/uploads\\\/2021\\\/08\\\/image_2021-08-21_192043.png\",\"articleSection\":[\"Actualit\u00e9\"],\"inLanguage\":\"fr-FR\",\"potentialAction\":[{\"@type\":\"CommentAction\",\"name\":\"Comment\",\"target\":[\"https:\\\/\\\/lasentinelle.dz\\\/index.php\\\/2021\\\/08\\\/22\\\/statut-dobservateur-de-lentite-sioniste-au-sein-de-lua-le-camp-de-lopposition-selargit\\\/#respond\"]}]},{\"@type\":\"WebPage\",\"@id\":\"https:\\\/\\\/lasentinelle.dz\\\/index.php\\\/2021\\\/08\\\/22\\\/statut-dobservateur-de-lentite-sioniste-au-sein-de-lua-le-camp-de-lopposition-selargit\\\/\",\"url\":\"https:\\\/\\\/lasentinelle.dz\\\/index.php\\\/2021\\\/08\\\/22\\\/statut-dobservateur-de-lentite-sioniste-au-sein-de-lua-le-camp-de-lopposition-selargit\\\/\",\"name\":\"Statut d\u2019observateur de l\u2019entit\u00e9 sioniste au sein de l\u2019UA : Le camp de l\u2019opposition s\u2019\u00e9largit - La Sentinelle\",\"isPartOf\":{\"@id\":\"https:\\\/\\\/lasentinelle.dz\\\/#website\"},\"primaryImageOfPage\":{\"@id\":\"https:\\\/\\\/lasentinelle.dz\\\/index.php\\\/2021\\\/08\\\/22\\\/statut-dobservateur-de-lentite-sioniste-au-sein-de-lua-le-camp-de-lopposition-selargit\\\/#primaryimage\"},\"image\":{\"@id\":\"https:\\\/\\\/lasentinelle.dz\\\/index.php\\\/2021\\\/08\\\/22\\\/statut-dobservateur-de-lentite-sioniste-au-sein-de-lua-le-camp-de-lopposition-selargit\\\/#primaryimage\"},\"thumbnailUrl\":\"https:\\\/\\\/lasentinelle.dz\\\/wp-content\\\/uploads\\\/2021\\\/08\\\/image_2021-08-21_192043.png\",\"datePublished\":\"2021-08-21T23:01:00+00:00\",\"breadcrumb\":{\"@id\":\"https:\\\/\\\/lasentinelle.dz\\\/index.php\\\/2021\\\/08\\\/22\\\/statut-dobservateur-de-lentite-sioniste-au-sein-de-lua-le-camp-de-lopposition-selargit\\\/#breadcrumb\"},\"inLanguage\":\"fr-FR\",\"potentialAction\":[{\"@type\":\"ReadAction\",\"target\":[\"https:\\\/\\\/lasentinelle.dz\\\/index.php\\\/2021\\\/08\\\/22\\\/statut-dobservateur-de-lentite-sioniste-au-sein-de-lua-le-camp-de-lopposition-selargit\\\/\"]}]},{\"@type\":\"ImageObject\",\"inLanguage\":\"fr-FR\",\"@id\":\"https:\\\/\\\/lasentinelle.dz\\\/index.php\\\/2021\\\/08\\\/22\\\/statut-dobservateur-de-lentite-sioniste-au-sein-de-lua-le-camp-de-lopposition-selargit\\\/#primaryimage\",\"url\":\"https:\\\/\\\/lasentinelle.dz\\\/wp-content\\\/uploads\\\/2021\\\/08\\\/image_2021-08-21_192043.png\",\"contentUrl\":\"https:\\\/\\\/lasentinelle.dz\\\/wp-content\\\/uploads\\\/2021\\\/08\\\/image_2021-08-21_192043.png\",\"width\":745,\"height\":470},{\"@type\":\"BreadcrumbList\",\"@id\":\"https:\\\/\\\/lasentinelle.dz\\\/index.php\\\/2021\\\/08\\\/22\\\/statut-dobservateur-de-lentite-sioniste-au-sein-de-lua-le-camp-de-lopposition-selargit\\\/#breadcrumb\",\"itemListElement\":[{\"@type\":\"ListItem\",\"position\":1,\"name\":\"Accueil\",\"item\":\"https:\\\/\\\/lasentinelle.dz\\\/\"},{\"@type\":\"ListItem\",\"position\":2,\"name\":\"Statut d\u2019observateur de l\u2019entit\u00e9 sioniste au sein de l\u2019UA : Le camp de l\u2019opposition s\u2019\u00e9largit\"}]},{\"@type\":\"WebSite\",\"@id\":\"https:\\\/\\\/lasentinelle.dz\\\/#website\",\"url\":\"https:\\\/\\\/lasentinelle.dz\\\/\",\"name\":\"La Sentinelle\",\"description\":\"Quotidien national d&#039;information\",\"publisher\":{\"@id\":\"https:\\\/\\\/lasentinelle.dz\\\/#organization\"},\"potentialAction\":[{\"@type\":\"SearchAction\",\"target\":{\"@type\":\"EntryPoint\",\"urlTemplate\":\"https:\\\/\\\/lasentinelle.dz\\\/?s={search_term_string}\"},\"query-input\":{\"@type\":\"PropertyValueSpecification\",\"valueRequired\":true,\"valueName\":\"search_term_string\"}}],\"inLanguage\":\"fr-FR\"},{\"@type\":\"Organization\",\"@id\":\"https:\\\/\\\/lasentinelle.dz\\\/#organization\",\"name\":\"Quotidien La Sentinelle\",\"url\":\"https:\\\/\\\/lasentinelle.dz\\\/\",\"logo\":{\"@type\":\"ImageObject\",\"inLanguage\":\"fr-FR\",\"@id\":\"https:\\\/\\\/lasentinelle.dz\\\/#\\\/schema\\\/logo\\\/image\\\/\",\"url\":\"https:\\\/\\\/lasentinelle.dz\\\/wp-content\\\/uploads\\\/2021\\\/09\\\/logo-sentinelleSLOGAN-1.png\",\"contentUrl\":\"https:\\\/\\\/lasentinelle.dz\\\/wp-content\\\/uploads\\\/2021\\\/09\\\/logo-sentinelleSLOGAN-1.png\",\"width\":615,\"height\":142,\"caption\":\"Quotidien La Sentinelle\"},\"image\":{\"@id\":\"https:\\\/\\\/lasentinelle.dz\\\/#\\\/schema\\\/logo\\\/image\\\/\"},\"sameAs\":[\"https:\\\/\\\/www.facebook.com\\\/La-Sentinelle-104059864394773\"]},{\"@type\":\"Person\",\"@id\":\"https:\\\/\\\/lasentinelle.dz\\\/#\\\/schema\\\/person\\\/d865044e22e70a75174ce8bcad3acfb3\",\"name\":\"La Sentinelle\",\"image\":{\"@type\":\"ImageObject\",\"inLanguage\":\"fr-FR\",\"@id\":\"https:\\\/\\\/secure.gravatar.com\\\/avatar\\\/57de8e5d4b15d43fb361a71fbb36338450fe67865b528a43dd10ef7c51a20392?s=96&d=mm&r=g\",\"url\":\"https:\\\/\\\/secure.gravatar.com\\\/avatar\\\/57de8e5d4b15d43fb361a71fbb36338450fe67865b528a43dd10ef7c51a20392?s=96&d=mm&r=g\",\"contentUrl\":\"https:\\\/\\\/secure.gravatar.com\\\/avatar\\\/57de8e5d4b15d43fb361a71fbb36338450fe67865b528a43dd10ef7c51a20392?s=96&d=mm&r=g\",\"caption\":\"La Sentinelle\"},\"sameAs\":[\"http:\\\/\\\/www.lasentinelle.dz\"],\"url\":\"https:\\\/\\\/lasentinelle.dz\\\/author\\\/redaction\\\/\"}]}<\/script>\n<!-- \/ Yoast SEO plugin. -->","yoast_head_json":{"title":"Statut d\u2019observateur de l\u2019entit\u00e9 sioniste au sein de l\u2019UA : Le camp de l\u2019opposition s\u2019\u00e9largit - La Sentinelle","robots":{"index":"index","follow":"follow","max-snippet":"max-snippet:-1","max-image-preview":"max-image-preview:large","max-video-preview":"max-video-preview:-1"},"canonical":"https:\/\/lasentinelle.dz\/index.php\/2021\/08\/22\/statut-dobservateur-de-lentite-sioniste-au-sein-de-lua-le-camp-de-lopposition-selargit\/","og_locale":"fr_FR","og_type":"article","og_title":"Statut d\u2019observateur de l\u2019entit\u00e9 sioniste au sein de l\u2019UA : Le camp de l\u2019opposition s\u2019\u00e9largit - La Sentinelle","og_description":"L\u2019offensive diplomatique men\u00e9e par l\u2019Alg\u00e9rie, affichant son refus \u00e0 l\u2019\u00e9gard de la d\u00e9cision \u00ab unilat\u00e9rale \u00bb prise par la Commission","og_url":"https:\/\/lasentinelle.dz\/index.php\/2021\/08\/22\/statut-dobservateur-de-lentite-sioniste-au-sein-de-lua-le-camp-de-lopposition-selargit\/","og_site_name":"La Sentinelle","article_publisher":"https:\/\/www.facebook.com\/La-Sentinelle-104059864394773","article_published_time":"2021-08-21T23:01:00+00:00","og_image":[{"width":745,"height":470,"url":"https:\/\/lasentinelle.dz\/wp-content\/uploads\/2021\/08\/image_2021-08-21_192043.png","type":"image\/png"}],"author":"La Sentinelle","twitter_card":"summary_large_image","twitter_misc":{"\u00c9crit par":"La Sentinelle","Dur\u00e9e de lecture estim\u00e9e":"3 minutes"},"schema":{"@context":"https:\/\/schema.org","@graph":[{"@type":"Article","@id":"https:\/\/lasentinelle.dz\/index.php\/2021\/08\/22\/statut-dobservateur-de-lentite-sioniste-au-sein-de-lua-le-camp-de-lopposition-selargit\/#article","isPartOf":{"@id":"https:\/\/lasentinelle.dz\/index.php\/2021\/08\/22\/statut-dobservateur-de-lentite-sioniste-au-sein-de-lua-le-camp-de-lopposition-selargit\/"},"author":{"name":"La Sentinelle","@id":"https:\/\/lasentinelle.dz\/#\/schema\/person\/d865044e22e70a75174ce8bcad3acfb3"},"headline":"Statut d\u2019observateur de l\u2019entit\u00e9 sioniste au sein de l\u2019UA : Le camp de l\u2019opposition s\u2019\u00e9largit","datePublished":"2021-08-21T23:01:00+00:00","mainEntityOfPage":{"@id":"https:\/\/lasentinelle.dz\/index.php\/2021\/08\/22\/statut-dobservateur-de-lentite-sioniste-au-sein-de-lua-le-camp-de-lopposition-selargit\/"},"wordCount":669,"commentCount":0,"publisher":{"@id":"https:\/\/lasentinelle.dz\/#organization"},"image":{"@id":"https:\/\/lasentinelle.dz\/index.php\/2021\/08\/22\/statut-dobservateur-de-lentite-sioniste-au-sein-de-lua-le-camp-de-lopposition-selargit\/#primaryimage"},"thumbnailUrl":"https:\/\/lasentinelle.dz\/wp-content\/uploads\/2021\/08\/image_2021-08-21_192043.png","articleSection":["Actualit\u00e9"],"inLanguage":"fr-FR","potentialAction":[{"@type":"CommentAction","name":"Comment","target":["https:\/\/lasentinelle.dz\/index.php\/2021\/08\/22\/statut-dobservateur-de-lentite-sioniste-au-sein-de-lua-le-camp-de-lopposition-selargit\/#respond"]}]},{"@type":"WebPage","@id":"https:\/\/lasentinelle.dz\/index.php\/2021\/08\/22\/statut-dobservateur-de-lentite-sioniste-au-sein-de-lua-le-camp-de-lopposition-selargit\/","url":"https:\/\/lasentinelle.dz\/index.php\/2021\/08\/22\/statut-dobservateur-de-lentite-sioniste-au-sein-de-lua-le-camp-de-lopposition-selargit\/","name":"Statut d\u2019observateur de l\u2019entit\u00e9 sioniste au sein de l\u2019UA : Le camp de l\u2019opposition s\u2019\u00e9largit - La Sentinelle","isPartOf":{"@id":"https:\/\/lasentinelle.dz\/#website"},"primaryImageOfPage":{"@id":"https:\/\/lasentinelle.dz\/index.php\/2021\/08\/22\/statut-dobservateur-de-lentite-sioniste-au-sein-de-lua-le-camp-de-lopposition-selargit\/#primaryimage"},"image":{"@id":"https:\/\/lasentinelle.dz\/index.php\/2021\/08\/22\/statut-dobservateur-de-lentite-sioniste-au-sein-de-lua-le-camp-de-lopposition-selargit\/#primaryimage"},"thumbnailUrl":"https:\/\/lasentinelle.dz\/wp-content\/uploads\/2021\/08\/image_2021-08-21_192043.png","datePublished":"2021-08-21T23:01:00+00:00","breadcrumb":{"@id":"https:\/\/lasentinelle.dz\/index.php\/2021\/08\/22\/statut-dobservateur-de-lentite-sioniste-au-sein-de-lua-le-camp-de-lopposition-selargit\/#breadcrumb"},"inLanguage":"fr-FR","potentialAction":[{"@type":"ReadAction","target":["https:\/\/lasentinelle.dz\/index.php\/2021\/08\/22\/statut-dobservateur-de-lentite-sioniste-au-sein-de-lua-le-camp-de-lopposition-selargit\/"]}]},{"@type":"ImageObject","inLanguage":"fr-FR","@id":"https:\/\/lasentinelle.dz\/index.php\/2021\/08\/22\/statut-dobservateur-de-lentite-sioniste-au-sein-de-lua-le-camp-de-lopposition-selargit\/#primaryimage","url":"https:\/\/lasentinelle.dz\/wp-content\/uploads\/2021\/08\/image_2021-08-21_192043.png","contentUrl":"https:\/\/lasentinelle.dz\/wp-content\/uploads\/2021\/08\/image_2021-08-21_192043.png","width":745,"height":470},{"@type":"BreadcrumbList","@id":"https:\/\/lasentinelle.dz\/index.php\/2021\/08\/22\/statut-dobservateur-de-lentite-sioniste-au-sein-de-lua-le-camp-de-lopposition-selargit\/#breadcrumb","itemListElement":[{"@type":"ListItem","position":1,"name":"Accueil","item":"https:\/\/lasentinelle.dz\/"},{"@type":"ListItem","position":2,"name":"Statut d\u2019observateur de l\u2019entit\u00e9 sioniste au sein de l\u2019UA : Le camp de l\u2019opposition s\u2019\u00e9largit"}]},{"@type":"WebSite","@id":"https:\/\/lasentinelle.dz\/#website","url":"https:\/\/lasentinelle.dz\/","name":"La Sentinelle","description":"Quotidien national d&#039;information","publisher":{"@id":"https:\/\/lasentinelle.dz\/#organization"},"potentialAction":[{"@type":"SearchAction","target":{"@type":"EntryPoint","urlTemplate":"https:\/\/lasentinelle.dz\/?s={search_term_string}"},"query-input":{"@type":"PropertyValueSpecification","valueRequired":true,"valueName":"search_term_string"}}],"inLanguage":"fr-FR"},{"@type":"Organization","@id":"https:\/\/lasentinelle.dz\/#organization","name":"Quotidien La Sentinelle","url":"https:\/\/lasentinelle.dz\/","logo":{"@type":"ImageObject","inLanguage":"fr-FR","@id":"https:\/\/lasentinelle.dz\/#\/schema\/logo\/image\/","url":"https:\/\/lasentinelle.dz\/wp-content\/uploads\/2021\/09\/logo-sentinelleSLOGAN-1.png","contentUrl":"https:\/\/lasentinelle.dz\/wp-content\/uploads\/2021\/09\/logo-sentinelleSLOGAN-1.png","width":615,"height":142,"caption":"Quotidien La Sentinelle"},"image":{"@id":"https:\/\/lasentinelle.dz\/#\/schema\/logo\/image\/"},"sameAs":["https:\/\/www.facebook.com\/La-Sentinelle-104059864394773"]},{"@type":"Person","@id":"https:\/\/lasentinelle.dz\/#\/schema\/person\/d865044e22e70a75174ce8bcad3acfb3","name":"La Sentinelle","image":{"@type":"ImageObject","inLanguage":"fr-FR","@id":"https:\/\/secure.gravatar.com\/avatar\/57de8e5d4b15d43fb361a71fbb36338450fe67865b528a43dd10ef7c51a20392?s=96&d=mm&r=g","url":"https:\/\/secure.gravatar.com\/avatar\/57de8e5d4b15d43fb361a71fbb36338450fe67865b528a43dd10ef7c51a20392?s=96&d=mm&r=g","contentUrl":"https:\/\/secure.gravatar.com\/avatar\/57de8e5d4b15d43fb361a71fbb36338450fe67865b528a43dd10ef7c51a20392?s=96&d=mm&r=g","caption":"La Sentinelle"},"sameAs":["http:\/\/www.lasentinelle.dz"],"url":"https:\/\/lasentinelle.dz\/author\/redaction\/"}]}},"_links":{"self":[{"href":"https:\/\/lasentinelle.dz\/index.php\/wp-json\/wp\/v2\/posts\/4850","targetHints":{"allow":["GET"]}}],"collection":[{"href":"https:\/\/lasentinelle.dz\/index.php\/wp-json\/wp\/v2\/posts"}],"about":[{"href":"https:\/\/lasentinelle.dz\/index.php\/wp-json\/wp\/v2\/types\/post"}],"author":[{"embeddable":true,"href":"https:\/\/lasentinelle.dz\/index.php\/wp-json\/wp\/v2\/users\/3"}],"replies":[{"embeddable":true,"href":"https:\/\/lasentinelle.dz\/index.php\/wp-json\/wp\/v2\/comments?post=4850"}],"version-history":[{"count":1,"href":"https:\/\/lasentinelle.dz\/index.php\/wp-json\/wp\/v2\/posts\/4850\/revisions"}],"predecessor-version":[{"id":4858,"href":"https:\/\/lasentinelle.dz\/index.php\/wp-json\/wp\/v2\/posts\/4850\/revisions\/4858"}],"wp:featuredmedia":[{"embeddable":true,"href":"https:\/\/lasentinelle.dz\/index.php\/wp-json\/wp\/v2\/media\/4857"}],"wp:attachment":[{"href":"https:\/\/lasentinelle.dz\/index.php\/wp-json\/wp\/v2\/media?parent=4850"}],"wp:term":[{"taxonomy":"category","embeddable":true,"href":"https:\/\/lasentinelle.dz\/index.php\/wp-json\/wp\/v2\/categories?post=4850"},{"taxonomy":"post_tag","embeddable":true,"href":"https:\/\/lasentinelle.dz\/index.php\/wp-json\/wp\/v2\/tags?post=4850"}],"curies":[{"name":"wp","href":"https:\/\/api.w.org\/{rel}","templated":true}]}}