{"id":48515,"date":"2024-01-07T21:31:23","date_gmt":"2024-01-07T20:31:23","guid":{"rendered":"https:\/\/lasentinelle.dz\/?p=48515"},"modified":"2024-01-07T21:31:30","modified_gmt":"2024-01-07T20:31:30","slug":"2e-session-ordinaire-du-comite-central-du-parti-le-nouveau-bureau-politique-designe","status":"publish","type":"post","link":"https:\/\/lasentinelle.dz\/index.php\/2024\/01\/07\/2e-session-ordinaire-du-comite-central-du-parti-le-nouveau-bureau-politique-designe\/","title":{"rendered":"2e session ordinaire du Comit\u00e9 central du parti\u00a0: Le nouveau Bureau politique d\u00e9sign\u00e9"},"content":{"rendered":"\n<p>La nouvelle composition du Bureau politique du Parti du Front de lib\u00e9ration nationale a \u00e9t\u00e9 d\u00e9sign\u00e9e et approuv\u00e9e hier en fin de journ\u00e9e lors de la 2<sup>e<\/sup> session ordinaire du Comit\u00e9 central, pr\u00e9sid\u00e9e par le Secr\u00e9taire g\u00e9n\u00e9ral, Abdelkrim Benmbarek, \u00e0 Alger. Une session qui a \u00e9galement permis l\u2019adoptiondu r\u00e8glement int\u00e9rieur du parti, outre la validation de la composante des commissions permanentes, soit les commissions de<\/p>\n\n\n\n<p>prospective, des finances, de contr\u00f4le et de discipline. Au terme des travaux de cette session, la liste des membres du Bureau politique, au nombre de 13, pl\u00e9biscit\u00e9s par le Comit\u00e9 central, et dont la plupart sont des nouveaux visages qui ne faisaient pas partie de l&rsquo;ancienne composante, a \u00e9t\u00e9 approuv\u00e9e.<\/p>\n\n\n\n<p>Pour rappel, \u00e0 l\u2019ouverture de cette session, Abdelkrim Benmbarek, a affirm\u00e9 que celle-ci \u00ab\u00a0d\u00e9finira les contours de la prochaine \u00e9tape, de mani\u00e8re \u00e0 ce que l&rsquo;activit\u00e9 du parti soit vaste et efficace sur plusieurs fronts, \u00e0 travers la pr\u00e9servation de l&rsquo;unit\u00e9 du parti et de son harmonie\u00a0\u00bb, avant d\u2019appeler les militants du parti \u00e0 \u00ab\u00a0se pr\u00e9parer et resserrer les rangs pour les prochaines \u00e9ch\u00e9ances\u00a0\u00bb. Le SG du FLN a r\u00e9it\u00e9r\u00e9 \u00ab\u00a0la satisfaction du parti quant \u00e0 la tradition \u00e9tablie par le pr\u00e9sident de la R\u00e9publique, M. Abdelmadjid Tebboune, qui s&rsquo;adressera d\u00e9sormais \u00e0 la nation \u00e0 travers ses repr\u00e9sentants des deux chambres du Parlement\u00a0\u00bb, la qualifiant d'\u00a0\u00bbinitiative louable qui consolide la volont\u00e9 de l&rsquo;Etat de reconstruire la confiance entre le peuple et ses institutions\u00a0\u00bb. \u00ab\u00a0Le parti, \u00e9tant un v\u00e9ritable partenaire, adh\u00e8re au processus d&rsquo;\u00e9dification de l&rsquo;Alg\u00e9rie nouvelle tant en paroles qu&rsquo;en actes et se tient aux c\u00f4t\u00e9s de l&rsquo;Etat face \u00e0 tous les complots visant \u00e0 porter atteinte \u00e0 sa souverainet\u00e9, \u00e0 son int\u00e9grit\u00e9 nationale et \u00e0 son identit\u00e9\u00a0\u00bb, a-t-il affirm\u00e9. &nbsp;Eu \u00e9gard \u00e0 la conjoncture actuelle sur les plans r\u00e9gional et international, le SG du parti a soulign\u00e9 \u00ab\u00a0l&rsquo;importance de consolider la coh\u00e9sion nationale et de renforcer le front int\u00e9rieur dans le cadre d&rsquo;une initiative nationale associant l&rsquo;ensemble des partenaires en vue de f\u00e9d\u00e9rer les efforts face aux instigateurs de la fitna et du chao qui veulent \u00e0 tout prix saper la marche de l&rsquo;Alg\u00e9rie\u00a0\u00bb.&nbsp;<\/p>\n\n\n\n<p>Il a, en outre, appel\u00e9 toutes les forces vives partisanes du projet de l&rsquo;Alg\u00e9rie nouvelle \u00e0 \u00ab\u00a0mobiliser leurs forces, \u00e0 faire entendre leurs voix et \u00e0 s&rsquo;\u00e9riger en rempart infranchissable pour d\u00e9jouer tous les complots vils ourdis par les d\u00e9tracteurs de l&rsquo;Alg\u00e9rie et leurs sbires\u00a0\u00bb.<\/p>\n\n\n\n<p>Sur le plan international, le SG du FLN a r\u00e9affirm\u00e9 ses positions \u00ab\u00a0de soutien aux causes justes, en t\u00eate desquelles les causes palestinienne et sahraouie\u00a0\u00bb, se f\u00e9licitant, par l\u00e0 m\u00eame, des \u00ab\u00a0positions honorables que le pr\u00e9sident de la R\u00e9publique n&rsquo;a eu de cesse d&rsquo;afficher au nom de l&rsquo;Alg\u00e9rie et en faveur du droit des peuples colonis\u00e9s \u00e0 l&rsquo;autod\u00e9termination et \u00e0 l&rsquo;ind\u00e9pendance\u00a0\u00bb.<\/p>\n\n\n\n<p>R.N.<\/p>\n","protected":false},"excerpt":{"rendered":"<p>La nouvelle composition du Bureau politique du Parti du Front de lib\u00e9ration nationale a \u00e9t\u00e9 d\u00e9sign\u00e9e et approuv\u00e9e hier en<\/p>\n","protected":false},"author":3,"featured_media":30311,"comment_status":"open","ping_status":"closed","sticky":false,"template":"","format":"standard","meta":{"colormag_page_container_layout":"default_layout","colormag_page_sidebar_layout":"default_layout","om_disable_all_campaigns":false,"_monsterinsights_skip_tracking":false,"_monsterinsights_sitenote_active":false,"_monsterinsights_sitenote_note":"","_monsterinsights_sitenote_category":0,"footnotes":"","_wpscppro_dont_share_socialmedia":false,"_wpscppro_custom_social_share_image":0,"_facebook_share_type":"","_twitter_share_type":"","_linkedin_share_type":"","_pinterest_share_type":"","_linkedin_share_type_page":"","_instagram_share_type":"","_medium_share_type":"","_threads_share_type":"","_google_business_share_type":"","_selected_social_profile":[],"_wpsp_enable_custom_social_template":false,"_wpsp_social_scheduling":{"enabled":false,"datetime":null,"platforms":[],"status":"template_only","dateOption":"today","timeOption":"now","customDays":"","customHours":"","customDate":"","customTime":"","schedulingType":"absolute"},"_wpsp_active_default_template":true},"categories":[28],"tags":[],"class_list":["post-48515","post","type-post","status-publish","format-standard","has-post-thumbnail","hentry","category-politique"],"aioseo_notices":[],"yoast_head":"<!-- This site is optimized with the Yoast SEO plugin v27.5 - https:\/\/yoast.com\/product\/yoast-seo-wordpress\/ -->\n<title>2e session ordinaire du Comit\u00e9 central du parti\u00a0: Le nouveau Bureau politique d\u00e9sign\u00e9 - La Sentinelle<\/title>\n<meta name=\"robots\" content=\"index, follow, max-snippet:-1, max-image-preview:large, max-video-preview:-1\" \/>\n<link rel=\"canonical\" href=\"https:\/\/lasentinelle.dz\/index.php\/2024\/01\/07\/2e-session-ordinaire-du-comite-central-du-parti-le-nouveau-bureau-politique-designe\/\" \/>\n<meta property=\"og:locale\" content=\"fr_FR\" \/>\n<meta property=\"og:type\" content=\"article\" \/>\n<meta property=\"og:title\" content=\"2e session ordinaire du Comit\u00e9 central du parti\u00a0: Le nouveau Bureau politique d\u00e9sign\u00e9 - La Sentinelle\" \/>\n<meta property=\"og:description\" content=\"La nouvelle composition du Bureau politique du Parti du Front de lib\u00e9ration nationale a \u00e9t\u00e9 d\u00e9sign\u00e9e et approuv\u00e9e hier en\" \/>\n<meta property=\"og:url\" content=\"https:\/\/lasentinelle.dz\/index.php\/2024\/01\/07\/2e-session-ordinaire-du-comite-central-du-parti-le-nouveau-bureau-politique-designe\/\" \/>\n<meta property=\"og:site_name\" content=\"La Sentinelle\" \/>\n<meta property=\"article:publisher\" content=\"https:\/\/www.facebook.com\/La-Sentinelle-104059864394773\" \/>\n<meta property=\"article:published_time\" content=\"2024-01-07T20:31:23+00:00\" \/>\n<meta property=\"article:modified_time\" content=\"2024-01-07T20:31:30+00:00\" \/>\n<meta property=\"og:image\" content=\"https:\/\/lasentinelle.dz\/wp-content\/uploads\/2022\/11\/FLN.png\" \/>\n\t<meta property=\"og:image:width\" content=\"1350\" \/>\n\t<meta property=\"og:image:height\" content=\"900\" \/>\n\t<meta property=\"og:image:type\" content=\"image\/png\" \/>\n<meta name=\"author\" content=\"La Sentinelle\" \/>\n<meta name=\"twitter:card\" content=\"summary_large_image\" \/>\n<meta name=\"twitter:label1\" content=\"\u00c9crit par\" \/>\n\t<meta name=\"twitter:data1\" content=\"La Sentinelle\" \/>\n\t<meta name=\"twitter:label2\" content=\"Dur\u00e9e de lecture estim\u00e9e\" \/>\n\t<meta name=\"twitter:data2\" content=\"3 minutes\" \/>\n<script type=\"application\/ld+json\" class=\"yoast-schema-graph\">{\"@context\":\"https:\\\/\\\/schema.org\",\"@graph\":[{\"@type\":\"Article\",\"@id\":\"https:\\\/\\\/lasentinelle.dz\\\/index.php\\\/2024\\\/01\\\/07\\\/2e-session-ordinaire-du-comite-central-du-parti-le-nouveau-bureau-politique-designe\\\/#article\",\"isPartOf\":{\"@id\":\"https:\\\/\\\/lasentinelle.dz\\\/index.php\\\/2024\\\/01\\\/07\\\/2e-session-ordinaire-du-comite-central-du-parti-le-nouveau-bureau-politique-designe\\\/\"},\"author\":{\"name\":\"La Sentinelle\",\"@id\":\"https:\\\/\\\/lasentinelle.dz\\\/#\\\/schema\\\/person\\\/d865044e22e70a75174ce8bcad3acfb3\"},\"headline\":\"2e session ordinaire du Comit\u00e9 central du parti\u00a0: Le nouveau Bureau politique d\u00e9sign\u00e9\",\"datePublished\":\"2024-01-07T20:31:23+00:00\",\"dateModified\":\"2024-01-07T20:31:30+00:00\",\"mainEntityOfPage\":{\"@id\":\"https:\\\/\\\/lasentinelle.dz\\\/index.php\\\/2024\\\/01\\\/07\\\/2e-session-ordinaire-du-comite-central-du-parti-le-nouveau-bureau-politique-designe\\\/\"},\"wordCount\":531,\"commentCount\":0,\"publisher\":{\"@id\":\"https:\\\/\\\/lasentinelle.dz\\\/#organization\"},\"image\":{\"@id\":\"https:\\\/\\\/lasentinelle.dz\\\/index.php\\\/2024\\\/01\\\/07\\\/2e-session-ordinaire-du-comite-central-du-parti-le-nouveau-bureau-politique-designe\\\/#primaryimage\"},\"thumbnailUrl\":\"https:\\\/\\\/lasentinelle.dz\\\/wp-content\\\/uploads\\\/2022\\\/11\\\/FLN.png\",\"articleSection\":[\"Politique\"],\"inLanguage\":\"fr-FR\",\"potentialAction\":[{\"@type\":\"CommentAction\",\"name\":\"Comment\",\"target\":[\"https:\\\/\\\/lasentinelle.dz\\\/index.php\\\/2024\\\/01\\\/07\\\/2e-session-ordinaire-du-comite-central-du-parti-le-nouveau-bureau-politique-designe\\\/#respond\"]}]},{\"@type\":\"WebPage\",\"@id\":\"https:\\\/\\\/lasentinelle.dz\\\/index.php\\\/2024\\\/01\\\/07\\\/2e-session-ordinaire-du-comite-central-du-parti-le-nouveau-bureau-politique-designe\\\/\",\"url\":\"https:\\\/\\\/lasentinelle.dz\\\/index.php\\\/2024\\\/01\\\/07\\\/2e-session-ordinaire-du-comite-central-du-parti-le-nouveau-bureau-politique-designe\\\/\",\"name\":\"2e session ordinaire du Comit\u00e9 central du parti\u00a0: Le nouveau Bureau politique d\u00e9sign\u00e9 - La Sentinelle\",\"isPartOf\":{\"@id\":\"https:\\\/\\\/lasentinelle.dz\\\/#website\"},\"primaryImageOfPage\":{\"@id\":\"https:\\\/\\\/lasentinelle.dz\\\/index.php\\\/2024\\\/01\\\/07\\\/2e-session-ordinaire-du-comite-central-du-parti-le-nouveau-bureau-politique-designe\\\/#primaryimage\"},\"image\":{\"@id\":\"https:\\\/\\\/lasentinelle.dz\\\/index.php\\\/2024\\\/01\\\/07\\\/2e-session-ordinaire-du-comite-central-du-parti-le-nouveau-bureau-politique-designe\\\/#primaryimage\"},\"thumbnailUrl\":\"https:\\\/\\\/lasentinelle.dz\\\/wp-content\\\/uploads\\\/2022\\\/11\\\/FLN.png\",\"datePublished\":\"2024-01-07T20:31:23+00:00\",\"dateModified\":\"2024-01-07T20:31:30+00:00\",\"breadcrumb\":{\"@id\":\"https:\\\/\\\/lasentinelle.dz\\\/index.php\\\/2024\\\/01\\\/07\\\/2e-session-ordinaire-du-comite-central-du-parti-le-nouveau-bureau-politique-designe\\\/#breadcrumb\"},\"inLanguage\":\"fr-FR\",\"potentialAction\":[{\"@type\":\"ReadAction\",\"target\":[\"https:\\\/\\\/lasentinelle.dz\\\/index.php\\\/2024\\\/01\\\/07\\\/2e-session-ordinaire-du-comite-central-du-parti-le-nouveau-bureau-politique-designe\\\/\"]}]},{\"@type\":\"ImageObject\",\"inLanguage\":\"fr-FR\",\"@id\":\"https:\\\/\\\/lasentinelle.dz\\\/index.php\\\/2024\\\/01\\\/07\\\/2e-session-ordinaire-du-comite-central-du-parti-le-nouveau-bureau-politique-designe\\\/#primaryimage\",\"url\":\"https:\\\/\\\/lasentinelle.dz\\\/wp-content\\\/uploads\\\/2022\\\/11\\\/FLN.png\",\"contentUrl\":\"https:\\\/\\\/lasentinelle.dz\\\/wp-content\\\/uploads\\\/2022\\\/11\\\/FLN.png\",\"width\":1350,\"height\":900},{\"@type\":\"BreadcrumbList\",\"@id\":\"https:\\\/\\\/lasentinelle.dz\\\/index.php\\\/2024\\\/01\\\/07\\\/2e-session-ordinaire-du-comite-central-du-parti-le-nouveau-bureau-politique-designe\\\/#breadcrumb\",\"itemListElement\":[{\"@type\":\"ListItem\",\"position\":1,\"name\":\"Accueil\",\"item\":\"https:\\\/\\\/lasentinelle.dz\\\/\"},{\"@type\":\"ListItem\",\"position\":2,\"name\":\"2e session ordinaire du Comit\u00e9 central du parti\u00a0: Le nouveau Bureau politique d\u00e9sign\u00e9\"}]},{\"@type\":\"WebSite\",\"@id\":\"https:\\\/\\\/lasentinelle.dz\\\/#website\",\"url\":\"https:\\\/\\\/lasentinelle.dz\\\/\",\"name\":\"La Sentinelle\",\"description\":\"Quotidien national d&#039;information\",\"publisher\":{\"@id\":\"https:\\\/\\\/lasentinelle.dz\\\/#organization\"},\"potentialAction\":[{\"@type\":\"SearchAction\",\"target\":{\"@type\":\"EntryPoint\",\"urlTemplate\":\"https:\\\/\\\/lasentinelle.dz\\\/?s={search_term_string}\"},\"query-input\":{\"@type\":\"PropertyValueSpecification\",\"valueRequired\":true,\"valueName\":\"search_term_string\"}}],\"inLanguage\":\"fr-FR\"},{\"@type\":\"Organization\",\"@id\":\"https:\\\/\\\/lasentinelle.dz\\\/#organization\",\"name\":\"Quotidien La Sentinelle\",\"url\":\"https:\\\/\\\/lasentinelle.dz\\\/\",\"logo\":{\"@type\":\"ImageObject\",\"inLanguage\":\"fr-FR\",\"@id\":\"https:\\\/\\\/lasentinelle.dz\\\/#\\\/schema\\\/logo\\\/image\\\/\",\"url\":\"https:\\\/\\\/lasentinelle.dz\\\/wp-content\\\/uploads\\\/2021\\\/09\\\/logo-sentinelleSLOGAN-1.png\",\"contentUrl\":\"https:\\\/\\\/lasentinelle.dz\\\/wp-content\\\/uploads\\\/2021\\\/09\\\/logo-sentinelleSLOGAN-1.png\",\"width\":615,\"height\":142,\"caption\":\"Quotidien La Sentinelle\"},\"image\":{\"@id\":\"https:\\\/\\\/lasentinelle.dz\\\/#\\\/schema\\\/logo\\\/image\\\/\"},\"sameAs\":[\"https:\\\/\\\/www.facebook.com\\\/La-Sentinelle-104059864394773\"]},{\"@type\":\"Person\",\"@id\":\"https:\\\/\\\/lasentinelle.dz\\\/#\\\/schema\\\/person\\\/d865044e22e70a75174ce8bcad3acfb3\",\"name\":\"La Sentinelle\",\"image\":{\"@type\":\"ImageObject\",\"inLanguage\":\"fr-FR\",\"@id\":\"https:\\\/\\\/secure.gravatar.com\\\/avatar\\\/57de8e5d4b15d43fb361a71fbb36338450fe67865b528a43dd10ef7c51a20392?s=96&d=mm&r=g\",\"url\":\"https:\\\/\\\/secure.gravatar.com\\\/avatar\\\/57de8e5d4b15d43fb361a71fbb36338450fe67865b528a43dd10ef7c51a20392?s=96&d=mm&r=g\",\"contentUrl\":\"https:\\\/\\\/secure.gravatar.com\\\/avatar\\\/57de8e5d4b15d43fb361a71fbb36338450fe67865b528a43dd10ef7c51a20392?s=96&d=mm&r=g\",\"caption\":\"La Sentinelle\"},\"sameAs\":[\"http:\\\/\\\/www.lasentinelle.dz\"],\"url\":\"https:\\\/\\\/lasentinelle.dz\\\/author\\\/redaction\\\/\"}]}<\/script>\n<!-- \/ Yoast SEO plugin. -->","yoast_head_json":{"title":"2e session ordinaire du Comit\u00e9 central du parti\u00a0: Le nouveau Bureau politique d\u00e9sign\u00e9 - La Sentinelle","robots":{"index":"index","follow":"follow","max-snippet":"max-snippet:-1","max-image-preview":"max-image-preview:large","max-video-preview":"max-video-preview:-1"},"canonical":"https:\/\/lasentinelle.dz\/index.php\/2024\/01\/07\/2e-session-ordinaire-du-comite-central-du-parti-le-nouveau-bureau-politique-designe\/","og_locale":"fr_FR","og_type":"article","og_title":"2e session ordinaire du Comit\u00e9 central du parti\u00a0: Le nouveau Bureau politique d\u00e9sign\u00e9 - La Sentinelle","og_description":"La nouvelle composition du Bureau politique du Parti du Front de lib\u00e9ration nationale a \u00e9t\u00e9 d\u00e9sign\u00e9e et approuv\u00e9e hier en","og_url":"https:\/\/lasentinelle.dz\/index.php\/2024\/01\/07\/2e-session-ordinaire-du-comite-central-du-parti-le-nouveau-bureau-politique-designe\/","og_site_name":"La Sentinelle","article_publisher":"https:\/\/www.facebook.com\/La-Sentinelle-104059864394773","article_published_time":"2024-01-07T20:31:23+00:00","article_modified_time":"2024-01-07T20:31:30+00:00","og_image":[{"width":1350,"height":900,"url":"https:\/\/lasentinelle.dz\/wp-content\/uploads\/2022\/11\/FLN.png","type":"image\/png"}],"author":"La Sentinelle","twitter_card":"summary_large_image","twitter_misc":{"\u00c9crit par":"La Sentinelle","Dur\u00e9e de lecture estim\u00e9e":"3 minutes"},"schema":{"@context":"https:\/\/schema.org","@graph":[{"@type":"Article","@id":"https:\/\/lasentinelle.dz\/index.php\/2024\/01\/07\/2e-session-ordinaire-du-comite-central-du-parti-le-nouveau-bureau-politique-designe\/#article","isPartOf":{"@id":"https:\/\/lasentinelle.dz\/index.php\/2024\/01\/07\/2e-session-ordinaire-du-comite-central-du-parti-le-nouveau-bureau-politique-designe\/"},"author":{"name":"La Sentinelle","@id":"https:\/\/lasentinelle.dz\/#\/schema\/person\/d865044e22e70a75174ce8bcad3acfb3"},"headline":"2e session ordinaire du Comit\u00e9 central du parti\u00a0: Le nouveau Bureau politique d\u00e9sign\u00e9","datePublished":"2024-01-07T20:31:23+00:00","dateModified":"2024-01-07T20:31:30+00:00","mainEntityOfPage":{"@id":"https:\/\/lasentinelle.dz\/index.php\/2024\/01\/07\/2e-session-ordinaire-du-comite-central-du-parti-le-nouveau-bureau-politique-designe\/"},"wordCount":531,"commentCount":0,"publisher":{"@id":"https:\/\/lasentinelle.dz\/#organization"},"image":{"@id":"https:\/\/lasentinelle.dz\/index.php\/2024\/01\/07\/2e-session-ordinaire-du-comite-central-du-parti-le-nouveau-bureau-politique-designe\/#primaryimage"},"thumbnailUrl":"https:\/\/lasentinelle.dz\/wp-content\/uploads\/2022\/11\/FLN.png","articleSection":["Politique"],"inLanguage":"fr-FR","potentialAction":[{"@type":"CommentAction","name":"Comment","target":["https:\/\/lasentinelle.dz\/index.php\/2024\/01\/07\/2e-session-ordinaire-du-comite-central-du-parti-le-nouveau-bureau-politique-designe\/#respond"]}]},{"@type":"WebPage","@id":"https:\/\/lasentinelle.dz\/index.php\/2024\/01\/07\/2e-session-ordinaire-du-comite-central-du-parti-le-nouveau-bureau-politique-designe\/","url":"https:\/\/lasentinelle.dz\/index.php\/2024\/01\/07\/2e-session-ordinaire-du-comite-central-du-parti-le-nouveau-bureau-politique-designe\/","name":"2e session ordinaire du Comit\u00e9 central du parti\u00a0: Le nouveau Bureau politique d\u00e9sign\u00e9 - La Sentinelle","isPartOf":{"@id":"https:\/\/lasentinelle.dz\/#website"},"primaryImageOfPage":{"@id":"https:\/\/lasentinelle.dz\/index.php\/2024\/01\/07\/2e-session-ordinaire-du-comite-central-du-parti-le-nouveau-bureau-politique-designe\/#primaryimage"},"image":{"@id":"https:\/\/lasentinelle.dz\/index.php\/2024\/01\/07\/2e-session-ordinaire-du-comite-central-du-parti-le-nouveau-bureau-politique-designe\/#primaryimage"},"thumbnailUrl":"https:\/\/lasentinelle.dz\/wp-content\/uploads\/2022\/11\/FLN.png","datePublished":"2024-01-07T20:31:23+00:00","dateModified":"2024-01-07T20:31:30+00:00","breadcrumb":{"@id":"https:\/\/lasentinelle.dz\/index.php\/2024\/01\/07\/2e-session-ordinaire-du-comite-central-du-parti-le-nouveau-bureau-politique-designe\/#breadcrumb"},"inLanguage":"fr-FR","potentialAction":[{"@type":"ReadAction","target":["https:\/\/lasentinelle.dz\/index.php\/2024\/01\/07\/2e-session-ordinaire-du-comite-central-du-parti-le-nouveau-bureau-politique-designe\/"]}]},{"@type":"ImageObject","inLanguage":"fr-FR","@id":"https:\/\/lasentinelle.dz\/index.php\/2024\/01\/07\/2e-session-ordinaire-du-comite-central-du-parti-le-nouveau-bureau-politique-designe\/#primaryimage","url":"https:\/\/lasentinelle.dz\/wp-content\/uploads\/2022\/11\/FLN.png","contentUrl":"https:\/\/lasentinelle.dz\/wp-content\/uploads\/2022\/11\/FLN.png","width":1350,"height":900},{"@type":"BreadcrumbList","@id":"https:\/\/lasentinelle.dz\/index.php\/2024\/01\/07\/2e-session-ordinaire-du-comite-central-du-parti-le-nouveau-bureau-politique-designe\/#breadcrumb","itemListElement":[{"@type":"ListItem","position":1,"name":"Accueil","item":"https:\/\/lasentinelle.dz\/"},{"@type":"ListItem","position":2,"name":"2e session ordinaire du Comit\u00e9 central du parti\u00a0: Le nouveau Bureau politique d\u00e9sign\u00e9"}]},{"@type":"WebSite","@id":"https:\/\/lasentinelle.dz\/#website","url":"https:\/\/lasentinelle.dz\/","name":"La Sentinelle","description":"Quotidien national d&#039;information","publisher":{"@id":"https:\/\/lasentinelle.dz\/#organization"},"potentialAction":[{"@type":"SearchAction","target":{"@type":"EntryPoint","urlTemplate":"https:\/\/lasentinelle.dz\/?s={search_term_string}"},"query-input":{"@type":"PropertyValueSpecification","valueRequired":true,"valueName":"search_term_string"}}],"inLanguage":"fr-FR"},{"@type":"Organization","@id":"https:\/\/lasentinelle.dz\/#organization","name":"Quotidien La Sentinelle","url":"https:\/\/lasentinelle.dz\/","logo":{"@type":"ImageObject","inLanguage":"fr-FR","@id":"https:\/\/lasentinelle.dz\/#\/schema\/logo\/image\/","url":"https:\/\/lasentinelle.dz\/wp-content\/uploads\/2021\/09\/logo-sentinelleSLOGAN-1.png","contentUrl":"https:\/\/lasentinelle.dz\/wp-content\/uploads\/2021\/09\/logo-sentinelleSLOGAN-1.png","width":615,"height":142,"caption":"Quotidien La Sentinelle"},"image":{"@id":"https:\/\/lasentinelle.dz\/#\/schema\/logo\/image\/"},"sameAs":["https:\/\/www.facebook.com\/La-Sentinelle-104059864394773"]},{"@type":"Person","@id":"https:\/\/lasentinelle.dz\/#\/schema\/person\/d865044e22e70a75174ce8bcad3acfb3","name":"La Sentinelle","image":{"@type":"ImageObject","inLanguage":"fr-FR","@id":"https:\/\/secure.gravatar.com\/avatar\/57de8e5d4b15d43fb361a71fbb36338450fe67865b528a43dd10ef7c51a20392?s=96&d=mm&r=g","url":"https:\/\/secure.gravatar.com\/avatar\/57de8e5d4b15d43fb361a71fbb36338450fe67865b528a43dd10ef7c51a20392?s=96&d=mm&r=g","contentUrl":"https:\/\/secure.gravatar.com\/avatar\/57de8e5d4b15d43fb361a71fbb36338450fe67865b528a43dd10ef7c51a20392?s=96&d=mm&r=g","caption":"La Sentinelle"},"sameAs":["http:\/\/www.lasentinelle.dz"],"url":"https:\/\/lasentinelle.dz\/author\/redaction\/"}]}},"_links":{"self":[{"href":"https:\/\/lasentinelle.dz\/index.php\/wp-json\/wp\/v2\/posts\/48515","targetHints":{"allow":["GET"]}}],"collection":[{"href":"https:\/\/lasentinelle.dz\/index.php\/wp-json\/wp\/v2\/posts"}],"about":[{"href":"https:\/\/lasentinelle.dz\/index.php\/wp-json\/wp\/v2\/types\/post"}],"author":[{"embeddable":true,"href":"https:\/\/lasentinelle.dz\/index.php\/wp-json\/wp\/v2\/users\/3"}],"replies":[{"embeddable":true,"href":"https:\/\/lasentinelle.dz\/index.php\/wp-json\/wp\/v2\/comments?post=48515"}],"version-history":[{"count":1,"href":"https:\/\/lasentinelle.dz\/index.php\/wp-json\/wp\/v2\/posts\/48515\/revisions"}],"predecessor-version":[{"id":48516,"href":"https:\/\/lasentinelle.dz\/index.php\/wp-json\/wp\/v2\/posts\/48515\/revisions\/48516"}],"wp:featuredmedia":[{"embeddable":true,"href":"https:\/\/lasentinelle.dz\/index.php\/wp-json\/wp\/v2\/media\/30311"}],"wp:attachment":[{"href":"https:\/\/lasentinelle.dz\/index.php\/wp-json\/wp\/v2\/media?parent=48515"}],"wp:term":[{"taxonomy":"category","embeddable":true,"href":"https:\/\/lasentinelle.dz\/index.php\/wp-json\/wp\/v2\/categories?post=48515"},{"taxonomy":"post_tag","embeddable":true,"href":"https:\/\/lasentinelle.dz\/index.php\/wp-json\/wp\/v2\/tags?post=48515"}],"curies":[{"name":"wp","href":"https:\/\/api.w.org\/{rel}","templated":true}]}}