{"id":48555,"date":"2024-01-08T21:29:16","date_gmt":"2024-01-08T20:29:16","guid":{"rendered":"https:\/\/lasentinelle.dz\/?p=48555"},"modified":"2024-01-08T21:29:19","modified_gmt":"2024-01-08T20:29:19","slug":"skikda-coup-de-balai-dans-le-secteur-de-la-sante","status":"publish","type":"post","link":"https:\/\/lasentinelle.dz\/index.php\/2024\/01\/08\/skikda-coup-de-balai-dans-le-secteur-de-la-sante\/","title":{"rendered":"Skikda\u00a0: Coup de balai dans le secteur de la sant\u00e9"},"content":{"rendered":"\n<p>Une vaste op\u00e9ration de r\u00e9organisation a \u00e9t\u00e9 op\u00e9r\u00e9e dans plusieurs \u00e9tablissements de sant\u00e9 relevant du secteur de la sant\u00e9 dans la wilaya de Skikda. Selon les sources du secteur, ce mouvement fait suite aux d\u00e9cisions du ministre de la Sant\u00e9, et sur proposition de la responsable de l\u2019ex\u00e9cutif de la wilaya de Skikda. L\u2019op\u00e9ration a touch\u00e9 nous dit-on, sept \u00e9tablissements de sant\u00e9 \u00e0 travers la wilaya. Entre installations, transferts, r\u00e9vocations et les nouvelles nominations, le secteur semble faire une mue, dont l\u2019objectif est, outre la r\u00e9organisation du fonctionnement dans le secteur, est de donner un nouvel \u00e9lan \u00e0 la modernisation des services, afin d\u2019assurer une meilleure prise en charge des patients, ont expliqu\u00e9 nos sources. Ces derniers ont pr\u00e9cis\u00e9 que le processus a \u00e9t\u00e9 supervis\u00e9 par le directeur de la Sant\u00e9 et de la Population (DSP). Celui-ci a install\u00e9 Mohamed Khalidi entant que nouveau directeur g\u00e9n\u00e9ral de l\u2019Etablissement Hospitalier Abderrazak Bouhara, en remplacement de Hicham Chaouch. Pour le DSP l\u2019imp\u00e9ratif est de d\u00e9ployer plus d\u2019efforts d\u2019assurer des services de sant\u00e9 de qualit\u00e9, en mettant en \u0153uvre les directives approuv\u00e9es par le minist\u00e8re de la Sant\u00e9 quant \u00e0 une meilleure qualit\u00e9 de prestation des services de sant\u00e9, capable de r\u00e9pondre aux aspirations des citoyens, ont rapport\u00e9 les m\u00eames sources. Ce mouvement unique est le r\u00e9sultat, selon nos sources, plus ou moins attendus, de la s\u00e9rie de visites d\u2019inspection effectu\u00e9es par la wali dans les diff\u00e9rents \u00e9tablissements de sant\u00e9 dans la wilaya. Des inspections, a-t-on pr\u00e9cis\u00e9, qui ont permis de se pencher sur l\u2019anarchie et la situation catastrophique du secteur dans la wilaya de Skikda. Des rapports accablants ont \u00e9t\u00e9 \u00e9tablis ciblant plusieurs directeurs d\u2019\u00e9tablissements hospitaliers et structures relevant du secteur de la sant\u00e9 dans la wilaya.<\/p>\n\n\n\n<p><strong>S<\/strong><strong>. Chahine<\/strong><\/p>\n","protected":false},"excerpt":{"rendered":"<p>Une vaste op\u00e9ration de r\u00e9organisation a \u00e9t\u00e9 op\u00e9r\u00e9e dans plusieurs \u00e9tablissements de sant\u00e9 relevant du secteur de la sant\u00e9 dans<\/p>\n","protected":false},"author":3,"featured_media":24482,"comment_status":"open","ping_status":"closed","sticky":false,"template":"","format":"standard","meta":{"colormag_page_container_layout":"default_layout","colormag_page_sidebar_layout":"default_layout","om_disable_all_campaigns":false,"_monsterinsights_skip_tracking":false,"_monsterinsights_sitenote_active":false,"_monsterinsights_sitenote_note":"","_monsterinsights_sitenote_category":0,"footnotes":"","_wpscppro_dont_share_socialmedia":false,"_wpscppro_custom_social_share_image":0,"_facebook_share_type":"","_twitter_share_type":"","_linkedin_share_type":"","_pinterest_share_type":"","_linkedin_share_type_page":"","_instagram_share_type":"","_medium_share_type":"","_threads_share_type":"","_google_business_share_type":"","_selected_social_profile":[],"_wpsp_enable_custom_social_template":false,"_wpsp_social_scheduling":{"enabled":false,"datetime":null,"platforms":[],"status":"template_only","dateOption":"today","timeOption":"now","customDays":"","customHours":"","customDate":"","customTime":"","schedulingType":"absolute"},"_wpsp_active_default_template":true},"categories":[31],"tags":[],"class_list":["post-48555","post","type-post","status-publish","format-standard","has-post-thumbnail","hentry","category-regions"],"aioseo_notices":[],"yoast_head":"<!-- This site is optimized with the Yoast SEO plugin v27.5 - https:\/\/yoast.com\/product\/yoast-seo-wordpress\/ -->\n<title>Skikda\u00a0: Coup de balai dans le secteur de la sant\u00e9 - La Sentinelle<\/title>\n<meta name=\"robots\" content=\"index, follow, max-snippet:-1, max-image-preview:large, max-video-preview:-1\" \/>\n<link rel=\"canonical\" href=\"https:\/\/lasentinelle.dz\/index.php\/2024\/01\/08\/skikda-coup-de-balai-dans-le-secteur-de-la-sante\/\" \/>\n<meta property=\"og:locale\" content=\"fr_FR\" \/>\n<meta property=\"og:type\" content=\"article\" \/>\n<meta property=\"og:title\" content=\"Skikda\u00a0: Coup de balai dans le secteur de la sant\u00e9 - La Sentinelle\" \/>\n<meta property=\"og:description\" content=\"Une vaste op\u00e9ration de r\u00e9organisation a \u00e9t\u00e9 op\u00e9r\u00e9e dans plusieurs \u00e9tablissements de sant\u00e9 relevant du secteur de la sant\u00e9 dans\" \/>\n<meta property=\"og:url\" content=\"https:\/\/lasentinelle.dz\/index.php\/2024\/01\/08\/skikda-coup-de-balai-dans-le-secteur-de-la-sante\/\" \/>\n<meta property=\"og:site_name\" content=\"La Sentinelle\" \/>\n<meta property=\"article:publisher\" content=\"https:\/\/www.facebook.com\/La-Sentinelle-104059864394773\" \/>\n<meta property=\"article:published_time\" content=\"2024-01-08T20:29:16+00:00\" \/>\n<meta property=\"article:modified_time\" content=\"2024-01-08T20:29:19+00:00\" \/>\n<meta property=\"og:image\" content=\"https:\/\/lasentinelle.dz\/wp-content\/uploads\/2022\/07\/Ministere-de-la-Sante.png\" \/>\n\t<meta property=\"og:image:width\" content=\"1599\" \/>\n\t<meta property=\"og:image:height\" content=\"900\" \/>\n\t<meta property=\"og:image:type\" content=\"image\/png\" \/>\n<meta name=\"author\" content=\"La Sentinelle\" \/>\n<meta name=\"twitter:card\" content=\"summary_large_image\" \/>\n<meta name=\"twitter:label1\" content=\"\u00c9crit par\" \/>\n\t<meta name=\"twitter:data1\" content=\"La Sentinelle\" \/>\n\t<meta name=\"twitter:label2\" content=\"Dur\u00e9e de lecture estim\u00e9e\" \/>\n\t<meta name=\"twitter:data2\" content=\"2 minutes\" \/>\n<script type=\"application\/ld+json\" class=\"yoast-schema-graph\">{\"@context\":\"https:\\\/\\\/schema.org\",\"@graph\":[{\"@type\":\"Article\",\"@id\":\"https:\\\/\\\/lasentinelle.dz\\\/index.php\\\/2024\\\/01\\\/08\\\/skikda-coup-de-balai-dans-le-secteur-de-la-sante\\\/#article\",\"isPartOf\":{\"@id\":\"https:\\\/\\\/lasentinelle.dz\\\/index.php\\\/2024\\\/01\\\/08\\\/skikda-coup-de-balai-dans-le-secteur-de-la-sante\\\/\"},\"author\":{\"name\":\"La Sentinelle\",\"@id\":\"https:\\\/\\\/lasentinelle.dz\\\/#\\\/schema\\\/person\\\/d865044e22e70a75174ce8bcad3acfb3\"},\"headline\":\"Skikda\u00a0: Coup de balai dans le secteur de la sant\u00e9\",\"datePublished\":\"2024-01-08T20:29:16+00:00\",\"dateModified\":\"2024-01-08T20:29:19+00:00\",\"mainEntityOfPage\":{\"@id\":\"https:\\\/\\\/lasentinelle.dz\\\/index.php\\\/2024\\\/01\\\/08\\\/skikda-coup-de-balai-dans-le-secteur-de-la-sante\\\/\"},\"wordCount\":328,\"commentCount\":0,\"publisher\":{\"@id\":\"https:\\\/\\\/lasentinelle.dz\\\/#organization\"},\"image\":{\"@id\":\"https:\\\/\\\/lasentinelle.dz\\\/index.php\\\/2024\\\/01\\\/08\\\/skikda-coup-de-balai-dans-le-secteur-de-la-sante\\\/#primaryimage\"},\"thumbnailUrl\":\"https:\\\/\\\/lasentinelle.dz\\\/wp-content\\\/uploads\\\/2022\\\/07\\\/Ministere-de-la-Sante.png\",\"articleSection\":[\"R\u00e9gions\"],\"inLanguage\":\"fr-FR\",\"potentialAction\":[{\"@type\":\"CommentAction\",\"name\":\"Comment\",\"target\":[\"https:\\\/\\\/lasentinelle.dz\\\/index.php\\\/2024\\\/01\\\/08\\\/skikda-coup-de-balai-dans-le-secteur-de-la-sante\\\/#respond\"]}]},{\"@type\":\"WebPage\",\"@id\":\"https:\\\/\\\/lasentinelle.dz\\\/index.php\\\/2024\\\/01\\\/08\\\/skikda-coup-de-balai-dans-le-secteur-de-la-sante\\\/\",\"url\":\"https:\\\/\\\/lasentinelle.dz\\\/index.php\\\/2024\\\/01\\\/08\\\/skikda-coup-de-balai-dans-le-secteur-de-la-sante\\\/\",\"name\":\"Skikda\u00a0: Coup de balai dans le secteur de la sant\u00e9 - La Sentinelle\",\"isPartOf\":{\"@id\":\"https:\\\/\\\/lasentinelle.dz\\\/#website\"},\"primaryImageOfPage\":{\"@id\":\"https:\\\/\\\/lasentinelle.dz\\\/index.php\\\/2024\\\/01\\\/08\\\/skikda-coup-de-balai-dans-le-secteur-de-la-sante\\\/#primaryimage\"},\"image\":{\"@id\":\"https:\\\/\\\/lasentinelle.dz\\\/index.php\\\/2024\\\/01\\\/08\\\/skikda-coup-de-balai-dans-le-secteur-de-la-sante\\\/#primaryimage\"},\"thumbnailUrl\":\"https:\\\/\\\/lasentinelle.dz\\\/wp-content\\\/uploads\\\/2022\\\/07\\\/Ministere-de-la-Sante.png\",\"datePublished\":\"2024-01-08T20:29:16+00:00\",\"dateModified\":\"2024-01-08T20:29:19+00:00\",\"breadcrumb\":{\"@id\":\"https:\\\/\\\/lasentinelle.dz\\\/index.php\\\/2024\\\/01\\\/08\\\/skikda-coup-de-balai-dans-le-secteur-de-la-sante\\\/#breadcrumb\"},\"inLanguage\":\"fr-FR\",\"potentialAction\":[{\"@type\":\"ReadAction\",\"target\":[\"https:\\\/\\\/lasentinelle.dz\\\/index.php\\\/2024\\\/01\\\/08\\\/skikda-coup-de-balai-dans-le-secteur-de-la-sante\\\/\"]}]},{\"@type\":\"ImageObject\",\"inLanguage\":\"fr-FR\",\"@id\":\"https:\\\/\\\/lasentinelle.dz\\\/index.php\\\/2024\\\/01\\\/08\\\/skikda-coup-de-balai-dans-le-secteur-de-la-sante\\\/#primaryimage\",\"url\":\"https:\\\/\\\/lasentinelle.dz\\\/wp-content\\\/uploads\\\/2022\\\/07\\\/Ministere-de-la-Sante.png\",\"contentUrl\":\"https:\\\/\\\/lasentinelle.dz\\\/wp-content\\\/uploads\\\/2022\\\/07\\\/Ministere-de-la-Sante.png\",\"width\":1599,\"height\":900},{\"@type\":\"BreadcrumbList\",\"@id\":\"https:\\\/\\\/lasentinelle.dz\\\/index.php\\\/2024\\\/01\\\/08\\\/skikda-coup-de-balai-dans-le-secteur-de-la-sante\\\/#breadcrumb\",\"itemListElement\":[{\"@type\":\"ListItem\",\"position\":1,\"name\":\"Accueil\",\"item\":\"https:\\\/\\\/lasentinelle.dz\\\/\"},{\"@type\":\"ListItem\",\"position\":2,\"name\":\"Skikda\u00a0: Coup de balai dans le secteur de la sant\u00e9\"}]},{\"@type\":\"WebSite\",\"@id\":\"https:\\\/\\\/lasentinelle.dz\\\/#website\",\"url\":\"https:\\\/\\\/lasentinelle.dz\\\/\",\"name\":\"La Sentinelle\",\"description\":\"Quotidien national d&#039;information\",\"publisher\":{\"@id\":\"https:\\\/\\\/lasentinelle.dz\\\/#organization\"},\"potentialAction\":[{\"@type\":\"SearchAction\",\"target\":{\"@type\":\"EntryPoint\",\"urlTemplate\":\"https:\\\/\\\/lasentinelle.dz\\\/?s={search_term_string}\"},\"query-input\":{\"@type\":\"PropertyValueSpecification\",\"valueRequired\":true,\"valueName\":\"search_term_string\"}}],\"inLanguage\":\"fr-FR\"},{\"@type\":\"Organization\",\"@id\":\"https:\\\/\\\/lasentinelle.dz\\\/#organization\",\"name\":\"Quotidien La Sentinelle\",\"url\":\"https:\\\/\\\/lasentinelle.dz\\\/\",\"logo\":{\"@type\":\"ImageObject\",\"inLanguage\":\"fr-FR\",\"@id\":\"https:\\\/\\\/lasentinelle.dz\\\/#\\\/schema\\\/logo\\\/image\\\/\",\"url\":\"https:\\\/\\\/lasentinelle.dz\\\/wp-content\\\/uploads\\\/2021\\\/09\\\/logo-sentinelleSLOGAN-1.png\",\"contentUrl\":\"https:\\\/\\\/lasentinelle.dz\\\/wp-content\\\/uploads\\\/2021\\\/09\\\/logo-sentinelleSLOGAN-1.png\",\"width\":615,\"height\":142,\"caption\":\"Quotidien La Sentinelle\"},\"image\":{\"@id\":\"https:\\\/\\\/lasentinelle.dz\\\/#\\\/schema\\\/logo\\\/image\\\/\"},\"sameAs\":[\"https:\\\/\\\/www.facebook.com\\\/La-Sentinelle-104059864394773\"]},{\"@type\":\"Person\",\"@id\":\"https:\\\/\\\/lasentinelle.dz\\\/#\\\/schema\\\/person\\\/d865044e22e70a75174ce8bcad3acfb3\",\"name\":\"La Sentinelle\",\"image\":{\"@type\":\"ImageObject\",\"inLanguage\":\"fr-FR\",\"@id\":\"https:\\\/\\\/secure.gravatar.com\\\/avatar\\\/57de8e5d4b15d43fb361a71fbb36338450fe67865b528a43dd10ef7c51a20392?s=96&d=mm&r=g\",\"url\":\"https:\\\/\\\/secure.gravatar.com\\\/avatar\\\/57de8e5d4b15d43fb361a71fbb36338450fe67865b528a43dd10ef7c51a20392?s=96&d=mm&r=g\",\"contentUrl\":\"https:\\\/\\\/secure.gravatar.com\\\/avatar\\\/57de8e5d4b15d43fb361a71fbb36338450fe67865b528a43dd10ef7c51a20392?s=96&d=mm&r=g\",\"caption\":\"La Sentinelle\"},\"sameAs\":[\"http:\\\/\\\/www.lasentinelle.dz\"],\"url\":\"https:\\\/\\\/lasentinelle.dz\\\/author\\\/redaction\\\/\"}]}<\/script>\n<!-- \/ Yoast SEO plugin. -->","yoast_head_json":{"title":"Skikda\u00a0: Coup de balai dans le secteur de la sant\u00e9 - La Sentinelle","robots":{"index":"index","follow":"follow","max-snippet":"max-snippet:-1","max-image-preview":"max-image-preview:large","max-video-preview":"max-video-preview:-1"},"canonical":"https:\/\/lasentinelle.dz\/index.php\/2024\/01\/08\/skikda-coup-de-balai-dans-le-secteur-de-la-sante\/","og_locale":"fr_FR","og_type":"article","og_title":"Skikda\u00a0: Coup de balai dans le secteur de la sant\u00e9 - La Sentinelle","og_description":"Une vaste op\u00e9ration de r\u00e9organisation a \u00e9t\u00e9 op\u00e9r\u00e9e dans plusieurs \u00e9tablissements de sant\u00e9 relevant du secteur de la sant\u00e9 dans","og_url":"https:\/\/lasentinelle.dz\/index.php\/2024\/01\/08\/skikda-coup-de-balai-dans-le-secteur-de-la-sante\/","og_site_name":"La Sentinelle","article_publisher":"https:\/\/www.facebook.com\/La-Sentinelle-104059864394773","article_published_time":"2024-01-08T20:29:16+00:00","article_modified_time":"2024-01-08T20:29:19+00:00","og_image":[{"width":1599,"height":900,"url":"https:\/\/lasentinelle.dz\/wp-content\/uploads\/2022\/07\/Ministere-de-la-Sante.png","type":"image\/png"}],"author":"La Sentinelle","twitter_card":"summary_large_image","twitter_misc":{"\u00c9crit par":"La Sentinelle","Dur\u00e9e de lecture estim\u00e9e":"2 minutes"},"schema":{"@context":"https:\/\/schema.org","@graph":[{"@type":"Article","@id":"https:\/\/lasentinelle.dz\/index.php\/2024\/01\/08\/skikda-coup-de-balai-dans-le-secteur-de-la-sante\/#article","isPartOf":{"@id":"https:\/\/lasentinelle.dz\/index.php\/2024\/01\/08\/skikda-coup-de-balai-dans-le-secteur-de-la-sante\/"},"author":{"name":"La Sentinelle","@id":"https:\/\/lasentinelle.dz\/#\/schema\/person\/d865044e22e70a75174ce8bcad3acfb3"},"headline":"Skikda\u00a0: Coup de balai dans le secteur de la sant\u00e9","datePublished":"2024-01-08T20:29:16+00:00","dateModified":"2024-01-08T20:29:19+00:00","mainEntityOfPage":{"@id":"https:\/\/lasentinelle.dz\/index.php\/2024\/01\/08\/skikda-coup-de-balai-dans-le-secteur-de-la-sante\/"},"wordCount":328,"commentCount":0,"publisher":{"@id":"https:\/\/lasentinelle.dz\/#organization"},"image":{"@id":"https:\/\/lasentinelle.dz\/index.php\/2024\/01\/08\/skikda-coup-de-balai-dans-le-secteur-de-la-sante\/#primaryimage"},"thumbnailUrl":"https:\/\/lasentinelle.dz\/wp-content\/uploads\/2022\/07\/Ministere-de-la-Sante.png","articleSection":["R\u00e9gions"],"inLanguage":"fr-FR","potentialAction":[{"@type":"CommentAction","name":"Comment","target":["https:\/\/lasentinelle.dz\/index.php\/2024\/01\/08\/skikda-coup-de-balai-dans-le-secteur-de-la-sante\/#respond"]}]},{"@type":"WebPage","@id":"https:\/\/lasentinelle.dz\/index.php\/2024\/01\/08\/skikda-coup-de-balai-dans-le-secteur-de-la-sante\/","url":"https:\/\/lasentinelle.dz\/index.php\/2024\/01\/08\/skikda-coup-de-balai-dans-le-secteur-de-la-sante\/","name":"Skikda\u00a0: Coup de balai dans le secteur de la sant\u00e9 - La Sentinelle","isPartOf":{"@id":"https:\/\/lasentinelle.dz\/#website"},"primaryImageOfPage":{"@id":"https:\/\/lasentinelle.dz\/index.php\/2024\/01\/08\/skikda-coup-de-balai-dans-le-secteur-de-la-sante\/#primaryimage"},"image":{"@id":"https:\/\/lasentinelle.dz\/index.php\/2024\/01\/08\/skikda-coup-de-balai-dans-le-secteur-de-la-sante\/#primaryimage"},"thumbnailUrl":"https:\/\/lasentinelle.dz\/wp-content\/uploads\/2022\/07\/Ministere-de-la-Sante.png","datePublished":"2024-01-08T20:29:16+00:00","dateModified":"2024-01-08T20:29:19+00:00","breadcrumb":{"@id":"https:\/\/lasentinelle.dz\/index.php\/2024\/01\/08\/skikda-coup-de-balai-dans-le-secteur-de-la-sante\/#breadcrumb"},"inLanguage":"fr-FR","potentialAction":[{"@type":"ReadAction","target":["https:\/\/lasentinelle.dz\/index.php\/2024\/01\/08\/skikda-coup-de-balai-dans-le-secteur-de-la-sante\/"]}]},{"@type":"ImageObject","inLanguage":"fr-FR","@id":"https:\/\/lasentinelle.dz\/index.php\/2024\/01\/08\/skikda-coup-de-balai-dans-le-secteur-de-la-sante\/#primaryimage","url":"https:\/\/lasentinelle.dz\/wp-content\/uploads\/2022\/07\/Ministere-de-la-Sante.png","contentUrl":"https:\/\/lasentinelle.dz\/wp-content\/uploads\/2022\/07\/Ministere-de-la-Sante.png","width":1599,"height":900},{"@type":"BreadcrumbList","@id":"https:\/\/lasentinelle.dz\/index.php\/2024\/01\/08\/skikda-coup-de-balai-dans-le-secteur-de-la-sante\/#breadcrumb","itemListElement":[{"@type":"ListItem","position":1,"name":"Accueil","item":"https:\/\/lasentinelle.dz\/"},{"@type":"ListItem","position":2,"name":"Skikda\u00a0: Coup de balai dans le secteur de la sant\u00e9"}]},{"@type":"WebSite","@id":"https:\/\/lasentinelle.dz\/#website","url":"https:\/\/lasentinelle.dz\/","name":"La Sentinelle","description":"Quotidien national d&#039;information","publisher":{"@id":"https:\/\/lasentinelle.dz\/#organization"},"potentialAction":[{"@type":"SearchAction","target":{"@type":"EntryPoint","urlTemplate":"https:\/\/lasentinelle.dz\/?s={search_term_string}"},"query-input":{"@type":"PropertyValueSpecification","valueRequired":true,"valueName":"search_term_string"}}],"inLanguage":"fr-FR"},{"@type":"Organization","@id":"https:\/\/lasentinelle.dz\/#organization","name":"Quotidien La Sentinelle","url":"https:\/\/lasentinelle.dz\/","logo":{"@type":"ImageObject","inLanguage":"fr-FR","@id":"https:\/\/lasentinelle.dz\/#\/schema\/logo\/image\/","url":"https:\/\/lasentinelle.dz\/wp-content\/uploads\/2021\/09\/logo-sentinelleSLOGAN-1.png","contentUrl":"https:\/\/lasentinelle.dz\/wp-content\/uploads\/2021\/09\/logo-sentinelleSLOGAN-1.png","width":615,"height":142,"caption":"Quotidien La Sentinelle"},"image":{"@id":"https:\/\/lasentinelle.dz\/#\/schema\/logo\/image\/"},"sameAs":["https:\/\/www.facebook.com\/La-Sentinelle-104059864394773"]},{"@type":"Person","@id":"https:\/\/lasentinelle.dz\/#\/schema\/person\/d865044e22e70a75174ce8bcad3acfb3","name":"La Sentinelle","image":{"@type":"ImageObject","inLanguage":"fr-FR","@id":"https:\/\/secure.gravatar.com\/avatar\/57de8e5d4b15d43fb361a71fbb36338450fe67865b528a43dd10ef7c51a20392?s=96&d=mm&r=g","url":"https:\/\/secure.gravatar.com\/avatar\/57de8e5d4b15d43fb361a71fbb36338450fe67865b528a43dd10ef7c51a20392?s=96&d=mm&r=g","contentUrl":"https:\/\/secure.gravatar.com\/avatar\/57de8e5d4b15d43fb361a71fbb36338450fe67865b528a43dd10ef7c51a20392?s=96&d=mm&r=g","caption":"La Sentinelle"},"sameAs":["http:\/\/www.lasentinelle.dz"],"url":"https:\/\/lasentinelle.dz\/author\/redaction\/"}]}},"_links":{"self":[{"href":"https:\/\/lasentinelle.dz\/index.php\/wp-json\/wp\/v2\/posts\/48555","targetHints":{"allow":["GET"]}}],"collection":[{"href":"https:\/\/lasentinelle.dz\/index.php\/wp-json\/wp\/v2\/posts"}],"about":[{"href":"https:\/\/lasentinelle.dz\/index.php\/wp-json\/wp\/v2\/types\/post"}],"author":[{"embeddable":true,"href":"https:\/\/lasentinelle.dz\/index.php\/wp-json\/wp\/v2\/users\/3"}],"replies":[{"embeddable":true,"href":"https:\/\/lasentinelle.dz\/index.php\/wp-json\/wp\/v2\/comments?post=48555"}],"version-history":[{"count":1,"href":"https:\/\/lasentinelle.dz\/index.php\/wp-json\/wp\/v2\/posts\/48555\/revisions"}],"predecessor-version":[{"id":48556,"href":"https:\/\/lasentinelle.dz\/index.php\/wp-json\/wp\/v2\/posts\/48555\/revisions\/48556"}],"wp:featuredmedia":[{"embeddable":true,"href":"https:\/\/lasentinelle.dz\/index.php\/wp-json\/wp\/v2\/media\/24482"}],"wp:attachment":[{"href":"https:\/\/lasentinelle.dz\/index.php\/wp-json\/wp\/v2\/media?parent=48555"}],"wp:term":[{"taxonomy":"category","embeddable":true,"href":"https:\/\/lasentinelle.dz\/index.php\/wp-json\/wp\/v2\/categories?post=48555"},{"taxonomy":"post_tag","embeddable":true,"href":"https:\/\/lasentinelle.dz\/index.php\/wp-json\/wp\/v2\/tags?post=48555"}],"curies":[{"name":"wp","href":"https:\/\/api.w.org\/{rel}","templated":true}]}}