{"id":48562,"date":"2024-01-08T21:35:24","date_gmt":"2024-01-08T20:35:24","guid":{"rendered":"https:\/\/lasentinelle.dz\/?p=48562"},"modified":"2024-01-08T21:35:26","modified_gmt":"2024-01-08T20:35:26","slug":"ouverture-prochaine-dune-exposition-permanente-de-produits-algeriens-en-cote-divoire","status":"publish","type":"post","link":"https:\/\/lasentinelle.dz\/index.php\/2024\/01\/08\/ouverture-prochaine-dune-exposition-permanente-de-produits-algeriens-en-cote-divoire\/","title":{"rendered":"Ouverture prochaine d&rsquo;une exposition permanente de produits alg\u00e9riens en C\u00f4te d&rsquo;Ivoire\u00a0"},"content":{"rendered":"\n<p>Le ministre du Commerce et de la Promotion des exportations, Tayeb Zitouni, a indiqu\u00e9 hier \u00e0 l&rsquo;ouverture d&rsquo;une Journ\u00e9e d&rsquo;information sur la loi de finances 2024, qu\u2019une exposition permanente de produits alg\u00e9riens sera ouverte en C\u00f4te d&rsquo;ivoire les prochaines semaines dans le cadre des efforts de promotion des produits nationaux et de renforcement des exportations en Afrique de l&rsquo;Ouest.&nbsp; Le ministre qui rappelle d\u2019ailleurs que l&rsquo;ouverture de cette exposition permanente en C\u00f4te d&rsquo;Ivoire a suivi l\u2019ouverture et le succ\u00e8s de foires similaires en Mauritanie et au S\u00e9n\u00e9gal a soulign\u00e9 que cette d\u00e9marche ne se limitera \u00e0 ces trois pays. Il annoncera ainsi l\u2019ouverture \u00a0\u00bb d&rsquo;expositions analogues dans d&rsquo;autres pays africains\u00a0\u00bb. Il saisira l\u2019occasion de la journ\u00e9e d\u2019information organis\u00e9e en pr\u00e9sence d\u2019op\u00e9rateurs \u00e9conomiques pour les inviter \u00e0 participer \u00e0 ces foires, qui se veulent des plateformes de promotion et de distribution \u00e0 la disposition des exportateurs, a-t-il dit, les incitant \u00e9galement \u00e0 \u00ab\u00a0participer activement\u00a0\u00bb aux expositions et autres \u00e9v\u00e9nements \u00e9conomiques que \u00ab\u00a0l&rsquo;Alg\u00e9rie compte organiser \u00e0 l&rsquo;\u00e9tranger\u00a0\u00bb. le premier responsable du d\u00e9partement du Commerce a \u00e9galement profiter de l\u2019opportunit\u00e9 pour rappeler les efforts d\u00e9ploy\u00e9s par l\u2019\u00c9tat en ce qui concernant l\u2019accompagnement des exportateurs. Il saluera \u00e0 ce propos la d\u00e9cision du pr\u00e9sident de la R\u00e9publique, Abdelmadjid Tebboune, de rouvrir le Fonds sp\u00e9cial pour la promotion des exportations \u00e0 l&rsquo;effet d&rsquo;accompagner les exportateurs \u00e0 travers la prise en charge d&rsquo;une partie des frais de transport et des frais d&rsquo;inscription des entreprises aux expositions \u00e0 l&rsquo;\u00e9tranger.Il a fait savoir que le minist\u00e8re s&rsquo;attelait \u00e0 l&rsquo;actualisation des d\u00e9crets &nbsp;ex\u00e9cutifs li\u00e9s \u00e0 ce Fonds sp\u00e9cial en droite ligne avec les attentes des exportateurs afin de les inciter \u00e0 investir les march\u00e9s \u00e9trangers.Il a en outre appel\u00e9 les hommes d&rsquo;affaires \u00e0 adh\u00e9rer en force aux chambres de commerce et d&rsquo;industrie et \u00e0 \u00eatre actifs dans les conseils d&rsquo;affaires mixtes pour qu&rsquo;ils soient une force de proposition, a-t-il dit, relevant que la CACI avait \u00e9t\u00e9 charg\u00e9e de dynamiser le r\u00f4le des conseils d&rsquo;affaires en vue de d\u00e9velopper le commerce ext\u00e9rieur et de tisser des partenariats fructueux pour promouvoir les \u00e9changes commerciaux et \u00e9conomiques.<\/p>\n\n\n\n<p>Concernant la loi de finances 2024, le ministre a indiqu\u00e9 qu&rsquo;elle \u00ab\u00a0augure d&rsquo;une ann\u00e9e \u00e9conomique par excellence \u00e0 tous les niveaux\u00a0\u00bb, mettant en avant les mesures et les avantages fiscaux contenus dans cette loi pour prot\u00e9ger le pouvoir d&rsquo;achat des citoyens, soutenir l&rsquo;investissement et l&rsquo;\u00e9conomie nationale et pr\u00e9server le tissu \u00e9conomique par le soutien aux petites et moyennes entreprises et aux start-up.<\/p>\n\n\n\n<p>De son c\u00f4t\u00e9, le ministre des Finances, La\u00e2ziz Fa\u00efd, a soulign\u00e9 &nbsp;l&rsquo;importance des mesures pr\u00e9vues dans la loi de finances, soulignant l&rsquo;attachement de son d\u00e9partement \u00e0 contribuer efficacement \u00e0 la concr\u00e9tisation de la num\u00e9risation globale.<\/p>\n\n\n\n<p>Rappelant les chantiers ouverts par son secteur \u00e0 cet effet, le ministre a notamment cit\u00e9 la cr\u00e9ation d&rsquo;une plateforme d\u00e9di\u00e9e \u00e0 la passation des march\u00e9s publics, qui permet, a-t-il expliqu\u00e9, la publication d&rsquo;avis d&rsquo;appels \u00e0 la concurrence par les services contractants et l&rsquo;\u00e9change et la diffusion d&rsquo;informations li\u00e9es aux march\u00e9s publics, avec la possibilit\u00e9 pour les op\u00e9rateurs \u00e9conomiques de t\u00e9l\u00e9charger gratuitement les diff\u00e9rents cahiers des charges.<\/p>\n\n\n\n<p><strong>Chokri Hafed<\/strong><\/p>\n","protected":false},"excerpt":{"rendered":"<p>Le ministre du Commerce et de la Promotion des exportations, Tayeb Zitouni, a indiqu\u00e9 hier \u00e0 l&rsquo;ouverture d&rsquo;une Journ\u00e9e d&rsquo;information<\/p>\n","protected":false},"author":3,"featured_media":38493,"comment_status":"open","ping_status":"closed","sticky":false,"template":"","format":"standard","meta":{"colormag_page_container_layout":"default_layout","colormag_page_sidebar_layout":"default_layout","om_disable_all_campaigns":false,"_monsterinsights_skip_tracking":false,"_monsterinsights_sitenote_active":false,"_monsterinsights_sitenote_note":"","_monsterinsights_sitenote_category":0,"footnotes":"","_wpscppro_dont_share_socialmedia":false,"_wpscppro_custom_social_share_image":0,"_facebook_share_type":"","_twitter_share_type":"","_linkedin_share_type":"","_pinterest_share_type":"","_linkedin_share_type_page":"","_instagram_share_type":"","_medium_share_type":"","_threads_share_type":"","_google_business_share_type":"","_selected_social_profile":[],"_wpsp_enable_custom_social_template":false,"_wpsp_social_scheduling":{"enabled":false,"datetime":null,"platforms":[],"status":"template_only","dateOption":"today","timeOption":"now","customDays":"","customHours":"","customDate":"","customTime":"","schedulingType":"absolute"},"_wpsp_active_default_template":true},"categories":[29],"tags":[],"class_list":["post-48562","post","type-post","status-publish","format-standard","has-post-thumbnail","hentry","category-economie"],"aioseo_notices":[],"yoast_head":"<!-- This site is optimized with the Yoast SEO plugin v27.5 - https:\/\/yoast.com\/product\/yoast-seo-wordpress\/ -->\n<title>Ouverture prochaine d&rsquo;une exposition permanente de produits alg\u00e9riens en C\u00f4te d&rsquo;Ivoire\u00a0 - La Sentinelle<\/title>\n<meta name=\"robots\" content=\"index, follow, max-snippet:-1, max-image-preview:large, max-video-preview:-1\" \/>\n<link rel=\"canonical\" href=\"https:\/\/lasentinelle.dz\/index.php\/2024\/01\/08\/ouverture-prochaine-dune-exposition-permanente-de-produits-algeriens-en-cote-divoire\/\" \/>\n<meta property=\"og:locale\" content=\"fr_FR\" \/>\n<meta property=\"og:type\" content=\"article\" \/>\n<meta property=\"og:title\" content=\"Ouverture prochaine d&rsquo;une exposition permanente de produits alg\u00e9riens en C\u00f4te d&rsquo;Ivoire\u00a0 - La Sentinelle\" \/>\n<meta property=\"og:description\" content=\"Le ministre du Commerce et de la Promotion des exportations, Tayeb Zitouni, a indiqu\u00e9 hier \u00e0 l&rsquo;ouverture d&rsquo;une Journ\u00e9e d&rsquo;information\" \/>\n<meta property=\"og:url\" content=\"https:\/\/lasentinelle.dz\/index.php\/2024\/01\/08\/ouverture-prochaine-dune-exposition-permanente-de-produits-algeriens-en-cote-divoire\/\" \/>\n<meta property=\"og:site_name\" content=\"La Sentinelle\" \/>\n<meta property=\"article:publisher\" content=\"https:\/\/www.facebook.com\/La-Sentinelle-104059864394773\" \/>\n<meta property=\"article:published_time\" content=\"2024-01-08T20:35:24+00:00\" \/>\n<meta property=\"article:modified_time\" content=\"2024-01-08T20:35:26+00:00\" \/>\n<meta property=\"og:image\" content=\"https:\/\/lasentinelle.dz\/wp-content\/uploads\/2023\/03\/zitouni.png\" \/>\n\t<meta property=\"og:image:width\" content=\"1350\" \/>\n\t<meta property=\"og:image:height\" content=\"900\" \/>\n\t<meta property=\"og:image:type\" content=\"image\/png\" \/>\n<meta name=\"author\" content=\"La Sentinelle\" \/>\n<meta name=\"twitter:card\" content=\"summary_large_image\" \/>\n<meta name=\"twitter:label1\" content=\"\u00c9crit par\" \/>\n\t<meta name=\"twitter:data1\" content=\"La Sentinelle\" \/>\n\t<meta name=\"twitter:label2\" content=\"Dur\u00e9e de lecture estim\u00e9e\" \/>\n\t<meta name=\"twitter:data2\" content=\"3 minutes\" \/>\n<script type=\"application\/ld+json\" class=\"yoast-schema-graph\">{\"@context\":\"https:\\\/\\\/schema.org\",\"@graph\":[{\"@type\":\"Article\",\"@id\":\"https:\\\/\\\/lasentinelle.dz\\\/index.php\\\/2024\\\/01\\\/08\\\/ouverture-prochaine-dune-exposition-permanente-de-produits-algeriens-en-cote-divoire\\\/#article\",\"isPartOf\":{\"@id\":\"https:\\\/\\\/lasentinelle.dz\\\/index.php\\\/2024\\\/01\\\/08\\\/ouverture-prochaine-dune-exposition-permanente-de-produits-algeriens-en-cote-divoire\\\/\"},\"author\":{\"name\":\"La Sentinelle\",\"@id\":\"https:\\\/\\\/lasentinelle.dz\\\/#\\\/schema\\\/person\\\/d865044e22e70a75174ce8bcad3acfb3\"},\"headline\":\"Ouverture prochaine d&rsquo;une exposition permanente de produits alg\u00e9riens en C\u00f4te d&rsquo;Ivoire\u00a0\",\"datePublished\":\"2024-01-08T20:35:24+00:00\",\"dateModified\":\"2024-01-08T20:35:26+00:00\",\"mainEntityOfPage\":{\"@id\":\"https:\\\/\\\/lasentinelle.dz\\\/index.php\\\/2024\\\/01\\\/08\\\/ouverture-prochaine-dune-exposition-permanente-de-produits-algeriens-en-cote-divoire\\\/\"},\"wordCount\":604,\"commentCount\":0,\"publisher\":{\"@id\":\"https:\\\/\\\/lasentinelle.dz\\\/#organization\"},\"image\":{\"@id\":\"https:\\\/\\\/lasentinelle.dz\\\/index.php\\\/2024\\\/01\\\/08\\\/ouverture-prochaine-dune-exposition-permanente-de-produits-algeriens-en-cote-divoire\\\/#primaryimage\"},\"thumbnailUrl\":\"https:\\\/\\\/lasentinelle.dz\\\/wp-content\\\/uploads\\\/2023\\\/03\\\/zitouni.png\",\"articleSection\":[\"\u00c9conomie\"],\"inLanguage\":\"fr-FR\",\"potentialAction\":[{\"@type\":\"CommentAction\",\"name\":\"Comment\",\"target\":[\"https:\\\/\\\/lasentinelle.dz\\\/index.php\\\/2024\\\/01\\\/08\\\/ouverture-prochaine-dune-exposition-permanente-de-produits-algeriens-en-cote-divoire\\\/#respond\"]}]},{\"@type\":\"WebPage\",\"@id\":\"https:\\\/\\\/lasentinelle.dz\\\/index.php\\\/2024\\\/01\\\/08\\\/ouverture-prochaine-dune-exposition-permanente-de-produits-algeriens-en-cote-divoire\\\/\",\"url\":\"https:\\\/\\\/lasentinelle.dz\\\/index.php\\\/2024\\\/01\\\/08\\\/ouverture-prochaine-dune-exposition-permanente-de-produits-algeriens-en-cote-divoire\\\/\",\"name\":\"Ouverture prochaine d&rsquo;une exposition permanente de produits alg\u00e9riens en C\u00f4te d&rsquo;Ivoire\u00a0 - La Sentinelle\",\"isPartOf\":{\"@id\":\"https:\\\/\\\/lasentinelle.dz\\\/#website\"},\"primaryImageOfPage\":{\"@id\":\"https:\\\/\\\/lasentinelle.dz\\\/index.php\\\/2024\\\/01\\\/08\\\/ouverture-prochaine-dune-exposition-permanente-de-produits-algeriens-en-cote-divoire\\\/#primaryimage\"},\"image\":{\"@id\":\"https:\\\/\\\/lasentinelle.dz\\\/index.php\\\/2024\\\/01\\\/08\\\/ouverture-prochaine-dune-exposition-permanente-de-produits-algeriens-en-cote-divoire\\\/#primaryimage\"},\"thumbnailUrl\":\"https:\\\/\\\/lasentinelle.dz\\\/wp-content\\\/uploads\\\/2023\\\/03\\\/zitouni.png\",\"datePublished\":\"2024-01-08T20:35:24+00:00\",\"dateModified\":\"2024-01-08T20:35:26+00:00\",\"breadcrumb\":{\"@id\":\"https:\\\/\\\/lasentinelle.dz\\\/index.php\\\/2024\\\/01\\\/08\\\/ouverture-prochaine-dune-exposition-permanente-de-produits-algeriens-en-cote-divoire\\\/#breadcrumb\"},\"inLanguage\":\"fr-FR\",\"potentialAction\":[{\"@type\":\"ReadAction\",\"target\":[\"https:\\\/\\\/lasentinelle.dz\\\/index.php\\\/2024\\\/01\\\/08\\\/ouverture-prochaine-dune-exposition-permanente-de-produits-algeriens-en-cote-divoire\\\/\"]}]},{\"@type\":\"ImageObject\",\"inLanguage\":\"fr-FR\",\"@id\":\"https:\\\/\\\/lasentinelle.dz\\\/index.php\\\/2024\\\/01\\\/08\\\/ouverture-prochaine-dune-exposition-permanente-de-produits-algeriens-en-cote-divoire\\\/#primaryimage\",\"url\":\"https:\\\/\\\/lasentinelle.dz\\\/wp-content\\\/uploads\\\/2023\\\/03\\\/zitouni.png\",\"contentUrl\":\"https:\\\/\\\/lasentinelle.dz\\\/wp-content\\\/uploads\\\/2023\\\/03\\\/zitouni.png\",\"width\":1350,\"height\":900},{\"@type\":\"BreadcrumbList\",\"@id\":\"https:\\\/\\\/lasentinelle.dz\\\/index.php\\\/2024\\\/01\\\/08\\\/ouverture-prochaine-dune-exposition-permanente-de-produits-algeriens-en-cote-divoire\\\/#breadcrumb\",\"itemListElement\":[{\"@type\":\"ListItem\",\"position\":1,\"name\":\"Accueil\",\"item\":\"https:\\\/\\\/lasentinelle.dz\\\/\"},{\"@type\":\"ListItem\",\"position\":2,\"name\":\"Ouverture prochaine d&rsquo;une exposition permanente de produits alg\u00e9riens en C\u00f4te d&rsquo;Ivoire\u00a0\"}]},{\"@type\":\"WebSite\",\"@id\":\"https:\\\/\\\/lasentinelle.dz\\\/#website\",\"url\":\"https:\\\/\\\/lasentinelle.dz\\\/\",\"name\":\"La Sentinelle\",\"description\":\"Quotidien national d&#039;information\",\"publisher\":{\"@id\":\"https:\\\/\\\/lasentinelle.dz\\\/#organization\"},\"potentialAction\":[{\"@type\":\"SearchAction\",\"target\":{\"@type\":\"EntryPoint\",\"urlTemplate\":\"https:\\\/\\\/lasentinelle.dz\\\/?s={search_term_string}\"},\"query-input\":{\"@type\":\"PropertyValueSpecification\",\"valueRequired\":true,\"valueName\":\"search_term_string\"}}],\"inLanguage\":\"fr-FR\"},{\"@type\":\"Organization\",\"@id\":\"https:\\\/\\\/lasentinelle.dz\\\/#organization\",\"name\":\"Quotidien La Sentinelle\",\"url\":\"https:\\\/\\\/lasentinelle.dz\\\/\",\"logo\":{\"@type\":\"ImageObject\",\"inLanguage\":\"fr-FR\",\"@id\":\"https:\\\/\\\/lasentinelle.dz\\\/#\\\/schema\\\/logo\\\/image\\\/\",\"url\":\"https:\\\/\\\/lasentinelle.dz\\\/wp-content\\\/uploads\\\/2021\\\/09\\\/logo-sentinelleSLOGAN-1.png\",\"contentUrl\":\"https:\\\/\\\/lasentinelle.dz\\\/wp-content\\\/uploads\\\/2021\\\/09\\\/logo-sentinelleSLOGAN-1.png\",\"width\":615,\"height\":142,\"caption\":\"Quotidien La Sentinelle\"},\"image\":{\"@id\":\"https:\\\/\\\/lasentinelle.dz\\\/#\\\/schema\\\/logo\\\/image\\\/\"},\"sameAs\":[\"https:\\\/\\\/www.facebook.com\\\/La-Sentinelle-104059864394773\"]},{\"@type\":\"Person\",\"@id\":\"https:\\\/\\\/lasentinelle.dz\\\/#\\\/schema\\\/person\\\/d865044e22e70a75174ce8bcad3acfb3\",\"name\":\"La Sentinelle\",\"image\":{\"@type\":\"ImageObject\",\"inLanguage\":\"fr-FR\",\"@id\":\"https:\\\/\\\/secure.gravatar.com\\\/avatar\\\/57de8e5d4b15d43fb361a71fbb36338450fe67865b528a43dd10ef7c51a20392?s=96&d=mm&r=g\",\"url\":\"https:\\\/\\\/secure.gravatar.com\\\/avatar\\\/57de8e5d4b15d43fb361a71fbb36338450fe67865b528a43dd10ef7c51a20392?s=96&d=mm&r=g\",\"contentUrl\":\"https:\\\/\\\/secure.gravatar.com\\\/avatar\\\/57de8e5d4b15d43fb361a71fbb36338450fe67865b528a43dd10ef7c51a20392?s=96&d=mm&r=g\",\"caption\":\"La Sentinelle\"},\"sameAs\":[\"http:\\\/\\\/www.lasentinelle.dz\"],\"url\":\"https:\\\/\\\/lasentinelle.dz\\\/author\\\/redaction\\\/\"}]}<\/script>\n<!-- \/ Yoast SEO plugin. -->","yoast_head_json":{"title":"Ouverture prochaine d&rsquo;une exposition permanente de produits alg\u00e9riens en C\u00f4te d&rsquo;Ivoire\u00a0 - La Sentinelle","robots":{"index":"index","follow":"follow","max-snippet":"max-snippet:-1","max-image-preview":"max-image-preview:large","max-video-preview":"max-video-preview:-1"},"canonical":"https:\/\/lasentinelle.dz\/index.php\/2024\/01\/08\/ouverture-prochaine-dune-exposition-permanente-de-produits-algeriens-en-cote-divoire\/","og_locale":"fr_FR","og_type":"article","og_title":"Ouverture prochaine d&rsquo;une exposition permanente de produits alg\u00e9riens en C\u00f4te d&rsquo;Ivoire\u00a0 - La Sentinelle","og_description":"Le ministre du Commerce et de la Promotion des exportations, Tayeb Zitouni, a indiqu\u00e9 hier \u00e0 l&rsquo;ouverture d&rsquo;une Journ\u00e9e d&rsquo;information","og_url":"https:\/\/lasentinelle.dz\/index.php\/2024\/01\/08\/ouverture-prochaine-dune-exposition-permanente-de-produits-algeriens-en-cote-divoire\/","og_site_name":"La Sentinelle","article_publisher":"https:\/\/www.facebook.com\/La-Sentinelle-104059864394773","article_published_time":"2024-01-08T20:35:24+00:00","article_modified_time":"2024-01-08T20:35:26+00:00","og_image":[{"width":1350,"height":900,"url":"https:\/\/lasentinelle.dz\/wp-content\/uploads\/2023\/03\/zitouni.png","type":"image\/png"}],"author":"La Sentinelle","twitter_card":"summary_large_image","twitter_misc":{"\u00c9crit par":"La Sentinelle","Dur\u00e9e de lecture estim\u00e9e":"3 minutes"},"schema":{"@context":"https:\/\/schema.org","@graph":[{"@type":"Article","@id":"https:\/\/lasentinelle.dz\/index.php\/2024\/01\/08\/ouverture-prochaine-dune-exposition-permanente-de-produits-algeriens-en-cote-divoire\/#article","isPartOf":{"@id":"https:\/\/lasentinelle.dz\/index.php\/2024\/01\/08\/ouverture-prochaine-dune-exposition-permanente-de-produits-algeriens-en-cote-divoire\/"},"author":{"name":"La Sentinelle","@id":"https:\/\/lasentinelle.dz\/#\/schema\/person\/d865044e22e70a75174ce8bcad3acfb3"},"headline":"Ouverture prochaine d&rsquo;une exposition permanente de produits alg\u00e9riens en C\u00f4te d&rsquo;Ivoire\u00a0","datePublished":"2024-01-08T20:35:24+00:00","dateModified":"2024-01-08T20:35:26+00:00","mainEntityOfPage":{"@id":"https:\/\/lasentinelle.dz\/index.php\/2024\/01\/08\/ouverture-prochaine-dune-exposition-permanente-de-produits-algeriens-en-cote-divoire\/"},"wordCount":604,"commentCount":0,"publisher":{"@id":"https:\/\/lasentinelle.dz\/#organization"},"image":{"@id":"https:\/\/lasentinelle.dz\/index.php\/2024\/01\/08\/ouverture-prochaine-dune-exposition-permanente-de-produits-algeriens-en-cote-divoire\/#primaryimage"},"thumbnailUrl":"https:\/\/lasentinelle.dz\/wp-content\/uploads\/2023\/03\/zitouni.png","articleSection":["\u00c9conomie"],"inLanguage":"fr-FR","potentialAction":[{"@type":"CommentAction","name":"Comment","target":["https:\/\/lasentinelle.dz\/index.php\/2024\/01\/08\/ouverture-prochaine-dune-exposition-permanente-de-produits-algeriens-en-cote-divoire\/#respond"]}]},{"@type":"WebPage","@id":"https:\/\/lasentinelle.dz\/index.php\/2024\/01\/08\/ouverture-prochaine-dune-exposition-permanente-de-produits-algeriens-en-cote-divoire\/","url":"https:\/\/lasentinelle.dz\/index.php\/2024\/01\/08\/ouverture-prochaine-dune-exposition-permanente-de-produits-algeriens-en-cote-divoire\/","name":"Ouverture prochaine d&rsquo;une exposition permanente de produits alg\u00e9riens en C\u00f4te d&rsquo;Ivoire\u00a0 - La Sentinelle","isPartOf":{"@id":"https:\/\/lasentinelle.dz\/#website"},"primaryImageOfPage":{"@id":"https:\/\/lasentinelle.dz\/index.php\/2024\/01\/08\/ouverture-prochaine-dune-exposition-permanente-de-produits-algeriens-en-cote-divoire\/#primaryimage"},"image":{"@id":"https:\/\/lasentinelle.dz\/index.php\/2024\/01\/08\/ouverture-prochaine-dune-exposition-permanente-de-produits-algeriens-en-cote-divoire\/#primaryimage"},"thumbnailUrl":"https:\/\/lasentinelle.dz\/wp-content\/uploads\/2023\/03\/zitouni.png","datePublished":"2024-01-08T20:35:24+00:00","dateModified":"2024-01-08T20:35:26+00:00","breadcrumb":{"@id":"https:\/\/lasentinelle.dz\/index.php\/2024\/01\/08\/ouverture-prochaine-dune-exposition-permanente-de-produits-algeriens-en-cote-divoire\/#breadcrumb"},"inLanguage":"fr-FR","potentialAction":[{"@type":"ReadAction","target":["https:\/\/lasentinelle.dz\/index.php\/2024\/01\/08\/ouverture-prochaine-dune-exposition-permanente-de-produits-algeriens-en-cote-divoire\/"]}]},{"@type":"ImageObject","inLanguage":"fr-FR","@id":"https:\/\/lasentinelle.dz\/index.php\/2024\/01\/08\/ouverture-prochaine-dune-exposition-permanente-de-produits-algeriens-en-cote-divoire\/#primaryimage","url":"https:\/\/lasentinelle.dz\/wp-content\/uploads\/2023\/03\/zitouni.png","contentUrl":"https:\/\/lasentinelle.dz\/wp-content\/uploads\/2023\/03\/zitouni.png","width":1350,"height":900},{"@type":"BreadcrumbList","@id":"https:\/\/lasentinelle.dz\/index.php\/2024\/01\/08\/ouverture-prochaine-dune-exposition-permanente-de-produits-algeriens-en-cote-divoire\/#breadcrumb","itemListElement":[{"@type":"ListItem","position":1,"name":"Accueil","item":"https:\/\/lasentinelle.dz\/"},{"@type":"ListItem","position":2,"name":"Ouverture prochaine d&rsquo;une exposition permanente de produits alg\u00e9riens en C\u00f4te d&rsquo;Ivoire\u00a0"}]},{"@type":"WebSite","@id":"https:\/\/lasentinelle.dz\/#website","url":"https:\/\/lasentinelle.dz\/","name":"La Sentinelle","description":"Quotidien national d&#039;information","publisher":{"@id":"https:\/\/lasentinelle.dz\/#organization"},"potentialAction":[{"@type":"SearchAction","target":{"@type":"EntryPoint","urlTemplate":"https:\/\/lasentinelle.dz\/?s={search_term_string}"},"query-input":{"@type":"PropertyValueSpecification","valueRequired":true,"valueName":"search_term_string"}}],"inLanguage":"fr-FR"},{"@type":"Organization","@id":"https:\/\/lasentinelle.dz\/#organization","name":"Quotidien La Sentinelle","url":"https:\/\/lasentinelle.dz\/","logo":{"@type":"ImageObject","inLanguage":"fr-FR","@id":"https:\/\/lasentinelle.dz\/#\/schema\/logo\/image\/","url":"https:\/\/lasentinelle.dz\/wp-content\/uploads\/2021\/09\/logo-sentinelleSLOGAN-1.png","contentUrl":"https:\/\/lasentinelle.dz\/wp-content\/uploads\/2021\/09\/logo-sentinelleSLOGAN-1.png","width":615,"height":142,"caption":"Quotidien La Sentinelle"},"image":{"@id":"https:\/\/lasentinelle.dz\/#\/schema\/logo\/image\/"},"sameAs":["https:\/\/www.facebook.com\/La-Sentinelle-104059864394773"]},{"@type":"Person","@id":"https:\/\/lasentinelle.dz\/#\/schema\/person\/d865044e22e70a75174ce8bcad3acfb3","name":"La Sentinelle","image":{"@type":"ImageObject","inLanguage":"fr-FR","@id":"https:\/\/secure.gravatar.com\/avatar\/57de8e5d4b15d43fb361a71fbb36338450fe67865b528a43dd10ef7c51a20392?s=96&d=mm&r=g","url":"https:\/\/secure.gravatar.com\/avatar\/57de8e5d4b15d43fb361a71fbb36338450fe67865b528a43dd10ef7c51a20392?s=96&d=mm&r=g","contentUrl":"https:\/\/secure.gravatar.com\/avatar\/57de8e5d4b15d43fb361a71fbb36338450fe67865b528a43dd10ef7c51a20392?s=96&d=mm&r=g","caption":"La Sentinelle"},"sameAs":["http:\/\/www.lasentinelle.dz"],"url":"https:\/\/lasentinelle.dz\/author\/redaction\/"}]}},"_links":{"self":[{"href":"https:\/\/lasentinelle.dz\/index.php\/wp-json\/wp\/v2\/posts\/48562","targetHints":{"allow":["GET"]}}],"collection":[{"href":"https:\/\/lasentinelle.dz\/index.php\/wp-json\/wp\/v2\/posts"}],"about":[{"href":"https:\/\/lasentinelle.dz\/index.php\/wp-json\/wp\/v2\/types\/post"}],"author":[{"embeddable":true,"href":"https:\/\/lasentinelle.dz\/index.php\/wp-json\/wp\/v2\/users\/3"}],"replies":[{"embeddable":true,"href":"https:\/\/lasentinelle.dz\/index.php\/wp-json\/wp\/v2\/comments?post=48562"}],"version-history":[{"count":2,"href":"https:\/\/lasentinelle.dz\/index.php\/wp-json\/wp\/v2\/posts\/48562\/revisions"}],"predecessor-version":[{"id":48564,"href":"https:\/\/lasentinelle.dz\/index.php\/wp-json\/wp\/v2\/posts\/48562\/revisions\/48564"}],"wp:featuredmedia":[{"embeddable":true,"href":"https:\/\/lasentinelle.dz\/index.php\/wp-json\/wp\/v2\/media\/38493"}],"wp:attachment":[{"href":"https:\/\/lasentinelle.dz\/index.php\/wp-json\/wp\/v2\/media?parent=48562"}],"wp:term":[{"taxonomy":"category","embeddable":true,"href":"https:\/\/lasentinelle.dz\/index.php\/wp-json\/wp\/v2\/categories?post=48562"},{"taxonomy":"post_tag","embeddable":true,"href":"https:\/\/lasentinelle.dz\/index.php\/wp-json\/wp\/v2\/tags?post=48562"}],"curies":[{"name":"wp","href":"https:\/\/api.w.org\/{rel}","templated":true}]}}