{"id":48565,"date":"2024-01-08T21:36:16","date_gmt":"2024-01-08T20:36:16","guid":{"rendered":"https:\/\/lasentinelle.dz\/?p=48565"},"modified":"2024-01-08T21:36:18","modified_gmt":"2024-01-08T20:36:18","slug":"complexe-el-hadjar-200-hectares-de-foncier-a-recuperer","status":"publish","type":"post","link":"https:\/\/lasentinelle.dz\/index.php\/2024\/01\/08\/complexe-el-hadjar-200-hectares-de-foncier-a-recuperer\/","title":{"rendered":"Complexe El Hadjar\u00a0: 200 hectares de foncier \u00e0 r\u00e9cup\u00e9rer"},"content":{"rendered":"\n<p>Le pr\u00e9sident de la R\u00e9publique a ordonn\u00e9 dimanche en Conseil des ministres, la r\u00e9cup\u00e9ration des actifs r\u00e9siduels du complexe sid\u00e9rurgique d\u2019El-Hadjar afin de les orienter \u00e0 l\u2019investissement. Dans ce sens, le wali d\u2019Annaba a install\u00e9 hier une commission pour identifier ces actifs, alors 200 hectares de foncier r\u00e9siduel sont susceptibles d\u2019\u00eatre r\u00e9cup\u00e9r\u00e9s.<\/p>\n\n\n\n<p><br>Le wali d\u2019Annaba, Abdelkader Djellaoui, a effectu\u00e9 hier une visite au complexe Sider El Hadjar, dans le cadre de l\u2019application des instructions du pr\u00e9sident de la R\u00e9publique a indiqu\u00e9 hier un communiqu\u00e9 de la wilaya. Accompagn\u00e9 du Pr\u00e9sident Directeur G\u00e9n\u00e9ral&nbsp; (PDG) du Complexe Sider, du directeur de l&rsquo;industrie, des domaines de publics, du Cadastre, de l\u2019urbanisme, de l&rsquo;\u00e9nergie et des travaux publics, le chef de l\u2019ex\u00e9cutif local a pris connaissance de tous les d\u00e9tails et informations n\u00e9cessaires sur l\u2019ensemble des actifs fonciers relevant de la propri\u00e9t\u00e9 du complexe sid\u00e9rurgique, a ajout\u00e9 la m\u00eame source. Cette sortie sur terrain a \u00e9t\u00e9 suivie, le m\u00eame jour, par&nbsp;&nbsp; une r\u00e9union, en pr\u00e9sence des m\u00eames responsables.&nbsp; Il est \u00e0 noter que la r\u00e9cup\u00e9ration de tout le foncier industriel r\u00e9siduel dans le pourtour du complexe, n\u00e9cessite une coordination entre les diff\u00e9rentes administrations concern\u00e9es. De ce fait, le wali d\u2019Annaba a d\u00e9sign\u00e9 une commission qui se chargera&nbsp; d&rsquo;identifier les actifs&nbsp; r\u00e9siduels, afin de les inclure dans le domaine immobilier \u00e9conomique destin\u00e9 \u00e0 l&rsquo;investissement. Pr\u00e9sid\u00e9e par le premier responsable de la wilaya, la commission a entam\u00e9 son travail par l\u2019\u00e9tude d\u2019un premier dossier, relatif \u00e0 la r\u00e9cup\u00e9ration du foncier industriel dans le pourtour du complexe sid\u00e9rurgique et son orientation vers l\u2019investissement. Suite \u00e0 quoi, un dossier a \u00e9t\u00e9 pr\u00e9par\u00e9 pour \u00eatre envoy\u00e9 pour \u00e9tude au niveau du Conseil de participation&nbsp; de l&rsquo;\u00c9tat (CPE),&nbsp; pour compl\u00e9ter les proc\u00e9dures dans le cadre de la loi 23\/17, qui d\u00e9termine les conditions et modalit\u00e9s d&rsquo;octroi du foncier \u00e9conomique relevant du domaine priv\u00e9 de l&rsquo;\u00c9tat destin\u00e9s pour la mise en \u0153uvre de projets d&rsquo;investissement.<\/p>\n\n\n\n<p>Dans ce contexte le Directeur g\u00e9n\u00e9ral du Complexe, Lamine Sedrati, a indiqu\u00e9 dans une d\u00e9claration \u00e0 l\u2019APS, en marge de la visite que 200 hectares de foncier industriel exc\u00e9dentaire, situ\u00e9s dans le p\u00e9rim\u00e8tre du complexe El Hadjar devraient \u00eatre r\u00e9cup\u00e9r\u00e9s pour accueillir des investissements. Le foncier exc\u00e9dentaire identifi\u00e9 comprend environ 140 hectares de terrains industriels exc\u00e9dentaires, non exploit\u00e9s dans le p\u00e9rim\u00e8tre du &nbsp;complexe, et quelque 60 hectares repr\u00e9sentant des zones exc\u00e9dentaires, \u00e9galement inexploit\u00e9es, situ\u00e9es dans l\u2019enceinte de l\u2019usine.Le PDG du complexe sid\u00e9rurgique a soulign\u00e9 que le foncier identifi\u00e9 aux fins de r\u00e9cup\u00e9ration pour l\u2019investissement, \u00ab\u00a0constitue un foncier exc\u00e9dentaire et inexploit\u00e9, dont la r\u00e9cup\u00e9ration n\u2019affectera ni l\u2019activit\u00e9 du complexe, ni les pr\u00e9visions d\u2019investissement li\u00e9es \u00e0 son expansion\u00a0\u00bb.Il a \u00e9galement affirm\u00e9 que le foncier industriel identifi\u00e9 pour la r\u00e9cup\u00e9ration est \u00ab\u00a0strat\u00e9giquement situ\u00e9\u00a0\u00bb en raison de son am\u00e9nagement ais\u00e9 et de la proximit\u00e9 des r\u00e9seaux n\u00e9cessaires \u00e0 l\u2019activit\u00e9 industrielle.Il a consid\u00e9r\u00e9, dans ce contexte, que de nombreux investissements publics et priv\u00e9s, ainsi que des petites et moyennes entreprises et des start-ups trouveront dans le foncier industriel identifi\u00e9 une opportunit\u00e9 de relancer l\u2019\u00e9conomie de la r\u00e9gion.<\/p>\n\n\n\n<p>Toutes ces d\u00e9marches viennent, rappelons-le, en application des instructions du pr\u00e9sident de la R\u00e9publique, M. Abdelmadjid Tebboune, qui rappelons-le, encore,&nbsp; a ordonn\u00e9 au ministre de l\u2019Industrie et de la Production pharmaceutique, lors de la r\u00e9union du Conseil des ministres qu\u2019il a pr\u00e9sid\u00e9e&nbsp; ce dimanche, de superviser l\u2019op\u00e9ration de r\u00e9cup\u00e9ration du foncier industriel dans le pourtour du complexe d\u2019El Hadjar \u00e0 Annaba, et son orientation vers l\u2019investissement,&nbsp; sous forme de concession convertible en cession apr\u00e8s finalisation de la concr\u00e9tisation du projet d\u2019investissement selon le cahier des charges mis en place par les textes d\u2019application de la loi sur le foncier \u00e9conomique.<\/p>\n\n\n\n<p><strong>Sofia Chahine<\/strong><\/p>\n","protected":false},"excerpt":{"rendered":"<p>Le pr\u00e9sident de la R\u00e9publique a ordonn\u00e9 dimanche en Conseil des ministres, la r\u00e9cup\u00e9ration des actifs r\u00e9siduels du complexe sid\u00e9rurgique<\/p>\n","protected":false},"author":3,"featured_media":48537,"comment_status":"open","ping_status":"closed","sticky":false,"template":"","format":"standard","meta":{"colormag_page_container_layout":"default_layout","colormag_page_sidebar_layout":"default_layout","om_disable_all_campaigns":false,"_monsterinsights_skip_tracking":false,"_monsterinsights_sitenote_active":false,"_monsterinsights_sitenote_note":"","_monsterinsights_sitenote_category":0,"footnotes":"","_wpscppro_dont_share_socialmedia":false,"_wpscppro_custom_social_share_image":0,"_facebook_share_type":"","_twitter_share_type":"","_linkedin_share_type":"","_pinterest_share_type":"","_linkedin_share_type_page":"","_instagram_share_type":"","_medium_share_type":"","_threads_share_type":"","_google_business_share_type":"","_selected_social_profile":[],"_wpsp_enable_custom_social_template":false,"_wpsp_social_scheduling":{"enabled":false,"datetime":null,"platforms":[],"status":"template_only","dateOption":"today","timeOption":"now","customDays":"","customHours":"","customDate":"","customTime":"","schedulingType":"absolute"},"_wpsp_active_default_template":true},"categories":[52,29],"tags":[],"class_list":["post-48565","post","type-post","status-publish","format-standard","has-post-thumbnail","hentry","category-a-la-une","category-economie"],"aioseo_notices":[],"yoast_head":"<!-- This site is optimized with the Yoast SEO plugin v27.5 - https:\/\/yoast.com\/product\/yoast-seo-wordpress\/ -->\n<title>Complexe El Hadjar\u00a0: 200 hectares de foncier \u00e0 r\u00e9cup\u00e9rer - La Sentinelle<\/title>\n<meta name=\"robots\" content=\"index, follow, max-snippet:-1, max-image-preview:large, max-video-preview:-1\" \/>\n<link rel=\"canonical\" href=\"https:\/\/lasentinelle.dz\/index.php\/2024\/01\/08\/complexe-el-hadjar-200-hectares-de-foncier-a-recuperer\/\" \/>\n<meta property=\"og:locale\" content=\"fr_FR\" \/>\n<meta property=\"og:type\" content=\"article\" \/>\n<meta property=\"og:title\" content=\"Complexe El Hadjar\u00a0: 200 hectares de foncier \u00e0 r\u00e9cup\u00e9rer - La Sentinelle\" \/>\n<meta property=\"og:description\" content=\"Le pr\u00e9sident de la R\u00e9publique a ordonn\u00e9 dimanche en Conseil des ministres, la r\u00e9cup\u00e9ration des actifs r\u00e9siduels du complexe sid\u00e9rurgique\" \/>\n<meta property=\"og:url\" content=\"https:\/\/lasentinelle.dz\/index.php\/2024\/01\/08\/complexe-el-hadjar-200-hectares-de-foncier-a-recuperer\/\" \/>\n<meta property=\"og:site_name\" content=\"La Sentinelle\" \/>\n<meta property=\"article:publisher\" content=\"https:\/\/www.facebook.com\/La-Sentinelle-104059864394773\" \/>\n<meta property=\"article:published_time\" content=\"2024-01-08T20:36:16+00:00\" \/>\n<meta property=\"article:modified_time\" content=\"2024-01-08T20:36:18+00:00\" \/>\n<meta property=\"og:image\" content=\"https:\/\/lasentinelle.dz\/wp-content\/uploads\/2024\/01\/el-hadjar.jpeg\" \/>\n\t<meta property=\"og:image:width\" content=\"2048\" \/>\n\t<meta property=\"og:image:height\" content=\"1371\" \/>\n\t<meta property=\"og:image:type\" content=\"image\/jpeg\" \/>\n<meta name=\"author\" content=\"La Sentinelle\" \/>\n<meta name=\"twitter:card\" content=\"summary_large_image\" \/>\n<meta name=\"twitter:label1\" content=\"\u00c9crit par\" \/>\n\t<meta name=\"twitter:data1\" content=\"La Sentinelle\" \/>\n\t<meta name=\"twitter:label2\" content=\"Dur\u00e9e de lecture estim\u00e9e\" \/>\n\t<meta name=\"twitter:data2\" content=\"4 minutes\" \/>\n<script type=\"application\/ld+json\" class=\"yoast-schema-graph\">{\"@context\":\"https:\\\/\\\/schema.org\",\"@graph\":[{\"@type\":\"Article\",\"@id\":\"https:\\\/\\\/lasentinelle.dz\\\/index.php\\\/2024\\\/01\\\/08\\\/complexe-el-hadjar-200-hectares-de-foncier-a-recuperer\\\/#article\",\"isPartOf\":{\"@id\":\"https:\\\/\\\/lasentinelle.dz\\\/index.php\\\/2024\\\/01\\\/08\\\/complexe-el-hadjar-200-hectares-de-foncier-a-recuperer\\\/\"},\"author\":{\"name\":\"La Sentinelle\",\"@id\":\"https:\\\/\\\/lasentinelle.dz\\\/#\\\/schema\\\/person\\\/d865044e22e70a75174ce8bcad3acfb3\"},\"headline\":\"Complexe El Hadjar\u00a0: 200 hectares de foncier \u00e0 r\u00e9cup\u00e9rer\",\"datePublished\":\"2024-01-08T20:36:16+00:00\",\"dateModified\":\"2024-01-08T20:36:18+00:00\",\"mainEntityOfPage\":{\"@id\":\"https:\\\/\\\/lasentinelle.dz\\\/index.php\\\/2024\\\/01\\\/08\\\/complexe-el-hadjar-200-hectares-de-foncier-a-recuperer\\\/\"},\"wordCount\":736,\"commentCount\":0,\"publisher\":{\"@id\":\"https:\\\/\\\/lasentinelle.dz\\\/#organization\"},\"image\":{\"@id\":\"https:\\\/\\\/lasentinelle.dz\\\/index.php\\\/2024\\\/01\\\/08\\\/complexe-el-hadjar-200-hectares-de-foncier-a-recuperer\\\/#primaryimage\"},\"thumbnailUrl\":\"https:\\\/\\\/lasentinelle.dz\\\/wp-content\\\/uploads\\\/2024\\\/01\\\/el-hadjar.jpeg\",\"articleSection\":[\"\u00c0 la Une\",\"\u00c9conomie\"],\"inLanguage\":\"fr-FR\",\"potentialAction\":[{\"@type\":\"CommentAction\",\"name\":\"Comment\",\"target\":[\"https:\\\/\\\/lasentinelle.dz\\\/index.php\\\/2024\\\/01\\\/08\\\/complexe-el-hadjar-200-hectares-de-foncier-a-recuperer\\\/#respond\"]}]},{\"@type\":\"WebPage\",\"@id\":\"https:\\\/\\\/lasentinelle.dz\\\/index.php\\\/2024\\\/01\\\/08\\\/complexe-el-hadjar-200-hectares-de-foncier-a-recuperer\\\/\",\"url\":\"https:\\\/\\\/lasentinelle.dz\\\/index.php\\\/2024\\\/01\\\/08\\\/complexe-el-hadjar-200-hectares-de-foncier-a-recuperer\\\/\",\"name\":\"Complexe El Hadjar\u00a0: 200 hectares de foncier \u00e0 r\u00e9cup\u00e9rer - La Sentinelle\",\"isPartOf\":{\"@id\":\"https:\\\/\\\/lasentinelle.dz\\\/#website\"},\"primaryImageOfPage\":{\"@id\":\"https:\\\/\\\/lasentinelle.dz\\\/index.php\\\/2024\\\/01\\\/08\\\/complexe-el-hadjar-200-hectares-de-foncier-a-recuperer\\\/#primaryimage\"},\"image\":{\"@id\":\"https:\\\/\\\/lasentinelle.dz\\\/index.php\\\/2024\\\/01\\\/08\\\/complexe-el-hadjar-200-hectares-de-foncier-a-recuperer\\\/#primaryimage\"},\"thumbnailUrl\":\"https:\\\/\\\/lasentinelle.dz\\\/wp-content\\\/uploads\\\/2024\\\/01\\\/el-hadjar.jpeg\",\"datePublished\":\"2024-01-08T20:36:16+00:00\",\"dateModified\":\"2024-01-08T20:36:18+00:00\",\"breadcrumb\":{\"@id\":\"https:\\\/\\\/lasentinelle.dz\\\/index.php\\\/2024\\\/01\\\/08\\\/complexe-el-hadjar-200-hectares-de-foncier-a-recuperer\\\/#breadcrumb\"},\"inLanguage\":\"fr-FR\",\"potentialAction\":[{\"@type\":\"ReadAction\",\"target\":[\"https:\\\/\\\/lasentinelle.dz\\\/index.php\\\/2024\\\/01\\\/08\\\/complexe-el-hadjar-200-hectares-de-foncier-a-recuperer\\\/\"]}]},{\"@type\":\"ImageObject\",\"inLanguage\":\"fr-FR\",\"@id\":\"https:\\\/\\\/lasentinelle.dz\\\/index.php\\\/2024\\\/01\\\/08\\\/complexe-el-hadjar-200-hectares-de-foncier-a-recuperer\\\/#primaryimage\",\"url\":\"https:\\\/\\\/lasentinelle.dz\\\/wp-content\\\/uploads\\\/2024\\\/01\\\/el-hadjar.jpeg\",\"contentUrl\":\"https:\\\/\\\/lasentinelle.dz\\\/wp-content\\\/uploads\\\/2024\\\/01\\\/el-hadjar.jpeg\",\"width\":2048,\"height\":1371},{\"@type\":\"BreadcrumbList\",\"@id\":\"https:\\\/\\\/lasentinelle.dz\\\/index.php\\\/2024\\\/01\\\/08\\\/complexe-el-hadjar-200-hectares-de-foncier-a-recuperer\\\/#breadcrumb\",\"itemListElement\":[{\"@type\":\"ListItem\",\"position\":1,\"name\":\"Accueil\",\"item\":\"https:\\\/\\\/lasentinelle.dz\\\/\"},{\"@type\":\"ListItem\",\"position\":2,\"name\":\"Complexe El Hadjar\u00a0: 200 hectares de foncier \u00e0 r\u00e9cup\u00e9rer\"}]},{\"@type\":\"WebSite\",\"@id\":\"https:\\\/\\\/lasentinelle.dz\\\/#website\",\"url\":\"https:\\\/\\\/lasentinelle.dz\\\/\",\"name\":\"La Sentinelle\",\"description\":\"Quotidien national d&#039;information\",\"publisher\":{\"@id\":\"https:\\\/\\\/lasentinelle.dz\\\/#organization\"},\"potentialAction\":[{\"@type\":\"SearchAction\",\"target\":{\"@type\":\"EntryPoint\",\"urlTemplate\":\"https:\\\/\\\/lasentinelle.dz\\\/?s={search_term_string}\"},\"query-input\":{\"@type\":\"PropertyValueSpecification\",\"valueRequired\":true,\"valueName\":\"search_term_string\"}}],\"inLanguage\":\"fr-FR\"},{\"@type\":\"Organization\",\"@id\":\"https:\\\/\\\/lasentinelle.dz\\\/#organization\",\"name\":\"Quotidien La Sentinelle\",\"url\":\"https:\\\/\\\/lasentinelle.dz\\\/\",\"logo\":{\"@type\":\"ImageObject\",\"inLanguage\":\"fr-FR\",\"@id\":\"https:\\\/\\\/lasentinelle.dz\\\/#\\\/schema\\\/logo\\\/image\\\/\",\"url\":\"https:\\\/\\\/lasentinelle.dz\\\/wp-content\\\/uploads\\\/2021\\\/09\\\/logo-sentinelleSLOGAN-1.png\",\"contentUrl\":\"https:\\\/\\\/lasentinelle.dz\\\/wp-content\\\/uploads\\\/2021\\\/09\\\/logo-sentinelleSLOGAN-1.png\",\"width\":615,\"height\":142,\"caption\":\"Quotidien La Sentinelle\"},\"image\":{\"@id\":\"https:\\\/\\\/lasentinelle.dz\\\/#\\\/schema\\\/logo\\\/image\\\/\"},\"sameAs\":[\"https:\\\/\\\/www.facebook.com\\\/La-Sentinelle-104059864394773\"]},{\"@type\":\"Person\",\"@id\":\"https:\\\/\\\/lasentinelle.dz\\\/#\\\/schema\\\/person\\\/d865044e22e70a75174ce8bcad3acfb3\",\"name\":\"La Sentinelle\",\"image\":{\"@type\":\"ImageObject\",\"inLanguage\":\"fr-FR\",\"@id\":\"https:\\\/\\\/secure.gravatar.com\\\/avatar\\\/57de8e5d4b15d43fb361a71fbb36338450fe67865b528a43dd10ef7c51a20392?s=96&d=mm&r=g\",\"url\":\"https:\\\/\\\/secure.gravatar.com\\\/avatar\\\/57de8e5d4b15d43fb361a71fbb36338450fe67865b528a43dd10ef7c51a20392?s=96&d=mm&r=g\",\"contentUrl\":\"https:\\\/\\\/secure.gravatar.com\\\/avatar\\\/57de8e5d4b15d43fb361a71fbb36338450fe67865b528a43dd10ef7c51a20392?s=96&d=mm&r=g\",\"caption\":\"La Sentinelle\"},\"sameAs\":[\"http:\\\/\\\/www.lasentinelle.dz\"],\"url\":\"https:\\\/\\\/lasentinelle.dz\\\/author\\\/redaction\\\/\"}]}<\/script>\n<!-- \/ Yoast SEO plugin. -->","yoast_head_json":{"title":"Complexe El Hadjar\u00a0: 200 hectares de foncier \u00e0 r\u00e9cup\u00e9rer - La Sentinelle","robots":{"index":"index","follow":"follow","max-snippet":"max-snippet:-1","max-image-preview":"max-image-preview:large","max-video-preview":"max-video-preview:-1"},"canonical":"https:\/\/lasentinelle.dz\/index.php\/2024\/01\/08\/complexe-el-hadjar-200-hectares-de-foncier-a-recuperer\/","og_locale":"fr_FR","og_type":"article","og_title":"Complexe El Hadjar\u00a0: 200 hectares de foncier \u00e0 r\u00e9cup\u00e9rer - La Sentinelle","og_description":"Le pr\u00e9sident de la R\u00e9publique a ordonn\u00e9 dimanche en Conseil des ministres, la r\u00e9cup\u00e9ration des actifs r\u00e9siduels du complexe sid\u00e9rurgique","og_url":"https:\/\/lasentinelle.dz\/index.php\/2024\/01\/08\/complexe-el-hadjar-200-hectares-de-foncier-a-recuperer\/","og_site_name":"La Sentinelle","article_publisher":"https:\/\/www.facebook.com\/La-Sentinelle-104059864394773","article_published_time":"2024-01-08T20:36:16+00:00","article_modified_time":"2024-01-08T20:36:18+00:00","og_image":[{"width":2048,"height":1371,"url":"https:\/\/lasentinelle.dz\/wp-content\/uploads\/2024\/01\/el-hadjar.jpeg","type":"image\/jpeg"}],"author":"La Sentinelle","twitter_card":"summary_large_image","twitter_misc":{"\u00c9crit par":"La Sentinelle","Dur\u00e9e de lecture estim\u00e9e":"4 minutes"},"schema":{"@context":"https:\/\/schema.org","@graph":[{"@type":"Article","@id":"https:\/\/lasentinelle.dz\/index.php\/2024\/01\/08\/complexe-el-hadjar-200-hectares-de-foncier-a-recuperer\/#article","isPartOf":{"@id":"https:\/\/lasentinelle.dz\/index.php\/2024\/01\/08\/complexe-el-hadjar-200-hectares-de-foncier-a-recuperer\/"},"author":{"name":"La Sentinelle","@id":"https:\/\/lasentinelle.dz\/#\/schema\/person\/d865044e22e70a75174ce8bcad3acfb3"},"headline":"Complexe El Hadjar\u00a0: 200 hectares de foncier \u00e0 r\u00e9cup\u00e9rer","datePublished":"2024-01-08T20:36:16+00:00","dateModified":"2024-01-08T20:36:18+00:00","mainEntityOfPage":{"@id":"https:\/\/lasentinelle.dz\/index.php\/2024\/01\/08\/complexe-el-hadjar-200-hectares-de-foncier-a-recuperer\/"},"wordCount":736,"commentCount":0,"publisher":{"@id":"https:\/\/lasentinelle.dz\/#organization"},"image":{"@id":"https:\/\/lasentinelle.dz\/index.php\/2024\/01\/08\/complexe-el-hadjar-200-hectares-de-foncier-a-recuperer\/#primaryimage"},"thumbnailUrl":"https:\/\/lasentinelle.dz\/wp-content\/uploads\/2024\/01\/el-hadjar.jpeg","articleSection":["\u00c0 la Une","\u00c9conomie"],"inLanguage":"fr-FR","potentialAction":[{"@type":"CommentAction","name":"Comment","target":["https:\/\/lasentinelle.dz\/index.php\/2024\/01\/08\/complexe-el-hadjar-200-hectares-de-foncier-a-recuperer\/#respond"]}]},{"@type":"WebPage","@id":"https:\/\/lasentinelle.dz\/index.php\/2024\/01\/08\/complexe-el-hadjar-200-hectares-de-foncier-a-recuperer\/","url":"https:\/\/lasentinelle.dz\/index.php\/2024\/01\/08\/complexe-el-hadjar-200-hectares-de-foncier-a-recuperer\/","name":"Complexe El Hadjar\u00a0: 200 hectares de foncier \u00e0 r\u00e9cup\u00e9rer - La Sentinelle","isPartOf":{"@id":"https:\/\/lasentinelle.dz\/#website"},"primaryImageOfPage":{"@id":"https:\/\/lasentinelle.dz\/index.php\/2024\/01\/08\/complexe-el-hadjar-200-hectares-de-foncier-a-recuperer\/#primaryimage"},"image":{"@id":"https:\/\/lasentinelle.dz\/index.php\/2024\/01\/08\/complexe-el-hadjar-200-hectares-de-foncier-a-recuperer\/#primaryimage"},"thumbnailUrl":"https:\/\/lasentinelle.dz\/wp-content\/uploads\/2024\/01\/el-hadjar.jpeg","datePublished":"2024-01-08T20:36:16+00:00","dateModified":"2024-01-08T20:36:18+00:00","breadcrumb":{"@id":"https:\/\/lasentinelle.dz\/index.php\/2024\/01\/08\/complexe-el-hadjar-200-hectares-de-foncier-a-recuperer\/#breadcrumb"},"inLanguage":"fr-FR","potentialAction":[{"@type":"ReadAction","target":["https:\/\/lasentinelle.dz\/index.php\/2024\/01\/08\/complexe-el-hadjar-200-hectares-de-foncier-a-recuperer\/"]}]},{"@type":"ImageObject","inLanguage":"fr-FR","@id":"https:\/\/lasentinelle.dz\/index.php\/2024\/01\/08\/complexe-el-hadjar-200-hectares-de-foncier-a-recuperer\/#primaryimage","url":"https:\/\/lasentinelle.dz\/wp-content\/uploads\/2024\/01\/el-hadjar.jpeg","contentUrl":"https:\/\/lasentinelle.dz\/wp-content\/uploads\/2024\/01\/el-hadjar.jpeg","width":2048,"height":1371},{"@type":"BreadcrumbList","@id":"https:\/\/lasentinelle.dz\/index.php\/2024\/01\/08\/complexe-el-hadjar-200-hectares-de-foncier-a-recuperer\/#breadcrumb","itemListElement":[{"@type":"ListItem","position":1,"name":"Accueil","item":"https:\/\/lasentinelle.dz\/"},{"@type":"ListItem","position":2,"name":"Complexe El Hadjar\u00a0: 200 hectares de foncier \u00e0 r\u00e9cup\u00e9rer"}]},{"@type":"WebSite","@id":"https:\/\/lasentinelle.dz\/#website","url":"https:\/\/lasentinelle.dz\/","name":"La Sentinelle","description":"Quotidien national d&#039;information","publisher":{"@id":"https:\/\/lasentinelle.dz\/#organization"},"potentialAction":[{"@type":"SearchAction","target":{"@type":"EntryPoint","urlTemplate":"https:\/\/lasentinelle.dz\/?s={search_term_string}"},"query-input":{"@type":"PropertyValueSpecification","valueRequired":true,"valueName":"search_term_string"}}],"inLanguage":"fr-FR"},{"@type":"Organization","@id":"https:\/\/lasentinelle.dz\/#organization","name":"Quotidien La Sentinelle","url":"https:\/\/lasentinelle.dz\/","logo":{"@type":"ImageObject","inLanguage":"fr-FR","@id":"https:\/\/lasentinelle.dz\/#\/schema\/logo\/image\/","url":"https:\/\/lasentinelle.dz\/wp-content\/uploads\/2021\/09\/logo-sentinelleSLOGAN-1.png","contentUrl":"https:\/\/lasentinelle.dz\/wp-content\/uploads\/2021\/09\/logo-sentinelleSLOGAN-1.png","width":615,"height":142,"caption":"Quotidien La Sentinelle"},"image":{"@id":"https:\/\/lasentinelle.dz\/#\/schema\/logo\/image\/"},"sameAs":["https:\/\/www.facebook.com\/La-Sentinelle-104059864394773"]},{"@type":"Person","@id":"https:\/\/lasentinelle.dz\/#\/schema\/person\/d865044e22e70a75174ce8bcad3acfb3","name":"La Sentinelle","image":{"@type":"ImageObject","inLanguage":"fr-FR","@id":"https:\/\/secure.gravatar.com\/avatar\/57de8e5d4b15d43fb361a71fbb36338450fe67865b528a43dd10ef7c51a20392?s=96&d=mm&r=g","url":"https:\/\/secure.gravatar.com\/avatar\/57de8e5d4b15d43fb361a71fbb36338450fe67865b528a43dd10ef7c51a20392?s=96&d=mm&r=g","contentUrl":"https:\/\/secure.gravatar.com\/avatar\/57de8e5d4b15d43fb361a71fbb36338450fe67865b528a43dd10ef7c51a20392?s=96&d=mm&r=g","caption":"La Sentinelle"},"sameAs":["http:\/\/www.lasentinelle.dz"],"url":"https:\/\/lasentinelle.dz\/author\/redaction\/"}]}},"_links":{"self":[{"href":"https:\/\/lasentinelle.dz\/index.php\/wp-json\/wp\/v2\/posts\/48565","targetHints":{"allow":["GET"]}}],"collection":[{"href":"https:\/\/lasentinelle.dz\/index.php\/wp-json\/wp\/v2\/posts"}],"about":[{"href":"https:\/\/lasentinelle.dz\/index.php\/wp-json\/wp\/v2\/types\/post"}],"author":[{"embeddable":true,"href":"https:\/\/lasentinelle.dz\/index.php\/wp-json\/wp\/v2\/users\/3"}],"replies":[{"embeddable":true,"href":"https:\/\/lasentinelle.dz\/index.php\/wp-json\/wp\/v2\/comments?post=48565"}],"version-history":[{"count":1,"href":"https:\/\/lasentinelle.dz\/index.php\/wp-json\/wp\/v2\/posts\/48565\/revisions"}],"predecessor-version":[{"id":48566,"href":"https:\/\/lasentinelle.dz\/index.php\/wp-json\/wp\/v2\/posts\/48565\/revisions\/48566"}],"wp:featuredmedia":[{"embeddable":true,"href":"https:\/\/lasentinelle.dz\/index.php\/wp-json\/wp\/v2\/media\/48537"}],"wp:attachment":[{"href":"https:\/\/lasentinelle.dz\/index.php\/wp-json\/wp\/v2\/media?parent=48565"}],"wp:term":[{"taxonomy":"category","embeddable":true,"href":"https:\/\/lasentinelle.dz\/index.php\/wp-json\/wp\/v2\/categories?post=48565"},{"taxonomy":"post_tag","embeddable":true,"href":"https:\/\/lasentinelle.dz\/index.php\/wp-json\/wp\/v2\/tags?post=48565"}],"curies":[{"name":"wp","href":"https:\/\/api.w.org\/{rel}","templated":true}]}}