{"id":48569,"date":"2024-01-08T21:39:57","date_gmt":"2024-01-08T20:39:57","guid":{"rendered":"https:\/\/lasentinelle.dz\/?p=48569"},"modified":"2024-01-08T21:39:59","modified_gmt":"2024-01-08T20:39:59","slug":"plafonnement-des-marges-beneficiaires-quels-sont-les-produits-alimentaires-concernes","status":"publish","type":"post","link":"https:\/\/lasentinelle.dz\/index.php\/2024\/01\/08\/plafonnement-des-marges-beneficiaires-quels-sont-les-produits-alimentaires-concernes\/","title":{"rendered":"Plafonnement des marges b\u00e9n\u00e9ficiaires\u00a0: Quels sont les produits alimentaires concern\u00e9s\u00a0?"},"content":{"rendered":"\n<p>Douze produits alimentaires, \u00e0 l\u2019image de la viande, des l\u00e9gumes secs, la semoule, le lait UHT, l\u2019huile et le sucre, entre autres, seront concern\u00e9s par les nouvelles dispositions relatives au plafonnement des marges b\u00e9n\u00e9ficiaires.<\/p>\n\n\n\n<p>Le mois de Ramadhan approche, alors que l\u2019Ex\u00e9cutif acc\u00e9l\u00e8re la cadence pour mettre en place sp\u00e9cial d\u2019approvisionnement du march\u00e9 et de contr\u00f4le des prix, afin d\u2019endiguer toute d\u00e9rive sp\u00e9culative des prix des produits alimentaires. Une d\u00e9marche qui entre dans le cadre des instructions des plus hautes autorit\u00e9s du pays qui font de la pr\u00e9servation du pouvoir d\u2019achat et de la ma\u00eetrise de l\u2019inflation une priorit\u00e9 absolue. C\u2019est dans ce contexte que les d\u00e9partements de l\u2019Agriculture et du Commerce ont mis en place une s\u00e9rie de m\u00e9canismes afin de mieux surveiller l\u2019approvisionnement du march\u00e9 en recourant notamment aux moyens num\u00e9riques, mais aussi la pr\u00e9paration de stocks et la hausse de la production de certains produits pour faire face \u00e0 la hausse de la demande qui caract\u00e9rise le mois sacr\u00e9, en plus de l\u2019ouverture de march\u00e9s de proximit\u00e9. Au-del\u00e0 du dispositif sp\u00e9cial Ramadhan, le minist\u00e8re du Commerce mise sur un dispositif devant permettre de r\u00e9guler le march\u00e9 et de garantir son approvisionnement \u00e0 longueur d\u2019ann\u00e9e, pour \u00e9viter tout \u00e9pisode de p\u00e9nurie comme par le pass\u00e9, et pour contr\u00f4ler les prix sur la base d\u2019une structure des prix et du plafonnement des marges b\u00e9n\u00e9ficiaires des produits de large consommation. Dans ce contexte, le directeur g\u00e9n\u00e9ral de la r\u00e9gulation et de l&rsquo;organisation des<\/p>\n\n\n\n<p>activit\u00e9s au minist\u00e8re, Samy Kolli a indiqu\u00e9 sur les ondes de la Radio alg\u00e9rienne que le gouvernement a donn\u00e9 son accord concernant la loi devant fixer les marges b\u00e9n\u00e9ficiaires des l\u00e9gumes secs, dont le texte sera publi\u00e9 \u00ab\u00a0incessamment\u00a0\u00bb. D&rsquo;autres textes suivront pour fixer les marges b\u00e9n\u00e9ficiaires des viandes ainsi que l&rsquo;ensemble des 12 produits de premi\u00e8re n\u00e9cessit\u00e9, a indiqu\u00e9 M. Kolli, soulignant que le processus d&rsquo;\u00e9laboration de ces textes a \u00e9t\u00e9 \u00e9tabli avec la consultation et l&rsquo;adh\u00e9sion des op\u00e9rateurs \u00e9conomiques.La liste des produits de premi\u00e8re n\u00e9cessit\u00e9 comprend notamment le lait, la semoule, la farine, l&rsquo;huile, le sucre, le lait infantile, le lait UHT, les levures, les viandes, les eaux.\u00a0\u00bbCette liste n&rsquo;est pas limitative, elle est susceptible d&rsquo;\u00eatre \u00e9largie, notamment aux fruits et l\u00e9gumes tels que la pomme de terre, l&rsquo;oignon et l&rsquo;ail\u00a0\u00bb, a-t-il affirm\u00e9.<\/p>\n\n\n\n<p>Le m\u00eame responsable a \u00e9galement indiqu\u00e9 que la plateforme num\u00e9rique, en cours de mise en \u0153uvre, d\u00e9die au suivi de la distribution des produits de large consommation, et qui devrait constituer un instrument majeur de r\u00e9gulation du march\u00e9 et de ma\u00eetrise de la structure des prix, doit \u00eatre lanc\u00e9e d&rsquo;ici la mi-f\u00e9vrier. Cette plateforme a pour objectif de constituer \u00ab\u00a0un outil d&rsquo;aide \u00e0 la d\u00e9cision\u00a0\u00bb pour les pouvoirs publics et \u00ab\u00a0un tableau de bord\u00a0\u00bb pour l&rsquo;orientation des d\u00e9cisions concernant le march\u00e9 national en mati\u00e8re de distribution et d&rsquo;encadrement des prix, a expliqu\u00e9 Samy Kolli.\u00a0\u00bbNous avons identifi\u00e9 1.067 unit\u00e9s de production qui sont au sein de cette plateforme avec leurs capacit\u00e9s th\u00e9oriques et leurs capacit\u00e9s r\u00e9elles de production\u00a0\u00bb, a indiqu\u00e9 le directeur ajoutant que le minist\u00e8re a \u00e9galement identifi\u00e9 \u00e0 ce jour 14.431 distributeurs au stade de gros avant d&rsquo;inclure 118.000 d\u00e9taillants parmi lesquels 2.535 grandes surfaces.<\/p>\n\n\n\n<p>85.000 tonnes de viande import\u00e9e pour le Ramadhan<\/p>\n\n\n\n<p>S&rsquo;agissant des pr\u00e9paratifs du mois sacr\u00e9 du Ramadan 2024, M. Kolli a indiqu\u00e9 que le minist\u00e8re a tenu des r\u00e9unions avec les raffineurs d&rsquo;huile et du sucre ayant permis de se projeter sur une augmentation de la production \u00e0 hauteur de 4.000 tonnes d&rsquo;huile ainsi que 4.500 tonnes de sucre, avant le d\u00e9but du Ramadan.M. Kolli a aussi fait savoir que 85.000 tonnes de viande rouges seront import\u00e9es pour le Ramadan, dont les prix seront plafonn\u00e9s \u00e0 1.200 dinars\/kilo.Il a \u00e9galementr\u00e9affirm\u00e9 \u00ab\u00a0l&rsquo;obligation cette ann\u00e9e d&rsquo;ouvrir un march\u00e9 de proximit\u00e9 par Da\u00efra\u00a0\u00bb, dans le but de lutter contre la sp\u00e9culation et de r\u00e9guler le march\u00e9.\u00a0\u00bbNous avons commenc\u00e9 \u00e0 tenir une s\u00e9rie de r\u00e9unions pour casser la sp\u00e9culation, promouvoir la production nationale et appliquer les instructions sur le respect des marges b\u00e9n\u00e9ficiaires\u00a0\u00bb, a-t-il dit. De son c\u00f4t\u00e9, Directeur g\u00e9n\u00e9ral du contr\u00f4le \u00e9conomique et de la r\u00e9pression des fraudes au niveau du m\u00eame minist\u00e8re, Mohamed Mezghache, a indiqu\u00e9 dans une autre intervention \u00e0 la Radio alg\u00e9rienne, \u00e0 propos de r\u00e9gulation du march\u00e9 que&nbsp; la Soci\u00e9t\u00e9 de r\u00e9alisation et de gestion des march\u00e9s de gros \u00ab\u00a0Magros\u00a0\u00bb assurera, prochainement \u00e0 travers ses espaces commerciaux, l&rsquo;absorption de l&rsquo;exc\u00e9dent de la production agricole et l&rsquo;accompagnement des agriculteurs pour le stockage et la commercialisation de leurs produits \u00e0 m\u00eame de contribuer \u00e0 la r\u00e9gulation du march\u00e9 national.<\/p>\n\n\n\n<p>En pr\u00e9vision du mois de Ramadan, le responsable a indiqu\u00e9 qu'\u00a0\u00bbune commission nationale a \u00e9t\u00e9 install\u00e9e sous la supervision du minist\u00e8re du Commerce et de la Promotion des exportations, regroupant les secteurs de l&rsquo;Agriculture et du D\u00e9veloppement rural et de l&rsquo;Industrie sous forme de commissions de wilaya sous l&rsquo;autorit\u00e9 des walis\u00a0\u00bb.&nbsp; &nbsp;Dans ce cadre, les rencontres p\u00e9riodiques sont actuellement intensifi\u00e9es pour recenser les capacit\u00e9s de production des produits de large consommation en vue de doubler la production et r\u00e9pondre aux besoins des citoyens, selon le responsable qui a affirm\u00e9 \u00ab\u00a0l&rsquo;abondance de diff\u00e9rents produits alimentaires\u00a0\u00bb.<\/p>\n\n\n\n<p>Sabrina Aziouez<\/p>\n","protected":false},"excerpt":{"rendered":"<p>Douze produits alimentaires, \u00e0 l\u2019image de la viande, des l\u00e9gumes secs, la semoule, le lait UHT, l\u2019huile et le sucre,<\/p>\n","protected":false},"author":3,"featured_media":48570,"comment_status":"open","ping_status":"closed","sticky":false,"template":"","format":"standard","meta":{"colormag_page_container_layout":"default_layout","colormag_page_sidebar_layout":"default_layout","om_disable_all_campaigns":false,"_monsterinsights_skip_tracking":false,"_monsterinsights_sitenote_active":false,"_monsterinsights_sitenote_note":"","_monsterinsights_sitenote_category":0,"footnotes":"","_wpscppro_dont_share_socialmedia":false,"_wpscppro_custom_social_share_image":0,"_facebook_share_type":"","_twitter_share_type":"","_linkedin_share_type":"","_pinterest_share_type":"","_linkedin_share_type_page":"","_instagram_share_type":"","_medium_share_type":"","_threads_share_type":"","_google_business_share_type":"","_selected_social_profile":[],"_wpsp_enable_custom_social_template":false,"_wpsp_social_scheduling":{"enabled":false,"datetime":null,"platforms":[],"status":"template_only","dateOption":"today","timeOption":"now","customDays":"","customHours":"","customDate":"","customTime":"","schedulingType":"absolute"},"_wpsp_active_default_template":true},"categories":[52,29],"tags":[],"class_list":["post-48569","post","type-post","status-publish","format-standard","has-post-thumbnail","hentry","category-a-la-une","category-economie"],"aioseo_notices":[],"yoast_head":"<!-- This site is optimized with the Yoast SEO plugin v27.5 - https:\/\/yoast.com\/product\/yoast-seo-wordpress\/ -->\n<title>Plafonnement des marges b\u00e9n\u00e9ficiaires\u00a0: Quels sont les produits alimentaires concern\u00e9s\u00a0? - La Sentinelle<\/title>\n<meta name=\"robots\" content=\"index, follow, max-snippet:-1, max-image-preview:large, max-video-preview:-1\" \/>\n<link rel=\"canonical\" href=\"https:\/\/lasentinelle.dz\/index.php\/2024\/01\/08\/plafonnement-des-marges-beneficiaires-quels-sont-les-produits-alimentaires-concernes\/\" \/>\n<meta property=\"og:locale\" content=\"fr_FR\" \/>\n<meta property=\"og:type\" content=\"article\" \/>\n<meta property=\"og:title\" content=\"Plafonnement des marges b\u00e9n\u00e9ficiaires\u00a0: Quels sont les produits alimentaires concern\u00e9s\u00a0? - La Sentinelle\" \/>\n<meta property=\"og:description\" content=\"Douze produits alimentaires, \u00e0 l\u2019image de la viande, des l\u00e9gumes secs, la semoule, le lait UHT, l\u2019huile et le sucre,\" \/>\n<meta property=\"og:url\" content=\"https:\/\/lasentinelle.dz\/index.php\/2024\/01\/08\/plafonnement-des-marges-beneficiaires-quels-sont-les-produits-alimentaires-concernes\/\" \/>\n<meta property=\"og:site_name\" content=\"La Sentinelle\" \/>\n<meta property=\"article:publisher\" content=\"https:\/\/www.facebook.com\/La-Sentinelle-104059864394773\" \/>\n<meta property=\"article:published_time\" content=\"2024-01-08T20:39:57+00:00\" \/>\n<meta property=\"article:modified_time\" content=\"2024-01-08T20:39:59+00:00\" \/>\n<meta property=\"og:image\" content=\"https:\/\/lasentinelle.dz\/wp-content\/uploads\/2024\/01\/superette-algerie.webp\" \/>\n\t<meta property=\"og:image:width\" content=\"1118\" \/>\n\t<meta property=\"og:image:height\" content=\"595\" \/>\n\t<meta property=\"og:image:type\" content=\"image\/webp\" \/>\n<meta name=\"author\" content=\"La Sentinelle\" \/>\n<meta name=\"twitter:card\" content=\"summary_large_image\" \/>\n<meta name=\"twitter:label1\" content=\"\u00c9crit par\" \/>\n\t<meta name=\"twitter:data1\" content=\"La Sentinelle\" \/>\n\t<meta name=\"twitter:label2\" content=\"Dur\u00e9e de lecture estim\u00e9e\" \/>\n\t<meta name=\"twitter:data2\" content=\"5 minutes\" \/>\n<script type=\"application\/ld+json\" class=\"yoast-schema-graph\">{\"@context\":\"https:\\\/\\\/schema.org\",\"@graph\":[{\"@type\":\"Article\",\"@id\":\"https:\\\/\\\/lasentinelle.dz\\\/index.php\\\/2024\\\/01\\\/08\\\/plafonnement-des-marges-beneficiaires-quels-sont-les-produits-alimentaires-concernes\\\/#article\",\"isPartOf\":{\"@id\":\"https:\\\/\\\/lasentinelle.dz\\\/index.php\\\/2024\\\/01\\\/08\\\/plafonnement-des-marges-beneficiaires-quels-sont-les-produits-alimentaires-concernes\\\/\"},\"author\":{\"name\":\"La Sentinelle\",\"@id\":\"https:\\\/\\\/lasentinelle.dz\\\/#\\\/schema\\\/person\\\/d865044e22e70a75174ce8bcad3acfb3\"},\"headline\":\"Plafonnement des marges b\u00e9n\u00e9ficiaires\u00a0: Quels sont les produits alimentaires concern\u00e9s\u00a0?\",\"datePublished\":\"2024-01-08T20:39:57+00:00\",\"dateModified\":\"2024-01-08T20:39:59+00:00\",\"mainEntityOfPage\":{\"@id\":\"https:\\\/\\\/lasentinelle.dz\\\/index.php\\\/2024\\\/01\\\/08\\\/plafonnement-des-marges-beneficiaires-quels-sont-les-produits-alimentaires-concernes\\\/\"},\"wordCount\":992,\"commentCount\":0,\"publisher\":{\"@id\":\"https:\\\/\\\/lasentinelle.dz\\\/#organization\"},\"image\":{\"@id\":\"https:\\\/\\\/lasentinelle.dz\\\/index.php\\\/2024\\\/01\\\/08\\\/plafonnement-des-marges-beneficiaires-quels-sont-les-produits-alimentaires-concernes\\\/#primaryimage\"},\"thumbnailUrl\":\"https:\\\/\\\/lasentinelle.dz\\\/wp-content\\\/uploads\\\/2024\\\/01\\\/superette-algerie.webp\",\"articleSection\":[\"\u00c0 la Une\",\"\u00c9conomie\"],\"inLanguage\":\"fr-FR\",\"potentialAction\":[{\"@type\":\"CommentAction\",\"name\":\"Comment\",\"target\":[\"https:\\\/\\\/lasentinelle.dz\\\/index.php\\\/2024\\\/01\\\/08\\\/plafonnement-des-marges-beneficiaires-quels-sont-les-produits-alimentaires-concernes\\\/#respond\"]}]},{\"@type\":\"WebPage\",\"@id\":\"https:\\\/\\\/lasentinelle.dz\\\/index.php\\\/2024\\\/01\\\/08\\\/plafonnement-des-marges-beneficiaires-quels-sont-les-produits-alimentaires-concernes\\\/\",\"url\":\"https:\\\/\\\/lasentinelle.dz\\\/index.php\\\/2024\\\/01\\\/08\\\/plafonnement-des-marges-beneficiaires-quels-sont-les-produits-alimentaires-concernes\\\/\",\"name\":\"Plafonnement des marges b\u00e9n\u00e9ficiaires\u00a0: Quels sont les produits alimentaires concern\u00e9s\u00a0? - La Sentinelle\",\"isPartOf\":{\"@id\":\"https:\\\/\\\/lasentinelle.dz\\\/#website\"},\"primaryImageOfPage\":{\"@id\":\"https:\\\/\\\/lasentinelle.dz\\\/index.php\\\/2024\\\/01\\\/08\\\/plafonnement-des-marges-beneficiaires-quels-sont-les-produits-alimentaires-concernes\\\/#primaryimage\"},\"image\":{\"@id\":\"https:\\\/\\\/lasentinelle.dz\\\/index.php\\\/2024\\\/01\\\/08\\\/plafonnement-des-marges-beneficiaires-quels-sont-les-produits-alimentaires-concernes\\\/#primaryimage\"},\"thumbnailUrl\":\"https:\\\/\\\/lasentinelle.dz\\\/wp-content\\\/uploads\\\/2024\\\/01\\\/superette-algerie.webp\",\"datePublished\":\"2024-01-08T20:39:57+00:00\",\"dateModified\":\"2024-01-08T20:39:59+00:00\",\"breadcrumb\":{\"@id\":\"https:\\\/\\\/lasentinelle.dz\\\/index.php\\\/2024\\\/01\\\/08\\\/plafonnement-des-marges-beneficiaires-quels-sont-les-produits-alimentaires-concernes\\\/#breadcrumb\"},\"inLanguage\":\"fr-FR\",\"potentialAction\":[{\"@type\":\"ReadAction\",\"target\":[\"https:\\\/\\\/lasentinelle.dz\\\/index.php\\\/2024\\\/01\\\/08\\\/plafonnement-des-marges-beneficiaires-quels-sont-les-produits-alimentaires-concernes\\\/\"]}]},{\"@type\":\"ImageObject\",\"inLanguage\":\"fr-FR\",\"@id\":\"https:\\\/\\\/lasentinelle.dz\\\/index.php\\\/2024\\\/01\\\/08\\\/plafonnement-des-marges-beneficiaires-quels-sont-les-produits-alimentaires-concernes\\\/#primaryimage\",\"url\":\"https:\\\/\\\/lasentinelle.dz\\\/wp-content\\\/uploads\\\/2024\\\/01\\\/superette-algerie.webp\",\"contentUrl\":\"https:\\\/\\\/lasentinelle.dz\\\/wp-content\\\/uploads\\\/2024\\\/01\\\/superette-algerie.webp\",\"width\":1118,\"height\":595},{\"@type\":\"BreadcrumbList\",\"@id\":\"https:\\\/\\\/lasentinelle.dz\\\/index.php\\\/2024\\\/01\\\/08\\\/plafonnement-des-marges-beneficiaires-quels-sont-les-produits-alimentaires-concernes\\\/#breadcrumb\",\"itemListElement\":[{\"@type\":\"ListItem\",\"position\":1,\"name\":\"Accueil\",\"item\":\"https:\\\/\\\/lasentinelle.dz\\\/\"},{\"@type\":\"ListItem\",\"position\":2,\"name\":\"Plafonnement des marges b\u00e9n\u00e9ficiaires\u00a0: Quels sont les produits alimentaires concern\u00e9s\u00a0?\"}]},{\"@type\":\"WebSite\",\"@id\":\"https:\\\/\\\/lasentinelle.dz\\\/#website\",\"url\":\"https:\\\/\\\/lasentinelle.dz\\\/\",\"name\":\"La Sentinelle\",\"description\":\"Quotidien national d&#039;information\",\"publisher\":{\"@id\":\"https:\\\/\\\/lasentinelle.dz\\\/#organization\"},\"potentialAction\":[{\"@type\":\"SearchAction\",\"target\":{\"@type\":\"EntryPoint\",\"urlTemplate\":\"https:\\\/\\\/lasentinelle.dz\\\/?s={search_term_string}\"},\"query-input\":{\"@type\":\"PropertyValueSpecification\",\"valueRequired\":true,\"valueName\":\"search_term_string\"}}],\"inLanguage\":\"fr-FR\"},{\"@type\":\"Organization\",\"@id\":\"https:\\\/\\\/lasentinelle.dz\\\/#organization\",\"name\":\"Quotidien La Sentinelle\",\"url\":\"https:\\\/\\\/lasentinelle.dz\\\/\",\"logo\":{\"@type\":\"ImageObject\",\"inLanguage\":\"fr-FR\",\"@id\":\"https:\\\/\\\/lasentinelle.dz\\\/#\\\/schema\\\/logo\\\/image\\\/\",\"url\":\"https:\\\/\\\/lasentinelle.dz\\\/wp-content\\\/uploads\\\/2021\\\/09\\\/logo-sentinelleSLOGAN-1.png\",\"contentUrl\":\"https:\\\/\\\/lasentinelle.dz\\\/wp-content\\\/uploads\\\/2021\\\/09\\\/logo-sentinelleSLOGAN-1.png\",\"width\":615,\"height\":142,\"caption\":\"Quotidien La Sentinelle\"},\"image\":{\"@id\":\"https:\\\/\\\/lasentinelle.dz\\\/#\\\/schema\\\/logo\\\/image\\\/\"},\"sameAs\":[\"https:\\\/\\\/www.facebook.com\\\/La-Sentinelle-104059864394773\"]},{\"@type\":\"Person\",\"@id\":\"https:\\\/\\\/lasentinelle.dz\\\/#\\\/schema\\\/person\\\/d865044e22e70a75174ce8bcad3acfb3\",\"name\":\"La Sentinelle\",\"image\":{\"@type\":\"ImageObject\",\"inLanguage\":\"fr-FR\",\"@id\":\"https:\\\/\\\/secure.gravatar.com\\\/avatar\\\/57de8e5d4b15d43fb361a71fbb36338450fe67865b528a43dd10ef7c51a20392?s=96&d=mm&r=g\",\"url\":\"https:\\\/\\\/secure.gravatar.com\\\/avatar\\\/57de8e5d4b15d43fb361a71fbb36338450fe67865b528a43dd10ef7c51a20392?s=96&d=mm&r=g\",\"contentUrl\":\"https:\\\/\\\/secure.gravatar.com\\\/avatar\\\/57de8e5d4b15d43fb361a71fbb36338450fe67865b528a43dd10ef7c51a20392?s=96&d=mm&r=g\",\"caption\":\"La Sentinelle\"},\"sameAs\":[\"http:\\\/\\\/www.lasentinelle.dz\"],\"url\":\"https:\\\/\\\/lasentinelle.dz\\\/author\\\/redaction\\\/\"}]}<\/script>\n<!-- \/ Yoast SEO plugin. -->","yoast_head_json":{"title":"Plafonnement des marges b\u00e9n\u00e9ficiaires\u00a0: Quels sont les produits alimentaires concern\u00e9s\u00a0? - La Sentinelle","robots":{"index":"index","follow":"follow","max-snippet":"max-snippet:-1","max-image-preview":"max-image-preview:large","max-video-preview":"max-video-preview:-1"},"canonical":"https:\/\/lasentinelle.dz\/index.php\/2024\/01\/08\/plafonnement-des-marges-beneficiaires-quels-sont-les-produits-alimentaires-concernes\/","og_locale":"fr_FR","og_type":"article","og_title":"Plafonnement des marges b\u00e9n\u00e9ficiaires\u00a0: Quels sont les produits alimentaires concern\u00e9s\u00a0? - La Sentinelle","og_description":"Douze produits alimentaires, \u00e0 l\u2019image de la viande, des l\u00e9gumes secs, la semoule, le lait UHT, l\u2019huile et le sucre,","og_url":"https:\/\/lasentinelle.dz\/index.php\/2024\/01\/08\/plafonnement-des-marges-beneficiaires-quels-sont-les-produits-alimentaires-concernes\/","og_site_name":"La Sentinelle","article_publisher":"https:\/\/www.facebook.com\/La-Sentinelle-104059864394773","article_published_time":"2024-01-08T20:39:57+00:00","article_modified_time":"2024-01-08T20:39:59+00:00","og_image":[{"width":1118,"height":595,"url":"https:\/\/lasentinelle.dz\/wp-content\/uploads\/2024\/01\/superette-algerie.webp","type":"image\/webp"}],"author":"La Sentinelle","twitter_card":"summary_large_image","twitter_misc":{"\u00c9crit par":"La Sentinelle","Dur\u00e9e de lecture estim\u00e9e":"5 minutes"},"schema":{"@context":"https:\/\/schema.org","@graph":[{"@type":"Article","@id":"https:\/\/lasentinelle.dz\/index.php\/2024\/01\/08\/plafonnement-des-marges-beneficiaires-quels-sont-les-produits-alimentaires-concernes\/#article","isPartOf":{"@id":"https:\/\/lasentinelle.dz\/index.php\/2024\/01\/08\/plafonnement-des-marges-beneficiaires-quels-sont-les-produits-alimentaires-concernes\/"},"author":{"name":"La Sentinelle","@id":"https:\/\/lasentinelle.dz\/#\/schema\/person\/d865044e22e70a75174ce8bcad3acfb3"},"headline":"Plafonnement des marges b\u00e9n\u00e9ficiaires\u00a0: Quels sont les produits alimentaires concern\u00e9s\u00a0?","datePublished":"2024-01-08T20:39:57+00:00","dateModified":"2024-01-08T20:39:59+00:00","mainEntityOfPage":{"@id":"https:\/\/lasentinelle.dz\/index.php\/2024\/01\/08\/plafonnement-des-marges-beneficiaires-quels-sont-les-produits-alimentaires-concernes\/"},"wordCount":992,"commentCount":0,"publisher":{"@id":"https:\/\/lasentinelle.dz\/#organization"},"image":{"@id":"https:\/\/lasentinelle.dz\/index.php\/2024\/01\/08\/plafonnement-des-marges-beneficiaires-quels-sont-les-produits-alimentaires-concernes\/#primaryimage"},"thumbnailUrl":"https:\/\/lasentinelle.dz\/wp-content\/uploads\/2024\/01\/superette-algerie.webp","articleSection":["\u00c0 la Une","\u00c9conomie"],"inLanguage":"fr-FR","potentialAction":[{"@type":"CommentAction","name":"Comment","target":["https:\/\/lasentinelle.dz\/index.php\/2024\/01\/08\/plafonnement-des-marges-beneficiaires-quels-sont-les-produits-alimentaires-concernes\/#respond"]}]},{"@type":"WebPage","@id":"https:\/\/lasentinelle.dz\/index.php\/2024\/01\/08\/plafonnement-des-marges-beneficiaires-quels-sont-les-produits-alimentaires-concernes\/","url":"https:\/\/lasentinelle.dz\/index.php\/2024\/01\/08\/plafonnement-des-marges-beneficiaires-quels-sont-les-produits-alimentaires-concernes\/","name":"Plafonnement des marges b\u00e9n\u00e9ficiaires\u00a0: Quels sont les produits alimentaires concern\u00e9s\u00a0? - La Sentinelle","isPartOf":{"@id":"https:\/\/lasentinelle.dz\/#website"},"primaryImageOfPage":{"@id":"https:\/\/lasentinelle.dz\/index.php\/2024\/01\/08\/plafonnement-des-marges-beneficiaires-quels-sont-les-produits-alimentaires-concernes\/#primaryimage"},"image":{"@id":"https:\/\/lasentinelle.dz\/index.php\/2024\/01\/08\/plafonnement-des-marges-beneficiaires-quels-sont-les-produits-alimentaires-concernes\/#primaryimage"},"thumbnailUrl":"https:\/\/lasentinelle.dz\/wp-content\/uploads\/2024\/01\/superette-algerie.webp","datePublished":"2024-01-08T20:39:57+00:00","dateModified":"2024-01-08T20:39:59+00:00","breadcrumb":{"@id":"https:\/\/lasentinelle.dz\/index.php\/2024\/01\/08\/plafonnement-des-marges-beneficiaires-quels-sont-les-produits-alimentaires-concernes\/#breadcrumb"},"inLanguage":"fr-FR","potentialAction":[{"@type":"ReadAction","target":["https:\/\/lasentinelle.dz\/index.php\/2024\/01\/08\/plafonnement-des-marges-beneficiaires-quels-sont-les-produits-alimentaires-concernes\/"]}]},{"@type":"ImageObject","inLanguage":"fr-FR","@id":"https:\/\/lasentinelle.dz\/index.php\/2024\/01\/08\/plafonnement-des-marges-beneficiaires-quels-sont-les-produits-alimentaires-concernes\/#primaryimage","url":"https:\/\/lasentinelle.dz\/wp-content\/uploads\/2024\/01\/superette-algerie.webp","contentUrl":"https:\/\/lasentinelle.dz\/wp-content\/uploads\/2024\/01\/superette-algerie.webp","width":1118,"height":595},{"@type":"BreadcrumbList","@id":"https:\/\/lasentinelle.dz\/index.php\/2024\/01\/08\/plafonnement-des-marges-beneficiaires-quels-sont-les-produits-alimentaires-concernes\/#breadcrumb","itemListElement":[{"@type":"ListItem","position":1,"name":"Accueil","item":"https:\/\/lasentinelle.dz\/"},{"@type":"ListItem","position":2,"name":"Plafonnement des marges b\u00e9n\u00e9ficiaires\u00a0: Quels sont les produits alimentaires concern\u00e9s\u00a0?"}]},{"@type":"WebSite","@id":"https:\/\/lasentinelle.dz\/#website","url":"https:\/\/lasentinelle.dz\/","name":"La Sentinelle","description":"Quotidien national d&#039;information","publisher":{"@id":"https:\/\/lasentinelle.dz\/#organization"},"potentialAction":[{"@type":"SearchAction","target":{"@type":"EntryPoint","urlTemplate":"https:\/\/lasentinelle.dz\/?s={search_term_string}"},"query-input":{"@type":"PropertyValueSpecification","valueRequired":true,"valueName":"search_term_string"}}],"inLanguage":"fr-FR"},{"@type":"Organization","@id":"https:\/\/lasentinelle.dz\/#organization","name":"Quotidien La Sentinelle","url":"https:\/\/lasentinelle.dz\/","logo":{"@type":"ImageObject","inLanguage":"fr-FR","@id":"https:\/\/lasentinelle.dz\/#\/schema\/logo\/image\/","url":"https:\/\/lasentinelle.dz\/wp-content\/uploads\/2021\/09\/logo-sentinelleSLOGAN-1.png","contentUrl":"https:\/\/lasentinelle.dz\/wp-content\/uploads\/2021\/09\/logo-sentinelleSLOGAN-1.png","width":615,"height":142,"caption":"Quotidien La Sentinelle"},"image":{"@id":"https:\/\/lasentinelle.dz\/#\/schema\/logo\/image\/"},"sameAs":["https:\/\/www.facebook.com\/La-Sentinelle-104059864394773"]},{"@type":"Person","@id":"https:\/\/lasentinelle.dz\/#\/schema\/person\/d865044e22e70a75174ce8bcad3acfb3","name":"La Sentinelle","image":{"@type":"ImageObject","inLanguage":"fr-FR","@id":"https:\/\/secure.gravatar.com\/avatar\/57de8e5d4b15d43fb361a71fbb36338450fe67865b528a43dd10ef7c51a20392?s=96&d=mm&r=g","url":"https:\/\/secure.gravatar.com\/avatar\/57de8e5d4b15d43fb361a71fbb36338450fe67865b528a43dd10ef7c51a20392?s=96&d=mm&r=g","contentUrl":"https:\/\/secure.gravatar.com\/avatar\/57de8e5d4b15d43fb361a71fbb36338450fe67865b528a43dd10ef7c51a20392?s=96&d=mm&r=g","caption":"La Sentinelle"},"sameAs":["http:\/\/www.lasentinelle.dz"],"url":"https:\/\/lasentinelle.dz\/author\/redaction\/"}]}},"_links":{"self":[{"href":"https:\/\/lasentinelle.dz\/index.php\/wp-json\/wp\/v2\/posts\/48569","targetHints":{"allow":["GET"]}}],"collection":[{"href":"https:\/\/lasentinelle.dz\/index.php\/wp-json\/wp\/v2\/posts"}],"about":[{"href":"https:\/\/lasentinelle.dz\/index.php\/wp-json\/wp\/v2\/types\/post"}],"author":[{"embeddable":true,"href":"https:\/\/lasentinelle.dz\/index.php\/wp-json\/wp\/v2\/users\/3"}],"replies":[{"embeddable":true,"href":"https:\/\/lasentinelle.dz\/index.php\/wp-json\/wp\/v2\/comments?post=48569"}],"version-history":[{"count":1,"href":"https:\/\/lasentinelle.dz\/index.php\/wp-json\/wp\/v2\/posts\/48569\/revisions"}],"predecessor-version":[{"id":48571,"href":"https:\/\/lasentinelle.dz\/index.php\/wp-json\/wp\/v2\/posts\/48569\/revisions\/48571"}],"wp:featuredmedia":[{"embeddable":true,"href":"https:\/\/lasentinelle.dz\/index.php\/wp-json\/wp\/v2\/media\/48570"}],"wp:attachment":[{"href":"https:\/\/lasentinelle.dz\/index.php\/wp-json\/wp\/v2\/media?parent=48569"}],"wp:term":[{"taxonomy":"category","embeddable":true,"href":"https:\/\/lasentinelle.dz\/index.php\/wp-json\/wp\/v2\/categories?post=48569"},{"taxonomy":"post_tag","embeddable":true,"href":"https:\/\/lasentinelle.dz\/index.php\/wp-json\/wp\/v2\/tags?post=48569"}],"curies":[{"name":"wp","href":"https:\/\/api.w.org\/{rel}","templated":true}]}}