{"id":48581,"date":"2024-01-08T21:51:33","date_gmt":"2024-01-08T20:51:33","guid":{"rendered":"https:\/\/lasentinelle.dz\/?p=48581"},"modified":"2024-01-08T21:51:37","modified_gmt":"2024-01-08T20:51:37","slug":"tuer-les-journalistes-cest-tuer-la-verite","status":"publish","type":"post","link":"https:\/\/lasentinelle.dz\/index.php\/2024\/01\/08\/tuer-les-journalistes-cest-tuer-la-verite\/","title":{"rendered":"Tuer les journalistes c\u2019est tuer la v\u00e9rit\u00e9"},"content":{"rendered":"\n<p><strong>112 journalistes<\/strong><strong> palestiniens tu\u00e9s <\/strong><strong>\u00e0 Ghaza depuis le 7 octobre<\/strong><\/p>\n\n\n\n<p>112 journalistes ont \u00e9t\u00e9 tu\u00e9s dans la Bande de Ghaza depuis le d\u00e9but de l\u2019agression isra\u00e9lienne le 7 octobre. Un bilan macabre in\u00e9dit et qui d\u00e9note de la volont\u00e9 manifeste de l\u2019occupation sioniste d\u2019\u00e9touffer les voix des Palestiniens et de cacher l\u2019horreur du drame et du g\u00e9nocide perp\u00e9tr\u00e9 \u00e0 Ghaza. En ciblant syst\u00e9matiquement les journalistes, au cours de l\u2019exercice de leurs missions, chez eux en bombardant leurs habitations, et m\u00eame en s\u2019en prenant \u00e0 leurs familles d\u00e9cim\u00e9es par le pilonnage de l\u2019enclave et les raids, l\u2019occupation cherche \u00e0 priver le monde des images et des comptes rendus qui peuvent contrer les r\u00e9cits de la propagande sioniste et museler les quelques m\u00e9dias qui essayent de transmettre les r\u00e9cits qui proviennent de Ghaza.<\/p>\n\n\n\n<p>Deux journalistes ont \u00e9t\u00e9 tu\u00e9s hier dans un raid de l\u2019occupation isra\u00e9lienne contre la Bande Ghaza. Le bureau des m\u00e9dias du Gouvernement de Ghaza a annonc\u00e9 hier, dans son communiqu\u00e9, que deux journalistes, que Abdullah Breis et Mohammad Abu Dayer \u00ab&nbsp;ont \u00e9t\u00e9 tu\u00e9s dans un raid isra\u00e9lien sur la bande de Gaza&nbsp;\u00bb. Ces deux nouveaux morts portent le bilan des journalistes tu\u00e9s \u00e0 Ghaza \u00e0 112, pr\u00e9cise la m\u00eame source.&nbsp; \u00ab&nbsp;Le nombre de journalistes tu\u00e9s depuis le d\u00e9but de la guerre g\u00e9nocidaire dans la bande de Gaza (le 7 octobre 2023), s\u2019est alourdi \u00e0 112 apr\u00e8s que Abdullah Breis et Mohammad Abu Dayer, deux de nos confr\u00e8res journalistes ont \u00e9t\u00e9 tu\u00e9s ce lundi&nbsp;\u00bb, a indiqu\u00e9 le communiqu\u00e9. &nbsp;La veille deux autres journalistes, Hamza Wael Al-Dahdouh, journaliste de la cha\u00eene Al Jazeera et Moustafa Thuraya, travaillant avec l&rsquo;AFP, ont \u00e9t\u00e9 tu\u00e9s dimanche dans une frappe sioniste dans la bande de Ghaza alors qu\u2019ils accomplissaient leur mission d\u2019information. Ils se trouvaient \u00e0 bord de leur voiture au moment de l&rsquo;attaque, ce qui d\u00e9montre la volont\u00e9 manifeste des forces d\u2019occupation sioniste de cibler les professionnels des m\u00e9dias. D\u2019ailleurs, Hamza Wael Al-Dahdouh est le fils de Wael Al-Dahdouh, chef de bureau d\u2019Al Jazeera \u00e0 Ghaza, lui-m\u00eame bless\u00e9 r\u00e9cemment dans un double raid isra\u00e9lien qui a cibl\u00e9 un refuge pour civils palestiniens pour les secours et les professionnels des m\u00e9dias qui se sont d\u00e9plac\u00e9s sur place. &nbsp;Wael Al-Dahdouh est d\u2019ailleurs devenu un double symbole pour la martyre des Palestiniens et les sacrifices consentis par les professionnels des m\u00e9dias dans la Bande de Ghaza pour faire entendre la voix de ce peuple martyr et de la pr\u00e9m\u00e9ditation des forces d\u2019occupations sionistes \u00e0 faire toutes les voix qui parviennent de Ghaza. Il faut dire que l\u2019occupation impose un blocus contre les journalistes \u00e9trangers interdits d\u2019acc\u00e8s \u00e0 Ghaza sans escorte et parrainage isra\u00e9liens sous le couvert de l\u2019argument \u00ab&nbsp;s\u00e9curitaire&nbsp;\u00bb. En face, elle cible d\u00e9lib\u00e9r\u00e9ment les journalistes palestiniens \u00e0 l\u2019int\u00e9rieur de l\u2019enclave pour faire tout r\u00e9cit qui peut contredire la propagande sioniste. Un ciblage qui inqui\u00e8te et qui \u00e9t\u00e9 vivement d\u00e9nonc\u00e9.<\/p>\n\n\n\n<p><strong>Tebboune&nbsp;: les journalistes sont d\u00e9lib\u00e9r\u00e9ment cibl\u00e9s<\/strong><\/p>\n\n\n\n<p>Hier dans un message de condol\u00e9ances adress\u00e9 \u00e0 Wael Al-Dahdouh suite au d\u00e9c\u00e8s de son fils, le pr\u00e9sident de la R\u00e9publique a d\u00e9nonc\u00e9 ce ciblage d\u00e9lib\u00e9r\u00e9 des journalistes \u00e0 Ghaza.&nbsp; \u00ab\u00a0C&rsquo;est avec une immense tristesse et une profonde affliction qui j&rsquo;ai appris la nouvelle du l\u00e2che assassinat du journaliste Hamza Wael Al-Dahdouh, fils du journaliste de la cha\u00eene Al Jazeera, Wael Al-Dahdouh, par l&rsquo;occupant sioniste, rejoignant en martyr la plupart des membres de sa famille tomb\u00e9s \u00e9galement en martyrs dans l&rsquo;agression sioniste barbare, o\u00f9 les journalistes qui accomplissent leur r\u00f4le sont d\u00e9lib\u00e9r\u00e9ment pris pour cibles, en violation flagrante du droit international humanitaire et du droit \u00e0 la protection qu&rsquo;il leur garantit\u00a0\u00bb, lit-on dans le message de condol\u00e9ances.\u00a0\u00bbLe pr\u00e9sident de la R\u00e9publique pr\u00e9sente ses condol\u00e9ances \u00e0 son p\u00e8re, Wael Al-Dahdouh, ainsi qu&rsquo;\u00e0 sa famille, et, \u00e0 travers eux, aux familles de tous les journalistes tomb\u00e9s en martyrs dans cette agression barbare incessante contre Ghaza\u00a0\u00bb, selon le message de condol\u00e9ances.\u00a0\u00bbLeur m\u00e9moire \u00e9ternelle continuera de hanter l&rsquo;occupation sioniste comme le t\u00e9moin du b\u00e2illonnement des voix de la libert\u00e9 et de l&rsquo;occultation de la r\u00e9alit\u00e9 des crimes sionistes dans les territoires palestiniens occup\u00e9s. +A Allah nous appartenons et \u00e0 Lui nous retournons+\u00a0\u00bb, a ajout\u00e9 le pr\u00e9sident de la R\u00e9publique.<\/p>\n\n\n\n<p>Pour sa part, la Chine, par la voix du porte-parole du minist\u00e8re des Affaires \u00e9trang\u00e8res, Mao Ning, s&rsquo;est d\u00e9clar\u00e9e lundi \u00ab\u00a0profond\u00e9ment attrist\u00e9e\u00a0\u00bb par l&rsquo;assassinat des journalistes \u00e0 Ghaza, appelant l&rsquo;entit\u00e9 sioniste \u00e0 arr\u00eater son agression \u00ab\u00a0imm\u00e9diatement\u00a0\u00bb.<\/p>\n\n\n\n<p>L&rsquo;Organisation de la coop\u00e9ration islamique (OCI) a, pour sa part, condamn\u00e9 \u00ab\u00a0vigoureusement\u00a0\u00bb le ciblage d\u00e9lib\u00e9r\u00e9 par les forces de l\u2019occupation, des professionnels du secteur de la presse et de leurs familles dans les territoires palestiniens occup\u00e9s.<\/p>\n\n\n\n<p><strong>Appel \u00e0 l\u2019ouverture d\u2019une enqu\u00eate approfondie<\/strong><\/p>\n\n\n\n<p>De son c\u00f4t\u00e9, le Haut-Commissariat aux droits de l&rsquo;homme de l&rsquo;ONU s&rsquo;est dit \u00ab\u00a0tr\u00e8s pr\u00e9occup\u00e9\u00a0\u00bb lundi par le \u00ab\u00a0bilan \u00e9lev\u00e9\u00a0\u00bb de journalistes<\/p>\n\n\n\n<p>palestiniens tomb\u00e9s en martyrs dans la bande de Ghaza.\u00a0\u00bbLes meurtres de tous les journalistes\u00a0\u00bb, y compris Hamza Wa\u00ebl Dahdouh et Moustafa Thuraya lors d&rsquo;une frappe sioniste, \u00ab\u00a0doivent faire l&rsquo;objet d&rsquo;une enqu\u00eate approfondie et ind\u00e9pendante pour garantir le strict respect du droit international et les violations doivent faire l&rsquo;objet de poursuites\u00a0\u00bb, a soulign\u00e9 le Haut-Commissariat dans un message sur le r\u00e9seau social X. Il faut dire que la multiplication des assassinats de journalistes ont suscit\u00e9 des r\u00e9actions, notamment des ONG, \u00e0 l\u2019image de Reporter sans fronti\u00e8res qui a d\u00e9cid\u00e9 de porter plainte \u00e0 la Cour p\u00e9nale internationale. Le bureau du procureur de la CPI Karim Khan a assur\u00e9 \u00e0 l&rsquo;organisation que \u00ab\u00a0les crimes contre les journalistes \u00e9taient inclus dans son enqu\u00eate sur la Palestine\u00a0\u00bb.<\/p>\n\n\n\n<p>\u00ab\u00a0Apr\u00e8s l&rsquo;assassinat des journalistes Moustafa Thuraya et Hamza Wael Al-Dahdouh, RSF est en mesure de r\u00e9v\u00e9ler que les crimes contre les journalistes font en effet l&rsquo;objet d&rsquo;une attention particuli\u00e8re dans l&rsquo;enqu\u00eate de la Cour p\u00e9nale internationale sur la situation en Palestine\u00a0\u00bb, indique RSF dans un communiqu\u00e9 publi\u00e9 lundi sur son site. Selon la m\u00eame source, la CPI assure que \u00ab\u00a0les crimes contre les journalistes sont examin\u00e9s par le parquet, parmi d&rsquo;autres crimes potentiels, dans le cadre de l&rsquo;enqu\u00eate en cours sur la situation en Palestine\u00a0\u00bb. Le procureur de la CPI, Karim Khan, et son pr\u00e9d\u00e9cesseur Fatou Bensouda ont \u00e9t\u00e9 contact\u00e9s en d\u00e9cembre par RSF, qui cherchait \u00e0 s&rsquo;assurer de leur compr\u00e9hension de l&rsquo;ampleur et de la gravit\u00e9 des crimes commis contre les journalistes palestiniens.\u00a0\u00bbDans un communiqu\u00e9 publi\u00e9 sur son site samedi, le Comit\u00e9 pour la protection des journalistes (CPJ) a d\u00e9clar\u00e9 enqu\u00eater sur tous les rapports faisant \u00e9tat de journalistes et de professionnels des m\u00e9dias tu\u00e9s, bless\u00e9s ou port\u00e9s disparus pendant l&rsquo;agression sioniste, ce qui a conduit \u00e0 la p\u00e9riode la plus meurtri\u00e8re pour les journalistes depuis que le CPJ a commenc\u00e9 \u00e0 recueillir des donn\u00e9es en 1992.<\/p>\n\n\n\n<p><strong>Lyes Sa\u00efdi<\/strong><\/p>\n","protected":false},"excerpt":{"rendered":"<p>112 journalistes palestiniens tu\u00e9s \u00e0 Ghaza depuis le 7 octobre 112 journalistes ont \u00e9t\u00e9 tu\u00e9s dans la Bande de Ghaza<\/p>\n","protected":false},"author":3,"featured_media":48582,"comment_status":"open","ping_status":"closed","sticky":false,"template":"","format":"standard","meta":{"colormag_page_container_layout":"default_layout","colormag_page_sidebar_layout":"default_layout","om_disable_all_campaigns":false,"_monsterinsights_skip_tracking":false,"_monsterinsights_sitenote_active":false,"_monsterinsights_sitenote_note":"","_monsterinsights_sitenote_category":0,"footnotes":"","_wpscppro_dont_share_socialmedia":false,"_wpscppro_custom_social_share_image":0,"_facebook_share_type":"","_twitter_share_type":"","_linkedin_share_type":"","_pinterest_share_type":"","_linkedin_share_type_page":"","_instagram_share_type":"","_medium_share_type":"","_threads_share_type":"","_google_business_share_type":"","_selected_social_profile":[],"_wpsp_enable_custom_social_template":false,"_wpsp_social_scheduling":{"enabled":false,"datetime":null,"platforms":[],"status":"template_only","dateOption":"today","timeOption":"now","customDays":"","customHours":"","customDate":"","customTime":"","schedulingType":"absolute"},"_wpsp_active_default_template":true},"categories":[52,27],"tags":[],"class_list":["post-48581","post","type-post","status-publish","format-standard","has-post-thumbnail","hentry","category-a-la-une","category-actualite"],"aioseo_notices":[],"yoast_head":"<!-- This site is optimized with the Yoast SEO plugin v27.5 - https:\/\/yoast.com\/product\/yoast-seo-wordpress\/ -->\n<title>Tuer les journalistes c\u2019est tuer la v\u00e9rit\u00e9 - La Sentinelle<\/title>\n<meta name=\"robots\" content=\"index, follow, max-snippet:-1, max-image-preview:large, max-video-preview:-1\" \/>\n<link rel=\"canonical\" href=\"https:\/\/lasentinelle.dz\/index.php\/2024\/01\/08\/tuer-les-journalistes-cest-tuer-la-verite\/\" \/>\n<meta property=\"og:locale\" content=\"fr_FR\" \/>\n<meta property=\"og:type\" content=\"article\" \/>\n<meta property=\"og:title\" content=\"Tuer les journalistes c\u2019est tuer la v\u00e9rit\u00e9 - La Sentinelle\" \/>\n<meta property=\"og:description\" content=\"112 journalistes palestiniens tu\u00e9s \u00e0 Ghaza depuis le 7 octobre 112 journalistes ont \u00e9t\u00e9 tu\u00e9s dans la Bande de Ghaza\" \/>\n<meta property=\"og:url\" content=\"https:\/\/lasentinelle.dz\/index.php\/2024\/01\/08\/tuer-les-journalistes-cest-tuer-la-verite\/\" \/>\n<meta property=\"og:site_name\" content=\"La Sentinelle\" \/>\n<meta property=\"article:publisher\" content=\"https:\/\/www.facebook.com\/La-Sentinelle-104059864394773\" \/>\n<meta property=\"article:published_time\" content=\"2024-01-08T20:51:33+00:00\" \/>\n<meta property=\"article:modified_time\" content=\"2024-01-08T20:51:37+00:00\" \/>\n<meta property=\"og:image\" content=\"https:\/\/lasentinelle.dz\/wp-content\/uploads\/2024\/01\/press.jpeg\" \/>\n\t<meta property=\"og:image:width\" content=\"864\" \/>\n\t<meta property=\"og:image:height\" content=\"486\" \/>\n\t<meta property=\"og:image:type\" content=\"image\/jpeg\" \/>\n<meta name=\"author\" content=\"La Sentinelle\" \/>\n<meta name=\"twitter:card\" content=\"summary_large_image\" \/>\n<meta name=\"twitter:label1\" content=\"\u00c9crit par\" \/>\n\t<meta name=\"twitter:data1\" content=\"La Sentinelle\" \/>\n\t<meta name=\"twitter:label2\" content=\"Dur\u00e9e de lecture estim\u00e9e\" \/>\n\t<meta name=\"twitter:data2\" content=\"6 minutes\" \/>\n<script type=\"application\/ld+json\" class=\"yoast-schema-graph\">{\"@context\":\"https:\\\/\\\/schema.org\",\"@graph\":[{\"@type\":\"Article\",\"@id\":\"https:\\\/\\\/lasentinelle.dz\\\/index.php\\\/2024\\\/01\\\/08\\\/tuer-les-journalistes-cest-tuer-la-verite\\\/#article\",\"isPartOf\":{\"@id\":\"https:\\\/\\\/lasentinelle.dz\\\/index.php\\\/2024\\\/01\\\/08\\\/tuer-les-journalistes-cest-tuer-la-verite\\\/\"},\"author\":{\"name\":\"La Sentinelle\",\"@id\":\"https:\\\/\\\/lasentinelle.dz\\\/#\\\/schema\\\/person\\\/d865044e22e70a75174ce8bcad3acfb3\"},\"headline\":\"Tuer les journalistes c\u2019est tuer la v\u00e9rit\u00e9\",\"datePublished\":\"2024-01-08T20:51:33+00:00\",\"dateModified\":\"2024-01-08T20:51:37+00:00\",\"mainEntityOfPage\":{\"@id\":\"https:\\\/\\\/lasentinelle.dz\\\/index.php\\\/2024\\\/01\\\/08\\\/tuer-les-journalistes-cest-tuer-la-verite\\\/\"},\"wordCount\":1277,\"commentCount\":0,\"publisher\":{\"@id\":\"https:\\\/\\\/lasentinelle.dz\\\/#organization\"},\"image\":{\"@id\":\"https:\\\/\\\/lasentinelle.dz\\\/index.php\\\/2024\\\/01\\\/08\\\/tuer-les-journalistes-cest-tuer-la-verite\\\/#primaryimage\"},\"thumbnailUrl\":\"https:\\\/\\\/lasentinelle.dz\\\/wp-content\\\/uploads\\\/2024\\\/01\\\/press.jpeg\",\"articleSection\":[\"\u00c0 la Une\",\"Actualit\u00e9\"],\"inLanguage\":\"fr-FR\",\"potentialAction\":[{\"@type\":\"CommentAction\",\"name\":\"Comment\",\"target\":[\"https:\\\/\\\/lasentinelle.dz\\\/index.php\\\/2024\\\/01\\\/08\\\/tuer-les-journalistes-cest-tuer-la-verite\\\/#respond\"]}]},{\"@type\":\"WebPage\",\"@id\":\"https:\\\/\\\/lasentinelle.dz\\\/index.php\\\/2024\\\/01\\\/08\\\/tuer-les-journalistes-cest-tuer-la-verite\\\/\",\"url\":\"https:\\\/\\\/lasentinelle.dz\\\/index.php\\\/2024\\\/01\\\/08\\\/tuer-les-journalistes-cest-tuer-la-verite\\\/\",\"name\":\"Tuer les journalistes c\u2019est tuer la v\u00e9rit\u00e9 - La Sentinelle\",\"isPartOf\":{\"@id\":\"https:\\\/\\\/lasentinelle.dz\\\/#website\"},\"primaryImageOfPage\":{\"@id\":\"https:\\\/\\\/lasentinelle.dz\\\/index.php\\\/2024\\\/01\\\/08\\\/tuer-les-journalistes-cest-tuer-la-verite\\\/#primaryimage\"},\"image\":{\"@id\":\"https:\\\/\\\/lasentinelle.dz\\\/index.php\\\/2024\\\/01\\\/08\\\/tuer-les-journalistes-cest-tuer-la-verite\\\/#primaryimage\"},\"thumbnailUrl\":\"https:\\\/\\\/lasentinelle.dz\\\/wp-content\\\/uploads\\\/2024\\\/01\\\/press.jpeg\",\"datePublished\":\"2024-01-08T20:51:33+00:00\",\"dateModified\":\"2024-01-08T20:51:37+00:00\",\"breadcrumb\":{\"@id\":\"https:\\\/\\\/lasentinelle.dz\\\/index.php\\\/2024\\\/01\\\/08\\\/tuer-les-journalistes-cest-tuer-la-verite\\\/#breadcrumb\"},\"inLanguage\":\"fr-FR\",\"potentialAction\":[{\"@type\":\"ReadAction\",\"target\":[\"https:\\\/\\\/lasentinelle.dz\\\/index.php\\\/2024\\\/01\\\/08\\\/tuer-les-journalistes-cest-tuer-la-verite\\\/\"]}]},{\"@type\":\"ImageObject\",\"inLanguage\":\"fr-FR\",\"@id\":\"https:\\\/\\\/lasentinelle.dz\\\/index.php\\\/2024\\\/01\\\/08\\\/tuer-les-journalistes-cest-tuer-la-verite\\\/#primaryimage\",\"url\":\"https:\\\/\\\/lasentinelle.dz\\\/wp-content\\\/uploads\\\/2024\\\/01\\\/press.jpeg\",\"contentUrl\":\"https:\\\/\\\/lasentinelle.dz\\\/wp-content\\\/uploads\\\/2024\\\/01\\\/press.jpeg\",\"width\":864,\"height\":486},{\"@type\":\"BreadcrumbList\",\"@id\":\"https:\\\/\\\/lasentinelle.dz\\\/index.php\\\/2024\\\/01\\\/08\\\/tuer-les-journalistes-cest-tuer-la-verite\\\/#breadcrumb\",\"itemListElement\":[{\"@type\":\"ListItem\",\"position\":1,\"name\":\"Accueil\",\"item\":\"https:\\\/\\\/lasentinelle.dz\\\/\"},{\"@type\":\"ListItem\",\"position\":2,\"name\":\"Tuer les journalistes c\u2019est tuer la v\u00e9rit\u00e9\"}]},{\"@type\":\"WebSite\",\"@id\":\"https:\\\/\\\/lasentinelle.dz\\\/#website\",\"url\":\"https:\\\/\\\/lasentinelle.dz\\\/\",\"name\":\"La Sentinelle\",\"description\":\"Quotidien national d&#039;information\",\"publisher\":{\"@id\":\"https:\\\/\\\/lasentinelle.dz\\\/#organization\"},\"potentialAction\":[{\"@type\":\"SearchAction\",\"target\":{\"@type\":\"EntryPoint\",\"urlTemplate\":\"https:\\\/\\\/lasentinelle.dz\\\/?s={search_term_string}\"},\"query-input\":{\"@type\":\"PropertyValueSpecification\",\"valueRequired\":true,\"valueName\":\"search_term_string\"}}],\"inLanguage\":\"fr-FR\"},{\"@type\":\"Organization\",\"@id\":\"https:\\\/\\\/lasentinelle.dz\\\/#organization\",\"name\":\"Quotidien La Sentinelle\",\"url\":\"https:\\\/\\\/lasentinelle.dz\\\/\",\"logo\":{\"@type\":\"ImageObject\",\"inLanguage\":\"fr-FR\",\"@id\":\"https:\\\/\\\/lasentinelle.dz\\\/#\\\/schema\\\/logo\\\/image\\\/\",\"url\":\"https:\\\/\\\/lasentinelle.dz\\\/wp-content\\\/uploads\\\/2021\\\/09\\\/logo-sentinelleSLOGAN-1.png\",\"contentUrl\":\"https:\\\/\\\/lasentinelle.dz\\\/wp-content\\\/uploads\\\/2021\\\/09\\\/logo-sentinelleSLOGAN-1.png\",\"width\":615,\"height\":142,\"caption\":\"Quotidien La Sentinelle\"},\"image\":{\"@id\":\"https:\\\/\\\/lasentinelle.dz\\\/#\\\/schema\\\/logo\\\/image\\\/\"},\"sameAs\":[\"https:\\\/\\\/www.facebook.com\\\/La-Sentinelle-104059864394773\"]},{\"@type\":\"Person\",\"@id\":\"https:\\\/\\\/lasentinelle.dz\\\/#\\\/schema\\\/person\\\/d865044e22e70a75174ce8bcad3acfb3\",\"name\":\"La Sentinelle\",\"image\":{\"@type\":\"ImageObject\",\"inLanguage\":\"fr-FR\",\"@id\":\"https:\\\/\\\/secure.gravatar.com\\\/avatar\\\/57de8e5d4b15d43fb361a71fbb36338450fe67865b528a43dd10ef7c51a20392?s=96&d=mm&r=g\",\"url\":\"https:\\\/\\\/secure.gravatar.com\\\/avatar\\\/57de8e5d4b15d43fb361a71fbb36338450fe67865b528a43dd10ef7c51a20392?s=96&d=mm&r=g\",\"contentUrl\":\"https:\\\/\\\/secure.gravatar.com\\\/avatar\\\/57de8e5d4b15d43fb361a71fbb36338450fe67865b528a43dd10ef7c51a20392?s=96&d=mm&r=g\",\"caption\":\"La Sentinelle\"},\"sameAs\":[\"http:\\\/\\\/www.lasentinelle.dz\"],\"url\":\"https:\\\/\\\/lasentinelle.dz\\\/author\\\/redaction\\\/\"}]}<\/script>\n<!-- \/ Yoast SEO plugin. -->","yoast_head_json":{"title":"Tuer les journalistes c\u2019est tuer la v\u00e9rit\u00e9 - La Sentinelle","robots":{"index":"index","follow":"follow","max-snippet":"max-snippet:-1","max-image-preview":"max-image-preview:large","max-video-preview":"max-video-preview:-1"},"canonical":"https:\/\/lasentinelle.dz\/index.php\/2024\/01\/08\/tuer-les-journalistes-cest-tuer-la-verite\/","og_locale":"fr_FR","og_type":"article","og_title":"Tuer les journalistes c\u2019est tuer la v\u00e9rit\u00e9 - La Sentinelle","og_description":"112 journalistes palestiniens tu\u00e9s \u00e0 Ghaza depuis le 7 octobre 112 journalistes ont \u00e9t\u00e9 tu\u00e9s dans la Bande de Ghaza","og_url":"https:\/\/lasentinelle.dz\/index.php\/2024\/01\/08\/tuer-les-journalistes-cest-tuer-la-verite\/","og_site_name":"La Sentinelle","article_publisher":"https:\/\/www.facebook.com\/La-Sentinelle-104059864394773","article_published_time":"2024-01-08T20:51:33+00:00","article_modified_time":"2024-01-08T20:51:37+00:00","og_image":[{"width":864,"height":486,"url":"https:\/\/lasentinelle.dz\/wp-content\/uploads\/2024\/01\/press.jpeg","type":"image\/jpeg"}],"author":"La Sentinelle","twitter_card":"summary_large_image","twitter_misc":{"\u00c9crit par":"La Sentinelle","Dur\u00e9e de lecture estim\u00e9e":"6 minutes"},"schema":{"@context":"https:\/\/schema.org","@graph":[{"@type":"Article","@id":"https:\/\/lasentinelle.dz\/index.php\/2024\/01\/08\/tuer-les-journalistes-cest-tuer-la-verite\/#article","isPartOf":{"@id":"https:\/\/lasentinelle.dz\/index.php\/2024\/01\/08\/tuer-les-journalistes-cest-tuer-la-verite\/"},"author":{"name":"La Sentinelle","@id":"https:\/\/lasentinelle.dz\/#\/schema\/person\/d865044e22e70a75174ce8bcad3acfb3"},"headline":"Tuer les journalistes c\u2019est tuer la v\u00e9rit\u00e9","datePublished":"2024-01-08T20:51:33+00:00","dateModified":"2024-01-08T20:51:37+00:00","mainEntityOfPage":{"@id":"https:\/\/lasentinelle.dz\/index.php\/2024\/01\/08\/tuer-les-journalistes-cest-tuer-la-verite\/"},"wordCount":1277,"commentCount":0,"publisher":{"@id":"https:\/\/lasentinelle.dz\/#organization"},"image":{"@id":"https:\/\/lasentinelle.dz\/index.php\/2024\/01\/08\/tuer-les-journalistes-cest-tuer-la-verite\/#primaryimage"},"thumbnailUrl":"https:\/\/lasentinelle.dz\/wp-content\/uploads\/2024\/01\/press.jpeg","articleSection":["\u00c0 la Une","Actualit\u00e9"],"inLanguage":"fr-FR","potentialAction":[{"@type":"CommentAction","name":"Comment","target":["https:\/\/lasentinelle.dz\/index.php\/2024\/01\/08\/tuer-les-journalistes-cest-tuer-la-verite\/#respond"]}]},{"@type":"WebPage","@id":"https:\/\/lasentinelle.dz\/index.php\/2024\/01\/08\/tuer-les-journalistes-cest-tuer-la-verite\/","url":"https:\/\/lasentinelle.dz\/index.php\/2024\/01\/08\/tuer-les-journalistes-cest-tuer-la-verite\/","name":"Tuer les journalistes c\u2019est tuer la v\u00e9rit\u00e9 - La Sentinelle","isPartOf":{"@id":"https:\/\/lasentinelle.dz\/#website"},"primaryImageOfPage":{"@id":"https:\/\/lasentinelle.dz\/index.php\/2024\/01\/08\/tuer-les-journalistes-cest-tuer-la-verite\/#primaryimage"},"image":{"@id":"https:\/\/lasentinelle.dz\/index.php\/2024\/01\/08\/tuer-les-journalistes-cest-tuer-la-verite\/#primaryimage"},"thumbnailUrl":"https:\/\/lasentinelle.dz\/wp-content\/uploads\/2024\/01\/press.jpeg","datePublished":"2024-01-08T20:51:33+00:00","dateModified":"2024-01-08T20:51:37+00:00","breadcrumb":{"@id":"https:\/\/lasentinelle.dz\/index.php\/2024\/01\/08\/tuer-les-journalistes-cest-tuer-la-verite\/#breadcrumb"},"inLanguage":"fr-FR","potentialAction":[{"@type":"ReadAction","target":["https:\/\/lasentinelle.dz\/index.php\/2024\/01\/08\/tuer-les-journalistes-cest-tuer-la-verite\/"]}]},{"@type":"ImageObject","inLanguage":"fr-FR","@id":"https:\/\/lasentinelle.dz\/index.php\/2024\/01\/08\/tuer-les-journalistes-cest-tuer-la-verite\/#primaryimage","url":"https:\/\/lasentinelle.dz\/wp-content\/uploads\/2024\/01\/press.jpeg","contentUrl":"https:\/\/lasentinelle.dz\/wp-content\/uploads\/2024\/01\/press.jpeg","width":864,"height":486},{"@type":"BreadcrumbList","@id":"https:\/\/lasentinelle.dz\/index.php\/2024\/01\/08\/tuer-les-journalistes-cest-tuer-la-verite\/#breadcrumb","itemListElement":[{"@type":"ListItem","position":1,"name":"Accueil","item":"https:\/\/lasentinelle.dz\/"},{"@type":"ListItem","position":2,"name":"Tuer les journalistes c\u2019est tuer la v\u00e9rit\u00e9"}]},{"@type":"WebSite","@id":"https:\/\/lasentinelle.dz\/#website","url":"https:\/\/lasentinelle.dz\/","name":"La Sentinelle","description":"Quotidien national d&#039;information","publisher":{"@id":"https:\/\/lasentinelle.dz\/#organization"},"potentialAction":[{"@type":"SearchAction","target":{"@type":"EntryPoint","urlTemplate":"https:\/\/lasentinelle.dz\/?s={search_term_string}"},"query-input":{"@type":"PropertyValueSpecification","valueRequired":true,"valueName":"search_term_string"}}],"inLanguage":"fr-FR"},{"@type":"Organization","@id":"https:\/\/lasentinelle.dz\/#organization","name":"Quotidien La Sentinelle","url":"https:\/\/lasentinelle.dz\/","logo":{"@type":"ImageObject","inLanguage":"fr-FR","@id":"https:\/\/lasentinelle.dz\/#\/schema\/logo\/image\/","url":"https:\/\/lasentinelle.dz\/wp-content\/uploads\/2021\/09\/logo-sentinelleSLOGAN-1.png","contentUrl":"https:\/\/lasentinelle.dz\/wp-content\/uploads\/2021\/09\/logo-sentinelleSLOGAN-1.png","width":615,"height":142,"caption":"Quotidien La Sentinelle"},"image":{"@id":"https:\/\/lasentinelle.dz\/#\/schema\/logo\/image\/"},"sameAs":["https:\/\/www.facebook.com\/La-Sentinelle-104059864394773"]},{"@type":"Person","@id":"https:\/\/lasentinelle.dz\/#\/schema\/person\/d865044e22e70a75174ce8bcad3acfb3","name":"La Sentinelle","image":{"@type":"ImageObject","inLanguage":"fr-FR","@id":"https:\/\/secure.gravatar.com\/avatar\/57de8e5d4b15d43fb361a71fbb36338450fe67865b528a43dd10ef7c51a20392?s=96&d=mm&r=g","url":"https:\/\/secure.gravatar.com\/avatar\/57de8e5d4b15d43fb361a71fbb36338450fe67865b528a43dd10ef7c51a20392?s=96&d=mm&r=g","contentUrl":"https:\/\/secure.gravatar.com\/avatar\/57de8e5d4b15d43fb361a71fbb36338450fe67865b528a43dd10ef7c51a20392?s=96&d=mm&r=g","caption":"La Sentinelle"},"sameAs":["http:\/\/www.lasentinelle.dz"],"url":"https:\/\/lasentinelle.dz\/author\/redaction\/"}]}},"_links":{"self":[{"href":"https:\/\/lasentinelle.dz\/index.php\/wp-json\/wp\/v2\/posts\/48581","targetHints":{"allow":["GET"]}}],"collection":[{"href":"https:\/\/lasentinelle.dz\/index.php\/wp-json\/wp\/v2\/posts"}],"about":[{"href":"https:\/\/lasentinelle.dz\/index.php\/wp-json\/wp\/v2\/types\/post"}],"author":[{"embeddable":true,"href":"https:\/\/lasentinelle.dz\/index.php\/wp-json\/wp\/v2\/users\/3"}],"replies":[{"embeddable":true,"href":"https:\/\/lasentinelle.dz\/index.php\/wp-json\/wp\/v2\/comments?post=48581"}],"version-history":[{"count":1,"href":"https:\/\/lasentinelle.dz\/index.php\/wp-json\/wp\/v2\/posts\/48581\/revisions"}],"predecessor-version":[{"id":48583,"href":"https:\/\/lasentinelle.dz\/index.php\/wp-json\/wp\/v2\/posts\/48581\/revisions\/48583"}],"wp:featuredmedia":[{"embeddable":true,"href":"https:\/\/lasentinelle.dz\/index.php\/wp-json\/wp\/v2\/media\/48582"}],"wp:attachment":[{"href":"https:\/\/lasentinelle.dz\/index.php\/wp-json\/wp\/v2\/media?parent=48581"}],"wp:term":[{"taxonomy":"category","embeddable":true,"href":"https:\/\/lasentinelle.dz\/index.php\/wp-json\/wp\/v2\/categories?post=48581"},{"taxonomy":"post_tag","embeddable":true,"href":"https:\/\/lasentinelle.dz\/index.php\/wp-json\/wp\/v2\/tags?post=48581"}],"curies":[{"name":"wp","href":"https:\/\/api.w.org\/{rel}","templated":true}]}}