{"id":48607,"date":"2024-01-10T09:37:00","date_gmt":"2024-01-10T08:37:00","guid":{"rendered":"https:\/\/lasentinelle.dz\/?p=48607"},"modified":"2024-01-10T15:38:59","modified_gmt":"2024-01-10T14:38:59","slug":"vers-une-production-de-plus-de-146-milliards-m3-de-gaz-dici-2028","status":"publish","type":"post","link":"https:\/\/lasentinelle.dz\/index.php\/2024\/01\/10\/vers-une-production-de-plus-de-146-milliards-m3-de-gaz-dici-2028\/","title":{"rendered":"Vers une production de plus de 146 milliards m3 de gaz d\u2019ici 2028"},"content":{"rendered":"\n<p>La mise en service de nombreux projet gaziers permettra d\u2019augmenter de mani\u00e8re substantielle la production de gaz naturel. Selon le Directeur g\u00e9n\u00e9ral de la Prospective au minist\u00e8re de l\u2019\u00c9nergie et des Mines, Medjelled Miloud, la production primaire du gaz naturel \u00e9voluera annuellement de 1,4% pour atteindre 146,7 milliards de m3 en 2028. Le m\u00eame responsable a indiqu\u00e9 hier dans un entretien avec l\u2019APS que la croissance de la production sera aliment\u00e9e par la mise en service de nouveaux gisements sur la p\u00e9riode 2024-2028, d\u2019un apport additionnel de 16,3 milliards de m3, ainsi que le boosting de Hassi R\u2019Mel et le d\u00e9veloppement de Touat \u00ab\u00a0qui permettront le maintien d\u2019un plateau de production global de plus de 130 milliards de m3 par an sur la p\u00e9riode\u00a0\u00bb.<\/p>\n\n\n\n<p>Plus globalement, le Directeur g\u00e9n\u00e9ral de la Prospective a indiqu\u00e9 que la production primaire des hydrocarbures \u00ab\u00a0connaitra une hausse moyenne de 1,3% pour s\u2019\u00e9tablir \u00e0 207 MTEP en 2028\u00a0\u00bb, essentiellement mue par l\u2019apport des nouveaux projets qui viennent compenser la baisse des profils des gisements en exploitation. Les nouveaux apports sur la p\u00e9riode 2024-2028 \u00ab\u00a0sont \u00e9valu\u00e9s \u00e0 pr\u00e8s de 22,5 MTEP\u00a0\u00bb, souligne-t-il.<\/p>\n\n\n\n<p>Le m\u00eame responsable a \u00e9galement soulign\u00e9 les r\u00e9sultats positifs enregistr\u00e9s lors de l\u2019exercice qui vient de se terminer. Il a ainsi indiqu\u00e9 que \u00ab\u00a0ka production primaire d\u2019hydrocarbures a connu une hausse moyenne de pr\u00e9s de 1% sur la p\u00e9riode 2019-2023, pour s\u2019\u00e9tablir \u00e0 194 MTEP \u00e0 fin 2023\u00a0\u00bb. Le gaz naturel \u00ab\u00a0repr\u00e9sente en moyenne deux tiers de cette production, passant de 127 milliards m3 en 2019 \u00e0 plus de 136 milliards m3 \u00e0 fin 2023, soit une hausse annuelle moyenne de 2% sur la p\u00e9riode, \u00e0 la faveur de la mise en production de nouveaux gisements\u00a0\u00bb, a-t-il pr\u00e9cis\u00e9. Et d\u2019ajouter que les exportations d&rsquo;hydrocarbures ont atteint pr\u00e8s de 97 MTEP en 2023, contre 93,5 MTEP en 2022, soit une hausse de 3,5%, alors que le gaz naturel repr\u00e9sentait plus de 50% des volumes export\u00e9s.<\/p>\n\n\n\n<p>Medjelled Miloud a \u00e9galement tenu \u00e0 souligner que ces r\u00e9sultats sont issus de la d\u00e9marche destin\u00e9e \u00e0assurer la s\u00e9curit\u00e9 de ses approvisionnements, en augmentant la production, notamment gazi\u00e8re. Une d\u00e9marche qui mise sur la promotion du domaine minier national et l\u2019am\u00e9lioration de l\u2019attractivit\u00e9 au regard des investissant en agissant sur le climat des affaires et en facilitant les proc\u00e9dures, le renforcement des efforts dans le domaine de l\u2019Exploration &amp; Production, la finalisation des projets en voie de d\u00e9veloppement, l&rsquo;augmentation du taux de r\u00e9cup\u00e9ration du p\u00e9trole et du gaz ainsi que la diversification du mix \u00e9nerg\u00e9tique.&nbsp;&nbsp;&nbsp;&nbsp;&nbsp;&nbsp;&nbsp;&nbsp;&nbsp;&nbsp;<\/p>\n\n\n\n<p><strong>R\u00e9duire l\u2019impact environnemental de l\u2019industrie gazi\u00e8re<\/strong><\/p>\n\n\n\n<p>Dans ce contexte, le responsable du minist\u00e8re de l\u2019\u00c9nergie et des Mines a mis en avant les efforts entrepris par l\u2019Alg\u00e9rie pour r\u00e9duire l\u2019impact environnemental de son industrie des hydrocarbures. Il a ainsi soulign\u00e9 que l&rsquo;Alg\u00e9rie, via l\u2019entreprise nationale Sonatrach notamment, ambitionne de r\u00e9duire les \u00e9missions de gaz \u00e0 effet de serre de 7% \u00e0 22% d&rsquo;ici 2030 et \u00e0 r\u00e9duire le volume global de gaz torch\u00e9s \u00e0 moins de 1% d&rsquo;ici la m\u00eame ann\u00e9e, avec la r\u00e9duction du torchage de gaz, la r\u00e9cup\u00e9ration des \u00e9missions fugitives du m\u00e9thane, la rationalisation de la consommation du gaz et de l\u2019\u00e9lectricit\u00e9 sont d&rsquo;autres mesures qui ont \u00e9t\u00e9 prises. Il a soulign\u00e9 que l\u2019Alg\u00e9rie s\u2019est engag\u00e9e sur la voie des \u00e9nergies renouvelables gr\u00e2ce un programme ambitieux pour installer une puissance de 15.000 MW d\u2019ici 2035, dont 3.000 MW ont d\u00e9j\u00e0 \u00e9t\u00e9 lanc\u00e9s. Il a dans le m\u00eame contexte rappel\u00e9 le d\u00e9veloppement de la fili\u00e8re Hydrog\u00e8ne \u00e0 \u00e9chelle industrielle pour l\u2019installation d\u2019une capacit\u00e9 de 40 TWh)\u00e0 horizon 2040-2050, en plus de prospecter d\u2019autres sources d\u2019\u00e9nergies renouvelables, la g\u00e9othermie notamment.<\/p>\n\n\n\n<p><strong>Sabrina Aziouez<\/strong><\/p>\n","protected":false},"excerpt":{"rendered":"<p>La mise en service de nombreux projet gaziers permettra d\u2019augmenter de mani\u00e8re substantielle la production de gaz naturel. Selon le<\/p>\n","protected":false},"author":3,"featured_media":23448,"comment_status":"open","ping_status":"closed","sticky":false,"template":"","format":"standard","meta":{"colormag_page_container_layout":"default_layout","colormag_page_sidebar_layout":"default_layout","om_disable_all_campaigns":false,"_monsterinsights_skip_tracking":false,"_monsterinsights_sitenote_active":false,"_monsterinsights_sitenote_note":"","_monsterinsights_sitenote_category":0,"footnotes":"","_wpscppro_dont_share_socialmedia":false,"_wpscppro_custom_social_share_image":0,"_facebook_share_type":"","_twitter_share_type":"","_linkedin_share_type":"","_pinterest_share_type":"","_linkedin_share_type_page":"","_instagram_share_type":"","_medium_share_type":"","_threads_share_type":"","_google_business_share_type":"","_selected_social_profile":[],"_wpsp_enable_custom_social_template":false,"_wpsp_social_scheduling":{"enabled":false,"datetime":null,"platforms":[],"status":"template_only","dateOption":"today","timeOption":"now","customDays":"","customHours":"","customDate":"","customTime":"","schedulingType":"absolute"},"_wpsp_active_default_template":true},"categories":[52,29],"tags":[],"class_list":["post-48607","post","type-post","status-publish","format-standard","has-post-thumbnail","hentry","category-a-la-une","category-economie"],"aioseo_notices":[],"yoast_head":"<!-- This site is optimized with the Yoast SEO plugin v27.5 - https:\/\/yoast.com\/product\/yoast-seo-wordpress\/ -->\n<title>Vers une production de plus de 146 milliards m3 de gaz d\u2019ici 2028 - La Sentinelle<\/title>\n<meta name=\"robots\" content=\"index, follow, max-snippet:-1, max-image-preview:large, max-video-preview:-1\" \/>\n<link rel=\"canonical\" href=\"https:\/\/lasentinelle.dz\/index.php\/2024\/01\/10\/vers-une-production-de-plus-de-146-milliards-m3-de-gaz-dici-2028\/\" \/>\n<meta property=\"og:locale\" content=\"fr_FR\" \/>\n<meta property=\"og:type\" content=\"article\" \/>\n<meta property=\"og:title\" content=\"Vers une production de plus de 146 milliards m3 de gaz d\u2019ici 2028 - La Sentinelle\" \/>\n<meta property=\"og:description\" content=\"La mise en service de nombreux projet gaziers permettra d\u2019augmenter de mani\u00e8re substantielle la production de gaz naturel. Selon le\" \/>\n<meta property=\"og:url\" content=\"https:\/\/lasentinelle.dz\/index.php\/2024\/01\/10\/vers-une-production-de-plus-de-146-milliards-m3-de-gaz-dici-2028\/\" \/>\n<meta property=\"og:site_name\" content=\"La Sentinelle\" \/>\n<meta property=\"article:publisher\" content=\"https:\/\/www.facebook.com\/La-Sentinelle-104059864394773\" \/>\n<meta property=\"article:published_time\" content=\"2024-01-10T08:37:00+00:00\" \/>\n<meta property=\"article:modified_time\" content=\"2024-01-10T14:38:59+00:00\" \/>\n<meta property=\"og:image\" content=\"https:\/\/lasentinelle.dz\/wp-content\/uploads\/2022\/06\/Gaz-1.png\" \/>\n\t<meta property=\"og:image:width\" content=\"1491\" \/>\n\t<meta property=\"og:image:height\" content=\"900\" \/>\n\t<meta property=\"og:image:type\" content=\"image\/png\" \/>\n<meta name=\"author\" content=\"La Sentinelle\" \/>\n<meta name=\"twitter:card\" content=\"summary_large_image\" \/>\n<meta name=\"twitter:label1\" content=\"\u00c9crit par\" \/>\n\t<meta name=\"twitter:data1\" content=\"La Sentinelle\" \/>\n\t<meta name=\"twitter:label2\" content=\"Dur\u00e9e de lecture estim\u00e9e\" \/>\n\t<meta name=\"twitter:data2\" content=\"4 minutes\" \/>\n<script type=\"application\/ld+json\" class=\"yoast-schema-graph\">{\"@context\":\"https:\\\/\\\/schema.org\",\"@graph\":[{\"@type\":\"Article\",\"@id\":\"https:\\\/\\\/lasentinelle.dz\\\/index.php\\\/2024\\\/01\\\/10\\\/vers-une-production-de-plus-de-146-milliards-m3-de-gaz-dici-2028\\\/#article\",\"isPartOf\":{\"@id\":\"https:\\\/\\\/lasentinelle.dz\\\/index.php\\\/2024\\\/01\\\/10\\\/vers-une-production-de-plus-de-146-milliards-m3-de-gaz-dici-2028\\\/\"},\"author\":{\"name\":\"La Sentinelle\",\"@id\":\"https:\\\/\\\/lasentinelle.dz\\\/#\\\/schema\\\/person\\\/d865044e22e70a75174ce8bcad3acfb3\"},\"headline\":\"Vers une production de plus de 146 milliards m3 de gaz d\u2019ici 2028\",\"datePublished\":\"2024-01-10T08:37:00+00:00\",\"dateModified\":\"2024-01-10T14:38:59+00:00\",\"mainEntityOfPage\":{\"@id\":\"https:\\\/\\\/lasentinelle.dz\\\/index.php\\\/2024\\\/01\\\/10\\\/vers-une-production-de-plus-de-146-milliards-m3-de-gaz-dici-2028\\\/\"},\"wordCount\":674,\"commentCount\":0,\"publisher\":{\"@id\":\"https:\\\/\\\/lasentinelle.dz\\\/#organization\"},\"image\":{\"@id\":\"https:\\\/\\\/lasentinelle.dz\\\/index.php\\\/2024\\\/01\\\/10\\\/vers-une-production-de-plus-de-146-milliards-m3-de-gaz-dici-2028\\\/#primaryimage\"},\"thumbnailUrl\":\"https:\\\/\\\/lasentinelle.dz\\\/wp-content\\\/uploads\\\/2022\\\/06\\\/Gaz-1.png\",\"articleSection\":[\"\u00c0 la Une\",\"\u00c9conomie\"],\"inLanguage\":\"fr-FR\",\"potentialAction\":[{\"@type\":\"CommentAction\",\"name\":\"Comment\",\"target\":[\"https:\\\/\\\/lasentinelle.dz\\\/index.php\\\/2024\\\/01\\\/10\\\/vers-une-production-de-plus-de-146-milliards-m3-de-gaz-dici-2028\\\/#respond\"]}]},{\"@type\":\"WebPage\",\"@id\":\"https:\\\/\\\/lasentinelle.dz\\\/index.php\\\/2024\\\/01\\\/10\\\/vers-une-production-de-plus-de-146-milliards-m3-de-gaz-dici-2028\\\/\",\"url\":\"https:\\\/\\\/lasentinelle.dz\\\/index.php\\\/2024\\\/01\\\/10\\\/vers-une-production-de-plus-de-146-milliards-m3-de-gaz-dici-2028\\\/\",\"name\":\"Vers une production de plus de 146 milliards m3 de gaz d\u2019ici 2028 - La Sentinelle\",\"isPartOf\":{\"@id\":\"https:\\\/\\\/lasentinelle.dz\\\/#website\"},\"primaryImageOfPage\":{\"@id\":\"https:\\\/\\\/lasentinelle.dz\\\/index.php\\\/2024\\\/01\\\/10\\\/vers-une-production-de-plus-de-146-milliards-m3-de-gaz-dici-2028\\\/#primaryimage\"},\"image\":{\"@id\":\"https:\\\/\\\/lasentinelle.dz\\\/index.php\\\/2024\\\/01\\\/10\\\/vers-une-production-de-plus-de-146-milliards-m3-de-gaz-dici-2028\\\/#primaryimage\"},\"thumbnailUrl\":\"https:\\\/\\\/lasentinelle.dz\\\/wp-content\\\/uploads\\\/2022\\\/06\\\/Gaz-1.png\",\"datePublished\":\"2024-01-10T08:37:00+00:00\",\"dateModified\":\"2024-01-10T14:38:59+00:00\",\"breadcrumb\":{\"@id\":\"https:\\\/\\\/lasentinelle.dz\\\/index.php\\\/2024\\\/01\\\/10\\\/vers-une-production-de-plus-de-146-milliards-m3-de-gaz-dici-2028\\\/#breadcrumb\"},\"inLanguage\":\"fr-FR\",\"potentialAction\":[{\"@type\":\"ReadAction\",\"target\":[\"https:\\\/\\\/lasentinelle.dz\\\/index.php\\\/2024\\\/01\\\/10\\\/vers-une-production-de-plus-de-146-milliards-m3-de-gaz-dici-2028\\\/\"]}]},{\"@type\":\"ImageObject\",\"inLanguage\":\"fr-FR\",\"@id\":\"https:\\\/\\\/lasentinelle.dz\\\/index.php\\\/2024\\\/01\\\/10\\\/vers-une-production-de-plus-de-146-milliards-m3-de-gaz-dici-2028\\\/#primaryimage\",\"url\":\"https:\\\/\\\/lasentinelle.dz\\\/wp-content\\\/uploads\\\/2022\\\/06\\\/Gaz-1.png\",\"contentUrl\":\"https:\\\/\\\/lasentinelle.dz\\\/wp-content\\\/uploads\\\/2022\\\/06\\\/Gaz-1.png\",\"width\":1491,\"height\":900},{\"@type\":\"BreadcrumbList\",\"@id\":\"https:\\\/\\\/lasentinelle.dz\\\/index.php\\\/2024\\\/01\\\/10\\\/vers-une-production-de-plus-de-146-milliards-m3-de-gaz-dici-2028\\\/#breadcrumb\",\"itemListElement\":[{\"@type\":\"ListItem\",\"position\":1,\"name\":\"Accueil\",\"item\":\"https:\\\/\\\/lasentinelle.dz\\\/\"},{\"@type\":\"ListItem\",\"position\":2,\"name\":\"Vers une production de plus de 146 milliards m3 de gaz d\u2019ici 2028\"}]},{\"@type\":\"WebSite\",\"@id\":\"https:\\\/\\\/lasentinelle.dz\\\/#website\",\"url\":\"https:\\\/\\\/lasentinelle.dz\\\/\",\"name\":\"La Sentinelle\",\"description\":\"Quotidien national d&#039;information\",\"publisher\":{\"@id\":\"https:\\\/\\\/lasentinelle.dz\\\/#organization\"},\"potentialAction\":[{\"@type\":\"SearchAction\",\"target\":{\"@type\":\"EntryPoint\",\"urlTemplate\":\"https:\\\/\\\/lasentinelle.dz\\\/?s={search_term_string}\"},\"query-input\":{\"@type\":\"PropertyValueSpecification\",\"valueRequired\":true,\"valueName\":\"search_term_string\"}}],\"inLanguage\":\"fr-FR\"},{\"@type\":\"Organization\",\"@id\":\"https:\\\/\\\/lasentinelle.dz\\\/#organization\",\"name\":\"Quotidien La Sentinelle\",\"url\":\"https:\\\/\\\/lasentinelle.dz\\\/\",\"logo\":{\"@type\":\"ImageObject\",\"inLanguage\":\"fr-FR\",\"@id\":\"https:\\\/\\\/lasentinelle.dz\\\/#\\\/schema\\\/logo\\\/image\\\/\",\"url\":\"https:\\\/\\\/lasentinelle.dz\\\/wp-content\\\/uploads\\\/2021\\\/09\\\/logo-sentinelleSLOGAN-1.png\",\"contentUrl\":\"https:\\\/\\\/lasentinelle.dz\\\/wp-content\\\/uploads\\\/2021\\\/09\\\/logo-sentinelleSLOGAN-1.png\",\"width\":615,\"height\":142,\"caption\":\"Quotidien La Sentinelle\"},\"image\":{\"@id\":\"https:\\\/\\\/lasentinelle.dz\\\/#\\\/schema\\\/logo\\\/image\\\/\"},\"sameAs\":[\"https:\\\/\\\/www.facebook.com\\\/La-Sentinelle-104059864394773\"]},{\"@type\":\"Person\",\"@id\":\"https:\\\/\\\/lasentinelle.dz\\\/#\\\/schema\\\/person\\\/d865044e22e70a75174ce8bcad3acfb3\",\"name\":\"La Sentinelle\",\"image\":{\"@type\":\"ImageObject\",\"inLanguage\":\"fr-FR\",\"@id\":\"https:\\\/\\\/secure.gravatar.com\\\/avatar\\\/57de8e5d4b15d43fb361a71fbb36338450fe67865b528a43dd10ef7c51a20392?s=96&d=mm&r=g\",\"url\":\"https:\\\/\\\/secure.gravatar.com\\\/avatar\\\/57de8e5d4b15d43fb361a71fbb36338450fe67865b528a43dd10ef7c51a20392?s=96&d=mm&r=g\",\"contentUrl\":\"https:\\\/\\\/secure.gravatar.com\\\/avatar\\\/57de8e5d4b15d43fb361a71fbb36338450fe67865b528a43dd10ef7c51a20392?s=96&d=mm&r=g\",\"caption\":\"La Sentinelle\"},\"sameAs\":[\"http:\\\/\\\/www.lasentinelle.dz\"],\"url\":\"https:\\\/\\\/lasentinelle.dz\\\/author\\\/redaction\\\/\"}]}<\/script>\n<!-- \/ Yoast SEO plugin. -->","yoast_head_json":{"title":"Vers une production de plus de 146 milliards m3 de gaz d\u2019ici 2028 - La Sentinelle","robots":{"index":"index","follow":"follow","max-snippet":"max-snippet:-1","max-image-preview":"max-image-preview:large","max-video-preview":"max-video-preview:-1"},"canonical":"https:\/\/lasentinelle.dz\/index.php\/2024\/01\/10\/vers-une-production-de-plus-de-146-milliards-m3-de-gaz-dici-2028\/","og_locale":"fr_FR","og_type":"article","og_title":"Vers une production de plus de 146 milliards m3 de gaz d\u2019ici 2028 - La Sentinelle","og_description":"La mise en service de nombreux projet gaziers permettra d\u2019augmenter de mani\u00e8re substantielle la production de gaz naturel. Selon le","og_url":"https:\/\/lasentinelle.dz\/index.php\/2024\/01\/10\/vers-une-production-de-plus-de-146-milliards-m3-de-gaz-dici-2028\/","og_site_name":"La Sentinelle","article_publisher":"https:\/\/www.facebook.com\/La-Sentinelle-104059864394773","article_published_time":"2024-01-10T08:37:00+00:00","article_modified_time":"2024-01-10T14:38:59+00:00","og_image":[{"width":1491,"height":900,"url":"https:\/\/lasentinelle.dz\/wp-content\/uploads\/2022\/06\/Gaz-1.png","type":"image\/png"}],"author":"La Sentinelle","twitter_card":"summary_large_image","twitter_misc":{"\u00c9crit par":"La Sentinelle","Dur\u00e9e de lecture estim\u00e9e":"4 minutes"},"schema":{"@context":"https:\/\/schema.org","@graph":[{"@type":"Article","@id":"https:\/\/lasentinelle.dz\/index.php\/2024\/01\/10\/vers-une-production-de-plus-de-146-milliards-m3-de-gaz-dici-2028\/#article","isPartOf":{"@id":"https:\/\/lasentinelle.dz\/index.php\/2024\/01\/10\/vers-une-production-de-plus-de-146-milliards-m3-de-gaz-dici-2028\/"},"author":{"name":"La Sentinelle","@id":"https:\/\/lasentinelle.dz\/#\/schema\/person\/d865044e22e70a75174ce8bcad3acfb3"},"headline":"Vers une production de plus de 146 milliards m3 de gaz d\u2019ici 2028","datePublished":"2024-01-10T08:37:00+00:00","dateModified":"2024-01-10T14:38:59+00:00","mainEntityOfPage":{"@id":"https:\/\/lasentinelle.dz\/index.php\/2024\/01\/10\/vers-une-production-de-plus-de-146-milliards-m3-de-gaz-dici-2028\/"},"wordCount":674,"commentCount":0,"publisher":{"@id":"https:\/\/lasentinelle.dz\/#organization"},"image":{"@id":"https:\/\/lasentinelle.dz\/index.php\/2024\/01\/10\/vers-une-production-de-plus-de-146-milliards-m3-de-gaz-dici-2028\/#primaryimage"},"thumbnailUrl":"https:\/\/lasentinelle.dz\/wp-content\/uploads\/2022\/06\/Gaz-1.png","articleSection":["\u00c0 la Une","\u00c9conomie"],"inLanguage":"fr-FR","potentialAction":[{"@type":"CommentAction","name":"Comment","target":["https:\/\/lasentinelle.dz\/index.php\/2024\/01\/10\/vers-une-production-de-plus-de-146-milliards-m3-de-gaz-dici-2028\/#respond"]}]},{"@type":"WebPage","@id":"https:\/\/lasentinelle.dz\/index.php\/2024\/01\/10\/vers-une-production-de-plus-de-146-milliards-m3-de-gaz-dici-2028\/","url":"https:\/\/lasentinelle.dz\/index.php\/2024\/01\/10\/vers-une-production-de-plus-de-146-milliards-m3-de-gaz-dici-2028\/","name":"Vers une production de plus de 146 milliards m3 de gaz d\u2019ici 2028 - La Sentinelle","isPartOf":{"@id":"https:\/\/lasentinelle.dz\/#website"},"primaryImageOfPage":{"@id":"https:\/\/lasentinelle.dz\/index.php\/2024\/01\/10\/vers-une-production-de-plus-de-146-milliards-m3-de-gaz-dici-2028\/#primaryimage"},"image":{"@id":"https:\/\/lasentinelle.dz\/index.php\/2024\/01\/10\/vers-une-production-de-plus-de-146-milliards-m3-de-gaz-dici-2028\/#primaryimage"},"thumbnailUrl":"https:\/\/lasentinelle.dz\/wp-content\/uploads\/2022\/06\/Gaz-1.png","datePublished":"2024-01-10T08:37:00+00:00","dateModified":"2024-01-10T14:38:59+00:00","breadcrumb":{"@id":"https:\/\/lasentinelle.dz\/index.php\/2024\/01\/10\/vers-une-production-de-plus-de-146-milliards-m3-de-gaz-dici-2028\/#breadcrumb"},"inLanguage":"fr-FR","potentialAction":[{"@type":"ReadAction","target":["https:\/\/lasentinelle.dz\/index.php\/2024\/01\/10\/vers-une-production-de-plus-de-146-milliards-m3-de-gaz-dici-2028\/"]}]},{"@type":"ImageObject","inLanguage":"fr-FR","@id":"https:\/\/lasentinelle.dz\/index.php\/2024\/01\/10\/vers-une-production-de-plus-de-146-milliards-m3-de-gaz-dici-2028\/#primaryimage","url":"https:\/\/lasentinelle.dz\/wp-content\/uploads\/2022\/06\/Gaz-1.png","contentUrl":"https:\/\/lasentinelle.dz\/wp-content\/uploads\/2022\/06\/Gaz-1.png","width":1491,"height":900},{"@type":"BreadcrumbList","@id":"https:\/\/lasentinelle.dz\/index.php\/2024\/01\/10\/vers-une-production-de-plus-de-146-milliards-m3-de-gaz-dici-2028\/#breadcrumb","itemListElement":[{"@type":"ListItem","position":1,"name":"Accueil","item":"https:\/\/lasentinelle.dz\/"},{"@type":"ListItem","position":2,"name":"Vers une production de plus de 146 milliards m3 de gaz d\u2019ici 2028"}]},{"@type":"WebSite","@id":"https:\/\/lasentinelle.dz\/#website","url":"https:\/\/lasentinelle.dz\/","name":"La Sentinelle","description":"Quotidien national d&#039;information","publisher":{"@id":"https:\/\/lasentinelle.dz\/#organization"},"potentialAction":[{"@type":"SearchAction","target":{"@type":"EntryPoint","urlTemplate":"https:\/\/lasentinelle.dz\/?s={search_term_string}"},"query-input":{"@type":"PropertyValueSpecification","valueRequired":true,"valueName":"search_term_string"}}],"inLanguage":"fr-FR"},{"@type":"Organization","@id":"https:\/\/lasentinelle.dz\/#organization","name":"Quotidien La Sentinelle","url":"https:\/\/lasentinelle.dz\/","logo":{"@type":"ImageObject","inLanguage":"fr-FR","@id":"https:\/\/lasentinelle.dz\/#\/schema\/logo\/image\/","url":"https:\/\/lasentinelle.dz\/wp-content\/uploads\/2021\/09\/logo-sentinelleSLOGAN-1.png","contentUrl":"https:\/\/lasentinelle.dz\/wp-content\/uploads\/2021\/09\/logo-sentinelleSLOGAN-1.png","width":615,"height":142,"caption":"Quotidien La Sentinelle"},"image":{"@id":"https:\/\/lasentinelle.dz\/#\/schema\/logo\/image\/"},"sameAs":["https:\/\/www.facebook.com\/La-Sentinelle-104059864394773"]},{"@type":"Person","@id":"https:\/\/lasentinelle.dz\/#\/schema\/person\/d865044e22e70a75174ce8bcad3acfb3","name":"La Sentinelle","image":{"@type":"ImageObject","inLanguage":"fr-FR","@id":"https:\/\/secure.gravatar.com\/avatar\/57de8e5d4b15d43fb361a71fbb36338450fe67865b528a43dd10ef7c51a20392?s=96&d=mm&r=g","url":"https:\/\/secure.gravatar.com\/avatar\/57de8e5d4b15d43fb361a71fbb36338450fe67865b528a43dd10ef7c51a20392?s=96&d=mm&r=g","contentUrl":"https:\/\/secure.gravatar.com\/avatar\/57de8e5d4b15d43fb361a71fbb36338450fe67865b528a43dd10ef7c51a20392?s=96&d=mm&r=g","caption":"La Sentinelle"},"sameAs":["http:\/\/www.lasentinelle.dz"],"url":"https:\/\/lasentinelle.dz\/author\/redaction\/"}]}},"_links":{"self":[{"href":"https:\/\/lasentinelle.dz\/index.php\/wp-json\/wp\/v2\/posts\/48607","targetHints":{"allow":["GET"]}}],"collection":[{"href":"https:\/\/lasentinelle.dz\/index.php\/wp-json\/wp\/v2\/posts"}],"about":[{"href":"https:\/\/lasentinelle.dz\/index.php\/wp-json\/wp\/v2\/types\/post"}],"author":[{"embeddable":true,"href":"https:\/\/lasentinelle.dz\/index.php\/wp-json\/wp\/v2\/users\/3"}],"replies":[{"embeddable":true,"href":"https:\/\/lasentinelle.dz\/index.php\/wp-json\/wp\/v2\/comments?post=48607"}],"version-history":[{"count":1,"href":"https:\/\/lasentinelle.dz\/index.php\/wp-json\/wp\/v2\/posts\/48607\/revisions"}],"predecessor-version":[{"id":48608,"href":"https:\/\/lasentinelle.dz\/index.php\/wp-json\/wp\/v2\/posts\/48607\/revisions\/48608"}],"wp:featuredmedia":[{"embeddable":true,"href":"https:\/\/lasentinelle.dz\/index.php\/wp-json\/wp\/v2\/media\/23448"}],"wp:attachment":[{"href":"https:\/\/lasentinelle.dz\/index.php\/wp-json\/wp\/v2\/media?parent=48607"}],"wp:term":[{"taxonomy":"category","embeddable":true,"href":"https:\/\/lasentinelle.dz\/index.php\/wp-json\/wp\/v2\/categories?post=48607"},{"taxonomy":"post_tag","embeddable":true,"href":"https:\/\/lasentinelle.dz\/index.php\/wp-json\/wp\/v2\/tags?post=48607"}],"curies":[{"name":"wp","href":"https:\/\/api.w.org\/{rel}","templated":true}]}}