{"id":48622,"date":"2024-01-10T15:57:44","date_gmt":"2024-01-10T14:57:44","guid":{"rendered":"https:\/\/lasentinelle.dz\/?p=48622"},"modified":"2024-01-10T15:57:58","modified_gmt":"2024-01-10T14:57:58","slug":"bruxelles-veut-renforcer-son-partenariat-avec-alger","status":"publish","type":"post","link":"https:\/\/lasentinelle.dz\/index.php\/2024\/01\/10\/bruxelles-veut-renforcer-son-partenariat-avec-alger\/","title":{"rendered":"Bruxelles veut renforcer son partenariat avec Alger"},"content":{"rendered":"\n<p>L\u2019Union europ\u00e9enne affiche l\u2019ambition de consolider sa coop\u00e9ration avec l\u2019Alg\u00e9rie et la diversifier, aussi bien dans le domaine \u00ab&nbsp;commercial, soci\u00e9tal, s\u00e9curitaire que politique&nbsp;\u00bb.<\/p>\n\n\n\n<p>Le chef de la D\u00e9l\u00e9gation de l&rsquo;Union europ\u00e9enne en Alg\u00e9rie, Thomas Eckert, soulign\u00e9 hier le potentiel important d\u2019approfondissement des relations entre l\u2019Alg\u00e9rie et l\u2019Union europ\u00e9enne. Le diplomate europ\u00e9en qui a \u00e9t\u00e9 re\u00e7u hier en audience par le pr\u00e9sident de la R\u00e9publique, Abdelmadjid Tebboune, a soulign\u00e9 dans une d\u00e9claration \u00e0 la presse \u00e0 l\u2019issue de la rencontre, l&rsquo;importance de renforcer les relations entre l&rsquo;Alg\u00e9rie et l&rsquo;UE et la n\u00e9cessit\u00e9 d&rsquo;examiner des pistes suppl\u00e9mentaires pour de nouveaux projets englobant tous les domaines de coop\u00e9ration entre les deux parties. Il a ainsi indiqu\u00e9 que \u00ab\u00a0l&rsquo;Alg\u00e9rie et l&rsquo;UE disposent d&rsquo;un important potentiel pour une relation plus approfondie \u00e0 l&rsquo;avenir\u00a0\u00bb. Thomas Eckert a soulign\u00e9 avoir eu avec le Pr\u00e9sident Tebboune des \u00e9changes sur les questions d\u2019int\u00e9r\u00eats communs et de s&rsquo;\u00eatre mis d&rsquo;accord avec lui sur l&rsquo;importance de \u00ab\u00a0renforcer les relations dans tous les domaines. Le m\u00eame responsable a relev\u00e9, dans ce contexte, avoir eu \u00ab\u00a0un \u00e9change tr\u00e8s riche avec le Pr\u00e9sident de la R\u00e9publique sur tous les sujets d&rsquo;int\u00e9r\u00eat commun\u00a0\u00bb et de s&rsquo;\u00eatre mis d&rsquo;accord avec lui sur l&rsquo;importance de \u00ab\u00a0renforcer les relations dans tous les domaines: commercial, soci\u00e9tal, s\u00e9curitaire et politique\u00a0\u00bb Il a soulign\u00e9 que l\u2019agenda entre l\u2019Alg\u00e9rie et l\u2019Union europ\u00e9enne offre des opportunit\u00e9s de renforcement du partenariat \u00e0 l\u2019avenir.<\/p>\n\n\n\n<p>Le propos du chef de la D\u00e9l\u00e9gation de l&rsquo;Union europ\u00e9enne en Alg\u00e9rie d\u00e9note de la volont\u00e9 de Bruxelles de consolider son partenariat avec l\u2019Alg\u00e9rie qui jusqu\u2019\u00e0 pr\u00e9sent n\u2019a pas atteint son plein potentiel n\u2019a pas \u00e9volu\u00e9 de mani\u00e8re lin\u00e9aire, essentiellement en raison&nbsp; des divergences concernant la mise en \u0153uvre de l\u2019accord d\u2019association et des d\u00e9s\u00e9quilibres commerciaux qu\u2019il engendre en d\u00e9faveur de l\u2019Alg\u00e9rie. Le fait est que l\u2019Union europ\u00e9enne percevait jusqu\u2019\u00e0 r\u00e9cemment l\u2019Alg\u00e9rie comme un fournisseur d\u2019\u00e9nergie et un march\u00e9 potentiel pour les produits europ\u00e9ens. Le conflit en Ukraine et les changements g\u00e9opolitiques, s\u00e9curitaires et \u00e9conomiques qu\u2019il a entrain\u00e9 a chang\u00e9 la donne. Et l\u2019Alg\u00e9rie s\u2019impose aujourd\u2019hui comme un partenaire cl\u00e9, non seulement en tant que fournisseur fiable de gaz, mais aussi en tant que partenaire politique et un acteur incontournable pour la stabilit\u00e9 en M\u00e9diterran\u00e9en en Afrique. La visite du pr\u00e9sident du Conseil europ\u00e9en, Charles Michel \u00e0 Alger en septembre 2022, a d\u2019ailleurs permis de relancer le dialogue entre Alger et Bruxelles. Celui-ci s\u2019\u00e9tait d\u2019ailleurs dit \u00ab\u00a0extr\u00eamement optimiste\u00a0\u00bb de d\u00e9velopper \u00ab\u00a0plus fortement et de mani\u00e8re plus d\u00e9termin\u00e9e, un partenariat qui d\u00e9bouche sur des r\u00e9sultats concrets et tangibles pour les citoyens\u00a0\u00bb de l&rsquo;Alg\u00e9rie et de l&rsquo;Union europ\u00e9enne. Il a \u00e9galement indiqu\u00e9 que l&rsquo;Alg\u00e9rie et l&rsquo;UE ont \u00ab\u00a0une ambition commune pour la stabilit\u00e9, la s\u00e9curit\u00e9 et la prosp\u00e9rit\u00e9\u00a0\u00bb et avoir d\u2019ailleurs \u00e9voqu\u00e9 avec le Pr\u00e9sident Tebboune \u00ab\u00a0un certain nombre de situations li\u00e9es au voisinage et au contexte g\u00e9opolitique\u00a0\u00bb. Cette visite avait \u00e9galement \u00e9t\u00e9 suivi de la relance du dialogue \u00e9nerg\u00e9tique entre l\u2019Alg\u00e9rie et l\u2019UE qui a pour objectif de consolider le partenariat en ce qui concerne la production et la commercialisation de gaz, mais aussi en ce qui concerne les \u00e9nergies renouvelables. C\u2019est d\u2019ailleurs dans le cadre de ce dialogue que l\u2019Alg\u00e9rie et l\u2019UE ont con\u00e7u un programme de coop\u00e9ration d&rsquo;une valeur de 15 millions d&rsquo;euros pour le d\u00e9veloppement des ENR.<\/p>\n\n\n\n<p>Reste la question li\u00e9e \u00e0 l\u2019accord d\u2019association que le pr\u00e9sident de la R\u00e9publique d\u00e9cid\u00e9 de r\u00e9viser clause par clause en d\u00e9cembre 2021, pour le r\u00e9\u00e9quilibrer. A ce propos Charles Michel avait ouvert une porte lors de sa visite \u00e0 Alger, en soulignant avoir \u00ab&nbsp;consid\u00e9r\u00e9 que l&rsquo;Accord d&rsquo;association est un cadre devant donner lieu \u00e0 des am\u00e9liorations avec la volont\u00e9, de part et d&rsquo;autre, d&rsquo;identifier les priorit\u00e9s conjointes dans l&rsquo;int\u00e9r\u00eat mutuel&nbsp;\u00bb. Une r\u00e9vision \u00e0 laquelle tient l\u2019Alg\u00e9rie et sur laquelle elle insiste et qui est toujours \u00e0 l\u2019ordre du jour. Le fait est que l\u2019Alg\u00e9rie qui a l\u2019ambition l\u00e9gitime de diversifier son \u00e9conomie et ses exportations, aspire \u00e0 un partenariat commercial plus \u00e9quilibr\u00e9 et \u00e0 attirer l\u2019investissement.<\/p>\n\n\n\n<p><strong>Hocine Fadheli<\/strong><\/p>\n","protected":false},"excerpt":{"rendered":"<p>L\u2019Union europ\u00e9enne affiche l\u2019ambition de consolider sa coop\u00e9ration avec l\u2019Alg\u00e9rie et la diversifier, aussi bien dans le domaine \u00ab&nbsp;commercial, soci\u00e9tal,<\/p>\n","protected":false},"author":3,"featured_media":48623,"comment_status":"open","ping_status":"closed","sticky":false,"template":"","format":"standard","meta":{"colormag_page_container_layout":"default_layout","colormag_page_sidebar_layout":"default_layout","om_disable_all_campaigns":false,"_monsterinsights_skip_tracking":false,"_monsterinsights_sitenote_active":false,"_monsterinsights_sitenote_note":"","_monsterinsights_sitenote_category":0,"footnotes":"","_wpscppro_dont_share_socialmedia":false,"_wpscppro_custom_social_share_image":0,"_facebook_share_type":"","_twitter_share_type":"","_linkedin_share_type":"","_pinterest_share_type":"","_linkedin_share_type_page":"","_instagram_share_type":"","_medium_share_type":"","_threads_share_type":"","_google_business_share_type":"","_selected_social_profile":[],"_wpsp_enable_custom_social_template":false,"_wpsp_social_scheduling":{"enabled":false,"datetime":null,"platforms":[],"status":"template_only","dateOption":"today","timeOption":"now","customDays":"","customHours":"","customDate":"","customTime":"","schedulingType":"absolute"},"_wpsp_active_default_template":true},"categories":[52,27],"tags":[],"class_list":["post-48622","post","type-post","status-publish","format-standard","has-post-thumbnail","hentry","category-a-la-une","category-actualite"],"aioseo_notices":[],"yoast_head":"<!-- This site is optimized with the Yoast SEO plugin v27.5 - https:\/\/yoast.com\/product\/yoast-seo-wordpress\/ -->\n<title>Bruxelles veut renforcer son partenariat avec Alger - La Sentinelle<\/title>\n<meta name=\"robots\" content=\"index, follow, max-snippet:-1, max-image-preview:large, max-video-preview:-1\" \/>\n<link rel=\"canonical\" href=\"https:\/\/lasentinelle.dz\/index.php\/2024\/01\/10\/bruxelles-veut-renforcer-son-partenariat-avec-alger\/\" \/>\n<meta property=\"og:locale\" content=\"fr_FR\" \/>\n<meta property=\"og:type\" content=\"article\" \/>\n<meta property=\"og:title\" content=\"Bruxelles veut renforcer son partenariat avec Alger - La Sentinelle\" \/>\n<meta property=\"og:description\" content=\"L\u2019Union europ\u00e9enne affiche l\u2019ambition de consolider sa coop\u00e9ration avec l\u2019Alg\u00e9rie et la diversifier, aussi bien dans le domaine \u00ab&nbsp;commercial, soci\u00e9tal,\" \/>\n<meta property=\"og:url\" content=\"https:\/\/lasentinelle.dz\/index.php\/2024\/01\/10\/bruxelles-veut-renforcer-son-partenariat-avec-alger\/\" \/>\n<meta property=\"og:site_name\" content=\"La Sentinelle\" \/>\n<meta property=\"article:publisher\" content=\"https:\/\/www.facebook.com\/La-Sentinelle-104059864394773\" \/>\n<meta property=\"article:published_time\" content=\"2024-01-10T14:57:44+00:00\" \/>\n<meta property=\"article:modified_time\" content=\"2024-01-10T14:57:58+00:00\" \/>\n<meta property=\"og:image\" content=\"https:\/\/lasentinelle.dz\/wp-content\/uploads\/2024\/01\/Tebboune-UE.jpeg\" \/>\n\t<meta property=\"og:image:width\" content=\"2048\" \/>\n\t<meta property=\"og:image:height\" content=\"1366\" \/>\n\t<meta property=\"og:image:type\" content=\"image\/jpeg\" \/>\n<meta name=\"author\" content=\"La Sentinelle\" \/>\n<meta name=\"twitter:card\" content=\"summary_large_image\" \/>\n<meta name=\"twitter:label1\" content=\"\u00c9crit par\" \/>\n\t<meta name=\"twitter:data1\" content=\"La Sentinelle\" \/>\n\t<meta name=\"twitter:label2\" content=\"Dur\u00e9e de lecture estim\u00e9e\" \/>\n\t<meta name=\"twitter:data2\" content=\"4 minutes\" \/>\n<script type=\"application\/ld+json\" class=\"yoast-schema-graph\">{\"@context\":\"https:\\\/\\\/schema.org\",\"@graph\":[{\"@type\":\"Article\",\"@id\":\"https:\\\/\\\/lasentinelle.dz\\\/index.php\\\/2024\\\/01\\\/10\\\/bruxelles-veut-renforcer-son-partenariat-avec-alger\\\/#article\",\"isPartOf\":{\"@id\":\"https:\\\/\\\/lasentinelle.dz\\\/index.php\\\/2024\\\/01\\\/10\\\/bruxelles-veut-renforcer-son-partenariat-avec-alger\\\/\"},\"author\":{\"name\":\"La Sentinelle\",\"@id\":\"https:\\\/\\\/lasentinelle.dz\\\/#\\\/schema\\\/person\\\/d865044e22e70a75174ce8bcad3acfb3\"},\"headline\":\"Bruxelles veut renforcer son partenariat avec Alger\",\"datePublished\":\"2024-01-10T14:57:44+00:00\",\"dateModified\":\"2024-01-10T14:57:58+00:00\",\"mainEntityOfPage\":{\"@id\":\"https:\\\/\\\/lasentinelle.dz\\\/index.php\\\/2024\\\/01\\\/10\\\/bruxelles-veut-renforcer-son-partenariat-avec-alger\\\/\"},\"wordCount\":820,\"commentCount\":0,\"publisher\":{\"@id\":\"https:\\\/\\\/lasentinelle.dz\\\/#organization\"},\"image\":{\"@id\":\"https:\\\/\\\/lasentinelle.dz\\\/index.php\\\/2024\\\/01\\\/10\\\/bruxelles-veut-renforcer-son-partenariat-avec-alger\\\/#primaryimage\"},\"thumbnailUrl\":\"https:\\\/\\\/lasentinelle.dz\\\/wp-content\\\/uploads\\\/2024\\\/01\\\/Tebboune-UE.jpeg\",\"articleSection\":[\"\u00c0 la Une\",\"Actualit\u00e9\"],\"inLanguage\":\"fr-FR\",\"potentialAction\":[{\"@type\":\"CommentAction\",\"name\":\"Comment\",\"target\":[\"https:\\\/\\\/lasentinelle.dz\\\/index.php\\\/2024\\\/01\\\/10\\\/bruxelles-veut-renforcer-son-partenariat-avec-alger\\\/#respond\"]}]},{\"@type\":\"WebPage\",\"@id\":\"https:\\\/\\\/lasentinelle.dz\\\/index.php\\\/2024\\\/01\\\/10\\\/bruxelles-veut-renforcer-son-partenariat-avec-alger\\\/\",\"url\":\"https:\\\/\\\/lasentinelle.dz\\\/index.php\\\/2024\\\/01\\\/10\\\/bruxelles-veut-renforcer-son-partenariat-avec-alger\\\/\",\"name\":\"Bruxelles veut renforcer son partenariat avec Alger - La Sentinelle\",\"isPartOf\":{\"@id\":\"https:\\\/\\\/lasentinelle.dz\\\/#website\"},\"primaryImageOfPage\":{\"@id\":\"https:\\\/\\\/lasentinelle.dz\\\/index.php\\\/2024\\\/01\\\/10\\\/bruxelles-veut-renforcer-son-partenariat-avec-alger\\\/#primaryimage\"},\"image\":{\"@id\":\"https:\\\/\\\/lasentinelle.dz\\\/index.php\\\/2024\\\/01\\\/10\\\/bruxelles-veut-renforcer-son-partenariat-avec-alger\\\/#primaryimage\"},\"thumbnailUrl\":\"https:\\\/\\\/lasentinelle.dz\\\/wp-content\\\/uploads\\\/2024\\\/01\\\/Tebboune-UE.jpeg\",\"datePublished\":\"2024-01-10T14:57:44+00:00\",\"dateModified\":\"2024-01-10T14:57:58+00:00\",\"breadcrumb\":{\"@id\":\"https:\\\/\\\/lasentinelle.dz\\\/index.php\\\/2024\\\/01\\\/10\\\/bruxelles-veut-renforcer-son-partenariat-avec-alger\\\/#breadcrumb\"},\"inLanguage\":\"fr-FR\",\"potentialAction\":[{\"@type\":\"ReadAction\",\"target\":[\"https:\\\/\\\/lasentinelle.dz\\\/index.php\\\/2024\\\/01\\\/10\\\/bruxelles-veut-renforcer-son-partenariat-avec-alger\\\/\"]}]},{\"@type\":\"ImageObject\",\"inLanguage\":\"fr-FR\",\"@id\":\"https:\\\/\\\/lasentinelle.dz\\\/index.php\\\/2024\\\/01\\\/10\\\/bruxelles-veut-renforcer-son-partenariat-avec-alger\\\/#primaryimage\",\"url\":\"https:\\\/\\\/lasentinelle.dz\\\/wp-content\\\/uploads\\\/2024\\\/01\\\/Tebboune-UE.jpeg\",\"contentUrl\":\"https:\\\/\\\/lasentinelle.dz\\\/wp-content\\\/uploads\\\/2024\\\/01\\\/Tebboune-UE.jpeg\",\"width\":2048,\"height\":1366},{\"@type\":\"BreadcrumbList\",\"@id\":\"https:\\\/\\\/lasentinelle.dz\\\/index.php\\\/2024\\\/01\\\/10\\\/bruxelles-veut-renforcer-son-partenariat-avec-alger\\\/#breadcrumb\",\"itemListElement\":[{\"@type\":\"ListItem\",\"position\":1,\"name\":\"Accueil\",\"item\":\"https:\\\/\\\/lasentinelle.dz\\\/\"},{\"@type\":\"ListItem\",\"position\":2,\"name\":\"Bruxelles veut renforcer son partenariat avec Alger\"}]},{\"@type\":\"WebSite\",\"@id\":\"https:\\\/\\\/lasentinelle.dz\\\/#website\",\"url\":\"https:\\\/\\\/lasentinelle.dz\\\/\",\"name\":\"La Sentinelle\",\"description\":\"Quotidien national d&#039;information\",\"publisher\":{\"@id\":\"https:\\\/\\\/lasentinelle.dz\\\/#organization\"},\"potentialAction\":[{\"@type\":\"SearchAction\",\"target\":{\"@type\":\"EntryPoint\",\"urlTemplate\":\"https:\\\/\\\/lasentinelle.dz\\\/?s={search_term_string}\"},\"query-input\":{\"@type\":\"PropertyValueSpecification\",\"valueRequired\":true,\"valueName\":\"search_term_string\"}}],\"inLanguage\":\"fr-FR\"},{\"@type\":\"Organization\",\"@id\":\"https:\\\/\\\/lasentinelle.dz\\\/#organization\",\"name\":\"Quotidien La Sentinelle\",\"url\":\"https:\\\/\\\/lasentinelle.dz\\\/\",\"logo\":{\"@type\":\"ImageObject\",\"inLanguage\":\"fr-FR\",\"@id\":\"https:\\\/\\\/lasentinelle.dz\\\/#\\\/schema\\\/logo\\\/image\\\/\",\"url\":\"https:\\\/\\\/lasentinelle.dz\\\/wp-content\\\/uploads\\\/2021\\\/09\\\/logo-sentinelleSLOGAN-1.png\",\"contentUrl\":\"https:\\\/\\\/lasentinelle.dz\\\/wp-content\\\/uploads\\\/2021\\\/09\\\/logo-sentinelleSLOGAN-1.png\",\"width\":615,\"height\":142,\"caption\":\"Quotidien La Sentinelle\"},\"image\":{\"@id\":\"https:\\\/\\\/lasentinelle.dz\\\/#\\\/schema\\\/logo\\\/image\\\/\"},\"sameAs\":[\"https:\\\/\\\/www.facebook.com\\\/La-Sentinelle-104059864394773\"]},{\"@type\":\"Person\",\"@id\":\"https:\\\/\\\/lasentinelle.dz\\\/#\\\/schema\\\/person\\\/d865044e22e70a75174ce8bcad3acfb3\",\"name\":\"La Sentinelle\",\"image\":{\"@type\":\"ImageObject\",\"inLanguage\":\"fr-FR\",\"@id\":\"https:\\\/\\\/secure.gravatar.com\\\/avatar\\\/57de8e5d4b15d43fb361a71fbb36338450fe67865b528a43dd10ef7c51a20392?s=96&d=mm&r=g\",\"url\":\"https:\\\/\\\/secure.gravatar.com\\\/avatar\\\/57de8e5d4b15d43fb361a71fbb36338450fe67865b528a43dd10ef7c51a20392?s=96&d=mm&r=g\",\"contentUrl\":\"https:\\\/\\\/secure.gravatar.com\\\/avatar\\\/57de8e5d4b15d43fb361a71fbb36338450fe67865b528a43dd10ef7c51a20392?s=96&d=mm&r=g\",\"caption\":\"La Sentinelle\"},\"sameAs\":[\"http:\\\/\\\/www.lasentinelle.dz\"],\"url\":\"https:\\\/\\\/lasentinelle.dz\\\/author\\\/redaction\\\/\"}]}<\/script>\n<!-- \/ Yoast SEO plugin. -->","yoast_head_json":{"title":"Bruxelles veut renforcer son partenariat avec Alger - La Sentinelle","robots":{"index":"index","follow":"follow","max-snippet":"max-snippet:-1","max-image-preview":"max-image-preview:large","max-video-preview":"max-video-preview:-1"},"canonical":"https:\/\/lasentinelle.dz\/index.php\/2024\/01\/10\/bruxelles-veut-renforcer-son-partenariat-avec-alger\/","og_locale":"fr_FR","og_type":"article","og_title":"Bruxelles veut renforcer son partenariat avec Alger - La Sentinelle","og_description":"L\u2019Union europ\u00e9enne affiche l\u2019ambition de consolider sa coop\u00e9ration avec l\u2019Alg\u00e9rie et la diversifier, aussi bien dans le domaine \u00ab&nbsp;commercial, soci\u00e9tal,","og_url":"https:\/\/lasentinelle.dz\/index.php\/2024\/01\/10\/bruxelles-veut-renforcer-son-partenariat-avec-alger\/","og_site_name":"La Sentinelle","article_publisher":"https:\/\/www.facebook.com\/La-Sentinelle-104059864394773","article_published_time":"2024-01-10T14:57:44+00:00","article_modified_time":"2024-01-10T14:57:58+00:00","og_image":[{"width":2048,"height":1366,"url":"https:\/\/lasentinelle.dz\/wp-content\/uploads\/2024\/01\/Tebboune-UE.jpeg","type":"image\/jpeg"}],"author":"La Sentinelle","twitter_card":"summary_large_image","twitter_misc":{"\u00c9crit par":"La Sentinelle","Dur\u00e9e de lecture estim\u00e9e":"4 minutes"},"schema":{"@context":"https:\/\/schema.org","@graph":[{"@type":"Article","@id":"https:\/\/lasentinelle.dz\/index.php\/2024\/01\/10\/bruxelles-veut-renforcer-son-partenariat-avec-alger\/#article","isPartOf":{"@id":"https:\/\/lasentinelle.dz\/index.php\/2024\/01\/10\/bruxelles-veut-renforcer-son-partenariat-avec-alger\/"},"author":{"name":"La Sentinelle","@id":"https:\/\/lasentinelle.dz\/#\/schema\/person\/d865044e22e70a75174ce8bcad3acfb3"},"headline":"Bruxelles veut renforcer son partenariat avec Alger","datePublished":"2024-01-10T14:57:44+00:00","dateModified":"2024-01-10T14:57:58+00:00","mainEntityOfPage":{"@id":"https:\/\/lasentinelle.dz\/index.php\/2024\/01\/10\/bruxelles-veut-renforcer-son-partenariat-avec-alger\/"},"wordCount":820,"commentCount":0,"publisher":{"@id":"https:\/\/lasentinelle.dz\/#organization"},"image":{"@id":"https:\/\/lasentinelle.dz\/index.php\/2024\/01\/10\/bruxelles-veut-renforcer-son-partenariat-avec-alger\/#primaryimage"},"thumbnailUrl":"https:\/\/lasentinelle.dz\/wp-content\/uploads\/2024\/01\/Tebboune-UE.jpeg","articleSection":["\u00c0 la Une","Actualit\u00e9"],"inLanguage":"fr-FR","potentialAction":[{"@type":"CommentAction","name":"Comment","target":["https:\/\/lasentinelle.dz\/index.php\/2024\/01\/10\/bruxelles-veut-renforcer-son-partenariat-avec-alger\/#respond"]}]},{"@type":"WebPage","@id":"https:\/\/lasentinelle.dz\/index.php\/2024\/01\/10\/bruxelles-veut-renforcer-son-partenariat-avec-alger\/","url":"https:\/\/lasentinelle.dz\/index.php\/2024\/01\/10\/bruxelles-veut-renforcer-son-partenariat-avec-alger\/","name":"Bruxelles veut renforcer son partenariat avec Alger - La Sentinelle","isPartOf":{"@id":"https:\/\/lasentinelle.dz\/#website"},"primaryImageOfPage":{"@id":"https:\/\/lasentinelle.dz\/index.php\/2024\/01\/10\/bruxelles-veut-renforcer-son-partenariat-avec-alger\/#primaryimage"},"image":{"@id":"https:\/\/lasentinelle.dz\/index.php\/2024\/01\/10\/bruxelles-veut-renforcer-son-partenariat-avec-alger\/#primaryimage"},"thumbnailUrl":"https:\/\/lasentinelle.dz\/wp-content\/uploads\/2024\/01\/Tebboune-UE.jpeg","datePublished":"2024-01-10T14:57:44+00:00","dateModified":"2024-01-10T14:57:58+00:00","breadcrumb":{"@id":"https:\/\/lasentinelle.dz\/index.php\/2024\/01\/10\/bruxelles-veut-renforcer-son-partenariat-avec-alger\/#breadcrumb"},"inLanguage":"fr-FR","potentialAction":[{"@type":"ReadAction","target":["https:\/\/lasentinelle.dz\/index.php\/2024\/01\/10\/bruxelles-veut-renforcer-son-partenariat-avec-alger\/"]}]},{"@type":"ImageObject","inLanguage":"fr-FR","@id":"https:\/\/lasentinelle.dz\/index.php\/2024\/01\/10\/bruxelles-veut-renforcer-son-partenariat-avec-alger\/#primaryimage","url":"https:\/\/lasentinelle.dz\/wp-content\/uploads\/2024\/01\/Tebboune-UE.jpeg","contentUrl":"https:\/\/lasentinelle.dz\/wp-content\/uploads\/2024\/01\/Tebboune-UE.jpeg","width":2048,"height":1366},{"@type":"BreadcrumbList","@id":"https:\/\/lasentinelle.dz\/index.php\/2024\/01\/10\/bruxelles-veut-renforcer-son-partenariat-avec-alger\/#breadcrumb","itemListElement":[{"@type":"ListItem","position":1,"name":"Accueil","item":"https:\/\/lasentinelle.dz\/"},{"@type":"ListItem","position":2,"name":"Bruxelles veut renforcer son partenariat avec Alger"}]},{"@type":"WebSite","@id":"https:\/\/lasentinelle.dz\/#website","url":"https:\/\/lasentinelle.dz\/","name":"La Sentinelle","description":"Quotidien national d&#039;information","publisher":{"@id":"https:\/\/lasentinelle.dz\/#organization"},"potentialAction":[{"@type":"SearchAction","target":{"@type":"EntryPoint","urlTemplate":"https:\/\/lasentinelle.dz\/?s={search_term_string}"},"query-input":{"@type":"PropertyValueSpecification","valueRequired":true,"valueName":"search_term_string"}}],"inLanguage":"fr-FR"},{"@type":"Organization","@id":"https:\/\/lasentinelle.dz\/#organization","name":"Quotidien La Sentinelle","url":"https:\/\/lasentinelle.dz\/","logo":{"@type":"ImageObject","inLanguage":"fr-FR","@id":"https:\/\/lasentinelle.dz\/#\/schema\/logo\/image\/","url":"https:\/\/lasentinelle.dz\/wp-content\/uploads\/2021\/09\/logo-sentinelleSLOGAN-1.png","contentUrl":"https:\/\/lasentinelle.dz\/wp-content\/uploads\/2021\/09\/logo-sentinelleSLOGAN-1.png","width":615,"height":142,"caption":"Quotidien La Sentinelle"},"image":{"@id":"https:\/\/lasentinelle.dz\/#\/schema\/logo\/image\/"},"sameAs":["https:\/\/www.facebook.com\/La-Sentinelle-104059864394773"]},{"@type":"Person","@id":"https:\/\/lasentinelle.dz\/#\/schema\/person\/d865044e22e70a75174ce8bcad3acfb3","name":"La Sentinelle","image":{"@type":"ImageObject","inLanguage":"fr-FR","@id":"https:\/\/secure.gravatar.com\/avatar\/57de8e5d4b15d43fb361a71fbb36338450fe67865b528a43dd10ef7c51a20392?s=96&d=mm&r=g","url":"https:\/\/secure.gravatar.com\/avatar\/57de8e5d4b15d43fb361a71fbb36338450fe67865b528a43dd10ef7c51a20392?s=96&d=mm&r=g","contentUrl":"https:\/\/secure.gravatar.com\/avatar\/57de8e5d4b15d43fb361a71fbb36338450fe67865b528a43dd10ef7c51a20392?s=96&d=mm&r=g","caption":"La Sentinelle"},"sameAs":["http:\/\/www.lasentinelle.dz"],"url":"https:\/\/lasentinelle.dz\/author\/redaction\/"}]}},"_links":{"self":[{"href":"https:\/\/lasentinelle.dz\/index.php\/wp-json\/wp\/v2\/posts\/48622","targetHints":{"allow":["GET"]}}],"collection":[{"href":"https:\/\/lasentinelle.dz\/index.php\/wp-json\/wp\/v2\/posts"}],"about":[{"href":"https:\/\/lasentinelle.dz\/index.php\/wp-json\/wp\/v2\/types\/post"}],"author":[{"embeddable":true,"href":"https:\/\/lasentinelle.dz\/index.php\/wp-json\/wp\/v2\/users\/3"}],"replies":[{"embeddable":true,"href":"https:\/\/lasentinelle.dz\/index.php\/wp-json\/wp\/v2\/comments?post=48622"}],"version-history":[{"count":1,"href":"https:\/\/lasentinelle.dz\/index.php\/wp-json\/wp\/v2\/posts\/48622\/revisions"}],"predecessor-version":[{"id":48624,"href":"https:\/\/lasentinelle.dz\/index.php\/wp-json\/wp\/v2\/posts\/48622\/revisions\/48624"}],"wp:featuredmedia":[{"embeddable":true,"href":"https:\/\/lasentinelle.dz\/index.php\/wp-json\/wp\/v2\/media\/48623"}],"wp:attachment":[{"href":"https:\/\/lasentinelle.dz\/index.php\/wp-json\/wp\/v2\/media?parent=48622"}],"wp:term":[{"taxonomy":"category","embeddable":true,"href":"https:\/\/lasentinelle.dz\/index.php\/wp-json\/wp\/v2\/categories?post=48622"},{"taxonomy":"post_tag","embeddable":true,"href":"https:\/\/lasentinelle.dz\/index.php\/wp-json\/wp\/v2\/tags?post=48622"}],"curies":[{"name":"wp","href":"https:\/\/api.w.org\/{rel}","templated":true}]}}