{"id":48625,"date":"2024-01-11T11:38:00","date_gmt":"2024-01-11T10:38:00","guid":{"rendered":"https:\/\/lasentinelle.dz\/?p=48625"},"modified":"2024-01-13T14:39:27","modified_gmt":"2024-01-13T13:39:27","slug":"disparition-de-fonds-saisis-au-tribunal-de-batna-le-ministere-de-la-justice-enquete","status":"publish","type":"post","link":"https:\/\/lasentinelle.dz\/index.php\/2024\/01\/11\/disparition-de-fonds-saisis-au-tribunal-de-batna-le-ministere-de-la-justice-enquete\/","title":{"rendered":"Disparition de fonds saisis \u00a0au tribunal de Batna\u00a0: Le minist\u00e8re de la justice enqu\u00eate"},"content":{"rendered":"\n<p>Les fonds saisis dans le cadre d\u2019un dossier judiciaire en cours d\u2019instruction ont myst\u00e9rieusement disparu. 20 millions de centimes, tel est le montant qui a disparu du tribunal de Batna, apprend-on de source judiciaire. Selon la m\u00eame source, ces fonds se rapportent \u00e0 une affaire, dont le dossier judiciaire est encore en cours d\u2019instruction. Notre source a fait savoir que le minist\u00e8re de la Justice a lanc\u00e9 hier,&nbsp; une enqu\u00eate dans le tribunal de Batna sur cette affaire in\u00e9dite. Selon les pr\u00e9cisions apport\u00e9es par les m\u00eames sources, l\u2019enqu\u00eate a cibl\u00e9 le greffier responsable des ces saisies. Jusqu\u2019\u00e0 la mise sous presse rien d\u2019autre n\u2019a filtr\u00e9 sur l\u2019affaire. En attendant les r\u00e9sultats de l\u2019enqu\u00eate, il est utile de rappeler que l\u2019affaire remonte \u00e0 quelques jours, lorsque le tribunal de Batna a ouvert une enqu\u00eate, apr\u00e8s la d\u00e9couverte de la disparition des 20 millions de centimes du bureau des saisies dans des conditions, qualifi\u00e9es par nos sources, de myst\u00e9rieuses. Cette affaire peu ordinaire&nbsp; est premi\u00e8re du genre dans cette instance de justice \u00e0 Batna. C\u2019est pourquoi, le minist\u00e8re public y a attach\u00e9 une grande importance et avait ordonn\u00e9 l\u2019ouverture d\u2019une enqu\u00eate, pour d\u00e9terminer les circonstances de cette affaire et surtout le ou les auteurs. Rappelons dans ce sens que le greffier charg\u00e9 des saisies a fait l\u2019objet d\u2019une premi\u00e8re&nbsp; audition par le parquet de Batna. \u00c0 suivre\u2026<\/p>\n\n\n\n<p><strong>Sofia Chahine&nbsp;&nbsp;&nbsp;&nbsp;&nbsp;&nbsp;&nbsp;<\/strong><\/p>\n","protected":false},"excerpt":{"rendered":"<p>Les fonds saisis dans le cadre d\u2019un dossier judiciaire en cours d\u2019instruction ont myst\u00e9rieusement disparu. 20 millions de centimes, tel<\/p>\n","protected":false},"author":3,"featured_media":22230,"comment_status":"open","ping_status":"closed","sticky":false,"template":"","format":"standard","meta":{"colormag_page_container_layout":"default_layout","colormag_page_sidebar_layout":"default_layout","om_disable_all_campaigns":false,"_monsterinsights_skip_tracking":false,"_monsterinsights_sitenote_active":false,"_monsterinsights_sitenote_note":"","_monsterinsights_sitenote_category":0,"footnotes":"","_wpscppro_dont_share_socialmedia":false,"_wpscppro_custom_social_share_image":0,"_facebook_share_type":"","_twitter_share_type":"","_linkedin_share_type":"","_pinterest_share_type":"","_linkedin_share_type_page":"","_instagram_share_type":"","_medium_share_type":"","_threads_share_type":"","_google_business_share_type":"","_selected_social_profile":[],"_wpsp_enable_custom_social_template":false,"_wpsp_social_scheduling":{"enabled":false,"datetime":null,"platforms":[],"status":"template_only","dateOption":"today","timeOption":"now","customDays":"","customHours":"","customDate":"","customTime":"","schedulingType":"absolute"},"_wpsp_active_default_template":true},"categories":[27],"tags":[],"class_list":["post-48625","post","type-post","status-publish","format-standard","has-post-thumbnail","hentry","category-actualite"],"aioseo_notices":[],"yoast_head":"<!-- This site is optimized with the Yoast SEO plugin v27.5 - https:\/\/yoast.com\/product\/yoast-seo-wordpress\/ -->\n<title>Disparition de fonds saisis \u00a0au tribunal de Batna\u00a0: Le minist\u00e8re de la justice enqu\u00eate - La Sentinelle<\/title>\n<meta name=\"robots\" content=\"index, follow, max-snippet:-1, max-image-preview:large, max-video-preview:-1\" \/>\n<link rel=\"canonical\" href=\"https:\/\/lasentinelle.dz\/index.php\/2024\/01\/11\/disparition-de-fonds-saisis-au-tribunal-de-batna-le-ministere-de-la-justice-enquete\/\" \/>\n<meta property=\"og:locale\" content=\"fr_FR\" \/>\n<meta property=\"og:type\" content=\"article\" \/>\n<meta property=\"og:title\" content=\"Disparition de fonds saisis \u00a0au tribunal de Batna\u00a0: Le minist\u00e8re de la justice enqu\u00eate - La Sentinelle\" \/>\n<meta property=\"og:description\" content=\"Les fonds saisis dans le cadre d\u2019un dossier judiciaire en cours d\u2019instruction ont myst\u00e9rieusement disparu. 20 millions de centimes, tel\" \/>\n<meta property=\"og:url\" content=\"https:\/\/lasentinelle.dz\/index.php\/2024\/01\/11\/disparition-de-fonds-saisis-au-tribunal-de-batna-le-ministere-de-la-justice-enquete\/\" \/>\n<meta property=\"og:site_name\" content=\"La Sentinelle\" \/>\n<meta property=\"article:publisher\" content=\"https:\/\/www.facebook.com\/La-Sentinelle-104059864394773\" \/>\n<meta property=\"article:published_time\" content=\"2024-01-11T10:38:00+00:00\" \/>\n<meta property=\"article:modified_time\" content=\"2024-01-13T13:39:27+00:00\" \/>\n<meta name=\"author\" content=\"La Sentinelle\" \/>\n<meta name=\"twitter:card\" content=\"summary_large_image\" \/>\n<meta name=\"twitter:label1\" content=\"\u00c9crit par\" \/>\n\t<meta name=\"twitter:data1\" content=\"La Sentinelle\" \/>\n\t<meta name=\"twitter:label2\" content=\"Dur\u00e9e de lecture estim\u00e9e\" \/>\n\t<meta name=\"twitter:data2\" content=\"1 minute\" \/>\n<script type=\"application\/ld+json\" class=\"yoast-schema-graph\">{\"@context\":\"https:\\\/\\\/schema.org\",\"@graph\":[{\"@type\":\"Article\",\"@id\":\"https:\\\/\\\/lasentinelle.dz\\\/index.php\\\/2024\\\/01\\\/11\\\/disparition-de-fonds-saisis-au-tribunal-de-batna-le-ministere-de-la-justice-enquete\\\/#article\",\"isPartOf\":{\"@id\":\"https:\\\/\\\/lasentinelle.dz\\\/index.php\\\/2024\\\/01\\\/11\\\/disparition-de-fonds-saisis-au-tribunal-de-batna-le-ministere-de-la-justice-enquete\\\/\"},\"author\":{\"name\":\"La Sentinelle\",\"@id\":\"https:\\\/\\\/lasentinelle.dz\\\/#\\\/schema\\\/person\\\/d865044e22e70a75174ce8bcad3acfb3\"},\"headline\":\"Disparition de fonds saisis \u00a0au tribunal de Batna\u00a0: Le minist\u00e8re de la justice enqu\u00eate\",\"datePublished\":\"2024-01-11T10:38:00+00:00\",\"dateModified\":\"2024-01-13T13:39:27+00:00\",\"mainEntityOfPage\":{\"@id\":\"https:\\\/\\\/lasentinelle.dz\\\/index.php\\\/2024\\\/01\\\/11\\\/disparition-de-fonds-saisis-au-tribunal-de-batna-le-ministere-de-la-justice-enquete\\\/\"},\"wordCount\":282,\"commentCount\":0,\"publisher\":{\"@id\":\"https:\\\/\\\/lasentinelle.dz\\\/#organization\"},\"image\":{\"@id\":\"https:\\\/\\\/lasentinelle.dz\\\/index.php\\\/2024\\\/01\\\/11\\\/disparition-de-fonds-saisis-au-tribunal-de-batna-le-ministere-de-la-justice-enquete\\\/#primaryimage\"},\"thumbnailUrl\":\"https:\\\/\\\/lasentinelle.dz\\\/wp-content\\\/uploads\\\/2022\\\/06\\\/justice.png\",\"articleSection\":[\"Actualit\u00e9\"],\"inLanguage\":\"fr-FR\",\"potentialAction\":[{\"@type\":\"CommentAction\",\"name\":\"Comment\",\"target\":[\"https:\\\/\\\/lasentinelle.dz\\\/index.php\\\/2024\\\/01\\\/11\\\/disparition-de-fonds-saisis-au-tribunal-de-batna-le-ministere-de-la-justice-enquete\\\/#respond\"]}]},{\"@type\":\"WebPage\",\"@id\":\"https:\\\/\\\/lasentinelle.dz\\\/index.php\\\/2024\\\/01\\\/11\\\/disparition-de-fonds-saisis-au-tribunal-de-batna-le-ministere-de-la-justice-enquete\\\/\",\"url\":\"https:\\\/\\\/lasentinelle.dz\\\/index.php\\\/2024\\\/01\\\/11\\\/disparition-de-fonds-saisis-au-tribunal-de-batna-le-ministere-de-la-justice-enquete\\\/\",\"name\":\"Disparition de fonds saisis \u00a0au tribunal de Batna\u00a0: Le minist\u00e8re de la justice enqu\u00eate - La Sentinelle\",\"isPartOf\":{\"@id\":\"https:\\\/\\\/lasentinelle.dz\\\/#website\"},\"primaryImageOfPage\":{\"@id\":\"https:\\\/\\\/lasentinelle.dz\\\/index.php\\\/2024\\\/01\\\/11\\\/disparition-de-fonds-saisis-au-tribunal-de-batna-le-ministere-de-la-justice-enquete\\\/#primaryimage\"},\"image\":{\"@id\":\"https:\\\/\\\/lasentinelle.dz\\\/index.php\\\/2024\\\/01\\\/11\\\/disparition-de-fonds-saisis-au-tribunal-de-batna-le-ministere-de-la-justice-enquete\\\/#primaryimage\"},\"thumbnailUrl\":\"https:\\\/\\\/lasentinelle.dz\\\/wp-content\\\/uploads\\\/2022\\\/06\\\/justice.png\",\"datePublished\":\"2024-01-11T10:38:00+00:00\",\"dateModified\":\"2024-01-13T13:39:27+00:00\",\"breadcrumb\":{\"@id\":\"https:\\\/\\\/lasentinelle.dz\\\/index.php\\\/2024\\\/01\\\/11\\\/disparition-de-fonds-saisis-au-tribunal-de-batna-le-ministere-de-la-justice-enquete\\\/#breadcrumb\"},\"inLanguage\":\"fr-FR\",\"potentialAction\":[{\"@type\":\"ReadAction\",\"target\":[\"https:\\\/\\\/lasentinelle.dz\\\/index.php\\\/2024\\\/01\\\/11\\\/disparition-de-fonds-saisis-au-tribunal-de-batna-le-ministere-de-la-justice-enquete\\\/\"]}]},{\"@type\":\"ImageObject\",\"inLanguage\":\"fr-FR\",\"@id\":\"https:\\\/\\\/lasentinelle.dz\\\/index.php\\\/2024\\\/01\\\/11\\\/disparition-de-fonds-saisis-au-tribunal-de-batna-le-ministere-de-la-justice-enquete\\\/#primaryimage\",\"url\":\"https:\\\/\\\/lasentinelle.dz\\\/wp-content\\\/uploads\\\/2022\\\/06\\\/justice.png\",\"contentUrl\":\"https:\\\/\\\/lasentinelle.dz\\\/wp-content\\\/uploads\\\/2022\\\/06\\\/justice.png\",\"width\":1491,\"height\":900},{\"@type\":\"BreadcrumbList\",\"@id\":\"https:\\\/\\\/lasentinelle.dz\\\/index.php\\\/2024\\\/01\\\/11\\\/disparition-de-fonds-saisis-au-tribunal-de-batna-le-ministere-de-la-justice-enquete\\\/#breadcrumb\",\"itemListElement\":[{\"@type\":\"ListItem\",\"position\":1,\"name\":\"Accueil\",\"item\":\"https:\\\/\\\/lasentinelle.dz\\\/\"},{\"@type\":\"ListItem\",\"position\":2,\"name\":\"Disparition de fonds saisis \u00a0au tribunal de Batna\u00a0: Le minist\u00e8re de la justice enqu\u00eate\"}]},{\"@type\":\"WebSite\",\"@id\":\"https:\\\/\\\/lasentinelle.dz\\\/#website\",\"url\":\"https:\\\/\\\/lasentinelle.dz\\\/\",\"name\":\"La Sentinelle\",\"description\":\"Quotidien national d&#039;information\",\"publisher\":{\"@id\":\"https:\\\/\\\/lasentinelle.dz\\\/#organization\"},\"potentialAction\":[{\"@type\":\"SearchAction\",\"target\":{\"@type\":\"EntryPoint\",\"urlTemplate\":\"https:\\\/\\\/lasentinelle.dz\\\/?s={search_term_string}\"},\"query-input\":{\"@type\":\"PropertyValueSpecification\",\"valueRequired\":true,\"valueName\":\"search_term_string\"}}],\"inLanguage\":\"fr-FR\"},{\"@type\":\"Organization\",\"@id\":\"https:\\\/\\\/lasentinelle.dz\\\/#organization\",\"name\":\"Quotidien La Sentinelle\",\"url\":\"https:\\\/\\\/lasentinelle.dz\\\/\",\"logo\":{\"@type\":\"ImageObject\",\"inLanguage\":\"fr-FR\",\"@id\":\"https:\\\/\\\/lasentinelle.dz\\\/#\\\/schema\\\/logo\\\/image\\\/\",\"url\":\"https:\\\/\\\/lasentinelle.dz\\\/wp-content\\\/uploads\\\/2021\\\/09\\\/logo-sentinelleSLOGAN-1.png\",\"contentUrl\":\"https:\\\/\\\/lasentinelle.dz\\\/wp-content\\\/uploads\\\/2021\\\/09\\\/logo-sentinelleSLOGAN-1.png\",\"width\":615,\"height\":142,\"caption\":\"Quotidien La Sentinelle\"},\"image\":{\"@id\":\"https:\\\/\\\/lasentinelle.dz\\\/#\\\/schema\\\/logo\\\/image\\\/\"},\"sameAs\":[\"https:\\\/\\\/www.facebook.com\\\/La-Sentinelle-104059864394773\"]},{\"@type\":\"Person\",\"@id\":\"https:\\\/\\\/lasentinelle.dz\\\/#\\\/schema\\\/person\\\/d865044e22e70a75174ce8bcad3acfb3\",\"name\":\"La Sentinelle\",\"image\":{\"@type\":\"ImageObject\",\"inLanguage\":\"fr-FR\",\"@id\":\"https:\\\/\\\/secure.gravatar.com\\\/avatar\\\/57de8e5d4b15d43fb361a71fbb36338450fe67865b528a43dd10ef7c51a20392?s=96&d=mm&r=g\",\"url\":\"https:\\\/\\\/secure.gravatar.com\\\/avatar\\\/57de8e5d4b15d43fb361a71fbb36338450fe67865b528a43dd10ef7c51a20392?s=96&d=mm&r=g\",\"contentUrl\":\"https:\\\/\\\/secure.gravatar.com\\\/avatar\\\/57de8e5d4b15d43fb361a71fbb36338450fe67865b528a43dd10ef7c51a20392?s=96&d=mm&r=g\",\"caption\":\"La Sentinelle\"},\"sameAs\":[\"http:\\\/\\\/www.lasentinelle.dz\"],\"url\":\"https:\\\/\\\/lasentinelle.dz\\\/author\\\/redaction\\\/\"}]}<\/script>\n<!-- \/ Yoast SEO plugin. -->","yoast_head_json":{"title":"Disparition de fonds saisis \u00a0au tribunal de Batna\u00a0: Le minist\u00e8re de la justice enqu\u00eate - La Sentinelle","robots":{"index":"index","follow":"follow","max-snippet":"max-snippet:-1","max-image-preview":"max-image-preview:large","max-video-preview":"max-video-preview:-1"},"canonical":"https:\/\/lasentinelle.dz\/index.php\/2024\/01\/11\/disparition-de-fonds-saisis-au-tribunal-de-batna-le-ministere-de-la-justice-enquete\/","og_locale":"fr_FR","og_type":"article","og_title":"Disparition de fonds saisis \u00a0au tribunal de Batna\u00a0: Le minist\u00e8re de la justice enqu\u00eate - La Sentinelle","og_description":"Les fonds saisis dans le cadre d\u2019un dossier judiciaire en cours d\u2019instruction ont myst\u00e9rieusement disparu. 20 millions de centimes, tel","og_url":"https:\/\/lasentinelle.dz\/index.php\/2024\/01\/11\/disparition-de-fonds-saisis-au-tribunal-de-batna-le-ministere-de-la-justice-enquete\/","og_site_name":"La Sentinelle","article_publisher":"https:\/\/www.facebook.com\/La-Sentinelle-104059864394773","article_published_time":"2024-01-11T10:38:00+00:00","article_modified_time":"2024-01-13T13:39:27+00:00","author":"La Sentinelle","twitter_card":"summary_large_image","twitter_misc":{"\u00c9crit par":"La Sentinelle","Dur\u00e9e de lecture estim\u00e9e":"1 minute"},"schema":{"@context":"https:\/\/schema.org","@graph":[{"@type":"Article","@id":"https:\/\/lasentinelle.dz\/index.php\/2024\/01\/11\/disparition-de-fonds-saisis-au-tribunal-de-batna-le-ministere-de-la-justice-enquete\/#article","isPartOf":{"@id":"https:\/\/lasentinelle.dz\/index.php\/2024\/01\/11\/disparition-de-fonds-saisis-au-tribunal-de-batna-le-ministere-de-la-justice-enquete\/"},"author":{"name":"La Sentinelle","@id":"https:\/\/lasentinelle.dz\/#\/schema\/person\/d865044e22e70a75174ce8bcad3acfb3"},"headline":"Disparition de fonds saisis \u00a0au tribunal de Batna\u00a0: Le minist\u00e8re de la justice enqu\u00eate","datePublished":"2024-01-11T10:38:00+00:00","dateModified":"2024-01-13T13:39:27+00:00","mainEntityOfPage":{"@id":"https:\/\/lasentinelle.dz\/index.php\/2024\/01\/11\/disparition-de-fonds-saisis-au-tribunal-de-batna-le-ministere-de-la-justice-enquete\/"},"wordCount":282,"commentCount":0,"publisher":{"@id":"https:\/\/lasentinelle.dz\/#organization"},"image":{"@id":"https:\/\/lasentinelle.dz\/index.php\/2024\/01\/11\/disparition-de-fonds-saisis-au-tribunal-de-batna-le-ministere-de-la-justice-enquete\/#primaryimage"},"thumbnailUrl":"https:\/\/lasentinelle.dz\/wp-content\/uploads\/2022\/06\/justice.png","articleSection":["Actualit\u00e9"],"inLanguage":"fr-FR","potentialAction":[{"@type":"CommentAction","name":"Comment","target":["https:\/\/lasentinelle.dz\/index.php\/2024\/01\/11\/disparition-de-fonds-saisis-au-tribunal-de-batna-le-ministere-de-la-justice-enquete\/#respond"]}]},{"@type":"WebPage","@id":"https:\/\/lasentinelle.dz\/index.php\/2024\/01\/11\/disparition-de-fonds-saisis-au-tribunal-de-batna-le-ministere-de-la-justice-enquete\/","url":"https:\/\/lasentinelle.dz\/index.php\/2024\/01\/11\/disparition-de-fonds-saisis-au-tribunal-de-batna-le-ministere-de-la-justice-enquete\/","name":"Disparition de fonds saisis \u00a0au tribunal de Batna\u00a0: Le minist\u00e8re de la justice enqu\u00eate - La Sentinelle","isPartOf":{"@id":"https:\/\/lasentinelle.dz\/#website"},"primaryImageOfPage":{"@id":"https:\/\/lasentinelle.dz\/index.php\/2024\/01\/11\/disparition-de-fonds-saisis-au-tribunal-de-batna-le-ministere-de-la-justice-enquete\/#primaryimage"},"image":{"@id":"https:\/\/lasentinelle.dz\/index.php\/2024\/01\/11\/disparition-de-fonds-saisis-au-tribunal-de-batna-le-ministere-de-la-justice-enquete\/#primaryimage"},"thumbnailUrl":"https:\/\/lasentinelle.dz\/wp-content\/uploads\/2022\/06\/justice.png","datePublished":"2024-01-11T10:38:00+00:00","dateModified":"2024-01-13T13:39:27+00:00","breadcrumb":{"@id":"https:\/\/lasentinelle.dz\/index.php\/2024\/01\/11\/disparition-de-fonds-saisis-au-tribunal-de-batna-le-ministere-de-la-justice-enquete\/#breadcrumb"},"inLanguage":"fr-FR","potentialAction":[{"@type":"ReadAction","target":["https:\/\/lasentinelle.dz\/index.php\/2024\/01\/11\/disparition-de-fonds-saisis-au-tribunal-de-batna-le-ministere-de-la-justice-enquete\/"]}]},{"@type":"ImageObject","inLanguage":"fr-FR","@id":"https:\/\/lasentinelle.dz\/index.php\/2024\/01\/11\/disparition-de-fonds-saisis-au-tribunal-de-batna-le-ministere-de-la-justice-enquete\/#primaryimage","url":"https:\/\/lasentinelle.dz\/wp-content\/uploads\/2022\/06\/justice.png","contentUrl":"https:\/\/lasentinelle.dz\/wp-content\/uploads\/2022\/06\/justice.png","width":1491,"height":900},{"@type":"BreadcrumbList","@id":"https:\/\/lasentinelle.dz\/index.php\/2024\/01\/11\/disparition-de-fonds-saisis-au-tribunal-de-batna-le-ministere-de-la-justice-enquete\/#breadcrumb","itemListElement":[{"@type":"ListItem","position":1,"name":"Accueil","item":"https:\/\/lasentinelle.dz\/"},{"@type":"ListItem","position":2,"name":"Disparition de fonds saisis \u00a0au tribunal de Batna\u00a0: Le minist\u00e8re de la justice enqu\u00eate"}]},{"@type":"WebSite","@id":"https:\/\/lasentinelle.dz\/#website","url":"https:\/\/lasentinelle.dz\/","name":"La Sentinelle","description":"Quotidien national d&#039;information","publisher":{"@id":"https:\/\/lasentinelle.dz\/#organization"},"potentialAction":[{"@type":"SearchAction","target":{"@type":"EntryPoint","urlTemplate":"https:\/\/lasentinelle.dz\/?s={search_term_string}"},"query-input":{"@type":"PropertyValueSpecification","valueRequired":true,"valueName":"search_term_string"}}],"inLanguage":"fr-FR"},{"@type":"Organization","@id":"https:\/\/lasentinelle.dz\/#organization","name":"Quotidien La Sentinelle","url":"https:\/\/lasentinelle.dz\/","logo":{"@type":"ImageObject","inLanguage":"fr-FR","@id":"https:\/\/lasentinelle.dz\/#\/schema\/logo\/image\/","url":"https:\/\/lasentinelle.dz\/wp-content\/uploads\/2021\/09\/logo-sentinelleSLOGAN-1.png","contentUrl":"https:\/\/lasentinelle.dz\/wp-content\/uploads\/2021\/09\/logo-sentinelleSLOGAN-1.png","width":615,"height":142,"caption":"Quotidien La Sentinelle"},"image":{"@id":"https:\/\/lasentinelle.dz\/#\/schema\/logo\/image\/"},"sameAs":["https:\/\/www.facebook.com\/La-Sentinelle-104059864394773"]},{"@type":"Person","@id":"https:\/\/lasentinelle.dz\/#\/schema\/person\/d865044e22e70a75174ce8bcad3acfb3","name":"La Sentinelle","image":{"@type":"ImageObject","inLanguage":"fr-FR","@id":"https:\/\/secure.gravatar.com\/avatar\/57de8e5d4b15d43fb361a71fbb36338450fe67865b528a43dd10ef7c51a20392?s=96&d=mm&r=g","url":"https:\/\/secure.gravatar.com\/avatar\/57de8e5d4b15d43fb361a71fbb36338450fe67865b528a43dd10ef7c51a20392?s=96&d=mm&r=g","contentUrl":"https:\/\/secure.gravatar.com\/avatar\/57de8e5d4b15d43fb361a71fbb36338450fe67865b528a43dd10ef7c51a20392?s=96&d=mm&r=g","caption":"La Sentinelle"},"sameAs":["http:\/\/www.lasentinelle.dz"],"url":"https:\/\/lasentinelle.dz\/author\/redaction\/"}]}},"_links":{"self":[{"href":"https:\/\/lasentinelle.dz\/index.php\/wp-json\/wp\/v2\/posts\/48625","targetHints":{"allow":["GET"]}}],"collection":[{"href":"https:\/\/lasentinelle.dz\/index.php\/wp-json\/wp\/v2\/posts"}],"about":[{"href":"https:\/\/lasentinelle.dz\/index.php\/wp-json\/wp\/v2\/types\/post"}],"author":[{"embeddable":true,"href":"https:\/\/lasentinelle.dz\/index.php\/wp-json\/wp\/v2\/users\/3"}],"replies":[{"embeddable":true,"href":"https:\/\/lasentinelle.dz\/index.php\/wp-json\/wp\/v2\/comments?post=48625"}],"version-history":[{"count":1,"href":"https:\/\/lasentinelle.dz\/index.php\/wp-json\/wp\/v2\/posts\/48625\/revisions"}],"predecessor-version":[{"id":48626,"href":"https:\/\/lasentinelle.dz\/index.php\/wp-json\/wp\/v2\/posts\/48625\/revisions\/48626"}],"wp:featuredmedia":[{"embeddable":true,"href":"https:\/\/lasentinelle.dz\/index.php\/wp-json\/wp\/v2\/media\/22230"}],"wp:attachment":[{"href":"https:\/\/lasentinelle.dz\/index.php\/wp-json\/wp\/v2\/media?parent=48625"}],"wp:term":[{"taxonomy":"category","embeddable":true,"href":"https:\/\/lasentinelle.dz\/index.php\/wp-json\/wp\/v2\/categories?post=48625"},{"taxonomy":"post_tag","embeddable":true,"href":"https:\/\/lasentinelle.dz\/index.php\/wp-json\/wp\/v2\/tags?post=48625"}],"curies":[{"name":"wp","href":"https:\/\/api.w.org\/{rel}","templated":true}]}}