{"id":48630,"date":"2024-01-11T11:45:00","date_gmt":"2024-01-11T10:45:00","guid":{"rendered":"https:\/\/lasentinelle.dz\/?p=48630"},"modified":"2024-01-13T14:46:05","modified_gmt":"2024-01-13T13:46:05","slug":"les-verts-achevent-leur-stage-et-rallient-bouake-le-satisfecit-de-belmadi","status":"publish","type":"post","link":"https:\/\/lasentinelle.dz\/index.php\/2024\/01\/11\/les-verts-achevent-leur-stage-et-rallient-bouake-le-satisfecit-de-belmadi\/","title":{"rendered":"Les Verts ach\u00e8vent leur stage et rallient Bouak\u00e9\u00a0: Le satisfecit de Belmadi"},"content":{"rendered":"\n<p>Les Verts sont arriv\u00e9s hier \u00e0 Bouak\u00e9, leur camp de base, lors de la Coupe d\u2019Afrique des nations pr\u00e9vue en C\u00f4te d\u2019Ivoire du 13 janvier au 11 f\u00e9vrier, en provenance de Lom\u00e9 au Togo, o\u00f9 les poulains de Belmadi ont effectu\u00e9 un stage de pr\u00e9paration d\u2019une semaine. Un stage satisfaisant pour le s\u00e9lectionneur national, marqu\u00e9 par deux larges victoires lors des joutes amicales contre la s\u00e9lection togolaise des joueurs locaux et contre le Burundi.<\/p>\n\n\n\n<p>Une satisfecit affich\u00e9 par le coach national au micro de la cellule de communication de la F\u00e9d\u00e9ration alg\u00e9rienne de football, notamment apr\u00e8s la victoire des Verts mardi sur le score de 4-0 contre le Burundi. \u00ab Dans l&rsquo;ensemble on est satisfait de ceux qui ont pu d\u00e9marrer le match, de ceux qu&rsquo;on pu rentrer dans les 20 derni\u00e8res minutes, tout le monde a apport\u00e9 sa pierre \u00e0 l&rsquo;\u00e9difice sur cette derni\u00e8re rencontre qui cl\u00f4t notre stage ici \u00e0 Lom\u00e9&nbsp;\u00bb, a -t-il indiqu\u00e9. A la veille du d\u00e9part pour la C\u00f4te d\u2019Ivoire, Djamel Belmadi a soulign\u00e9 que l&rsquo;objectif sera de s&rsquo;adapter lors l\u2019arriv\u00e9e des joueurs au terrain du stade Bouak\u00e9 et de se mettre dans l&rsquo;ambiance de la comp\u00e9tition \u00ab Prendre nos quartiers, la temp\u00e9rature dans le sens large du terme, de l&rsquo;environnement, de la comp\u00e9tition, sentir la compet. On va \u00eatre dans une autre configuration, beaucoup de monde, beaucoup de supporters (\u2026) Prendre nos rep\u00e8res sur le terrain d&rsquo;entra\u00eenement, terrain de match qui va \u00eatre notre stade pendant 3 matches. J\u2019esp\u00e8re qu\u2019au moins on va prendre vite nos rep\u00e8res \u00bb, explique-t-il<\/p>\n\n\n\n<p>Djamel Belmadi est \u00e9galement revenu sur les derniers r\u00e9glages tactiques qui restent \u00e0 faire avant le d\u00e9but de la CAN. &nbsp;\u00ab Sur l&rsquo;aspect tactique, des d\u00e9tails a r\u00e9gler sur des situations ici et l\u00e0, coup de pied arr\u00eat\u00e9s (\u2026)\u00bb, ajoute-il enfin.<\/p>\n\n\n\n<p>De son c\u00f4t\u00e9, le milieu de terrain des Verts, Sofiane Feghouli s\u2019est dit satisfait du stage de Lom\u00e9. &nbsp;\u00ab&nbsp;L&rsquo;\u00e9quipe a tr\u00e8s bien travaill\u00e9 on savait pourquoi on \u00e9tait ici au Togo. L&rsquo;intention \u00e9tait de s&rsquo;acclimater, parce qu&rsquo;il faisait tr\u00e8s tr\u00e8s chaud et tr\u00e8s tr\u00e8s humide, pour arriver pr\u00eats. En C\u00f4te d&rsquo;Ivoire c&rsquo;est \u00e0 peu pr\u00e8s le m\u00eame climat, on est venu dans la difficult\u00e9 pour ne pas \u00eatre surpris quand on va d\u00e9buter la comp\u00e9tition\u00bb, a -t-il dit.&nbsp; Le Fennec a \u00e9galement mis en avant les ambitions de l\u2019EN pour cette CAN. \u00ab Il y a une bonne ambiance dans le groupe, tout le monde est pr\u00eat et surtout tout le monde a envie de gagner la comp\u00e9tition. De toute fa\u00e7on pour \u00eatre champion d&rsquo;Afrique il faut \u00eatre la meilleure d\u00e9fense donc voil\u00e0 on veut vraiment \u00eatre au top du top d\u00e9fensivement. On a de la qualit\u00e9 on est capable de marquer \u00e0 tout moment donc voil\u00e0 on va essayer d\u00e8s le premier match de r\u00e9pondre pr\u00e9sent, de gagner et de prendre les matches les uns apr\u00e8s les autres jusqu&rsquo;\u00e0 la finale\u00bb, ajoute-il En ce qui concerne les jeunes r\u00e9cemment arriv\u00e9s en s\u00e9lection, Sofiane Feghouli explique \u00ables jeunes doivent comprendre que l&rsquo;Afrique c&rsquo;est difficile, qu&rsquo;il faut \u00eatre concentr\u00e9 et d\u00e9termin\u00e9 et il faut qu&rsquo;ils s&rsquo;impr\u00e8gnent de la victoire des plus anciens, qu&rsquo;ils soient \u00e0 l&rsquo;\u00e9coute et humble. Pour le moment dans le groupe rien \u00e0 dire, les jeunes \u00e9coutent, ils voient comment \u00e7a se passe et ils ont envie de prouver qu&rsquo;eux aussi ont une page \u00e0 \u00e9crire dans l&rsquo;histoire du football alg\u00e9rien et marquer l&rsquo;histoire\u00bb.<\/p>\n\n\n\n<p>La s\u00e9lection nationale de football a ralli\u00e9 hierla ville de Bouak\u00e9. \u00ab\u00a0La d\u00e9l\u00e9gation alg\u00e9rienne a \u00e9t\u00e9 accueillie \u00e0 l\u2019a\u00e9roport de Bouak\u00e9 par plusieurs officiels de la CAF, mais aussi par Son Excellence M. Idriss Bouassila ambassadeur Extraordinaire et Pl\u00e9nipotentiaire d\u2019Alg\u00e9rie \u00e0 Abidjan et les autorit\u00e9s civiles et militaires de Bouake\u00a0\u00bb, a \u00e9crit la FAF dans un communiqu\u00e9 publi\u00e9 sur son site officiel. \u00ab\u00a0Une fois les formalit\u00e9s r\u00e9gl\u00e9es et quelques d\u00e9clarations aux m\u00e9dias de la CAF ainsi qu\u2019aux m\u00e9dias nationaux venus en nombre, la d\u00e9l\u00e9gation des Verts s\u2019est dirig\u00e9e directement \u00e0 l\u2019h\u00f4tel du Stade, lieu de son h\u00e9bergement durant le 1er tour de la comp\u00e9tition\u00a0\u00bb, ajoute la FAF.<\/p>\n\n\n\n<p>Log\u00e9s dans le groupe D, les Alg\u00e9riens entament la CAN le lundi 15 janvier face \u00e0 l&rsquo;Angola au stade de la Paix \u00e0 Bouak\u00e9 (21h00), avant de d\u00e9fier le Burkina Faso, le samedi 20 janvier \u00e0 Bouak\u00e9 (15h00), puis la Mauritanie, le mardi 23 janvier toujours \u00e0 Bouak\u00e9 (21h00).<\/p>\n\n\n\n<p>Les deux premiers de chaque groupe se qualifient pour les huiti\u00e8mes de finale.<\/p>\n\n\n\n<p><strong>Moncef Dahleb<\/strong><\/p>\n","protected":false},"excerpt":{"rendered":"<p>Les Verts sont arriv\u00e9s hier \u00e0 Bouak\u00e9, leur camp de base, lors de la Coupe d\u2019Afrique des nations pr\u00e9vue en<\/p>\n","protected":false},"author":3,"featured_media":48631,"comment_status":"open","ping_status":"closed","sticky":false,"template":"","format":"standard","meta":{"colormag_page_container_layout":"default_layout","colormag_page_sidebar_layout":"default_layout","om_disable_all_campaigns":false,"_monsterinsights_skip_tracking":false,"_monsterinsights_sitenote_active":false,"_monsterinsights_sitenote_note":"","_monsterinsights_sitenote_category":0,"footnotes":"","_wpscppro_dont_share_socialmedia":false,"_wpscppro_custom_social_share_image":0,"_facebook_share_type":"","_twitter_share_type":"","_linkedin_share_type":"","_pinterest_share_type":"","_linkedin_share_type_page":"","_instagram_share_type":"","_medium_share_type":"","_threads_share_type":"","_google_business_share_type":"","_selected_social_profile":[],"_wpsp_enable_custom_social_template":false,"_wpsp_social_scheduling":{"enabled":false,"datetime":null,"platforms":[],"status":"template_only","dateOption":"today","timeOption":"now","customDays":"","customHours":"","customDate":"","customTime":"","schedulingType":"absolute"},"_wpsp_active_default_template":true},"categories":[52,33],"tags":[],"class_list":["post-48630","post","type-post","status-publish","format-standard","has-post-thumbnail","hentry","category-a-la-une","category-sports"],"aioseo_notices":[],"yoast_head":"<!-- This site is optimized with the Yoast SEO plugin v27.5 - https:\/\/yoast.com\/product\/yoast-seo-wordpress\/ -->\n<title>Les Verts ach\u00e8vent leur stage et rallient Bouak\u00e9\u00a0: Le satisfecit de Belmadi - La Sentinelle<\/title>\n<meta name=\"robots\" content=\"index, follow, max-snippet:-1, max-image-preview:large, max-video-preview:-1\" \/>\n<link rel=\"canonical\" href=\"https:\/\/lasentinelle.dz\/index.php\/2024\/01\/11\/les-verts-achevent-leur-stage-et-rallient-bouake-le-satisfecit-de-belmadi\/\" \/>\n<meta property=\"og:locale\" content=\"fr_FR\" \/>\n<meta property=\"og:type\" content=\"article\" \/>\n<meta property=\"og:title\" content=\"Les Verts ach\u00e8vent leur stage et rallient Bouak\u00e9\u00a0: Le satisfecit de Belmadi - La Sentinelle\" \/>\n<meta property=\"og:description\" content=\"Les Verts sont arriv\u00e9s hier \u00e0 Bouak\u00e9, leur camp de base, lors de la Coupe d\u2019Afrique des nations pr\u00e9vue en\" \/>\n<meta property=\"og:url\" content=\"https:\/\/lasentinelle.dz\/index.php\/2024\/01\/11\/les-verts-achevent-leur-stage-et-rallient-bouake-le-satisfecit-de-belmadi\/\" \/>\n<meta property=\"og:site_name\" content=\"La Sentinelle\" \/>\n<meta property=\"article:publisher\" content=\"https:\/\/www.facebook.com\/La-Sentinelle-104059864394773\" \/>\n<meta property=\"article:published_time\" content=\"2024-01-11T10:45:00+00:00\" \/>\n<meta property=\"article:modified_time\" content=\"2024-01-13T13:46:05+00:00\" \/>\n<meta property=\"og:image\" content=\"https:\/\/lasentinelle.dz\/wp-content\/uploads\/2024\/01\/EN-4.jpeg\" \/>\n\t<meta property=\"og:image:width\" content=\"750\" \/>\n\t<meta property=\"og:image:height\" content=\"430\" \/>\n\t<meta property=\"og:image:type\" content=\"image\/jpeg\" \/>\n<meta name=\"author\" content=\"La Sentinelle\" \/>\n<meta name=\"twitter:card\" content=\"summary_large_image\" \/>\n<meta name=\"twitter:label1\" content=\"\u00c9crit par\" \/>\n\t<meta name=\"twitter:data1\" content=\"La Sentinelle\" \/>\n\t<meta name=\"twitter:label2\" content=\"Dur\u00e9e de lecture estim\u00e9e\" \/>\n\t<meta name=\"twitter:data2\" content=\"4 minutes\" \/>\n<script type=\"application\/ld+json\" class=\"yoast-schema-graph\">{\"@context\":\"https:\\\/\\\/schema.org\",\"@graph\":[{\"@type\":\"Article\",\"@id\":\"https:\\\/\\\/lasentinelle.dz\\\/index.php\\\/2024\\\/01\\\/11\\\/les-verts-achevent-leur-stage-et-rallient-bouake-le-satisfecit-de-belmadi\\\/#article\",\"isPartOf\":{\"@id\":\"https:\\\/\\\/lasentinelle.dz\\\/index.php\\\/2024\\\/01\\\/11\\\/les-verts-achevent-leur-stage-et-rallient-bouake-le-satisfecit-de-belmadi\\\/\"},\"author\":{\"name\":\"La Sentinelle\",\"@id\":\"https:\\\/\\\/lasentinelle.dz\\\/#\\\/schema\\\/person\\\/d865044e22e70a75174ce8bcad3acfb3\"},\"headline\":\"Les Verts ach\u00e8vent leur stage et rallient Bouak\u00e9\u00a0: Le satisfecit de Belmadi\",\"datePublished\":\"2024-01-11T10:45:00+00:00\",\"dateModified\":\"2024-01-13T13:46:05+00:00\",\"mainEntityOfPage\":{\"@id\":\"https:\\\/\\\/lasentinelle.dz\\\/index.php\\\/2024\\\/01\\\/11\\\/les-verts-achevent-leur-stage-et-rallient-bouake-le-satisfecit-de-belmadi\\\/\"},\"wordCount\":844,\"commentCount\":0,\"publisher\":{\"@id\":\"https:\\\/\\\/lasentinelle.dz\\\/#organization\"},\"image\":{\"@id\":\"https:\\\/\\\/lasentinelle.dz\\\/index.php\\\/2024\\\/01\\\/11\\\/les-verts-achevent-leur-stage-et-rallient-bouake-le-satisfecit-de-belmadi\\\/#primaryimage\"},\"thumbnailUrl\":\"https:\\\/\\\/lasentinelle.dz\\\/wp-content\\\/uploads\\\/2024\\\/01\\\/EN-4.jpeg\",\"articleSection\":[\"\u00c0 la Une\",\"Sports\"],\"inLanguage\":\"fr-FR\",\"potentialAction\":[{\"@type\":\"CommentAction\",\"name\":\"Comment\",\"target\":[\"https:\\\/\\\/lasentinelle.dz\\\/index.php\\\/2024\\\/01\\\/11\\\/les-verts-achevent-leur-stage-et-rallient-bouake-le-satisfecit-de-belmadi\\\/#respond\"]}]},{\"@type\":\"WebPage\",\"@id\":\"https:\\\/\\\/lasentinelle.dz\\\/index.php\\\/2024\\\/01\\\/11\\\/les-verts-achevent-leur-stage-et-rallient-bouake-le-satisfecit-de-belmadi\\\/\",\"url\":\"https:\\\/\\\/lasentinelle.dz\\\/index.php\\\/2024\\\/01\\\/11\\\/les-verts-achevent-leur-stage-et-rallient-bouake-le-satisfecit-de-belmadi\\\/\",\"name\":\"Les Verts ach\u00e8vent leur stage et rallient Bouak\u00e9\u00a0: Le satisfecit de Belmadi - La Sentinelle\",\"isPartOf\":{\"@id\":\"https:\\\/\\\/lasentinelle.dz\\\/#website\"},\"primaryImageOfPage\":{\"@id\":\"https:\\\/\\\/lasentinelle.dz\\\/index.php\\\/2024\\\/01\\\/11\\\/les-verts-achevent-leur-stage-et-rallient-bouake-le-satisfecit-de-belmadi\\\/#primaryimage\"},\"image\":{\"@id\":\"https:\\\/\\\/lasentinelle.dz\\\/index.php\\\/2024\\\/01\\\/11\\\/les-verts-achevent-leur-stage-et-rallient-bouake-le-satisfecit-de-belmadi\\\/#primaryimage\"},\"thumbnailUrl\":\"https:\\\/\\\/lasentinelle.dz\\\/wp-content\\\/uploads\\\/2024\\\/01\\\/EN-4.jpeg\",\"datePublished\":\"2024-01-11T10:45:00+00:00\",\"dateModified\":\"2024-01-13T13:46:05+00:00\",\"breadcrumb\":{\"@id\":\"https:\\\/\\\/lasentinelle.dz\\\/index.php\\\/2024\\\/01\\\/11\\\/les-verts-achevent-leur-stage-et-rallient-bouake-le-satisfecit-de-belmadi\\\/#breadcrumb\"},\"inLanguage\":\"fr-FR\",\"potentialAction\":[{\"@type\":\"ReadAction\",\"target\":[\"https:\\\/\\\/lasentinelle.dz\\\/index.php\\\/2024\\\/01\\\/11\\\/les-verts-achevent-leur-stage-et-rallient-bouake-le-satisfecit-de-belmadi\\\/\"]}]},{\"@type\":\"ImageObject\",\"inLanguage\":\"fr-FR\",\"@id\":\"https:\\\/\\\/lasentinelle.dz\\\/index.php\\\/2024\\\/01\\\/11\\\/les-verts-achevent-leur-stage-et-rallient-bouake-le-satisfecit-de-belmadi\\\/#primaryimage\",\"url\":\"https:\\\/\\\/lasentinelle.dz\\\/wp-content\\\/uploads\\\/2024\\\/01\\\/EN-4.jpeg\",\"contentUrl\":\"https:\\\/\\\/lasentinelle.dz\\\/wp-content\\\/uploads\\\/2024\\\/01\\\/EN-4.jpeg\",\"width\":750,\"height\":430},{\"@type\":\"BreadcrumbList\",\"@id\":\"https:\\\/\\\/lasentinelle.dz\\\/index.php\\\/2024\\\/01\\\/11\\\/les-verts-achevent-leur-stage-et-rallient-bouake-le-satisfecit-de-belmadi\\\/#breadcrumb\",\"itemListElement\":[{\"@type\":\"ListItem\",\"position\":1,\"name\":\"Accueil\",\"item\":\"https:\\\/\\\/lasentinelle.dz\\\/\"},{\"@type\":\"ListItem\",\"position\":2,\"name\":\"Les Verts ach\u00e8vent leur stage et rallient Bouak\u00e9\u00a0: Le satisfecit de Belmadi\"}]},{\"@type\":\"WebSite\",\"@id\":\"https:\\\/\\\/lasentinelle.dz\\\/#website\",\"url\":\"https:\\\/\\\/lasentinelle.dz\\\/\",\"name\":\"La Sentinelle\",\"description\":\"Quotidien national d&#039;information\",\"publisher\":{\"@id\":\"https:\\\/\\\/lasentinelle.dz\\\/#organization\"},\"potentialAction\":[{\"@type\":\"SearchAction\",\"target\":{\"@type\":\"EntryPoint\",\"urlTemplate\":\"https:\\\/\\\/lasentinelle.dz\\\/?s={search_term_string}\"},\"query-input\":{\"@type\":\"PropertyValueSpecification\",\"valueRequired\":true,\"valueName\":\"search_term_string\"}}],\"inLanguage\":\"fr-FR\"},{\"@type\":\"Organization\",\"@id\":\"https:\\\/\\\/lasentinelle.dz\\\/#organization\",\"name\":\"Quotidien La Sentinelle\",\"url\":\"https:\\\/\\\/lasentinelle.dz\\\/\",\"logo\":{\"@type\":\"ImageObject\",\"inLanguage\":\"fr-FR\",\"@id\":\"https:\\\/\\\/lasentinelle.dz\\\/#\\\/schema\\\/logo\\\/image\\\/\",\"url\":\"https:\\\/\\\/lasentinelle.dz\\\/wp-content\\\/uploads\\\/2021\\\/09\\\/logo-sentinelleSLOGAN-1.png\",\"contentUrl\":\"https:\\\/\\\/lasentinelle.dz\\\/wp-content\\\/uploads\\\/2021\\\/09\\\/logo-sentinelleSLOGAN-1.png\",\"width\":615,\"height\":142,\"caption\":\"Quotidien La Sentinelle\"},\"image\":{\"@id\":\"https:\\\/\\\/lasentinelle.dz\\\/#\\\/schema\\\/logo\\\/image\\\/\"},\"sameAs\":[\"https:\\\/\\\/www.facebook.com\\\/La-Sentinelle-104059864394773\"]},{\"@type\":\"Person\",\"@id\":\"https:\\\/\\\/lasentinelle.dz\\\/#\\\/schema\\\/person\\\/d865044e22e70a75174ce8bcad3acfb3\",\"name\":\"La Sentinelle\",\"image\":{\"@type\":\"ImageObject\",\"inLanguage\":\"fr-FR\",\"@id\":\"https:\\\/\\\/secure.gravatar.com\\\/avatar\\\/57de8e5d4b15d43fb361a71fbb36338450fe67865b528a43dd10ef7c51a20392?s=96&d=mm&r=g\",\"url\":\"https:\\\/\\\/secure.gravatar.com\\\/avatar\\\/57de8e5d4b15d43fb361a71fbb36338450fe67865b528a43dd10ef7c51a20392?s=96&d=mm&r=g\",\"contentUrl\":\"https:\\\/\\\/secure.gravatar.com\\\/avatar\\\/57de8e5d4b15d43fb361a71fbb36338450fe67865b528a43dd10ef7c51a20392?s=96&d=mm&r=g\",\"caption\":\"La Sentinelle\"},\"sameAs\":[\"http:\\\/\\\/www.lasentinelle.dz\"],\"url\":\"https:\\\/\\\/lasentinelle.dz\\\/author\\\/redaction\\\/\"}]}<\/script>\n<!-- \/ Yoast SEO plugin. -->","yoast_head_json":{"title":"Les Verts ach\u00e8vent leur stage et rallient Bouak\u00e9\u00a0: Le satisfecit de Belmadi - La Sentinelle","robots":{"index":"index","follow":"follow","max-snippet":"max-snippet:-1","max-image-preview":"max-image-preview:large","max-video-preview":"max-video-preview:-1"},"canonical":"https:\/\/lasentinelle.dz\/index.php\/2024\/01\/11\/les-verts-achevent-leur-stage-et-rallient-bouake-le-satisfecit-de-belmadi\/","og_locale":"fr_FR","og_type":"article","og_title":"Les Verts ach\u00e8vent leur stage et rallient Bouak\u00e9\u00a0: Le satisfecit de Belmadi - La Sentinelle","og_description":"Les Verts sont arriv\u00e9s hier \u00e0 Bouak\u00e9, leur camp de base, lors de la Coupe d\u2019Afrique des nations pr\u00e9vue en","og_url":"https:\/\/lasentinelle.dz\/index.php\/2024\/01\/11\/les-verts-achevent-leur-stage-et-rallient-bouake-le-satisfecit-de-belmadi\/","og_site_name":"La Sentinelle","article_publisher":"https:\/\/www.facebook.com\/La-Sentinelle-104059864394773","article_published_time":"2024-01-11T10:45:00+00:00","article_modified_time":"2024-01-13T13:46:05+00:00","og_image":[{"width":750,"height":430,"url":"https:\/\/lasentinelle.dz\/wp-content\/uploads\/2024\/01\/EN-4.jpeg","type":"image\/jpeg"}],"author":"La Sentinelle","twitter_card":"summary_large_image","twitter_misc":{"\u00c9crit par":"La Sentinelle","Dur\u00e9e de lecture estim\u00e9e":"4 minutes"},"schema":{"@context":"https:\/\/schema.org","@graph":[{"@type":"Article","@id":"https:\/\/lasentinelle.dz\/index.php\/2024\/01\/11\/les-verts-achevent-leur-stage-et-rallient-bouake-le-satisfecit-de-belmadi\/#article","isPartOf":{"@id":"https:\/\/lasentinelle.dz\/index.php\/2024\/01\/11\/les-verts-achevent-leur-stage-et-rallient-bouake-le-satisfecit-de-belmadi\/"},"author":{"name":"La Sentinelle","@id":"https:\/\/lasentinelle.dz\/#\/schema\/person\/d865044e22e70a75174ce8bcad3acfb3"},"headline":"Les Verts ach\u00e8vent leur stage et rallient Bouak\u00e9\u00a0: Le satisfecit de Belmadi","datePublished":"2024-01-11T10:45:00+00:00","dateModified":"2024-01-13T13:46:05+00:00","mainEntityOfPage":{"@id":"https:\/\/lasentinelle.dz\/index.php\/2024\/01\/11\/les-verts-achevent-leur-stage-et-rallient-bouake-le-satisfecit-de-belmadi\/"},"wordCount":844,"commentCount":0,"publisher":{"@id":"https:\/\/lasentinelle.dz\/#organization"},"image":{"@id":"https:\/\/lasentinelle.dz\/index.php\/2024\/01\/11\/les-verts-achevent-leur-stage-et-rallient-bouake-le-satisfecit-de-belmadi\/#primaryimage"},"thumbnailUrl":"https:\/\/lasentinelle.dz\/wp-content\/uploads\/2024\/01\/EN-4.jpeg","articleSection":["\u00c0 la Une","Sports"],"inLanguage":"fr-FR","potentialAction":[{"@type":"CommentAction","name":"Comment","target":["https:\/\/lasentinelle.dz\/index.php\/2024\/01\/11\/les-verts-achevent-leur-stage-et-rallient-bouake-le-satisfecit-de-belmadi\/#respond"]}]},{"@type":"WebPage","@id":"https:\/\/lasentinelle.dz\/index.php\/2024\/01\/11\/les-verts-achevent-leur-stage-et-rallient-bouake-le-satisfecit-de-belmadi\/","url":"https:\/\/lasentinelle.dz\/index.php\/2024\/01\/11\/les-verts-achevent-leur-stage-et-rallient-bouake-le-satisfecit-de-belmadi\/","name":"Les Verts ach\u00e8vent leur stage et rallient Bouak\u00e9\u00a0: Le satisfecit de Belmadi - La Sentinelle","isPartOf":{"@id":"https:\/\/lasentinelle.dz\/#website"},"primaryImageOfPage":{"@id":"https:\/\/lasentinelle.dz\/index.php\/2024\/01\/11\/les-verts-achevent-leur-stage-et-rallient-bouake-le-satisfecit-de-belmadi\/#primaryimage"},"image":{"@id":"https:\/\/lasentinelle.dz\/index.php\/2024\/01\/11\/les-verts-achevent-leur-stage-et-rallient-bouake-le-satisfecit-de-belmadi\/#primaryimage"},"thumbnailUrl":"https:\/\/lasentinelle.dz\/wp-content\/uploads\/2024\/01\/EN-4.jpeg","datePublished":"2024-01-11T10:45:00+00:00","dateModified":"2024-01-13T13:46:05+00:00","breadcrumb":{"@id":"https:\/\/lasentinelle.dz\/index.php\/2024\/01\/11\/les-verts-achevent-leur-stage-et-rallient-bouake-le-satisfecit-de-belmadi\/#breadcrumb"},"inLanguage":"fr-FR","potentialAction":[{"@type":"ReadAction","target":["https:\/\/lasentinelle.dz\/index.php\/2024\/01\/11\/les-verts-achevent-leur-stage-et-rallient-bouake-le-satisfecit-de-belmadi\/"]}]},{"@type":"ImageObject","inLanguage":"fr-FR","@id":"https:\/\/lasentinelle.dz\/index.php\/2024\/01\/11\/les-verts-achevent-leur-stage-et-rallient-bouake-le-satisfecit-de-belmadi\/#primaryimage","url":"https:\/\/lasentinelle.dz\/wp-content\/uploads\/2024\/01\/EN-4.jpeg","contentUrl":"https:\/\/lasentinelle.dz\/wp-content\/uploads\/2024\/01\/EN-4.jpeg","width":750,"height":430},{"@type":"BreadcrumbList","@id":"https:\/\/lasentinelle.dz\/index.php\/2024\/01\/11\/les-verts-achevent-leur-stage-et-rallient-bouake-le-satisfecit-de-belmadi\/#breadcrumb","itemListElement":[{"@type":"ListItem","position":1,"name":"Accueil","item":"https:\/\/lasentinelle.dz\/"},{"@type":"ListItem","position":2,"name":"Les Verts ach\u00e8vent leur stage et rallient Bouak\u00e9\u00a0: Le satisfecit de Belmadi"}]},{"@type":"WebSite","@id":"https:\/\/lasentinelle.dz\/#website","url":"https:\/\/lasentinelle.dz\/","name":"La Sentinelle","description":"Quotidien national d&#039;information","publisher":{"@id":"https:\/\/lasentinelle.dz\/#organization"},"potentialAction":[{"@type":"SearchAction","target":{"@type":"EntryPoint","urlTemplate":"https:\/\/lasentinelle.dz\/?s={search_term_string}"},"query-input":{"@type":"PropertyValueSpecification","valueRequired":true,"valueName":"search_term_string"}}],"inLanguage":"fr-FR"},{"@type":"Organization","@id":"https:\/\/lasentinelle.dz\/#organization","name":"Quotidien La Sentinelle","url":"https:\/\/lasentinelle.dz\/","logo":{"@type":"ImageObject","inLanguage":"fr-FR","@id":"https:\/\/lasentinelle.dz\/#\/schema\/logo\/image\/","url":"https:\/\/lasentinelle.dz\/wp-content\/uploads\/2021\/09\/logo-sentinelleSLOGAN-1.png","contentUrl":"https:\/\/lasentinelle.dz\/wp-content\/uploads\/2021\/09\/logo-sentinelleSLOGAN-1.png","width":615,"height":142,"caption":"Quotidien La Sentinelle"},"image":{"@id":"https:\/\/lasentinelle.dz\/#\/schema\/logo\/image\/"},"sameAs":["https:\/\/www.facebook.com\/La-Sentinelle-104059864394773"]},{"@type":"Person","@id":"https:\/\/lasentinelle.dz\/#\/schema\/person\/d865044e22e70a75174ce8bcad3acfb3","name":"La Sentinelle","image":{"@type":"ImageObject","inLanguage":"fr-FR","@id":"https:\/\/secure.gravatar.com\/avatar\/57de8e5d4b15d43fb361a71fbb36338450fe67865b528a43dd10ef7c51a20392?s=96&d=mm&r=g","url":"https:\/\/secure.gravatar.com\/avatar\/57de8e5d4b15d43fb361a71fbb36338450fe67865b528a43dd10ef7c51a20392?s=96&d=mm&r=g","contentUrl":"https:\/\/secure.gravatar.com\/avatar\/57de8e5d4b15d43fb361a71fbb36338450fe67865b528a43dd10ef7c51a20392?s=96&d=mm&r=g","caption":"La Sentinelle"},"sameAs":["http:\/\/www.lasentinelle.dz"],"url":"https:\/\/lasentinelle.dz\/author\/redaction\/"}]}},"_links":{"self":[{"href":"https:\/\/lasentinelle.dz\/index.php\/wp-json\/wp\/v2\/posts\/48630","targetHints":{"allow":["GET"]}}],"collection":[{"href":"https:\/\/lasentinelle.dz\/index.php\/wp-json\/wp\/v2\/posts"}],"about":[{"href":"https:\/\/lasentinelle.dz\/index.php\/wp-json\/wp\/v2\/types\/post"}],"author":[{"embeddable":true,"href":"https:\/\/lasentinelle.dz\/index.php\/wp-json\/wp\/v2\/users\/3"}],"replies":[{"embeddable":true,"href":"https:\/\/lasentinelle.dz\/index.php\/wp-json\/wp\/v2\/comments?post=48630"}],"version-history":[{"count":1,"href":"https:\/\/lasentinelle.dz\/index.php\/wp-json\/wp\/v2\/posts\/48630\/revisions"}],"predecessor-version":[{"id":48632,"href":"https:\/\/lasentinelle.dz\/index.php\/wp-json\/wp\/v2\/posts\/48630\/revisions\/48632"}],"wp:featuredmedia":[{"embeddable":true,"href":"https:\/\/lasentinelle.dz\/index.php\/wp-json\/wp\/v2\/media\/48631"}],"wp:attachment":[{"href":"https:\/\/lasentinelle.dz\/index.php\/wp-json\/wp\/v2\/media?parent=48630"}],"wp:term":[{"taxonomy":"category","embeddable":true,"href":"https:\/\/lasentinelle.dz\/index.php\/wp-json\/wp\/v2\/categories?post=48630"},{"taxonomy":"post_tag","embeddable":true,"href":"https:\/\/lasentinelle.dz\/index.php\/wp-json\/wp\/v2\/tags?post=48630"}],"curies":[{"name":"wp","href":"https:\/\/api.w.org\/{rel}","templated":true}]}}