{"id":48711,"date":"2024-01-14T22:47:00","date_gmt":"2024-01-14T21:47:00","guid":{"rendered":"https:\/\/lasentinelle.dz\/?p=48711"},"modified":"2024-01-15T14:52:35","modified_gmt":"2024-01-15T13:52:35","slug":"le-gaz-couvrira-36-de-la-demande-energetique-en-2050","status":"publish","type":"post","link":"https:\/\/lasentinelle.dz\/index.php\/2024\/01\/14\/le-gaz-couvrira-36-de-la-demande-energetique-en-2050\/","title":{"rendered":"Le gaz couvrira 36% de la demande \u00e9nerg\u00e9tique en 2050"},"content":{"rendered":"\n<p>Le P-DG de la Sonatrach a mis en avant le r\u00f4le central que jouera le gaz dans la transition \u00e9nerg\u00e9tique. Dans un discours prononc\u00e9 hier&nbsp; lors du Sommet \u00e9nergie et \u00e9conomie ouvert samedi dans la capitale libyenne Tripoli, Rachid Hachichi a soulign\u00e9 que le gaz naturel est appel\u00e9 \u00e0 r\u00e9pondre \u00e0 36% de la demande \u00e9nerg\u00e9tique d\u2019ici \u00e0 2050. Le P-DG de la Sonatrach a soulign\u00e9 que la demande \u00e9nerg\u00e9tique, \u00ab&nbsp;stimul\u00e9e par l&rsquo;\u00e9volution d\u00e9mographique, l&rsquo;expansion \u00e9conomique et l&rsquo;am\u00e9lioration constante du niveau de vie, devrait augmenter d&rsquo;environ 1% chaque ann\u00e9e au cours des quinze prochaines ann\u00e9es&nbsp;\u00bb. il a \u00e9galement mis en avant le contexte de transition \u00e9nerg\u00e9tique impos\u00e9 par les pr\u00e9occupations environnementales et &nbsp;n\u00e9cessitant une production d&rsquo;\u00e9nergie respectueuse de l&rsquo;environnement. Un contexte dans lequel&nbsp;le gaz naturel est appel\u00e9 \u00e0 jouer un \u00ab&nbsp;r\u00f4le crucial (\u2026) pour contribuer de mani\u00e8re positive \u00e0 la transition \u00e9nerg\u00e9tique souhait\u00e9e&nbsp;\u00bb.&nbsp; \u00ab&nbsp;Il est pr\u00e9vu que le gaz naturel, en raison de sa disponibilit\u00e9 et de son co\u00fbt abordable, r\u00e9pondra \u00e0 environ 24% de la demande mondiale d&rsquo;ici 2040 et \u00e0 36% d&rsquo;ici 2050, rel\u00e9guant ainsi le charbon au second rang des sources d&rsquo;\u00e9nergie apr\u00e8s le p\u00e9trole&nbsp;\u00bb, ajoute-il. Le patron de la premi\u00e8re entreprise d\u2019Afrique a rappel\u00e9 que la plupart des \u00e9tudes \u00e9nerg\u00e9tiques confirment que le gaz naturel est devenu une composante essentielle des plans de nombreux pays et entreprises op\u00e9rant dans le secteur p\u00e9trolier et gazier, cherchant \u00e0 atteindre la neutralit\u00e9 carbone. \u00ab&nbsp;Cette reconnaissance renforce le statut du gaz en tant que pivot strat\u00e9gique, contribuant de mani\u00e8re d\u00e9cisive aux aspirations mondiales vers des \u00e9missions \u00ab\u00a0z\u00e9ro\u00a0\u00bb et jouant un r\u00f4le crucial dans la transition \u00e9nerg\u00e9tique mondiale&nbsp;\u00bb, souligne-t-il. Il a \u00e9galement mis l\u2019importance du d\u00e9veloppement des \u00e9nergies renouvelables, notamment avec le potentiel important dont dispose l\u2019Afrique. \u00ab&nbsp;Cela offre une opportunit\u00e9 de stimuler son d\u00e9veloppement \u00e9conomique et de contribuer de mani\u00e8re significative au d\u00e9veloppement durable \u00e0 l&rsquo;\u00e9chelle mondiale. Les pays peuvent exploiter les potentiels des \u00e9nergies renouvelables en intensifiant les efforts pour garantir un acc\u00e8s \u00e9quitable aux sources d&rsquo;\u00e9nergie et promouvoir le d\u00e9veloppement durable en Afrique&nbsp;\u00bb, indique Hachichi qui souligne qu\u2019en \u00ab&nbsp;investissant dans un avenir \u00e9nerg\u00e9tique inclusif, les nations peuvent jouer un r\u00f4le majeur dans l&rsquo;adoption de pratiques \u00e9nerg\u00e9tiques plus responsables&nbsp;\u00bb.<\/p>\n\n\n\n<p>Il dans ce sens soulign\u00e9 l\u2019engagement de Sonatrach \u00ab&nbsp;\u00e0 mettre son expertise de plus de soixante ans au service de la coop\u00e9ration avec ses partenaires pour relever les d\u00e9fis pos\u00e9s et assurer la prosp\u00e9rit\u00e9 de l&rsquo;industrie \u00e9nerg\u00e9tique dans nos pays, en mettant en \u0153uvre des solutions innovantes et responsables&nbsp;\u00bb. Le P-DG de la Sonatrach a enfin appel\u00e9 les compagnies africaines \u00ab&nbsp;\u00e0 travailler ensemble pour orienter cette transition vers un avenir \u00e9nerg\u00e9tique \u00e9quitable et durable&nbsp;\u00bb.<\/p>\n\n\n\n<p>Notons que de Sommet \u00c9nergie \u00c9conomie qui s&rsquo;est tenu les 13 et 14 janvier \u00e0 Tripoli, a \u00e9t\u00e9 l&rsquo;occasion de discuter des d\u00e9fis et de l&rsquo;avenir du secteur de l&rsquo;\u00e9nergie en Afrique, ainsi que d&rsquo;\u00e9valuer et de mettre en \u0153uvre le potentiel \u00e9norme des \u00e9nergies renouvelables li\u00e9es aux capacit\u00e9s solaires du continent africain. Cet \u00e9v\u00e9nement \u00e9nerg\u00e9tique a vu la participation des grandes entreprises p\u00e9troli\u00e8res mondiales, dont Sonatrach, et a \u00e9t\u00e9 marqu\u00e9 par des interventions et des discussions riches men\u00e9es par les principaux responsables du secteur de l&rsquo;\u00e9nergie. \u00c0 cette occasion, la National Oil Corporation libyenne a invit\u00e9 toutes les entreprises \u00e9trang\u00e8res \u00e0 explorer les opportunit\u00e9s d&rsquo;investissement disponibles en Libye.<\/p>\n\n\n\n<p>Samir Benisid<\/p>\n","protected":false},"excerpt":{"rendered":"<p>Le P-DG de la Sonatrach a mis en avant le r\u00f4le central que jouera le gaz dans la transition \u00e9nerg\u00e9tique.<\/p>\n","protected":false},"author":3,"featured_media":37081,"comment_status":"open","ping_status":"closed","sticky":false,"template":"","format":"standard","meta":{"colormag_page_container_layout":"default_layout","colormag_page_sidebar_layout":"default_layout","om_disable_all_campaigns":false,"_monsterinsights_skip_tracking":false,"_monsterinsights_sitenote_active":false,"_monsterinsights_sitenote_note":"","_monsterinsights_sitenote_category":0,"footnotes":"","_wpscppro_dont_share_socialmedia":false,"_wpscppro_custom_social_share_image":0,"_facebook_share_type":"","_twitter_share_type":"","_linkedin_share_type":"","_pinterest_share_type":"","_linkedin_share_type_page":"","_instagram_share_type":"","_medium_share_type":"","_threads_share_type":"","_google_business_share_type":"","_selected_social_profile":[],"_wpsp_enable_custom_social_template":false,"_wpsp_social_scheduling":{"enabled":false,"datetime":null,"platforms":[],"status":"template_only","dateOption":"today","timeOption":"now","customDays":"","customHours":"","customDate":"","customTime":"","schedulingType":"absolute"},"_wpsp_active_default_template":true},"categories":[52,29],"tags":[],"class_list":["post-48711","post","type-post","status-publish","format-standard","has-post-thumbnail","hentry","category-a-la-une","category-economie"],"aioseo_notices":[],"yoast_head":"<!-- This site is optimized with the Yoast SEO plugin v27.5 - https:\/\/yoast.com\/product\/yoast-seo-wordpress\/ -->\n<title>Le gaz couvrira 36% de la demande \u00e9nerg\u00e9tique en 2050 - La Sentinelle<\/title>\n<meta name=\"robots\" content=\"index, follow, max-snippet:-1, max-image-preview:large, max-video-preview:-1\" \/>\n<link rel=\"canonical\" href=\"https:\/\/lasentinelle.dz\/index.php\/2024\/01\/14\/le-gaz-couvrira-36-de-la-demande-energetique-en-2050\/\" \/>\n<meta property=\"og:locale\" content=\"fr_FR\" \/>\n<meta property=\"og:type\" content=\"article\" \/>\n<meta property=\"og:title\" content=\"Le gaz couvrira 36% de la demande \u00e9nerg\u00e9tique en 2050 - La Sentinelle\" \/>\n<meta property=\"og:description\" content=\"Le P-DG de la Sonatrach a mis en avant le r\u00f4le central que jouera le gaz dans la transition \u00e9nerg\u00e9tique.\" \/>\n<meta property=\"og:url\" content=\"https:\/\/lasentinelle.dz\/index.php\/2024\/01\/14\/le-gaz-couvrira-36-de-la-demande-energetique-en-2050\/\" \/>\n<meta property=\"og:site_name\" content=\"La Sentinelle\" \/>\n<meta property=\"article:publisher\" content=\"https:\/\/www.facebook.com\/La-Sentinelle-104059864394773\" \/>\n<meta property=\"article:published_time\" content=\"2024-01-14T21:47:00+00:00\" \/>\n<meta property=\"article:modified_time\" content=\"2024-01-15T13:52:35+00:00\" \/>\n<meta property=\"og:image\" content=\"https:\/\/lasentinelle.dz\/wp-content\/uploads\/2023\/02\/gazoduc.png\" \/>\n\t<meta property=\"og:image:width\" content=\"1593\" \/>\n\t<meta property=\"og:image:height\" content=\"900\" \/>\n\t<meta property=\"og:image:type\" content=\"image\/png\" \/>\n<meta name=\"author\" content=\"La Sentinelle\" \/>\n<meta name=\"twitter:card\" content=\"summary_large_image\" \/>\n<meta name=\"twitter:label1\" content=\"\u00c9crit par\" \/>\n\t<meta name=\"twitter:data1\" content=\"La Sentinelle\" \/>\n\t<meta name=\"twitter:label2\" content=\"Dur\u00e9e de lecture estim\u00e9e\" \/>\n\t<meta name=\"twitter:data2\" content=\"3 minutes\" \/>\n<script type=\"application\/ld+json\" class=\"yoast-schema-graph\">{\"@context\":\"https:\\\/\\\/schema.org\",\"@graph\":[{\"@type\":\"Article\",\"@id\":\"https:\\\/\\\/lasentinelle.dz\\\/index.php\\\/2024\\\/01\\\/14\\\/le-gaz-couvrira-36-de-la-demande-energetique-en-2050\\\/#article\",\"isPartOf\":{\"@id\":\"https:\\\/\\\/lasentinelle.dz\\\/index.php\\\/2024\\\/01\\\/14\\\/le-gaz-couvrira-36-de-la-demande-energetique-en-2050\\\/\"},\"author\":{\"name\":\"La Sentinelle\",\"@id\":\"https:\\\/\\\/lasentinelle.dz\\\/#\\\/schema\\\/person\\\/d865044e22e70a75174ce8bcad3acfb3\"},\"headline\":\"Le gaz couvrira 36% de la demande \u00e9nerg\u00e9tique en 2050\",\"datePublished\":\"2024-01-14T21:47:00+00:00\",\"dateModified\":\"2024-01-15T13:52:35+00:00\",\"mainEntityOfPage\":{\"@id\":\"https:\\\/\\\/lasentinelle.dz\\\/index.php\\\/2024\\\/01\\\/14\\\/le-gaz-couvrira-36-de-la-demande-energetique-en-2050\\\/\"},\"wordCount\":635,\"commentCount\":0,\"publisher\":{\"@id\":\"https:\\\/\\\/lasentinelle.dz\\\/#organization\"},\"image\":{\"@id\":\"https:\\\/\\\/lasentinelle.dz\\\/index.php\\\/2024\\\/01\\\/14\\\/le-gaz-couvrira-36-de-la-demande-energetique-en-2050\\\/#primaryimage\"},\"thumbnailUrl\":\"https:\\\/\\\/lasentinelle.dz\\\/wp-content\\\/uploads\\\/2023\\\/02\\\/gazoduc.png\",\"articleSection\":[\"\u00c0 la Une\",\"\u00c9conomie\"],\"inLanguage\":\"fr-FR\",\"potentialAction\":[{\"@type\":\"CommentAction\",\"name\":\"Comment\",\"target\":[\"https:\\\/\\\/lasentinelle.dz\\\/index.php\\\/2024\\\/01\\\/14\\\/le-gaz-couvrira-36-de-la-demande-energetique-en-2050\\\/#respond\"]}]},{\"@type\":\"WebPage\",\"@id\":\"https:\\\/\\\/lasentinelle.dz\\\/index.php\\\/2024\\\/01\\\/14\\\/le-gaz-couvrira-36-de-la-demande-energetique-en-2050\\\/\",\"url\":\"https:\\\/\\\/lasentinelle.dz\\\/index.php\\\/2024\\\/01\\\/14\\\/le-gaz-couvrira-36-de-la-demande-energetique-en-2050\\\/\",\"name\":\"Le gaz couvrira 36% de la demande \u00e9nerg\u00e9tique en 2050 - La Sentinelle\",\"isPartOf\":{\"@id\":\"https:\\\/\\\/lasentinelle.dz\\\/#website\"},\"primaryImageOfPage\":{\"@id\":\"https:\\\/\\\/lasentinelle.dz\\\/index.php\\\/2024\\\/01\\\/14\\\/le-gaz-couvrira-36-de-la-demande-energetique-en-2050\\\/#primaryimage\"},\"image\":{\"@id\":\"https:\\\/\\\/lasentinelle.dz\\\/index.php\\\/2024\\\/01\\\/14\\\/le-gaz-couvrira-36-de-la-demande-energetique-en-2050\\\/#primaryimage\"},\"thumbnailUrl\":\"https:\\\/\\\/lasentinelle.dz\\\/wp-content\\\/uploads\\\/2023\\\/02\\\/gazoduc.png\",\"datePublished\":\"2024-01-14T21:47:00+00:00\",\"dateModified\":\"2024-01-15T13:52:35+00:00\",\"breadcrumb\":{\"@id\":\"https:\\\/\\\/lasentinelle.dz\\\/index.php\\\/2024\\\/01\\\/14\\\/le-gaz-couvrira-36-de-la-demande-energetique-en-2050\\\/#breadcrumb\"},\"inLanguage\":\"fr-FR\",\"potentialAction\":[{\"@type\":\"ReadAction\",\"target\":[\"https:\\\/\\\/lasentinelle.dz\\\/index.php\\\/2024\\\/01\\\/14\\\/le-gaz-couvrira-36-de-la-demande-energetique-en-2050\\\/\"]}]},{\"@type\":\"ImageObject\",\"inLanguage\":\"fr-FR\",\"@id\":\"https:\\\/\\\/lasentinelle.dz\\\/index.php\\\/2024\\\/01\\\/14\\\/le-gaz-couvrira-36-de-la-demande-energetique-en-2050\\\/#primaryimage\",\"url\":\"https:\\\/\\\/lasentinelle.dz\\\/wp-content\\\/uploads\\\/2023\\\/02\\\/gazoduc.png\",\"contentUrl\":\"https:\\\/\\\/lasentinelle.dz\\\/wp-content\\\/uploads\\\/2023\\\/02\\\/gazoduc.png\",\"width\":1593,\"height\":900},{\"@type\":\"BreadcrumbList\",\"@id\":\"https:\\\/\\\/lasentinelle.dz\\\/index.php\\\/2024\\\/01\\\/14\\\/le-gaz-couvrira-36-de-la-demande-energetique-en-2050\\\/#breadcrumb\",\"itemListElement\":[{\"@type\":\"ListItem\",\"position\":1,\"name\":\"Accueil\",\"item\":\"https:\\\/\\\/lasentinelle.dz\\\/\"},{\"@type\":\"ListItem\",\"position\":2,\"name\":\"Le gaz couvrira 36% de la demande \u00e9nerg\u00e9tique en 2050\"}]},{\"@type\":\"WebSite\",\"@id\":\"https:\\\/\\\/lasentinelle.dz\\\/#website\",\"url\":\"https:\\\/\\\/lasentinelle.dz\\\/\",\"name\":\"La Sentinelle\",\"description\":\"Quotidien national d&#039;information\",\"publisher\":{\"@id\":\"https:\\\/\\\/lasentinelle.dz\\\/#organization\"},\"potentialAction\":[{\"@type\":\"SearchAction\",\"target\":{\"@type\":\"EntryPoint\",\"urlTemplate\":\"https:\\\/\\\/lasentinelle.dz\\\/?s={search_term_string}\"},\"query-input\":{\"@type\":\"PropertyValueSpecification\",\"valueRequired\":true,\"valueName\":\"search_term_string\"}}],\"inLanguage\":\"fr-FR\"},{\"@type\":\"Organization\",\"@id\":\"https:\\\/\\\/lasentinelle.dz\\\/#organization\",\"name\":\"Quotidien La Sentinelle\",\"url\":\"https:\\\/\\\/lasentinelle.dz\\\/\",\"logo\":{\"@type\":\"ImageObject\",\"inLanguage\":\"fr-FR\",\"@id\":\"https:\\\/\\\/lasentinelle.dz\\\/#\\\/schema\\\/logo\\\/image\\\/\",\"url\":\"https:\\\/\\\/lasentinelle.dz\\\/wp-content\\\/uploads\\\/2021\\\/09\\\/logo-sentinelleSLOGAN-1.png\",\"contentUrl\":\"https:\\\/\\\/lasentinelle.dz\\\/wp-content\\\/uploads\\\/2021\\\/09\\\/logo-sentinelleSLOGAN-1.png\",\"width\":615,\"height\":142,\"caption\":\"Quotidien La Sentinelle\"},\"image\":{\"@id\":\"https:\\\/\\\/lasentinelle.dz\\\/#\\\/schema\\\/logo\\\/image\\\/\"},\"sameAs\":[\"https:\\\/\\\/www.facebook.com\\\/La-Sentinelle-104059864394773\"]},{\"@type\":\"Person\",\"@id\":\"https:\\\/\\\/lasentinelle.dz\\\/#\\\/schema\\\/person\\\/d865044e22e70a75174ce8bcad3acfb3\",\"name\":\"La Sentinelle\",\"image\":{\"@type\":\"ImageObject\",\"inLanguage\":\"fr-FR\",\"@id\":\"https:\\\/\\\/secure.gravatar.com\\\/avatar\\\/57de8e5d4b15d43fb361a71fbb36338450fe67865b528a43dd10ef7c51a20392?s=96&d=mm&r=g\",\"url\":\"https:\\\/\\\/secure.gravatar.com\\\/avatar\\\/57de8e5d4b15d43fb361a71fbb36338450fe67865b528a43dd10ef7c51a20392?s=96&d=mm&r=g\",\"contentUrl\":\"https:\\\/\\\/secure.gravatar.com\\\/avatar\\\/57de8e5d4b15d43fb361a71fbb36338450fe67865b528a43dd10ef7c51a20392?s=96&d=mm&r=g\",\"caption\":\"La Sentinelle\"},\"sameAs\":[\"http:\\\/\\\/www.lasentinelle.dz\"],\"url\":\"https:\\\/\\\/lasentinelle.dz\\\/author\\\/redaction\\\/\"}]}<\/script>\n<!-- \/ Yoast SEO plugin. -->","yoast_head_json":{"title":"Le gaz couvrira 36% de la demande \u00e9nerg\u00e9tique en 2050 - La Sentinelle","robots":{"index":"index","follow":"follow","max-snippet":"max-snippet:-1","max-image-preview":"max-image-preview:large","max-video-preview":"max-video-preview:-1"},"canonical":"https:\/\/lasentinelle.dz\/index.php\/2024\/01\/14\/le-gaz-couvrira-36-de-la-demande-energetique-en-2050\/","og_locale":"fr_FR","og_type":"article","og_title":"Le gaz couvrira 36% de la demande \u00e9nerg\u00e9tique en 2050 - La Sentinelle","og_description":"Le P-DG de la Sonatrach a mis en avant le r\u00f4le central que jouera le gaz dans la transition \u00e9nerg\u00e9tique.","og_url":"https:\/\/lasentinelle.dz\/index.php\/2024\/01\/14\/le-gaz-couvrira-36-de-la-demande-energetique-en-2050\/","og_site_name":"La Sentinelle","article_publisher":"https:\/\/www.facebook.com\/La-Sentinelle-104059864394773","article_published_time":"2024-01-14T21:47:00+00:00","article_modified_time":"2024-01-15T13:52:35+00:00","og_image":[{"width":1593,"height":900,"url":"https:\/\/lasentinelle.dz\/wp-content\/uploads\/2023\/02\/gazoduc.png","type":"image\/png"}],"author":"La Sentinelle","twitter_card":"summary_large_image","twitter_misc":{"\u00c9crit par":"La Sentinelle","Dur\u00e9e de lecture estim\u00e9e":"3 minutes"},"schema":{"@context":"https:\/\/schema.org","@graph":[{"@type":"Article","@id":"https:\/\/lasentinelle.dz\/index.php\/2024\/01\/14\/le-gaz-couvrira-36-de-la-demande-energetique-en-2050\/#article","isPartOf":{"@id":"https:\/\/lasentinelle.dz\/index.php\/2024\/01\/14\/le-gaz-couvrira-36-de-la-demande-energetique-en-2050\/"},"author":{"name":"La Sentinelle","@id":"https:\/\/lasentinelle.dz\/#\/schema\/person\/d865044e22e70a75174ce8bcad3acfb3"},"headline":"Le gaz couvrira 36% de la demande \u00e9nerg\u00e9tique en 2050","datePublished":"2024-01-14T21:47:00+00:00","dateModified":"2024-01-15T13:52:35+00:00","mainEntityOfPage":{"@id":"https:\/\/lasentinelle.dz\/index.php\/2024\/01\/14\/le-gaz-couvrira-36-de-la-demande-energetique-en-2050\/"},"wordCount":635,"commentCount":0,"publisher":{"@id":"https:\/\/lasentinelle.dz\/#organization"},"image":{"@id":"https:\/\/lasentinelle.dz\/index.php\/2024\/01\/14\/le-gaz-couvrira-36-de-la-demande-energetique-en-2050\/#primaryimage"},"thumbnailUrl":"https:\/\/lasentinelle.dz\/wp-content\/uploads\/2023\/02\/gazoduc.png","articleSection":["\u00c0 la Une","\u00c9conomie"],"inLanguage":"fr-FR","potentialAction":[{"@type":"CommentAction","name":"Comment","target":["https:\/\/lasentinelle.dz\/index.php\/2024\/01\/14\/le-gaz-couvrira-36-de-la-demande-energetique-en-2050\/#respond"]}]},{"@type":"WebPage","@id":"https:\/\/lasentinelle.dz\/index.php\/2024\/01\/14\/le-gaz-couvrira-36-de-la-demande-energetique-en-2050\/","url":"https:\/\/lasentinelle.dz\/index.php\/2024\/01\/14\/le-gaz-couvrira-36-de-la-demande-energetique-en-2050\/","name":"Le gaz couvrira 36% de la demande \u00e9nerg\u00e9tique en 2050 - La Sentinelle","isPartOf":{"@id":"https:\/\/lasentinelle.dz\/#website"},"primaryImageOfPage":{"@id":"https:\/\/lasentinelle.dz\/index.php\/2024\/01\/14\/le-gaz-couvrira-36-de-la-demande-energetique-en-2050\/#primaryimage"},"image":{"@id":"https:\/\/lasentinelle.dz\/index.php\/2024\/01\/14\/le-gaz-couvrira-36-de-la-demande-energetique-en-2050\/#primaryimage"},"thumbnailUrl":"https:\/\/lasentinelle.dz\/wp-content\/uploads\/2023\/02\/gazoduc.png","datePublished":"2024-01-14T21:47:00+00:00","dateModified":"2024-01-15T13:52:35+00:00","breadcrumb":{"@id":"https:\/\/lasentinelle.dz\/index.php\/2024\/01\/14\/le-gaz-couvrira-36-de-la-demande-energetique-en-2050\/#breadcrumb"},"inLanguage":"fr-FR","potentialAction":[{"@type":"ReadAction","target":["https:\/\/lasentinelle.dz\/index.php\/2024\/01\/14\/le-gaz-couvrira-36-de-la-demande-energetique-en-2050\/"]}]},{"@type":"ImageObject","inLanguage":"fr-FR","@id":"https:\/\/lasentinelle.dz\/index.php\/2024\/01\/14\/le-gaz-couvrira-36-de-la-demande-energetique-en-2050\/#primaryimage","url":"https:\/\/lasentinelle.dz\/wp-content\/uploads\/2023\/02\/gazoduc.png","contentUrl":"https:\/\/lasentinelle.dz\/wp-content\/uploads\/2023\/02\/gazoduc.png","width":1593,"height":900},{"@type":"BreadcrumbList","@id":"https:\/\/lasentinelle.dz\/index.php\/2024\/01\/14\/le-gaz-couvrira-36-de-la-demande-energetique-en-2050\/#breadcrumb","itemListElement":[{"@type":"ListItem","position":1,"name":"Accueil","item":"https:\/\/lasentinelle.dz\/"},{"@type":"ListItem","position":2,"name":"Le gaz couvrira 36% de la demande \u00e9nerg\u00e9tique en 2050"}]},{"@type":"WebSite","@id":"https:\/\/lasentinelle.dz\/#website","url":"https:\/\/lasentinelle.dz\/","name":"La Sentinelle","description":"Quotidien national d&#039;information","publisher":{"@id":"https:\/\/lasentinelle.dz\/#organization"},"potentialAction":[{"@type":"SearchAction","target":{"@type":"EntryPoint","urlTemplate":"https:\/\/lasentinelle.dz\/?s={search_term_string}"},"query-input":{"@type":"PropertyValueSpecification","valueRequired":true,"valueName":"search_term_string"}}],"inLanguage":"fr-FR"},{"@type":"Organization","@id":"https:\/\/lasentinelle.dz\/#organization","name":"Quotidien La Sentinelle","url":"https:\/\/lasentinelle.dz\/","logo":{"@type":"ImageObject","inLanguage":"fr-FR","@id":"https:\/\/lasentinelle.dz\/#\/schema\/logo\/image\/","url":"https:\/\/lasentinelle.dz\/wp-content\/uploads\/2021\/09\/logo-sentinelleSLOGAN-1.png","contentUrl":"https:\/\/lasentinelle.dz\/wp-content\/uploads\/2021\/09\/logo-sentinelleSLOGAN-1.png","width":615,"height":142,"caption":"Quotidien La Sentinelle"},"image":{"@id":"https:\/\/lasentinelle.dz\/#\/schema\/logo\/image\/"},"sameAs":["https:\/\/www.facebook.com\/La-Sentinelle-104059864394773"]},{"@type":"Person","@id":"https:\/\/lasentinelle.dz\/#\/schema\/person\/d865044e22e70a75174ce8bcad3acfb3","name":"La Sentinelle","image":{"@type":"ImageObject","inLanguage":"fr-FR","@id":"https:\/\/secure.gravatar.com\/avatar\/57de8e5d4b15d43fb361a71fbb36338450fe67865b528a43dd10ef7c51a20392?s=96&d=mm&r=g","url":"https:\/\/secure.gravatar.com\/avatar\/57de8e5d4b15d43fb361a71fbb36338450fe67865b528a43dd10ef7c51a20392?s=96&d=mm&r=g","contentUrl":"https:\/\/secure.gravatar.com\/avatar\/57de8e5d4b15d43fb361a71fbb36338450fe67865b528a43dd10ef7c51a20392?s=96&d=mm&r=g","caption":"La Sentinelle"},"sameAs":["http:\/\/www.lasentinelle.dz"],"url":"https:\/\/lasentinelle.dz\/author\/redaction\/"}]}},"_links":{"self":[{"href":"https:\/\/lasentinelle.dz\/index.php\/wp-json\/wp\/v2\/posts\/48711","targetHints":{"allow":["GET"]}}],"collection":[{"href":"https:\/\/lasentinelle.dz\/index.php\/wp-json\/wp\/v2\/posts"}],"about":[{"href":"https:\/\/lasentinelle.dz\/index.php\/wp-json\/wp\/v2\/types\/post"}],"author":[{"embeddable":true,"href":"https:\/\/lasentinelle.dz\/index.php\/wp-json\/wp\/v2\/users\/3"}],"replies":[{"embeddable":true,"href":"https:\/\/lasentinelle.dz\/index.php\/wp-json\/wp\/v2\/comments?post=48711"}],"version-history":[{"count":1,"href":"https:\/\/lasentinelle.dz\/index.php\/wp-json\/wp\/v2\/posts\/48711\/revisions"}],"predecessor-version":[{"id":48712,"href":"https:\/\/lasentinelle.dz\/index.php\/wp-json\/wp\/v2\/posts\/48711\/revisions\/48712"}],"wp:featuredmedia":[{"embeddable":true,"href":"https:\/\/lasentinelle.dz\/index.php\/wp-json\/wp\/v2\/media\/37081"}],"wp:attachment":[{"href":"https:\/\/lasentinelle.dz\/index.php\/wp-json\/wp\/v2\/media?parent=48711"}],"wp:term":[{"taxonomy":"category","embeddable":true,"href":"https:\/\/lasentinelle.dz\/index.php\/wp-json\/wp\/v2\/categories?post=48711"},{"taxonomy":"post_tag","embeddable":true,"href":"https:\/\/lasentinelle.dz\/index.php\/wp-json\/wp\/v2\/tags?post=48711"}],"curies":[{"name":"wp","href":"https:\/\/api.w.org\/{rel}","templated":true}]}}