{"id":48719,"date":"2024-01-14T23:29:00","date_gmt":"2024-01-14T22:29:00","guid":{"rendered":"https:\/\/lasentinelle.dz\/?p=48719"},"modified":"2024-01-15T15:32:20","modified_gmt":"2024-01-15T14:32:20","slug":"elle-critique-le-soutien-de-berlin-a-lentite-sioniste-la-namibie-rappelle-a-lallemagne-ses-actes-genocidaires","status":"publish","type":"post","link":"https:\/\/lasentinelle.dz\/index.php\/2024\/01\/14\/elle-critique-le-soutien-de-berlin-a-lentite-sioniste-la-namibie-rappelle-a-lallemagne-ses-actes-genocidaires\/","title":{"rendered":"Elle critique le soutien de Berlin \u00e0 l\u2019entit\u00e9 sioniste\u00a0: La Namibie rappelle \u00e0 l\u2019Allemagne ses actes g\u00e9nocidaires"},"content":{"rendered":"\n<p>La Namibie a clairement d\u00e9montr\u00e9 hier que l\u2019Allemagne fait un pi\u00e8tre d\u00e9fenseur de l\u2019entit\u00e9 sioniste et de l\u2019agression men\u00e9e contre la Bande de Ghaza. La Namibie a rappel\u00e9 que l\u2019Allemagne g\u00e9nocidaire d\u00e9fend une autre entit\u00e9 g\u00e9nocidaire. Elle a ainsi rappel\u00e9 que l&rsquo;Allemagne a commis le premier g\u00e9nocide du 20e si\u00e8cle sur le sol namibien et qu&rsquo;elle \u00ab\u00a0n&rsquo;a toujours pas enti\u00e8rement expi\u00e9 le g\u00e9nocide\u00a0\u00bb. Le pr\u00e9sident de la Namibie, Hage Geingob, a exprim\u00e9 \u00a0\u00bbsa profonde pr\u00e9occupation face \u00e0 la d\u00e9cision choquante communiqu\u00e9e par le gouvernement de la R\u00e9publique f\u00e9d\u00e9rale d&rsquo;Allemagne hier, 12 janvier 2024, dans laquelle il a rejet\u00e9 la plainte pr\u00e9sent\u00e9e par l&rsquo;Afrique du Sud contre Isra\u00ebl pour g\u00e9nocide \u00e0 Gaza devant la Cour internationale de Justice ( CIJ)\u00a0\u00bb. \u00a0\u00bbL&rsquo;Allemagne a ignor\u00e9 la mort de plus de 23 000 Palestiniens \u00e0 Gaza et divers rapports des Nations unies\u00a0\u00bb, a regrett\u00e9 la Namibie, rappelant \u00a0\u00bble d\u00e9placement interne de 85 % des civils \u00e0 Gaza o\u00f9 des p\u00e9nuries aigu\u00ebs de nourriture et de services essentiels sont signal\u00e9es\u00a0\u00bb. Selon la m\u00eame source, l&rsquo;Allemagne \u00a0\u00bba choisi de d\u00e9fendre devant la CIJ les actes g\u00e9nocidaires et horribles commis par le gouvernement isra\u00e9lien contre des civils innocents \u00e0 Ghaza et dans les territoires palestiniens occup\u00e9s\u00a0\u00bb. \u00ab\u00a0L&rsquo;Allemagne ne peut pas moralement exprimer son engagement envers la Convention des Nations unies contre le g\u00e9nocide, y compris l&rsquo;expiation du g\u00e9nocide en Namibie, tout en soutenant l&rsquo;\u00e9quivalent d&rsquo;un holocauste et d&rsquo;un g\u00e9nocide \u00e0 Gaza\u00a0\u00bb, souligne le communiqu\u00e9. Plusieurs organisations, dont Human Rights Watch, ont averti contre les agressions isra\u00e9liennes, soulignant \u00a0\u00bbque Tel Aviv se livrait \u00e0 des crimes de guerre dans la bande de Gaza\u00a0\u00bb. Plus t\u00f4t, le pr\u00e9sident Gaigob a d\u00e9clar\u00e9 \u00a0\u00bbqu&rsquo;aucun \u00eatre humain \u00e9pris de paix ne peut ignorer le carnage perp\u00e9tr\u00e9 contre les Palestiniens \u00e0 Gaza\u00a0\u00bb.<\/p>\n\n\n\n<p>R.N.<\/p>\n","protected":false},"excerpt":{"rendered":"<p>La Namibie a clairement d\u00e9montr\u00e9 hier que l\u2019Allemagne fait un pi\u00e8tre d\u00e9fenseur de l\u2019entit\u00e9 sioniste et de l\u2019agression men\u00e9e contre<\/p>\n","protected":false},"author":3,"featured_media":48720,"comment_status":"open","ping_status":"closed","sticky":false,"template":"","format":"standard","meta":{"colormag_page_container_layout":"default_layout","colormag_page_sidebar_layout":"default_layout","om_disable_all_campaigns":false,"_monsterinsights_skip_tracking":false,"_monsterinsights_sitenote_active":false,"_monsterinsights_sitenote_note":"","_monsterinsights_sitenote_category":0,"footnotes":"","_wpscppro_dont_share_socialmedia":false,"_wpscppro_custom_social_share_image":0,"_facebook_share_type":"","_twitter_share_type":"","_linkedin_share_type":"","_pinterest_share_type":"","_linkedin_share_type_page":"","_instagram_share_type":"","_medium_share_type":"","_threads_share_type":"","_google_business_share_type":"","_selected_social_profile":[],"_wpsp_enable_custom_social_template":false,"_wpsp_social_scheduling":{"enabled":false,"datetime":null,"platforms":[],"status":"template_only","dateOption":"today","timeOption":"now","customDays":"","customHours":"","customDate":"","customTime":"","schedulingType":"absolute"},"_wpsp_active_default_template":true},"categories":[27],"tags":[],"class_list":["post-48719","post","type-post","status-publish","format-standard","has-post-thumbnail","hentry","category-actualite"],"aioseo_notices":[],"yoast_head":"<!-- This site is optimized with the Yoast SEO plugin v27.5 - https:\/\/yoast.com\/product\/yoast-seo-wordpress\/ -->\n<title>Elle critique le soutien de Berlin \u00e0 l\u2019entit\u00e9 sioniste\u00a0: La Namibie rappelle \u00e0 l\u2019Allemagne ses actes g\u00e9nocidaires - La Sentinelle<\/title>\n<meta name=\"robots\" content=\"index, follow, max-snippet:-1, max-image-preview:large, max-video-preview:-1\" \/>\n<link rel=\"canonical\" href=\"https:\/\/lasentinelle.dz\/index.php\/2024\/01\/14\/elle-critique-le-soutien-de-berlin-a-lentite-sioniste-la-namibie-rappelle-a-lallemagne-ses-actes-genocidaires\/\" \/>\n<meta property=\"og:locale\" content=\"fr_FR\" \/>\n<meta property=\"og:type\" content=\"article\" \/>\n<meta property=\"og:title\" content=\"Elle critique le soutien de Berlin \u00e0 l\u2019entit\u00e9 sioniste\u00a0: La Namibie rappelle \u00e0 l\u2019Allemagne ses actes g\u00e9nocidaires - La Sentinelle\" \/>\n<meta property=\"og:description\" content=\"La Namibie a clairement d\u00e9montr\u00e9 hier que l\u2019Allemagne fait un pi\u00e8tre d\u00e9fenseur de l\u2019entit\u00e9 sioniste et de l\u2019agression men\u00e9e contre\" \/>\n<meta property=\"og:url\" content=\"https:\/\/lasentinelle.dz\/index.php\/2024\/01\/14\/elle-critique-le-soutien-de-berlin-a-lentite-sioniste-la-namibie-rappelle-a-lallemagne-ses-actes-genocidaires\/\" \/>\n<meta property=\"og:site_name\" content=\"La Sentinelle\" \/>\n<meta property=\"article:publisher\" content=\"https:\/\/www.facebook.com\/La-Sentinelle-104059864394773\" \/>\n<meta property=\"article:published_time\" content=\"2024-01-14T22:29:00+00:00\" \/>\n<meta property=\"article:modified_time\" content=\"2024-01-15T14:32:20+00:00\" \/>\n<meta property=\"og:image\" content=\"https:\/\/lasentinelle.dz\/wp-content\/uploads\/2024\/01\/namibie.webp\" \/>\n\t<meta property=\"og:image:width\" content=\"734\" \/>\n\t<meta property=\"og:image:height\" content=\"489\" \/>\n\t<meta property=\"og:image:type\" content=\"image\/webp\" \/>\n<meta name=\"author\" content=\"La Sentinelle\" \/>\n<meta name=\"twitter:card\" content=\"summary_large_image\" \/>\n<meta name=\"twitter:label1\" content=\"\u00c9crit par\" \/>\n\t<meta name=\"twitter:data1\" content=\"La Sentinelle\" \/>\n\t<meta name=\"twitter:label2\" content=\"Dur\u00e9e de lecture estim\u00e9e\" \/>\n\t<meta name=\"twitter:data2\" content=\"2 minutes\" \/>\n<script type=\"application\/ld+json\" class=\"yoast-schema-graph\">{\"@context\":\"https:\\\/\\\/schema.org\",\"@graph\":[{\"@type\":\"Article\",\"@id\":\"https:\\\/\\\/lasentinelle.dz\\\/index.php\\\/2024\\\/01\\\/14\\\/elle-critique-le-soutien-de-berlin-a-lentite-sioniste-la-namibie-rappelle-a-lallemagne-ses-actes-genocidaires\\\/#article\",\"isPartOf\":{\"@id\":\"https:\\\/\\\/lasentinelle.dz\\\/index.php\\\/2024\\\/01\\\/14\\\/elle-critique-le-soutien-de-berlin-a-lentite-sioniste-la-namibie-rappelle-a-lallemagne-ses-actes-genocidaires\\\/\"},\"author\":{\"name\":\"La Sentinelle\",\"@id\":\"https:\\\/\\\/lasentinelle.dz\\\/#\\\/schema\\\/person\\\/d865044e22e70a75174ce8bcad3acfb3\"},\"headline\":\"Elle critique le soutien de Berlin \u00e0 l\u2019entit\u00e9 sioniste\u00a0: La Namibie rappelle \u00e0 l\u2019Allemagne ses actes g\u00e9nocidaires\",\"datePublished\":\"2024-01-14T22:29:00+00:00\",\"dateModified\":\"2024-01-15T14:32:20+00:00\",\"mainEntityOfPage\":{\"@id\":\"https:\\\/\\\/lasentinelle.dz\\\/index.php\\\/2024\\\/01\\\/14\\\/elle-critique-le-soutien-de-berlin-a-lentite-sioniste-la-namibie-rappelle-a-lallemagne-ses-actes-genocidaires\\\/\"},\"wordCount\":350,\"commentCount\":0,\"publisher\":{\"@id\":\"https:\\\/\\\/lasentinelle.dz\\\/#organization\"},\"image\":{\"@id\":\"https:\\\/\\\/lasentinelle.dz\\\/index.php\\\/2024\\\/01\\\/14\\\/elle-critique-le-soutien-de-berlin-a-lentite-sioniste-la-namibie-rappelle-a-lallemagne-ses-actes-genocidaires\\\/#primaryimage\"},\"thumbnailUrl\":\"https:\\\/\\\/lasentinelle.dz\\\/wp-content\\\/uploads\\\/2024\\\/01\\\/namibie.webp\",\"articleSection\":[\"Actualit\u00e9\"],\"inLanguage\":\"fr-FR\",\"potentialAction\":[{\"@type\":\"CommentAction\",\"name\":\"Comment\",\"target\":[\"https:\\\/\\\/lasentinelle.dz\\\/index.php\\\/2024\\\/01\\\/14\\\/elle-critique-le-soutien-de-berlin-a-lentite-sioniste-la-namibie-rappelle-a-lallemagne-ses-actes-genocidaires\\\/#respond\"]}]},{\"@type\":\"WebPage\",\"@id\":\"https:\\\/\\\/lasentinelle.dz\\\/index.php\\\/2024\\\/01\\\/14\\\/elle-critique-le-soutien-de-berlin-a-lentite-sioniste-la-namibie-rappelle-a-lallemagne-ses-actes-genocidaires\\\/\",\"url\":\"https:\\\/\\\/lasentinelle.dz\\\/index.php\\\/2024\\\/01\\\/14\\\/elle-critique-le-soutien-de-berlin-a-lentite-sioniste-la-namibie-rappelle-a-lallemagne-ses-actes-genocidaires\\\/\",\"name\":\"Elle critique le soutien de Berlin \u00e0 l\u2019entit\u00e9 sioniste\u00a0: La Namibie rappelle \u00e0 l\u2019Allemagne ses actes g\u00e9nocidaires - La Sentinelle\",\"isPartOf\":{\"@id\":\"https:\\\/\\\/lasentinelle.dz\\\/#website\"},\"primaryImageOfPage\":{\"@id\":\"https:\\\/\\\/lasentinelle.dz\\\/index.php\\\/2024\\\/01\\\/14\\\/elle-critique-le-soutien-de-berlin-a-lentite-sioniste-la-namibie-rappelle-a-lallemagne-ses-actes-genocidaires\\\/#primaryimage\"},\"image\":{\"@id\":\"https:\\\/\\\/lasentinelle.dz\\\/index.php\\\/2024\\\/01\\\/14\\\/elle-critique-le-soutien-de-berlin-a-lentite-sioniste-la-namibie-rappelle-a-lallemagne-ses-actes-genocidaires\\\/#primaryimage\"},\"thumbnailUrl\":\"https:\\\/\\\/lasentinelle.dz\\\/wp-content\\\/uploads\\\/2024\\\/01\\\/namibie.webp\",\"datePublished\":\"2024-01-14T22:29:00+00:00\",\"dateModified\":\"2024-01-15T14:32:20+00:00\",\"breadcrumb\":{\"@id\":\"https:\\\/\\\/lasentinelle.dz\\\/index.php\\\/2024\\\/01\\\/14\\\/elle-critique-le-soutien-de-berlin-a-lentite-sioniste-la-namibie-rappelle-a-lallemagne-ses-actes-genocidaires\\\/#breadcrumb\"},\"inLanguage\":\"fr-FR\",\"potentialAction\":[{\"@type\":\"ReadAction\",\"target\":[\"https:\\\/\\\/lasentinelle.dz\\\/index.php\\\/2024\\\/01\\\/14\\\/elle-critique-le-soutien-de-berlin-a-lentite-sioniste-la-namibie-rappelle-a-lallemagne-ses-actes-genocidaires\\\/\"]}]},{\"@type\":\"ImageObject\",\"inLanguage\":\"fr-FR\",\"@id\":\"https:\\\/\\\/lasentinelle.dz\\\/index.php\\\/2024\\\/01\\\/14\\\/elle-critique-le-soutien-de-berlin-a-lentite-sioniste-la-namibie-rappelle-a-lallemagne-ses-actes-genocidaires\\\/#primaryimage\",\"url\":\"https:\\\/\\\/lasentinelle.dz\\\/wp-content\\\/uploads\\\/2024\\\/01\\\/namibie.webp\",\"contentUrl\":\"https:\\\/\\\/lasentinelle.dz\\\/wp-content\\\/uploads\\\/2024\\\/01\\\/namibie.webp\",\"width\":734,\"height\":489},{\"@type\":\"BreadcrumbList\",\"@id\":\"https:\\\/\\\/lasentinelle.dz\\\/index.php\\\/2024\\\/01\\\/14\\\/elle-critique-le-soutien-de-berlin-a-lentite-sioniste-la-namibie-rappelle-a-lallemagne-ses-actes-genocidaires\\\/#breadcrumb\",\"itemListElement\":[{\"@type\":\"ListItem\",\"position\":1,\"name\":\"Accueil\",\"item\":\"https:\\\/\\\/lasentinelle.dz\\\/\"},{\"@type\":\"ListItem\",\"position\":2,\"name\":\"Elle critique le soutien de Berlin \u00e0 l\u2019entit\u00e9 sioniste\u00a0: La Namibie rappelle \u00e0 l\u2019Allemagne ses actes g\u00e9nocidaires\"}]},{\"@type\":\"WebSite\",\"@id\":\"https:\\\/\\\/lasentinelle.dz\\\/#website\",\"url\":\"https:\\\/\\\/lasentinelle.dz\\\/\",\"name\":\"La Sentinelle\",\"description\":\"Quotidien national d&#039;information\",\"publisher\":{\"@id\":\"https:\\\/\\\/lasentinelle.dz\\\/#organization\"},\"potentialAction\":[{\"@type\":\"SearchAction\",\"target\":{\"@type\":\"EntryPoint\",\"urlTemplate\":\"https:\\\/\\\/lasentinelle.dz\\\/?s={search_term_string}\"},\"query-input\":{\"@type\":\"PropertyValueSpecification\",\"valueRequired\":true,\"valueName\":\"search_term_string\"}}],\"inLanguage\":\"fr-FR\"},{\"@type\":\"Organization\",\"@id\":\"https:\\\/\\\/lasentinelle.dz\\\/#organization\",\"name\":\"Quotidien La Sentinelle\",\"url\":\"https:\\\/\\\/lasentinelle.dz\\\/\",\"logo\":{\"@type\":\"ImageObject\",\"inLanguage\":\"fr-FR\",\"@id\":\"https:\\\/\\\/lasentinelle.dz\\\/#\\\/schema\\\/logo\\\/image\\\/\",\"url\":\"https:\\\/\\\/lasentinelle.dz\\\/wp-content\\\/uploads\\\/2021\\\/09\\\/logo-sentinelleSLOGAN-1.png\",\"contentUrl\":\"https:\\\/\\\/lasentinelle.dz\\\/wp-content\\\/uploads\\\/2021\\\/09\\\/logo-sentinelleSLOGAN-1.png\",\"width\":615,\"height\":142,\"caption\":\"Quotidien La Sentinelle\"},\"image\":{\"@id\":\"https:\\\/\\\/lasentinelle.dz\\\/#\\\/schema\\\/logo\\\/image\\\/\"},\"sameAs\":[\"https:\\\/\\\/www.facebook.com\\\/La-Sentinelle-104059864394773\"]},{\"@type\":\"Person\",\"@id\":\"https:\\\/\\\/lasentinelle.dz\\\/#\\\/schema\\\/person\\\/d865044e22e70a75174ce8bcad3acfb3\",\"name\":\"La Sentinelle\",\"image\":{\"@type\":\"ImageObject\",\"inLanguage\":\"fr-FR\",\"@id\":\"https:\\\/\\\/secure.gravatar.com\\\/avatar\\\/57de8e5d4b15d43fb361a71fbb36338450fe67865b528a43dd10ef7c51a20392?s=96&d=mm&r=g\",\"url\":\"https:\\\/\\\/secure.gravatar.com\\\/avatar\\\/57de8e5d4b15d43fb361a71fbb36338450fe67865b528a43dd10ef7c51a20392?s=96&d=mm&r=g\",\"contentUrl\":\"https:\\\/\\\/secure.gravatar.com\\\/avatar\\\/57de8e5d4b15d43fb361a71fbb36338450fe67865b528a43dd10ef7c51a20392?s=96&d=mm&r=g\",\"caption\":\"La Sentinelle\"},\"sameAs\":[\"http:\\\/\\\/www.lasentinelle.dz\"],\"url\":\"https:\\\/\\\/lasentinelle.dz\\\/author\\\/redaction\\\/\"}]}<\/script>\n<!-- \/ Yoast SEO plugin. -->","yoast_head_json":{"title":"Elle critique le soutien de Berlin \u00e0 l\u2019entit\u00e9 sioniste\u00a0: La Namibie rappelle \u00e0 l\u2019Allemagne ses actes g\u00e9nocidaires - La Sentinelle","robots":{"index":"index","follow":"follow","max-snippet":"max-snippet:-1","max-image-preview":"max-image-preview:large","max-video-preview":"max-video-preview:-1"},"canonical":"https:\/\/lasentinelle.dz\/index.php\/2024\/01\/14\/elle-critique-le-soutien-de-berlin-a-lentite-sioniste-la-namibie-rappelle-a-lallemagne-ses-actes-genocidaires\/","og_locale":"fr_FR","og_type":"article","og_title":"Elle critique le soutien de Berlin \u00e0 l\u2019entit\u00e9 sioniste\u00a0: La Namibie rappelle \u00e0 l\u2019Allemagne ses actes g\u00e9nocidaires - La Sentinelle","og_description":"La Namibie a clairement d\u00e9montr\u00e9 hier que l\u2019Allemagne fait un pi\u00e8tre d\u00e9fenseur de l\u2019entit\u00e9 sioniste et de l\u2019agression men\u00e9e contre","og_url":"https:\/\/lasentinelle.dz\/index.php\/2024\/01\/14\/elle-critique-le-soutien-de-berlin-a-lentite-sioniste-la-namibie-rappelle-a-lallemagne-ses-actes-genocidaires\/","og_site_name":"La Sentinelle","article_publisher":"https:\/\/www.facebook.com\/La-Sentinelle-104059864394773","article_published_time":"2024-01-14T22:29:00+00:00","article_modified_time":"2024-01-15T14:32:20+00:00","og_image":[{"width":734,"height":489,"url":"https:\/\/lasentinelle.dz\/wp-content\/uploads\/2024\/01\/namibie.webp","type":"image\/webp"}],"author":"La Sentinelle","twitter_card":"summary_large_image","twitter_misc":{"\u00c9crit par":"La Sentinelle","Dur\u00e9e de lecture estim\u00e9e":"2 minutes"},"schema":{"@context":"https:\/\/schema.org","@graph":[{"@type":"Article","@id":"https:\/\/lasentinelle.dz\/index.php\/2024\/01\/14\/elle-critique-le-soutien-de-berlin-a-lentite-sioniste-la-namibie-rappelle-a-lallemagne-ses-actes-genocidaires\/#article","isPartOf":{"@id":"https:\/\/lasentinelle.dz\/index.php\/2024\/01\/14\/elle-critique-le-soutien-de-berlin-a-lentite-sioniste-la-namibie-rappelle-a-lallemagne-ses-actes-genocidaires\/"},"author":{"name":"La Sentinelle","@id":"https:\/\/lasentinelle.dz\/#\/schema\/person\/d865044e22e70a75174ce8bcad3acfb3"},"headline":"Elle critique le soutien de Berlin \u00e0 l\u2019entit\u00e9 sioniste\u00a0: La Namibie rappelle \u00e0 l\u2019Allemagne ses actes g\u00e9nocidaires","datePublished":"2024-01-14T22:29:00+00:00","dateModified":"2024-01-15T14:32:20+00:00","mainEntityOfPage":{"@id":"https:\/\/lasentinelle.dz\/index.php\/2024\/01\/14\/elle-critique-le-soutien-de-berlin-a-lentite-sioniste-la-namibie-rappelle-a-lallemagne-ses-actes-genocidaires\/"},"wordCount":350,"commentCount":0,"publisher":{"@id":"https:\/\/lasentinelle.dz\/#organization"},"image":{"@id":"https:\/\/lasentinelle.dz\/index.php\/2024\/01\/14\/elle-critique-le-soutien-de-berlin-a-lentite-sioniste-la-namibie-rappelle-a-lallemagne-ses-actes-genocidaires\/#primaryimage"},"thumbnailUrl":"https:\/\/lasentinelle.dz\/wp-content\/uploads\/2024\/01\/namibie.webp","articleSection":["Actualit\u00e9"],"inLanguage":"fr-FR","potentialAction":[{"@type":"CommentAction","name":"Comment","target":["https:\/\/lasentinelle.dz\/index.php\/2024\/01\/14\/elle-critique-le-soutien-de-berlin-a-lentite-sioniste-la-namibie-rappelle-a-lallemagne-ses-actes-genocidaires\/#respond"]}]},{"@type":"WebPage","@id":"https:\/\/lasentinelle.dz\/index.php\/2024\/01\/14\/elle-critique-le-soutien-de-berlin-a-lentite-sioniste-la-namibie-rappelle-a-lallemagne-ses-actes-genocidaires\/","url":"https:\/\/lasentinelle.dz\/index.php\/2024\/01\/14\/elle-critique-le-soutien-de-berlin-a-lentite-sioniste-la-namibie-rappelle-a-lallemagne-ses-actes-genocidaires\/","name":"Elle critique le soutien de Berlin \u00e0 l\u2019entit\u00e9 sioniste\u00a0: La Namibie rappelle \u00e0 l\u2019Allemagne ses actes g\u00e9nocidaires - La Sentinelle","isPartOf":{"@id":"https:\/\/lasentinelle.dz\/#website"},"primaryImageOfPage":{"@id":"https:\/\/lasentinelle.dz\/index.php\/2024\/01\/14\/elle-critique-le-soutien-de-berlin-a-lentite-sioniste-la-namibie-rappelle-a-lallemagne-ses-actes-genocidaires\/#primaryimage"},"image":{"@id":"https:\/\/lasentinelle.dz\/index.php\/2024\/01\/14\/elle-critique-le-soutien-de-berlin-a-lentite-sioniste-la-namibie-rappelle-a-lallemagne-ses-actes-genocidaires\/#primaryimage"},"thumbnailUrl":"https:\/\/lasentinelle.dz\/wp-content\/uploads\/2024\/01\/namibie.webp","datePublished":"2024-01-14T22:29:00+00:00","dateModified":"2024-01-15T14:32:20+00:00","breadcrumb":{"@id":"https:\/\/lasentinelle.dz\/index.php\/2024\/01\/14\/elle-critique-le-soutien-de-berlin-a-lentite-sioniste-la-namibie-rappelle-a-lallemagne-ses-actes-genocidaires\/#breadcrumb"},"inLanguage":"fr-FR","potentialAction":[{"@type":"ReadAction","target":["https:\/\/lasentinelle.dz\/index.php\/2024\/01\/14\/elle-critique-le-soutien-de-berlin-a-lentite-sioniste-la-namibie-rappelle-a-lallemagne-ses-actes-genocidaires\/"]}]},{"@type":"ImageObject","inLanguage":"fr-FR","@id":"https:\/\/lasentinelle.dz\/index.php\/2024\/01\/14\/elle-critique-le-soutien-de-berlin-a-lentite-sioniste-la-namibie-rappelle-a-lallemagne-ses-actes-genocidaires\/#primaryimage","url":"https:\/\/lasentinelle.dz\/wp-content\/uploads\/2024\/01\/namibie.webp","contentUrl":"https:\/\/lasentinelle.dz\/wp-content\/uploads\/2024\/01\/namibie.webp","width":734,"height":489},{"@type":"BreadcrumbList","@id":"https:\/\/lasentinelle.dz\/index.php\/2024\/01\/14\/elle-critique-le-soutien-de-berlin-a-lentite-sioniste-la-namibie-rappelle-a-lallemagne-ses-actes-genocidaires\/#breadcrumb","itemListElement":[{"@type":"ListItem","position":1,"name":"Accueil","item":"https:\/\/lasentinelle.dz\/"},{"@type":"ListItem","position":2,"name":"Elle critique le soutien de Berlin \u00e0 l\u2019entit\u00e9 sioniste\u00a0: La Namibie rappelle \u00e0 l\u2019Allemagne ses actes g\u00e9nocidaires"}]},{"@type":"WebSite","@id":"https:\/\/lasentinelle.dz\/#website","url":"https:\/\/lasentinelle.dz\/","name":"La Sentinelle","description":"Quotidien national d&#039;information","publisher":{"@id":"https:\/\/lasentinelle.dz\/#organization"},"potentialAction":[{"@type":"SearchAction","target":{"@type":"EntryPoint","urlTemplate":"https:\/\/lasentinelle.dz\/?s={search_term_string}"},"query-input":{"@type":"PropertyValueSpecification","valueRequired":true,"valueName":"search_term_string"}}],"inLanguage":"fr-FR"},{"@type":"Organization","@id":"https:\/\/lasentinelle.dz\/#organization","name":"Quotidien La Sentinelle","url":"https:\/\/lasentinelle.dz\/","logo":{"@type":"ImageObject","inLanguage":"fr-FR","@id":"https:\/\/lasentinelle.dz\/#\/schema\/logo\/image\/","url":"https:\/\/lasentinelle.dz\/wp-content\/uploads\/2021\/09\/logo-sentinelleSLOGAN-1.png","contentUrl":"https:\/\/lasentinelle.dz\/wp-content\/uploads\/2021\/09\/logo-sentinelleSLOGAN-1.png","width":615,"height":142,"caption":"Quotidien La Sentinelle"},"image":{"@id":"https:\/\/lasentinelle.dz\/#\/schema\/logo\/image\/"},"sameAs":["https:\/\/www.facebook.com\/La-Sentinelle-104059864394773"]},{"@type":"Person","@id":"https:\/\/lasentinelle.dz\/#\/schema\/person\/d865044e22e70a75174ce8bcad3acfb3","name":"La Sentinelle","image":{"@type":"ImageObject","inLanguage":"fr-FR","@id":"https:\/\/secure.gravatar.com\/avatar\/57de8e5d4b15d43fb361a71fbb36338450fe67865b528a43dd10ef7c51a20392?s=96&d=mm&r=g","url":"https:\/\/secure.gravatar.com\/avatar\/57de8e5d4b15d43fb361a71fbb36338450fe67865b528a43dd10ef7c51a20392?s=96&d=mm&r=g","contentUrl":"https:\/\/secure.gravatar.com\/avatar\/57de8e5d4b15d43fb361a71fbb36338450fe67865b528a43dd10ef7c51a20392?s=96&d=mm&r=g","caption":"La Sentinelle"},"sameAs":["http:\/\/www.lasentinelle.dz"],"url":"https:\/\/lasentinelle.dz\/author\/redaction\/"}]}},"_links":{"self":[{"href":"https:\/\/lasentinelle.dz\/index.php\/wp-json\/wp\/v2\/posts\/48719","targetHints":{"allow":["GET"]}}],"collection":[{"href":"https:\/\/lasentinelle.dz\/index.php\/wp-json\/wp\/v2\/posts"}],"about":[{"href":"https:\/\/lasentinelle.dz\/index.php\/wp-json\/wp\/v2\/types\/post"}],"author":[{"embeddable":true,"href":"https:\/\/lasentinelle.dz\/index.php\/wp-json\/wp\/v2\/users\/3"}],"replies":[{"embeddable":true,"href":"https:\/\/lasentinelle.dz\/index.php\/wp-json\/wp\/v2\/comments?post=48719"}],"version-history":[{"count":1,"href":"https:\/\/lasentinelle.dz\/index.php\/wp-json\/wp\/v2\/posts\/48719\/revisions"}],"predecessor-version":[{"id":48721,"href":"https:\/\/lasentinelle.dz\/index.php\/wp-json\/wp\/v2\/posts\/48719\/revisions\/48721"}],"wp:featuredmedia":[{"embeddable":true,"href":"https:\/\/lasentinelle.dz\/index.php\/wp-json\/wp\/v2\/media\/48720"}],"wp:attachment":[{"href":"https:\/\/lasentinelle.dz\/index.php\/wp-json\/wp\/v2\/media?parent=48719"}],"wp:term":[{"taxonomy":"category","embeddable":true,"href":"https:\/\/lasentinelle.dz\/index.php\/wp-json\/wp\/v2\/categories?post=48719"},{"taxonomy":"post_tag","embeddable":true,"href":"https:\/\/lasentinelle.dz\/index.php\/wp-json\/wp\/v2\/tags?post=48719"}],"curies":[{"name":"wp","href":"https:\/\/api.w.org\/{rel}","templated":true}]}}