{"id":48734,"date":"2024-01-15T22:25:13","date_gmt":"2024-01-15T21:25:13","guid":{"rendered":"https:\/\/lasentinelle.dz\/?p=48734"},"modified":"2024-01-15T22:25:15","modified_gmt":"2024-01-15T21:25:15","slug":"sahara-occidental-la-complicite-des-occidentaux-a-retarde-la-resolution-du-conflit","status":"publish","type":"post","link":"https:\/\/lasentinelle.dz\/index.php\/2024\/01\/15\/sahara-occidental-la-complicite-des-occidentaux-a-retarde-la-resolution-du-conflit\/","title":{"rendered":"Sahara occidental\u00a0: La complicit\u00e9 des Occidentaux a retard\u00e9 la r\u00e9solution du conflit"},"content":{"rendered":"\n<p>Le repr\u00e9sentant-adjoint du Front Polisario en Allemagne, Saleh Sidmustfa, a affirm\u00e9 que le Maroc \u00ab\u00a0n&rsquo;avait aucun moyen de gagner militairement la guerre au Sahara occidental\u00a0\u00bb, soulignant que la complicit\u00e9 de certains Etats occidentaux avec le royaume \u00ab\u00a0est l&rsquo;une des raisons pour lesquelles le conflit n&rsquo;est pas encore r\u00e9solu\u00a0\u00bb.<\/p>\n\n\n\n<p>\u00ab\u00a0Le Maroc n\u2019a aucun moyen de gagner militairement la guerre\u00a0\u00bb, a d\u00e9clar\u00e9 Saleh Sidmustfa dans une intervention \u00e0 l&rsquo;occasion de la tenue d&rsquo;une conf\u00e9rence internationale sur le parcours de la militante socialiste Rosa Luxembourg, \u00e0 Berlin, affirmant que les Sahraouis sont \u00ab\u00a0invincibles\u00a0\u00bb. &nbsp;Pour le diplomate sahraoui, le Maroc en est parfaitement conscient et c&rsquo;est la raison pour laquelle d&rsquo;ailleurs il s&rsquo;appuie sur les Occidentaux, en leur ouvrant grandes les portes des investissements et de l&rsquo;exploitation des richesses des territoires sahraouis.&nbsp; Il a fait observer, \u00e0 ce sujet, que \u00ab\u00a0l&rsquo;avidit\u00e9 des Etats occidentaux et leur course derri\u00e8re les int\u00e9r\u00eats sont malheureusement l&rsquo;une des raisons de la non-r\u00e9solution du conflit au Sahara occidental jusqu&rsquo;\u00e0 ce jour\u00a0\u00bb. \u00ab\u00a0En permettant aux Occidentaux d&rsquo;investir et d&rsquo;exploiter les richesses sahraouies, le Maroc a fini par faire d&rsquo;eux des complices et un appui au sein des instances internationales\u00a0\u00bb, a expliqu\u00e9 en substance Saleh Sidmustafa. Il a ajout\u00e9 que le Maroc, \u00ab\u00a0champion de la ruse\u00a0\u00bb, a r\u00e9ussi \u00e9galement \u00e0 duper les Etats occidentaux en leur faisant croire qu&rsquo;il d\u00e9veloppait les \u00e9nergies renouvelables dans les territoires sahraouis occup\u00e9s.&nbsp; \u00ab\u00a0Sous pr\u00e9texte de vouloir d\u00e9velopper des sources d&rsquo;\u00e9nergie alternatives, l&rsquo;occupation marocaine est ciment\u00e9e et \u00e9co-blanchie par les Occidentaux\u00a0\u00bb, a soulign\u00e9 Saleh Sidmustafa. Le responsable sahraoui a conclu son intervention intitul\u00e9e : \u00ab\u00a0Sahara occidental : pourquoi le conflit en Afrique du Nord n&rsquo;est pas encore r\u00e9solu?\u00a0\u00bb en disant que la non-tenue d&rsquo;un r\u00e9f\u00e9rendum au Sahara occidental est temporaire, car le droit des Sahraouis \u00e0 l&rsquo;autod\u00e9termination, consacr\u00e9 par le droit international et les r\u00e9solutions onusiennes, est incontournable.<\/p>\n\n\n\n<p>Notons sur un autre volet que la cause sahraouie a \u00e9t\u00e9 au c\u0153ur d\u2019une conf\u00e9rence sur le th\u00e8me \u00ab&nbsp;Paix et libert\u00e9 pour le peuple sahraoui&nbsp;\u00bb, tenue au Parlement de la communaut\u00e9 autonome espagnole basque et \u00e0 laquelle ont pris part des repr\u00e9sentants des assembl\u00e9es r\u00e9gionales de toute l&rsquo;Espagne. Une conf\u00e9rence au cours de laquelle les Parlements autonomes d&rsquo;Espagne ont r\u00e9affirm\u00e9 leur engagement in\u00e9branlable en faveur du droit du peuple sahraoui \u00e0 l&rsquo;autod\u00e9termination, principe soutenu par les r\u00e9solutions des Nations unies et en stricte conformit\u00e9 avec le droit international.<\/p>\n\n\n\n<p>La 27e conf\u00e9rence interparlementaire a vu l&rsquo;adoption d&rsquo;une D\u00e9claration d\u00e9taill\u00e9e abordant des questions cruciales concernant la lutte du peuple du Sahara occidental, rapporte lundi l&rsquo;agence de presse sahraouie SPS. La D\u00e9claration r\u00e9affirme l&rsquo;h\u00e9ritage significatif des accords pr\u00e9c\u00e9dents et des d\u00e9clarations successives approuv\u00e9s depuis la conf\u00e9rence de Palma de Majorque en 1992.Elle r\u00e9it\u00e8re dans ce cadre, l&rsquo;engagement in\u00e9branlable des assembl\u00e9es r\u00e9gionales espagnoles en faveur des droits du peuple sahraoui \u00e0 l&rsquo;autod\u00e9termination, principe soutenu par les r\u00e9solutions des Nations unies et en stricte conformit\u00e9 avec le droit international.Un appel a \u00e9t\u00e9 lanc\u00e9 aux Nations unies pour \u00ab\u00a0promouvoir, sans plus attendre, une solution juste et d\u00e9finitive au conflit \u00e0 travers l&rsquo;organisation d&rsquo;un r\u00e9f\u00e9rendum d&rsquo;autod\u00e9termination au profit du peuple sahraoui\u00a0\u00bb. Parmi les points les plus pertinents, le document exprime son d\u00e9saccord avec le changement de position du chef du gouvernement espagnol concernant le Sahara occidental. Il souligne en outre avec insistance le statut du Front Polisario en tant que repr\u00e9sentant unique et l\u00e9gitime du peuple sahraoui, reconnu par l&rsquo;ONU et la communaut\u00e9 internationale. Le texte de la D\u00e9claration d\u00e9nonce fermement aussi l&rsquo;occupation du Sahara occidental par le Maroc et pr\u00f4ne l&rsquo;envoi de missions parlementaires pour v\u00e9rifier les violations persistantes des droits de l&rsquo;Homme dans les territoires sahraouis occup\u00e9s.De m\u00eame, il appelle \u00e0 travailler activement, au sein de l&rsquo;ONU et de l\u2019Union europ\u00e9enne (UE), pour \u00e9largir les fonctions de la Mission des Nations unies pour l&rsquo;organisation d&rsquo;un r\u00e9f\u00e9rendum d&rsquo;autod\u00e9termination au Sahara occidental (MINURSO) \u00e0 la surveillance du respect des droits de l\u2019Homme au Sahara occidental occup\u00e9.<\/p>\n\n\n\n<p>En ce qui concerne le prochain arr\u00eat de la Cour europ\u00e9enne de justice (CJUE), concernant les accords de p\u00eache UE\/Maroc \u00e9tendus ill\u00e9galement au Sahara occidental, la D\u00e9claration adopte une position proactive, exhortant l&rsquo;Espagne et Bruxelles \u00e0 \u00ab\u00a0entamer des n\u00e9gociations avec le Front Polisario pour \u00e9tablir des relations commerciales et \u00e9conomiques\u00a0\u00bb. Cet appel s&rsquo;appuie sur un pr\u00e9c\u00e9dent arr\u00eat de la CJUE selon lequel le Maroc et le Sahara occidental sont deux territoires distincts. Les signataires n&rsquo;ont pas manqu\u00e9 de d\u00e9noncer le pillage des ressources naturelles du Sahara occidental par le Maroc, exhortant les entreprises \u00e9trang\u00e8res \u00e0 respecter le droit international et \u00e0 n\u00e9gocier avec le repr\u00e9sentant l\u00e9gitime du peuple sahraoui, \u00e0 savoir le Front Polisario.<\/p>\n\n\n\n<p>La D\u00e9claration exige \u00e9galement la lib\u00e9ration imm\u00e9diate des prisonniers politiques sahraouis du groupe Gdeim Izik et l&rsquo;accompagnement de leurs familles dans leur lutte inlassable pour la justice et la libert\u00e9.<\/p>\n\n\n\n<p>R.I.<\/p>\n","protected":false},"excerpt":{"rendered":"<p>Le repr\u00e9sentant-adjoint du Front Polisario en Allemagne, Saleh Sidmustfa, a affirm\u00e9 que le Maroc \u00ab\u00a0n&rsquo;avait aucun moyen de gagner militairement<\/p>\n","protected":false},"author":3,"featured_media":47913,"comment_status":"open","ping_status":"closed","sticky":false,"template":"","format":"standard","meta":{"colormag_page_container_layout":"default_layout","colormag_page_sidebar_layout":"default_layout","om_disable_all_campaigns":false,"_monsterinsights_skip_tracking":false,"_monsterinsights_sitenote_active":false,"_monsterinsights_sitenote_note":"","_monsterinsights_sitenote_category":0,"footnotes":"","_wpscppro_dont_share_socialmedia":false,"_wpscppro_custom_social_share_image":0,"_facebook_share_type":"","_twitter_share_type":"","_linkedin_share_type":"","_pinterest_share_type":"","_linkedin_share_type_page":"","_instagram_share_type":"","_medium_share_type":"","_threads_share_type":"","_google_business_share_type":"","_selected_social_profile":[],"_wpsp_enable_custom_social_template":false,"_wpsp_social_scheduling":{"enabled":false,"datetime":null,"platforms":[],"status":"template_only","dateOption":"today","timeOption":"now","customDays":"","customHours":"","customDate":"","customTime":"","schedulingType":"absolute"},"_wpsp_active_default_template":true},"categories":[37],"tags":[],"class_list":["post-48734","post","type-post","status-publish","format-standard","has-post-thumbnail","hentry","category-monde"],"aioseo_notices":[],"yoast_head":"<!-- This site is optimized with the Yoast SEO plugin v27.5 - https:\/\/yoast.com\/product\/yoast-seo-wordpress\/ -->\n<title>Sahara occidental\u00a0: La complicit\u00e9 des Occidentaux a retard\u00e9 la r\u00e9solution du conflit - La Sentinelle<\/title>\n<meta name=\"robots\" content=\"index, follow, max-snippet:-1, max-image-preview:large, max-video-preview:-1\" \/>\n<link rel=\"canonical\" href=\"https:\/\/lasentinelle.dz\/index.php\/2024\/01\/15\/sahara-occidental-la-complicite-des-occidentaux-a-retarde-la-resolution-du-conflit\/\" \/>\n<meta property=\"og:locale\" content=\"fr_FR\" \/>\n<meta property=\"og:type\" content=\"article\" \/>\n<meta property=\"og:title\" content=\"Sahara occidental\u00a0: La complicit\u00e9 des Occidentaux a retard\u00e9 la r\u00e9solution du conflit - La Sentinelle\" \/>\n<meta property=\"og:description\" content=\"Le repr\u00e9sentant-adjoint du Front Polisario en Allemagne, Saleh Sidmustfa, a affirm\u00e9 que le Maroc \u00ab\u00a0n&rsquo;avait aucun moyen de gagner militairement\" \/>\n<meta property=\"og:url\" content=\"https:\/\/lasentinelle.dz\/index.php\/2024\/01\/15\/sahara-occidental-la-complicite-des-occidentaux-a-retarde-la-resolution-du-conflit\/\" \/>\n<meta property=\"og:site_name\" content=\"La Sentinelle\" \/>\n<meta property=\"article:publisher\" content=\"https:\/\/www.facebook.com\/La-Sentinelle-104059864394773\" \/>\n<meta property=\"article:published_time\" content=\"2024-01-15T21:25:13+00:00\" \/>\n<meta property=\"article:modified_time\" content=\"2024-01-15T21:25:15+00:00\" \/>\n<meta property=\"og:image\" content=\"https:\/\/lasentinelle.dz\/wp-content\/uploads\/2023\/12\/Sahara-occidental.jpeg\" \/>\n\t<meta property=\"og:image:width\" content=\"745\" \/>\n\t<meta property=\"og:image:height\" content=\"470\" \/>\n\t<meta property=\"og:image:type\" content=\"image\/jpeg\" \/>\n<meta name=\"author\" content=\"La Sentinelle\" \/>\n<meta name=\"twitter:card\" content=\"summary_large_image\" \/>\n<meta name=\"twitter:label1\" content=\"\u00c9crit par\" \/>\n\t<meta name=\"twitter:data1\" content=\"La Sentinelle\" \/>\n\t<meta name=\"twitter:label2\" content=\"Dur\u00e9e de lecture estim\u00e9e\" \/>\n\t<meta name=\"twitter:data2\" content=\"5 minutes\" \/>\n<script type=\"application\/ld+json\" class=\"yoast-schema-graph\">{\"@context\":\"https:\\\/\\\/schema.org\",\"@graph\":[{\"@type\":\"Article\",\"@id\":\"https:\\\/\\\/lasentinelle.dz\\\/index.php\\\/2024\\\/01\\\/15\\\/sahara-occidental-la-complicite-des-occidentaux-a-retarde-la-resolution-du-conflit\\\/#article\",\"isPartOf\":{\"@id\":\"https:\\\/\\\/lasentinelle.dz\\\/index.php\\\/2024\\\/01\\\/15\\\/sahara-occidental-la-complicite-des-occidentaux-a-retarde-la-resolution-du-conflit\\\/\"},\"author\":{\"name\":\"La Sentinelle\",\"@id\":\"https:\\\/\\\/lasentinelle.dz\\\/#\\\/schema\\\/person\\\/d865044e22e70a75174ce8bcad3acfb3\"},\"headline\":\"Sahara occidental\u00a0: La complicit\u00e9 des Occidentaux a retard\u00e9 la r\u00e9solution du conflit\",\"datePublished\":\"2024-01-15T21:25:13+00:00\",\"dateModified\":\"2024-01-15T21:25:15+00:00\",\"mainEntityOfPage\":{\"@id\":\"https:\\\/\\\/lasentinelle.dz\\\/index.php\\\/2024\\\/01\\\/15\\\/sahara-occidental-la-complicite-des-occidentaux-a-retarde-la-resolution-du-conflit\\\/\"},\"wordCount\":923,\"commentCount\":0,\"publisher\":{\"@id\":\"https:\\\/\\\/lasentinelle.dz\\\/#organization\"},\"image\":{\"@id\":\"https:\\\/\\\/lasentinelle.dz\\\/index.php\\\/2024\\\/01\\\/15\\\/sahara-occidental-la-complicite-des-occidentaux-a-retarde-la-resolution-du-conflit\\\/#primaryimage\"},\"thumbnailUrl\":\"https:\\\/\\\/lasentinelle.dz\\\/wp-content\\\/uploads\\\/2023\\\/12\\\/Sahara-occidental.jpeg\",\"articleSection\":[\"Monde\"],\"inLanguage\":\"fr-FR\",\"potentialAction\":[{\"@type\":\"CommentAction\",\"name\":\"Comment\",\"target\":[\"https:\\\/\\\/lasentinelle.dz\\\/index.php\\\/2024\\\/01\\\/15\\\/sahara-occidental-la-complicite-des-occidentaux-a-retarde-la-resolution-du-conflit\\\/#respond\"]}]},{\"@type\":\"WebPage\",\"@id\":\"https:\\\/\\\/lasentinelle.dz\\\/index.php\\\/2024\\\/01\\\/15\\\/sahara-occidental-la-complicite-des-occidentaux-a-retarde-la-resolution-du-conflit\\\/\",\"url\":\"https:\\\/\\\/lasentinelle.dz\\\/index.php\\\/2024\\\/01\\\/15\\\/sahara-occidental-la-complicite-des-occidentaux-a-retarde-la-resolution-du-conflit\\\/\",\"name\":\"Sahara occidental\u00a0: La complicit\u00e9 des Occidentaux a retard\u00e9 la r\u00e9solution du conflit - La Sentinelle\",\"isPartOf\":{\"@id\":\"https:\\\/\\\/lasentinelle.dz\\\/#website\"},\"primaryImageOfPage\":{\"@id\":\"https:\\\/\\\/lasentinelle.dz\\\/index.php\\\/2024\\\/01\\\/15\\\/sahara-occidental-la-complicite-des-occidentaux-a-retarde-la-resolution-du-conflit\\\/#primaryimage\"},\"image\":{\"@id\":\"https:\\\/\\\/lasentinelle.dz\\\/index.php\\\/2024\\\/01\\\/15\\\/sahara-occidental-la-complicite-des-occidentaux-a-retarde-la-resolution-du-conflit\\\/#primaryimage\"},\"thumbnailUrl\":\"https:\\\/\\\/lasentinelle.dz\\\/wp-content\\\/uploads\\\/2023\\\/12\\\/Sahara-occidental.jpeg\",\"datePublished\":\"2024-01-15T21:25:13+00:00\",\"dateModified\":\"2024-01-15T21:25:15+00:00\",\"breadcrumb\":{\"@id\":\"https:\\\/\\\/lasentinelle.dz\\\/index.php\\\/2024\\\/01\\\/15\\\/sahara-occidental-la-complicite-des-occidentaux-a-retarde-la-resolution-du-conflit\\\/#breadcrumb\"},\"inLanguage\":\"fr-FR\",\"potentialAction\":[{\"@type\":\"ReadAction\",\"target\":[\"https:\\\/\\\/lasentinelle.dz\\\/index.php\\\/2024\\\/01\\\/15\\\/sahara-occidental-la-complicite-des-occidentaux-a-retarde-la-resolution-du-conflit\\\/\"]}]},{\"@type\":\"ImageObject\",\"inLanguage\":\"fr-FR\",\"@id\":\"https:\\\/\\\/lasentinelle.dz\\\/index.php\\\/2024\\\/01\\\/15\\\/sahara-occidental-la-complicite-des-occidentaux-a-retarde-la-resolution-du-conflit\\\/#primaryimage\",\"url\":\"https:\\\/\\\/lasentinelle.dz\\\/wp-content\\\/uploads\\\/2023\\\/12\\\/Sahara-occidental.jpeg\",\"contentUrl\":\"https:\\\/\\\/lasentinelle.dz\\\/wp-content\\\/uploads\\\/2023\\\/12\\\/Sahara-occidental.jpeg\",\"width\":745,\"height\":470},{\"@type\":\"BreadcrumbList\",\"@id\":\"https:\\\/\\\/lasentinelle.dz\\\/index.php\\\/2024\\\/01\\\/15\\\/sahara-occidental-la-complicite-des-occidentaux-a-retarde-la-resolution-du-conflit\\\/#breadcrumb\",\"itemListElement\":[{\"@type\":\"ListItem\",\"position\":1,\"name\":\"Accueil\",\"item\":\"https:\\\/\\\/lasentinelle.dz\\\/\"},{\"@type\":\"ListItem\",\"position\":2,\"name\":\"Sahara occidental\u00a0: La complicit\u00e9 des Occidentaux a retard\u00e9 la r\u00e9solution du conflit\"}]},{\"@type\":\"WebSite\",\"@id\":\"https:\\\/\\\/lasentinelle.dz\\\/#website\",\"url\":\"https:\\\/\\\/lasentinelle.dz\\\/\",\"name\":\"La Sentinelle\",\"description\":\"Quotidien national d&#039;information\",\"publisher\":{\"@id\":\"https:\\\/\\\/lasentinelle.dz\\\/#organization\"},\"potentialAction\":[{\"@type\":\"SearchAction\",\"target\":{\"@type\":\"EntryPoint\",\"urlTemplate\":\"https:\\\/\\\/lasentinelle.dz\\\/?s={search_term_string}\"},\"query-input\":{\"@type\":\"PropertyValueSpecification\",\"valueRequired\":true,\"valueName\":\"search_term_string\"}}],\"inLanguage\":\"fr-FR\"},{\"@type\":\"Organization\",\"@id\":\"https:\\\/\\\/lasentinelle.dz\\\/#organization\",\"name\":\"Quotidien La Sentinelle\",\"url\":\"https:\\\/\\\/lasentinelle.dz\\\/\",\"logo\":{\"@type\":\"ImageObject\",\"inLanguage\":\"fr-FR\",\"@id\":\"https:\\\/\\\/lasentinelle.dz\\\/#\\\/schema\\\/logo\\\/image\\\/\",\"url\":\"https:\\\/\\\/lasentinelle.dz\\\/wp-content\\\/uploads\\\/2021\\\/09\\\/logo-sentinelleSLOGAN-1.png\",\"contentUrl\":\"https:\\\/\\\/lasentinelle.dz\\\/wp-content\\\/uploads\\\/2021\\\/09\\\/logo-sentinelleSLOGAN-1.png\",\"width\":615,\"height\":142,\"caption\":\"Quotidien La Sentinelle\"},\"image\":{\"@id\":\"https:\\\/\\\/lasentinelle.dz\\\/#\\\/schema\\\/logo\\\/image\\\/\"},\"sameAs\":[\"https:\\\/\\\/www.facebook.com\\\/La-Sentinelle-104059864394773\"]},{\"@type\":\"Person\",\"@id\":\"https:\\\/\\\/lasentinelle.dz\\\/#\\\/schema\\\/person\\\/d865044e22e70a75174ce8bcad3acfb3\",\"name\":\"La Sentinelle\",\"image\":{\"@type\":\"ImageObject\",\"inLanguage\":\"fr-FR\",\"@id\":\"https:\\\/\\\/secure.gravatar.com\\\/avatar\\\/57de8e5d4b15d43fb361a71fbb36338450fe67865b528a43dd10ef7c51a20392?s=96&d=mm&r=g\",\"url\":\"https:\\\/\\\/secure.gravatar.com\\\/avatar\\\/57de8e5d4b15d43fb361a71fbb36338450fe67865b528a43dd10ef7c51a20392?s=96&d=mm&r=g\",\"contentUrl\":\"https:\\\/\\\/secure.gravatar.com\\\/avatar\\\/57de8e5d4b15d43fb361a71fbb36338450fe67865b528a43dd10ef7c51a20392?s=96&d=mm&r=g\",\"caption\":\"La Sentinelle\"},\"sameAs\":[\"http:\\\/\\\/www.lasentinelle.dz\"],\"url\":\"https:\\\/\\\/lasentinelle.dz\\\/author\\\/redaction\\\/\"}]}<\/script>\n<!-- \/ Yoast SEO plugin. -->","yoast_head_json":{"title":"Sahara occidental\u00a0: La complicit\u00e9 des Occidentaux a retard\u00e9 la r\u00e9solution du conflit - La Sentinelle","robots":{"index":"index","follow":"follow","max-snippet":"max-snippet:-1","max-image-preview":"max-image-preview:large","max-video-preview":"max-video-preview:-1"},"canonical":"https:\/\/lasentinelle.dz\/index.php\/2024\/01\/15\/sahara-occidental-la-complicite-des-occidentaux-a-retarde-la-resolution-du-conflit\/","og_locale":"fr_FR","og_type":"article","og_title":"Sahara occidental\u00a0: La complicit\u00e9 des Occidentaux a retard\u00e9 la r\u00e9solution du conflit - La Sentinelle","og_description":"Le repr\u00e9sentant-adjoint du Front Polisario en Allemagne, Saleh Sidmustfa, a affirm\u00e9 que le Maroc \u00ab\u00a0n&rsquo;avait aucun moyen de gagner militairement","og_url":"https:\/\/lasentinelle.dz\/index.php\/2024\/01\/15\/sahara-occidental-la-complicite-des-occidentaux-a-retarde-la-resolution-du-conflit\/","og_site_name":"La Sentinelle","article_publisher":"https:\/\/www.facebook.com\/La-Sentinelle-104059864394773","article_published_time":"2024-01-15T21:25:13+00:00","article_modified_time":"2024-01-15T21:25:15+00:00","og_image":[{"width":745,"height":470,"url":"https:\/\/lasentinelle.dz\/wp-content\/uploads\/2023\/12\/Sahara-occidental.jpeg","type":"image\/jpeg"}],"author":"La Sentinelle","twitter_card":"summary_large_image","twitter_misc":{"\u00c9crit par":"La Sentinelle","Dur\u00e9e de lecture estim\u00e9e":"5 minutes"},"schema":{"@context":"https:\/\/schema.org","@graph":[{"@type":"Article","@id":"https:\/\/lasentinelle.dz\/index.php\/2024\/01\/15\/sahara-occidental-la-complicite-des-occidentaux-a-retarde-la-resolution-du-conflit\/#article","isPartOf":{"@id":"https:\/\/lasentinelle.dz\/index.php\/2024\/01\/15\/sahara-occidental-la-complicite-des-occidentaux-a-retarde-la-resolution-du-conflit\/"},"author":{"name":"La Sentinelle","@id":"https:\/\/lasentinelle.dz\/#\/schema\/person\/d865044e22e70a75174ce8bcad3acfb3"},"headline":"Sahara occidental\u00a0: La complicit\u00e9 des Occidentaux a retard\u00e9 la r\u00e9solution du conflit","datePublished":"2024-01-15T21:25:13+00:00","dateModified":"2024-01-15T21:25:15+00:00","mainEntityOfPage":{"@id":"https:\/\/lasentinelle.dz\/index.php\/2024\/01\/15\/sahara-occidental-la-complicite-des-occidentaux-a-retarde-la-resolution-du-conflit\/"},"wordCount":923,"commentCount":0,"publisher":{"@id":"https:\/\/lasentinelle.dz\/#organization"},"image":{"@id":"https:\/\/lasentinelle.dz\/index.php\/2024\/01\/15\/sahara-occidental-la-complicite-des-occidentaux-a-retarde-la-resolution-du-conflit\/#primaryimage"},"thumbnailUrl":"https:\/\/lasentinelle.dz\/wp-content\/uploads\/2023\/12\/Sahara-occidental.jpeg","articleSection":["Monde"],"inLanguage":"fr-FR","potentialAction":[{"@type":"CommentAction","name":"Comment","target":["https:\/\/lasentinelle.dz\/index.php\/2024\/01\/15\/sahara-occidental-la-complicite-des-occidentaux-a-retarde-la-resolution-du-conflit\/#respond"]}]},{"@type":"WebPage","@id":"https:\/\/lasentinelle.dz\/index.php\/2024\/01\/15\/sahara-occidental-la-complicite-des-occidentaux-a-retarde-la-resolution-du-conflit\/","url":"https:\/\/lasentinelle.dz\/index.php\/2024\/01\/15\/sahara-occidental-la-complicite-des-occidentaux-a-retarde-la-resolution-du-conflit\/","name":"Sahara occidental\u00a0: La complicit\u00e9 des Occidentaux a retard\u00e9 la r\u00e9solution du conflit - La Sentinelle","isPartOf":{"@id":"https:\/\/lasentinelle.dz\/#website"},"primaryImageOfPage":{"@id":"https:\/\/lasentinelle.dz\/index.php\/2024\/01\/15\/sahara-occidental-la-complicite-des-occidentaux-a-retarde-la-resolution-du-conflit\/#primaryimage"},"image":{"@id":"https:\/\/lasentinelle.dz\/index.php\/2024\/01\/15\/sahara-occidental-la-complicite-des-occidentaux-a-retarde-la-resolution-du-conflit\/#primaryimage"},"thumbnailUrl":"https:\/\/lasentinelle.dz\/wp-content\/uploads\/2023\/12\/Sahara-occidental.jpeg","datePublished":"2024-01-15T21:25:13+00:00","dateModified":"2024-01-15T21:25:15+00:00","breadcrumb":{"@id":"https:\/\/lasentinelle.dz\/index.php\/2024\/01\/15\/sahara-occidental-la-complicite-des-occidentaux-a-retarde-la-resolution-du-conflit\/#breadcrumb"},"inLanguage":"fr-FR","potentialAction":[{"@type":"ReadAction","target":["https:\/\/lasentinelle.dz\/index.php\/2024\/01\/15\/sahara-occidental-la-complicite-des-occidentaux-a-retarde-la-resolution-du-conflit\/"]}]},{"@type":"ImageObject","inLanguage":"fr-FR","@id":"https:\/\/lasentinelle.dz\/index.php\/2024\/01\/15\/sahara-occidental-la-complicite-des-occidentaux-a-retarde-la-resolution-du-conflit\/#primaryimage","url":"https:\/\/lasentinelle.dz\/wp-content\/uploads\/2023\/12\/Sahara-occidental.jpeg","contentUrl":"https:\/\/lasentinelle.dz\/wp-content\/uploads\/2023\/12\/Sahara-occidental.jpeg","width":745,"height":470},{"@type":"BreadcrumbList","@id":"https:\/\/lasentinelle.dz\/index.php\/2024\/01\/15\/sahara-occidental-la-complicite-des-occidentaux-a-retarde-la-resolution-du-conflit\/#breadcrumb","itemListElement":[{"@type":"ListItem","position":1,"name":"Accueil","item":"https:\/\/lasentinelle.dz\/"},{"@type":"ListItem","position":2,"name":"Sahara occidental\u00a0: La complicit\u00e9 des Occidentaux a retard\u00e9 la r\u00e9solution du conflit"}]},{"@type":"WebSite","@id":"https:\/\/lasentinelle.dz\/#website","url":"https:\/\/lasentinelle.dz\/","name":"La Sentinelle","description":"Quotidien national d&#039;information","publisher":{"@id":"https:\/\/lasentinelle.dz\/#organization"},"potentialAction":[{"@type":"SearchAction","target":{"@type":"EntryPoint","urlTemplate":"https:\/\/lasentinelle.dz\/?s={search_term_string}"},"query-input":{"@type":"PropertyValueSpecification","valueRequired":true,"valueName":"search_term_string"}}],"inLanguage":"fr-FR"},{"@type":"Organization","@id":"https:\/\/lasentinelle.dz\/#organization","name":"Quotidien La Sentinelle","url":"https:\/\/lasentinelle.dz\/","logo":{"@type":"ImageObject","inLanguage":"fr-FR","@id":"https:\/\/lasentinelle.dz\/#\/schema\/logo\/image\/","url":"https:\/\/lasentinelle.dz\/wp-content\/uploads\/2021\/09\/logo-sentinelleSLOGAN-1.png","contentUrl":"https:\/\/lasentinelle.dz\/wp-content\/uploads\/2021\/09\/logo-sentinelleSLOGAN-1.png","width":615,"height":142,"caption":"Quotidien La Sentinelle"},"image":{"@id":"https:\/\/lasentinelle.dz\/#\/schema\/logo\/image\/"},"sameAs":["https:\/\/www.facebook.com\/La-Sentinelle-104059864394773"]},{"@type":"Person","@id":"https:\/\/lasentinelle.dz\/#\/schema\/person\/d865044e22e70a75174ce8bcad3acfb3","name":"La Sentinelle","image":{"@type":"ImageObject","inLanguage":"fr-FR","@id":"https:\/\/secure.gravatar.com\/avatar\/57de8e5d4b15d43fb361a71fbb36338450fe67865b528a43dd10ef7c51a20392?s=96&d=mm&r=g","url":"https:\/\/secure.gravatar.com\/avatar\/57de8e5d4b15d43fb361a71fbb36338450fe67865b528a43dd10ef7c51a20392?s=96&d=mm&r=g","contentUrl":"https:\/\/secure.gravatar.com\/avatar\/57de8e5d4b15d43fb361a71fbb36338450fe67865b528a43dd10ef7c51a20392?s=96&d=mm&r=g","caption":"La Sentinelle"},"sameAs":["http:\/\/www.lasentinelle.dz"],"url":"https:\/\/lasentinelle.dz\/author\/redaction\/"}]}},"_links":{"self":[{"href":"https:\/\/lasentinelle.dz\/index.php\/wp-json\/wp\/v2\/posts\/48734","targetHints":{"allow":["GET"]}}],"collection":[{"href":"https:\/\/lasentinelle.dz\/index.php\/wp-json\/wp\/v2\/posts"}],"about":[{"href":"https:\/\/lasentinelle.dz\/index.php\/wp-json\/wp\/v2\/types\/post"}],"author":[{"embeddable":true,"href":"https:\/\/lasentinelle.dz\/index.php\/wp-json\/wp\/v2\/users\/3"}],"replies":[{"embeddable":true,"href":"https:\/\/lasentinelle.dz\/index.php\/wp-json\/wp\/v2\/comments?post=48734"}],"version-history":[{"count":1,"href":"https:\/\/lasentinelle.dz\/index.php\/wp-json\/wp\/v2\/posts\/48734\/revisions"}],"predecessor-version":[{"id":48735,"href":"https:\/\/lasentinelle.dz\/index.php\/wp-json\/wp\/v2\/posts\/48734\/revisions\/48735"}],"wp:featuredmedia":[{"embeddable":true,"href":"https:\/\/lasentinelle.dz\/index.php\/wp-json\/wp\/v2\/media\/47913"}],"wp:attachment":[{"href":"https:\/\/lasentinelle.dz\/index.php\/wp-json\/wp\/v2\/media?parent=48734"}],"wp:term":[{"taxonomy":"category","embeddable":true,"href":"https:\/\/lasentinelle.dz\/index.php\/wp-json\/wp\/v2\/categories?post=48734"},{"taxonomy":"post_tag","embeddable":true,"href":"https:\/\/lasentinelle.dz\/index.php\/wp-json\/wp\/v2\/tags?post=48734"}],"curies":[{"name":"wp","href":"https:\/\/api.w.org\/{rel}","templated":true}]}}