{"id":48748,"date":"2024-01-15T22:38:14","date_gmt":"2024-01-15T21:38:14","guid":{"rendered":"https:\/\/lasentinelle.dz\/?p=48748"},"modified":"2024-01-15T22:38:18","modified_gmt":"2024-01-15T21:38:18","slug":"des-affectations-de-credits-specifiques-pour-le-parlement","status":"publish","type":"post","link":"https:\/\/lasentinelle.dz\/index.php\/2024\/01\/15\/des-affectations-de-credits-specifiques-pour-le-parlement\/","title":{"rendered":"Des affectations de cr\u00e9dits sp\u00e9cifiques pour le Parlement"},"content":{"rendered":"\n<p>Les deux chambres du Parlement ainsi que la Cour constitutionnelle ne sont, d\u00e9sormais, plus concern\u00e9es par certaines dispositions de la Loi organique des lois de finances, notamment celles li\u00e9es \u00e0 la performance induite par la mise en \u0153uvre des politiques publiques.<\/p>\n\n\n\n<p>En effet, les amendements introduits par les parlementaires \u00e0 la loi organique des lois de finances par le biais d\u2019une proposition de loi ont \u00e9t\u00e9 promulgu\u00e9s. La loi organique n 23-23 modifiant et compl\u00e9tant la loi organique n 18-15 du 2 septembre 2018 relative aux lois de finances, sign\u00e9e par le pr\u00e9sident de la R\u00e9publique, Abdelmadjid Tebboune le 31 d\u00e9cembre dernier a \u00e9t\u00e9 publi\u00e9e dans le premier Journal officiel de l\u2019ann\u00e9e 2024. Cet amendement a pour objectif de r\u00e9soudre la probl\u00e9matique li\u00e9e \u00e0 l&rsquo;application de la loi organique 18-15 pour les institutions l\u00e9gislatives, celles-ci ne pouvant pas \u00eatre soumises aux m\u00eames proc\u00e9dures d&rsquo;application et de contr\u00f4le applicables aux budgets des diff\u00e9rents secteurs ayant des programmes et des objectifs bien d\u00e9finis. En r\u00e9alit\u00e9, les parlementaires ont introduit un amendement devant r\u00e9pondre \u00e0 leur souci de pr\u00e9server l\u2019autonomie financi\u00e8re des instances parlementaires, tandis que l\u2019Ex\u00e9cutif a d\u00e9fendu ses pr\u00e9occupations li\u00e9es \u00e0 l\u2019efficience dans l\u2019ex\u00e9cution du budget et le contr\u00f4le des d\u00e9penses publiques. Au bout des d\u00e9bats au niveau des deux chambres une formule consensuelle \u00e9t\u00e9 valider devant consacrer \u00ab\u00a0le principe de s\u00e9paration des pouvoirs dans le cadre de la compl\u00e9mentarit\u00e9\u00a0\u00bb. Ainsi les deux chambres du Parlement et la Cour constitutionnelle ne seront pas ainsi concern\u00e9es par \u00ab\u00a0la performance\u00a0\u00bb induite par la mise en \u0153uvre des politiques publiques en mati\u00e8re de gestion budg\u00e9taire. Les amendements approuv\u00e9s ont port\u00e9 sur l&rsquo;article 23 de la loi organique des lois de finances, en instituant la notion \u00ab\u00a0affectation sp\u00e9ciale\u00a0\u00bb pour les instances parlementaires pour la diff\u00e9rencier de la notion \u00ab\u00a0affectation\u00a0\u00bb pr\u00e9vue dans la loi organique 18-15. Les affectations sp\u00e9ciales regroupent les cr\u00e9dits destin\u00e9s au recouvrement des d\u00e9penses des deux chambres du Parlement et de la Cour constitutionnelle et constituent des portefeuilles d&rsquo;affectations sp\u00e9ciales, mis \u00e0 la disposition des responsables de ces institutions, est-il stipul\u00e9 dans cette<\/p>\n\n\n\n<p>nouvelle loi organique.En vertu de ce nouveau texte, les cr\u00e9dits sont r\u00e9partis, en vertu d&rsquo;un d\u00e9cret d\u00e9taill\u00e9, en fonction d&rsquo;affectations sp\u00e9ciales et de titres, constituant ainsi, un ordre de paiement dans les comptes des institutions concern\u00e9es.<\/p>\n\n\n\n<p>La r\u00e9partition initiale des cr\u00e9dits d&rsquo;affectations sp\u00e9ciales peut \u00eatre modifi\u00e9e au cours de l&rsquo;ann\u00e9e, par le biais de transfert ou de virement, est-il \u00e9galement mentionn\u00e9 dans le texte, ajoutant que les dispositions du pr\u00e9sent article prennent effet, \u00ab\u00a0\u00e0 compter de la date de promulgation de la loi de finances pour 2024\u00a0\u00bb.<\/p>\n\n\n\n<p>La r\u00e9vision de la loi organique relative aux lois de finances a \u00e9t\u00e9 approuv\u00e9e par une d\u00e9cision \u00e9manant de la Cour constitutionnelle \u00e9mise apr\u00e8s une saisine par le pr\u00e9sident de la R\u00e9publique, par lettre datant du 10 d\u00e9cembre dernier, aux fins d&rsquo;examiner la constitutionnalit\u00e9 de la loi organique modifi\u00e9e et compl\u00e9t\u00e9e.<\/p>\n\n\n\n<p>Samir Benisid<\/p>\n","protected":false},"excerpt":{"rendered":"<p>Les deux chambres du Parlement ainsi que la Cour constitutionnelle ne sont, d\u00e9sormais, plus concern\u00e9es par certaines dispositions de la<\/p>\n","protected":false},"author":3,"featured_media":46579,"comment_status":"open","ping_status":"closed","sticky":false,"template":"","format":"standard","meta":{"colormag_page_container_layout":"default_layout","colormag_page_sidebar_layout":"default_layout","om_disable_all_campaigns":false,"_monsterinsights_skip_tracking":false,"_monsterinsights_sitenote_active":false,"_monsterinsights_sitenote_note":"","_monsterinsights_sitenote_category":0,"footnotes":"","_wpscppro_dont_share_socialmedia":false,"_wpscppro_custom_social_share_image":0,"_facebook_share_type":"","_twitter_share_type":"","_linkedin_share_type":"","_pinterest_share_type":"","_linkedin_share_type_page":"","_instagram_share_type":"","_medium_share_type":"","_threads_share_type":"","_google_business_share_type":"","_selected_social_profile":[],"_wpsp_enable_custom_social_template":false,"_wpsp_social_scheduling":{"enabled":false,"datetime":null,"platforms":[],"status":"template_only","dateOption":"today","timeOption":"now","customDays":"","customHours":"","customDate":"","customTime":"","schedulingType":"absolute"},"_wpsp_active_default_template":true},"categories":[27],"tags":[],"class_list":["post-48748","post","type-post","status-publish","format-standard","has-post-thumbnail","hentry","category-actualite"],"aioseo_notices":[],"yoast_head":"<!-- This site is optimized with the Yoast SEO plugin v27.5 - https:\/\/yoast.com\/product\/yoast-seo-wordpress\/ -->\n<title>Des affectations de cr\u00e9dits sp\u00e9cifiques pour le Parlement - La Sentinelle<\/title>\n<meta name=\"robots\" content=\"index, follow, max-snippet:-1, max-image-preview:large, max-video-preview:-1\" \/>\n<link rel=\"canonical\" href=\"https:\/\/lasentinelle.dz\/index.php\/2024\/01\/15\/des-affectations-de-credits-specifiques-pour-le-parlement\/\" \/>\n<meta property=\"og:locale\" content=\"fr_FR\" \/>\n<meta property=\"og:type\" content=\"article\" \/>\n<meta property=\"og:title\" content=\"Des affectations de cr\u00e9dits sp\u00e9cifiques pour le Parlement - La Sentinelle\" \/>\n<meta property=\"og:description\" content=\"Les deux chambres du Parlement ainsi que la Cour constitutionnelle ne sont, d\u00e9sormais, plus concern\u00e9es par certaines dispositions de la\" \/>\n<meta property=\"og:url\" content=\"https:\/\/lasentinelle.dz\/index.php\/2024\/01\/15\/des-affectations-de-credits-specifiques-pour-le-parlement\/\" \/>\n<meta property=\"og:site_name\" content=\"La Sentinelle\" \/>\n<meta property=\"article:publisher\" content=\"https:\/\/www.facebook.com\/La-Sentinelle-104059864394773\" \/>\n<meta property=\"article:published_time\" content=\"2024-01-15T21:38:14+00:00\" \/>\n<meta property=\"article:modified_time\" content=\"2024-01-15T21:38:18+00:00\" \/>\n<meta property=\"og:image\" content=\"https:\/\/lasentinelle.dz\/wp-content\/uploads\/2023\/10\/apn-.jpeg\" \/>\n\t<meta property=\"og:image:width\" content=\"700\" \/>\n\t<meta property=\"og:image:height\" content=\"499\" \/>\n\t<meta property=\"og:image:type\" content=\"image\/jpeg\" \/>\n<meta name=\"author\" content=\"La Sentinelle\" \/>\n<meta name=\"twitter:card\" content=\"summary_large_image\" \/>\n<meta name=\"twitter:label1\" content=\"\u00c9crit par\" \/>\n\t<meta name=\"twitter:data1\" content=\"La Sentinelle\" \/>\n\t<meta name=\"twitter:label2\" content=\"Dur\u00e9e de lecture estim\u00e9e\" \/>\n\t<meta name=\"twitter:data2\" content=\"3 minutes\" \/>\n<script type=\"application\/ld+json\" class=\"yoast-schema-graph\">{\"@context\":\"https:\\\/\\\/schema.org\",\"@graph\":[{\"@type\":\"Article\",\"@id\":\"https:\\\/\\\/lasentinelle.dz\\\/index.php\\\/2024\\\/01\\\/15\\\/des-affectations-de-credits-specifiques-pour-le-parlement\\\/#article\",\"isPartOf\":{\"@id\":\"https:\\\/\\\/lasentinelle.dz\\\/index.php\\\/2024\\\/01\\\/15\\\/des-affectations-de-credits-specifiques-pour-le-parlement\\\/\"},\"author\":{\"name\":\"La Sentinelle\",\"@id\":\"https:\\\/\\\/lasentinelle.dz\\\/#\\\/schema\\\/person\\\/d865044e22e70a75174ce8bcad3acfb3\"},\"headline\":\"Des affectations de cr\u00e9dits sp\u00e9cifiques pour le Parlement\",\"datePublished\":\"2024-01-15T21:38:14+00:00\",\"dateModified\":\"2024-01-15T21:38:18+00:00\",\"mainEntityOfPage\":{\"@id\":\"https:\\\/\\\/lasentinelle.dz\\\/index.php\\\/2024\\\/01\\\/15\\\/des-affectations-de-credits-specifiques-pour-le-parlement\\\/\"},\"wordCount\":560,\"commentCount\":0,\"publisher\":{\"@id\":\"https:\\\/\\\/lasentinelle.dz\\\/#organization\"},\"image\":{\"@id\":\"https:\\\/\\\/lasentinelle.dz\\\/index.php\\\/2024\\\/01\\\/15\\\/des-affectations-de-credits-specifiques-pour-le-parlement\\\/#primaryimage\"},\"thumbnailUrl\":\"https:\\\/\\\/lasentinelle.dz\\\/wp-content\\\/uploads\\\/2023\\\/10\\\/apn-.jpeg\",\"articleSection\":[\"Actualit\u00e9\"],\"inLanguage\":\"fr-FR\",\"potentialAction\":[{\"@type\":\"CommentAction\",\"name\":\"Comment\",\"target\":[\"https:\\\/\\\/lasentinelle.dz\\\/index.php\\\/2024\\\/01\\\/15\\\/des-affectations-de-credits-specifiques-pour-le-parlement\\\/#respond\"]}]},{\"@type\":\"WebPage\",\"@id\":\"https:\\\/\\\/lasentinelle.dz\\\/index.php\\\/2024\\\/01\\\/15\\\/des-affectations-de-credits-specifiques-pour-le-parlement\\\/\",\"url\":\"https:\\\/\\\/lasentinelle.dz\\\/index.php\\\/2024\\\/01\\\/15\\\/des-affectations-de-credits-specifiques-pour-le-parlement\\\/\",\"name\":\"Des affectations de cr\u00e9dits sp\u00e9cifiques pour le Parlement - La Sentinelle\",\"isPartOf\":{\"@id\":\"https:\\\/\\\/lasentinelle.dz\\\/#website\"},\"primaryImageOfPage\":{\"@id\":\"https:\\\/\\\/lasentinelle.dz\\\/index.php\\\/2024\\\/01\\\/15\\\/des-affectations-de-credits-specifiques-pour-le-parlement\\\/#primaryimage\"},\"image\":{\"@id\":\"https:\\\/\\\/lasentinelle.dz\\\/index.php\\\/2024\\\/01\\\/15\\\/des-affectations-de-credits-specifiques-pour-le-parlement\\\/#primaryimage\"},\"thumbnailUrl\":\"https:\\\/\\\/lasentinelle.dz\\\/wp-content\\\/uploads\\\/2023\\\/10\\\/apn-.jpeg\",\"datePublished\":\"2024-01-15T21:38:14+00:00\",\"dateModified\":\"2024-01-15T21:38:18+00:00\",\"breadcrumb\":{\"@id\":\"https:\\\/\\\/lasentinelle.dz\\\/index.php\\\/2024\\\/01\\\/15\\\/des-affectations-de-credits-specifiques-pour-le-parlement\\\/#breadcrumb\"},\"inLanguage\":\"fr-FR\",\"potentialAction\":[{\"@type\":\"ReadAction\",\"target\":[\"https:\\\/\\\/lasentinelle.dz\\\/index.php\\\/2024\\\/01\\\/15\\\/des-affectations-de-credits-specifiques-pour-le-parlement\\\/\"]}]},{\"@type\":\"ImageObject\",\"inLanguage\":\"fr-FR\",\"@id\":\"https:\\\/\\\/lasentinelle.dz\\\/index.php\\\/2024\\\/01\\\/15\\\/des-affectations-de-credits-specifiques-pour-le-parlement\\\/#primaryimage\",\"url\":\"https:\\\/\\\/lasentinelle.dz\\\/wp-content\\\/uploads\\\/2023\\\/10\\\/apn-.jpeg\",\"contentUrl\":\"https:\\\/\\\/lasentinelle.dz\\\/wp-content\\\/uploads\\\/2023\\\/10\\\/apn-.jpeg\",\"width\":700,\"height\":499},{\"@type\":\"BreadcrumbList\",\"@id\":\"https:\\\/\\\/lasentinelle.dz\\\/index.php\\\/2024\\\/01\\\/15\\\/des-affectations-de-credits-specifiques-pour-le-parlement\\\/#breadcrumb\",\"itemListElement\":[{\"@type\":\"ListItem\",\"position\":1,\"name\":\"Accueil\",\"item\":\"https:\\\/\\\/lasentinelle.dz\\\/\"},{\"@type\":\"ListItem\",\"position\":2,\"name\":\"Des affectations de cr\u00e9dits sp\u00e9cifiques pour le Parlement\"}]},{\"@type\":\"WebSite\",\"@id\":\"https:\\\/\\\/lasentinelle.dz\\\/#website\",\"url\":\"https:\\\/\\\/lasentinelle.dz\\\/\",\"name\":\"La Sentinelle\",\"description\":\"Quotidien national d&#039;information\",\"publisher\":{\"@id\":\"https:\\\/\\\/lasentinelle.dz\\\/#organization\"},\"potentialAction\":[{\"@type\":\"SearchAction\",\"target\":{\"@type\":\"EntryPoint\",\"urlTemplate\":\"https:\\\/\\\/lasentinelle.dz\\\/?s={search_term_string}\"},\"query-input\":{\"@type\":\"PropertyValueSpecification\",\"valueRequired\":true,\"valueName\":\"search_term_string\"}}],\"inLanguage\":\"fr-FR\"},{\"@type\":\"Organization\",\"@id\":\"https:\\\/\\\/lasentinelle.dz\\\/#organization\",\"name\":\"Quotidien La Sentinelle\",\"url\":\"https:\\\/\\\/lasentinelle.dz\\\/\",\"logo\":{\"@type\":\"ImageObject\",\"inLanguage\":\"fr-FR\",\"@id\":\"https:\\\/\\\/lasentinelle.dz\\\/#\\\/schema\\\/logo\\\/image\\\/\",\"url\":\"https:\\\/\\\/lasentinelle.dz\\\/wp-content\\\/uploads\\\/2021\\\/09\\\/logo-sentinelleSLOGAN-1.png\",\"contentUrl\":\"https:\\\/\\\/lasentinelle.dz\\\/wp-content\\\/uploads\\\/2021\\\/09\\\/logo-sentinelleSLOGAN-1.png\",\"width\":615,\"height\":142,\"caption\":\"Quotidien La Sentinelle\"},\"image\":{\"@id\":\"https:\\\/\\\/lasentinelle.dz\\\/#\\\/schema\\\/logo\\\/image\\\/\"},\"sameAs\":[\"https:\\\/\\\/www.facebook.com\\\/La-Sentinelle-104059864394773\"]},{\"@type\":\"Person\",\"@id\":\"https:\\\/\\\/lasentinelle.dz\\\/#\\\/schema\\\/person\\\/d865044e22e70a75174ce8bcad3acfb3\",\"name\":\"La Sentinelle\",\"image\":{\"@type\":\"ImageObject\",\"inLanguage\":\"fr-FR\",\"@id\":\"https:\\\/\\\/secure.gravatar.com\\\/avatar\\\/57de8e5d4b15d43fb361a71fbb36338450fe67865b528a43dd10ef7c51a20392?s=96&d=mm&r=g\",\"url\":\"https:\\\/\\\/secure.gravatar.com\\\/avatar\\\/57de8e5d4b15d43fb361a71fbb36338450fe67865b528a43dd10ef7c51a20392?s=96&d=mm&r=g\",\"contentUrl\":\"https:\\\/\\\/secure.gravatar.com\\\/avatar\\\/57de8e5d4b15d43fb361a71fbb36338450fe67865b528a43dd10ef7c51a20392?s=96&d=mm&r=g\",\"caption\":\"La Sentinelle\"},\"sameAs\":[\"http:\\\/\\\/www.lasentinelle.dz\"],\"url\":\"https:\\\/\\\/lasentinelle.dz\\\/author\\\/redaction\\\/\"}]}<\/script>\n<!-- \/ Yoast SEO plugin. -->","yoast_head_json":{"title":"Des affectations de cr\u00e9dits sp\u00e9cifiques pour le Parlement - La Sentinelle","robots":{"index":"index","follow":"follow","max-snippet":"max-snippet:-1","max-image-preview":"max-image-preview:large","max-video-preview":"max-video-preview:-1"},"canonical":"https:\/\/lasentinelle.dz\/index.php\/2024\/01\/15\/des-affectations-de-credits-specifiques-pour-le-parlement\/","og_locale":"fr_FR","og_type":"article","og_title":"Des affectations de cr\u00e9dits sp\u00e9cifiques pour le Parlement - La Sentinelle","og_description":"Les deux chambres du Parlement ainsi que la Cour constitutionnelle ne sont, d\u00e9sormais, plus concern\u00e9es par certaines dispositions de la","og_url":"https:\/\/lasentinelle.dz\/index.php\/2024\/01\/15\/des-affectations-de-credits-specifiques-pour-le-parlement\/","og_site_name":"La Sentinelle","article_publisher":"https:\/\/www.facebook.com\/La-Sentinelle-104059864394773","article_published_time":"2024-01-15T21:38:14+00:00","article_modified_time":"2024-01-15T21:38:18+00:00","og_image":[{"width":700,"height":499,"url":"https:\/\/lasentinelle.dz\/wp-content\/uploads\/2023\/10\/apn-.jpeg","type":"image\/jpeg"}],"author":"La Sentinelle","twitter_card":"summary_large_image","twitter_misc":{"\u00c9crit par":"La Sentinelle","Dur\u00e9e de lecture estim\u00e9e":"3 minutes"},"schema":{"@context":"https:\/\/schema.org","@graph":[{"@type":"Article","@id":"https:\/\/lasentinelle.dz\/index.php\/2024\/01\/15\/des-affectations-de-credits-specifiques-pour-le-parlement\/#article","isPartOf":{"@id":"https:\/\/lasentinelle.dz\/index.php\/2024\/01\/15\/des-affectations-de-credits-specifiques-pour-le-parlement\/"},"author":{"name":"La Sentinelle","@id":"https:\/\/lasentinelle.dz\/#\/schema\/person\/d865044e22e70a75174ce8bcad3acfb3"},"headline":"Des affectations de cr\u00e9dits sp\u00e9cifiques pour le Parlement","datePublished":"2024-01-15T21:38:14+00:00","dateModified":"2024-01-15T21:38:18+00:00","mainEntityOfPage":{"@id":"https:\/\/lasentinelle.dz\/index.php\/2024\/01\/15\/des-affectations-de-credits-specifiques-pour-le-parlement\/"},"wordCount":560,"commentCount":0,"publisher":{"@id":"https:\/\/lasentinelle.dz\/#organization"},"image":{"@id":"https:\/\/lasentinelle.dz\/index.php\/2024\/01\/15\/des-affectations-de-credits-specifiques-pour-le-parlement\/#primaryimage"},"thumbnailUrl":"https:\/\/lasentinelle.dz\/wp-content\/uploads\/2023\/10\/apn-.jpeg","articleSection":["Actualit\u00e9"],"inLanguage":"fr-FR","potentialAction":[{"@type":"CommentAction","name":"Comment","target":["https:\/\/lasentinelle.dz\/index.php\/2024\/01\/15\/des-affectations-de-credits-specifiques-pour-le-parlement\/#respond"]}]},{"@type":"WebPage","@id":"https:\/\/lasentinelle.dz\/index.php\/2024\/01\/15\/des-affectations-de-credits-specifiques-pour-le-parlement\/","url":"https:\/\/lasentinelle.dz\/index.php\/2024\/01\/15\/des-affectations-de-credits-specifiques-pour-le-parlement\/","name":"Des affectations de cr\u00e9dits sp\u00e9cifiques pour le Parlement - La Sentinelle","isPartOf":{"@id":"https:\/\/lasentinelle.dz\/#website"},"primaryImageOfPage":{"@id":"https:\/\/lasentinelle.dz\/index.php\/2024\/01\/15\/des-affectations-de-credits-specifiques-pour-le-parlement\/#primaryimage"},"image":{"@id":"https:\/\/lasentinelle.dz\/index.php\/2024\/01\/15\/des-affectations-de-credits-specifiques-pour-le-parlement\/#primaryimage"},"thumbnailUrl":"https:\/\/lasentinelle.dz\/wp-content\/uploads\/2023\/10\/apn-.jpeg","datePublished":"2024-01-15T21:38:14+00:00","dateModified":"2024-01-15T21:38:18+00:00","breadcrumb":{"@id":"https:\/\/lasentinelle.dz\/index.php\/2024\/01\/15\/des-affectations-de-credits-specifiques-pour-le-parlement\/#breadcrumb"},"inLanguage":"fr-FR","potentialAction":[{"@type":"ReadAction","target":["https:\/\/lasentinelle.dz\/index.php\/2024\/01\/15\/des-affectations-de-credits-specifiques-pour-le-parlement\/"]}]},{"@type":"ImageObject","inLanguage":"fr-FR","@id":"https:\/\/lasentinelle.dz\/index.php\/2024\/01\/15\/des-affectations-de-credits-specifiques-pour-le-parlement\/#primaryimage","url":"https:\/\/lasentinelle.dz\/wp-content\/uploads\/2023\/10\/apn-.jpeg","contentUrl":"https:\/\/lasentinelle.dz\/wp-content\/uploads\/2023\/10\/apn-.jpeg","width":700,"height":499},{"@type":"BreadcrumbList","@id":"https:\/\/lasentinelle.dz\/index.php\/2024\/01\/15\/des-affectations-de-credits-specifiques-pour-le-parlement\/#breadcrumb","itemListElement":[{"@type":"ListItem","position":1,"name":"Accueil","item":"https:\/\/lasentinelle.dz\/"},{"@type":"ListItem","position":2,"name":"Des affectations de cr\u00e9dits sp\u00e9cifiques pour le Parlement"}]},{"@type":"WebSite","@id":"https:\/\/lasentinelle.dz\/#website","url":"https:\/\/lasentinelle.dz\/","name":"La Sentinelle","description":"Quotidien national d&#039;information","publisher":{"@id":"https:\/\/lasentinelle.dz\/#organization"},"potentialAction":[{"@type":"SearchAction","target":{"@type":"EntryPoint","urlTemplate":"https:\/\/lasentinelle.dz\/?s={search_term_string}"},"query-input":{"@type":"PropertyValueSpecification","valueRequired":true,"valueName":"search_term_string"}}],"inLanguage":"fr-FR"},{"@type":"Organization","@id":"https:\/\/lasentinelle.dz\/#organization","name":"Quotidien La Sentinelle","url":"https:\/\/lasentinelle.dz\/","logo":{"@type":"ImageObject","inLanguage":"fr-FR","@id":"https:\/\/lasentinelle.dz\/#\/schema\/logo\/image\/","url":"https:\/\/lasentinelle.dz\/wp-content\/uploads\/2021\/09\/logo-sentinelleSLOGAN-1.png","contentUrl":"https:\/\/lasentinelle.dz\/wp-content\/uploads\/2021\/09\/logo-sentinelleSLOGAN-1.png","width":615,"height":142,"caption":"Quotidien La Sentinelle"},"image":{"@id":"https:\/\/lasentinelle.dz\/#\/schema\/logo\/image\/"},"sameAs":["https:\/\/www.facebook.com\/La-Sentinelle-104059864394773"]},{"@type":"Person","@id":"https:\/\/lasentinelle.dz\/#\/schema\/person\/d865044e22e70a75174ce8bcad3acfb3","name":"La Sentinelle","image":{"@type":"ImageObject","inLanguage":"fr-FR","@id":"https:\/\/secure.gravatar.com\/avatar\/57de8e5d4b15d43fb361a71fbb36338450fe67865b528a43dd10ef7c51a20392?s=96&d=mm&r=g","url":"https:\/\/secure.gravatar.com\/avatar\/57de8e5d4b15d43fb361a71fbb36338450fe67865b528a43dd10ef7c51a20392?s=96&d=mm&r=g","contentUrl":"https:\/\/secure.gravatar.com\/avatar\/57de8e5d4b15d43fb361a71fbb36338450fe67865b528a43dd10ef7c51a20392?s=96&d=mm&r=g","caption":"La Sentinelle"},"sameAs":["http:\/\/www.lasentinelle.dz"],"url":"https:\/\/lasentinelle.dz\/author\/redaction\/"}]}},"_links":{"self":[{"href":"https:\/\/lasentinelle.dz\/index.php\/wp-json\/wp\/v2\/posts\/48748","targetHints":{"allow":["GET"]}}],"collection":[{"href":"https:\/\/lasentinelle.dz\/index.php\/wp-json\/wp\/v2\/posts"}],"about":[{"href":"https:\/\/lasentinelle.dz\/index.php\/wp-json\/wp\/v2\/types\/post"}],"author":[{"embeddable":true,"href":"https:\/\/lasentinelle.dz\/index.php\/wp-json\/wp\/v2\/users\/3"}],"replies":[{"embeddable":true,"href":"https:\/\/lasentinelle.dz\/index.php\/wp-json\/wp\/v2\/comments?post=48748"}],"version-history":[{"count":1,"href":"https:\/\/lasentinelle.dz\/index.php\/wp-json\/wp\/v2\/posts\/48748\/revisions"}],"predecessor-version":[{"id":48749,"href":"https:\/\/lasentinelle.dz\/index.php\/wp-json\/wp\/v2\/posts\/48748\/revisions\/48749"}],"wp:featuredmedia":[{"embeddable":true,"href":"https:\/\/lasentinelle.dz\/index.php\/wp-json\/wp\/v2\/media\/46579"}],"wp:attachment":[{"href":"https:\/\/lasentinelle.dz\/index.php\/wp-json\/wp\/v2\/media?parent=48748"}],"wp:term":[{"taxonomy":"category","embeddable":true,"href":"https:\/\/lasentinelle.dz\/index.php\/wp-json\/wp\/v2\/categories?post=48748"},{"taxonomy":"post_tag","embeddable":true,"href":"https:\/\/lasentinelle.dz\/index.php\/wp-json\/wp\/v2\/tags?post=48748"}],"curies":[{"name":"wp","href":"https:\/\/api.w.org\/{rel}","templated":true}]}}