{"id":48757,"date":"2024-01-15T22:46:26","date_gmt":"2024-01-15T21:46:26","guid":{"rendered":"https:\/\/lasentinelle.dz\/?p=48757"},"modified":"2024-01-15T22:46:28","modified_gmt":"2024-01-15T21:46:28","slug":"le-soutien-de-lalgerie-a-la-cause-palestinienne-reaffirme","status":"publish","type":"post","link":"https:\/\/lasentinelle.dz\/index.php\/2024\/01\/15\/le-soutien-de-lalgerie-a-la-cause-palestinienne-reaffirme\/","title":{"rendered":"Le soutien de l\u2019Alg\u00e9rie \u00e0 la cause palestinienne r\u00e9affirm\u00e9"},"content":{"rendered":"\n<p>Le Chef d&rsquo;Etat-major de l&rsquo;Arm\u00e9e nationale populaire (ANP), le G\u00e9n\u00e9ral d&rsquo;Arm\u00e9e Sa\u00efd Chanegriha, a appel\u00e9, hier depuis Oran, \u00e0 adh\u00e9rer au projet de renaissance de l&rsquo;Alg\u00e9rie nouvelle.<\/p>\n\n\n\n<p>Le Chef d&rsquo;Etat-major de l&rsquo;Arm\u00e9e nationale populaire (ANP), le G\u00e9n\u00e9ral d&rsquo;Arm\u00e9e Sa\u00efd Chanegriha, a r\u00e9affirm\u00e9 hier, lors d\u2019une visite \u00e0 Oran, en 2<sup>e<\/sup> R\u00e9gion militaire, les positions immuables de l\u2019Alg\u00e9rie de soutien aux causes justes, \u00e0 l\u2019image de la cause palestinienne et de la cause saharaoui. Selon un communiqu\u00e9 du minist\u00e8re de la D\u00e9fense nationale, le G\u00e9n\u00e9ral d&rsquo;Arm\u00e9e Sa\u00efd Chanegriha a effectu\u00e9 hier une visite en 2<sup>e<\/sup> R\u00e9gion militaire, et au cours de laquelle a prononc\u00e9 une allocution d\u2019orientation, diffus\u00e9e par visioconf\u00e9rence \u00e0 travers l\u2019ensemble des unit\u00e9s de la R\u00e9gion et dans laquelle il a soulign\u00e9 que \u00ab\u00a0l\u2019Alg\u00e9rie qui a subi les affres du colonialisme, restera fid\u00e8le \u00e0 ses positions envers les causes justes \u00e0 travers le monde, \u00e0 leur t\u00eate les questions palestinienne et sahraouie\u00a0\u00bb. \u00ab\u00a0Concernant cette question centrale et intangible dans notre politique \u00e9trang\u00e8re, le soutien de l\u2019Alg\u00e9rie \u00e9tait clair, traduit par les d\u00e9clarations officielles des hautes autorit\u00e9s du pays, condamnant les agressions contre le peuple palestinien, et la d\u00e9cision d\u2019accueillir les bless\u00e9s, notamment les enfants, dans les h\u00f4pitaux nationaux, et l\u2019envoi d\u2019aides humanitaires et m\u00e9dicales aux Palestiniens \u00e0 Gaza\u00a0\u00bb, a indiqu\u00e9 le Chef de l\u2019\u00c9tat-major de l\u2019ANP.\u00a0\u00bbEn effet, l\u2019Alg\u00e9rie a pris l\u2019engagement de soutenir les causes justes, \u00e0 l\u2019instar des causes sahraouie et palestinienne, parce qu\u2019elle a, elle-m\u00eame, subi les affres du colonialisme et qu\u2019elle estime \u00e0 sa juste valeur le soutien t\u00e9moign\u00e9 par les libres de ce monde \u00e0 sa cause et \u00e0 son droit l\u00e9gitime \u00e0 l\u2019autod\u00e9termination. C\u2019est pour cette m\u00eame raison qu\u2019elle lutte, aujourd\u2019hui, par tous les moyens, dans le respect de la l\u00e9galit\u00e9 internationale, pour trouver des solutions \u00e0 toutes les questions justes\u00a0\u00bb, a-t-il ajout\u00e9. Le G\u00e9n\u00e9ral d\u2019Arm\u00e9e a, en outre, \u00ab\u00a0fait l\u2019\u00e9loge des grandes \u00e9tapes franchies par notre pays, durant les derni\u00e8res ann\u00e9es, en appelant tous les patriotes \u00e0 adh\u00e9rer au projet de renaissance de l\u2019Alg\u00e9rie nouvelle\u00a0\u00bb. Il a ainsi appel\u00e9 \u00ab\u00a0patriotes sinc\u00e8res\u00a0\u00bb \u00e0 adh\u00e9rer au projet de renaissance de l&rsquo;Alg\u00e9rie nouvelle, afin de d\u00e9jouer tous les desseins hostiles visant la s\u00e9curit\u00e9 et la stabilit\u00e9 du pays. \u00ab\u00a0Dans l\u2019objectif de d\u00e9jouer tous les desseins hostiles qui visent la s\u00e9curit\u00e9 et la stabilit\u00e9 de notre pays, les patriotes sinc\u00e8res sont appel\u00e9s \u00e0 consentir et \u00e0 f\u00e9d\u00e9rer tous les efforts, tout en adh\u00e9rant au projet de renaissance de l\u2019Alg\u00e9rie nouvelle conduit, avec rigueur, pers\u00e9v\u00e9rance et forte d\u00e9termination par Monsieur Abdelmadjid Tebboune, pr\u00e9sident de la R\u00e9publique, chef supr\u00eame des Forces arm\u00e9es, ministre de la D\u00e9fense nationale qui, dans son discours r\u00e9f\u00e9rentiel et historique devant les d\u00e9put\u00e9s des deux chambres du Parlement, a mis en exergue, avec chiffres \u00e0 l\u2019appui, les grandes \u00e9tapes franchies par notre pays durant les quatre derni\u00e8res ann\u00e9es sur la voie du d\u00e9veloppement et du progr\u00e8s. Au sein de l\u2019Arm\u00e9e nationale populaire, nous sommes enti\u00e8rement confiants en la r\u00e9ussite de ce processus national sinc\u00e8re, au service du pays et du citoyen\u00a0\u00bb, a-t-il affirm\u00e9.<\/p>\n\n\n\n<p><strong>Chokri Hafed<\/strong><\/p>\n","protected":false},"excerpt":{"rendered":"<p>Le Chef d&rsquo;Etat-major de l&rsquo;Arm\u00e9e nationale populaire (ANP), le G\u00e9n\u00e9ral d&rsquo;Arm\u00e9e Sa\u00efd Chanegriha, a appel\u00e9, hier depuis Oran, \u00e0 adh\u00e9rer<\/p>\n","protected":false},"author":3,"featured_media":48758,"comment_status":"open","ping_status":"closed","sticky":false,"template":"","format":"standard","meta":{"colormag_page_container_layout":"default_layout","colormag_page_sidebar_layout":"default_layout","om_disable_all_campaigns":false,"_monsterinsights_skip_tracking":false,"_monsterinsights_sitenote_active":false,"_monsterinsights_sitenote_note":"","_monsterinsights_sitenote_category":0,"footnotes":"","_wpscppro_dont_share_socialmedia":false,"_wpscppro_custom_social_share_image":0,"_facebook_share_type":"","_twitter_share_type":"","_linkedin_share_type":"","_pinterest_share_type":"","_linkedin_share_type_page":"","_instagram_share_type":"","_medium_share_type":"","_threads_share_type":"","_google_business_share_type":"","_selected_social_profile":[],"_wpsp_enable_custom_social_template":false,"_wpsp_social_scheduling":{"enabled":false,"datetime":null,"platforms":[],"status":"template_only","dateOption":"today","timeOption":"now","customDays":"","customHours":"","customDate":"","customTime":"","schedulingType":"absolute"},"_wpsp_active_default_template":true},"categories":[52,27],"tags":[],"class_list":["post-48757","post","type-post","status-publish","format-standard","has-post-thumbnail","hentry","category-a-la-une","category-actualite"],"aioseo_notices":[],"yoast_head":"<!-- This site is optimized with the Yoast SEO plugin v27.5 - https:\/\/yoast.com\/product\/yoast-seo-wordpress\/ -->\n<title>Le soutien de l\u2019Alg\u00e9rie \u00e0 la cause palestinienne r\u00e9affirm\u00e9 - La Sentinelle<\/title>\n<meta name=\"robots\" content=\"index, follow, max-snippet:-1, max-image-preview:large, max-video-preview:-1\" \/>\n<link rel=\"canonical\" href=\"https:\/\/lasentinelle.dz\/index.php\/2024\/01\/15\/le-soutien-de-lalgerie-a-la-cause-palestinienne-reaffirme\/\" \/>\n<meta property=\"og:locale\" content=\"fr_FR\" \/>\n<meta property=\"og:type\" content=\"article\" \/>\n<meta property=\"og:title\" content=\"Le soutien de l\u2019Alg\u00e9rie \u00e0 la cause palestinienne r\u00e9affirm\u00e9 - La Sentinelle\" \/>\n<meta property=\"og:description\" content=\"Le Chef d&rsquo;Etat-major de l&rsquo;Arm\u00e9e nationale populaire (ANP), le G\u00e9n\u00e9ral d&rsquo;Arm\u00e9e Sa\u00efd Chanegriha, a appel\u00e9, hier depuis Oran, \u00e0 adh\u00e9rer\" \/>\n<meta property=\"og:url\" content=\"https:\/\/lasentinelle.dz\/index.php\/2024\/01\/15\/le-soutien-de-lalgerie-a-la-cause-palestinienne-reaffirme\/\" \/>\n<meta property=\"og:site_name\" content=\"La Sentinelle\" \/>\n<meta property=\"article:publisher\" content=\"https:\/\/www.facebook.com\/La-Sentinelle-104059864394773\" \/>\n<meta property=\"article:published_time\" content=\"2024-01-15T21:46:26+00:00\" \/>\n<meta property=\"article:modified_time\" content=\"2024-01-15T21:46:28+00:00\" \/>\n<meta property=\"og:image\" content=\"https:\/\/lasentinelle.dz\/wp-content\/uploads\/2024\/01\/chane.jpg\" \/>\n\t<meta property=\"og:image:width\" content=\"1670\" \/>\n\t<meta property=\"og:image:height\" content=\"1114\" \/>\n\t<meta property=\"og:image:type\" content=\"image\/jpeg\" \/>\n<meta name=\"author\" content=\"La Sentinelle\" \/>\n<meta name=\"twitter:card\" content=\"summary_large_image\" \/>\n<meta name=\"twitter:label1\" content=\"\u00c9crit par\" \/>\n\t<meta name=\"twitter:data1\" content=\"La Sentinelle\" \/>\n\t<meta name=\"twitter:label2\" content=\"Dur\u00e9e de lecture estim\u00e9e\" \/>\n\t<meta name=\"twitter:data2\" content=\"3 minutes\" \/>\n<script type=\"application\/ld+json\" class=\"yoast-schema-graph\">{\"@context\":\"https:\\\/\\\/schema.org\",\"@graph\":[{\"@type\":\"Article\",\"@id\":\"https:\\\/\\\/lasentinelle.dz\\\/index.php\\\/2024\\\/01\\\/15\\\/le-soutien-de-lalgerie-a-la-cause-palestinienne-reaffirme\\\/#article\",\"isPartOf\":{\"@id\":\"https:\\\/\\\/lasentinelle.dz\\\/index.php\\\/2024\\\/01\\\/15\\\/le-soutien-de-lalgerie-a-la-cause-palestinienne-reaffirme\\\/\"},\"author\":{\"name\":\"La Sentinelle\",\"@id\":\"https:\\\/\\\/lasentinelle.dz\\\/#\\\/schema\\\/person\\\/d865044e22e70a75174ce8bcad3acfb3\"},\"headline\":\"Le soutien de l\u2019Alg\u00e9rie \u00e0 la cause palestinienne r\u00e9affirm\u00e9\",\"datePublished\":\"2024-01-15T21:46:26+00:00\",\"dateModified\":\"2024-01-15T21:46:28+00:00\",\"mainEntityOfPage\":{\"@id\":\"https:\\\/\\\/lasentinelle.dz\\\/index.php\\\/2024\\\/01\\\/15\\\/le-soutien-de-lalgerie-a-la-cause-palestinienne-reaffirme\\\/\"},\"wordCount\":614,\"commentCount\":0,\"publisher\":{\"@id\":\"https:\\\/\\\/lasentinelle.dz\\\/#organization\"},\"image\":{\"@id\":\"https:\\\/\\\/lasentinelle.dz\\\/index.php\\\/2024\\\/01\\\/15\\\/le-soutien-de-lalgerie-a-la-cause-palestinienne-reaffirme\\\/#primaryimage\"},\"thumbnailUrl\":\"https:\\\/\\\/lasentinelle.dz\\\/wp-content\\\/uploads\\\/2024\\\/01\\\/chane.jpg\",\"articleSection\":[\"\u00c0 la Une\",\"Actualit\u00e9\"],\"inLanguage\":\"fr-FR\",\"potentialAction\":[{\"@type\":\"CommentAction\",\"name\":\"Comment\",\"target\":[\"https:\\\/\\\/lasentinelle.dz\\\/index.php\\\/2024\\\/01\\\/15\\\/le-soutien-de-lalgerie-a-la-cause-palestinienne-reaffirme\\\/#respond\"]}]},{\"@type\":\"WebPage\",\"@id\":\"https:\\\/\\\/lasentinelle.dz\\\/index.php\\\/2024\\\/01\\\/15\\\/le-soutien-de-lalgerie-a-la-cause-palestinienne-reaffirme\\\/\",\"url\":\"https:\\\/\\\/lasentinelle.dz\\\/index.php\\\/2024\\\/01\\\/15\\\/le-soutien-de-lalgerie-a-la-cause-palestinienne-reaffirme\\\/\",\"name\":\"Le soutien de l\u2019Alg\u00e9rie \u00e0 la cause palestinienne r\u00e9affirm\u00e9 - La Sentinelle\",\"isPartOf\":{\"@id\":\"https:\\\/\\\/lasentinelle.dz\\\/#website\"},\"primaryImageOfPage\":{\"@id\":\"https:\\\/\\\/lasentinelle.dz\\\/index.php\\\/2024\\\/01\\\/15\\\/le-soutien-de-lalgerie-a-la-cause-palestinienne-reaffirme\\\/#primaryimage\"},\"image\":{\"@id\":\"https:\\\/\\\/lasentinelle.dz\\\/index.php\\\/2024\\\/01\\\/15\\\/le-soutien-de-lalgerie-a-la-cause-palestinienne-reaffirme\\\/#primaryimage\"},\"thumbnailUrl\":\"https:\\\/\\\/lasentinelle.dz\\\/wp-content\\\/uploads\\\/2024\\\/01\\\/chane.jpg\",\"datePublished\":\"2024-01-15T21:46:26+00:00\",\"dateModified\":\"2024-01-15T21:46:28+00:00\",\"breadcrumb\":{\"@id\":\"https:\\\/\\\/lasentinelle.dz\\\/index.php\\\/2024\\\/01\\\/15\\\/le-soutien-de-lalgerie-a-la-cause-palestinienne-reaffirme\\\/#breadcrumb\"},\"inLanguage\":\"fr-FR\",\"potentialAction\":[{\"@type\":\"ReadAction\",\"target\":[\"https:\\\/\\\/lasentinelle.dz\\\/index.php\\\/2024\\\/01\\\/15\\\/le-soutien-de-lalgerie-a-la-cause-palestinienne-reaffirme\\\/\"]}]},{\"@type\":\"ImageObject\",\"inLanguage\":\"fr-FR\",\"@id\":\"https:\\\/\\\/lasentinelle.dz\\\/index.php\\\/2024\\\/01\\\/15\\\/le-soutien-de-lalgerie-a-la-cause-palestinienne-reaffirme\\\/#primaryimage\",\"url\":\"https:\\\/\\\/lasentinelle.dz\\\/wp-content\\\/uploads\\\/2024\\\/01\\\/chane.jpg\",\"contentUrl\":\"https:\\\/\\\/lasentinelle.dz\\\/wp-content\\\/uploads\\\/2024\\\/01\\\/chane.jpg\",\"width\":1670,\"height\":1114},{\"@type\":\"BreadcrumbList\",\"@id\":\"https:\\\/\\\/lasentinelle.dz\\\/index.php\\\/2024\\\/01\\\/15\\\/le-soutien-de-lalgerie-a-la-cause-palestinienne-reaffirme\\\/#breadcrumb\",\"itemListElement\":[{\"@type\":\"ListItem\",\"position\":1,\"name\":\"Accueil\",\"item\":\"https:\\\/\\\/lasentinelle.dz\\\/\"},{\"@type\":\"ListItem\",\"position\":2,\"name\":\"Le soutien de l\u2019Alg\u00e9rie \u00e0 la cause palestinienne r\u00e9affirm\u00e9\"}]},{\"@type\":\"WebSite\",\"@id\":\"https:\\\/\\\/lasentinelle.dz\\\/#website\",\"url\":\"https:\\\/\\\/lasentinelle.dz\\\/\",\"name\":\"La Sentinelle\",\"description\":\"Quotidien national d&#039;information\",\"publisher\":{\"@id\":\"https:\\\/\\\/lasentinelle.dz\\\/#organization\"},\"potentialAction\":[{\"@type\":\"SearchAction\",\"target\":{\"@type\":\"EntryPoint\",\"urlTemplate\":\"https:\\\/\\\/lasentinelle.dz\\\/?s={search_term_string}\"},\"query-input\":{\"@type\":\"PropertyValueSpecification\",\"valueRequired\":true,\"valueName\":\"search_term_string\"}}],\"inLanguage\":\"fr-FR\"},{\"@type\":\"Organization\",\"@id\":\"https:\\\/\\\/lasentinelle.dz\\\/#organization\",\"name\":\"Quotidien La Sentinelle\",\"url\":\"https:\\\/\\\/lasentinelle.dz\\\/\",\"logo\":{\"@type\":\"ImageObject\",\"inLanguage\":\"fr-FR\",\"@id\":\"https:\\\/\\\/lasentinelle.dz\\\/#\\\/schema\\\/logo\\\/image\\\/\",\"url\":\"https:\\\/\\\/lasentinelle.dz\\\/wp-content\\\/uploads\\\/2021\\\/09\\\/logo-sentinelleSLOGAN-1.png\",\"contentUrl\":\"https:\\\/\\\/lasentinelle.dz\\\/wp-content\\\/uploads\\\/2021\\\/09\\\/logo-sentinelleSLOGAN-1.png\",\"width\":615,\"height\":142,\"caption\":\"Quotidien La Sentinelle\"},\"image\":{\"@id\":\"https:\\\/\\\/lasentinelle.dz\\\/#\\\/schema\\\/logo\\\/image\\\/\"},\"sameAs\":[\"https:\\\/\\\/www.facebook.com\\\/La-Sentinelle-104059864394773\"]},{\"@type\":\"Person\",\"@id\":\"https:\\\/\\\/lasentinelle.dz\\\/#\\\/schema\\\/person\\\/d865044e22e70a75174ce8bcad3acfb3\",\"name\":\"La Sentinelle\",\"image\":{\"@type\":\"ImageObject\",\"inLanguage\":\"fr-FR\",\"@id\":\"https:\\\/\\\/secure.gravatar.com\\\/avatar\\\/57de8e5d4b15d43fb361a71fbb36338450fe67865b528a43dd10ef7c51a20392?s=96&d=mm&r=g\",\"url\":\"https:\\\/\\\/secure.gravatar.com\\\/avatar\\\/57de8e5d4b15d43fb361a71fbb36338450fe67865b528a43dd10ef7c51a20392?s=96&d=mm&r=g\",\"contentUrl\":\"https:\\\/\\\/secure.gravatar.com\\\/avatar\\\/57de8e5d4b15d43fb361a71fbb36338450fe67865b528a43dd10ef7c51a20392?s=96&d=mm&r=g\",\"caption\":\"La Sentinelle\"},\"sameAs\":[\"http:\\\/\\\/www.lasentinelle.dz\"],\"url\":\"https:\\\/\\\/lasentinelle.dz\\\/author\\\/redaction\\\/\"}]}<\/script>\n<!-- \/ Yoast SEO plugin. -->","yoast_head_json":{"title":"Le soutien de l\u2019Alg\u00e9rie \u00e0 la cause palestinienne r\u00e9affirm\u00e9 - La Sentinelle","robots":{"index":"index","follow":"follow","max-snippet":"max-snippet:-1","max-image-preview":"max-image-preview:large","max-video-preview":"max-video-preview:-1"},"canonical":"https:\/\/lasentinelle.dz\/index.php\/2024\/01\/15\/le-soutien-de-lalgerie-a-la-cause-palestinienne-reaffirme\/","og_locale":"fr_FR","og_type":"article","og_title":"Le soutien de l\u2019Alg\u00e9rie \u00e0 la cause palestinienne r\u00e9affirm\u00e9 - La Sentinelle","og_description":"Le Chef d&rsquo;Etat-major de l&rsquo;Arm\u00e9e nationale populaire (ANP), le G\u00e9n\u00e9ral d&rsquo;Arm\u00e9e Sa\u00efd Chanegriha, a appel\u00e9, hier depuis Oran, \u00e0 adh\u00e9rer","og_url":"https:\/\/lasentinelle.dz\/index.php\/2024\/01\/15\/le-soutien-de-lalgerie-a-la-cause-palestinienne-reaffirme\/","og_site_name":"La Sentinelle","article_publisher":"https:\/\/www.facebook.com\/La-Sentinelle-104059864394773","article_published_time":"2024-01-15T21:46:26+00:00","article_modified_time":"2024-01-15T21:46:28+00:00","og_image":[{"width":1670,"height":1114,"url":"https:\/\/lasentinelle.dz\/wp-content\/uploads\/2024\/01\/chane.jpg","type":"image\/jpeg"}],"author":"La Sentinelle","twitter_card":"summary_large_image","twitter_misc":{"\u00c9crit par":"La Sentinelle","Dur\u00e9e de lecture estim\u00e9e":"3 minutes"},"schema":{"@context":"https:\/\/schema.org","@graph":[{"@type":"Article","@id":"https:\/\/lasentinelle.dz\/index.php\/2024\/01\/15\/le-soutien-de-lalgerie-a-la-cause-palestinienne-reaffirme\/#article","isPartOf":{"@id":"https:\/\/lasentinelle.dz\/index.php\/2024\/01\/15\/le-soutien-de-lalgerie-a-la-cause-palestinienne-reaffirme\/"},"author":{"name":"La Sentinelle","@id":"https:\/\/lasentinelle.dz\/#\/schema\/person\/d865044e22e70a75174ce8bcad3acfb3"},"headline":"Le soutien de l\u2019Alg\u00e9rie \u00e0 la cause palestinienne r\u00e9affirm\u00e9","datePublished":"2024-01-15T21:46:26+00:00","dateModified":"2024-01-15T21:46:28+00:00","mainEntityOfPage":{"@id":"https:\/\/lasentinelle.dz\/index.php\/2024\/01\/15\/le-soutien-de-lalgerie-a-la-cause-palestinienne-reaffirme\/"},"wordCount":614,"commentCount":0,"publisher":{"@id":"https:\/\/lasentinelle.dz\/#organization"},"image":{"@id":"https:\/\/lasentinelle.dz\/index.php\/2024\/01\/15\/le-soutien-de-lalgerie-a-la-cause-palestinienne-reaffirme\/#primaryimage"},"thumbnailUrl":"https:\/\/lasentinelle.dz\/wp-content\/uploads\/2024\/01\/chane.jpg","articleSection":["\u00c0 la Une","Actualit\u00e9"],"inLanguage":"fr-FR","potentialAction":[{"@type":"CommentAction","name":"Comment","target":["https:\/\/lasentinelle.dz\/index.php\/2024\/01\/15\/le-soutien-de-lalgerie-a-la-cause-palestinienne-reaffirme\/#respond"]}]},{"@type":"WebPage","@id":"https:\/\/lasentinelle.dz\/index.php\/2024\/01\/15\/le-soutien-de-lalgerie-a-la-cause-palestinienne-reaffirme\/","url":"https:\/\/lasentinelle.dz\/index.php\/2024\/01\/15\/le-soutien-de-lalgerie-a-la-cause-palestinienne-reaffirme\/","name":"Le soutien de l\u2019Alg\u00e9rie \u00e0 la cause palestinienne r\u00e9affirm\u00e9 - La Sentinelle","isPartOf":{"@id":"https:\/\/lasentinelle.dz\/#website"},"primaryImageOfPage":{"@id":"https:\/\/lasentinelle.dz\/index.php\/2024\/01\/15\/le-soutien-de-lalgerie-a-la-cause-palestinienne-reaffirme\/#primaryimage"},"image":{"@id":"https:\/\/lasentinelle.dz\/index.php\/2024\/01\/15\/le-soutien-de-lalgerie-a-la-cause-palestinienne-reaffirme\/#primaryimage"},"thumbnailUrl":"https:\/\/lasentinelle.dz\/wp-content\/uploads\/2024\/01\/chane.jpg","datePublished":"2024-01-15T21:46:26+00:00","dateModified":"2024-01-15T21:46:28+00:00","breadcrumb":{"@id":"https:\/\/lasentinelle.dz\/index.php\/2024\/01\/15\/le-soutien-de-lalgerie-a-la-cause-palestinienne-reaffirme\/#breadcrumb"},"inLanguage":"fr-FR","potentialAction":[{"@type":"ReadAction","target":["https:\/\/lasentinelle.dz\/index.php\/2024\/01\/15\/le-soutien-de-lalgerie-a-la-cause-palestinienne-reaffirme\/"]}]},{"@type":"ImageObject","inLanguage":"fr-FR","@id":"https:\/\/lasentinelle.dz\/index.php\/2024\/01\/15\/le-soutien-de-lalgerie-a-la-cause-palestinienne-reaffirme\/#primaryimage","url":"https:\/\/lasentinelle.dz\/wp-content\/uploads\/2024\/01\/chane.jpg","contentUrl":"https:\/\/lasentinelle.dz\/wp-content\/uploads\/2024\/01\/chane.jpg","width":1670,"height":1114},{"@type":"BreadcrumbList","@id":"https:\/\/lasentinelle.dz\/index.php\/2024\/01\/15\/le-soutien-de-lalgerie-a-la-cause-palestinienne-reaffirme\/#breadcrumb","itemListElement":[{"@type":"ListItem","position":1,"name":"Accueil","item":"https:\/\/lasentinelle.dz\/"},{"@type":"ListItem","position":2,"name":"Le soutien de l\u2019Alg\u00e9rie \u00e0 la cause palestinienne r\u00e9affirm\u00e9"}]},{"@type":"WebSite","@id":"https:\/\/lasentinelle.dz\/#website","url":"https:\/\/lasentinelle.dz\/","name":"La Sentinelle","description":"Quotidien national d&#039;information","publisher":{"@id":"https:\/\/lasentinelle.dz\/#organization"},"potentialAction":[{"@type":"SearchAction","target":{"@type":"EntryPoint","urlTemplate":"https:\/\/lasentinelle.dz\/?s={search_term_string}"},"query-input":{"@type":"PropertyValueSpecification","valueRequired":true,"valueName":"search_term_string"}}],"inLanguage":"fr-FR"},{"@type":"Organization","@id":"https:\/\/lasentinelle.dz\/#organization","name":"Quotidien La Sentinelle","url":"https:\/\/lasentinelle.dz\/","logo":{"@type":"ImageObject","inLanguage":"fr-FR","@id":"https:\/\/lasentinelle.dz\/#\/schema\/logo\/image\/","url":"https:\/\/lasentinelle.dz\/wp-content\/uploads\/2021\/09\/logo-sentinelleSLOGAN-1.png","contentUrl":"https:\/\/lasentinelle.dz\/wp-content\/uploads\/2021\/09\/logo-sentinelleSLOGAN-1.png","width":615,"height":142,"caption":"Quotidien La Sentinelle"},"image":{"@id":"https:\/\/lasentinelle.dz\/#\/schema\/logo\/image\/"},"sameAs":["https:\/\/www.facebook.com\/La-Sentinelle-104059864394773"]},{"@type":"Person","@id":"https:\/\/lasentinelle.dz\/#\/schema\/person\/d865044e22e70a75174ce8bcad3acfb3","name":"La Sentinelle","image":{"@type":"ImageObject","inLanguage":"fr-FR","@id":"https:\/\/secure.gravatar.com\/avatar\/57de8e5d4b15d43fb361a71fbb36338450fe67865b528a43dd10ef7c51a20392?s=96&d=mm&r=g","url":"https:\/\/secure.gravatar.com\/avatar\/57de8e5d4b15d43fb361a71fbb36338450fe67865b528a43dd10ef7c51a20392?s=96&d=mm&r=g","contentUrl":"https:\/\/secure.gravatar.com\/avatar\/57de8e5d4b15d43fb361a71fbb36338450fe67865b528a43dd10ef7c51a20392?s=96&d=mm&r=g","caption":"La Sentinelle"},"sameAs":["http:\/\/www.lasentinelle.dz"],"url":"https:\/\/lasentinelle.dz\/author\/redaction\/"}]}},"_links":{"self":[{"href":"https:\/\/lasentinelle.dz\/index.php\/wp-json\/wp\/v2\/posts\/48757","targetHints":{"allow":["GET"]}}],"collection":[{"href":"https:\/\/lasentinelle.dz\/index.php\/wp-json\/wp\/v2\/posts"}],"about":[{"href":"https:\/\/lasentinelle.dz\/index.php\/wp-json\/wp\/v2\/types\/post"}],"author":[{"embeddable":true,"href":"https:\/\/lasentinelle.dz\/index.php\/wp-json\/wp\/v2\/users\/3"}],"replies":[{"embeddable":true,"href":"https:\/\/lasentinelle.dz\/index.php\/wp-json\/wp\/v2\/comments?post=48757"}],"version-history":[{"count":1,"href":"https:\/\/lasentinelle.dz\/index.php\/wp-json\/wp\/v2\/posts\/48757\/revisions"}],"predecessor-version":[{"id":48759,"href":"https:\/\/lasentinelle.dz\/index.php\/wp-json\/wp\/v2\/posts\/48757\/revisions\/48759"}],"wp:featuredmedia":[{"embeddable":true,"href":"https:\/\/lasentinelle.dz\/index.php\/wp-json\/wp\/v2\/media\/48758"}],"wp:attachment":[{"href":"https:\/\/lasentinelle.dz\/index.php\/wp-json\/wp\/v2\/media?parent=48757"}],"wp:term":[{"taxonomy":"category","embeddable":true,"href":"https:\/\/lasentinelle.dz\/index.php\/wp-json\/wp\/v2\/categories?post=48757"},{"taxonomy":"post_tag","embeddable":true,"href":"https:\/\/lasentinelle.dz\/index.php\/wp-json\/wp\/v2\/tags?post=48757"}],"curies":[{"name":"wp","href":"https:\/\/api.w.org\/{rel}","templated":true}]}}