{"id":48781,"date":"2024-01-17T13:34:16","date_gmt":"2024-01-17T12:34:16","guid":{"rendered":"https:\/\/lasentinelle.dz\/?p=48781"},"modified":"2024-01-17T13:34:18","modified_gmt":"2024-01-17T12:34:18","slug":"can-2023-les-verts-sous-pression","status":"publish","type":"post","link":"https:\/\/lasentinelle.dz\/index.php\/2024\/01\/17\/can-2023-les-verts-sous-pression\/","title":{"rendered":"CAN-2023\u00a0: Les \u00ab\u00a0Verts\u00a0\u00bb sous pression"},"content":{"rendered":"\n<p>Malgr\u00e9 un d\u00e9but de match prometteur, les Verts ont \u00e9t\u00e9 mis en \u00e9chec par les Angolais, lundi soir \u00e0 Bouak\u00e9 en conc\u00e9dant un nul (1-1). Les prot\u00e9g\u00e9s de Djamel Belmadi ont fait preuve d\u2019une d\u00e9bauche d\u2019\u00e9nergie en premi\u00e8re mi-temps, domin\u00e9 les d\u00e9bats et r\u00e9ussi \u00e0 ouvrir le score par le biais de Bounedjah d\u00e8s la 18<sup>e<\/sup> minute. Ils ont r\u00e9ussi \u00e0 s\u2019offrir plusieurs opportunit\u00e9s mais manqu\u00e9 d\u2019efficacit\u00e9 et ont \u00e9chou\u00e9 \u00e0 faire le break avant la mi-temps. En seconde p\u00e9riode, ils ont d\u00e9montr\u00e9 leurs faiblesses sur le plan physique et lev\u00e9 le pied et laisse l\u2019occasion \u00e0 l\u2019adversaire de revenir. Les Verts se mettent d\u00e9j\u00e0 en difficult\u00e9 en ne prenant qu\u2019un point et se retrouve second du groupe D, alors que le Burkina Faso qui a battu hier la Mauritanie sur le fil sur le score de 1-0, prend la t\u00eate de la poule avec 3 points.<\/p>\n\n\n\n<p>Pourtant, les choses avaient relativement bien d\u00e9marr\u00e9 pour les Verts, qui \u00e9taient bien rentr\u00e9s dans ce match et qui avaient r\u00e9ussi \u00e0 se procurer leur premi\u00e8re belle occasion d\u00e8s la septi\u00e8me minute de jeu, gr\u00e2ce \u00e0 Far\u00e8s Cha\u00efbi, dont la reprise de vol\u00e9e \u00e9tait pass\u00e9e l\u00e9g\u00e8rement \u00e0 c\u00f4t\u00e9.Deux minutes plus tard, et suite \u00e0 un nouveau mouvement collectif des Verts, le capitaine Ryad Mahrez a adress\u00e9 une belle passe \u00e0 destination de Youcef Bela\u00efli, qui s&rsquo;est infiltr\u00e9 sur le c\u00f4t\u00e9 gauche avant de repiquer dans l&rsquo;axe pour mieux s&rsquo;ouvrir le chemin du but, mais son tir crois\u00e9 a \u00e9t\u00e9 assez facilement capt\u00e9 par le gardien.Les efforts des Alg\u00e9riens ont fini par \u00eatre r\u00e9compens\u00e9s \u00e0 la 19e minute de jeu, lorsque Baghdad Bounedjah a b\u00e9n\u00e9fici\u00e9 d&rsquo;une belle passe en profondeur de la part de Youcef Bela\u00efli, pour se pr\u00e9senter seul devant le gardien adverse, avant de le tromper d&rsquo;un tir crois\u00e9 de l&rsquo;ext\u00e9rieur du pied droit (1-0). Loin d&rsquo;\u00eatre rassasi\u00e9s, les Verts sont repartis aussit\u00f4t \u00e0 l&rsquo;abordage avec l&rsquo;espoir de marquer d&rsquo;autres buts, ce qui a failli arriver d\u00e8s la 25e minute de jeu, lorsque&nbsp; Bounedjah avait r\u00e9ussi un joli contr\u00f4le de la poitrine au point de p\u00e9nalty, avant d&rsquo;encha\u00eener par un superbe retourn\u00e9 acrobatique qui a fait mouche. Malheureusement pour lui, l&rsquo;arbitre S\u00e9n\u00e9galais a d\u00e9cid\u00e9 de refuser ce but, pour une position de hors jeu au d\u00e9part de l&rsquo;action. La derni\u00e8re occasion qui m\u00e9rite d&rsquo;\u00eatre signal\u00e9e en premi\u00e8re mi-temps \u00e9tait \u00e9galement alg\u00e9rienne et c&rsquo;est ce m\u00eame Bounedjah qui d&rsquo;une belle t\u00eate crois\u00e9e \u00e0 la 38e minute de jeu, apr\u00e8s un centre tendu, c\u00f4t\u00e9 gauche, de la part de Rayan A\u00eft Nouri, a failli faire mouche.C\u00f4t\u00e9 angolais, la seule v\u00e9ritable action en premi\u00e8re mi-temps est intervenue \u00e0 la 30eminute de jeu, suite \u00e0 une b\u00e9vue d&rsquo;A\u00efssa Mandi dans l&rsquo;axe de la d\u00e9fense. Une erreur d&rsquo;appr\u00e9ciation qui avait profit\u00e9 au capitaine Alfredo Ribeiro, mais son tir est pass\u00e9 l\u00e9g\u00e8rement au-dessus.Apr\u00e8s la pause, les Palencas Negras sont revenues avec de meilleures intentions et avec une nette d\u00e9termination de revenir dans le match. Ils ont logiquement domin\u00e9 le d\u00e9but de la seconde p\u00e9riode, devant un adversaire qui a recul\u00e9 d&rsquo;un cran, et qui se contentait de jouer le contre.Jacinto Dala a \u00e9t\u00e9 le premier \u00e0 se mettre en \u00e9vidence, d&rsquo;un tir dans l&rsquo;angle ferm\u00e9, mais le ballon est finalement pass\u00e9 largement hors cadre (63e). Deux minutes plus tard, et suite \u00e0 un nouveau mouvement collectif des Angolais, le milieu de terrain Nabil Bentaleb, en position de d\u00e9fenseur central, a \u00e9t\u00e9 contraint de conc\u00e9der un p\u00e9nalty, apr\u00e8s une faute sur le fra\u00eechement incorpor\u00e9, Cristovao Paciencia.Ce dernier a d\u00e9cid\u00e9 de se faire justice lui-m\u00eame et a r\u00e9ussi \u00e0 battre le gardien alg\u00e9rien (68&prime;).<\/p>\n\n\n\n<p>Sentant la victoire leur \u00e9chapper, les Verts ont d\u00e9cid\u00e9 de repartir \u00e0 l&rsquo;abordage aussit\u00f4t apr\u00e8s la remise en jeu, avec l&rsquo;espoir de reprendre l&rsquo;avantage au score. Rayan A\u00eft Nouri a \u00e9t\u00e9 le premier \u00e0 se montrer dangereux, en d\u00e9cochant une lourde frappe des 25 m\u00e8tres, malheureusement pour lui, le ballon s&rsquo;est d\u00e9rob\u00e9 du cadre avant de sortir largement \u00e0 c\u00f4t\u00e9.La derni\u00e8re occasion du match \u00e9tait alg\u00e9rienne et elle est survenue sur balle arr\u00eat\u00e9e dans le temps additionnel, mais sans succ\u00e8s.&nbsp; Les Angolais ont r\u00e9ussi \u00e0 pr\u00e9server le r\u00e9sultat nul jusqu&rsquo;au coup de sifflet final, au grand dam des Verts, qui avaient esp\u00e9r\u00e9 d\u00e9marrer cette nouvelle \u00e9pop\u00e9e par une victoire.Lors de la conf\u00e9rence de presse d\u2019apr\u00e8s-match, le s\u00e9lectionneur national Djamel Belmadi, d\u00e9pit\u00e9, a expliqu\u00e9 cette contre-performance par \u00a0\u00bb ce moment faible\u00a0\u00bb travers\u00e9 par les joueurs en seconde p\u00e9riode, qui a suffi \u00e0 l\u2019adversaire d\u2019\u00e9galiser sur penalty (68e) apr\u00e8s une faute en surface de Bentaleb.\u00a0\u00bb La deuxi\u00e8me mi-temps n\u2019\u00e9tait pas \u00e0 l\u2019image de la premi\u00e8re p\u00e9riode o\u00f9 on aurait pu \u00eatre plus tueurs et marquer ce deuxi\u00e8me but qui aurait pu nous mettre \u00e0 l\u2019abri. Le moment faible n\u2019a pas dur\u00e9 longtemps pour nous, mais cela a suffi pour nous faire mal, c\u2019est douloureux et cruel\u00a0\u00bb, a regrett\u00e9 le coach national.Sur un plan purement tactique, l&rsquo;\u00e9quipe nationale a manqu\u00e9 d\u2019id\u00e9es apr\u00e8s l\u2019\u00e9galisation, en d\u00e9pit des cinq changements op\u00e9r\u00e9s par Belmadi. L\u2019entr\u00e9e de Slimani, Ounas, Aouar, Zerrouki, et Guitoun, n\u2019a rien rapport\u00e9. M\u00eame si les Alg\u00e9riens ont r\u00e9ussi \u00e0 avoir la possession de balle (66%) et obtenir 14 corners inexploit\u00e9s, ils ont p\u00each\u00e9 par un manque de r\u00e9alisme face \u00e0 une \u00e9quipe angolaise qui aurait m\u00eame pu pr\u00e9tendre \u00e0 la victoire.Le capitaine Riyad Mahrez a pris ses responsabilit\u00e9s en zone mixte, en refusant de dramatiser la chose.\u00a0\u00bb C\u2019est un r\u00e9sultat amer et frustrant. Nous avons domin\u00e9 la premi\u00e8re p\u00e9riode de A \u00e0 Z, ils n\u2019ont rien eu. On aurait du tuer le match, on ne l\u2019a pas fait. Ce sont les al\u00e9as du football, \u00e0 nous de r\u00e9gler cette petite p\u00e9riode de flottement. Ce n\u2019est pas la crise, on retient le positif, on ne doit pas commencer \u00e0 se tirer dessus, ou bien pointer du doigt qui que ce soit. Il nous reste encore deux matchs, \u00e0 nous de rebondir\u00a0\u00bb. Lors du prochain match l&rsquo;Alg\u00e9rie affrontera le Burkina Faso samedi \u00e0 15h00. Les Verts auront la double-difficult\u00e9 d\u2019affronter sous la chaleur l\u2019adversaire qui semble \u00eatre le plus difficile de ce groupe. Et ils n\u2019auront pas droit \u00e0 l\u2019erreur. Concernant l&rsquo;effectif, Djamel Belmadi doit apporter des correctifs lors de la prochaine confrontation d\u00e9j\u00e0 d\u00e9cisive. Des changements n\u2019ont pas \u00e0 exclure samedi face aux \u00ab\u00a0Etalons\u00a0\u00bb, d\u2019autant que certains joueurs \u00e0 l\u2019image de Bentaleb ont d\u00e9\u00e7u.<\/p>\n\n\n\n<p>R.S.<\/p>\n","protected":false},"excerpt":{"rendered":"<p>Malgr\u00e9 un d\u00e9but de match prometteur, les Verts ont \u00e9t\u00e9 mis en \u00e9chec par les Angolais, lundi soir \u00e0 Bouak\u00e9<\/p>\n","protected":false},"author":3,"featured_media":48782,"comment_status":"open","ping_status":"closed","sticky":false,"template":"","format":"standard","meta":{"colormag_page_container_layout":"default_layout","colormag_page_sidebar_layout":"default_layout","om_disable_all_campaigns":false,"_monsterinsights_skip_tracking":false,"_monsterinsights_sitenote_active":false,"_monsterinsights_sitenote_note":"","_monsterinsights_sitenote_category":0,"footnotes":"","_wpscppro_dont_share_socialmedia":false,"_wpscppro_custom_social_share_image":0,"_facebook_share_type":"","_twitter_share_type":"","_linkedin_share_type":"","_pinterest_share_type":"","_linkedin_share_type_page":"","_instagram_share_type":"","_medium_share_type":"","_threads_share_type":"","_google_business_share_type":"","_selected_social_profile":[],"_wpsp_enable_custom_social_template":false,"_wpsp_social_scheduling":{"enabled":false,"datetime":null,"platforms":[],"status":"template_only","dateOption":"today","timeOption":"now","customDays":"","customHours":"","customDate":"","customTime":"","schedulingType":"absolute"},"_wpsp_active_default_template":true},"categories":[52,33],"tags":[],"class_list":["post-48781","post","type-post","status-publish","format-standard","has-post-thumbnail","hentry","category-a-la-une","category-sports"],"aioseo_notices":[],"yoast_head":"<!-- This site is optimized with the Yoast SEO plugin v27.5 - https:\/\/yoast.com\/product\/yoast-seo-wordpress\/ -->\n<title>CAN-2023\u00a0: Les \u00ab\u00a0Verts\u00a0\u00bb sous pression - La Sentinelle<\/title>\n<meta name=\"robots\" content=\"index, follow, max-snippet:-1, max-image-preview:large, max-video-preview:-1\" \/>\n<link rel=\"canonical\" href=\"https:\/\/lasentinelle.dz\/index.php\/2024\/01\/17\/can-2023-les-verts-sous-pression\/\" \/>\n<meta property=\"og:locale\" content=\"fr_FR\" \/>\n<meta property=\"og:type\" content=\"article\" \/>\n<meta property=\"og:title\" content=\"CAN-2023\u00a0: Les \u00ab\u00a0Verts\u00a0\u00bb sous pression - La Sentinelle\" \/>\n<meta property=\"og:description\" content=\"Malgr\u00e9 un d\u00e9but de match prometteur, les Verts ont \u00e9t\u00e9 mis en \u00e9chec par les Angolais, lundi soir \u00e0 Bouak\u00e9\" \/>\n<meta property=\"og:url\" content=\"https:\/\/lasentinelle.dz\/index.php\/2024\/01\/17\/can-2023-les-verts-sous-pression\/\" \/>\n<meta property=\"og:site_name\" content=\"La Sentinelle\" \/>\n<meta property=\"article:publisher\" content=\"https:\/\/www.facebook.com\/La-Sentinelle-104059864394773\" \/>\n<meta property=\"article:published_time\" content=\"2024-01-17T12:34:16+00:00\" \/>\n<meta property=\"article:modified_time\" content=\"2024-01-17T12:34:18+00:00\" \/>\n<meta property=\"og:image\" content=\"https:\/\/lasentinelle.dz\/wp-content\/uploads\/2024\/01\/EN-6.jpeg\" \/>\n\t<meta property=\"og:image:width\" content=\"1620\" \/>\n\t<meta property=\"og:image:height\" content=\"1080\" \/>\n\t<meta property=\"og:image:type\" content=\"image\/jpeg\" \/>\n<meta name=\"author\" content=\"La Sentinelle\" \/>\n<meta name=\"twitter:card\" content=\"summary_large_image\" \/>\n<meta name=\"twitter:label1\" content=\"\u00c9crit par\" \/>\n\t<meta name=\"twitter:data1\" content=\"La Sentinelle\" \/>\n\t<meta name=\"twitter:label2\" content=\"Dur\u00e9e de lecture estim\u00e9e\" \/>\n\t<meta name=\"twitter:data2\" content=\"6 minutes\" \/>\n<script type=\"application\/ld+json\" class=\"yoast-schema-graph\">{\"@context\":\"https:\\\/\\\/schema.org\",\"@graph\":[{\"@type\":\"Article\",\"@id\":\"https:\\\/\\\/lasentinelle.dz\\\/index.php\\\/2024\\\/01\\\/17\\\/can-2023-les-verts-sous-pression\\\/#article\",\"isPartOf\":{\"@id\":\"https:\\\/\\\/lasentinelle.dz\\\/index.php\\\/2024\\\/01\\\/17\\\/can-2023-les-verts-sous-pression\\\/\"},\"author\":{\"name\":\"La Sentinelle\",\"@id\":\"https:\\\/\\\/lasentinelle.dz\\\/#\\\/schema\\\/person\\\/d865044e22e70a75174ce8bcad3acfb3\"},\"headline\":\"CAN-2023\u00a0: Les \u00ab\u00a0Verts\u00a0\u00bb sous pression\",\"datePublished\":\"2024-01-17T12:34:16+00:00\",\"dateModified\":\"2024-01-17T12:34:18+00:00\",\"mainEntityOfPage\":{\"@id\":\"https:\\\/\\\/lasentinelle.dz\\\/index.php\\\/2024\\\/01\\\/17\\\/can-2023-les-verts-sous-pression\\\/\"},\"wordCount\":1218,\"commentCount\":0,\"publisher\":{\"@id\":\"https:\\\/\\\/lasentinelle.dz\\\/#organization\"},\"image\":{\"@id\":\"https:\\\/\\\/lasentinelle.dz\\\/index.php\\\/2024\\\/01\\\/17\\\/can-2023-les-verts-sous-pression\\\/#primaryimage\"},\"thumbnailUrl\":\"https:\\\/\\\/lasentinelle.dz\\\/wp-content\\\/uploads\\\/2024\\\/01\\\/EN-6.jpeg\",\"articleSection\":[\"\u00c0 la Une\",\"Sports\"],\"inLanguage\":\"fr-FR\",\"potentialAction\":[{\"@type\":\"CommentAction\",\"name\":\"Comment\",\"target\":[\"https:\\\/\\\/lasentinelle.dz\\\/index.php\\\/2024\\\/01\\\/17\\\/can-2023-les-verts-sous-pression\\\/#respond\"]}]},{\"@type\":\"WebPage\",\"@id\":\"https:\\\/\\\/lasentinelle.dz\\\/index.php\\\/2024\\\/01\\\/17\\\/can-2023-les-verts-sous-pression\\\/\",\"url\":\"https:\\\/\\\/lasentinelle.dz\\\/index.php\\\/2024\\\/01\\\/17\\\/can-2023-les-verts-sous-pression\\\/\",\"name\":\"CAN-2023\u00a0: Les \u00ab\u00a0Verts\u00a0\u00bb sous pression - La Sentinelle\",\"isPartOf\":{\"@id\":\"https:\\\/\\\/lasentinelle.dz\\\/#website\"},\"primaryImageOfPage\":{\"@id\":\"https:\\\/\\\/lasentinelle.dz\\\/index.php\\\/2024\\\/01\\\/17\\\/can-2023-les-verts-sous-pression\\\/#primaryimage\"},\"image\":{\"@id\":\"https:\\\/\\\/lasentinelle.dz\\\/index.php\\\/2024\\\/01\\\/17\\\/can-2023-les-verts-sous-pression\\\/#primaryimage\"},\"thumbnailUrl\":\"https:\\\/\\\/lasentinelle.dz\\\/wp-content\\\/uploads\\\/2024\\\/01\\\/EN-6.jpeg\",\"datePublished\":\"2024-01-17T12:34:16+00:00\",\"dateModified\":\"2024-01-17T12:34:18+00:00\",\"breadcrumb\":{\"@id\":\"https:\\\/\\\/lasentinelle.dz\\\/index.php\\\/2024\\\/01\\\/17\\\/can-2023-les-verts-sous-pression\\\/#breadcrumb\"},\"inLanguage\":\"fr-FR\",\"potentialAction\":[{\"@type\":\"ReadAction\",\"target\":[\"https:\\\/\\\/lasentinelle.dz\\\/index.php\\\/2024\\\/01\\\/17\\\/can-2023-les-verts-sous-pression\\\/\"]}]},{\"@type\":\"ImageObject\",\"inLanguage\":\"fr-FR\",\"@id\":\"https:\\\/\\\/lasentinelle.dz\\\/index.php\\\/2024\\\/01\\\/17\\\/can-2023-les-verts-sous-pression\\\/#primaryimage\",\"url\":\"https:\\\/\\\/lasentinelle.dz\\\/wp-content\\\/uploads\\\/2024\\\/01\\\/EN-6.jpeg\",\"contentUrl\":\"https:\\\/\\\/lasentinelle.dz\\\/wp-content\\\/uploads\\\/2024\\\/01\\\/EN-6.jpeg\",\"width\":1620,\"height\":1080},{\"@type\":\"BreadcrumbList\",\"@id\":\"https:\\\/\\\/lasentinelle.dz\\\/index.php\\\/2024\\\/01\\\/17\\\/can-2023-les-verts-sous-pression\\\/#breadcrumb\",\"itemListElement\":[{\"@type\":\"ListItem\",\"position\":1,\"name\":\"Accueil\",\"item\":\"https:\\\/\\\/lasentinelle.dz\\\/\"},{\"@type\":\"ListItem\",\"position\":2,\"name\":\"CAN-2023\u00a0: Les \u00ab\u00a0Verts\u00a0\u00bb sous pression\"}]},{\"@type\":\"WebSite\",\"@id\":\"https:\\\/\\\/lasentinelle.dz\\\/#website\",\"url\":\"https:\\\/\\\/lasentinelle.dz\\\/\",\"name\":\"La Sentinelle\",\"description\":\"Quotidien national d&#039;information\",\"publisher\":{\"@id\":\"https:\\\/\\\/lasentinelle.dz\\\/#organization\"},\"potentialAction\":[{\"@type\":\"SearchAction\",\"target\":{\"@type\":\"EntryPoint\",\"urlTemplate\":\"https:\\\/\\\/lasentinelle.dz\\\/?s={search_term_string}\"},\"query-input\":{\"@type\":\"PropertyValueSpecification\",\"valueRequired\":true,\"valueName\":\"search_term_string\"}}],\"inLanguage\":\"fr-FR\"},{\"@type\":\"Organization\",\"@id\":\"https:\\\/\\\/lasentinelle.dz\\\/#organization\",\"name\":\"Quotidien La Sentinelle\",\"url\":\"https:\\\/\\\/lasentinelle.dz\\\/\",\"logo\":{\"@type\":\"ImageObject\",\"inLanguage\":\"fr-FR\",\"@id\":\"https:\\\/\\\/lasentinelle.dz\\\/#\\\/schema\\\/logo\\\/image\\\/\",\"url\":\"https:\\\/\\\/lasentinelle.dz\\\/wp-content\\\/uploads\\\/2021\\\/09\\\/logo-sentinelleSLOGAN-1.png\",\"contentUrl\":\"https:\\\/\\\/lasentinelle.dz\\\/wp-content\\\/uploads\\\/2021\\\/09\\\/logo-sentinelleSLOGAN-1.png\",\"width\":615,\"height\":142,\"caption\":\"Quotidien La Sentinelle\"},\"image\":{\"@id\":\"https:\\\/\\\/lasentinelle.dz\\\/#\\\/schema\\\/logo\\\/image\\\/\"},\"sameAs\":[\"https:\\\/\\\/www.facebook.com\\\/La-Sentinelle-104059864394773\"]},{\"@type\":\"Person\",\"@id\":\"https:\\\/\\\/lasentinelle.dz\\\/#\\\/schema\\\/person\\\/d865044e22e70a75174ce8bcad3acfb3\",\"name\":\"La Sentinelle\",\"image\":{\"@type\":\"ImageObject\",\"inLanguage\":\"fr-FR\",\"@id\":\"https:\\\/\\\/secure.gravatar.com\\\/avatar\\\/57de8e5d4b15d43fb361a71fbb36338450fe67865b528a43dd10ef7c51a20392?s=96&d=mm&r=g\",\"url\":\"https:\\\/\\\/secure.gravatar.com\\\/avatar\\\/57de8e5d4b15d43fb361a71fbb36338450fe67865b528a43dd10ef7c51a20392?s=96&d=mm&r=g\",\"contentUrl\":\"https:\\\/\\\/secure.gravatar.com\\\/avatar\\\/57de8e5d4b15d43fb361a71fbb36338450fe67865b528a43dd10ef7c51a20392?s=96&d=mm&r=g\",\"caption\":\"La Sentinelle\"},\"sameAs\":[\"http:\\\/\\\/www.lasentinelle.dz\"],\"url\":\"https:\\\/\\\/lasentinelle.dz\\\/author\\\/redaction\\\/\"}]}<\/script>\n<!-- \/ Yoast SEO plugin. -->","yoast_head_json":{"title":"CAN-2023\u00a0: Les \u00ab\u00a0Verts\u00a0\u00bb sous pression - La Sentinelle","robots":{"index":"index","follow":"follow","max-snippet":"max-snippet:-1","max-image-preview":"max-image-preview:large","max-video-preview":"max-video-preview:-1"},"canonical":"https:\/\/lasentinelle.dz\/index.php\/2024\/01\/17\/can-2023-les-verts-sous-pression\/","og_locale":"fr_FR","og_type":"article","og_title":"CAN-2023\u00a0: Les \u00ab\u00a0Verts\u00a0\u00bb sous pression - La Sentinelle","og_description":"Malgr\u00e9 un d\u00e9but de match prometteur, les Verts ont \u00e9t\u00e9 mis en \u00e9chec par les Angolais, lundi soir \u00e0 Bouak\u00e9","og_url":"https:\/\/lasentinelle.dz\/index.php\/2024\/01\/17\/can-2023-les-verts-sous-pression\/","og_site_name":"La Sentinelle","article_publisher":"https:\/\/www.facebook.com\/La-Sentinelle-104059864394773","article_published_time":"2024-01-17T12:34:16+00:00","article_modified_time":"2024-01-17T12:34:18+00:00","og_image":[{"width":1620,"height":1080,"url":"https:\/\/lasentinelle.dz\/wp-content\/uploads\/2024\/01\/EN-6.jpeg","type":"image\/jpeg"}],"author":"La Sentinelle","twitter_card":"summary_large_image","twitter_misc":{"\u00c9crit par":"La Sentinelle","Dur\u00e9e de lecture estim\u00e9e":"6 minutes"},"schema":{"@context":"https:\/\/schema.org","@graph":[{"@type":"Article","@id":"https:\/\/lasentinelle.dz\/index.php\/2024\/01\/17\/can-2023-les-verts-sous-pression\/#article","isPartOf":{"@id":"https:\/\/lasentinelle.dz\/index.php\/2024\/01\/17\/can-2023-les-verts-sous-pression\/"},"author":{"name":"La Sentinelle","@id":"https:\/\/lasentinelle.dz\/#\/schema\/person\/d865044e22e70a75174ce8bcad3acfb3"},"headline":"CAN-2023\u00a0: Les \u00ab\u00a0Verts\u00a0\u00bb sous pression","datePublished":"2024-01-17T12:34:16+00:00","dateModified":"2024-01-17T12:34:18+00:00","mainEntityOfPage":{"@id":"https:\/\/lasentinelle.dz\/index.php\/2024\/01\/17\/can-2023-les-verts-sous-pression\/"},"wordCount":1218,"commentCount":0,"publisher":{"@id":"https:\/\/lasentinelle.dz\/#organization"},"image":{"@id":"https:\/\/lasentinelle.dz\/index.php\/2024\/01\/17\/can-2023-les-verts-sous-pression\/#primaryimage"},"thumbnailUrl":"https:\/\/lasentinelle.dz\/wp-content\/uploads\/2024\/01\/EN-6.jpeg","articleSection":["\u00c0 la Une","Sports"],"inLanguage":"fr-FR","potentialAction":[{"@type":"CommentAction","name":"Comment","target":["https:\/\/lasentinelle.dz\/index.php\/2024\/01\/17\/can-2023-les-verts-sous-pression\/#respond"]}]},{"@type":"WebPage","@id":"https:\/\/lasentinelle.dz\/index.php\/2024\/01\/17\/can-2023-les-verts-sous-pression\/","url":"https:\/\/lasentinelle.dz\/index.php\/2024\/01\/17\/can-2023-les-verts-sous-pression\/","name":"CAN-2023\u00a0: Les \u00ab\u00a0Verts\u00a0\u00bb sous pression - La Sentinelle","isPartOf":{"@id":"https:\/\/lasentinelle.dz\/#website"},"primaryImageOfPage":{"@id":"https:\/\/lasentinelle.dz\/index.php\/2024\/01\/17\/can-2023-les-verts-sous-pression\/#primaryimage"},"image":{"@id":"https:\/\/lasentinelle.dz\/index.php\/2024\/01\/17\/can-2023-les-verts-sous-pression\/#primaryimage"},"thumbnailUrl":"https:\/\/lasentinelle.dz\/wp-content\/uploads\/2024\/01\/EN-6.jpeg","datePublished":"2024-01-17T12:34:16+00:00","dateModified":"2024-01-17T12:34:18+00:00","breadcrumb":{"@id":"https:\/\/lasentinelle.dz\/index.php\/2024\/01\/17\/can-2023-les-verts-sous-pression\/#breadcrumb"},"inLanguage":"fr-FR","potentialAction":[{"@type":"ReadAction","target":["https:\/\/lasentinelle.dz\/index.php\/2024\/01\/17\/can-2023-les-verts-sous-pression\/"]}]},{"@type":"ImageObject","inLanguage":"fr-FR","@id":"https:\/\/lasentinelle.dz\/index.php\/2024\/01\/17\/can-2023-les-verts-sous-pression\/#primaryimage","url":"https:\/\/lasentinelle.dz\/wp-content\/uploads\/2024\/01\/EN-6.jpeg","contentUrl":"https:\/\/lasentinelle.dz\/wp-content\/uploads\/2024\/01\/EN-6.jpeg","width":1620,"height":1080},{"@type":"BreadcrumbList","@id":"https:\/\/lasentinelle.dz\/index.php\/2024\/01\/17\/can-2023-les-verts-sous-pression\/#breadcrumb","itemListElement":[{"@type":"ListItem","position":1,"name":"Accueil","item":"https:\/\/lasentinelle.dz\/"},{"@type":"ListItem","position":2,"name":"CAN-2023\u00a0: Les \u00ab\u00a0Verts\u00a0\u00bb sous pression"}]},{"@type":"WebSite","@id":"https:\/\/lasentinelle.dz\/#website","url":"https:\/\/lasentinelle.dz\/","name":"La Sentinelle","description":"Quotidien national d&#039;information","publisher":{"@id":"https:\/\/lasentinelle.dz\/#organization"},"potentialAction":[{"@type":"SearchAction","target":{"@type":"EntryPoint","urlTemplate":"https:\/\/lasentinelle.dz\/?s={search_term_string}"},"query-input":{"@type":"PropertyValueSpecification","valueRequired":true,"valueName":"search_term_string"}}],"inLanguage":"fr-FR"},{"@type":"Organization","@id":"https:\/\/lasentinelle.dz\/#organization","name":"Quotidien La Sentinelle","url":"https:\/\/lasentinelle.dz\/","logo":{"@type":"ImageObject","inLanguage":"fr-FR","@id":"https:\/\/lasentinelle.dz\/#\/schema\/logo\/image\/","url":"https:\/\/lasentinelle.dz\/wp-content\/uploads\/2021\/09\/logo-sentinelleSLOGAN-1.png","contentUrl":"https:\/\/lasentinelle.dz\/wp-content\/uploads\/2021\/09\/logo-sentinelleSLOGAN-1.png","width":615,"height":142,"caption":"Quotidien La Sentinelle"},"image":{"@id":"https:\/\/lasentinelle.dz\/#\/schema\/logo\/image\/"},"sameAs":["https:\/\/www.facebook.com\/La-Sentinelle-104059864394773"]},{"@type":"Person","@id":"https:\/\/lasentinelle.dz\/#\/schema\/person\/d865044e22e70a75174ce8bcad3acfb3","name":"La Sentinelle","image":{"@type":"ImageObject","inLanguage":"fr-FR","@id":"https:\/\/secure.gravatar.com\/avatar\/57de8e5d4b15d43fb361a71fbb36338450fe67865b528a43dd10ef7c51a20392?s=96&d=mm&r=g","url":"https:\/\/secure.gravatar.com\/avatar\/57de8e5d4b15d43fb361a71fbb36338450fe67865b528a43dd10ef7c51a20392?s=96&d=mm&r=g","contentUrl":"https:\/\/secure.gravatar.com\/avatar\/57de8e5d4b15d43fb361a71fbb36338450fe67865b528a43dd10ef7c51a20392?s=96&d=mm&r=g","caption":"La Sentinelle"},"sameAs":["http:\/\/www.lasentinelle.dz"],"url":"https:\/\/lasentinelle.dz\/author\/redaction\/"}]}},"_links":{"self":[{"href":"https:\/\/lasentinelle.dz\/index.php\/wp-json\/wp\/v2\/posts\/48781","targetHints":{"allow":["GET"]}}],"collection":[{"href":"https:\/\/lasentinelle.dz\/index.php\/wp-json\/wp\/v2\/posts"}],"about":[{"href":"https:\/\/lasentinelle.dz\/index.php\/wp-json\/wp\/v2\/types\/post"}],"author":[{"embeddable":true,"href":"https:\/\/lasentinelle.dz\/index.php\/wp-json\/wp\/v2\/users\/3"}],"replies":[{"embeddable":true,"href":"https:\/\/lasentinelle.dz\/index.php\/wp-json\/wp\/v2\/comments?post=48781"}],"version-history":[{"count":2,"href":"https:\/\/lasentinelle.dz\/index.php\/wp-json\/wp\/v2\/posts\/48781\/revisions"}],"predecessor-version":[{"id":48784,"href":"https:\/\/lasentinelle.dz\/index.php\/wp-json\/wp\/v2\/posts\/48781\/revisions\/48784"}],"wp:featuredmedia":[{"embeddable":true,"href":"https:\/\/lasentinelle.dz\/index.php\/wp-json\/wp\/v2\/media\/48782"}],"wp:attachment":[{"href":"https:\/\/lasentinelle.dz\/index.php\/wp-json\/wp\/v2\/media?parent=48781"}],"wp:term":[{"taxonomy":"category","embeddable":true,"href":"https:\/\/lasentinelle.dz\/index.php\/wp-json\/wp\/v2\/categories?post=48781"},{"taxonomy":"post_tag","embeddable":true,"href":"https:\/\/lasentinelle.dz\/index.php\/wp-json\/wp\/v2\/tags?post=48781"}],"curies":[{"name":"wp","href":"https:\/\/api.w.org\/{rel}","templated":true}]}}