{"id":48789,"date":"2024-01-17T14:53:30","date_gmt":"2024-01-17T13:53:30","guid":{"rendered":"https:\/\/lasentinelle.dz\/?p=48789"},"modified":"2024-01-17T14:53:40","modified_gmt":"2024-01-17T13:53:40","slug":"le-chef-de-letat-major-de-lanp-en-2e-region-militaire-des-avancees-de-lindustrie-militaire-navale","status":"publish","type":"post","link":"https:\/\/lasentinelle.dz\/index.php\/2024\/01\/17\/le-chef-de-letat-major-de-lanp-en-2e-region-militaire-des-avancees-de-lindustrie-militaire-navale\/","title":{"rendered":"Le Chef de l\u2019\u00c9tat-major de l\u2019ANP en 2e r\u00e9gion militaire\u00a0: Des avanc\u00e9es de l\u2019industrie militaire navale"},"content":{"rendered":"\n<p>Le G\u00e9n\u00e9ral d\u2019Arm\u00e9e Sa\u00efd Chanegriha, Chef d\u2019Etat-Major de l&rsquo;Arm\u00e9e nationale populaire (ANP), s&rsquo;est rendu lundi \u00e0 la Base navale centrale de Mers-El-K\u00e9bir \u00e0 Oran, a indiqu\u00e9 hier un communiqu\u00e9 du minist\u00e8re de la D\u00e9fense nationale (MDN).\u00a0\u00bb Lors de cette visite, \u00ab\u00a0Monsieur le G\u00e9n\u00e9ral d\u2019Arm\u00e9e a suivi un expos\u00e9 pr\u00e9sent\u00e9 par Monsieur le G\u00e9n\u00e9ral-Major, Commandant des Forces navales, avant de suivre un expos\u00e9 exhaustif, pr\u00e9sent\u00e9 par le Directeur g\u00e9n\u00e9ral de l\u2019Etablissement de construction et de r\u00e9paration navales, sur l\u2019\u00e9tatd\u2019avancement des travaux des projets en cours, pour proc\u00e9der ensuite \u00e0 l\u2019inspection de la chaine de construction navale, ainsi que des unit\u00e9s et des b\u00e2timents navals relevant des entreprises \u00e9conomiques nationales, en cours de r\u00e9paration\u00a0\u00bb, ajoute la m\u00eame source. Le G\u00e9n\u00e9ral d\u2019Arm\u00e9e a proc\u00e9d\u00e9, \u00e0 l&rsquo;occasion, \u00e0 \u00ab\u00a0l\u2019inauguration et la baptisation du remorqueur fabriqu\u00e9 au niveau de l\u2019Etablissement de construction et de r\u00e9paration navales, avant d\u2019assister \u00e0 sa mise \u00e0 flot et d\u2019inspecter ce nouveau b\u00e2timent, qui vient renforcer nos Forces navales, dans le cadre du programme de d\u00e9veloppement et de modernisation de notre flotte navale\u00a0\u00bb. &nbsp;Lors de son inspection des diff\u00e9rents compartiments du navire, des explications exhaustives sur ses missions, ses composantes et ses caract\u00e9ristiques ont \u00e9t\u00e9 fournies \u00e0 Monsieur le G\u00e9n\u00e9ral d\u2019Arm\u00e9e, par le staff en charge de la r\u00e9alisation. A cette occasion, \u00ab\u00a0Monsieur le G\u00e9n\u00e9ral d\u2019Arm\u00e9e a f\u00e9licit\u00e9 tous les personnels, qui ont contribu\u00e9 \u00e0 cette importante r\u00e9alisation et les a instruits de veiller \u00e0 son entretien et son exploitation, conform\u00e9ment aux normes en vigueur\u00a0\u00bb, alors que, de leur c\u00f4t\u00e9, \u00ab\u00a0les membres du staff charg\u00e9 de la construction du remorqueur ont exprim\u00e9 leur fiert\u00e9 de cette r\u00e9alisation, qui constitue une valeur ajout\u00e9e \u00e0 la flotte de nos Forces navales. Le G\u00e9n\u00e9ral d&rsquo;Arm\u00e9e Sa\u00efd Chanegriha, a par ailleurs pr\u00e9sid\u00e9, hier au deuxi\u00e8me jour de sa visite de travail et d\u2019inspection \u00e0 la 2e R\u00e9gion militaire, la c\u00e9r\u00e9monie d\u2019inauguration du Cercle de Garnison de l\u2019ANP \u00e0 Ain-Safra, indique le minist\u00e8re de la D\u00e9fense nationale dans un communiqu\u00e9.\u00a0\u00bbAu deuxi\u00e8me jour de sa visite en 2e R\u00e9gion militaire, Monsieur le G\u00e9n\u00e9ral d&rsquo;Arm\u00e9e Sa\u00efd Chanegriha, Chef d\u2019Etat-major de l\u2019ANP, s&rsquo;est rendu, aujourd&rsquo;hui mardi 16 janvier 2024, \u00e0 Ain-Safra, o\u00f9 il a \u00e9t\u00e9 accueilli par le Commandant de la 36e Brigade d&rsquo;infanterie m\u00e9canis\u00e9e\u00a0\u00bb, pr\u00e9cise la m\u00eame source. Apr\u00e8s la c\u00e9r\u00e9monie d&rsquo;accueil, le G\u00e9n\u00e9ral d&rsquo;Arm\u00e9e, accompagn\u00e9 du commandant de la 2e R\u00e9gion militaire, du directeur du service social et du directeur central des infrastructures militaires, a pr\u00e9sid\u00e9 la c\u00e9r\u00e9monie d&rsquo;inauguration du Cercle de Garnison de l&rsquo;ANP d&rsquo;Ain-Safra, o\u00f9 il a suivi \u00ab\u00a0des expos\u00e9s d\u00e9taill\u00e9s sur cette importante infrastructure sociale, dont la r\u00e9alisation s&rsquo;inscrit dans le cadre de la concr\u00e9tisation des projets sociaux, trac\u00e9s par le Haut Commandement de l&rsquo;ANP au profit des personnels militaires, toutes cat\u00e9gories et grades confondus, l\u00e0 o\u00f9 il se trouvent\u00a0\u00bb, note le communiqu\u00e9.Par la suite, le G\u00e9n\u00e9ral d&rsquo;Arm\u00e9e a visit\u00e9 les diff\u00e9rentes infrastructures relevant du Cercle et s&rsquo;est enquis de la qualit\u00e9 des commodit\u00e9s de cet \u00e9tablissement qui constitue \u00ab\u00a0un acquis r\u00e9el pour la r\u00e9gion. In situ, desexplications exhaustives lui ont \u00e9t\u00e9 fournies sur les diff\u00e9rentes prestations offertes par ce Cercle\u00a0\u00bb, ajoute la m\u00eame source.A cette occasion, le G\u00e9n\u00e9ral d&rsquo;Arm\u00e9e a exhort\u00e9 les responsables de cette importante infrastructure sociale sur \u00ab\u00a0la n\u00e9cessit\u00e9 de veiller \u00e0 sa pr\u00e9servation et de prodiguer des services de qualit\u00e9 \u00e0 la hauteur des<\/p>\n\n\n\n<p>attentes des b\u00e9n\u00e9ficiaires.<\/p>\n\n\n\n<p>R.N.<\/p>\n","protected":false},"excerpt":{"rendered":"<p>Le G\u00e9n\u00e9ral d\u2019Arm\u00e9e Sa\u00efd Chanegriha, Chef d\u2019Etat-Major de l&rsquo;Arm\u00e9e nationale populaire (ANP), s&rsquo;est rendu lundi \u00e0 la Base navale centrale<\/p>\n","protected":false},"author":3,"featured_media":48790,"comment_status":"open","ping_status":"closed","sticky":false,"template":"","format":"standard","meta":{"colormag_page_container_layout":"default_layout","colormag_page_sidebar_layout":"default_layout","om_disable_all_campaigns":false,"_monsterinsights_skip_tracking":false,"_monsterinsights_sitenote_active":false,"_monsterinsights_sitenote_note":"","_monsterinsights_sitenote_category":0,"footnotes":"","_wpscppro_dont_share_socialmedia":false,"_wpscppro_custom_social_share_image":0,"_facebook_share_type":"","_twitter_share_type":"","_linkedin_share_type":"","_pinterest_share_type":"","_linkedin_share_type_page":"","_instagram_share_type":"","_medium_share_type":"","_threads_share_type":"","_google_business_share_type":"","_selected_social_profile":[],"_wpsp_enable_custom_social_template":false,"_wpsp_social_scheduling":{"enabled":false,"datetime":null,"platforms":[],"status":"template_only","dateOption":"today","timeOption":"now","customDays":"","customHours":"","customDate":"","customTime":"","schedulingType":"absolute"},"_wpsp_active_default_template":true},"categories":[27],"tags":[],"class_list":["post-48789","post","type-post","status-publish","format-standard","has-post-thumbnail","hentry","category-actualite"],"aioseo_notices":[],"yoast_head":"<!-- This site is optimized with the Yoast SEO plugin v27.4 - https:\/\/yoast.com\/product\/yoast-seo-wordpress\/ -->\n<title>Le Chef de l\u2019\u00c9tat-major de l\u2019ANP en 2e r\u00e9gion militaire\u00a0: Des avanc\u00e9es de l\u2019industrie militaire navale - La Sentinelle<\/title>\n<meta name=\"robots\" content=\"index, follow, max-snippet:-1, max-image-preview:large, max-video-preview:-1\" \/>\n<link rel=\"canonical\" href=\"https:\/\/lasentinelle.dz\/index.php\/2024\/01\/17\/le-chef-de-letat-major-de-lanp-en-2e-region-militaire-des-avancees-de-lindustrie-militaire-navale\/\" \/>\n<meta property=\"og:locale\" content=\"fr_FR\" \/>\n<meta property=\"og:type\" content=\"article\" \/>\n<meta property=\"og:title\" content=\"Le Chef de l\u2019\u00c9tat-major de l\u2019ANP en 2e r\u00e9gion militaire\u00a0: Des avanc\u00e9es de l\u2019industrie militaire navale - La Sentinelle\" \/>\n<meta property=\"og:description\" content=\"Le G\u00e9n\u00e9ral d\u2019Arm\u00e9e Sa\u00efd Chanegriha, Chef d\u2019Etat-Major de l&rsquo;Arm\u00e9e nationale populaire (ANP), s&rsquo;est rendu lundi \u00e0 la Base navale centrale\" \/>\n<meta property=\"og:url\" content=\"https:\/\/lasentinelle.dz\/index.php\/2024\/01\/17\/le-chef-de-letat-major-de-lanp-en-2e-region-militaire-des-avancees-de-lindustrie-militaire-navale\/\" \/>\n<meta property=\"og:site_name\" content=\"La Sentinelle\" \/>\n<meta property=\"article:publisher\" content=\"https:\/\/www.facebook.com\/La-Sentinelle-104059864394773\" \/>\n<meta property=\"article:published_time\" content=\"2024-01-17T13:53:30+00:00\" \/>\n<meta property=\"article:modified_time\" content=\"2024-01-17T13:53:40+00:00\" \/>\n<meta property=\"og:image\" content=\"https:\/\/lasentinelle.dz\/wp-content\/uploads\/2024\/01\/chane-1.jpg\" \/>\n\t<meta property=\"og:image:width\" content=\"1392\" \/>\n\t<meta property=\"og:image:height\" content=\"928\" \/>\n\t<meta property=\"og:image:type\" content=\"image\/jpeg\" \/>\n<meta name=\"author\" content=\"La Sentinelle\" \/>\n<meta name=\"twitter:card\" content=\"summary_large_image\" \/>\n<meta name=\"twitter:label1\" content=\"\u00c9crit par\" \/>\n\t<meta name=\"twitter:data1\" content=\"La Sentinelle\" \/>\n\t<meta name=\"twitter:label2\" content=\"Dur\u00e9e de lecture estim\u00e9e\" \/>\n\t<meta name=\"twitter:data2\" content=\"4 minutes\" \/>\n<script type=\"application\/ld+json\" class=\"yoast-schema-graph\">{\"@context\":\"https:\\\/\\\/schema.org\",\"@graph\":[{\"@type\":\"Article\",\"@id\":\"https:\\\/\\\/lasentinelle.dz\\\/index.php\\\/2024\\\/01\\\/17\\\/le-chef-de-letat-major-de-lanp-en-2e-region-militaire-des-avancees-de-lindustrie-militaire-navale\\\/#article\",\"isPartOf\":{\"@id\":\"https:\\\/\\\/lasentinelle.dz\\\/index.php\\\/2024\\\/01\\\/17\\\/le-chef-de-letat-major-de-lanp-en-2e-region-militaire-des-avancees-de-lindustrie-militaire-navale\\\/\"},\"author\":{\"name\":\"La Sentinelle\",\"@id\":\"https:\\\/\\\/lasentinelle.dz\\\/#\\\/schema\\\/person\\\/d865044e22e70a75174ce8bcad3acfb3\"},\"headline\":\"Le Chef de l\u2019\u00c9tat-major de l\u2019ANP en 2e r\u00e9gion militaire\u00a0: Des avanc\u00e9es de l\u2019industrie militaire navale\",\"datePublished\":\"2024-01-17T13:53:30+00:00\",\"dateModified\":\"2024-01-17T13:53:40+00:00\",\"mainEntityOfPage\":{\"@id\":\"https:\\\/\\\/lasentinelle.dz\\\/index.php\\\/2024\\\/01\\\/17\\\/le-chef-de-letat-major-de-lanp-en-2e-region-militaire-des-avancees-de-lindustrie-militaire-navale\\\/\"},\"wordCount\":693,\"commentCount\":0,\"publisher\":{\"@id\":\"https:\\\/\\\/lasentinelle.dz\\\/#organization\"},\"image\":{\"@id\":\"https:\\\/\\\/lasentinelle.dz\\\/index.php\\\/2024\\\/01\\\/17\\\/le-chef-de-letat-major-de-lanp-en-2e-region-militaire-des-avancees-de-lindustrie-militaire-navale\\\/#primaryimage\"},\"thumbnailUrl\":\"https:\\\/\\\/lasentinelle.dz\\\/wp-content\\\/uploads\\\/2024\\\/01\\\/chane-1.jpg\",\"articleSection\":[\"Actualit\u00e9\"],\"inLanguage\":\"fr-FR\",\"potentialAction\":[{\"@type\":\"CommentAction\",\"name\":\"Comment\",\"target\":[\"https:\\\/\\\/lasentinelle.dz\\\/index.php\\\/2024\\\/01\\\/17\\\/le-chef-de-letat-major-de-lanp-en-2e-region-militaire-des-avancees-de-lindustrie-militaire-navale\\\/#respond\"]}]},{\"@type\":\"WebPage\",\"@id\":\"https:\\\/\\\/lasentinelle.dz\\\/index.php\\\/2024\\\/01\\\/17\\\/le-chef-de-letat-major-de-lanp-en-2e-region-militaire-des-avancees-de-lindustrie-militaire-navale\\\/\",\"url\":\"https:\\\/\\\/lasentinelle.dz\\\/index.php\\\/2024\\\/01\\\/17\\\/le-chef-de-letat-major-de-lanp-en-2e-region-militaire-des-avancees-de-lindustrie-militaire-navale\\\/\",\"name\":\"Le Chef de l\u2019\u00c9tat-major de l\u2019ANP en 2e r\u00e9gion militaire\u00a0: Des avanc\u00e9es de l\u2019industrie militaire navale - La Sentinelle\",\"isPartOf\":{\"@id\":\"https:\\\/\\\/lasentinelle.dz\\\/#website\"},\"primaryImageOfPage\":{\"@id\":\"https:\\\/\\\/lasentinelle.dz\\\/index.php\\\/2024\\\/01\\\/17\\\/le-chef-de-letat-major-de-lanp-en-2e-region-militaire-des-avancees-de-lindustrie-militaire-navale\\\/#primaryimage\"},\"image\":{\"@id\":\"https:\\\/\\\/lasentinelle.dz\\\/index.php\\\/2024\\\/01\\\/17\\\/le-chef-de-letat-major-de-lanp-en-2e-region-militaire-des-avancees-de-lindustrie-militaire-navale\\\/#primaryimage\"},\"thumbnailUrl\":\"https:\\\/\\\/lasentinelle.dz\\\/wp-content\\\/uploads\\\/2024\\\/01\\\/chane-1.jpg\",\"datePublished\":\"2024-01-17T13:53:30+00:00\",\"dateModified\":\"2024-01-17T13:53:40+00:00\",\"breadcrumb\":{\"@id\":\"https:\\\/\\\/lasentinelle.dz\\\/index.php\\\/2024\\\/01\\\/17\\\/le-chef-de-letat-major-de-lanp-en-2e-region-militaire-des-avancees-de-lindustrie-militaire-navale\\\/#breadcrumb\"},\"inLanguage\":\"fr-FR\",\"potentialAction\":[{\"@type\":\"ReadAction\",\"target\":[\"https:\\\/\\\/lasentinelle.dz\\\/index.php\\\/2024\\\/01\\\/17\\\/le-chef-de-letat-major-de-lanp-en-2e-region-militaire-des-avancees-de-lindustrie-militaire-navale\\\/\"]}]},{\"@type\":\"ImageObject\",\"inLanguage\":\"fr-FR\",\"@id\":\"https:\\\/\\\/lasentinelle.dz\\\/index.php\\\/2024\\\/01\\\/17\\\/le-chef-de-letat-major-de-lanp-en-2e-region-militaire-des-avancees-de-lindustrie-militaire-navale\\\/#primaryimage\",\"url\":\"https:\\\/\\\/lasentinelle.dz\\\/wp-content\\\/uploads\\\/2024\\\/01\\\/chane-1.jpg\",\"contentUrl\":\"https:\\\/\\\/lasentinelle.dz\\\/wp-content\\\/uploads\\\/2024\\\/01\\\/chane-1.jpg\",\"width\":1392,\"height\":928},{\"@type\":\"BreadcrumbList\",\"@id\":\"https:\\\/\\\/lasentinelle.dz\\\/index.php\\\/2024\\\/01\\\/17\\\/le-chef-de-letat-major-de-lanp-en-2e-region-militaire-des-avancees-de-lindustrie-militaire-navale\\\/#breadcrumb\",\"itemListElement\":[{\"@type\":\"ListItem\",\"position\":1,\"name\":\"Accueil\",\"item\":\"https:\\\/\\\/lasentinelle.dz\\\/\"},{\"@type\":\"ListItem\",\"position\":2,\"name\":\"Le Chef de l\u2019\u00c9tat-major de l\u2019ANP en 2e r\u00e9gion militaire\u00a0: Des avanc\u00e9es de l\u2019industrie militaire navale\"}]},{\"@type\":\"WebSite\",\"@id\":\"https:\\\/\\\/lasentinelle.dz\\\/#website\",\"url\":\"https:\\\/\\\/lasentinelle.dz\\\/\",\"name\":\"La Sentinelle\",\"description\":\"Quotidien national d&#039;information\",\"publisher\":{\"@id\":\"https:\\\/\\\/lasentinelle.dz\\\/#organization\"},\"potentialAction\":[{\"@type\":\"SearchAction\",\"target\":{\"@type\":\"EntryPoint\",\"urlTemplate\":\"https:\\\/\\\/lasentinelle.dz\\\/?s={search_term_string}\"},\"query-input\":{\"@type\":\"PropertyValueSpecification\",\"valueRequired\":true,\"valueName\":\"search_term_string\"}}],\"inLanguage\":\"fr-FR\"},{\"@type\":\"Organization\",\"@id\":\"https:\\\/\\\/lasentinelle.dz\\\/#organization\",\"name\":\"Quotidien La Sentinelle\",\"url\":\"https:\\\/\\\/lasentinelle.dz\\\/\",\"logo\":{\"@type\":\"ImageObject\",\"inLanguage\":\"fr-FR\",\"@id\":\"https:\\\/\\\/lasentinelle.dz\\\/#\\\/schema\\\/logo\\\/image\\\/\",\"url\":\"https:\\\/\\\/lasentinelle.dz\\\/wp-content\\\/uploads\\\/2021\\\/09\\\/logo-sentinelleSLOGAN-1.png\",\"contentUrl\":\"https:\\\/\\\/lasentinelle.dz\\\/wp-content\\\/uploads\\\/2021\\\/09\\\/logo-sentinelleSLOGAN-1.png\",\"width\":615,\"height\":142,\"caption\":\"Quotidien La Sentinelle\"},\"image\":{\"@id\":\"https:\\\/\\\/lasentinelle.dz\\\/#\\\/schema\\\/logo\\\/image\\\/\"},\"sameAs\":[\"https:\\\/\\\/www.facebook.com\\\/La-Sentinelle-104059864394773\"]},{\"@type\":\"Person\",\"@id\":\"https:\\\/\\\/lasentinelle.dz\\\/#\\\/schema\\\/person\\\/d865044e22e70a75174ce8bcad3acfb3\",\"name\":\"La Sentinelle\",\"image\":{\"@type\":\"ImageObject\",\"inLanguage\":\"fr-FR\",\"@id\":\"https:\\\/\\\/secure.gravatar.com\\\/avatar\\\/57de8e5d4b15d43fb361a71fbb36338450fe67865b528a43dd10ef7c51a20392?s=96&d=mm&r=g\",\"url\":\"https:\\\/\\\/secure.gravatar.com\\\/avatar\\\/57de8e5d4b15d43fb361a71fbb36338450fe67865b528a43dd10ef7c51a20392?s=96&d=mm&r=g\",\"contentUrl\":\"https:\\\/\\\/secure.gravatar.com\\\/avatar\\\/57de8e5d4b15d43fb361a71fbb36338450fe67865b528a43dd10ef7c51a20392?s=96&d=mm&r=g\",\"caption\":\"La Sentinelle\"},\"sameAs\":[\"http:\\\/\\\/www.lasentinelle.dz\"],\"url\":\"https:\\\/\\\/lasentinelle.dz\\\/author\\\/redaction\\\/\"}]}<\/script>\n<!-- \/ Yoast SEO plugin. -->","yoast_head_json":{"title":"Le Chef de l\u2019\u00c9tat-major de l\u2019ANP en 2e r\u00e9gion militaire\u00a0: Des avanc\u00e9es de l\u2019industrie militaire navale - La Sentinelle","robots":{"index":"index","follow":"follow","max-snippet":"max-snippet:-1","max-image-preview":"max-image-preview:large","max-video-preview":"max-video-preview:-1"},"canonical":"https:\/\/lasentinelle.dz\/index.php\/2024\/01\/17\/le-chef-de-letat-major-de-lanp-en-2e-region-militaire-des-avancees-de-lindustrie-militaire-navale\/","og_locale":"fr_FR","og_type":"article","og_title":"Le Chef de l\u2019\u00c9tat-major de l\u2019ANP en 2e r\u00e9gion militaire\u00a0: Des avanc\u00e9es de l\u2019industrie militaire navale - La Sentinelle","og_description":"Le G\u00e9n\u00e9ral d\u2019Arm\u00e9e Sa\u00efd Chanegriha, Chef d\u2019Etat-Major de l&rsquo;Arm\u00e9e nationale populaire (ANP), s&rsquo;est rendu lundi \u00e0 la Base navale centrale","og_url":"https:\/\/lasentinelle.dz\/index.php\/2024\/01\/17\/le-chef-de-letat-major-de-lanp-en-2e-region-militaire-des-avancees-de-lindustrie-militaire-navale\/","og_site_name":"La Sentinelle","article_publisher":"https:\/\/www.facebook.com\/La-Sentinelle-104059864394773","article_published_time":"2024-01-17T13:53:30+00:00","article_modified_time":"2024-01-17T13:53:40+00:00","og_image":[{"width":1392,"height":928,"url":"https:\/\/lasentinelle.dz\/wp-content\/uploads\/2024\/01\/chane-1.jpg","type":"image\/jpeg"}],"author":"La Sentinelle","twitter_card":"summary_large_image","twitter_misc":{"\u00c9crit par":"La Sentinelle","Dur\u00e9e de lecture estim\u00e9e":"4 minutes"},"schema":{"@context":"https:\/\/schema.org","@graph":[{"@type":"Article","@id":"https:\/\/lasentinelle.dz\/index.php\/2024\/01\/17\/le-chef-de-letat-major-de-lanp-en-2e-region-militaire-des-avancees-de-lindustrie-militaire-navale\/#article","isPartOf":{"@id":"https:\/\/lasentinelle.dz\/index.php\/2024\/01\/17\/le-chef-de-letat-major-de-lanp-en-2e-region-militaire-des-avancees-de-lindustrie-militaire-navale\/"},"author":{"name":"La Sentinelle","@id":"https:\/\/lasentinelle.dz\/#\/schema\/person\/d865044e22e70a75174ce8bcad3acfb3"},"headline":"Le Chef de l\u2019\u00c9tat-major de l\u2019ANP en 2e r\u00e9gion militaire\u00a0: Des avanc\u00e9es de l\u2019industrie militaire navale","datePublished":"2024-01-17T13:53:30+00:00","dateModified":"2024-01-17T13:53:40+00:00","mainEntityOfPage":{"@id":"https:\/\/lasentinelle.dz\/index.php\/2024\/01\/17\/le-chef-de-letat-major-de-lanp-en-2e-region-militaire-des-avancees-de-lindustrie-militaire-navale\/"},"wordCount":693,"commentCount":0,"publisher":{"@id":"https:\/\/lasentinelle.dz\/#organization"},"image":{"@id":"https:\/\/lasentinelle.dz\/index.php\/2024\/01\/17\/le-chef-de-letat-major-de-lanp-en-2e-region-militaire-des-avancees-de-lindustrie-militaire-navale\/#primaryimage"},"thumbnailUrl":"https:\/\/lasentinelle.dz\/wp-content\/uploads\/2024\/01\/chane-1.jpg","articleSection":["Actualit\u00e9"],"inLanguage":"fr-FR","potentialAction":[{"@type":"CommentAction","name":"Comment","target":["https:\/\/lasentinelle.dz\/index.php\/2024\/01\/17\/le-chef-de-letat-major-de-lanp-en-2e-region-militaire-des-avancees-de-lindustrie-militaire-navale\/#respond"]}]},{"@type":"WebPage","@id":"https:\/\/lasentinelle.dz\/index.php\/2024\/01\/17\/le-chef-de-letat-major-de-lanp-en-2e-region-militaire-des-avancees-de-lindustrie-militaire-navale\/","url":"https:\/\/lasentinelle.dz\/index.php\/2024\/01\/17\/le-chef-de-letat-major-de-lanp-en-2e-region-militaire-des-avancees-de-lindustrie-militaire-navale\/","name":"Le Chef de l\u2019\u00c9tat-major de l\u2019ANP en 2e r\u00e9gion militaire\u00a0: Des avanc\u00e9es de l\u2019industrie militaire navale - La Sentinelle","isPartOf":{"@id":"https:\/\/lasentinelle.dz\/#website"},"primaryImageOfPage":{"@id":"https:\/\/lasentinelle.dz\/index.php\/2024\/01\/17\/le-chef-de-letat-major-de-lanp-en-2e-region-militaire-des-avancees-de-lindustrie-militaire-navale\/#primaryimage"},"image":{"@id":"https:\/\/lasentinelle.dz\/index.php\/2024\/01\/17\/le-chef-de-letat-major-de-lanp-en-2e-region-militaire-des-avancees-de-lindustrie-militaire-navale\/#primaryimage"},"thumbnailUrl":"https:\/\/lasentinelle.dz\/wp-content\/uploads\/2024\/01\/chane-1.jpg","datePublished":"2024-01-17T13:53:30+00:00","dateModified":"2024-01-17T13:53:40+00:00","breadcrumb":{"@id":"https:\/\/lasentinelle.dz\/index.php\/2024\/01\/17\/le-chef-de-letat-major-de-lanp-en-2e-region-militaire-des-avancees-de-lindustrie-militaire-navale\/#breadcrumb"},"inLanguage":"fr-FR","potentialAction":[{"@type":"ReadAction","target":["https:\/\/lasentinelle.dz\/index.php\/2024\/01\/17\/le-chef-de-letat-major-de-lanp-en-2e-region-militaire-des-avancees-de-lindustrie-militaire-navale\/"]}]},{"@type":"ImageObject","inLanguage":"fr-FR","@id":"https:\/\/lasentinelle.dz\/index.php\/2024\/01\/17\/le-chef-de-letat-major-de-lanp-en-2e-region-militaire-des-avancees-de-lindustrie-militaire-navale\/#primaryimage","url":"https:\/\/lasentinelle.dz\/wp-content\/uploads\/2024\/01\/chane-1.jpg","contentUrl":"https:\/\/lasentinelle.dz\/wp-content\/uploads\/2024\/01\/chane-1.jpg","width":1392,"height":928},{"@type":"BreadcrumbList","@id":"https:\/\/lasentinelle.dz\/index.php\/2024\/01\/17\/le-chef-de-letat-major-de-lanp-en-2e-region-militaire-des-avancees-de-lindustrie-militaire-navale\/#breadcrumb","itemListElement":[{"@type":"ListItem","position":1,"name":"Accueil","item":"https:\/\/lasentinelle.dz\/"},{"@type":"ListItem","position":2,"name":"Le Chef de l\u2019\u00c9tat-major de l\u2019ANP en 2e r\u00e9gion militaire\u00a0: Des avanc\u00e9es de l\u2019industrie militaire navale"}]},{"@type":"WebSite","@id":"https:\/\/lasentinelle.dz\/#website","url":"https:\/\/lasentinelle.dz\/","name":"La Sentinelle","description":"Quotidien national d&#039;information","publisher":{"@id":"https:\/\/lasentinelle.dz\/#organization"},"potentialAction":[{"@type":"SearchAction","target":{"@type":"EntryPoint","urlTemplate":"https:\/\/lasentinelle.dz\/?s={search_term_string}"},"query-input":{"@type":"PropertyValueSpecification","valueRequired":true,"valueName":"search_term_string"}}],"inLanguage":"fr-FR"},{"@type":"Organization","@id":"https:\/\/lasentinelle.dz\/#organization","name":"Quotidien La Sentinelle","url":"https:\/\/lasentinelle.dz\/","logo":{"@type":"ImageObject","inLanguage":"fr-FR","@id":"https:\/\/lasentinelle.dz\/#\/schema\/logo\/image\/","url":"https:\/\/lasentinelle.dz\/wp-content\/uploads\/2021\/09\/logo-sentinelleSLOGAN-1.png","contentUrl":"https:\/\/lasentinelle.dz\/wp-content\/uploads\/2021\/09\/logo-sentinelleSLOGAN-1.png","width":615,"height":142,"caption":"Quotidien La Sentinelle"},"image":{"@id":"https:\/\/lasentinelle.dz\/#\/schema\/logo\/image\/"},"sameAs":["https:\/\/www.facebook.com\/La-Sentinelle-104059864394773"]},{"@type":"Person","@id":"https:\/\/lasentinelle.dz\/#\/schema\/person\/d865044e22e70a75174ce8bcad3acfb3","name":"La Sentinelle","image":{"@type":"ImageObject","inLanguage":"fr-FR","@id":"https:\/\/secure.gravatar.com\/avatar\/57de8e5d4b15d43fb361a71fbb36338450fe67865b528a43dd10ef7c51a20392?s=96&d=mm&r=g","url":"https:\/\/secure.gravatar.com\/avatar\/57de8e5d4b15d43fb361a71fbb36338450fe67865b528a43dd10ef7c51a20392?s=96&d=mm&r=g","contentUrl":"https:\/\/secure.gravatar.com\/avatar\/57de8e5d4b15d43fb361a71fbb36338450fe67865b528a43dd10ef7c51a20392?s=96&d=mm&r=g","caption":"La Sentinelle"},"sameAs":["http:\/\/www.lasentinelle.dz"],"url":"https:\/\/lasentinelle.dz\/author\/redaction\/"}]}},"_links":{"self":[{"href":"https:\/\/lasentinelle.dz\/index.php\/wp-json\/wp\/v2\/posts\/48789","targetHints":{"allow":["GET"]}}],"collection":[{"href":"https:\/\/lasentinelle.dz\/index.php\/wp-json\/wp\/v2\/posts"}],"about":[{"href":"https:\/\/lasentinelle.dz\/index.php\/wp-json\/wp\/v2\/types\/post"}],"author":[{"embeddable":true,"href":"https:\/\/lasentinelle.dz\/index.php\/wp-json\/wp\/v2\/users\/3"}],"replies":[{"embeddable":true,"href":"https:\/\/lasentinelle.dz\/index.php\/wp-json\/wp\/v2\/comments?post=48789"}],"version-history":[{"count":1,"href":"https:\/\/lasentinelle.dz\/index.php\/wp-json\/wp\/v2\/posts\/48789\/revisions"}],"predecessor-version":[{"id":48791,"href":"https:\/\/lasentinelle.dz\/index.php\/wp-json\/wp\/v2\/posts\/48789\/revisions\/48791"}],"wp:featuredmedia":[{"embeddable":true,"href":"https:\/\/lasentinelle.dz\/index.php\/wp-json\/wp\/v2\/media\/48790"}],"wp:attachment":[{"href":"https:\/\/lasentinelle.dz\/index.php\/wp-json\/wp\/v2\/media?parent=48789"}],"wp:term":[{"taxonomy":"category","embeddable":true,"href":"https:\/\/lasentinelle.dz\/index.php\/wp-json\/wp\/v2\/categories?post=48789"},{"taxonomy":"post_tag","embeddable":true,"href":"https:\/\/lasentinelle.dz\/index.php\/wp-json\/wp\/v2\/tags?post=48789"}],"curies":[{"name":"wp","href":"https:\/\/api.w.org\/{rel}","templated":true}]}}