{"id":48792,"date":"2024-01-17T14:55:15","date_gmt":"2024-01-17T13:55:15","guid":{"rendered":"https:\/\/lasentinelle.dz\/?p=48792"},"modified":"2024-01-17T14:55:19","modified_gmt":"2024-01-17T13:55:19","slug":"visite-de-hauts-responsables-chinois-et-mauritaniens-en-algerie","status":"publish","type":"post","link":"https:\/\/lasentinelle.dz\/index.php\/2024\/01\/17\/visite-de-hauts-responsables-chinois-et-mauritaniens-en-algerie\/","title":{"rendered":"Visite de hauts responsables chinois et mauritaniens en Alg\u00e9rie"},"content":{"rendered":"\n<p><strong>Cap sur la consolidation de la coop\u00e9ration<\/strong><\/p>\n\n\n\n<p>Le pr\u00e9sident de la R\u00e9publique, Abdelmadjid Tebboune, a re\u00e7u hier, le vice-Premier ministre du Conseil des affaires d&rsquo;Etat de la R\u00e9publique populaire de Chine, Liu Guozhong, ainsi que le ministre des Affaires \u00e9trang\u00e8res de la R\u00e9publique islamique de Mauritanie, Mohamed Salem Ould Merzoug.<\/p>\n\n\n\n<p>La consolidation de la coop\u00e9ration a \u00e9t\u00e9 au c\u0153ur des visites du vice-Premier ministre du Conseil des affaires d&rsquo;Etat de la R\u00e9publique populaire de Chine, Liu Guozhong et du ministre des Affaires \u00e9trang\u00e8res de la R\u00e9publique islamique de Mauritanie, Mohamed Salem Ould Merzoug. Le pr\u00e9sident de la R\u00e9publique, Abdelmadjid Tebboune, a en effet re\u00e7u hier, le vice-Premier ministre du Conseil des affaires d&rsquo;Etat de la R\u00e9publique populaire de Chine, Liu Guozhong, lequel effectue une visite de travail en Alg\u00e9rie dans le cadre du suivi de la mise en \u0153uvre des conclusions de la visite d&rsquo;Etat effectu\u00e9e le Pr\u00e9sident Tebboune en Chine en juillet 2023. Auparavant, le haut responsable chinois a eu des entretiens avec le Premier ministre Nadir Larbaoui, au cours desquels es deux parties ont tenu une s\u00e9ance de travail consacr\u00e9e \u00e0 \u00ab\u00a0l&rsquo;\u00e9valuation de l&rsquo;\u00e9tat des relations de coop\u00e9ration entre les deux pays\u00a0\u00bb et \u00e0 \u00ab\u00a0l&rsquo;examen de leurs perspectives\u00a0\u00bb, a indiqu\u00e9 un communiqu\u00e9 des services du Premier ministre. A cette occasion, les deux responsables se sont f\u00e9licit\u00e9s des \u00ab\u00a0r\u00e9alisations concr\u00e9tis\u00e9es en mati\u00e8re de coop\u00e9ration \u00e9conomique entre les deux pays\u00a0\u00bb, soulignant \u00e0 ce propos \u00ab\u00a0l&rsquo;importance du renforcement du partenariat strat\u00e9gique entre les deux pays, notamment en mati\u00e8re d&rsquo;investissement, au mieux des int\u00e9r\u00eats communs des deux pays amis\u00a0\u00bb, souligne la m\u00eame source. Il est utile de rappeler dans ce contexte que pas moins de 19 accords de coop\u00e9ration et m\u00e9morandum d\u2019accord dans des domaines vari\u00e9s comme le transport ferroviaire, le transfert de technologie, la coop\u00e9ration agricole et les communications, le sport, l&rsquo;investissement, la coop\u00e9ration commerciale l&rsquo;int\u00e9rieur,&nbsp; l&rsquo;urbanisme, la recherche scientifique, la justice, le d\u00e9veloppement social, les \u00e9nergies renouvelables,&nbsp; l&rsquo;hydrog\u00e8ne, et d&rsquo;autres secteurs, ont \u00e9t\u00e9 sign\u00e9s lors de la visite du pr\u00e9sident de la R\u00e9publique en Chine. Lors de cette visite, le pr\u00e9sident Tebboune a annonc\u00e9 que les investissements chinois en Alg\u00e9rie devraient atteindre 36 milliards de dollars dans ce cadre.<\/p>\n\n\n\n<p>Le pr\u00e9sident de la R\u00e9publique a \u00e9galement re\u00e7u le ministre des Affaires \u00e9trang\u00e8res de la R\u00e9publique islamique de Mauritanie, Mohamed Salem Ould Merzoug. &nbsp;Au sortir de l\u2019audience, le chef de la diplomatie mauritanienne a d\u2019ailleurs tenu \u00e0 souligner la profondeur des relations \u00ab\u00a0s\u00e9culaires\u00a0\u00bb, \u00e9tablies sur la base des liens de \u00ab\u00a0sang et de l&rsquo;histoire\u00a0\u00bb qui unissent l&rsquo;Alg\u00e9rie et la Mauritanie. M. Merzoug a pr\u00e9cis\u00e9 que cette rencontre \u00ab\u00a0a permis de saluer les relations bilat\u00e9rales s\u00e9culaires, \u00e9tablies sur la base des liens de&nbsp; sang et de l&rsquo;histoire entre les deux peuples fr\u00e8res\u00a0\u00bb.Le ministre mauritanien a indiqu\u00e9 avoir \u00ab\u00a0transmis les salutations de son fr\u00e8re, le Pr\u00e9sident Mohamed Ould Cheikh Ghazouani\u00a0\u00bb au Pr\u00e9sident Tebboune qui l&rsquo;a charg\u00e9 de transmettre, \u00e9galement, \u00ab\u00a0ses salutations \u00e0 son fr\u00e8res le Pr\u00e9sident mauritanien\u00a0\u00bb.M. Merzoug a ajout\u00e9 que le pr\u00e9sident de la R\u00e9publique l&rsquo;a assur\u00e9 de \u00ab\u00a0la d\u00e9termination du peuple et du Gouvernement alg\u00e9riens, \u00e0 faire progresser les relations de coop\u00e9ration bilat\u00e9rales entre les deux pays fr\u00e8res\u00a0\u00bb.<\/p>\n\n\n\n<p>Chokri Hafed<\/p>\n","protected":false},"excerpt":{"rendered":"<p>Cap sur la consolidation de la coop\u00e9ration Le pr\u00e9sident de la R\u00e9publique, Abdelmadjid Tebboune, a re\u00e7u hier, le vice-Premier ministre<\/p>\n","protected":false},"author":3,"featured_media":48793,"comment_status":"open","ping_status":"closed","sticky":false,"template":"","format":"standard","meta":{"colormag_page_container_layout":"default_layout","colormag_page_sidebar_layout":"default_layout","om_disable_all_campaigns":false,"_monsterinsights_skip_tracking":false,"_monsterinsights_sitenote_active":false,"_monsterinsights_sitenote_note":"","_monsterinsights_sitenote_category":0,"footnotes":"","_wpscppro_dont_share_socialmedia":false,"_wpscppro_custom_social_share_image":0,"_facebook_share_type":"","_twitter_share_type":"","_linkedin_share_type":"","_pinterest_share_type":"","_linkedin_share_type_page":"","_instagram_share_type":"","_medium_share_type":"","_threads_share_type":"","_google_business_share_type":"","_selected_social_profile":[],"_wpsp_enable_custom_social_template":false,"_wpsp_social_scheduling":{"enabled":false,"datetime":null,"platforms":[],"status":"template_only","dateOption":"today","timeOption":"now","customDays":"","customHours":"","customDate":"","customTime":"","schedulingType":"absolute"},"_wpsp_active_default_template":true},"categories":[27],"tags":[],"class_list":["post-48792","post","type-post","status-publish","format-standard","has-post-thumbnail","hentry","category-actualite"],"aioseo_notices":[],"yoast_head":"<!-- This site is optimized with the Yoast SEO plugin v27.4 - https:\/\/yoast.com\/product\/yoast-seo-wordpress\/ -->\n<title>Visite de hauts responsables chinois et mauritaniens en Alg\u00e9rie - La Sentinelle<\/title>\n<meta name=\"robots\" content=\"index, follow, max-snippet:-1, max-image-preview:large, max-video-preview:-1\" \/>\n<link rel=\"canonical\" href=\"https:\/\/lasentinelle.dz\/index.php\/2024\/01\/17\/visite-de-hauts-responsables-chinois-et-mauritaniens-en-algerie\/\" \/>\n<meta property=\"og:locale\" content=\"fr_FR\" \/>\n<meta property=\"og:type\" content=\"article\" \/>\n<meta property=\"og:title\" content=\"Visite de hauts responsables chinois et mauritaniens en Alg\u00e9rie - La Sentinelle\" \/>\n<meta property=\"og:description\" content=\"Cap sur la consolidation de la coop\u00e9ration Le pr\u00e9sident de la R\u00e9publique, Abdelmadjid Tebboune, a re\u00e7u hier, le vice-Premier ministre\" \/>\n<meta property=\"og:url\" content=\"https:\/\/lasentinelle.dz\/index.php\/2024\/01\/17\/visite-de-hauts-responsables-chinois-et-mauritaniens-en-algerie\/\" \/>\n<meta property=\"og:site_name\" content=\"La Sentinelle\" \/>\n<meta property=\"article:publisher\" content=\"https:\/\/www.facebook.com\/La-Sentinelle-104059864394773\" \/>\n<meta property=\"article:published_time\" content=\"2024-01-17T13:55:15+00:00\" \/>\n<meta property=\"article:modified_time\" content=\"2024-01-17T13:55:19+00:00\" \/>\n<meta property=\"og:image\" content=\"https:\/\/lasentinelle.dz\/wp-content\/uploads\/2024\/01\/tebboune-chinois.jpeg\" \/>\n\t<meta property=\"og:image:width\" content=\"2048\" \/>\n\t<meta property=\"og:image:height\" content=\"1366\" \/>\n\t<meta property=\"og:image:type\" content=\"image\/jpeg\" \/>\n<meta name=\"author\" content=\"La Sentinelle\" \/>\n<meta name=\"twitter:card\" content=\"summary_large_image\" \/>\n<meta name=\"twitter:label1\" content=\"\u00c9crit par\" \/>\n\t<meta name=\"twitter:data1\" content=\"La Sentinelle\" \/>\n\t<meta name=\"twitter:label2\" content=\"Dur\u00e9e de lecture estim\u00e9e\" \/>\n\t<meta name=\"twitter:data2\" content=\"3 minutes\" \/>\n<script type=\"application\/ld+json\" class=\"yoast-schema-graph\">{\"@context\":\"https:\\\/\\\/schema.org\",\"@graph\":[{\"@type\":\"Article\",\"@id\":\"https:\\\/\\\/lasentinelle.dz\\\/index.php\\\/2024\\\/01\\\/17\\\/visite-de-hauts-responsables-chinois-et-mauritaniens-en-algerie\\\/#article\",\"isPartOf\":{\"@id\":\"https:\\\/\\\/lasentinelle.dz\\\/index.php\\\/2024\\\/01\\\/17\\\/visite-de-hauts-responsables-chinois-et-mauritaniens-en-algerie\\\/\"},\"author\":{\"name\":\"La Sentinelle\",\"@id\":\"https:\\\/\\\/lasentinelle.dz\\\/#\\\/schema\\\/person\\\/d865044e22e70a75174ce8bcad3acfb3\"},\"headline\":\"Visite de hauts responsables chinois et mauritaniens en Alg\u00e9rie\",\"datePublished\":\"2024-01-17T13:55:15+00:00\",\"dateModified\":\"2024-01-17T13:55:19+00:00\",\"mainEntityOfPage\":{\"@id\":\"https:\\\/\\\/lasentinelle.dz\\\/index.php\\\/2024\\\/01\\\/17\\\/visite-de-hauts-responsables-chinois-et-mauritaniens-en-algerie\\\/\"},\"wordCount\":618,\"commentCount\":0,\"publisher\":{\"@id\":\"https:\\\/\\\/lasentinelle.dz\\\/#organization\"},\"image\":{\"@id\":\"https:\\\/\\\/lasentinelle.dz\\\/index.php\\\/2024\\\/01\\\/17\\\/visite-de-hauts-responsables-chinois-et-mauritaniens-en-algerie\\\/#primaryimage\"},\"thumbnailUrl\":\"https:\\\/\\\/lasentinelle.dz\\\/wp-content\\\/uploads\\\/2024\\\/01\\\/tebboune-chinois.jpeg\",\"articleSection\":[\"Actualit\u00e9\"],\"inLanguage\":\"fr-FR\",\"potentialAction\":[{\"@type\":\"CommentAction\",\"name\":\"Comment\",\"target\":[\"https:\\\/\\\/lasentinelle.dz\\\/index.php\\\/2024\\\/01\\\/17\\\/visite-de-hauts-responsables-chinois-et-mauritaniens-en-algerie\\\/#respond\"]}]},{\"@type\":\"WebPage\",\"@id\":\"https:\\\/\\\/lasentinelle.dz\\\/index.php\\\/2024\\\/01\\\/17\\\/visite-de-hauts-responsables-chinois-et-mauritaniens-en-algerie\\\/\",\"url\":\"https:\\\/\\\/lasentinelle.dz\\\/index.php\\\/2024\\\/01\\\/17\\\/visite-de-hauts-responsables-chinois-et-mauritaniens-en-algerie\\\/\",\"name\":\"Visite de hauts responsables chinois et mauritaniens en Alg\u00e9rie - La Sentinelle\",\"isPartOf\":{\"@id\":\"https:\\\/\\\/lasentinelle.dz\\\/#website\"},\"primaryImageOfPage\":{\"@id\":\"https:\\\/\\\/lasentinelle.dz\\\/index.php\\\/2024\\\/01\\\/17\\\/visite-de-hauts-responsables-chinois-et-mauritaniens-en-algerie\\\/#primaryimage\"},\"image\":{\"@id\":\"https:\\\/\\\/lasentinelle.dz\\\/index.php\\\/2024\\\/01\\\/17\\\/visite-de-hauts-responsables-chinois-et-mauritaniens-en-algerie\\\/#primaryimage\"},\"thumbnailUrl\":\"https:\\\/\\\/lasentinelle.dz\\\/wp-content\\\/uploads\\\/2024\\\/01\\\/tebboune-chinois.jpeg\",\"datePublished\":\"2024-01-17T13:55:15+00:00\",\"dateModified\":\"2024-01-17T13:55:19+00:00\",\"breadcrumb\":{\"@id\":\"https:\\\/\\\/lasentinelle.dz\\\/index.php\\\/2024\\\/01\\\/17\\\/visite-de-hauts-responsables-chinois-et-mauritaniens-en-algerie\\\/#breadcrumb\"},\"inLanguage\":\"fr-FR\",\"potentialAction\":[{\"@type\":\"ReadAction\",\"target\":[\"https:\\\/\\\/lasentinelle.dz\\\/index.php\\\/2024\\\/01\\\/17\\\/visite-de-hauts-responsables-chinois-et-mauritaniens-en-algerie\\\/\"]}]},{\"@type\":\"ImageObject\",\"inLanguage\":\"fr-FR\",\"@id\":\"https:\\\/\\\/lasentinelle.dz\\\/index.php\\\/2024\\\/01\\\/17\\\/visite-de-hauts-responsables-chinois-et-mauritaniens-en-algerie\\\/#primaryimage\",\"url\":\"https:\\\/\\\/lasentinelle.dz\\\/wp-content\\\/uploads\\\/2024\\\/01\\\/tebboune-chinois.jpeg\",\"contentUrl\":\"https:\\\/\\\/lasentinelle.dz\\\/wp-content\\\/uploads\\\/2024\\\/01\\\/tebboune-chinois.jpeg\",\"width\":2048,\"height\":1366},{\"@type\":\"BreadcrumbList\",\"@id\":\"https:\\\/\\\/lasentinelle.dz\\\/index.php\\\/2024\\\/01\\\/17\\\/visite-de-hauts-responsables-chinois-et-mauritaniens-en-algerie\\\/#breadcrumb\",\"itemListElement\":[{\"@type\":\"ListItem\",\"position\":1,\"name\":\"Accueil\",\"item\":\"https:\\\/\\\/lasentinelle.dz\\\/\"},{\"@type\":\"ListItem\",\"position\":2,\"name\":\"Visite de hauts responsables chinois et mauritaniens en Alg\u00e9rie\"}]},{\"@type\":\"WebSite\",\"@id\":\"https:\\\/\\\/lasentinelle.dz\\\/#website\",\"url\":\"https:\\\/\\\/lasentinelle.dz\\\/\",\"name\":\"La Sentinelle\",\"description\":\"Quotidien national d&#039;information\",\"publisher\":{\"@id\":\"https:\\\/\\\/lasentinelle.dz\\\/#organization\"},\"potentialAction\":[{\"@type\":\"SearchAction\",\"target\":{\"@type\":\"EntryPoint\",\"urlTemplate\":\"https:\\\/\\\/lasentinelle.dz\\\/?s={search_term_string}\"},\"query-input\":{\"@type\":\"PropertyValueSpecification\",\"valueRequired\":true,\"valueName\":\"search_term_string\"}}],\"inLanguage\":\"fr-FR\"},{\"@type\":\"Organization\",\"@id\":\"https:\\\/\\\/lasentinelle.dz\\\/#organization\",\"name\":\"Quotidien La Sentinelle\",\"url\":\"https:\\\/\\\/lasentinelle.dz\\\/\",\"logo\":{\"@type\":\"ImageObject\",\"inLanguage\":\"fr-FR\",\"@id\":\"https:\\\/\\\/lasentinelle.dz\\\/#\\\/schema\\\/logo\\\/image\\\/\",\"url\":\"https:\\\/\\\/lasentinelle.dz\\\/wp-content\\\/uploads\\\/2021\\\/09\\\/logo-sentinelleSLOGAN-1.png\",\"contentUrl\":\"https:\\\/\\\/lasentinelle.dz\\\/wp-content\\\/uploads\\\/2021\\\/09\\\/logo-sentinelleSLOGAN-1.png\",\"width\":615,\"height\":142,\"caption\":\"Quotidien La Sentinelle\"},\"image\":{\"@id\":\"https:\\\/\\\/lasentinelle.dz\\\/#\\\/schema\\\/logo\\\/image\\\/\"},\"sameAs\":[\"https:\\\/\\\/www.facebook.com\\\/La-Sentinelle-104059864394773\"]},{\"@type\":\"Person\",\"@id\":\"https:\\\/\\\/lasentinelle.dz\\\/#\\\/schema\\\/person\\\/d865044e22e70a75174ce8bcad3acfb3\",\"name\":\"La Sentinelle\",\"image\":{\"@type\":\"ImageObject\",\"inLanguage\":\"fr-FR\",\"@id\":\"https:\\\/\\\/secure.gravatar.com\\\/avatar\\\/57de8e5d4b15d43fb361a71fbb36338450fe67865b528a43dd10ef7c51a20392?s=96&d=mm&r=g\",\"url\":\"https:\\\/\\\/secure.gravatar.com\\\/avatar\\\/57de8e5d4b15d43fb361a71fbb36338450fe67865b528a43dd10ef7c51a20392?s=96&d=mm&r=g\",\"contentUrl\":\"https:\\\/\\\/secure.gravatar.com\\\/avatar\\\/57de8e5d4b15d43fb361a71fbb36338450fe67865b528a43dd10ef7c51a20392?s=96&d=mm&r=g\",\"caption\":\"La Sentinelle\"},\"sameAs\":[\"http:\\\/\\\/www.lasentinelle.dz\"],\"url\":\"https:\\\/\\\/lasentinelle.dz\\\/author\\\/redaction\\\/\"}]}<\/script>\n<!-- \/ Yoast SEO plugin. -->","yoast_head_json":{"title":"Visite de hauts responsables chinois et mauritaniens en Alg\u00e9rie - La Sentinelle","robots":{"index":"index","follow":"follow","max-snippet":"max-snippet:-1","max-image-preview":"max-image-preview:large","max-video-preview":"max-video-preview:-1"},"canonical":"https:\/\/lasentinelle.dz\/index.php\/2024\/01\/17\/visite-de-hauts-responsables-chinois-et-mauritaniens-en-algerie\/","og_locale":"fr_FR","og_type":"article","og_title":"Visite de hauts responsables chinois et mauritaniens en Alg\u00e9rie - La Sentinelle","og_description":"Cap sur la consolidation de la coop\u00e9ration Le pr\u00e9sident de la R\u00e9publique, Abdelmadjid Tebboune, a re\u00e7u hier, le vice-Premier ministre","og_url":"https:\/\/lasentinelle.dz\/index.php\/2024\/01\/17\/visite-de-hauts-responsables-chinois-et-mauritaniens-en-algerie\/","og_site_name":"La Sentinelle","article_publisher":"https:\/\/www.facebook.com\/La-Sentinelle-104059864394773","article_published_time":"2024-01-17T13:55:15+00:00","article_modified_time":"2024-01-17T13:55:19+00:00","og_image":[{"width":2048,"height":1366,"url":"https:\/\/lasentinelle.dz\/wp-content\/uploads\/2024\/01\/tebboune-chinois.jpeg","type":"image\/jpeg"}],"author":"La Sentinelle","twitter_card":"summary_large_image","twitter_misc":{"\u00c9crit par":"La Sentinelle","Dur\u00e9e de lecture estim\u00e9e":"3 minutes"},"schema":{"@context":"https:\/\/schema.org","@graph":[{"@type":"Article","@id":"https:\/\/lasentinelle.dz\/index.php\/2024\/01\/17\/visite-de-hauts-responsables-chinois-et-mauritaniens-en-algerie\/#article","isPartOf":{"@id":"https:\/\/lasentinelle.dz\/index.php\/2024\/01\/17\/visite-de-hauts-responsables-chinois-et-mauritaniens-en-algerie\/"},"author":{"name":"La Sentinelle","@id":"https:\/\/lasentinelle.dz\/#\/schema\/person\/d865044e22e70a75174ce8bcad3acfb3"},"headline":"Visite de hauts responsables chinois et mauritaniens en Alg\u00e9rie","datePublished":"2024-01-17T13:55:15+00:00","dateModified":"2024-01-17T13:55:19+00:00","mainEntityOfPage":{"@id":"https:\/\/lasentinelle.dz\/index.php\/2024\/01\/17\/visite-de-hauts-responsables-chinois-et-mauritaniens-en-algerie\/"},"wordCount":618,"commentCount":0,"publisher":{"@id":"https:\/\/lasentinelle.dz\/#organization"},"image":{"@id":"https:\/\/lasentinelle.dz\/index.php\/2024\/01\/17\/visite-de-hauts-responsables-chinois-et-mauritaniens-en-algerie\/#primaryimage"},"thumbnailUrl":"https:\/\/lasentinelle.dz\/wp-content\/uploads\/2024\/01\/tebboune-chinois.jpeg","articleSection":["Actualit\u00e9"],"inLanguage":"fr-FR","potentialAction":[{"@type":"CommentAction","name":"Comment","target":["https:\/\/lasentinelle.dz\/index.php\/2024\/01\/17\/visite-de-hauts-responsables-chinois-et-mauritaniens-en-algerie\/#respond"]}]},{"@type":"WebPage","@id":"https:\/\/lasentinelle.dz\/index.php\/2024\/01\/17\/visite-de-hauts-responsables-chinois-et-mauritaniens-en-algerie\/","url":"https:\/\/lasentinelle.dz\/index.php\/2024\/01\/17\/visite-de-hauts-responsables-chinois-et-mauritaniens-en-algerie\/","name":"Visite de hauts responsables chinois et mauritaniens en Alg\u00e9rie - La Sentinelle","isPartOf":{"@id":"https:\/\/lasentinelle.dz\/#website"},"primaryImageOfPage":{"@id":"https:\/\/lasentinelle.dz\/index.php\/2024\/01\/17\/visite-de-hauts-responsables-chinois-et-mauritaniens-en-algerie\/#primaryimage"},"image":{"@id":"https:\/\/lasentinelle.dz\/index.php\/2024\/01\/17\/visite-de-hauts-responsables-chinois-et-mauritaniens-en-algerie\/#primaryimage"},"thumbnailUrl":"https:\/\/lasentinelle.dz\/wp-content\/uploads\/2024\/01\/tebboune-chinois.jpeg","datePublished":"2024-01-17T13:55:15+00:00","dateModified":"2024-01-17T13:55:19+00:00","breadcrumb":{"@id":"https:\/\/lasentinelle.dz\/index.php\/2024\/01\/17\/visite-de-hauts-responsables-chinois-et-mauritaniens-en-algerie\/#breadcrumb"},"inLanguage":"fr-FR","potentialAction":[{"@type":"ReadAction","target":["https:\/\/lasentinelle.dz\/index.php\/2024\/01\/17\/visite-de-hauts-responsables-chinois-et-mauritaniens-en-algerie\/"]}]},{"@type":"ImageObject","inLanguage":"fr-FR","@id":"https:\/\/lasentinelle.dz\/index.php\/2024\/01\/17\/visite-de-hauts-responsables-chinois-et-mauritaniens-en-algerie\/#primaryimage","url":"https:\/\/lasentinelle.dz\/wp-content\/uploads\/2024\/01\/tebboune-chinois.jpeg","contentUrl":"https:\/\/lasentinelle.dz\/wp-content\/uploads\/2024\/01\/tebboune-chinois.jpeg","width":2048,"height":1366},{"@type":"BreadcrumbList","@id":"https:\/\/lasentinelle.dz\/index.php\/2024\/01\/17\/visite-de-hauts-responsables-chinois-et-mauritaniens-en-algerie\/#breadcrumb","itemListElement":[{"@type":"ListItem","position":1,"name":"Accueil","item":"https:\/\/lasentinelle.dz\/"},{"@type":"ListItem","position":2,"name":"Visite de hauts responsables chinois et mauritaniens en Alg\u00e9rie"}]},{"@type":"WebSite","@id":"https:\/\/lasentinelle.dz\/#website","url":"https:\/\/lasentinelle.dz\/","name":"La Sentinelle","description":"Quotidien national d&#039;information","publisher":{"@id":"https:\/\/lasentinelle.dz\/#organization"},"potentialAction":[{"@type":"SearchAction","target":{"@type":"EntryPoint","urlTemplate":"https:\/\/lasentinelle.dz\/?s={search_term_string}"},"query-input":{"@type":"PropertyValueSpecification","valueRequired":true,"valueName":"search_term_string"}}],"inLanguage":"fr-FR"},{"@type":"Organization","@id":"https:\/\/lasentinelle.dz\/#organization","name":"Quotidien La Sentinelle","url":"https:\/\/lasentinelle.dz\/","logo":{"@type":"ImageObject","inLanguage":"fr-FR","@id":"https:\/\/lasentinelle.dz\/#\/schema\/logo\/image\/","url":"https:\/\/lasentinelle.dz\/wp-content\/uploads\/2021\/09\/logo-sentinelleSLOGAN-1.png","contentUrl":"https:\/\/lasentinelle.dz\/wp-content\/uploads\/2021\/09\/logo-sentinelleSLOGAN-1.png","width":615,"height":142,"caption":"Quotidien La Sentinelle"},"image":{"@id":"https:\/\/lasentinelle.dz\/#\/schema\/logo\/image\/"},"sameAs":["https:\/\/www.facebook.com\/La-Sentinelle-104059864394773"]},{"@type":"Person","@id":"https:\/\/lasentinelle.dz\/#\/schema\/person\/d865044e22e70a75174ce8bcad3acfb3","name":"La Sentinelle","image":{"@type":"ImageObject","inLanguage":"fr-FR","@id":"https:\/\/secure.gravatar.com\/avatar\/57de8e5d4b15d43fb361a71fbb36338450fe67865b528a43dd10ef7c51a20392?s=96&d=mm&r=g","url":"https:\/\/secure.gravatar.com\/avatar\/57de8e5d4b15d43fb361a71fbb36338450fe67865b528a43dd10ef7c51a20392?s=96&d=mm&r=g","contentUrl":"https:\/\/secure.gravatar.com\/avatar\/57de8e5d4b15d43fb361a71fbb36338450fe67865b528a43dd10ef7c51a20392?s=96&d=mm&r=g","caption":"La Sentinelle"},"sameAs":["http:\/\/www.lasentinelle.dz"],"url":"https:\/\/lasentinelle.dz\/author\/redaction\/"}]}},"_links":{"self":[{"href":"https:\/\/lasentinelle.dz\/index.php\/wp-json\/wp\/v2\/posts\/48792","targetHints":{"allow":["GET"]}}],"collection":[{"href":"https:\/\/lasentinelle.dz\/index.php\/wp-json\/wp\/v2\/posts"}],"about":[{"href":"https:\/\/lasentinelle.dz\/index.php\/wp-json\/wp\/v2\/types\/post"}],"author":[{"embeddable":true,"href":"https:\/\/lasentinelle.dz\/index.php\/wp-json\/wp\/v2\/users\/3"}],"replies":[{"embeddable":true,"href":"https:\/\/lasentinelle.dz\/index.php\/wp-json\/wp\/v2\/comments?post=48792"}],"version-history":[{"count":1,"href":"https:\/\/lasentinelle.dz\/index.php\/wp-json\/wp\/v2\/posts\/48792\/revisions"}],"predecessor-version":[{"id":48794,"href":"https:\/\/lasentinelle.dz\/index.php\/wp-json\/wp\/v2\/posts\/48792\/revisions\/48794"}],"wp:featuredmedia":[{"embeddable":true,"href":"https:\/\/lasentinelle.dz\/index.php\/wp-json\/wp\/v2\/media\/48793"}],"wp:attachment":[{"href":"https:\/\/lasentinelle.dz\/index.php\/wp-json\/wp\/v2\/media?parent=48792"}],"wp:term":[{"taxonomy":"category","embeddable":true,"href":"https:\/\/lasentinelle.dz\/index.php\/wp-json\/wp\/v2\/categories?post=48792"},{"taxonomy":"post_tag","embeddable":true,"href":"https:\/\/lasentinelle.dz\/index.php\/wp-json\/wp\/v2\/tags?post=48792"}],"curies":[{"name":"wp","href":"https:\/\/api.w.org\/{rel}","templated":true}]}}