{"id":48807,"date":"2024-01-17T15:22:04","date_gmt":"2024-01-17T14:22:04","guid":{"rendered":"https:\/\/lasentinelle.dz\/?p=48807"},"modified":"2024-01-17T15:22:08","modified_gmt":"2024-01-17T14:22:08","slug":"hausse-de-la-consommation-de-carburants-en-2023","status":"publish","type":"post","link":"https:\/\/lasentinelle.dz\/index.php\/2024\/01\/17\/hausse-de-la-consommation-de-carburants-en-2023\/","title":{"rendered":"Hausse de la consommation de carburants en 2023"},"content":{"rendered":"\n<p>La consommation de carburant a augment\u00e9 de 3,5 % en 2023. Une hausse aliment\u00e9e par la demande en gasoil et surtout le bond dans la consommation de GPL qui prend le pas sur le recours aux carburants essence. L\u2019importante \u00e9volution de la consommation des carburants les secteurs de l\u2019aviation et du transport maritime qui a \u00e9volu\u00e9 respectivement du tiers et de moiti\u00e9 a \u00e9galement contribu\u00e9 \u00e0 l\u2019augmentation. Dans un entretien \u00e0 l\u2019APS, le pr\u00e9sident de l\u2019Autorit\u00e9 de r\u00e9gulation des hydrocarbures, Rachid Nadil, a indiqu\u00e9 que la consommation nationale de produits p\u00e9troliers a connu une augmentation de 3,5% sous l&rsquo;effet de la dynamique \u00e9conomique que conna\u00eet le pays. Celle-ci a atteint 18,1 millions de tonnes en 2023 contre 17,3 millions de tonnes en 2022. Cette hausse est notamment aliment\u00e9e par la progression de la consommation de gasoil qui constitue toujours l\u2019essentiel des carburants consomm\u00e9s en Alg\u00e9rie. En effet, en 2022, la consommation de gasoil a atteint 10,1 millions de tonnes contre 9,73 millions de tonnes en 2022 (+4%). Une consommation \u00ab\u00a0appel\u00e9e \u00e0 augmenter sous l&rsquo;effet de la croissance \u00e9conomique que conna\u00eet l&rsquo;Alg\u00e9rie\u00a0\u00bb, souligne Nadil. Aussi et vu que le gasoil soit un carburant polluant, d\u2019importants efforts ont \u00e9t\u00e9 d\u00e9ploy\u00e9s par les pouvoirs publics afin de favoriser le recours aux carburants plus propres, le GPL notamment. Des efforts qui paient d\u2019ailleurs. Ainsi, la consommation de GPL qui est pass\u00e9e de de 1,55 million de tonnes en 2022 \u00e0 1,73 million de tonnes en 2023, soit une hausse de 12%. Une augmentation que M. Nadil explique par les efforts consentis par diff\u00e9rents acteurs, plusieurs ann\u00e9es durant, en vue de promouvoir ce produit respectueux de l&rsquo;environnement propos\u00e9 au consommateur \u00e0 seulement 9 dinars\/litre. Une progression qui s\u2019est faite au d\u00e9triment de l\u2019essence qui a vu sa consommation reculer de 0,6%, passant de 3,34 millions de tonnes en 2022 \u00e0 3,32 millions de tonnes en 2023.<\/p>\n\n\n\n<p>La demande en carburants est d\u2019ailleurs couverte par la production nationale, souligne le pr\u00e9sident de l\u2019ARH. Si la consommation devrait se poursuivre dans les ann\u00e9es \u00e0 venir\u00a0\u00bb, \u00ab\u00a0les capacit\u00e9s de production nationales sont capables de satisfaire cette demande, d&rsquo;autant plus que l&rsquo;Alg\u00e9rie a r\u00e9alis\u00e9 une autosuffisance en produits p\u00e9troliers ces quatre derni\u00e8res ann\u00e9es, gr\u00e2ce aux efforts des hautes autorit\u00e9s, notamment \u00e0 travers la r\u00e9habilitation des raffineries et l&rsquo;augmentation de la capacit\u00e9 de production de ces produits\u00a0\u00bb, assure-t-il d\u2019ailleurs. Concernant le cas particulier du gasoil, il a relev\u00e9 que \u00ab\u00a0la capacit\u00e9 de production de ce produit, estim\u00e9e actuellement \u00e0 9,9 millions de tonnes, devrait atteindre 10,3 millions de tonnes\u00a0\u00bb. &nbsp;Il note que la consommation de k\u00e9ros\u00e8ne a atteint 630.000 tonnes en 2023, contre 470.000 tonnes en 2022 (+34%), tandis que la consommation de carburants marins a atteint 330.000 tonnes en 2023 contre 220.000 tonnes en 2022 (+50%). Une \u00e9volution qui refl\u00e8te la dynamique \u00e9conomique au cours des derniers mois, caract\u00e9ris\u00e9e par la relance du transport a\u00e9rien et maritime \u00e0 l\u2019international, notamment avec l\u2019ouverture de nouvelles lignes.&nbsp; La consommation de bitume a, par contre, recul\u00e9 de 20%, passant de 620.000 tonnes en 2022 \u00e0 500.000 tonnes en 2023. Concernant les investissements, Rachid Nadil a rappel\u00e9 que l&rsquo;ARH avait lanc\u00e9 une plateforme num\u00e9rique pour l&rsquo;\u00e9tude des demandes d&rsquo;autorisations li\u00e9es \u00e0 l&rsquo;investissement dans le domaine des hydrocarbures en vue de faciliter et d&rsquo;acc\u00e9l\u00e9rer le traitement des dossiers &nbsp;en deux ou trois jours et d&rsquo;accompagner les investisseurs. Il a \u00e9galement soulign\u00e9 que l\u2019Autorit\u00e9 qu\u2019il pr\u00e9side a trait\u00e9 176 demandes d&rsquo;autorisations en 2023 pour le lancement d&rsquo;activit\u00e9s de stockage et de distribution de produits p\u00e9troliers et la cr\u00e9ation d&rsquo;unit\u00e9s de fabrication et de stockage de lubrifiants et de r\u00e9g\u00e9n\u00e9ration des huiles.Et de pr\u00e9ciser que 112 autorisations avaient \u00e9t\u00e9 accord\u00e9es pour la cr\u00e9ation de stations-service, 6 autorisations pour le stockage de produits p\u00e9troliers et 2 autorisations pour l&rsquo;expansion de l&rsquo;activit\u00e9 de conversion des v\u00e9hicules au GPL carburant.S&rsquo;agissant de la cr\u00e9ation d&rsquo;unit\u00e9s de fabrication et de stockage de lubrifiants et de r\u00e9g\u00e9n\u00e9ration des huiles, 56 autorisations ont \u00e9t\u00e9 accord\u00e9es, a fait savoir M. Nadil, relevant que ces autorisations \u00e9taient octroy\u00e9es conform\u00e9ment au plan national de d\u00e9veloppement des installations de raffinage et de transformation des hydrocarbures, dont l&rsquo;\u00e9tude a \u00e9t\u00e9 confi\u00e9e \u00e0 une commission sectorielle sp\u00e9ciale.<\/p>\n\n\n\n<p>Samir Benisid<\/p>\n","protected":false},"excerpt":{"rendered":"<p>La consommation de carburant a augment\u00e9 de 3,5 % en 2023. Une hausse aliment\u00e9e par la demande en gasoil et<\/p>\n","protected":false},"author":3,"featured_media":30515,"comment_status":"open","ping_status":"closed","sticky":false,"template":"","format":"standard","meta":{"colormag_page_container_layout":"default_layout","colormag_page_sidebar_layout":"default_layout","om_disable_all_campaigns":false,"_monsterinsights_skip_tracking":false,"_monsterinsights_sitenote_active":false,"_monsterinsights_sitenote_note":"","_monsterinsights_sitenote_category":0,"footnotes":"","_wpscppro_dont_share_socialmedia":false,"_wpscppro_custom_social_share_image":0,"_facebook_share_type":"","_twitter_share_type":"","_linkedin_share_type":"","_pinterest_share_type":"","_linkedin_share_type_page":"","_instagram_share_type":"","_medium_share_type":"","_threads_share_type":"","_google_business_share_type":"","_selected_social_profile":[],"_wpsp_enable_custom_social_template":false,"_wpsp_social_scheduling":{"enabled":false,"datetime":null,"platforms":[],"status":"template_only","dateOption":"today","timeOption":"now","customDays":"","customHours":"","customDate":"","customTime":"","schedulingType":"absolute"},"_wpsp_active_default_template":true},"categories":[52,29],"tags":[],"class_list":["post-48807","post","type-post","status-publish","format-standard","has-post-thumbnail","hentry","category-a-la-une","category-economie"],"aioseo_notices":[],"yoast_head":"<!-- This site is optimized with the Yoast SEO plugin v27.5 - https:\/\/yoast.com\/product\/yoast-seo-wordpress\/ -->\n<title>Hausse de la consommation de carburants en 2023 - La Sentinelle<\/title>\n<meta name=\"robots\" content=\"index, follow, max-snippet:-1, max-image-preview:large, max-video-preview:-1\" \/>\n<link rel=\"canonical\" href=\"https:\/\/lasentinelle.dz\/index.php\/2024\/01\/17\/hausse-de-la-consommation-de-carburants-en-2023\/\" \/>\n<meta property=\"og:locale\" content=\"fr_FR\" \/>\n<meta property=\"og:type\" content=\"article\" \/>\n<meta property=\"og:title\" content=\"Hausse de la consommation de carburants en 2023 - La Sentinelle\" \/>\n<meta property=\"og:description\" content=\"La consommation de carburant a augment\u00e9 de 3,5 % en 2023. Une hausse aliment\u00e9e par la demande en gasoil et\" \/>\n<meta property=\"og:url\" content=\"https:\/\/lasentinelle.dz\/index.php\/2024\/01\/17\/hausse-de-la-consommation-de-carburants-en-2023\/\" \/>\n<meta property=\"og:site_name\" content=\"La Sentinelle\" \/>\n<meta property=\"article:publisher\" content=\"https:\/\/www.facebook.com\/La-Sentinelle-104059864394773\" \/>\n<meta property=\"article:published_time\" content=\"2024-01-17T14:22:04+00:00\" \/>\n<meta property=\"article:modified_time\" content=\"2024-01-17T14:22:08+00:00\" \/>\n<meta property=\"og:image\" content=\"https:\/\/lasentinelle.dz\/wp-content\/uploads\/2022\/11\/carburant.png\" \/>\n\t<meta property=\"og:image:width\" content=\"1371\" \/>\n\t<meta property=\"og:image:height\" content=\"900\" \/>\n\t<meta property=\"og:image:type\" content=\"image\/png\" \/>\n<meta name=\"author\" content=\"La Sentinelle\" \/>\n<meta name=\"twitter:card\" content=\"summary_large_image\" \/>\n<meta name=\"twitter:label1\" content=\"\u00c9crit par\" \/>\n\t<meta name=\"twitter:data1\" content=\"La Sentinelle\" \/>\n\t<meta name=\"twitter:label2\" content=\"Dur\u00e9e de lecture estim\u00e9e\" \/>\n\t<meta name=\"twitter:data2\" content=\"4 minutes\" \/>\n<script type=\"application\/ld+json\" class=\"yoast-schema-graph\">{\"@context\":\"https:\\\/\\\/schema.org\",\"@graph\":[{\"@type\":\"Article\",\"@id\":\"https:\\\/\\\/lasentinelle.dz\\\/index.php\\\/2024\\\/01\\\/17\\\/hausse-de-la-consommation-de-carburants-en-2023\\\/#article\",\"isPartOf\":{\"@id\":\"https:\\\/\\\/lasentinelle.dz\\\/index.php\\\/2024\\\/01\\\/17\\\/hausse-de-la-consommation-de-carburants-en-2023\\\/\"},\"author\":{\"name\":\"La Sentinelle\",\"@id\":\"https:\\\/\\\/lasentinelle.dz\\\/#\\\/schema\\\/person\\\/d865044e22e70a75174ce8bcad3acfb3\"},\"headline\":\"Hausse de la consommation de carburants en 2023\",\"datePublished\":\"2024-01-17T14:22:04+00:00\",\"dateModified\":\"2024-01-17T14:22:08+00:00\",\"mainEntityOfPage\":{\"@id\":\"https:\\\/\\\/lasentinelle.dz\\\/index.php\\\/2024\\\/01\\\/17\\\/hausse-de-la-consommation-de-carburants-en-2023\\\/\"},\"wordCount\":744,\"commentCount\":0,\"publisher\":{\"@id\":\"https:\\\/\\\/lasentinelle.dz\\\/#organization\"},\"image\":{\"@id\":\"https:\\\/\\\/lasentinelle.dz\\\/index.php\\\/2024\\\/01\\\/17\\\/hausse-de-la-consommation-de-carburants-en-2023\\\/#primaryimage\"},\"thumbnailUrl\":\"https:\\\/\\\/lasentinelle.dz\\\/wp-content\\\/uploads\\\/2022\\\/11\\\/carburant.png\",\"articleSection\":[\"\u00c0 la Une\",\"\u00c9conomie\"],\"inLanguage\":\"fr-FR\",\"potentialAction\":[{\"@type\":\"CommentAction\",\"name\":\"Comment\",\"target\":[\"https:\\\/\\\/lasentinelle.dz\\\/index.php\\\/2024\\\/01\\\/17\\\/hausse-de-la-consommation-de-carburants-en-2023\\\/#respond\"]}]},{\"@type\":\"WebPage\",\"@id\":\"https:\\\/\\\/lasentinelle.dz\\\/index.php\\\/2024\\\/01\\\/17\\\/hausse-de-la-consommation-de-carburants-en-2023\\\/\",\"url\":\"https:\\\/\\\/lasentinelle.dz\\\/index.php\\\/2024\\\/01\\\/17\\\/hausse-de-la-consommation-de-carburants-en-2023\\\/\",\"name\":\"Hausse de la consommation de carburants en 2023 - La Sentinelle\",\"isPartOf\":{\"@id\":\"https:\\\/\\\/lasentinelle.dz\\\/#website\"},\"primaryImageOfPage\":{\"@id\":\"https:\\\/\\\/lasentinelle.dz\\\/index.php\\\/2024\\\/01\\\/17\\\/hausse-de-la-consommation-de-carburants-en-2023\\\/#primaryimage\"},\"image\":{\"@id\":\"https:\\\/\\\/lasentinelle.dz\\\/index.php\\\/2024\\\/01\\\/17\\\/hausse-de-la-consommation-de-carburants-en-2023\\\/#primaryimage\"},\"thumbnailUrl\":\"https:\\\/\\\/lasentinelle.dz\\\/wp-content\\\/uploads\\\/2022\\\/11\\\/carburant.png\",\"datePublished\":\"2024-01-17T14:22:04+00:00\",\"dateModified\":\"2024-01-17T14:22:08+00:00\",\"breadcrumb\":{\"@id\":\"https:\\\/\\\/lasentinelle.dz\\\/index.php\\\/2024\\\/01\\\/17\\\/hausse-de-la-consommation-de-carburants-en-2023\\\/#breadcrumb\"},\"inLanguage\":\"fr-FR\",\"potentialAction\":[{\"@type\":\"ReadAction\",\"target\":[\"https:\\\/\\\/lasentinelle.dz\\\/index.php\\\/2024\\\/01\\\/17\\\/hausse-de-la-consommation-de-carburants-en-2023\\\/\"]}]},{\"@type\":\"ImageObject\",\"inLanguage\":\"fr-FR\",\"@id\":\"https:\\\/\\\/lasentinelle.dz\\\/index.php\\\/2024\\\/01\\\/17\\\/hausse-de-la-consommation-de-carburants-en-2023\\\/#primaryimage\",\"url\":\"https:\\\/\\\/lasentinelle.dz\\\/wp-content\\\/uploads\\\/2022\\\/11\\\/carburant.png\",\"contentUrl\":\"https:\\\/\\\/lasentinelle.dz\\\/wp-content\\\/uploads\\\/2022\\\/11\\\/carburant.png\",\"width\":1371,\"height\":900},{\"@type\":\"BreadcrumbList\",\"@id\":\"https:\\\/\\\/lasentinelle.dz\\\/index.php\\\/2024\\\/01\\\/17\\\/hausse-de-la-consommation-de-carburants-en-2023\\\/#breadcrumb\",\"itemListElement\":[{\"@type\":\"ListItem\",\"position\":1,\"name\":\"Accueil\",\"item\":\"https:\\\/\\\/lasentinelle.dz\\\/\"},{\"@type\":\"ListItem\",\"position\":2,\"name\":\"Hausse de la consommation de carburants en 2023\"}]},{\"@type\":\"WebSite\",\"@id\":\"https:\\\/\\\/lasentinelle.dz\\\/#website\",\"url\":\"https:\\\/\\\/lasentinelle.dz\\\/\",\"name\":\"La Sentinelle\",\"description\":\"Quotidien national d&#039;information\",\"publisher\":{\"@id\":\"https:\\\/\\\/lasentinelle.dz\\\/#organization\"},\"potentialAction\":[{\"@type\":\"SearchAction\",\"target\":{\"@type\":\"EntryPoint\",\"urlTemplate\":\"https:\\\/\\\/lasentinelle.dz\\\/?s={search_term_string}\"},\"query-input\":{\"@type\":\"PropertyValueSpecification\",\"valueRequired\":true,\"valueName\":\"search_term_string\"}}],\"inLanguage\":\"fr-FR\"},{\"@type\":\"Organization\",\"@id\":\"https:\\\/\\\/lasentinelle.dz\\\/#organization\",\"name\":\"Quotidien La Sentinelle\",\"url\":\"https:\\\/\\\/lasentinelle.dz\\\/\",\"logo\":{\"@type\":\"ImageObject\",\"inLanguage\":\"fr-FR\",\"@id\":\"https:\\\/\\\/lasentinelle.dz\\\/#\\\/schema\\\/logo\\\/image\\\/\",\"url\":\"https:\\\/\\\/lasentinelle.dz\\\/wp-content\\\/uploads\\\/2021\\\/09\\\/logo-sentinelleSLOGAN-1.png\",\"contentUrl\":\"https:\\\/\\\/lasentinelle.dz\\\/wp-content\\\/uploads\\\/2021\\\/09\\\/logo-sentinelleSLOGAN-1.png\",\"width\":615,\"height\":142,\"caption\":\"Quotidien La Sentinelle\"},\"image\":{\"@id\":\"https:\\\/\\\/lasentinelle.dz\\\/#\\\/schema\\\/logo\\\/image\\\/\"},\"sameAs\":[\"https:\\\/\\\/www.facebook.com\\\/La-Sentinelle-104059864394773\"]},{\"@type\":\"Person\",\"@id\":\"https:\\\/\\\/lasentinelle.dz\\\/#\\\/schema\\\/person\\\/d865044e22e70a75174ce8bcad3acfb3\",\"name\":\"La Sentinelle\",\"image\":{\"@type\":\"ImageObject\",\"inLanguage\":\"fr-FR\",\"@id\":\"https:\\\/\\\/secure.gravatar.com\\\/avatar\\\/57de8e5d4b15d43fb361a71fbb36338450fe67865b528a43dd10ef7c51a20392?s=96&d=mm&r=g\",\"url\":\"https:\\\/\\\/secure.gravatar.com\\\/avatar\\\/57de8e5d4b15d43fb361a71fbb36338450fe67865b528a43dd10ef7c51a20392?s=96&d=mm&r=g\",\"contentUrl\":\"https:\\\/\\\/secure.gravatar.com\\\/avatar\\\/57de8e5d4b15d43fb361a71fbb36338450fe67865b528a43dd10ef7c51a20392?s=96&d=mm&r=g\",\"caption\":\"La Sentinelle\"},\"sameAs\":[\"http:\\\/\\\/www.lasentinelle.dz\"],\"url\":\"https:\\\/\\\/lasentinelle.dz\\\/author\\\/redaction\\\/\"}]}<\/script>\n<!-- \/ Yoast SEO plugin. -->","yoast_head_json":{"title":"Hausse de la consommation de carburants en 2023 - La Sentinelle","robots":{"index":"index","follow":"follow","max-snippet":"max-snippet:-1","max-image-preview":"max-image-preview:large","max-video-preview":"max-video-preview:-1"},"canonical":"https:\/\/lasentinelle.dz\/index.php\/2024\/01\/17\/hausse-de-la-consommation-de-carburants-en-2023\/","og_locale":"fr_FR","og_type":"article","og_title":"Hausse de la consommation de carburants en 2023 - La Sentinelle","og_description":"La consommation de carburant a augment\u00e9 de 3,5 % en 2023. Une hausse aliment\u00e9e par la demande en gasoil et","og_url":"https:\/\/lasentinelle.dz\/index.php\/2024\/01\/17\/hausse-de-la-consommation-de-carburants-en-2023\/","og_site_name":"La Sentinelle","article_publisher":"https:\/\/www.facebook.com\/La-Sentinelle-104059864394773","article_published_time":"2024-01-17T14:22:04+00:00","article_modified_time":"2024-01-17T14:22:08+00:00","og_image":[{"width":1371,"height":900,"url":"https:\/\/lasentinelle.dz\/wp-content\/uploads\/2022\/11\/carburant.png","type":"image\/png"}],"author":"La Sentinelle","twitter_card":"summary_large_image","twitter_misc":{"\u00c9crit par":"La Sentinelle","Dur\u00e9e de lecture estim\u00e9e":"4 minutes"},"schema":{"@context":"https:\/\/schema.org","@graph":[{"@type":"Article","@id":"https:\/\/lasentinelle.dz\/index.php\/2024\/01\/17\/hausse-de-la-consommation-de-carburants-en-2023\/#article","isPartOf":{"@id":"https:\/\/lasentinelle.dz\/index.php\/2024\/01\/17\/hausse-de-la-consommation-de-carburants-en-2023\/"},"author":{"name":"La Sentinelle","@id":"https:\/\/lasentinelle.dz\/#\/schema\/person\/d865044e22e70a75174ce8bcad3acfb3"},"headline":"Hausse de la consommation de carburants en 2023","datePublished":"2024-01-17T14:22:04+00:00","dateModified":"2024-01-17T14:22:08+00:00","mainEntityOfPage":{"@id":"https:\/\/lasentinelle.dz\/index.php\/2024\/01\/17\/hausse-de-la-consommation-de-carburants-en-2023\/"},"wordCount":744,"commentCount":0,"publisher":{"@id":"https:\/\/lasentinelle.dz\/#organization"},"image":{"@id":"https:\/\/lasentinelle.dz\/index.php\/2024\/01\/17\/hausse-de-la-consommation-de-carburants-en-2023\/#primaryimage"},"thumbnailUrl":"https:\/\/lasentinelle.dz\/wp-content\/uploads\/2022\/11\/carburant.png","articleSection":["\u00c0 la Une","\u00c9conomie"],"inLanguage":"fr-FR","potentialAction":[{"@type":"CommentAction","name":"Comment","target":["https:\/\/lasentinelle.dz\/index.php\/2024\/01\/17\/hausse-de-la-consommation-de-carburants-en-2023\/#respond"]}]},{"@type":"WebPage","@id":"https:\/\/lasentinelle.dz\/index.php\/2024\/01\/17\/hausse-de-la-consommation-de-carburants-en-2023\/","url":"https:\/\/lasentinelle.dz\/index.php\/2024\/01\/17\/hausse-de-la-consommation-de-carburants-en-2023\/","name":"Hausse de la consommation de carburants en 2023 - La Sentinelle","isPartOf":{"@id":"https:\/\/lasentinelle.dz\/#website"},"primaryImageOfPage":{"@id":"https:\/\/lasentinelle.dz\/index.php\/2024\/01\/17\/hausse-de-la-consommation-de-carburants-en-2023\/#primaryimage"},"image":{"@id":"https:\/\/lasentinelle.dz\/index.php\/2024\/01\/17\/hausse-de-la-consommation-de-carburants-en-2023\/#primaryimage"},"thumbnailUrl":"https:\/\/lasentinelle.dz\/wp-content\/uploads\/2022\/11\/carburant.png","datePublished":"2024-01-17T14:22:04+00:00","dateModified":"2024-01-17T14:22:08+00:00","breadcrumb":{"@id":"https:\/\/lasentinelle.dz\/index.php\/2024\/01\/17\/hausse-de-la-consommation-de-carburants-en-2023\/#breadcrumb"},"inLanguage":"fr-FR","potentialAction":[{"@type":"ReadAction","target":["https:\/\/lasentinelle.dz\/index.php\/2024\/01\/17\/hausse-de-la-consommation-de-carburants-en-2023\/"]}]},{"@type":"ImageObject","inLanguage":"fr-FR","@id":"https:\/\/lasentinelle.dz\/index.php\/2024\/01\/17\/hausse-de-la-consommation-de-carburants-en-2023\/#primaryimage","url":"https:\/\/lasentinelle.dz\/wp-content\/uploads\/2022\/11\/carburant.png","contentUrl":"https:\/\/lasentinelle.dz\/wp-content\/uploads\/2022\/11\/carburant.png","width":1371,"height":900},{"@type":"BreadcrumbList","@id":"https:\/\/lasentinelle.dz\/index.php\/2024\/01\/17\/hausse-de-la-consommation-de-carburants-en-2023\/#breadcrumb","itemListElement":[{"@type":"ListItem","position":1,"name":"Accueil","item":"https:\/\/lasentinelle.dz\/"},{"@type":"ListItem","position":2,"name":"Hausse de la consommation de carburants en 2023"}]},{"@type":"WebSite","@id":"https:\/\/lasentinelle.dz\/#website","url":"https:\/\/lasentinelle.dz\/","name":"La Sentinelle","description":"Quotidien national d&#039;information","publisher":{"@id":"https:\/\/lasentinelle.dz\/#organization"},"potentialAction":[{"@type":"SearchAction","target":{"@type":"EntryPoint","urlTemplate":"https:\/\/lasentinelle.dz\/?s={search_term_string}"},"query-input":{"@type":"PropertyValueSpecification","valueRequired":true,"valueName":"search_term_string"}}],"inLanguage":"fr-FR"},{"@type":"Organization","@id":"https:\/\/lasentinelle.dz\/#organization","name":"Quotidien La Sentinelle","url":"https:\/\/lasentinelle.dz\/","logo":{"@type":"ImageObject","inLanguage":"fr-FR","@id":"https:\/\/lasentinelle.dz\/#\/schema\/logo\/image\/","url":"https:\/\/lasentinelle.dz\/wp-content\/uploads\/2021\/09\/logo-sentinelleSLOGAN-1.png","contentUrl":"https:\/\/lasentinelle.dz\/wp-content\/uploads\/2021\/09\/logo-sentinelleSLOGAN-1.png","width":615,"height":142,"caption":"Quotidien La Sentinelle"},"image":{"@id":"https:\/\/lasentinelle.dz\/#\/schema\/logo\/image\/"},"sameAs":["https:\/\/www.facebook.com\/La-Sentinelle-104059864394773"]},{"@type":"Person","@id":"https:\/\/lasentinelle.dz\/#\/schema\/person\/d865044e22e70a75174ce8bcad3acfb3","name":"La Sentinelle","image":{"@type":"ImageObject","inLanguage":"fr-FR","@id":"https:\/\/secure.gravatar.com\/avatar\/57de8e5d4b15d43fb361a71fbb36338450fe67865b528a43dd10ef7c51a20392?s=96&d=mm&r=g","url":"https:\/\/secure.gravatar.com\/avatar\/57de8e5d4b15d43fb361a71fbb36338450fe67865b528a43dd10ef7c51a20392?s=96&d=mm&r=g","contentUrl":"https:\/\/secure.gravatar.com\/avatar\/57de8e5d4b15d43fb361a71fbb36338450fe67865b528a43dd10ef7c51a20392?s=96&d=mm&r=g","caption":"La Sentinelle"},"sameAs":["http:\/\/www.lasentinelle.dz"],"url":"https:\/\/lasentinelle.dz\/author\/redaction\/"}]}},"_links":{"self":[{"href":"https:\/\/lasentinelle.dz\/index.php\/wp-json\/wp\/v2\/posts\/48807","targetHints":{"allow":["GET"]}}],"collection":[{"href":"https:\/\/lasentinelle.dz\/index.php\/wp-json\/wp\/v2\/posts"}],"about":[{"href":"https:\/\/lasentinelle.dz\/index.php\/wp-json\/wp\/v2\/types\/post"}],"author":[{"embeddable":true,"href":"https:\/\/lasentinelle.dz\/index.php\/wp-json\/wp\/v2\/users\/3"}],"replies":[{"embeddable":true,"href":"https:\/\/lasentinelle.dz\/index.php\/wp-json\/wp\/v2\/comments?post=48807"}],"version-history":[{"count":1,"href":"https:\/\/lasentinelle.dz\/index.php\/wp-json\/wp\/v2\/posts\/48807\/revisions"}],"predecessor-version":[{"id":48808,"href":"https:\/\/lasentinelle.dz\/index.php\/wp-json\/wp\/v2\/posts\/48807\/revisions\/48808"}],"wp:featuredmedia":[{"embeddable":true,"href":"https:\/\/lasentinelle.dz\/index.php\/wp-json\/wp\/v2\/media\/30515"}],"wp:attachment":[{"href":"https:\/\/lasentinelle.dz\/index.php\/wp-json\/wp\/v2\/media?parent=48807"}],"wp:term":[{"taxonomy":"category","embeddable":true,"href":"https:\/\/lasentinelle.dz\/index.php\/wp-json\/wp\/v2\/categories?post=48807"},{"taxonomy":"post_tag","embeddable":true,"href":"https:\/\/lasentinelle.dz\/index.php\/wp-json\/wp\/v2\/tags?post=48807"}],"curies":[{"name":"wp","href":"https:\/\/api.w.org\/{rel}","templated":true}]}}