{"id":48809,"date":"2024-01-17T15:23:45","date_gmt":"2024-01-17T14:23:45","guid":{"rendered":"https:\/\/lasentinelle.dz\/?p=48809"},"modified":"2024-01-17T15:23:47","modified_gmt":"2024-01-17T14:23:47","slug":"subventions-la-reforme-reportee","status":"publish","type":"post","link":"https:\/\/lasentinelle.dz\/index.php\/2024\/01\/17\/subventions-la-reforme-reportee\/","title":{"rendered":"Subventions\u00a0: la r\u00e9forme report\u00e9e"},"content":{"rendered":"\n<p>Le ministre des Finances a affirm\u00e9 hier que la r\u00e9forme des subventions ne sera lanc\u00e9e qu\u2019apr\u00e8s la finalisation du processus de num\u00e9risation et du recensement pr\u00e9cis des m\u00e9nages devant b\u00e9n\u00e9ficier du soutien de l\u2019\u00c9tat.<\/p>\n\n\n\n<p>Poste budg\u00e9taire important, les transferts sociaux sont le reflet du caract\u00e8re social de l\u2019\u00c9tat. Les subventions qui s\u2019illustrent \u00e0 travers la politique de soutien des prix des produits alimentaires de large consommation, des exon\u00e9rations fiscales dont b\u00e9n\u00e9ficient plusieurs aliments, le soutien aux prix de l\u2019\u00e9nergie et de l\u2019eau, ont certes permis de ma\u00eetriser quelque peu l\u2019impact de l\u2019inflation import\u00e9e et de pr\u00e9server le pouvoir d\u2019achat, dans le contexte actuel. Cependant, elles constituent un v\u00e9ritable d\u00e9fi pour la viabilit\u00e9 du budget de l\u2019\u00c9tat dans la mesure o\u00f9 elles participent aux d\u00e9penses de fonctionnement, lesquelles sont pour une grande partie de nature incompressible. La politique de soutien au prix ne permet pas non plus de r\u00e9pondre pleinement \u00e0 ses objectifs de justice sociale, dans la mesure o\u00f9 elle b\u00e9n\u00e9ficie souvent bien plus aux m\u00e9nages aux revenus \u00e9lev\u00e9s qu\u2019aux m\u00e9nages vuln\u00e9rables. Un constat qui a fait de la r\u00e9forme de la politique des subventions une n\u00e9cessit\u00e9. Une r\u00e9forme engag\u00e9e en 2022, avec l\u2019instauration de l\u2019article 187 bis de la loi de finances 2022 qui ambitionne l\u2019instauration d\u2019un dispositif national de compensation mon\u00e9taire au profit des m\u00e9nages qui doit permettre de remplacer la politique de soutien des prix et de subvention des prix, par des transferts mon\u00e9taires directes aux m\u00e9nages vuln\u00e9rables et ceux de la classe moyenne. Une r\u00e9forme qui est cependant gel\u00e9e en raison de l\u2019absence d\u2019un syst\u00e8me statistique national fiable et d\u2019un environnement num\u00e9rique, permettant de recenser les m\u00e9nages et leurs revenus et d\u2019identifier de mani\u00e8re pr\u00e9cise ceux qui sont \u00e9ligibles \u00e0 l\u2019aide de l\u2019\u00c9tat.&nbsp; Dans ce contexte le ministre des Finances, a affirm\u00e9 hier que le processus de r\u00e9forme des subventions est tributaire de la finalisation du processus de num\u00e9risation et du recensement des m\u00e9nages \u00e9ligibles. La\u00e2ziz Fa\u00efd a affirm\u00e9 lors de son intervention au forum du quotidien El Moudjahid que l&rsquo;op\u00e9ration est report\u00e9e jusqu&rsquo;\u00e0 la finalisation de la num\u00e9risation, car il n&rsquo;est pas possible d&rsquo;appliquer un soutien cibl\u00e9 sans un recensement pr\u00e9cis de ses b\u00e9n\u00e9ficiaires. Il a ajout\u00e9 que la r\u00e9forme des subventions est report\u00e9e jusqu&rsquo;\u00e0 ce que \u00e0 ce que toutes les conditions n\u00e9cessaires \u00e0 la mise en place d\u2019un syst\u00e8me permettant de garantir une r\u00e9partition juste des subventions directes soient mises en place. Il a soulign\u00e9 que l\u2019objectif est de parvenir \u00e0 la justice car \u00ab&nbsp;le dossier est d\u00e9licat et sensible et sera trait\u00e9 une fois toutes les conditions remplies&nbsp;\u00bb.<\/p>\n\n\n\n<p>Lors de son intervention, le premier argentier du pays a d\u2019ailleurs insist\u00e9 sur le caract\u00e8re social de l\u2019\u00c9tat. Un caract\u00e8re refl\u00e9t\u00e9 par les dispositions de la loi de finances de 2024, notamment \u00e0 travers l&rsquo;am\u00e9lioration du pouvoir d&rsquo;achat des citoyens par la revalorisation des salaires des fonctionnaires et l&rsquo;augmentation de la valeur des d\u00e9penses des transferts (intervention \u00e9conomique et sociale de l&rsquo;Etat) qui ont atteint cette ann\u00e9e 4.208 milliards DA (autorisations d&rsquo;engagement).Il a pr\u00e9cis\u00e9 que la valeur des transferts sociaux, \u00e0 savoir les allocations, pensions et aides octroy\u00e9es par l&rsquo;Etat est pass\u00e9e de 1.900 milliards de DA en 2020 \u00e0 2.900 milliards de DA au titre de l&rsquo;ann\u00e9e en cours, avec 704 milliards de DA allou\u00e9s \u00e0 la subvention des produits de base de large consommation &nbsp;comme c\u00e9r\u00e9ales, huile, sucre, eau de mer dessal\u00e9e et \u00e9nergie). M. Faid a \u00e9galement indiqu\u00e9 que ces affectations refl\u00e9taient les efforts de l&rsquo;Etat visant l&rsquo;am\u00e9lioration du pouvoir d&rsquo;achat du citoyen, notamment \u00e0 travers l&rsquo;augmentation des salaires de la Fonction publique, conform\u00e9ment \u00e0 l&rsquo;engagement du pr\u00e9sident de la R\u00e9publique pr\u00e9voyant une augmentation des salaires \u00e0 47%. Dans le m\u00eame sillage, le ministre a indiqu\u00e9 que le montant total des salaires affect\u00e9s par la loi de finances en vigueur s&rsquo;\u00e9l\u00e8ve \u00e0 5.275 milliards de DA, soit 34,5 % du budget de l&rsquo;Etat. Le montant allou\u00e9 \u00e0 la r\u00e9vision de la grille indiciaire des salaires des fonctionnaires et agents publics (2,8 millions de fonctionnaires) pour l&rsquo;ann\u00e9e 2024 s&rsquo;\u00e9l\u00e8ve \u00e0 578 milliards DA, selon le ministre. L&rsquo;aide de l&rsquo;Etat s&rsquo;est, \u00e9galement, manifest\u00e9 sous forme de plusieurs mesures fiscales adopt\u00e9es, telles que l&rsquo;exon\u00e9ration temporaire jusqu&rsquo;\u00e0 la fin de l&rsquo;ann\u00e9e en cours de la TVA pour les op\u00e9rations d&rsquo;importation et de vente de l\u00e9gumineuses, de riz, ainsi que pour les op\u00e9rations de vente de l\u00e9gumes et fruits frais, d&rsquo;\u0153ufs, de volaille, et de dinde produits localement, a poursuivi M. Faid.<\/p>\n\n\n\n<p><strong>La hausse de l\u2019allocation voyage en examen<\/strong><\/p>\n\n\n\n<p>Lors du forum, le ministre des Finances a eu \u00e0 r\u00e9pondre aux questions de la presse, notamment la question de l\u2019ouverture des bureaux de changes dans le sillage de la nouvelle loi mon\u00e9taire et bancaire. A ce propos, La\u00e2ziz Fa\u00efd a expliqu\u00e9 que le texte r\u00e9glementaire encadrant l&rsquo;op\u00e9ration a \u00e9t\u00e9 \u00e9mis il y a peu de temps. Il est pr\u00e9vu que la Banque d&rsquo;Alg\u00e9rie publie une instruction dans les jours \u00e0 venir, ajoute le ministre pr\u00e9cisant que la question des bureaux de changes rel\u00e8ve de la comp\u00e9tence exclusive de l\u2019Autorit\u00e9 mon\u00e9taire. Il en est de m\u00eame pour l\u2019allocation voyage. A ce propos, le ministre indique que le dossier relatif \u00e0 la hausse de l\u2019allocation est en examen, sans plus de d\u00e9tails.<\/p>\n\n\n\n<p>Le ministre a \u00e9galement \u00e9voqu\u00e9 l\u2019ouverture de nouvelles succursales de banques publiques \u00e0 l\u2019\u00e9tranger. Il a rappel\u00e9 l&rsquo;ouverture prochaine de la Banque internationale d&rsquo;Alg\u00e9rie (BIA) en France, relevant de la BEA, en sus d&rsquo;une banque en C\u00f4te d&rsquo;Ivoire, afin d&rsquo;accompagner et de financer les exportations hors hydrocarbures, soulignant que cette \u00e9tape faisait suite \u00e0 l&rsquo;ouverture, r\u00e9cemment, de deux banques publiques en Mauritanie et au S\u00e9n\u00e9gal. Enfin et concernant la relance de la Bourse d&rsquo;Alger \u00e0 travers la cotation de nouvelles institutions, le ministre a affirm\u00e9 que l&rsquo;entr\u00e9e prochaine du Cr\u00e9dit populaire d&rsquo;Alg\u00e9rie \u00ab\u00a0CPA\u00a0\u00bb insufflera une \u00ab\u00a0nouvelle dynamique\u00a0\u00bb au march\u00e9 financier, ajoutant que l&rsquo;op\u00e9ration de cotation permettra d&rsquo;ouvrir 135 Mds DA en actions de la banque publique.M. Faid a indiqu\u00e9, dans ce sens, que \u00ab\u00a0le CPA entrera tr\u00e8s prochainement en bourse en attendant l&rsquo;a cotation des actions de la BDL, exprimant son souhait que \u00ab\u00a0les 135 Mds DA qui seront ouverts pour l&rsquo;investissement en bourse permettront d&rsquo;insuffler une nouvelle et r\u00e9elle dynamique \u00e0 la bourse\u00a0\u00bb, a-t-il ajout\u00e9.<\/p>\n\n\n\n<p>Sabrina Aziouez<\/p>\n","protected":false},"excerpt":{"rendered":"<p>Le ministre des Finances a affirm\u00e9 hier que la r\u00e9forme des subventions ne sera lanc\u00e9e qu\u2019apr\u00e8s la finalisation du processus<\/p>\n","protected":false},"author":3,"featured_media":48810,"comment_status":"open","ping_status":"closed","sticky":false,"template":"","format":"standard","meta":{"colormag_page_container_layout":"default_layout","colormag_page_sidebar_layout":"default_layout","om_disable_all_campaigns":false,"_monsterinsights_skip_tracking":false,"_monsterinsights_sitenote_active":false,"_monsterinsights_sitenote_note":"","_monsterinsights_sitenote_category":0,"footnotes":"","_wpscppro_dont_share_socialmedia":false,"_wpscppro_custom_social_share_image":0,"_facebook_share_type":"","_twitter_share_type":"","_linkedin_share_type":"","_pinterest_share_type":"","_linkedin_share_type_page":"","_instagram_share_type":"","_medium_share_type":"","_threads_share_type":"","_google_business_share_type":"","_selected_social_profile":[],"_wpsp_enable_custom_social_template":false,"_wpsp_social_scheduling":{"enabled":false,"datetime":null,"platforms":[],"status":"template_only","dateOption":"today","timeOption":"now","customDays":"","customHours":"","customDate":"","customTime":"","schedulingType":"absolute"},"_wpsp_active_default_template":true},"categories":[52,29],"tags":[],"class_list":["post-48809","post","type-post","status-publish","format-standard","has-post-thumbnail","hentry","category-a-la-une","category-economie"],"aioseo_notices":[],"yoast_head":"<!-- This site is optimized with the Yoast SEO plugin v27.5 - https:\/\/yoast.com\/product\/yoast-seo-wordpress\/ -->\n<title>Subventions\u00a0: la r\u00e9forme report\u00e9e - La Sentinelle<\/title>\n<meta name=\"robots\" content=\"index, follow, max-snippet:-1, max-image-preview:large, max-video-preview:-1\" \/>\n<link rel=\"canonical\" href=\"https:\/\/lasentinelle.dz\/index.php\/2024\/01\/17\/subventions-la-reforme-reportee\/\" \/>\n<meta property=\"og:locale\" content=\"fr_FR\" \/>\n<meta property=\"og:type\" content=\"article\" \/>\n<meta property=\"og:title\" content=\"Subventions\u00a0: la r\u00e9forme report\u00e9e - La Sentinelle\" \/>\n<meta property=\"og:description\" content=\"Le ministre des Finances a affirm\u00e9 hier que la r\u00e9forme des subventions ne sera lanc\u00e9e qu\u2019apr\u00e8s la finalisation du processus\" \/>\n<meta property=\"og:url\" content=\"https:\/\/lasentinelle.dz\/index.php\/2024\/01\/17\/subventions-la-reforme-reportee\/\" \/>\n<meta property=\"og:site_name\" content=\"La Sentinelle\" \/>\n<meta property=\"article:publisher\" content=\"https:\/\/www.facebook.com\/La-Sentinelle-104059864394773\" \/>\n<meta property=\"article:published_time\" content=\"2024-01-17T14:23:45+00:00\" \/>\n<meta property=\"article:modified_time\" content=\"2024-01-17T14:23:47+00:00\" \/>\n<meta property=\"og:image\" content=\"https:\/\/lasentinelle.dz\/wp-content\/uploads\/2024\/01\/subventions.jpeg\" \/>\n\t<meta property=\"og:image:width\" content=\"1200\" \/>\n\t<meta property=\"og:image:height\" content=\"630\" \/>\n\t<meta property=\"og:image:type\" content=\"image\/jpeg\" \/>\n<meta name=\"author\" content=\"La Sentinelle\" \/>\n<meta name=\"twitter:card\" content=\"summary_large_image\" \/>\n<meta name=\"twitter:label1\" content=\"\u00c9crit par\" \/>\n\t<meta name=\"twitter:data1\" content=\"La Sentinelle\" \/>\n\t<meta name=\"twitter:label2\" content=\"Dur\u00e9e de lecture estim\u00e9e\" \/>\n\t<meta name=\"twitter:data2\" content=\"6 minutes\" \/>\n<script type=\"application\/ld+json\" class=\"yoast-schema-graph\">{\"@context\":\"https:\\\/\\\/schema.org\",\"@graph\":[{\"@type\":\"Article\",\"@id\":\"https:\\\/\\\/lasentinelle.dz\\\/index.php\\\/2024\\\/01\\\/17\\\/subventions-la-reforme-reportee\\\/#article\",\"isPartOf\":{\"@id\":\"https:\\\/\\\/lasentinelle.dz\\\/index.php\\\/2024\\\/01\\\/17\\\/subventions-la-reforme-reportee\\\/\"},\"author\":{\"name\":\"La Sentinelle\",\"@id\":\"https:\\\/\\\/lasentinelle.dz\\\/#\\\/schema\\\/person\\\/d865044e22e70a75174ce8bcad3acfb3\"},\"headline\":\"Subventions\u00a0: la r\u00e9forme report\u00e9e\",\"datePublished\":\"2024-01-17T14:23:45+00:00\",\"dateModified\":\"2024-01-17T14:23:47+00:00\",\"mainEntityOfPage\":{\"@id\":\"https:\\\/\\\/lasentinelle.dz\\\/index.php\\\/2024\\\/01\\\/17\\\/subventions-la-reforme-reportee\\\/\"},\"wordCount\":1194,\"commentCount\":0,\"publisher\":{\"@id\":\"https:\\\/\\\/lasentinelle.dz\\\/#organization\"},\"image\":{\"@id\":\"https:\\\/\\\/lasentinelle.dz\\\/index.php\\\/2024\\\/01\\\/17\\\/subventions-la-reforme-reportee\\\/#primaryimage\"},\"thumbnailUrl\":\"https:\\\/\\\/lasentinelle.dz\\\/wp-content\\\/uploads\\\/2024\\\/01\\\/subventions.jpeg\",\"articleSection\":[\"\u00c0 la Une\",\"\u00c9conomie\"],\"inLanguage\":\"fr-FR\",\"potentialAction\":[{\"@type\":\"CommentAction\",\"name\":\"Comment\",\"target\":[\"https:\\\/\\\/lasentinelle.dz\\\/index.php\\\/2024\\\/01\\\/17\\\/subventions-la-reforme-reportee\\\/#respond\"]}]},{\"@type\":\"WebPage\",\"@id\":\"https:\\\/\\\/lasentinelle.dz\\\/index.php\\\/2024\\\/01\\\/17\\\/subventions-la-reforme-reportee\\\/\",\"url\":\"https:\\\/\\\/lasentinelle.dz\\\/index.php\\\/2024\\\/01\\\/17\\\/subventions-la-reforme-reportee\\\/\",\"name\":\"Subventions\u00a0: la r\u00e9forme report\u00e9e - La Sentinelle\",\"isPartOf\":{\"@id\":\"https:\\\/\\\/lasentinelle.dz\\\/#website\"},\"primaryImageOfPage\":{\"@id\":\"https:\\\/\\\/lasentinelle.dz\\\/index.php\\\/2024\\\/01\\\/17\\\/subventions-la-reforme-reportee\\\/#primaryimage\"},\"image\":{\"@id\":\"https:\\\/\\\/lasentinelle.dz\\\/index.php\\\/2024\\\/01\\\/17\\\/subventions-la-reforme-reportee\\\/#primaryimage\"},\"thumbnailUrl\":\"https:\\\/\\\/lasentinelle.dz\\\/wp-content\\\/uploads\\\/2024\\\/01\\\/subventions.jpeg\",\"datePublished\":\"2024-01-17T14:23:45+00:00\",\"dateModified\":\"2024-01-17T14:23:47+00:00\",\"breadcrumb\":{\"@id\":\"https:\\\/\\\/lasentinelle.dz\\\/index.php\\\/2024\\\/01\\\/17\\\/subventions-la-reforme-reportee\\\/#breadcrumb\"},\"inLanguage\":\"fr-FR\",\"potentialAction\":[{\"@type\":\"ReadAction\",\"target\":[\"https:\\\/\\\/lasentinelle.dz\\\/index.php\\\/2024\\\/01\\\/17\\\/subventions-la-reforme-reportee\\\/\"]}]},{\"@type\":\"ImageObject\",\"inLanguage\":\"fr-FR\",\"@id\":\"https:\\\/\\\/lasentinelle.dz\\\/index.php\\\/2024\\\/01\\\/17\\\/subventions-la-reforme-reportee\\\/#primaryimage\",\"url\":\"https:\\\/\\\/lasentinelle.dz\\\/wp-content\\\/uploads\\\/2024\\\/01\\\/subventions.jpeg\",\"contentUrl\":\"https:\\\/\\\/lasentinelle.dz\\\/wp-content\\\/uploads\\\/2024\\\/01\\\/subventions.jpeg\",\"width\":1200,\"height\":630},{\"@type\":\"BreadcrumbList\",\"@id\":\"https:\\\/\\\/lasentinelle.dz\\\/index.php\\\/2024\\\/01\\\/17\\\/subventions-la-reforme-reportee\\\/#breadcrumb\",\"itemListElement\":[{\"@type\":\"ListItem\",\"position\":1,\"name\":\"Accueil\",\"item\":\"https:\\\/\\\/lasentinelle.dz\\\/\"},{\"@type\":\"ListItem\",\"position\":2,\"name\":\"Subventions\u00a0: la r\u00e9forme report\u00e9e\"}]},{\"@type\":\"WebSite\",\"@id\":\"https:\\\/\\\/lasentinelle.dz\\\/#website\",\"url\":\"https:\\\/\\\/lasentinelle.dz\\\/\",\"name\":\"La Sentinelle\",\"description\":\"Quotidien national d&#039;information\",\"publisher\":{\"@id\":\"https:\\\/\\\/lasentinelle.dz\\\/#organization\"},\"potentialAction\":[{\"@type\":\"SearchAction\",\"target\":{\"@type\":\"EntryPoint\",\"urlTemplate\":\"https:\\\/\\\/lasentinelle.dz\\\/?s={search_term_string}\"},\"query-input\":{\"@type\":\"PropertyValueSpecification\",\"valueRequired\":true,\"valueName\":\"search_term_string\"}}],\"inLanguage\":\"fr-FR\"},{\"@type\":\"Organization\",\"@id\":\"https:\\\/\\\/lasentinelle.dz\\\/#organization\",\"name\":\"Quotidien La Sentinelle\",\"url\":\"https:\\\/\\\/lasentinelle.dz\\\/\",\"logo\":{\"@type\":\"ImageObject\",\"inLanguage\":\"fr-FR\",\"@id\":\"https:\\\/\\\/lasentinelle.dz\\\/#\\\/schema\\\/logo\\\/image\\\/\",\"url\":\"https:\\\/\\\/lasentinelle.dz\\\/wp-content\\\/uploads\\\/2021\\\/09\\\/logo-sentinelleSLOGAN-1.png\",\"contentUrl\":\"https:\\\/\\\/lasentinelle.dz\\\/wp-content\\\/uploads\\\/2021\\\/09\\\/logo-sentinelleSLOGAN-1.png\",\"width\":615,\"height\":142,\"caption\":\"Quotidien La Sentinelle\"},\"image\":{\"@id\":\"https:\\\/\\\/lasentinelle.dz\\\/#\\\/schema\\\/logo\\\/image\\\/\"},\"sameAs\":[\"https:\\\/\\\/www.facebook.com\\\/La-Sentinelle-104059864394773\"]},{\"@type\":\"Person\",\"@id\":\"https:\\\/\\\/lasentinelle.dz\\\/#\\\/schema\\\/person\\\/d865044e22e70a75174ce8bcad3acfb3\",\"name\":\"La Sentinelle\",\"image\":{\"@type\":\"ImageObject\",\"inLanguage\":\"fr-FR\",\"@id\":\"https:\\\/\\\/secure.gravatar.com\\\/avatar\\\/57de8e5d4b15d43fb361a71fbb36338450fe67865b528a43dd10ef7c51a20392?s=96&d=mm&r=g\",\"url\":\"https:\\\/\\\/secure.gravatar.com\\\/avatar\\\/57de8e5d4b15d43fb361a71fbb36338450fe67865b528a43dd10ef7c51a20392?s=96&d=mm&r=g\",\"contentUrl\":\"https:\\\/\\\/secure.gravatar.com\\\/avatar\\\/57de8e5d4b15d43fb361a71fbb36338450fe67865b528a43dd10ef7c51a20392?s=96&d=mm&r=g\",\"caption\":\"La Sentinelle\"},\"sameAs\":[\"http:\\\/\\\/www.lasentinelle.dz\"],\"url\":\"https:\\\/\\\/lasentinelle.dz\\\/author\\\/redaction\\\/\"}]}<\/script>\n<!-- \/ Yoast SEO plugin. -->","yoast_head_json":{"title":"Subventions\u00a0: la r\u00e9forme report\u00e9e - La Sentinelle","robots":{"index":"index","follow":"follow","max-snippet":"max-snippet:-1","max-image-preview":"max-image-preview:large","max-video-preview":"max-video-preview:-1"},"canonical":"https:\/\/lasentinelle.dz\/index.php\/2024\/01\/17\/subventions-la-reforme-reportee\/","og_locale":"fr_FR","og_type":"article","og_title":"Subventions\u00a0: la r\u00e9forme report\u00e9e - La Sentinelle","og_description":"Le ministre des Finances a affirm\u00e9 hier que la r\u00e9forme des subventions ne sera lanc\u00e9e qu\u2019apr\u00e8s la finalisation du processus","og_url":"https:\/\/lasentinelle.dz\/index.php\/2024\/01\/17\/subventions-la-reforme-reportee\/","og_site_name":"La Sentinelle","article_publisher":"https:\/\/www.facebook.com\/La-Sentinelle-104059864394773","article_published_time":"2024-01-17T14:23:45+00:00","article_modified_time":"2024-01-17T14:23:47+00:00","og_image":[{"width":1200,"height":630,"url":"https:\/\/lasentinelle.dz\/wp-content\/uploads\/2024\/01\/subventions.jpeg","type":"image\/jpeg"}],"author":"La Sentinelle","twitter_card":"summary_large_image","twitter_misc":{"\u00c9crit par":"La Sentinelle","Dur\u00e9e de lecture estim\u00e9e":"6 minutes"},"schema":{"@context":"https:\/\/schema.org","@graph":[{"@type":"Article","@id":"https:\/\/lasentinelle.dz\/index.php\/2024\/01\/17\/subventions-la-reforme-reportee\/#article","isPartOf":{"@id":"https:\/\/lasentinelle.dz\/index.php\/2024\/01\/17\/subventions-la-reforme-reportee\/"},"author":{"name":"La Sentinelle","@id":"https:\/\/lasentinelle.dz\/#\/schema\/person\/d865044e22e70a75174ce8bcad3acfb3"},"headline":"Subventions\u00a0: la r\u00e9forme report\u00e9e","datePublished":"2024-01-17T14:23:45+00:00","dateModified":"2024-01-17T14:23:47+00:00","mainEntityOfPage":{"@id":"https:\/\/lasentinelle.dz\/index.php\/2024\/01\/17\/subventions-la-reforme-reportee\/"},"wordCount":1194,"commentCount":0,"publisher":{"@id":"https:\/\/lasentinelle.dz\/#organization"},"image":{"@id":"https:\/\/lasentinelle.dz\/index.php\/2024\/01\/17\/subventions-la-reforme-reportee\/#primaryimage"},"thumbnailUrl":"https:\/\/lasentinelle.dz\/wp-content\/uploads\/2024\/01\/subventions.jpeg","articleSection":["\u00c0 la Une","\u00c9conomie"],"inLanguage":"fr-FR","potentialAction":[{"@type":"CommentAction","name":"Comment","target":["https:\/\/lasentinelle.dz\/index.php\/2024\/01\/17\/subventions-la-reforme-reportee\/#respond"]}]},{"@type":"WebPage","@id":"https:\/\/lasentinelle.dz\/index.php\/2024\/01\/17\/subventions-la-reforme-reportee\/","url":"https:\/\/lasentinelle.dz\/index.php\/2024\/01\/17\/subventions-la-reforme-reportee\/","name":"Subventions\u00a0: la r\u00e9forme report\u00e9e - La Sentinelle","isPartOf":{"@id":"https:\/\/lasentinelle.dz\/#website"},"primaryImageOfPage":{"@id":"https:\/\/lasentinelle.dz\/index.php\/2024\/01\/17\/subventions-la-reforme-reportee\/#primaryimage"},"image":{"@id":"https:\/\/lasentinelle.dz\/index.php\/2024\/01\/17\/subventions-la-reforme-reportee\/#primaryimage"},"thumbnailUrl":"https:\/\/lasentinelle.dz\/wp-content\/uploads\/2024\/01\/subventions.jpeg","datePublished":"2024-01-17T14:23:45+00:00","dateModified":"2024-01-17T14:23:47+00:00","breadcrumb":{"@id":"https:\/\/lasentinelle.dz\/index.php\/2024\/01\/17\/subventions-la-reforme-reportee\/#breadcrumb"},"inLanguage":"fr-FR","potentialAction":[{"@type":"ReadAction","target":["https:\/\/lasentinelle.dz\/index.php\/2024\/01\/17\/subventions-la-reforme-reportee\/"]}]},{"@type":"ImageObject","inLanguage":"fr-FR","@id":"https:\/\/lasentinelle.dz\/index.php\/2024\/01\/17\/subventions-la-reforme-reportee\/#primaryimage","url":"https:\/\/lasentinelle.dz\/wp-content\/uploads\/2024\/01\/subventions.jpeg","contentUrl":"https:\/\/lasentinelle.dz\/wp-content\/uploads\/2024\/01\/subventions.jpeg","width":1200,"height":630},{"@type":"BreadcrumbList","@id":"https:\/\/lasentinelle.dz\/index.php\/2024\/01\/17\/subventions-la-reforme-reportee\/#breadcrumb","itemListElement":[{"@type":"ListItem","position":1,"name":"Accueil","item":"https:\/\/lasentinelle.dz\/"},{"@type":"ListItem","position":2,"name":"Subventions\u00a0: la r\u00e9forme report\u00e9e"}]},{"@type":"WebSite","@id":"https:\/\/lasentinelle.dz\/#website","url":"https:\/\/lasentinelle.dz\/","name":"La Sentinelle","description":"Quotidien national d&#039;information","publisher":{"@id":"https:\/\/lasentinelle.dz\/#organization"},"potentialAction":[{"@type":"SearchAction","target":{"@type":"EntryPoint","urlTemplate":"https:\/\/lasentinelle.dz\/?s={search_term_string}"},"query-input":{"@type":"PropertyValueSpecification","valueRequired":true,"valueName":"search_term_string"}}],"inLanguage":"fr-FR"},{"@type":"Organization","@id":"https:\/\/lasentinelle.dz\/#organization","name":"Quotidien La Sentinelle","url":"https:\/\/lasentinelle.dz\/","logo":{"@type":"ImageObject","inLanguage":"fr-FR","@id":"https:\/\/lasentinelle.dz\/#\/schema\/logo\/image\/","url":"https:\/\/lasentinelle.dz\/wp-content\/uploads\/2021\/09\/logo-sentinelleSLOGAN-1.png","contentUrl":"https:\/\/lasentinelle.dz\/wp-content\/uploads\/2021\/09\/logo-sentinelleSLOGAN-1.png","width":615,"height":142,"caption":"Quotidien La Sentinelle"},"image":{"@id":"https:\/\/lasentinelle.dz\/#\/schema\/logo\/image\/"},"sameAs":["https:\/\/www.facebook.com\/La-Sentinelle-104059864394773"]},{"@type":"Person","@id":"https:\/\/lasentinelle.dz\/#\/schema\/person\/d865044e22e70a75174ce8bcad3acfb3","name":"La Sentinelle","image":{"@type":"ImageObject","inLanguage":"fr-FR","@id":"https:\/\/secure.gravatar.com\/avatar\/57de8e5d4b15d43fb361a71fbb36338450fe67865b528a43dd10ef7c51a20392?s=96&d=mm&r=g","url":"https:\/\/secure.gravatar.com\/avatar\/57de8e5d4b15d43fb361a71fbb36338450fe67865b528a43dd10ef7c51a20392?s=96&d=mm&r=g","contentUrl":"https:\/\/secure.gravatar.com\/avatar\/57de8e5d4b15d43fb361a71fbb36338450fe67865b528a43dd10ef7c51a20392?s=96&d=mm&r=g","caption":"La Sentinelle"},"sameAs":["http:\/\/www.lasentinelle.dz"],"url":"https:\/\/lasentinelle.dz\/author\/redaction\/"}]}},"_links":{"self":[{"href":"https:\/\/lasentinelle.dz\/index.php\/wp-json\/wp\/v2\/posts\/48809","targetHints":{"allow":["GET"]}}],"collection":[{"href":"https:\/\/lasentinelle.dz\/index.php\/wp-json\/wp\/v2\/posts"}],"about":[{"href":"https:\/\/lasentinelle.dz\/index.php\/wp-json\/wp\/v2\/types\/post"}],"author":[{"embeddable":true,"href":"https:\/\/lasentinelle.dz\/index.php\/wp-json\/wp\/v2\/users\/3"}],"replies":[{"embeddable":true,"href":"https:\/\/lasentinelle.dz\/index.php\/wp-json\/wp\/v2\/comments?post=48809"}],"version-history":[{"count":1,"href":"https:\/\/lasentinelle.dz\/index.php\/wp-json\/wp\/v2\/posts\/48809\/revisions"}],"predecessor-version":[{"id":48811,"href":"https:\/\/lasentinelle.dz\/index.php\/wp-json\/wp\/v2\/posts\/48809\/revisions\/48811"}],"wp:featuredmedia":[{"embeddable":true,"href":"https:\/\/lasentinelle.dz\/index.php\/wp-json\/wp\/v2\/media\/48810"}],"wp:attachment":[{"href":"https:\/\/lasentinelle.dz\/index.php\/wp-json\/wp\/v2\/media?parent=48809"}],"wp:term":[{"taxonomy":"category","embeddable":true,"href":"https:\/\/lasentinelle.dz\/index.php\/wp-json\/wp\/v2\/categories?post=48809"},{"taxonomy":"post_tag","embeddable":true,"href":"https:\/\/lasentinelle.dz\/index.php\/wp-json\/wp\/v2\/tags?post=48809"}],"curies":[{"name":"wp","href":"https:\/\/api.w.org\/{rel}","templated":true}]}}