{"id":48815,"date":"2024-01-17T21:40:00","date_gmt":"2024-01-17T20:40:00","guid":{"rendered":"https:\/\/lasentinelle.dz\/?p=48815"},"modified":"2024-01-17T21:40:07","modified_gmt":"2024-01-17T20:40:07","slug":"soudan-khartoumgele-ses-relations-avec-ligad","status":"publish","type":"post","link":"https:\/\/lasentinelle.dz\/index.php\/2024\/01\/17\/soudan-khartoumgele-ses-relations-avec-ligad\/","title":{"rendered":"Soudan\u00a0: Khartoum\u00a0\u00bbg\u00e8le\u00a0\u00bb ses relations avec l&rsquo;Igad"},"content":{"rendered":"\n<p>Depuis des mois, l&rsquo;arm\u00e9e et le gouvernement soudanais ne cessent de d\u00e9noncer la \u00ab\u00a0partialit\u00e9\u00a0\u00bb du bloc r\u00e9gional et des capitales d&rsquo;Afrique de l&rsquo;Est.<\/p>\n\n\n\n<p>Le minist\u00e8re soudanais des Affaires \u00e9trang\u00e8res a annonc\u00e9 mardi \u00ab\u00a0geler\u00a0\u00bb ses relations avec l&rsquo;Igad, le bloc r\u00e9gional d&rsquo;Afrique de l&rsquo;Est.\u00a0\u00bbLe minist\u00e8re des Affaires \u00e9trang\u00e8res a inform\u00e9 (&#8230;) l&rsquo;Igad de la d\u00e9cision du Soudan de cesser de collaborer et de geler ses relations\u00a0\u00bb avec l&rsquo;organisation, indique un communiqu\u00e9 du minist\u00e8re qui l&rsquo;accuse de \u00ab\u00a0violer la souverainet\u00e9 du Soudan\u00a0\u00bb. Depuis des mois, l&rsquo;arm\u00e9e et le gouvernement soudanais ne cessent de d\u00e9noncer la \u00ab\u00a0partialit\u00e9\u00a0\u00bb du bloc r\u00e9gional et des capitales d&rsquo;Afrique de l&rsquo;Est. Le patron des FSR, a \u00e9t\u00e9 invit\u00e9 par l&rsquo;Igad \u00e0 une rencontre jeudi \u00e0 Kampala, en Ouganda.\u00a0\u00bbInviter le chef de la milice\u00a0\u00bb FSR, constitue \u00ab\u00a0un dangereux pr\u00e9c\u00e9dent\u00a0\u00bb et \u00ab\u00a0viole la charte de l&rsquo;Igad\u00a0\u00bb, a ajout\u00e9 le minist\u00e8re.<\/p>\n\n\n\n<p>Sur le terrain, les combats ont gagn\u00e9 l&rsquo;\u00eele de M\u00e9ro\u00e9 qui abrite des sites class\u00e9s au patrimoine mondial de l&rsquo;Unesco, a rapport\u00e9 mardi une ONG, tirant la sonnette d&rsquo;alarme pour les vestiges vieux de plus de 2.300 ans. Le Regional Network for Cultural Rights dit dans un communiqu\u00e9 \u00ab\u00a0condamner fermement\u00a0\u00bb l&rsquo;incursion dans \u00ab\u00a0les sites de Naqa et de Musawwarat es-Sufra\u00a0\u00bb.Cette \u00ab\u00a0seconde incursion\u00a0\u00bb a eu lieu dimanche, affirme l&rsquo;ONG, apr\u00e8s \u00ab\u00a0une premi\u00e8re le 3 d\u00e9cembre 2023\u00a0\u00bb sur ces sites religieux situ\u00e9s dans l&rsquo;Etat du Nil, dans le nord du pays. Selon l&rsquo;Unesco, \u00ab\u00a0les sites arch\u00e9ologiques de l&rsquo;\u00eele de M\u00e9ro\u00e9, paysage semi-d\u00e9sertique entre le Nil et l&rsquo;Atbara (&#8230;), renferment des pyramides, des temples et des b\u00e2timents r\u00e9sidentiels ainsi que des installations majeures de gestion de l&rsquo;eau\u00a0\u00bb. L&rsquo;\u00eele de M\u00e9ro\u00e9, \u00e0 220 km au nord de Khartoum, est class\u00e9e au patrimoinemondial de l&rsquo;humanit\u00e9. Cette civilisation (du IIIe si\u00e8cle avant J.-C. au IVe si\u00e8cle apr\u00e8s J.-C.) avait emprunt\u00e9 des traits culturels \u00e0 l&rsquo;Egypte pharaonique, \u00e0 la Gr\u00e8ce puis \u00e0 Rome, s&rsquo;ajoutant \u00e0 un substrat africain. Depuis le 15 avril, le conflit entre l&rsquo;arm\u00e9e soudanaise et les forces de soutien rapides (FSR) a fait plus de 12.000 morts et plus de sept millions de d\u00e9plac\u00e9s, d&rsquo;apr\u00e8s l&rsquo;ONU. En outre, plus de sept millions de personnes ont \u00e9t\u00e9 d\u00e9plac\u00e9es, d&rsquo;apr\u00e8s l&rsquo;ONU.<\/p>\n\n\n\n<p>R.I.<\/p>\n","protected":false},"excerpt":{"rendered":"<p>Depuis des mois, l&rsquo;arm\u00e9e et le gouvernement soudanais ne cessent de d\u00e9noncer la \u00ab\u00a0partialit\u00e9\u00a0\u00bb du bloc r\u00e9gional et des capitales<\/p>\n","protected":false},"author":3,"featured_media":48816,"comment_status":"open","ping_status":"closed","sticky":false,"template":"","format":"standard","meta":{"colormag_page_container_layout":"default_layout","colormag_page_sidebar_layout":"default_layout","om_disable_all_campaigns":false,"_monsterinsights_skip_tracking":false,"_monsterinsights_sitenote_active":false,"_monsterinsights_sitenote_note":"","_monsterinsights_sitenote_category":0,"footnotes":"","_wpscppro_dont_share_socialmedia":false,"_wpscppro_custom_social_share_image":0,"_facebook_share_type":"","_twitter_share_type":"","_linkedin_share_type":"","_pinterest_share_type":"","_linkedin_share_type_page":"","_instagram_share_type":"","_medium_share_type":"","_threads_share_type":"","_google_business_share_type":"","_selected_social_profile":[],"_wpsp_enable_custom_social_template":false,"_wpsp_social_scheduling":{"enabled":false,"datetime":null,"platforms":[],"status":"template_only","dateOption":"today","timeOption":"now","customDays":"","customHours":"","customDate":"","customTime":"","schedulingType":"absolute"},"_wpsp_active_default_template":true},"categories":[37],"tags":[],"class_list":["post-48815","post","type-post","status-publish","format-standard","has-post-thumbnail","hentry","category-monde"],"aioseo_notices":[],"yoast_head":"<!-- This site is optimized with the Yoast SEO plugin v27.5 - https:\/\/yoast.com\/product\/yoast-seo-wordpress\/ -->\n<title>Soudan\u00a0: Khartoum\u00a0\u00bbg\u00e8le\u00a0\u00bb ses relations avec l&rsquo;Igad - La Sentinelle<\/title>\n<meta name=\"robots\" content=\"index, follow, max-snippet:-1, max-image-preview:large, max-video-preview:-1\" \/>\n<link rel=\"canonical\" href=\"https:\/\/lasentinelle.dz\/index.php\/2024\/01\/17\/soudan-khartoumgele-ses-relations-avec-ligad\/\" \/>\n<meta property=\"og:locale\" content=\"fr_FR\" \/>\n<meta property=\"og:type\" content=\"article\" \/>\n<meta property=\"og:title\" content=\"Soudan\u00a0: Khartoum\u00a0\u00bbg\u00e8le\u00a0\u00bb ses relations avec l&rsquo;Igad - La Sentinelle\" \/>\n<meta property=\"og:description\" content=\"Depuis des mois, l&rsquo;arm\u00e9e et le gouvernement soudanais ne cessent de d\u00e9noncer la \u00ab\u00a0partialit\u00e9\u00a0\u00bb du bloc r\u00e9gional et des capitales\" \/>\n<meta property=\"og:url\" content=\"https:\/\/lasentinelle.dz\/index.php\/2024\/01\/17\/soudan-khartoumgele-ses-relations-avec-ligad\/\" \/>\n<meta property=\"og:site_name\" content=\"La Sentinelle\" \/>\n<meta property=\"article:publisher\" content=\"https:\/\/www.facebook.com\/La-Sentinelle-104059864394773\" \/>\n<meta property=\"article:published_time\" content=\"2024-01-17T20:40:00+00:00\" \/>\n<meta property=\"article:modified_time\" content=\"2024-01-17T20:40:07+00:00\" \/>\n<meta property=\"og:image\" content=\"https:\/\/lasentinelle.dz\/wp-content\/uploads\/2024\/01\/IGAD.jpeg\" \/>\n\t<meta property=\"og:image:width\" content=\"960\" \/>\n\t<meta property=\"og:image:height\" content=\"640\" \/>\n\t<meta property=\"og:image:type\" content=\"image\/jpeg\" \/>\n<meta name=\"author\" content=\"La Sentinelle\" \/>\n<meta name=\"twitter:card\" content=\"summary_large_image\" \/>\n<meta name=\"twitter:label1\" content=\"\u00c9crit par\" \/>\n\t<meta name=\"twitter:data1\" content=\"La Sentinelle\" \/>\n\t<meta name=\"twitter:label2\" content=\"Dur\u00e9e de lecture estim\u00e9e\" \/>\n\t<meta name=\"twitter:data2\" content=\"3 minutes\" \/>\n<script type=\"application\/ld+json\" class=\"yoast-schema-graph\">{\"@context\":\"https:\\\/\\\/schema.org\",\"@graph\":[{\"@type\":\"Article\",\"@id\":\"https:\\\/\\\/lasentinelle.dz\\\/index.php\\\/2024\\\/01\\\/17\\\/soudan-khartoumgele-ses-relations-avec-ligad\\\/#article\",\"isPartOf\":{\"@id\":\"https:\\\/\\\/lasentinelle.dz\\\/index.php\\\/2024\\\/01\\\/17\\\/soudan-khartoumgele-ses-relations-avec-ligad\\\/\"},\"author\":{\"name\":\"La Sentinelle\",\"@id\":\"https:\\\/\\\/lasentinelle.dz\\\/#\\\/schema\\\/person\\\/d865044e22e70a75174ce8bcad3acfb3\"},\"headline\":\"Soudan\u00a0: Khartoum\u00a0\u00bbg\u00e8le\u00a0\u00bb ses relations avec l&rsquo;Igad\",\"datePublished\":\"2024-01-17T20:40:00+00:00\",\"dateModified\":\"2024-01-17T20:40:07+00:00\",\"mainEntityOfPage\":{\"@id\":\"https:\\\/\\\/lasentinelle.dz\\\/index.php\\\/2024\\\/01\\\/17\\\/soudan-khartoumgele-ses-relations-avec-ligad\\\/\"},\"wordCount\":430,\"commentCount\":0,\"publisher\":{\"@id\":\"https:\\\/\\\/lasentinelle.dz\\\/#organization\"},\"image\":{\"@id\":\"https:\\\/\\\/lasentinelle.dz\\\/index.php\\\/2024\\\/01\\\/17\\\/soudan-khartoumgele-ses-relations-avec-ligad\\\/#primaryimage\"},\"thumbnailUrl\":\"https:\\\/\\\/lasentinelle.dz\\\/wp-content\\\/uploads\\\/2024\\\/01\\\/IGAD.jpeg\",\"articleSection\":[\"Monde\"],\"inLanguage\":\"fr-FR\",\"potentialAction\":[{\"@type\":\"CommentAction\",\"name\":\"Comment\",\"target\":[\"https:\\\/\\\/lasentinelle.dz\\\/index.php\\\/2024\\\/01\\\/17\\\/soudan-khartoumgele-ses-relations-avec-ligad\\\/#respond\"]}]},{\"@type\":\"WebPage\",\"@id\":\"https:\\\/\\\/lasentinelle.dz\\\/index.php\\\/2024\\\/01\\\/17\\\/soudan-khartoumgele-ses-relations-avec-ligad\\\/\",\"url\":\"https:\\\/\\\/lasentinelle.dz\\\/index.php\\\/2024\\\/01\\\/17\\\/soudan-khartoumgele-ses-relations-avec-ligad\\\/\",\"name\":\"Soudan\u00a0: Khartoum\u00a0\u00bbg\u00e8le\u00a0\u00bb ses relations avec l&rsquo;Igad - La Sentinelle\",\"isPartOf\":{\"@id\":\"https:\\\/\\\/lasentinelle.dz\\\/#website\"},\"primaryImageOfPage\":{\"@id\":\"https:\\\/\\\/lasentinelle.dz\\\/index.php\\\/2024\\\/01\\\/17\\\/soudan-khartoumgele-ses-relations-avec-ligad\\\/#primaryimage\"},\"image\":{\"@id\":\"https:\\\/\\\/lasentinelle.dz\\\/index.php\\\/2024\\\/01\\\/17\\\/soudan-khartoumgele-ses-relations-avec-ligad\\\/#primaryimage\"},\"thumbnailUrl\":\"https:\\\/\\\/lasentinelle.dz\\\/wp-content\\\/uploads\\\/2024\\\/01\\\/IGAD.jpeg\",\"datePublished\":\"2024-01-17T20:40:00+00:00\",\"dateModified\":\"2024-01-17T20:40:07+00:00\",\"breadcrumb\":{\"@id\":\"https:\\\/\\\/lasentinelle.dz\\\/index.php\\\/2024\\\/01\\\/17\\\/soudan-khartoumgele-ses-relations-avec-ligad\\\/#breadcrumb\"},\"inLanguage\":\"fr-FR\",\"potentialAction\":[{\"@type\":\"ReadAction\",\"target\":[\"https:\\\/\\\/lasentinelle.dz\\\/index.php\\\/2024\\\/01\\\/17\\\/soudan-khartoumgele-ses-relations-avec-ligad\\\/\"]}]},{\"@type\":\"ImageObject\",\"inLanguage\":\"fr-FR\",\"@id\":\"https:\\\/\\\/lasentinelle.dz\\\/index.php\\\/2024\\\/01\\\/17\\\/soudan-khartoumgele-ses-relations-avec-ligad\\\/#primaryimage\",\"url\":\"https:\\\/\\\/lasentinelle.dz\\\/wp-content\\\/uploads\\\/2024\\\/01\\\/IGAD.jpeg\",\"contentUrl\":\"https:\\\/\\\/lasentinelle.dz\\\/wp-content\\\/uploads\\\/2024\\\/01\\\/IGAD.jpeg\",\"width\":960,\"height\":640},{\"@type\":\"BreadcrumbList\",\"@id\":\"https:\\\/\\\/lasentinelle.dz\\\/index.php\\\/2024\\\/01\\\/17\\\/soudan-khartoumgele-ses-relations-avec-ligad\\\/#breadcrumb\",\"itemListElement\":[{\"@type\":\"ListItem\",\"position\":1,\"name\":\"Accueil\",\"item\":\"https:\\\/\\\/lasentinelle.dz\\\/\"},{\"@type\":\"ListItem\",\"position\":2,\"name\":\"Soudan\u00a0: Khartoum\u00a0\u00bbg\u00e8le\u00a0\u00bb ses relations avec l&rsquo;Igad\"}]},{\"@type\":\"WebSite\",\"@id\":\"https:\\\/\\\/lasentinelle.dz\\\/#website\",\"url\":\"https:\\\/\\\/lasentinelle.dz\\\/\",\"name\":\"La Sentinelle\",\"description\":\"Quotidien national d&#039;information\",\"publisher\":{\"@id\":\"https:\\\/\\\/lasentinelle.dz\\\/#organization\"},\"potentialAction\":[{\"@type\":\"SearchAction\",\"target\":{\"@type\":\"EntryPoint\",\"urlTemplate\":\"https:\\\/\\\/lasentinelle.dz\\\/?s={search_term_string}\"},\"query-input\":{\"@type\":\"PropertyValueSpecification\",\"valueRequired\":true,\"valueName\":\"search_term_string\"}}],\"inLanguage\":\"fr-FR\"},{\"@type\":\"Organization\",\"@id\":\"https:\\\/\\\/lasentinelle.dz\\\/#organization\",\"name\":\"Quotidien La Sentinelle\",\"url\":\"https:\\\/\\\/lasentinelle.dz\\\/\",\"logo\":{\"@type\":\"ImageObject\",\"inLanguage\":\"fr-FR\",\"@id\":\"https:\\\/\\\/lasentinelle.dz\\\/#\\\/schema\\\/logo\\\/image\\\/\",\"url\":\"https:\\\/\\\/lasentinelle.dz\\\/wp-content\\\/uploads\\\/2021\\\/09\\\/logo-sentinelleSLOGAN-1.png\",\"contentUrl\":\"https:\\\/\\\/lasentinelle.dz\\\/wp-content\\\/uploads\\\/2021\\\/09\\\/logo-sentinelleSLOGAN-1.png\",\"width\":615,\"height\":142,\"caption\":\"Quotidien La Sentinelle\"},\"image\":{\"@id\":\"https:\\\/\\\/lasentinelle.dz\\\/#\\\/schema\\\/logo\\\/image\\\/\"},\"sameAs\":[\"https:\\\/\\\/www.facebook.com\\\/La-Sentinelle-104059864394773\"]},{\"@type\":\"Person\",\"@id\":\"https:\\\/\\\/lasentinelle.dz\\\/#\\\/schema\\\/person\\\/d865044e22e70a75174ce8bcad3acfb3\",\"name\":\"La Sentinelle\",\"image\":{\"@type\":\"ImageObject\",\"inLanguage\":\"fr-FR\",\"@id\":\"https:\\\/\\\/secure.gravatar.com\\\/avatar\\\/57de8e5d4b15d43fb361a71fbb36338450fe67865b528a43dd10ef7c51a20392?s=96&d=mm&r=g\",\"url\":\"https:\\\/\\\/secure.gravatar.com\\\/avatar\\\/57de8e5d4b15d43fb361a71fbb36338450fe67865b528a43dd10ef7c51a20392?s=96&d=mm&r=g\",\"contentUrl\":\"https:\\\/\\\/secure.gravatar.com\\\/avatar\\\/57de8e5d4b15d43fb361a71fbb36338450fe67865b528a43dd10ef7c51a20392?s=96&d=mm&r=g\",\"caption\":\"La Sentinelle\"},\"sameAs\":[\"http:\\\/\\\/www.lasentinelle.dz\"],\"url\":\"https:\\\/\\\/lasentinelle.dz\\\/author\\\/redaction\\\/\"}]}<\/script>\n<!-- \/ Yoast SEO plugin. -->","yoast_head_json":{"title":"Soudan\u00a0: Khartoum\u00a0\u00bbg\u00e8le\u00a0\u00bb ses relations avec l&rsquo;Igad - La Sentinelle","robots":{"index":"index","follow":"follow","max-snippet":"max-snippet:-1","max-image-preview":"max-image-preview:large","max-video-preview":"max-video-preview:-1"},"canonical":"https:\/\/lasentinelle.dz\/index.php\/2024\/01\/17\/soudan-khartoumgele-ses-relations-avec-ligad\/","og_locale":"fr_FR","og_type":"article","og_title":"Soudan\u00a0: Khartoum\u00a0\u00bbg\u00e8le\u00a0\u00bb ses relations avec l&rsquo;Igad - La Sentinelle","og_description":"Depuis des mois, l&rsquo;arm\u00e9e et le gouvernement soudanais ne cessent de d\u00e9noncer la \u00ab\u00a0partialit\u00e9\u00a0\u00bb du bloc r\u00e9gional et des capitales","og_url":"https:\/\/lasentinelle.dz\/index.php\/2024\/01\/17\/soudan-khartoumgele-ses-relations-avec-ligad\/","og_site_name":"La Sentinelle","article_publisher":"https:\/\/www.facebook.com\/La-Sentinelle-104059864394773","article_published_time":"2024-01-17T20:40:00+00:00","article_modified_time":"2024-01-17T20:40:07+00:00","og_image":[{"width":960,"height":640,"url":"https:\/\/lasentinelle.dz\/wp-content\/uploads\/2024\/01\/IGAD.jpeg","type":"image\/jpeg"}],"author":"La Sentinelle","twitter_card":"summary_large_image","twitter_misc":{"\u00c9crit par":"La Sentinelle","Dur\u00e9e de lecture estim\u00e9e":"3 minutes"},"schema":{"@context":"https:\/\/schema.org","@graph":[{"@type":"Article","@id":"https:\/\/lasentinelle.dz\/index.php\/2024\/01\/17\/soudan-khartoumgele-ses-relations-avec-ligad\/#article","isPartOf":{"@id":"https:\/\/lasentinelle.dz\/index.php\/2024\/01\/17\/soudan-khartoumgele-ses-relations-avec-ligad\/"},"author":{"name":"La Sentinelle","@id":"https:\/\/lasentinelle.dz\/#\/schema\/person\/d865044e22e70a75174ce8bcad3acfb3"},"headline":"Soudan\u00a0: Khartoum\u00a0\u00bbg\u00e8le\u00a0\u00bb ses relations avec l&rsquo;Igad","datePublished":"2024-01-17T20:40:00+00:00","dateModified":"2024-01-17T20:40:07+00:00","mainEntityOfPage":{"@id":"https:\/\/lasentinelle.dz\/index.php\/2024\/01\/17\/soudan-khartoumgele-ses-relations-avec-ligad\/"},"wordCount":430,"commentCount":0,"publisher":{"@id":"https:\/\/lasentinelle.dz\/#organization"},"image":{"@id":"https:\/\/lasentinelle.dz\/index.php\/2024\/01\/17\/soudan-khartoumgele-ses-relations-avec-ligad\/#primaryimage"},"thumbnailUrl":"https:\/\/lasentinelle.dz\/wp-content\/uploads\/2024\/01\/IGAD.jpeg","articleSection":["Monde"],"inLanguage":"fr-FR","potentialAction":[{"@type":"CommentAction","name":"Comment","target":["https:\/\/lasentinelle.dz\/index.php\/2024\/01\/17\/soudan-khartoumgele-ses-relations-avec-ligad\/#respond"]}]},{"@type":"WebPage","@id":"https:\/\/lasentinelle.dz\/index.php\/2024\/01\/17\/soudan-khartoumgele-ses-relations-avec-ligad\/","url":"https:\/\/lasentinelle.dz\/index.php\/2024\/01\/17\/soudan-khartoumgele-ses-relations-avec-ligad\/","name":"Soudan\u00a0: Khartoum\u00a0\u00bbg\u00e8le\u00a0\u00bb ses relations avec l&rsquo;Igad - La Sentinelle","isPartOf":{"@id":"https:\/\/lasentinelle.dz\/#website"},"primaryImageOfPage":{"@id":"https:\/\/lasentinelle.dz\/index.php\/2024\/01\/17\/soudan-khartoumgele-ses-relations-avec-ligad\/#primaryimage"},"image":{"@id":"https:\/\/lasentinelle.dz\/index.php\/2024\/01\/17\/soudan-khartoumgele-ses-relations-avec-ligad\/#primaryimage"},"thumbnailUrl":"https:\/\/lasentinelle.dz\/wp-content\/uploads\/2024\/01\/IGAD.jpeg","datePublished":"2024-01-17T20:40:00+00:00","dateModified":"2024-01-17T20:40:07+00:00","breadcrumb":{"@id":"https:\/\/lasentinelle.dz\/index.php\/2024\/01\/17\/soudan-khartoumgele-ses-relations-avec-ligad\/#breadcrumb"},"inLanguage":"fr-FR","potentialAction":[{"@type":"ReadAction","target":["https:\/\/lasentinelle.dz\/index.php\/2024\/01\/17\/soudan-khartoumgele-ses-relations-avec-ligad\/"]}]},{"@type":"ImageObject","inLanguage":"fr-FR","@id":"https:\/\/lasentinelle.dz\/index.php\/2024\/01\/17\/soudan-khartoumgele-ses-relations-avec-ligad\/#primaryimage","url":"https:\/\/lasentinelle.dz\/wp-content\/uploads\/2024\/01\/IGAD.jpeg","contentUrl":"https:\/\/lasentinelle.dz\/wp-content\/uploads\/2024\/01\/IGAD.jpeg","width":960,"height":640},{"@type":"BreadcrumbList","@id":"https:\/\/lasentinelle.dz\/index.php\/2024\/01\/17\/soudan-khartoumgele-ses-relations-avec-ligad\/#breadcrumb","itemListElement":[{"@type":"ListItem","position":1,"name":"Accueil","item":"https:\/\/lasentinelle.dz\/"},{"@type":"ListItem","position":2,"name":"Soudan\u00a0: Khartoum\u00a0\u00bbg\u00e8le\u00a0\u00bb ses relations avec l&rsquo;Igad"}]},{"@type":"WebSite","@id":"https:\/\/lasentinelle.dz\/#website","url":"https:\/\/lasentinelle.dz\/","name":"La Sentinelle","description":"Quotidien national d&#039;information","publisher":{"@id":"https:\/\/lasentinelle.dz\/#organization"},"potentialAction":[{"@type":"SearchAction","target":{"@type":"EntryPoint","urlTemplate":"https:\/\/lasentinelle.dz\/?s={search_term_string}"},"query-input":{"@type":"PropertyValueSpecification","valueRequired":true,"valueName":"search_term_string"}}],"inLanguage":"fr-FR"},{"@type":"Organization","@id":"https:\/\/lasentinelle.dz\/#organization","name":"Quotidien La Sentinelle","url":"https:\/\/lasentinelle.dz\/","logo":{"@type":"ImageObject","inLanguage":"fr-FR","@id":"https:\/\/lasentinelle.dz\/#\/schema\/logo\/image\/","url":"https:\/\/lasentinelle.dz\/wp-content\/uploads\/2021\/09\/logo-sentinelleSLOGAN-1.png","contentUrl":"https:\/\/lasentinelle.dz\/wp-content\/uploads\/2021\/09\/logo-sentinelleSLOGAN-1.png","width":615,"height":142,"caption":"Quotidien La Sentinelle"},"image":{"@id":"https:\/\/lasentinelle.dz\/#\/schema\/logo\/image\/"},"sameAs":["https:\/\/www.facebook.com\/La-Sentinelle-104059864394773"]},{"@type":"Person","@id":"https:\/\/lasentinelle.dz\/#\/schema\/person\/d865044e22e70a75174ce8bcad3acfb3","name":"La Sentinelle","image":{"@type":"ImageObject","inLanguage":"fr-FR","@id":"https:\/\/secure.gravatar.com\/avatar\/57de8e5d4b15d43fb361a71fbb36338450fe67865b528a43dd10ef7c51a20392?s=96&d=mm&r=g","url":"https:\/\/secure.gravatar.com\/avatar\/57de8e5d4b15d43fb361a71fbb36338450fe67865b528a43dd10ef7c51a20392?s=96&d=mm&r=g","contentUrl":"https:\/\/secure.gravatar.com\/avatar\/57de8e5d4b15d43fb361a71fbb36338450fe67865b528a43dd10ef7c51a20392?s=96&d=mm&r=g","caption":"La Sentinelle"},"sameAs":["http:\/\/www.lasentinelle.dz"],"url":"https:\/\/lasentinelle.dz\/author\/redaction\/"}]}},"_links":{"self":[{"href":"https:\/\/lasentinelle.dz\/index.php\/wp-json\/wp\/v2\/posts\/48815","targetHints":{"allow":["GET"]}}],"collection":[{"href":"https:\/\/lasentinelle.dz\/index.php\/wp-json\/wp\/v2\/posts"}],"about":[{"href":"https:\/\/lasentinelle.dz\/index.php\/wp-json\/wp\/v2\/types\/post"}],"author":[{"embeddable":true,"href":"https:\/\/lasentinelle.dz\/index.php\/wp-json\/wp\/v2\/users\/3"}],"replies":[{"embeddable":true,"href":"https:\/\/lasentinelle.dz\/index.php\/wp-json\/wp\/v2\/comments?post=48815"}],"version-history":[{"count":2,"href":"https:\/\/lasentinelle.dz\/index.php\/wp-json\/wp\/v2\/posts\/48815\/revisions"}],"predecessor-version":[{"id":48818,"href":"https:\/\/lasentinelle.dz\/index.php\/wp-json\/wp\/v2\/posts\/48815\/revisions\/48818"}],"wp:featuredmedia":[{"embeddable":true,"href":"https:\/\/lasentinelle.dz\/index.php\/wp-json\/wp\/v2\/media\/48816"}],"wp:attachment":[{"href":"https:\/\/lasentinelle.dz\/index.php\/wp-json\/wp\/v2\/media?parent=48815"}],"wp:term":[{"taxonomy":"category","embeddable":true,"href":"https:\/\/lasentinelle.dz\/index.php\/wp-json\/wp\/v2\/categories?post=48815"},{"taxonomy":"post_tag","embeddable":true,"href":"https:\/\/lasentinelle.dz\/index.php\/wp-json\/wp\/v2\/tags?post=48815"}],"curies":[{"name":"wp","href":"https:\/\/api.w.org\/{rel}","templated":true}]}}