{"id":48836,"date":"2024-01-18T14:02:00","date_gmt":"2024-01-18T13:02:00","guid":{"rendered":"https:\/\/lasentinelle.dz\/?p=48836"},"modified":"2024-01-20T14:05:28","modified_gmt":"2024-01-20T13:05:28","slug":"anp-chanegriha-visite-letablissement-de-construction-des-aeronefs-a-oran","status":"publish","type":"post","link":"https:\/\/lasentinelle.dz\/index.php\/2024\/01\/18\/anp-chanegriha-visite-letablissement-de-construction-des-aeronefs-a-oran\/","title":{"rendered":"ANP\u00a0: Chanegriha visite l&rsquo;Etablissement de construction des a\u00e9ronefs \u00e0 Oran"},"content":{"rendered":"\n<p>Le Chef d&rsquo;Etat-major de l&rsquo;Arm\u00e9e nationale populaire (ANP), le G\u00e9n\u00e9ral d&rsquo;Arm\u00e9e Sa\u00efd Chanegriha, a effectu\u00e9, hier au 3e jour de sa visite \u00e0 la 2\u00e8me R\u00e9gion militaire \u00e0 Oran, une visite \u00e0 l&rsquo;Etablissement de construction des a\u00e9ronefs \u00e0 Oran, indique un communiqu\u00e9 du minist\u00e8re de la D\u00e9fense nationale (MDN). \u00ab\u00a0Le G\u00e9n\u00e9ral d&rsquo;Arm\u00e9e a visit\u00e9 l&rsquo;Etablissement, \u00ab\u00a0o\u00f9 il a inspect\u00e9 les chaines de production et re\u00e7u des explications d\u00e9taill\u00e9es, fournies par les cadres et les techniciens, sur les diff\u00e9rents prototypes fabriqu\u00e9s au niveau de l&rsquo;\u00e9tablissement, \u00e0 l&rsquo;instar des a\u00e9ronefs Safir-43 \u00e0 quatre si\u00e8ges, et Firnas-142 \u00e0 deux si\u00e8ges, et ce, avant d&rsquo;inspecter les ateliers de r\u00e9paration et d&rsquo;autres installations\u00a0\u00bb. Par la suite, le Chef de l\u2019\u00c9tat major de l\u2019ANPa rencontr\u00e9 les personnels militaires et civils et prononc\u00e9 \u00e0 leur adresse, une allocution aux termes de laquelle \u00ab\u00a0il a exprim\u00e9 sa satisfaction de cette visite effectu\u00e9e \u00e0 l&rsquo;\u00e9tablissement, et salu\u00e9 les efforts consid\u00e9rables consentis dans le cadre de l&rsquo;accomplissement des missions assign\u00e9es dans le domaine de la construction et la r\u00e9paration a\u00e9ronautiques\u00a0\u00bb, ajoute le communiqu\u00e9. \u00ab\u00a0Je tiens, de prime abord, \u00e0 exprimer ma satisfaction de cette rencontre, qui m&rsquo;a offert l&rsquo;opportunit\u00e9 de visiter et d&rsquo;inspecter cet \u00e9tablissement industriel en 2e R\u00e9gion militaire, traduisant ainsi l&rsquo;int\u00e9r\u00eat que je r\u00e9serve au suivi permanent des performances des \u00e9tablissements \u00e9conomiques et de production relevant de l&rsquo;ANP\u00a0\u00bb, a affirm\u00e9 le Chef d&rsquo;Etat-major de l&rsquo;ANP. \u00ab\u00a0J&rsquo;ai toujours veill\u00e9 \u00e0 visiter cette unit\u00e9 industrielle, leader en son domaine \u00e0 l&rsquo;\u00e9chelle nationale, et \u00e0 m&rsquo;enqu\u00e9rir personnellement de son fonctionnement, et \u00e0 encourager et soutenir les efforts d\u00e9ploy\u00e9s par ses personnels dans l&rsquo;accomplissement des missions sensibles qui leurs sont d\u00e9volues dans le domaine de la construction et la r\u00e9paration a\u00e9ronautiques. Ces efforts permettront le renforcement de la disponibilit\u00e9 de nos Forces arm\u00e9es et le maintien de leurs capacit\u00e9s op\u00e9rationnelles, face aux diff\u00e9rents dangers et menaces, ainsi que la lutte efficace contre toute situation d&rsquo;urgence quelles que soient sa nature et son origine\u00a0\u00bb, a-t-il relev\u00e9. Le G\u00e9n\u00e9ral d&rsquo;Arm\u00e9e \u00ab\u00a0a valoris\u00e9 les r\u00e9alisations et les \u00e9tapes consid\u00e9rables franchies, dans l&rsquo;ensemble des domaines d&rsquo;activit\u00e9s programm\u00e9es, en exhortant les cadres et les personnels \u00e0 fournir davantage d&rsquo;efforts pour obtenir plus de r\u00e9alisations qualitatives\u00a0\u00bb. \u00ab\u00a0Je valorise les r\u00e9alisations et les \u00e9tapes consid\u00e9rables franchies jusque-l\u00e0, dans l&rsquo;ensemble des domaines d&rsquo;activit\u00e9s programm\u00e9es, et j&rsquo;attends des responsables et des personnels de l&rsquo;Etablissement de consentir davantage d&rsquo;efforts, en vue d&rsquo;obtenir plus de r\u00e9alisations qualitatives, et de veiller \u00e0 l&rsquo;entretien, selon les normes prescrites, de toutes les chaines de production modernes et de haute technologie en dotation\u00a0\u00bb, a-t-il ajout\u00e9.<\/p>\n\n\n\n<p>R.N.<\/p>\n","protected":false},"excerpt":{"rendered":"<p>Le Chef d&rsquo;Etat-major de l&rsquo;Arm\u00e9e nationale populaire (ANP), le G\u00e9n\u00e9ral d&rsquo;Arm\u00e9e Sa\u00efd Chanegriha, a effectu\u00e9, hier au 3e jour de<\/p>\n","protected":false},"author":3,"featured_media":48837,"comment_status":"open","ping_status":"closed","sticky":false,"template":"","format":"standard","meta":{"colormag_page_container_layout":"default_layout","colormag_page_sidebar_layout":"default_layout","om_disable_all_campaigns":false,"_monsterinsights_skip_tracking":false,"_monsterinsights_sitenote_active":false,"_monsterinsights_sitenote_note":"","_monsterinsights_sitenote_category":0,"footnotes":"","_wpscppro_dont_share_socialmedia":false,"_wpscppro_custom_social_share_image":0,"_facebook_share_type":"","_twitter_share_type":"","_linkedin_share_type":"","_pinterest_share_type":"","_linkedin_share_type_page":"","_instagram_share_type":"","_medium_share_type":"","_threads_share_type":"","_google_business_share_type":"","_selected_social_profile":[],"_wpsp_enable_custom_social_template":false,"_wpsp_social_scheduling":{"enabled":false,"datetime":null,"platforms":[],"status":"template_only","dateOption":"today","timeOption":"now","customDays":"","customHours":"","customDate":"","customTime":"","schedulingType":"absolute"},"_wpsp_active_default_template":true},"categories":[27],"tags":[],"class_list":["post-48836","post","type-post","status-publish","format-standard","has-post-thumbnail","hentry","category-actualite"],"aioseo_notices":[],"yoast_head":"<!-- This site is optimized with the Yoast SEO plugin v27.5 - https:\/\/yoast.com\/product\/yoast-seo-wordpress\/ -->\n<title>ANP\u00a0: Chanegriha visite l&rsquo;Etablissement de construction des a\u00e9ronefs \u00e0 Oran - La Sentinelle<\/title>\n<meta name=\"robots\" content=\"index, follow, max-snippet:-1, max-image-preview:large, max-video-preview:-1\" \/>\n<link rel=\"canonical\" href=\"https:\/\/lasentinelle.dz\/index.php\/2024\/01\/18\/anp-chanegriha-visite-letablissement-de-construction-des-aeronefs-a-oran\/\" \/>\n<meta property=\"og:locale\" content=\"fr_FR\" \/>\n<meta property=\"og:type\" content=\"article\" \/>\n<meta property=\"og:title\" content=\"ANP\u00a0: Chanegriha visite l&rsquo;Etablissement de construction des a\u00e9ronefs \u00e0 Oran - La Sentinelle\" \/>\n<meta property=\"og:description\" content=\"Le Chef d&rsquo;Etat-major de l&rsquo;Arm\u00e9e nationale populaire (ANP), le G\u00e9n\u00e9ral d&rsquo;Arm\u00e9e Sa\u00efd Chanegriha, a effectu\u00e9, hier au 3e jour de\" \/>\n<meta property=\"og:url\" content=\"https:\/\/lasentinelle.dz\/index.php\/2024\/01\/18\/anp-chanegriha-visite-letablissement-de-construction-des-aeronefs-a-oran\/\" \/>\n<meta property=\"og:site_name\" content=\"La Sentinelle\" \/>\n<meta property=\"article:publisher\" content=\"https:\/\/www.facebook.com\/La-Sentinelle-104059864394773\" \/>\n<meta property=\"article:published_time\" content=\"2024-01-18T13:02:00+00:00\" \/>\n<meta property=\"article:modified_time\" content=\"2024-01-20T13:05:28+00:00\" \/>\n<meta property=\"og:image\" content=\"https:\/\/lasentinelle.dz\/wp-content\/uploads\/2024\/01\/tiara.jpg\" \/>\n\t<meta property=\"og:image:width\" content=\"1670\" \/>\n\t<meta property=\"og:image:height\" content=\"1114\" \/>\n\t<meta property=\"og:image:type\" content=\"image\/jpeg\" \/>\n<meta name=\"author\" content=\"La Sentinelle\" \/>\n<meta name=\"twitter:card\" content=\"summary_large_image\" \/>\n<meta name=\"twitter:label1\" content=\"\u00c9crit par\" \/>\n\t<meta name=\"twitter:data1\" content=\"La Sentinelle\" \/>\n\t<meta name=\"twitter:label2\" content=\"Dur\u00e9e de lecture estim\u00e9e\" \/>\n\t<meta name=\"twitter:data2\" content=\"3 minutes\" \/>\n<script type=\"application\/ld+json\" class=\"yoast-schema-graph\">{\"@context\":\"https:\\\/\\\/schema.org\",\"@graph\":[{\"@type\":\"Article\",\"@id\":\"https:\\\/\\\/lasentinelle.dz\\\/index.php\\\/2024\\\/01\\\/18\\\/anp-chanegriha-visite-letablissement-de-construction-des-aeronefs-a-oran\\\/#article\",\"isPartOf\":{\"@id\":\"https:\\\/\\\/lasentinelle.dz\\\/index.php\\\/2024\\\/01\\\/18\\\/anp-chanegriha-visite-letablissement-de-construction-des-aeronefs-a-oran\\\/\"},\"author\":{\"name\":\"La Sentinelle\",\"@id\":\"https:\\\/\\\/lasentinelle.dz\\\/#\\\/schema\\\/person\\\/d865044e22e70a75174ce8bcad3acfb3\"},\"headline\":\"ANP\u00a0: Chanegriha visite l&rsquo;Etablissement de construction des a\u00e9ronefs \u00e0 Oran\",\"datePublished\":\"2024-01-18T13:02:00+00:00\",\"dateModified\":\"2024-01-20T13:05:28+00:00\",\"mainEntityOfPage\":{\"@id\":\"https:\\\/\\\/lasentinelle.dz\\\/index.php\\\/2024\\\/01\\\/18\\\/anp-chanegriha-visite-letablissement-de-construction-des-aeronefs-a-oran\\\/\"},\"wordCount\":506,\"commentCount\":0,\"publisher\":{\"@id\":\"https:\\\/\\\/lasentinelle.dz\\\/#organization\"},\"image\":{\"@id\":\"https:\\\/\\\/lasentinelle.dz\\\/index.php\\\/2024\\\/01\\\/18\\\/anp-chanegriha-visite-letablissement-de-construction-des-aeronefs-a-oran\\\/#primaryimage\"},\"thumbnailUrl\":\"https:\\\/\\\/lasentinelle.dz\\\/wp-content\\\/uploads\\\/2024\\\/01\\\/tiara.jpg\",\"articleSection\":[\"Actualit\u00e9\"],\"inLanguage\":\"fr-FR\",\"potentialAction\":[{\"@type\":\"CommentAction\",\"name\":\"Comment\",\"target\":[\"https:\\\/\\\/lasentinelle.dz\\\/index.php\\\/2024\\\/01\\\/18\\\/anp-chanegriha-visite-letablissement-de-construction-des-aeronefs-a-oran\\\/#respond\"]}]},{\"@type\":\"WebPage\",\"@id\":\"https:\\\/\\\/lasentinelle.dz\\\/index.php\\\/2024\\\/01\\\/18\\\/anp-chanegriha-visite-letablissement-de-construction-des-aeronefs-a-oran\\\/\",\"url\":\"https:\\\/\\\/lasentinelle.dz\\\/index.php\\\/2024\\\/01\\\/18\\\/anp-chanegriha-visite-letablissement-de-construction-des-aeronefs-a-oran\\\/\",\"name\":\"ANP\u00a0: Chanegriha visite l&rsquo;Etablissement de construction des a\u00e9ronefs \u00e0 Oran - La Sentinelle\",\"isPartOf\":{\"@id\":\"https:\\\/\\\/lasentinelle.dz\\\/#website\"},\"primaryImageOfPage\":{\"@id\":\"https:\\\/\\\/lasentinelle.dz\\\/index.php\\\/2024\\\/01\\\/18\\\/anp-chanegriha-visite-letablissement-de-construction-des-aeronefs-a-oran\\\/#primaryimage\"},\"image\":{\"@id\":\"https:\\\/\\\/lasentinelle.dz\\\/index.php\\\/2024\\\/01\\\/18\\\/anp-chanegriha-visite-letablissement-de-construction-des-aeronefs-a-oran\\\/#primaryimage\"},\"thumbnailUrl\":\"https:\\\/\\\/lasentinelle.dz\\\/wp-content\\\/uploads\\\/2024\\\/01\\\/tiara.jpg\",\"datePublished\":\"2024-01-18T13:02:00+00:00\",\"dateModified\":\"2024-01-20T13:05:28+00:00\",\"breadcrumb\":{\"@id\":\"https:\\\/\\\/lasentinelle.dz\\\/index.php\\\/2024\\\/01\\\/18\\\/anp-chanegriha-visite-letablissement-de-construction-des-aeronefs-a-oran\\\/#breadcrumb\"},\"inLanguage\":\"fr-FR\",\"potentialAction\":[{\"@type\":\"ReadAction\",\"target\":[\"https:\\\/\\\/lasentinelle.dz\\\/index.php\\\/2024\\\/01\\\/18\\\/anp-chanegriha-visite-letablissement-de-construction-des-aeronefs-a-oran\\\/\"]}]},{\"@type\":\"ImageObject\",\"inLanguage\":\"fr-FR\",\"@id\":\"https:\\\/\\\/lasentinelle.dz\\\/index.php\\\/2024\\\/01\\\/18\\\/anp-chanegriha-visite-letablissement-de-construction-des-aeronefs-a-oran\\\/#primaryimage\",\"url\":\"https:\\\/\\\/lasentinelle.dz\\\/wp-content\\\/uploads\\\/2024\\\/01\\\/tiara.jpg\",\"contentUrl\":\"https:\\\/\\\/lasentinelle.dz\\\/wp-content\\\/uploads\\\/2024\\\/01\\\/tiara.jpg\",\"width\":1670,\"height\":1114},{\"@type\":\"BreadcrumbList\",\"@id\":\"https:\\\/\\\/lasentinelle.dz\\\/index.php\\\/2024\\\/01\\\/18\\\/anp-chanegriha-visite-letablissement-de-construction-des-aeronefs-a-oran\\\/#breadcrumb\",\"itemListElement\":[{\"@type\":\"ListItem\",\"position\":1,\"name\":\"Accueil\",\"item\":\"https:\\\/\\\/lasentinelle.dz\\\/\"},{\"@type\":\"ListItem\",\"position\":2,\"name\":\"ANP\u00a0: Chanegriha visite l&rsquo;Etablissement de construction des a\u00e9ronefs \u00e0 Oran\"}]},{\"@type\":\"WebSite\",\"@id\":\"https:\\\/\\\/lasentinelle.dz\\\/#website\",\"url\":\"https:\\\/\\\/lasentinelle.dz\\\/\",\"name\":\"La Sentinelle\",\"description\":\"Quotidien national d&#039;information\",\"publisher\":{\"@id\":\"https:\\\/\\\/lasentinelle.dz\\\/#organization\"},\"potentialAction\":[{\"@type\":\"SearchAction\",\"target\":{\"@type\":\"EntryPoint\",\"urlTemplate\":\"https:\\\/\\\/lasentinelle.dz\\\/?s={search_term_string}\"},\"query-input\":{\"@type\":\"PropertyValueSpecification\",\"valueRequired\":true,\"valueName\":\"search_term_string\"}}],\"inLanguage\":\"fr-FR\"},{\"@type\":\"Organization\",\"@id\":\"https:\\\/\\\/lasentinelle.dz\\\/#organization\",\"name\":\"Quotidien La Sentinelle\",\"url\":\"https:\\\/\\\/lasentinelle.dz\\\/\",\"logo\":{\"@type\":\"ImageObject\",\"inLanguage\":\"fr-FR\",\"@id\":\"https:\\\/\\\/lasentinelle.dz\\\/#\\\/schema\\\/logo\\\/image\\\/\",\"url\":\"https:\\\/\\\/lasentinelle.dz\\\/wp-content\\\/uploads\\\/2021\\\/09\\\/logo-sentinelleSLOGAN-1.png\",\"contentUrl\":\"https:\\\/\\\/lasentinelle.dz\\\/wp-content\\\/uploads\\\/2021\\\/09\\\/logo-sentinelleSLOGAN-1.png\",\"width\":615,\"height\":142,\"caption\":\"Quotidien La Sentinelle\"},\"image\":{\"@id\":\"https:\\\/\\\/lasentinelle.dz\\\/#\\\/schema\\\/logo\\\/image\\\/\"},\"sameAs\":[\"https:\\\/\\\/www.facebook.com\\\/La-Sentinelle-104059864394773\"]},{\"@type\":\"Person\",\"@id\":\"https:\\\/\\\/lasentinelle.dz\\\/#\\\/schema\\\/person\\\/d865044e22e70a75174ce8bcad3acfb3\",\"name\":\"La Sentinelle\",\"image\":{\"@type\":\"ImageObject\",\"inLanguage\":\"fr-FR\",\"@id\":\"https:\\\/\\\/secure.gravatar.com\\\/avatar\\\/57de8e5d4b15d43fb361a71fbb36338450fe67865b528a43dd10ef7c51a20392?s=96&d=mm&r=g\",\"url\":\"https:\\\/\\\/secure.gravatar.com\\\/avatar\\\/57de8e5d4b15d43fb361a71fbb36338450fe67865b528a43dd10ef7c51a20392?s=96&d=mm&r=g\",\"contentUrl\":\"https:\\\/\\\/secure.gravatar.com\\\/avatar\\\/57de8e5d4b15d43fb361a71fbb36338450fe67865b528a43dd10ef7c51a20392?s=96&d=mm&r=g\",\"caption\":\"La Sentinelle\"},\"sameAs\":[\"http:\\\/\\\/www.lasentinelle.dz\"],\"url\":\"https:\\\/\\\/lasentinelle.dz\\\/author\\\/redaction\\\/\"}]}<\/script>\n<!-- \/ Yoast SEO plugin. -->","yoast_head_json":{"title":"ANP\u00a0: Chanegriha visite l&rsquo;Etablissement de construction des a\u00e9ronefs \u00e0 Oran - La Sentinelle","robots":{"index":"index","follow":"follow","max-snippet":"max-snippet:-1","max-image-preview":"max-image-preview:large","max-video-preview":"max-video-preview:-1"},"canonical":"https:\/\/lasentinelle.dz\/index.php\/2024\/01\/18\/anp-chanegriha-visite-letablissement-de-construction-des-aeronefs-a-oran\/","og_locale":"fr_FR","og_type":"article","og_title":"ANP\u00a0: Chanegriha visite l&rsquo;Etablissement de construction des a\u00e9ronefs \u00e0 Oran - La Sentinelle","og_description":"Le Chef d&rsquo;Etat-major de l&rsquo;Arm\u00e9e nationale populaire (ANP), le G\u00e9n\u00e9ral d&rsquo;Arm\u00e9e Sa\u00efd Chanegriha, a effectu\u00e9, hier au 3e jour de","og_url":"https:\/\/lasentinelle.dz\/index.php\/2024\/01\/18\/anp-chanegriha-visite-letablissement-de-construction-des-aeronefs-a-oran\/","og_site_name":"La Sentinelle","article_publisher":"https:\/\/www.facebook.com\/La-Sentinelle-104059864394773","article_published_time":"2024-01-18T13:02:00+00:00","article_modified_time":"2024-01-20T13:05:28+00:00","og_image":[{"width":1670,"height":1114,"url":"https:\/\/lasentinelle.dz\/wp-content\/uploads\/2024\/01\/tiara.jpg","type":"image\/jpeg"}],"author":"La Sentinelle","twitter_card":"summary_large_image","twitter_misc":{"\u00c9crit par":"La Sentinelle","Dur\u00e9e de lecture estim\u00e9e":"3 minutes"},"schema":{"@context":"https:\/\/schema.org","@graph":[{"@type":"Article","@id":"https:\/\/lasentinelle.dz\/index.php\/2024\/01\/18\/anp-chanegriha-visite-letablissement-de-construction-des-aeronefs-a-oran\/#article","isPartOf":{"@id":"https:\/\/lasentinelle.dz\/index.php\/2024\/01\/18\/anp-chanegriha-visite-letablissement-de-construction-des-aeronefs-a-oran\/"},"author":{"name":"La Sentinelle","@id":"https:\/\/lasentinelle.dz\/#\/schema\/person\/d865044e22e70a75174ce8bcad3acfb3"},"headline":"ANP\u00a0: Chanegriha visite l&rsquo;Etablissement de construction des a\u00e9ronefs \u00e0 Oran","datePublished":"2024-01-18T13:02:00+00:00","dateModified":"2024-01-20T13:05:28+00:00","mainEntityOfPage":{"@id":"https:\/\/lasentinelle.dz\/index.php\/2024\/01\/18\/anp-chanegriha-visite-letablissement-de-construction-des-aeronefs-a-oran\/"},"wordCount":506,"commentCount":0,"publisher":{"@id":"https:\/\/lasentinelle.dz\/#organization"},"image":{"@id":"https:\/\/lasentinelle.dz\/index.php\/2024\/01\/18\/anp-chanegriha-visite-letablissement-de-construction-des-aeronefs-a-oran\/#primaryimage"},"thumbnailUrl":"https:\/\/lasentinelle.dz\/wp-content\/uploads\/2024\/01\/tiara.jpg","articleSection":["Actualit\u00e9"],"inLanguage":"fr-FR","potentialAction":[{"@type":"CommentAction","name":"Comment","target":["https:\/\/lasentinelle.dz\/index.php\/2024\/01\/18\/anp-chanegriha-visite-letablissement-de-construction-des-aeronefs-a-oran\/#respond"]}]},{"@type":"WebPage","@id":"https:\/\/lasentinelle.dz\/index.php\/2024\/01\/18\/anp-chanegriha-visite-letablissement-de-construction-des-aeronefs-a-oran\/","url":"https:\/\/lasentinelle.dz\/index.php\/2024\/01\/18\/anp-chanegriha-visite-letablissement-de-construction-des-aeronefs-a-oran\/","name":"ANP\u00a0: Chanegriha visite l&rsquo;Etablissement de construction des a\u00e9ronefs \u00e0 Oran - La Sentinelle","isPartOf":{"@id":"https:\/\/lasentinelle.dz\/#website"},"primaryImageOfPage":{"@id":"https:\/\/lasentinelle.dz\/index.php\/2024\/01\/18\/anp-chanegriha-visite-letablissement-de-construction-des-aeronefs-a-oran\/#primaryimage"},"image":{"@id":"https:\/\/lasentinelle.dz\/index.php\/2024\/01\/18\/anp-chanegriha-visite-letablissement-de-construction-des-aeronefs-a-oran\/#primaryimage"},"thumbnailUrl":"https:\/\/lasentinelle.dz\/wp-content\/uploads\/2024\/01\/tiara.jpg","datePublished":"2024-01-18T13:02:00+00:00","dateModified":"2024-01-20T13:05:28+00:00","breadcrumb":{"@id":"https:\/\/lasentinelle.dz\/index.php\/2024\/01\/18\/anp-chanegriha-visite-letablissement-de-construction-des-aeronefs-a-oran\/#breadcrumb"},"inLanguage":"fr-FR","potentialAction":[{"@type":"ReadAction","target":["https:\/\/lasentinelle.dz\/index.php\/2024\/01\/18\/anp-chanegriha-visite-letablissement-de-construction-des-aeronefs-a-oran\/"]}]},{"@type":"ImageObject","inLanguage":"fr-FR","@id":"https:\/\/lasentinelle.dz\/index.php\/2024\/01\/18\/anp-chanegriha-visite-letablissement-de-construction-des-aeronefs-a-oran\/#primaryimage","url":"https:\/\/lasentinelle.dz\/wp-content\/uploads\/2024\/01\/tiara.jpg","contentUrl":"https:\/\/lasentinelle.dz\/wp-content\/uploads\/2024\/01\/tiara.jpg","width":1670,"height":1114},{"@type":"BreadcrumbList","@id":"https:\/\/lasentinelle.dz\/index.php\/2024\/01\/18\/anp-chanegriha-visite-letablissement-de-construction-des-aeronefs-a-oran\/#breadcrumb","itemListElement":[{"@type":"ListItem","position":1,"name":"Accueil","item":"https:\/\/lasentinelle.dz\/"},{"@type":"ListItem","position":2,"name":"ANP\u00a0: Chanegriha visite l&rsquo;Etablissement de construction des a\u00e9ronefs \u00e0 Oran"}]},{"@type":"WebSite","@id":"https:\/\/lasentinelle.dz\/#website","url":"https:\/\/lasentinelle.dz\/","name":"La Sentinelle","description":"Quotidien national d&#039;information","publisher":{"@id":"https:\/\/lasentinelle.dz\/#organization"},"potentialAction":[{"@type":"SearchAction","target":{"@type":"EntryPoint","urlTemplate":"https:\/\/lasentinelle.dz\/?s={search_term_string}"},"query-input":{"@type":"PropertyValueSpecification","valueRequired":true,"valueName":"search_term_string"}}],"inLanguage":"fr-FR"},{"@type":"Organization","@id":"https:\/\/lasentinelle.dz\/#organization","name":"Quotidien La Sentinelle","url":"https:\/\/lasentinelle.dz\/","logo":{"@type":"ImageObject","inLanguage":"fr-FR","@id":"https:\/\/lasentinelle.dz\/#\/schema\/logo\/image\/","url":"https:\/\/lasentinelle.dz\/wp-content\/uploads\/2021\/09\/logo-sentinelleSLOGAN-1.png","contentUrl":"https:\/\/lasentinelle.dz\/wp-content\/uploads\/2021\/09\/logo-sentinelleSLOGAN-1.png","width":615,"height":142,"caption":"Quotidien La Sentinelle"},"image":{"@id":"https:\/\/lasentinelle.dz\/#\/schema\/logo\/image\/"},"sameAs":["https:\/\/www.facebook.com\/La-Sentinelle-104059864394773"]},{"@type":"Person","@id":"https:\/\/lasentinelle.dz\/#\/schema\/person\/d865044e22e70a75174ce8bcad3acfb3","name":"La Sentinelle","image":{"@type":"ImageObject","inLanguage":"fr-FR","@id":"https:\/\/secure.gravatar.com\/avatar\/57de8e5d4b15d43fb361a71fbb36338450fe67865b528a43dd10ef7c51a20392?s=96&d=mm&r=g","url":"https:\/\/secure.gravatar.com\/avatar\/57de8e5d4b15d43fb361a71fbb36338450fe67865b528a43dd10ef7c51a20392?s=96&d=mm&r=g","contentUrl":"https:\/\/secure.gravatar.com\/avatar\/57de8e5d4b15d43fb361a71fbb36338450fe67865b528a43dd10ef7c51a20392?s=96&d=mm&r=g","caption":"La Sentinelle"},"sameAs":["http:\/\/www.lasentinelle.dz"],"url":"https:\/\/lasentinelle.dz\/author\/redaction\/"}]}},"_links":{"self":[{"href":"https:\/\/lasentinelle.dz\/index.php\/wp-json\/wp\/v2\/posts\/48836","targetHints":{"allow":["GET"]}}],"collection":[{"href":"https:\/\/lasentinelle.dz\/index.php\/wp-json\/wp\/v2\/posts"}],"about":[{"href":"https:\/\/lasentinelle.dz\/index.php\/wp-json\/wp\/v2\/types\/post"}],"author":[{"embeddable":true,"href":"https:\/\/lasentinelle.dz\/index.php\/wp-json\/wp\/v2\/users\/3"}],"replies":[{"embeddable":true,"href":"https:\/\/lasentinelle.dz\/index.php\/wp-json\/wp\/v2\/comments?post=48836"}],"version-history":[{"count":2,"href":"https:\/\/lasentinelle.dz\/index.php\/wp-json\/wp\/v2\/posts\/48836\/revisions"}],"predecessor-version":[{"id":48839,"href":"https:\/\/lasentinelle.dz\/index.php\/wp-json\/wp\/v2\/posts\/48836\/revisions\/48839"}],"wp:featuredmedia":[{"embeddable":true,"href":"https:\/\/lasentinelle.dz\/index.php\/wp-json\/wp\/v2\/media\/48837"}],"wp:attachment":[{"href":"https:\/\/lasentinelle.dz\/index.php\/wp-json\/wp\/v2\/media?parent=48836"}],"wp:term":[{"taxonomy":"category","embeddable":true,"href":"https:\/\/lasentinelle.dz\/index.php\/wp-json\/wp\/v2\/categories?post=48836"},{"taxonomy":"post_tag","embeddable":true,"href":"https:\/\/lasentinelle.dz\/index.php\/wp-json\/wp\/v2\/tags?post=48836"}],"curies":[{"name":"wp","href":"https:\/\/api.w.org\/{rel}","templated":true}]}}