{"id":48905,"date":"2024-01-23T15:05:27","date_gmt":"2024-01-23T14:05:27","guid":{"rendered":"https:\/\/lasentinelle.dz\/?p=48905"},"modified":"2024-01-23T15:05:31","modified_gmt":"2024-01-23T14:05:31","slug":"can-2023-les-verts-face-a-lobligation-de-vaincre","status":"publish","type":"post","link":"https:\/\/lasentinelle.dz\/index.php\/2024\/01\/23\/can-2023-les-verts-face-a-lobligation-de-vaincre\/","title":{"rendered":"CAN 2023\u00a0: Les Verts face \u00e0 l\u2019obligation de vaincre"},"content":{"rendered":"\n<p>La S\u00e9lection nationale affrontera ce soir \u00e0 21h00 son homologue mauritanienne au stade de Bouak\u00e9 pour le compte de la troisi\u00e8me et derni\u00e8re journ\u00e9e des phases de groupe de la Coupe d\u2019Afrique des Nations. Et les Verts n\u2019ont plus droit \u00e0 l\u2019erreur. Les Fennecs devront absolument largement gagner ce match s\u2019il veulent se qualifier pour le prochain tour et ne pas voir se r\u00e9\u00e9diter le sc\u00e9nario de la CAN camerounaise, lorsque les Verts ont \u00e9t\u00e9 \u00e9limin\u00e9s d\u00e8s la phase de groupe. Un match d\u00e9cisif donc, qui n\u00e9cessitera avant tout de la concentration de la part des joueurs qui devront puiser dans leurs ressources physiques et psychologiques pour l\u2019emporter.<\/p>\n\n\n\n<p>Dans ce sens, le S\u00e9lectionneur national, Djamel Belmadi a affich\u00e9 hier sa confiance dans les capacit\u00e9s de son \u00e9quipe, m\u00eame s\u2019il reconna\u00eet qu\u2019avec deux points au compteur, ses poulains sont sous pression. \u00a0\u00bb Nous sommes souvent sous pression, c&rsquo;est le football de haut niveau, le plus important est d\u2019\u00eatre pr\u00eats pour ce match. Nous avons beaucoup travaill\u00e9 d\u2019abord \u00e0 Alger puis \u00e0 Lom\u00e9, notamment sur le plan physique. Les joueurs ont bien r\u00e9cup\u00e9r\u00e9 \u00ab\u00a0, a-t-il indiqu\u00e9 lors de la conf\u00e9rence de presse d\u2019avant-match, tenue au stade de Bouak\u00e9. Il soulignera que la confrontation que le match contre la Mauritanie est \u00ab&nbsp;un match important et d\u00e9cisif, on a eu peu de temps de pr\u00e9paration, on doit le gagner pour se qualifier au prochain tour&nbsp;\u00bb.Et d&rsquo;encha\u00eener : \u00a0\u00bb le ressort psychologique pour revenir ne me surprend pas, je connais mon \u00e9quipe, on a pas envie de quitter la comp\u00e9tition, on va se battre jusqu\u2019au bout. Il faut r\u00e9duire les erreurs au maximum, et \u00eatre encore plus pr\u00e9cis devant les buts, pour faire le break dans nos matchs, on va s&rsquo;atteler \u00e0 \u00e7a demain inchallah.\u00a0\u00bb<\/p>\n\n\n\n<p>Belmadi a refus\u00e9 de comparer la situation dans laquelle se trouve l&rsquo;\u00e9quipe nationale, \u00e0 celle de la pr\u00e9c\u00e9dente \u00e9dition au Cameroun, o\u00f9 les Verts avaient quitt\u00e9 le tournoi d\u00e8s le premier tour.\u00a0\u00bb On n&rsquo;est pas dans la m\u00eame situation que celle de la CAN-2021, nous avions&nbsp; 1 point au compteur alors qu&rsquo;aujourd&rsquo;hui on en a 2, mais \u00e7a reste un match d\u00e9cisif. J\u2019aime la pression, le football c\u2019est beaucoup d&rsquo;\u00e9motions et d&rsquo;efforts. Les joueurs n&rsquo;ont pas de souci, on a juste envie de bien faire, on s&rsquo;attend \u00e0 une belle bataille, on est conscients.\u00a0\u00bb<\/p>\n\n\n\n<p>Pour ce match face \u00e0 la Mauritanie, Belmadi va devoir se passer des services du d\u00e9fenseur Benseba\u00efni, suspendu pour cumul de cartons, et du milieu de terrain Bennacer, bless\u00e9 aux adducteurs.\u00a0\u00bb Je regrette l\u2019absence de Bennacer et Benseba\u00efni qui sont des joueurs importants, mais on a effectif de haut niveau, qui reste capable de prendre la rel\u00e8ve, il n&rsquo;y pas d\u2019inqui\u00e9tude.\u00a0\u00bbLe s\u00e9lectionneur national a de nouveau pris la d\u00e9fense du capitaine Riyad Mahrez, critiqu\u00e9 pour sa m\u00e9forme actuelle. \u00a0\u00bb Je ne veux pas que les gens oublient ce que Mahrez sait faire. Ce n&rsquo;\u00e9tait pas ses deux meilleurs matchs en s\u00e9lection mais ne le tuez pas trop vite. Je ne vous dirais pas si il sera titulaire ou sur le banc, ce n\u2019est pas le plus important. Ca reste notre capitaine.\u00a0\u00bb<\/p>\n\n\n\n<p>Interrog\u00e9 sur l&rsquo;arbitrage, contre lequel la F\u00e9d\u00e9ration alg\u00e9rienne (FAF) a formul\u00e9 une r\u00e9clamation officielle aupr\u00e8s de la Conf\u00e9d\u00e9ration africaine (CAF) \u00e0 l\u2019issue du match face au Burkina Faso, Belmadi s&rsquo;est montr\u00e9 d\u00e9\u00e7u.\u00a0\u00bb L\u2019id\u00e9al est de laisser le sujet de l&rsquo;arbitrage et de concentrer sur le match de demain, mais quand il y a des d\u00e9cisions qui peuvent changer le cours de match on doit en parler. On a encaiss\u00e9 trois buts apr\u00e8s recours \u00e0 la VAR, dont deux buts face au Burkina Faso qui sont valables. On a eu trois situations o\u00f9 la VAR aurait d\u00fb \u00eatre v\u00e9rifi\u00e9e, \u00e7a me d\u00e9range beaucoup.\u00a0\u00bb Enfin, Belmadi est revenu sur la 2e journ\u00e9e de la CAN, qui a vu le S\u00e9n\u00e9gal, tenant du troph\u00e9e, et le Cap-Vert devenir les deux premi\u00e8res s\u00e9lections \u00e0 valider leur billet aux prochain tour. \u00a0\u00bb Il y a le S\u00e9n\u00e9gal et le Cap Vert qui se sont qualifi\u00e9s sur 24 \u00e9quipes. &nbsp;Lors de la CAN-2021 au Cameroun, on s&rsquo;est fait sortir au premier tour alors qu&rsquo;on \u00e9tait les tenants du titre. Les \u00e9quipes progressent. On est dans la m\u00eame situation que 22 \u00e9quipes, mais on reste confiants et pourquoi pas ne pas terminer en t\u00eate du groupe\u00a0\u00bb, a-t-il conclu.<\/p>\n\n\n\n<p>De son c\u00f4t\u00e9, le milieu offensif de l&rsquo;\u00e9quipe nationale alg\u00e9rienne de football Houssem Aouar, pr\u00e9sent \u00e0 la conf\u00e9rence de presse, a soulign\u00e9 que les Verts savent \u00ab&nbsp;que c&rsquo;est un match \u00e0 enjeu, nous en avons conscience, mais on a l&rsquo;habitude. On n&rsquo;a pas eu assez de temps pour pr\u00e9parer ce rendez-vous, mais il faudra \u00eatre forts mentalement&nbsp;\u00bb. L&rsquo;\u00e9quipe alg\u00e9rienne a fait match nul lors des deux premiers matchs, d&rsquo;abord face \u00e0 l\u2019Angola (1-1) puis devant le Burkina Faso (2-2). Avec deux points au compteur, les&nbsp; Verts occupent la troisi\u00e8me place, \u00e0 deux longueurs de retard sur l&rsquo;Angola et le Burkina qui comptent 4 points chacun, alors que la Mauritanie ferme la marche avec 0 point apr\u00e8s deux revers. \u00a0\u00bb Je n&rsquo;ai pas jou\u00e9 la derni\u00e8re rencontre, c&rsquo;est un fait, mais quand on est en s\u00e9lection on se doit de se tenir pr\u00eat, m\u00eame en \u00e9tant sur le banc. &nbsp;Demain, tous les joueurs seront pr\u00eats\u00a0\u00bb, a-t-il ajout\u00e9. Interrog\u00e9 sur le rendement en demi-teinte du capitaine Riyad Mahrez, l&rsquo;ancien joueur de l&rsquo;Olympique Lyon (France) a pris la d\u00e9fense de son co\u00e9quipier. \u00a0\u00bb Mahrez est un joueur d&rsquo;exp\u00e9rience, il a v\u00e9cu des moments compliqu\u00e9s dans &nbsp;sa carri\u00e8re, c&rsquo;est un joueur travailleur et serein, nous avons confiance \u00e0 100% en notre capitaine.\u00a0\u00bb<\/p>\n\n\n\n<p>De son c\u00f4t\u00e9, le s\u00e9lectionneur franco-comorien de l&rsquo;\u00e9quipe mauritanienne de football Amir Abdou, a d\u00e9clar\u00e9 que les \u00ab\u00a0Mourabitounes\u00a0\u00bb visent un premier succ\u00e8s historique en phase finale, face \u00e0 l&rsquo;Alg\u00e9rie.\u00a0\u00bb Ce sera une belle confrontation. L&rsquo;Alg\u00e9rie est largement meilleure sur le plan technique et l&rsquo;animation, mais on est capables de faire tr\u00e8s mal dans les transitions, le rapport de force va se jouer dans l&rsquo;entrejeu, ils peuvent marquer \u00e0 n&rsquo;importe quel moment, \u00e0 nous de faire bloc pour \u00eatre efficaces sur le plan d\u00e9fensif. La Mauritanie va chercher sa premi\u00e8re victoire en phase finale\u00a0\u00bb, a indiqu\u00e9 Amir Abdou lors de la conf\u00e9rence de &nbsp;presse d\u2019avant-match, tenue au stade de Bouak\u00e9. Et d&rsquo;encha\u00eener : \u00ab\u00a0Ce sera un match tr\u00e8s compliqu\u00e9, on va jouer contre une \u00e9quipe de qualit\u00e9 et des joueurs de tr\u00e8s haut niveau. On n&rsquo;est pas l\u00e0 pour distribuer des points, on va jouer nos chances \u00e0 fond. On n&rsquo;a pas les m\u00eames objectifs, \u00e0 nous d\u2019\u00eatre performants.\u00a0\u00bbAppel\u00e9 \u00e0 comparer la s\u00e9lection alg\u00e9rienne avec celles de l\u2019Angola et du Burkina Faso, Amir Abdou \u00e9voque un adversaire d&rsquo;un autre calibre.<\/p>\n\n\n\n<p><strong>Moncef Dahleb<\/strong><\/p>\n","protected":false},"excerpt":{"rendered":"<p>La S\u00e9lection nationale affrontera ce soir \u00e0 21h00 son homologue mauritanienne au stade de Bouak\u00e9 pour le compte de la<\/p>\n","protected":false},"author":3,"featured_media":48906,"comment_status":"open","ping_status":"closed","sticky":false,"template":"","format":"standard","meta":{"colormag_page_container_layout":"default_layout","colormag_page_sidebar_layout":"default_layout","om_disable_all_campaigns":false,"_monsterinsights_skip_tracking":false,"_monsterinsights_sitenote_active":false,"_monsterinsights_sitenote_note":"","_monsterinsights_sitenote_category":0,"footnotes":"","_wpscppro_dont_share_socialmedia":false,"_wpscppro_custom_social_share_image":0,"_facebook_share_type":"","_twitter_share_type":"","_linkedin_share_type":"","_pinterest_share_type":"","_linkedin_share_type_page":"","_instagram_share_type":"","_medium_share_type":"","_threads_share_type":"","_google_business_share_type":"","_selected_social_profile":[],"_wpsp_enable_custom_social_template":false,"_wpsp_social_scheduling":{"enabled":false,"datetime":null,"platforms":[],"status":"template_only","dateOption":"today","timeOption":"now","customDays":"","customHours":"","customDate":"","customTime":"","schedulingType":"absolute"},"_wpsp_active_default_template":true},"categories":[52,33],"tags":[],"class_list":["post-48905","post","type-post","status-publish","format-standard","has-post-thumbnail","hentry","category-a-la-une","category-sports"],"aioseo_notices":[],"yoast_head":"<!-- This site is optimized with the Yoast SEO plugin v27.5 - https:\/\/yoast.com\/product\/yoast-seo-wordpress\/ -->\n<title>CAN 2023\u00a0: Les Verts face \u00e0 l\u2019obligation de vaincre - La Sentinelle<\/title>\n<meta name=\"robots\" content=\"index, follow, max-snippet:-1, max-image-preview:large, max-video-preview:-1\" \/>\n<link rel=\"canonical\" href=\"https:\/\/lasentinelle.dz\/index.php\/2024\/01\/23\/can-2023-les-verts-face-a-lobligation-de-vaincre\/\" \/>\n<meta property=\"og:locale\" content=\"fr_FR\" \/>\n<meta property=\"og:type\" content=\"article\" \/>\n<meta property=\"og:title\" content=\"CAN 2023\u00a0: Les Verts face \u00e0 l\u2019obligation de vaincre - La Sentinelle\" \/>\n<meta property=\"og:description\" content=\"La S\u00e9lection nationale affrontera ce soir \u00e0 21h00 son homologue mauritanienne au stade de Bouak\u00e9 pour le compte de la\" \/>\n<meta property=\"og:url\" content=\"https:\/\/lasentinelle.dz\/index.php\/2024\/01\/23\/can-2023-les-verts-face-a-lobligation-de-vaincre\/\" \/>\n<meta property=\"og:site_name\" content=\"La Sentinelle\" \/>\n<meta property=\"article:publisher\" content=\"https:\/\/www.facebook.com\/La-Sentinelle-104059864394773\" \/>\n<meta property=\"article:published_time\" content=\"2024-01-23T14:05:27+00:00\" \/>\n<meta property=\"article:modified_time\" content=\"2024-01-23T14:05:31+00:00\" \/>\n<meta property=\"og:image\" content=\"https:\/\/lasentinelle.dz\/wp-content\/uploads\/2024\/01\/fennecs.jpeg\" \/>\n\t<meta property=\"og:image:width\" content=\"2035\" \/>\n\t<meta property=\"og:image:height\" content=\"1558\" \/>\n\t<meta property=\"og:image:type\" content=\"image\/jpeg\" \/>\n<meta name=\"author\" content=\"La Sentinelle\" \/>\n<meta name=\"twitter:card\" content=\"summary_large_image\" \/>\n<meta name=\"twitter:label1\" content=\"\u00c9crit par\" \/>\n\t<meta name=\"twitter:data1\" content=\"La Sentinelle\" \/>\n\t<meta name=\"twitter:label2\" content=\"Dur\u00e9e de lecture estim\u00e9e\" \/>\n\t<meta name=\"twitter:data2\" content=\"6 minutes\" \/>\n<script type=\"application\/ld+json\" class=\"yoast-schema-graph\">{\"@context\":\"https:\\\/\\\/schema.org\",\"@graph\":[{\"@type\":\"Article\",\"@id\":\"https:\\\/\\\/lasentinelle.dz\\\/index.php\\\/2024\\\/01\\\/23\\\/can-2023-les-verts-face-a-lobligation-de-vaincre\\\/#article\",\"isPartOf\":{\"@id\":\"https:\\\/\\\/lasentinelle.dz\\\/index.php\\\/2024\\\/01\\\/23\\\/can-2023-les-verts-face-a-lobligation-de-vaincre\\\/\"},\"author\":{\"name\":\"La Sentinelle\",\"@id\":\"https:\\\/\\\/lasentinelle.dz\\\/#\\\/schema\\\/person\\\/d865044e22e70a75174ce8bcad3acfb3\"},\"headline\":\"CAN 2023\u00a0: Les Verts face \u00e0 l\u2019obligation de vaincre\",\"datePublished\":\"2024-01-23T14:05:27+00:00\",\"dateModified\":\"2024-01-23T14:05:31+00:00\",\"mainEntityOfPage\":{\"@id\":\"https:\\\/\\\/lasentinelle.dz\\\/index.php\\\/2024\\\/01\\\/23\\\/can-2023-les-verts-face-a-lobligation-de-vaincre\\\/\"},\"wordCount\":1249,\"commentCount\":0,\"publisher\":{\"@id\":\"https:\\\/\\\/lasentinelle.dz\\\/#organization\"},\"image\":{\"@id\":\"https:\\\/\\\/lasentinelle.dz\\\/index.php\\\/2024\\\/01\\\/23\\\/can-2023-les-verts-face-a-lobligation-de-vaincre\\\/#primaryimage\"},\"thumbnailUrl\":\"https:\\\/\\\/lasentinelle.dz\\\/wp-content\\\/uploads\\\/2024\\\/01\\\/fennecs.jpeg\",\"articleSection\":[\"\u00c0 la Une\",\"Sports\"],\"inLanguage\":\"fr-FR\",\"potentialAction\":[{\"@type\":\"CommentAction\",\"name\":\"Comment\",\"target\":[\"https:\\\/\\\/lasentinelle.dz\\\/index.php\\\/2024\\\/01\\\/23\\\/can-2023-les-verts-face-a-lobligation-de-vaincre\\\/#respond\"]}]},{\"@type\":\"WebPage\",\"@id\":\"https:\\\/\\\/lasentinelle.dz\\\/index.php\\\/2024\\\/01\\\/23\\\/can-2023-les-verts-face-a-lobligation-de-vaincre\\\/\",\"url\":\"https:\\\/\\\/lasentinelle.dz\\\/index.php\\\/2024\\\/01\\\/23\\\/can-2023-les-verts-face-a-lobligation-de-vaincre\\\/\",\"name\":\"CAN 2023\u00a0: Les Verts face \u00e0 l\u2019obligation de vaincre - La Sentinelle\",\"isPartOf\":{\"@id\":\"https:\\\/\\\/lasentinelle.dz\\\/#website\"},\"primaryImageOfPage\":{\"@id\":\"https:\\\/\\\/lasentinelle.dz\\\/index.php\\\/2024\\\/01\\\/23\\\/can-2023-les-verts-face-a-lobligation-de-vaincre\\\/#primaryimage\"},\"image\":{\"@id\":\"https:\\\/\\\/lasentinelle.dz\\\/index.php\\\/2024\\\/01\\\/23\\\/can-2023-les-verts-face-a-lobligation-de-vaincre\\\/#primaryimage\"},\"thumbnailUrl\":\"https:\\\/\\\/lasentinelle.dz\\\/wp-content\\\/uploads\\\/2024\\\/01\\\/fennecs.jpeg\",\"datePublished\":\"2024-01-23T14:05:27+00:00\",\"dateModified\":\"2024-01-23T14:05:31+00:00\",\"breadcrumb\":{\"@id\":\"https:\\\/\\\/lasentinelle.dz\\\/index.php\\\/2024\\\/01\\\/23\\\/can-2023-les-verts-face-a-lobligation-de-vaincre\\\/#breadcrumb\"},\"inLanguage\":\"fr-FR\",\"potentialAction\":[{\"@type\":\"ReadAction\",\"target\":[\"https:\\\/\\\/lasentinelle.dz\\\/index.php\\\/2024\\\/01\\\/23\\\/can-2023-les-verts-face-a-lobligation-de-vaincre\\\/\"]}]},{\"@type\":\"ImageObject\",\"inLanguage\":\"fr-FR\",\"@id\":\"https:\\\/\\\/lasentinelle.dz\\\/index.php\\\/2024\\\/01\\\/23\\\/can-2023-les-verts-face-a-lobligation-de-vaincre\\\/#primaryimage\",\"url\":\"https:\\\/\\\/lasentinelle.dz\\\/wp-content\\\/uploads\\\/2024\\\/01\\\/fennecs.jpeg\",\"contentUrl\":\"https:\\\/\\\/lasentinelle.dz\\\/wp-content\\\/uploads\\\/2024\\\/01\\\/fennecs.jpeg\",\"width\":2035,\"height\":1558},{\"@type\":\"BreadcrumbList\",\"@id\":\"https:\\\/\\\/lasentinelle.dz\\\/index.php\\\/2024\\\/01\\\/23\\\/can-2023-les-verts-face-a-lobligation-de-vaincre\\\/#breadcrumb\",\"itemListElement\":[{\"@type\":\"ListItem\",\"position\":1,\"name\":\"Accueil\",\"item\":\"https:\\\/\\\/lasentinelle.dz\\\/\"},{\"@type\":\"ListItem\",\"position\":2,\"name\":\"CAN 2023\u00a0: Les Verts face \u00e0 l\u2019obligation de vaincre\"}]},{\"@type\":\"WebSite\",\"@id\":\"https:\\\/\\\/lasentinelle.dz\\\/#website\",\"url\":\"https:\\\/\\\/lasentinelle.dz\\\/\",\"name\":\"La Sentinelle\",\"description\":\"Quotidien national d&#039;information\",\"publisher\":{\"@id\":\"https:\\\/\\\/lasentinelle.dz\\\/#organization\"},\"potentialAction\":[{\"@type\":\"SearchAction\",\"target\":{\"@type\":\"EntryPoint\",\"urlTemplate\":\"https:\\\/\\\/lasentinelle.dz\\\/?s={search_term_string}\"},\"query-input\":{\"@type\":\"PropertyValueSpecification\",\"valueRequired\":true,\"valueName\":\"search_term_string\"}}],\"inLanguage\":\"fr-FR\"},{\"@type\":\"Organization\",\"@id\":\"https:\\\/\\\/lasentinelle.dz\\\/#organization\",\"name\":\"Quotidien La Sentinelle\",\"url\":\"https:\\\/\\\/lasentinelle.dz\\\/\",\"logo\":{\"@type\":\"ImageObject\",\"inLanguage\":\"fr-FR\",\"@id\":\"https:\\\/\\\/lasentinelle.dz\\\/#\\\/schema\\\/logo\\\/image\\\/\",\"url\":\"https:\\\/\\\/lasentinelle.dz\\\/wp-content\\\/uploads\\\/2021\\\/09\\\/logo-sentinelleSLOGAN-1.png\",\"contentUrl\":\"https:\\\/\\\/lasentinelle.dz\\\/wp-content\\\/uploads\\\/2021\\\/09\\\/logo-sentinelleSLOGAN-1.png\",\"width\":615,\"height\":142,\"caption\":\"Quotidien La Sentinelle\"},\"image\":{\"@id\":\"https:\\\/\\\/lasentinelle.dz\\\/#\\\/schema\\\/logo\\\/image\\\/\"},\"sameAs\":[\"https:\\\/\\\/www.facebook.com\\\/La-Sentinelle-104059864394773\"]},{\"@type\":\"Person\",\"@id\":\"https:\\\/\\\/lasentinelle.dz\\\/#\\\/schema\\\/person\\\/d865044e22e70a75174ce8bcad3acfb3\",\"name\":\"La Sentinelle\",\"image\":{\"@type\":\"ImageObject\",\"inLanguage\":\"fr-FR\",\"@id\":\"https:\\\/\\\/secure.gravatar.com\\\/avatar\\\/57de8e5d4b15d43fb361a71fbb36338450fe67865b528a43dd10ef7c51a20392?s=96&d=mm&r=g\",\"url\":\"https:\\\/\\\/secure.gravatar.com\\\/avatar\\\/57de8e5d4b15d43fb361a71fbb36338450fe67865b528a43dd10ef7c51a20392?s=96&d=mm&r=g\",\"contentUrl\":\"https:\\\/\\\/secure.gravatar.com\\\/avatar\\\/57de8e5d4b15d43fb361a71fbb36338450fe67865b528a43dd10ef7c51a20392?s=96&d=mm&r=g\",\"caption\":\"La Sentinelle\"},\"sameAs\":[\"http:\\\/\\\/www.lasentinelle.dz\"],\"url\":\"https:\\\/\\\/lasentinelle.dz\\\/author\\\/redaction\\\/\"}]}<\/script>\n<!-- \/ Yoast SEO plugin. -->","yoast_head_json":{"title":"CAN 2023\u00a0: Les Verts face \u00e0 l\u2019obligation de vaincre - La Sentinelle","robots":{"index":"index","follow":"follow","max-snippet":"max-snippet:-1","max-image-preview":"max-image-preview:large","max-video-preview":"max-video-preview:-1"},"canonical":"https:\/\/lasentinelle.dz\/index.php\/2024\/01\/23\/can-2023-les-verts-face-a-lobligation-de-vaincre\/","og_locale":"fr_FR","og_type":"article","og_title":"CAN 2023\u00a0: Les Verts face \u00e0 l\u2019obligation de vaincre - La Sentinelle","og_description":"La S\u00e9lection nationale affrontera ce soir \u00e0 21h00 son homologue mauritanienne au stade de Bouak\u00e9 pour le compte de la","og_url":"https:\/\/lasentinelle.dz\/index.php\/2024\/01\/23\/can-2023-les-verts-face-a-lobligation-de-vaincre\/","og_site_name":"La Sentinelle","article_publisher":"https:\/\/www.facebook.com\/La-Sentinelle-104059864394773","article_published_time":"2024-01-23T14:05:27+00:00","article_modified_time":"2024-01-23T14:05:31+00:00","og_image":[{"width":2035,"height":1558,"url":"https:\/\/lasentinelle.dz\/wp-content\/uploads\/2024\/01\/fennecs.jpeg","type":"image\/jpeg"}],"author":"La Sentinelle","twitter_card":"summary_large_image","twitter_misc":{"\u00c9crit par":"La Sentinelle","Dur\u00e9e de lecture estim\u00e9e":"6 minutes"},"schema":{"@context":"https:\/\/schema.org","@graph":[{"@type":"Article","@id":"https:\/\/lasentinelle.dz\/index.php\/2024\/01\/23\/can-2023-les-verts-face-a-lobligation-de-vaincre\/#article","isPartOf":{"@id":"https:\/\/lasentinelle.dz\/index.php\/2024\/01\/23\/can-2023-les-verts-face-a-lobligation-de-vaincre\/"},"author":{"name":"La Sentinelle","@id":"https:\/\/lasentinelle.dz\/#\/schema\/person\/d865044e22e70a75174ce8bcad3acfb3"},"headline":"CAN 2023\u00a0: Les Verts face \u00e0 l\u2019obligation de vaincre","datePublished":"2024-01-23T14:05:27+00:00","dateModified":"2024-01-23T14:05:31+00:00","mainEntityOfPage":{"@id":"https:\/\/lasentinelle.dz\/index.php\/2024\/01\/23\/can-2023-les-verts-face-a-lobligation-de-vaincre\/"},"wordCount":1249,"commentCount":0,"publisher":{"@id":"https:\/\/lasentinelle.dz\/#organization"},"image":{"@id":"https:\/\/lasentinelle.dz\/index.php\/2024\/01\/23\/can-2023-les-verts-face-a-lobligation-de-vaincre\/#primaryimage"},"thumbnailUrl":"https:\/\/lasentinelle.dz\/wp-content\/uploads\/2024\/01\/fennecs.jpeg","articleSection":["\u00c0 la Une","Sports"],"inLanguage":"fr-FR","potentialAction":[{"@type":"CommentAction","name":"Comment","target":["https:\/\/lasentinelle.dz\/index.php\/2024\/01\/23\/can-2023-les-verts-face-a-lobligation-de-vaincre\/#respond"]}]},{"@type":"WebPage","@id":"https:\/\/lasentinelle.dz\/index.php\/2024\/01\/23\/can-2023-les-verts-face-a-lobligation-de-vaincre\/","url":"https:\/\/lasentinelle.dz\/index.php\/2024\/01\/23\/can-2023-les-verts-face-a-lobligation-de-vaincre\/","name":"CAN 2023\u00a0: Les Verts face \u00e0 l\u2019obligation de vaincre - La Sentinelle","isPartOf":{"@id":"https:\/\/lasentinelle.dz\/#website"},"primaryImageOfPage":{"@id":"https:\/\/lasentinelle.dz\/index.php\/2024\/01\/23\/can-2023-les-verts-face-a-lobligation-de-vaincre\/#primaryimage"},"image":{"@id":"https:\/\/lasentinelle.dz\/index.php\/2024\/01\/23\/can-2023-les-verts-face-a-lobligation-de-vaincre\/#primaryimage"},"thumbnailUrl":"https:\/\/lasentinelle.dz\/wp-content\/uploads\/2024\/01\/fennecs.jpeg","datePublished":"2024-01-23T14:05:27+00:00","dateModified":"2024-01-23T14:05:31+00:00","breadcrumb":{"@id":"https:\/\/lasentinelle.dz\/index.php\/2024\/01\/23\/can-2023-les-verts-face-a-lobligation-de-vaincre\/#breadcrumb"},"inLanguage":"fr-FR","potentialAction":[{"@type":"ReadAction","target":["https:\/\/lasentinelle.dz\/index.php\/2024\/01\/23\/can-2023-les-verts-face-a-lobligation-de-vaincre\/"]}]},{"@type":"ImageObject","inLanguage":"fr-FR","@id":"https:\/\/lasentinelle.dz\/index.php\/2024\/01\/23\/can-2023-les-verts-face-a-lobligation-de-vaincre\/#primaryimage","url":"https:\/\/lasentinelle.dz\/wp-content\/uploads\/2024\/01\/fennecs.jpeg","contentUrl":"https:\/\/lasentinelle.dz\/wp-content\/uploads\/2024\/01\/fennecs.jpeg","width":2035,"height":1558},{"@type":"BreadcrumbList","@id":"https:\/\/lasentinelle.dz\/index.php\/2024\/01\/23\/can-2023-les-verts-face-a-lobligation-de-vaincre\/#breadcrumb","itemListElement":[{"@type":"ListItem","position":1,"name":"Accueil","item":"https:\/\/lasentinelle.dz\/"},{"@type":"ListItem","position":2,"name":"CAN 2023\u00a0: Les Verts face \u00e0 l\u2019obligation de vaincre"}]},{"@type":"WebSite","@id":"https:\/\/lasentinelle.dz\/#website","url":"https:\/\/lasentinelle.dz\/","name":"La Sentinelle","description":"Quotidien national d&#039;information","publisher":{"@id":"https:\/\/lasentinelle.dz\/#organization"},"potentialAction":[{"@type":"SearchAction","target":{"@type":"EntryPoint","urlTemplate":"https:\/\/lasentinelle.dz\/?s={search_term_string}"},"query-input":{"@type":"PropertyValueSpecification","valueRequired":true,"valueName":"search_term_string"}}],"inLanguage":"fr-FR"},{"@type":"Organization","@id":"https:\/\/lasentinelle.dz\/#organization","name":"Quotidien La Sentinelle","url":"https:\/\/lasentinelle.dz\/","logo":{"@type":"ImageObject","inLanguage":"fr-FR","@id":"https:\/\/lasentinelle.dz\/#\/schema\/logo\/image\/","url":"https:\/\/lasentinelle.dz\/wp-content\/uploads\/2021\/09\/logo-sentinelleSLOGAN-1.png","contentUrl":"https:\/\/lasentinelle.dz\/wp-content\/uploads\/2021\/09\/logo-sentinelleSLOGAN-1.png","width":615,"height":142,"caption":"Quotidien La Sentinelle"},"image":{"@id":"https:\/\/lasentinelle.dz\/#\/schema\/logo\/image\/"},"sameAs":["https:\/\/www.facebook.com\/La-Sentinelle-104059864394773"]},{"@type":"Person","@id":"https:\/\/lasentinelle.dz\/#\/schema\/person\/d865044e22e70a75174ce8bcad3acfb3","name":"La Sentinelle","image":{"@type":"ImageObject","inLanguage":"fr-FR","@id":"https:\/\/secure.gravatar.com\/avatar\/57de8e5d4b15d43fb361a71fbb36338450fe67865b528a43dd10ef7c51a20392?s=96&d=mm&r=g","url":"https:\/\/secure.gravatar.com\/avatar\/57de8e5d4b15d43fb361a71fbb36338450fe67865b528a43dd10ef7c51a20392?s=96&d=mm&r=g","contentUrl":"https:\/\/secure.gravatar.com\/avatar\/57de8e5d4b15d43fb361a71fbb36338450fe67865b528a43dd10ef7c51a20392?s=96&d=mm&r=g","caption":"La Sentinelle"},"sameAs":["http:\/\/www.lasentinelle.dz"],"url":"https:\/\/lasentinelle.dz\/author\/redaction\/"}]}},"_links":{"self":[{"href":"https:\/\/lasentinelle.dz\/index.php\/wp-json\/wp\/v2\/posts\/48905","targetHints":{"allow":["GET"]}}],"collection":[{"href":"https:\/\/lasentinelle.dz\/index.php\/wp-json\/wp\/v2\/posts"}],"about":[{"href":"https:\/\/lasentinelle.dz\/index.php\/wp-json\/wp\/v2\/types\/post"}],"author":[{"embeddable":true,"href":"https:\/\/lasentinelle.dz\/index.php\/wp-json\/wp\/v2\/users\/3"}],"replies":[{"embeddable":true,"href":"https:\/\/lasentinelle.dz\/index.php\/wp-json\/wp\/v2\/comments?post=48905"}],"version-history":[{"count":1,"href":"https:\/\/lasentinelle.dz\/index.php\/wp-json\/wp\/v2\/posts\/48905\/revisions"}],"predecessor-version":[{"id":48907,"href":"https:\/\/lasentinelle.dz\/index.php\/wp-json\/wp\/v2\/posts\/48905\/revisions\/48907"}],"wp:featuredmedia":[{"embeddable":true,"href":"https:\/\/lasentinelle.dz\/index.php\/wp-json\/wp\/v2\/media\/48906"}],"wp:attachment":[{"href":"https:\/\/lasentinelle.dz\/index.php\/wp-json\/wp\/v2\/media?parent=48905"}],"wp:term":[{"taxonomy":"category","embeddable":true,"href":"https:\/\/lasentinelle.dz\/index.php\/wp-json\/wp\/v2\/categories?post=48905"},{"taxonomy":"post_tag","embeddable":true,"href":"https:\/\/lasentinelle.dz\/index.php\/wp-json\/wp\/v2\/tags?post=48905"}],"curies":[{"name":"wp","href":"https:\/\/api.w.org\/{rel}","templated":true}]}}