{"id":48919,"date":"2024-01-24T11:38:00","date_gmt":"2024-01-24T10:38:00","guid":{"rendered":"https:\/\/lasentinelle.dz\/?p=48919"},"modified":"2024-01-24T13:48:19","modified_gmt":"2024-01-24T12:48:19","slug":"mostaganem-4e-residence-euro-algerienne-des-photographes-en-mars","status":"publish","type":"post","link":"https:\/\/lasentinelle.dz\/index.php\/2024\/01\/24\/mostaganem-4e-residence-euro-algerienne-des-photographes-en-mars\/","title":{"rendered":"Mostaganem\u00a0: 4e r\u00e9sidence euro-alg\u00e9rienne des photographes en mars"},"content":{"rendered":"\n<p>La D\u00e9l\u00e9gation de l\u2019Union Europ\u00e9enne en Alg\u00e9rie a annonc\u00e9 hier, via un communiqu\u00e9, l\u2019ouverture des inscriptions pour la 4<sup>e<\/sup> r\u00e9sidence euro-alg\u00e9rienne des photographes \u00ab\u00a0Regards Crois\u00e9s\u00a0\u00bb et ce jusqu\u2019au jusqu\u2019au 04 f\u00e9vrier prochain. Une r\u00e9sidence qui prendra place \u00e0 Mostaganem apr\u00e8s Alger, Constantine et Boussa\u00e2da.<\/p>\n\n\n\n<p>Selon la m\u00eame source l\u2019appel \u00e0 participation est lanc\u00e9 \u00e0 l\u2019attention des photographes alg\u00e9riens r\u00e9sidents en Alg\u00e9rie, amateurs ou professionnels, homme ou femme, \u00e2g\u00e9 de 18 ans ou plus. A l\u2019issue des inscriptions, les candidats seront s\u00e9lectionn\u00e9s par un jury sur la base de crit\u00e8res qui prendront en compte la motivation, la vision artistique et la ma\u00eetrise technique.<\/p>\n\n\n\n<p>\u00ab&nbsp;Les photographes s\u00e9lectionn\u00e9s r\u00e9sideront en plein c\u0153ur de Mostaganem o\u00f9 ils pourront visiter la ville et ses environs, de fa\u00e7on autonome ou dans le cadre d\u2019une visite guid\u00e9e. Ils seront pris en charge durant toute la dur\u00e9e de la r\u00e9sidence de huit jours, pr\u00e9vue pour la premi\u00e8re semaine du mois de mars 2024. Ils ou elles seront encadr\u00e9 s durant la r\u00e9sidence par trois photographes europ\u00e9ens qui animeront des ateliers tout au long de la r\u00e9sidence, sous la houlette de la directrice artistique Nora Za\u00efr&nbsp;\u00bb, pr\u00e9cise la D\u00e9l\u00e9gation de l\u2019Union Europ\u00e9enne en Alg\u00e9rie.<\/p>\n\n\n\n<p>La r\u00e9sidence euro-alg\u00e9rienne des photographes \u00ab Regards crois\u00e9s \u00bb est un projet organis\u00e9 par la D\u00e9l\u00e9gation de l\u2019Union europ\u00e9enne en Alg\u00e9rie qui consiste \u00e0 confronter des regards des deux rives de la M\u00e9diterran\u00e9e \u00e0 travers la photographie, en offrant aux photographes alg\u00e9riens et europ\u00e9ens un espace de cr\u00e9ation et de partage, et de leur permettre d\u2019apporter un regard contemporain sur la ville objet de la r\u00e9sidence, rappelle la m\u00eame source. La R\u00e9sidence des photographes \u00ab Regards Crois\u00e9s \u2013 Mostaganem \u00bb sera sanctionn\u00e9e par une exposition photo avec les \u0153uvres r\u00e9alis\u00e9es, ainsi que par un livre d\u2019art regroupant les travaux des artistes.<\/p>\n\n\n\n<p>R.C.<\/p>\n","protected":false},"excerpt":{"rendered":"<p>La D\u00e9l\u00e9gation de l\u2019Union Europ\u00e9enne en Alg\u00e9rie a annonc\u00e9 hier, via un communiqu\u00e9, l\u2019ouverture des inscriptions pour la 4e r\u00e9sidence<\/p>\n","protected":false},"author":3,"featured_media":48920,"comment_status":"open","ping_status":"closed","sticky":false,"template":"","format":"standard","meta":{"colormag_page_container_layout":"default_layout","colormag_page_sidebar_layout":"default_layout","om_disable_all_campaigns":false,"_monsterinsights_skip_tracking":false,"_monsterinsights_sitenote_active":false,"_monsterinsights_sitenote_note":"","_monsterinsights_sitenote_category":0,"footnotes":"","_wpscppro_dont_share_socialmedia":false,"_wpscppro_custom_social_share_image":0,"_facebook_share_type":"","_twitter_share_type":"","_linkedin_share_type":"","_pinterest_share_type":"","_linkedin_share_type_page":"","_instagram_share_type":"","_medium_share_type":"","_threads_share_type":"","_google_business_share_type":"","_selected_social_profile":[],"_wpsp_enable_custom_social_template":false,"_wpsp_social_scheduling":{"enabled":false,"datetime":null,"platforms":[],"status":"template_only","dateOption":"today","timeOption":"now","customDays":"","customHours":"","customDate":"","customTime":"","schedulingType":"absolute"},"_wpsp_active_default_template":true},"categories":[36],"tags":[],"class_list":["post-48919","post","type-post","status-publish","format-standard","has-post-thumbnail","hentry","category-culture"],"aioseo_notices":[],"yoast_head":"<!-- This site is optimized with the Yoast SEO plugin v27.5 - https:\/\/yoast.com\/product\/yoast-seo-wordpress\/ -->\n<title>Mostaganem\u00a0: 4e r\u00e9sidence euro-alg\u00e9rienne des photographes en mars - La Sentinelle<\/title>\n<meta name=\"robots\" content=\"index, follow, max-snippet:-1, max-image-preview:large, max-video-preview:-1\" \/>\n<link rel=\"canonical\" href=\"https:\/\/lasentinelle.dz\/index.php\/2024\/01\/24\/mostaganem-4e-residence-euro-algerienne-des-photographes-en-mars\/\" \/>\n<meta property=\"og:locale\" content=\"fr_FR\" \/>\n<meta property=\"og:type\" content=\"article\" \/>\n<meta property=\"og:title\" content=\"Mostaganem\u00a0: 4e r\u00e9sidence euro-alg\u00e9rienne des photographes en mars - La Sentinelle\" \/>\n<meta property=\"og:description\" content=\"La D\u00e9l\u00e9gation de l\u2019Union Europ\u00e9enne en Alg\u00e9rie a annonc\u00e9 hier, via un communiqu\u00e9, l\u2019ouverture des inscriptions pour la 4e r\u00e9sidence\" \/>\n<meta property=\"og:url\" content=\"https:\/\/lasentinelle.dz\/index.php\/2024\/01\/24\/mostaganem-4e-residence-euro-algerienne-des-photographes-en-mars\/\" \/>\n<meta property=\"og:site_name\" content=\"La Sentinelle\" \/>\n<meta property=\"article:publisher\" content=\"https:\/\/www.facebook.com\/La-Sentinelle-104059864394773\" \/>\n<meta property=\"article:published_time\" content=\"2024-01-24T10:38:00+00:00\" \/>\n<meta property=\"article:modified_time\" content=\"2024-01-24T12:48:19+00:00\" \/>\n<meta property=\"og:image\" content=\"https:\/\/lasentinelle.dz\/wp-content\/uploads\/2024\/01\/photographie.jpeg\" \/>\n\t<meta property=\"og:image:width\" content=\"1688\" \/>\n\t<meta property=\"og:image:height\" content=\"1055\" \/>\n\t<meta property=\"og:image:type\" content=\"image\/jpeg\" \/>\n<meta name=\"author\" content=\"La Sentinelle\" \/>\n<meta name=\"twitter:card\" content=\"summary_large_image\" \/>\n<meta name=\"twitter:label1\" content=\"\u00c9crit par\" \/>\n\t<meta name=\"twitter:data1\" content=\"La Sentinelle\" \/>\n\t<meta name=\"twitter:label2\" content=\"Dur\u00e9e de lecture estim\u00e9e\" \/>\n\t<meta name=\"twitter:data2\" content=\"2 minutes\" \/>\n<script type=\"application\/ld+json\" class=\"yoast-schema-graph\">{\"@context\":\"https:\\\/\\\/schema.org\",\"@graph\":[{\"@type\":\"Article\",\"@id\":\"https:\\\/\\\/lasentinelle.dz\\\/index.php\\\/2024\\\/01\\\/24\\\/mostaganem-4e-residence-euro-algerienne-des-photographes-en-mars\\\/#article\",\"isPartOf\":{\"@id\":\"https:\\\/\\\/lasentinelle.dz\\\/index.php\\\/2024\\\/01\\\/24\\\/mostaganem-4e-residence-euro-algerienne-des-photographes-en-mars\\\/\"},\"author\":{\"name\":\"La Sentinelle\",\"@id\":\"https:\\\/\\\/lasentinelle.dz\\\/#\\\/schema\\\/person\\\/d865044e22e70a75174ce8bcad3acfb3\"},\"headline\":\"Mostaganem\u00a0: 4e r\u00e9sidence euro-alg\u00e9rienne des photographes en mars\",\"datePublished\":\"2024-01-24T10:38:00+00:00\",\"dateModified\":\"2024-01-24T12:48:19+00:00\",\"mainEntityOfPage\":{\"@id\":\"https:\\\/\\\/lasentinelle.dz\\\/index.php\\\/2024\\\/01\\\/24\\\/mostaganem-4e-residence-euro-algerienne-des-photographes-en-mars\\\/\"},\"wordCount\":366,\"commentCount\":0,\"publisher\":{\"@id\":\"https:\\\/\\\/lasentinelle.dz\\\/#organization\"},\"image\":{\"@id\":\"https:\\\/\\\/lasentinelle.dz\\\/index.php\\\/2024\\\/01\\\/24\\\/mostaganem-4e-residence-euro-algerienne-des-photographes-en-mars\\\/#primaryimage\"},\"thumbnailUrl\":\"https:\\\/\\\/lasentinelle.dz\\\/wp-content\\\/uploads\\\/2024\\\/01\\\/photographie.jpeg\",\"articleSection\":[\"Culture\"],\"inLanguage\":\"fr-FR\",\"potentialAction\":[{\"@type\":\"CommentAction\",\"name\":\"Comment\",\"target\":[\"https:\\\/\\\/lasentinelle.dz\\\/index.php\\\/2024\\\/01\\\/24\\\/mostaganem-4e-residence-euro-algerienne-des-photographes-en-mars\\\/#respond\"]}]},{\"@type\":\"WebPage\",\"@id\":\"https:\\\/\\\/lasentinelle.dz\\\/index.php\\\/2024\\\/01\\\/24\\\/mostaganem-4e-residence-euro-algerienne-des-photographes-en-mars\\\/\",\"url\":\"https:\\\/\\\/lasentinelle.dz\\\/index.php\\\/2024\\\/01\\\/24\\\/mostaganem-4e-residence-euro-algerienne-des-photographes-en-mars\\\/\",\"name\":\"Mostaganem\u00a0: 4e r\u00e9sidence euro-alg\u00e9rienne des photographes en mars - La Sentinelle\",\"isPartOf\":{\"@id\":\"https:\\\/\\\/lasentinelle.dz\\\/#website\"},\"primaryImageOfPage\":{\"@id\":\"https:\\\/\\\/lasentinelle.dz\\\/index.php\\\/2024\\\/01\\\/24\\\/mostaganem-4e-residence-euro-algerienne-des-photographes-en-mars\\\/#primaryimage\"},\"image\":{\"@id\":\"https:\\\/\\\/lasentinelle.dz\\\/index.php\\\/2024\\\/01\\\/24\\\/mostaganem-4e-residence-euro-algerienne-des-photographes-en-mars\\\/#primaryimage\"},\"thumbnailUrl\":\"https:\\\/\\\/lasentinelle.dz\\\/wp-content\\\/uploads\\\/2024\\\/01\\\/photographie.jpeg\",\"datePublished\":\"2024-01-24T10:38:00+00:00\",\"dateModified\":\"2024-01-24T12:48:19+00:00\",\"breadcrumb\":{\"@id\":\"https:\\\/\\\/lasentinelle.dz\\\/index.php\\\/2024\\\/01\\\/24\\\/mostaganem-4e-residence-euro-algerienne-des-photographes-en-mars\\\/#breadcrumb\"},\"inLanguage\":\"fr-FR\",\"potentialAction\":[{\"@type\":\"ReadAction\",\"target\":[\"https:\\\/\\\/lasentinelle.dz\\\/index.php\\\/2024\\\/01\\\/24\\\/mostaganem-4e-residence-euro-algerienne-des-photographes-en-mars\\\/\"]}]},{\"@type\":\"ImageObject\",\"inLanguage\":\"fr-FR\",\"@id\":\"https:\\\/\\\/lasentinelle.dz\\\/index.php\\\/2024\\\/01\\\/24\\\/mostaganem-4e-residence-euro-algerienne-des-photographes-en-mars\\\/#primaryimage\",\"url\":\"https:\\\/\\\/lasentinelle.dz\\\/wp-content\\\/uploads\\\/2024\\\/01\\\/photographie.jpeg\",\"contentUrl\":\"https:\\\/\\\/lasentinelle.dz\\\/wp-content\\\/uploads\\\/2024\\\/01\\\/photographie.jpeg\",\"width\":1688,\"height\":1055},{\"@type\":\"BreadcrumbList\",\"@id\":\"https:\\\/\\\/lasentinelle.dz\\\/index.php\\\/2024\\\/01\\\/24\\\/mostaganem-4e-residence-euro-algerienne-des-photographes-en-mars\\\/#breadcrumb\",\"itemListElement\":[{\"@type\":\"ListItem\",\"position\":1,\"name\":\"Accueil\",\"item\":\"https:\\\/\\\/lasentinelle.dz\\\/\"},{\"@type\":\"ListItem\",\"position\":2,\"name\":\"Mostaganem\u00a0: 4e r\u00e9sidence euro-alg\u00e9rienne des photographes en mars\"}]},{\"@type\":\"WebSite\",\"@id\":\"https:\\\/\\\/lasentinelle.dz\\\/#website\",\"url\":\"https:\\\/\\\/lasentinelle.dz\\\/\",\"name\":\"La Sentinelle\",\"description\":\"Quotidien national d&#039;information\",\"publisher\":{\"@id\":\"https:\\\/\\\/lasentinelle.dz\\\/#organization\"},\"potentialAction\":[{\"@type\":\"SearchAction\",\"target\":{\"@type\":\"EntryPoint\",\"urlTemplate\":\"https:\\\/\\\/lasentinelle.dz\\\/?s={search_term_string}\"},\"query-input\":{\"@type\":\"PropertyValueSpecification\",\"valueRequired\":true,\"valueName\":\"search_term_string\"}}],\"inLanguage\":\"fr-FR\"},{\"@type\":\"Organization\",\"@id\":\"https:\\\/\\\/lasentinelle.dz\\\/#organization\",\"name\":\"Quotidien La Sentinelle\",\"url\":\"https:\\\/\\\/lasentinelle.dz\\\/\",\"logo\":{\"@type\":\"ImageObject\",\"inLanguage\":\"fr-FR\",\"@id\":\"https:\\\/\\\/lasentinelle.dz\\\/#\\\/schema\\\/logo\\\/image\\\/\",\"url\":\"https:\\\/\\\/lasentinelle.dz\\\/wp-content\\\/uploads\\\/2021\\\/09\\\/logo-sentinelleSLOGAN-1.png\",\"contentUrl\":\"https:\\\/\\\/lasentinelle.dz\\\/wp-content\\\/uploads\\\/2021\\\/09\\\/logo-sentinelleSLOGAN-1.png\",\"width\":615,\"height\":142,\"caption\":\"Quotidien La Sentinelle\"},\"image\":{\"@id\":\"https:\\\/\\\/lasentinelle.dz\\\/#\\\/schema\\\/logo\\\/image\\\/\"},\"sameAs\":[\"https:\\\/\\\/www.facebook.com\\\/La-Sentinelle-104059864394773\"]},{\"@type\":\"Person\",\"@id\":\"https:\\\/\\\/lasentinelle.dz\\\/#\\\/schema\\\/person\\\/d865044e22e70a75174ce8bcad3acfb3\",\"name\":\"La Sentinelle\",\"image\":{\"@type\":\"ImageObject\",\"inLanguage\":\"fr-FR\",\"@id\":\"https:\\\/\\\/secure.gravatar.com\\\/avatar\\\/57de8e5d4b15d43fb361a71fbb36338450fe67865b528a43dd10ef7c51a20392?s=96&d=mm&r=g\",\"url\":\"https:\\\/\\\/secure.gravatar.com\\\/avatar\\\/57de8e5d4b15d43fb361a71fbb36338450fe67865b528a43dd10ef7c51a20392?s=96&d=mm&r=g\",\"contentUrl\":\"https:\\\/\\\/secure.gravatar.com\\\/avatar\\\/57de8e5d4b15d43fb361a71fbb36338450fe67865b528a43dd10ef7c51a20392?s=96&d=mm&r=g\",\"caption\":\"La Sentinelle\"},\"sameAs\":[\"http:\\\/\\\/www.lasentinelle.dz\"],\"url\":\"https:\\\/\\\/lasentinelle.dz\\\/author\\\/redaction\\\/\"}]}<\/script>\n<!-- \/ Yoast SEO plugin. -->","yoast_head_json":{"title":"Mostaganem\u00a0: 4e r\u00e9sidence euro-alg\u00e9rienne des photographes en mars - La Sentinelle","robots":{"index":"index","follow":"follow","max-snippet":"max-snippet:-1","max-image-preview":"max-image-preview:large","max-video-preview":"max-video-preview:-1"},"canonical":"https:\/\/lasentinelle.dz\/index.php\/2024\/01\/24\/mostaganem-4e-residence-euro-algerienne-des-photographes-en-mars\/","og_locale":"fr_FR","og_type":"article","og_title":"Mostaganem\u00a0: 4e r\u00e9sidence euro-alg\u00e9rienne des photographes en mars - La Sentinelle","og_description":"La D\u00e9l\u00e9gation de l\u2019Union Europ\u00e9enne en Alg\u00e9rie a annonc\u00e9 hier, via un communiqu\u00e9, l\u2019ouverture des inscriptions pour la 4e r\u00e9sidence","og_url":"https:\/\/lasentinelle.dz\/index.php\/2024\/01\/24\/mostaganem-4e-residence-euro-algerienne-des-photographes-en-mars\/","og_site_name":"La Sentinelle","article_publisher":"https:\/\/www.facebook.com\/La-Sentinelle-104059864394773","article_published_time":"2024-01-24T10:38:00+00:00","article_modified_time":"2024-01-24T12:48:19+00:00","og_image":[{"width":1688,"height":1055,"url":"https:\/\/lasentinelle.dz\/wp-content\/uploads\/2024\/01\/photographie.jpeg","type":"image\/jpeg"}],"author":"La Sentinelle","twitter_card":"summary_large_image","twitter_misc":{"\u00c9crit par":"La Sentinelle","Dur\u00e9e de lecture estim\u00e9e":"2 minutes"},"schema":{"@context":"https:\/\/schema.org","@graph":[{"@type":"Article","@id":"https:\/\/lasentinelle.dz\/index.php\/2024\/01\/24\/mostaganem-4e-residence-euro-algerienne-des-photographes-en-mars\/#article","isPartOf":{"@id":"https:\/\/lasentinelle.dz\/index.php\/2024\/01\/24\/mostaganem-4e-residence-euro-algerienne-des-photographes-en-mars\/"},"author":{"name":"La Sentinelle","@id":"https:\/\/lasentinelle.dz\/#\/schema\/person\/d865044e22e70a75174ce8bcad3acfb3"},"headline":"Mostaganem\u00a0: 4e r\u00e9sidence euro-alg\u00e9rienne des photographes en mars","datePublished":"2024-01-24T10:38:00+00:00","dateModified":"2024-01-24T12:48:19+00:00","mainEntityOfPage":{"@id":"https:\/\/lasentinelle.dz\/index.php\/2024\/01\/24\/mostaganem-4e-residence-euro-algerienne-des-photographes-en-mars\/"},"wordCount":366,"commentCount":0,"publisher":{"@id":"https:\/\/lasentinelle.dz\/#organization"},"image":{"@id":"https:\/\/lasentinelle.dz\/index.php\/2024\/01\/24\/mostaganem-4e-residence-euro-algerienne-des-photographes-en-mars\/#primaryimage"},"thumbnailUrl":"https:\/\/lasentinelle.dz\/wp-content\/uploads\/2024\/01\/photographie.jpeg","articleSection":["Culture"],"inLanguage":"fr-FR","potentialAction":[{"@type":"CommentAction","name":"Comment","target":["https:\/\/lasentinelle.dz\/index.php\/2024\/01\/24\/mostaganem-4e-residence-euro-algerienne-des-photographes-en-mars\/#respond"]}]},{"@type":"WebPage","@id":"https:\/\/lasentinelle.dz\/index.php\/2024\/01\/24\/mostaganem-4e-residence-euro-algerienne-des-photographes-en-mars\/","url":"https:\/\/lasentinelle.dz\/index.php\/2024\/01\/24\/mostaganem-4e-residence-euro-algerienne-des-photographes-en-mars\/","name":"Mostaganem\u00a0: 4e r\u00e9sidence euro-alg\u00e9rienne des photographes en mars - La Sentinelle","isPartOf":{"@id":"https:\/\/lasentinelle.dz\/#website"},"primaryImageOfPage":{"@id":"https:\/\/lasentinelle.dz\/index.php\/2024\/01\/24\/mostaganem-4e-residence-euro-algerienne-des-photographes-en-mars\/#primaryimage"},"image":{"@id":"https:\/\/lasentinelle.dz\/index.php\/2024\/01\/24\/mostaganem-4e-residence-euro-algerienne-des-photographes-en-mars\/#primaryimage"},"thumbnailUrl":"https:\/\/lasentinelle.dz\/wp-content\/uploads\/2024\/01\/photographie.jpeg","datePublished":"2024-01-24T10:38:00+00:00","dateModified":"2024-01-24T12:48:19+00:00","breadcrumb":{"@id":"https:\/\/lasentinelle.dz\/index.php\/2024\/01\/24\/mostaganem-4e-residence-euro-algerienne-des-photographes-en-mars\/#breadcrumb"},"inLanguage":"fr-FR","potentialAction":[{"@type":"ReadAction","target":["https:\/\/lasentinelle.dz\/index.php\/2024\/01\/24\/mostaganem-4e-residence-euro-algerienne-des-photographes-en-mars\/"]}]},{"@type":"ImageObject","inLanguage":"fr-FR","@id":"https:\/\/lasentinelle.dz\/index.php\/2024\/01\/24\/mostaganem-4e-residence-euro-algerienne-des-photographes-en-mars\/#primaryimage","url":"https:\/\/lasentinelle.dz\/wp-content\/uploads\/2024\/01\/photographie.jpeg","contentUrl":"https:\/\/lasentinelle.dz\/wp-content\/uploads\/2024\/01\/photographie.jpeg","width":1688,"height":1055},{"@type":"BreadcrumbList","@id":"https:\/\/lasentinelle.dz\/index.php\/2024\/01\/24\/mostaganem-4e-residence-euro-algerienne-des-photographes-en-mars\/#breadcrumb","itemListElement":[{"@type":"ListItem","position":1,"name":"Accueil","item":"https:\/\/lasentinelle.dz\/"},{"@type":"ListItem","position":2,"name":"Mostaganem\u00a0: 4e r\u00e9sidence euro-alg\u00e9rienne des photographes en mars"}]},{"@type":"WebSite","@id":"https:\/\/lasentinelle.dz\/#website","url":"https:\/\/lasentinelle.dz\/","name":"La Sentinelle","description":"Quotidien national d&#039;information","publisher":{"@id":"https:\/\/lasentinelle.dz\/#organization"},"potentialAction":[{"@type":"SearchAction","target":{"@type":"EntryPoint","urlTemplate":"https:\/\/lasentinelle.dz\/?s={search_term_string}"},"query-input":{"@type":"PropertyValueSpecification","valueRequired":true,"valueName":"search_term_string"}}],"inLanguage":"fr-FR"},{"@type":"Organization","@id":"https:\/\/lasentinelle.dz\/#organization","name":"Quotidien La Sentinelle","url":"https:\/\/lasentinelle.dz\/","logo":{"@type":"ImageObject","inLanguage":"fr-FR","@id":"https:\/\/lasentinelle.dz\/#\/schema\/logo\/image\/","url":"https:\/\/lasentinelle.dz\/wp-content\/uploads\/2021\/09\/logo-sentinelleSLOGAN-1.png","contentUrl":"https:\/\/lasentinelle.dz\/wp-content\/uploads\/2021\/09\/logo-sentinelleSLOGAN-1.png","width":615,"height":142,"caption":"Quotidien La Sentinelle"},"image":{"@id":"https:\/\/lasentinelle.dz\/#\/schema\/logo\/image\/"},"sameAs":["https:\/\/www.facebook.com\/La-Sentinelle-104059864394773"]},{"@type":"Person","@id":"https:\/\/lasentinelle.dz\/#\/schema\/person\/d865044e22e70a75174ce8bcad3acfb3","name":"La Sentinelle","image":{"@type":"ImageObject","inLanguage":"fr-FR","@id":"https:\/\/secure.gravatar.com\/avatar\/57de8e5d4b15d43fb361a71fbb36338450fe67865b528a43dd10ef7c51a20392?s=96&d=mm&r=g","url":"https:\/\/secure.gravatar.com\/avatar\/57de8e5d4b15d43fb361a71fbb36338450fe67865b528a43dd10ef7c51a20392?s=96&d=mm&r=g","contentUrl":"https:\/\/secure.gravatar.com\/avatar\/57de8e5d4b15d43fb361a71fbb36338450fe67865b528a43dd10ef7c51a20392?s=96&d=mm&r=g","caption":"La Sentinelle"},"sameAs":["http:\/\/www.lasentinelle.dz"],"url":"https:\/\/lasentinelle.dz\/author\/redaction\/"}]}},"_links":{"self":[{"href":"https:\/\/lasentinelle.dz\/index.php\/wp-json\/wp\/v2\/posts\/48919","targetHints":{"allow":["GET"]}}],"collection":[{"href":"https:\/\/lasentinelle.dz\/index.php\/wp-json\/wp\/v2\/posts"}],"about":[{"href":"https:\/\/lasentinelle.dz\/index.php\/wp-json\/wp\/v2\/types\/post"}],"author":[{"embeddable":true,"href":"https:\/\/lasentinelle.dz\/index.php\/wp-json\/wp\/v2\/users\/3"}],"replies":[{"embeddable":true,"href":"https:\/\/lasentinelle.dz\/index.php\/wp-json\/wp\/v2\/comments?post=48919"}],"version-history":[{"count":1,"href":"https:\/\/lasentinelle.dz\/index.php\/wp-json\/wp\/v2\/posts\/48919\/revisions"}],"predecessor-version":[{"id":48921,"href":"https:\/\/lasentinelle.dz\/index.php\/wp-json\/wp\/v2\/posts\/48919\/revisions\/48921"}],"wp:featuredmedia":[{"embeddable":true,"href":"https:\/\/lasentinelle.dz\/index.php\/wp-json\/wp\/v2\/media\/48920"}],"wp:attachment":[{"href":"https:\/\/lasentinelle.dz\/index.php\/wp-json\/wp\/v2\/media?parent=48919"}],"wp:term":[{"taxonomy":"category","embeddable":true,"href":"https:\/\/lasentinelle.dz\/index.php\/wp-json\/wp\/v2\/categories?post=48919"},{"taxonomy":"post_tag","embeddable":true,"href":"https:\/\/lasentinelle.dz\/index.php\/wp-json\/wp\/v2\/tags?post=48919"}],"curies":[{"name":"wp","href":"https:\/\/api.w.org\/{rel}","templated":true}]}}