{"id":48943,"date":"2024-01-24T14:23:44","date_gmt":"2024-01-24T13:23:44","guid":{"rendered":"https:\/\/lasentinelle.dz\/?p=48943"},"modified":"2024-01-24T14:23:46","modified_gmt":"2024-01-24T13:23:46","slug":"appel-a-ladoption-de-lassurance-cat-nat-a-plus-grande-echelle","status":"publish","type":"post","link":"https:\/\/lasentinelle.dz\/index.php\/2024\/01\/24\/appel-a-ladoption-de-lassurance-cat-nat-a-plus-grande-echelle\/","title":{"rendered":"Appel \u00e0 l\u2019adoption de l&rsquo;assurance CAT-NAT \u00ab\u00a0\u00e0 plus grande \u00e9chelle\u00a0\u00bb"},"content":{"rendered":"\n<p>Le ministre de l&rsquo;Int\u00e9rieur, des Collectivit\u00e9s locales et de l&rsquo;Am\u00e9nagement du territoire, Brahim Merad, a appel\u00e9, hier lors des d\u00e9bats sur le texte de loi portant r\u00e8gles de pr\u00e9vention, d&rsquo;intervention et de r\u00e9duction des risques des catastrophes dans le cadre du d\u00e9veloppement durable au Conseil de la Nation \u00e0&nbsp; l&rsquo;adoption de l&rsquo;assurance Catastrophes-naturelles (CAT-NAT) \u00ab\u00a0\u00e0 plus grande \u00e9chelle\u00a0\u00bb et incit\u00e9 les compagnies d&rsquo;assurances \u00e0 encourager les citoyens \u00e0 souscrire \u00e0 cette assurance qui est \u00ab\u00a0obligatoire\u00a0\u00bb.Merad a indiqu\u00e9 que \u00ab\u00a0l&rsquo;Etat continue d&rsquo;intervenir et de s&rsquo;acquitter de son devoir envers les citoyens victimes de catastrophes naturelles\u00a0\u00bb. Cependant, \u00ab\u00a0il est n\u00e9cessaire d&rsquo;adopter l&rsquo;assurance Catastrophes-naturelles \u00e0 plus grande \u00e9chelle\u00a0\u00bb, a estim\u00e9 le ministre, relevant que \u00ab\u00a0malgr\u00e9 son caract\u00e8re obligatoire depuis 2003, le taux de souscription \u00e0 cette assurance ne d\u00e9passe pas encore les 10%, et c&rsquo;est pour cela que cette loi insiste sur le syst\u00e8me national d&rsquo;assurance des risques de catastrophes qui est \u00e0 caract\u00e8re obligatoire\u00a0\u00bb. Rappelant que l&rsquo;assurance Catastrophes-naturelles permet aux \u00ab\u00a0victimes de b\u00e9n\u00e9ficier des indemnisations \u00e0 temps\u00a0\u00bb, M. Merad a appel\u00e9 les soci\u00e9t\u00e9s d&rsquo;assurances \u00e0 encourager les citoyens \u00e0 souscrire \u00e0 ce type d&rsquo;assurance. Il a \u00e9galement pr\u00e9cis\u00e9 que \u00ab\u00a0le non respect des normes l\u00e9gales et r\u00e8glementaires\u00a0\u00bb est la principale cause des d\u00e9g\u00e2ts majeurs enregistr\u00e9s lors des diff\u00e9rentes catastrophes naturelles, notamment \u00ab\u00a0les constructions anarchiques et les constructions aux bords des oueds\u00a0\u00bb.&nbsp; &nbsp;Le ministre a \u00e9galement insist\u00e9 sur l&rsquo;importance du \u00ab\u00a0recensement et de l&rsquo;identification des risques encourus par les citoyens dans chaque wilaya et chaque commune\u00a0\u00bb, afin de mettre en place \u00ab\u00a0des plans pour y faire face et r\u00e9duire les d\u00e9g\u00e2ts\u00a0\u00bb, et ce, en application des instructions du pr\u00e9sident de la R\u00e9publique, M. Abdelmadjid Tebboune, visant \u00e0 \u00ab\u00a0garantir la s\u00e9curit\u00e9 et le bien-\u00eatre du citoyen, sans risques, \u00e0 travers l&rsquo;ensemble du territoire national\u00a0\u00bb. Selon le ministre, le projet de cette loi s&rsquo;inscrit dans cette d\u00e9marche, d&rsquo;autant plus que \u00a0\u00bb le nombre des risques identifi\u00e9s est pass\u00e9 de 14 \u00e0 18 risques\u00a0\u00bb. Il s&rsquo;est \u00e9galement f\u00e9licit\u00e9 de l&rsquo;op\u00e9ration d'\u00a0\u00bbactualisation des plans d&rsquo;urgence (plans catastrophe) tous les six mois\u00a0\u00bb, en application des instructions du Pr\u00e9sident de la R\u00e9publique, dans l&rsquo;objectif de \u00ab\u00a0r\u00e9duire les d\u00e9g\u00e2ts et pour une plus grande efficacit\u00e9 op\u00e9rationnelle\u00a0\u00bb lors des catastrophes. Pour le ministre, \u00ab\u00a0l&rsquo;intensification de l&rsquo;action proactive accomplie par les services d&rsquo;intervention durant les catastrophes, comme l&rsquo;ouverture des routes dans les pistes difficiles d&rsquo;acc\u00e8s et la r\u00e9alisation de bassins d&rsquo;eau et d&rsquo;h\u00e9liports \u00ab\u00a0a prouv\u00e9 son efficacit\u00e9\u00a0\u00bb. En ce qui concerne la lutte contre les feux de for\u00eats, M. Merad a affirm\u00e9 qu&rsquo;en d\u00e9pit de la complexit\u00e9 du march\u00e9 international, les Pouvoirs publics \u00ab\u00a0ont tenu leurs engagements en assurant la protection et la s\u00e9curit\u00e9 des citoyens et de leurs biens\u00a0\u00bb, avec l&rsquo;affr\u00e8tement, durant cet \u00e9t\u00e9, \u00ab\u00a0de 6 avions bombardiers d&rsquo;eau\u00a0\u00bb. Outre l&rsquo;acquisiton d'\u00a0\u00bbun gros avion sur 4 commandes\u00a0\u00bb, le ministre a fait \u00e9tat d'\u00a0\u00bbun projet d&rsquo;acquisition de deux gros avions\u00a0\u00bb et d&rsquo;un autre projet d&rsquo;acquisition de petits avions d&rsquo;une capacit\u00e9 de 6.000 litres ayant d\u00e9montr\u00e9 leur efficacit\u00e9 lors des op\u00e9rations d&rsquo;extinction des feux de for\u00eat\u00a0\u00bb, pr\u00e9cisant qu&rsquo;une demande a \u00e9t\u00e9 adress\u00e9e \u00e0 la compagnie Tassili Airlines, en vue de proc\u00e9der \u00e0 l&rsquo;op\u00e9ration d&rsquo;acquisition\u00a0\u00bb. Pour le ministre, ce projet de loi qui \u00ab\u00a0consacre un large pan\u00a0\u00bb \u00e0 la sensibilisation et \u00e0 la pr\u00e9vention des risques des catastrophes, fera l&rsquo;objet d&rsquo;un d\u00e9cret ex\u00e9cutif. Notons que lors de la pr\u00e9sentation du texte avant l\u2019ouverture des d\u00e9bats, Merad a affirm\u00e9 que la nouvelle loi \u00ab\u00a0est issue du 33e engagement du pr\u00e9sident de la R\u00e9publique, M. Abdelmadjid Tebboune, portant n\u00e9cessit\u00e9&nbsp; d&rsquo;assurer un cadre de vie de qualit\u00e9 dans le cadre du d\u00e9veloppement durable, de la protection de l&rsquo;environnement et des biens et la pr\u00e9servation des richesses que rec\u00e8le notre pays\u00a0\u00bb, soulignant que \u00ab\u00a0l&rsquo;Alg\u00e9rie, de par sa position g\u00e9ographique et au vu des ph\u00e9nom\u00e8nes naturels qu&rsquo;elle enregistre, est expos\u00e9e \u00e0 un nombre de risques majeurs n\u00e9cessitant une gestion appropri\u00e9e\u00a0\u00bb. Le ministre a \u00e9galement soulign\u00e9 que ce texte permettra de rem\u00e9dier \u00ab\u00a0aux insuffisances enregistr\u00e9es\u00a0\u00bb en fixant \u00ab\u00a0des objectifs strat\u00e9giques et en int\u00e9grant de nouveaux risques, notamment ceux li\u00e9s au changement climatique outre les risques cybern\u00e9tiques et biotechnologiques\u00a0\u00bb. Le pr\u00e9sent texte vise \u00e0 \u00ab\u00a0d\u00e9finir les moyens de financement permettant d&rsquo;investir davantage dans la pr\u00e9vention et la pr\u00e9vision des risques\u00a0\u00bb et \u00e0 \u00ab\u00a0am\u00e9liorer la gouvernance, \u00e0 travers une r\u00e9partition claire des t\u00e2ches et des responsabilit\u00e9s, outre l&rsquo;am\u00e9lioration de la coordination entre les secteurs en associant la soci\u00e9t\u00e9 civile\u00a0\u00bb dans la pr\u00e9vention, ajoute le<\/p>\n\n\n\n<p>ministre.<\/p>\n\n\n\n<p>R.N.<\/p>\n","protected":false},"excerpt":{"rendered":"<p>Le ministre de l&rsquo;Int\u00e9rieur, des Collectivit\u00e9s locales et de l&rsquo;Am\u00e9nagement du territoire, Brahim Merad, a appel\u00e9, hier lors des d\u00e9bats<\/p>\n","protected":false},"author":3,"featured_media":47925,"comment_status":"open","ping_status":"closed","sticky":false,"template":"","format":"standard","meta":{"colormag_page_container_layout":"default_layout","colormag_page_sidebar_layout":"default_layout","om_disable_all_campaigns":false,"_monsterinsights_skip_tracking":false,"_monsterinsights_sitenote_active":false,"_monsterinsights_sitenote_note":"","_monsterinsights_sitenote_category":0,"footnotes":"","_wpscppro_dont_share_socialmedia":false,"_wpscppro_custom_social_share_image":0,"_facebook_share_type":"","_twitter_share_type":"","_linkedin_share_type":"","_pinterest_share_type":"","_linkedin_share_type_page":"","_instagram_share_type":"","_medium_share_type":"","_threads_share_type":"","_google_business_share_type":"","_selected_social_profile":[],"_wpsp_enable_custom_social_template":false,"_wpsp_social_scheduling":{"enabled":false,"datetime":null,"platforms":[],"status":"template_only","dateOption":"today","timeOption":"now","customDays":"","customHours":"","customDate":"","customTime":"","schedulingType":"absolute"},"_wpsp_active_default_template":true},"categories":[27],"tags":[],"class_list":["post-48943","post","type-post","status-publish","format-standard","has-post-thumbnail","hentry","category-actualite"],"aioseo_notices":[],"yoast_head":"<!-- This site is optimized with the Yoast SEO plugin v27.5 - https:\/\/yoast.com\/product\/yoast-seo-wordpress\/ -->\n<title>Appel \u00e0 l\u2019adoption de l&rsquo;assurance CAT-NAT \u00ab\u00a0\u00e0 plus grande \u00e9chelle\u00a0\u00bb - La Sentinelle<\/title>\n<meta name=\"robots\" content=\"index, follow, max-snippet:-1, max-image-preview:large, max-video-preview:-1\" \/>\n<link rel=\"canonical\" href=\"https:\/\/lasentinelle.dz\/index.php\/2024\/01\/24\/appel-a-ladoption-de-lassurance-cat-nat-a-plus-grande-echelle\/\" \/>\n<meta property=\"og:locale\" content=\"fr_FR\" \/>\n<meta property=\"og:type\" content=\"article\" \/>\n<meta property=\"og:title\" content=\"Appel \u00e0 l\u2019adoption de l&rsquo;assurance CAT-NAT \u00ab\u00a0\u00e0 plus grande \u00e9chelle\u00a0\u00bb - La Sentinelle\" \/>\n<meta property=\"og:description\" content=\"Le ministre de l&rsquo;Int\u00e9rieur, des Collectivit\u00e9s locales et de l&rsquo;Am\u00e9nagement du territoire, Brahim Merad, a appel\u00e9, hier lors des d\u00e9bats\" \/>\n<meta property=\"og:url\" content=\"https:\/\/lasentinelle.dz\/index.php\/2024\/01\/24\/appel-a-ladoption-de-lassurance-cat-nat-a-plus-grande-echelle\/\" \/>\n<meta property=\"og:site_name\" content=\"La Sentinelle\" \/>\n<meta property=\"article:publisher\" content=\"https:\/\/www.facebook.com\/La-Sentinelle-104059864394773\" \/>\n<meta property=\"article:published_time\" content=\"2024-01-24T13:23:44+00:00\" \/>\n<meta property=\"article:modified_time\" content=\"2024-01-24T13:23:46+00:00\" \/>\n<meta property=\"og:image\" content=\"https:\/\/lasentinelle.dz\/wp-content\/uploads\/2023\/12\/merad.jpeg\" \/>\n\t<meta property=\"og:image:width\" content=\"1000\" \/>\n\t<meta property=\"og:image:height\" content=\"522\" \/>\n\t<meta property=\"og:image:type\" content=\"image\/jpeg\" \/>\n<meta name=\"author\" content=\"La Sentinelle\" \/>\n<meta name=\"twitter:card\" content=\"summary_large_image\" \/>\n<meta name=\"twitter:label1\" content=\"\u00c9crit par\" \/>\n\t<meta name=\"twitter:data1\" content=\"La Sentinelle\" \/>\n\t<meta name=\"twitter:label2\" content=\"Dur\u00e9e de lecture estim\u00e9e\" \/>\n\t<meta name=\"twitter:data2\" content=\"4 minutes\" \/>\n<script type=\"application\/ld+json\" class=\"yoast-schema-graph\">{\"@context\":\"https:\\\/\\\/schema.org\",\"@graph\":[{\"@type\":\"Article\",\"@id\":\"https:\\\/\\\/lasentinelle.dz\\\/index.php\\\/2024\\\/01\\\/24\\\/appel-a-ladoption-de-lassurance-cat-nat-a-plus-grande-echelle\\\/#article\",\"isPartOf\":{\"@id\":\"https:\\\/\\\/lasentinelle.dz\\\/index.php\\\/2024\\\/01\\\/24\\\/appel-a-ladoption-de-lassurance-cat-nat-a-plus-grande-echelle\\\/\"},\"author\":{\"name\":\"La Sentinelle\",\"@id\":\"https:\\\/\\\/lasentinelle.dz\\\/#\\\/schema\\\/person\\\/d865044e22e70a75174ce8bcad3acfb3\"},\"headline\":\"Appel \u00e0 l\u2019adoption de l&rsquo;assurance CAT-NAT \u00ab\u00a0\u00e0 plus grande \u00e9chelle\u00a0\u00bb\",\"datePublished\":\"2024-01-24T13:23:44+00:00\",\"dateModified\":\"2024-01-24T13:23:46+00:00\",\"mainEntityOfPage\":{\"@id\":\"https:\\\/\\\/lasentinelle.dz\\\/index.php\\\/2024\\\/01\\\/24\\\/appel-a-ladoption-de-lassurance-cat-nat-a-plus-grande-echelle\\\/\"},\"wordCount\":856,\"commentCount\":0,\"publisher\":{\"@id\":\"https:\\\/\\\/lasentinelle.dz\\\/#organization\"},\"image\":{\"@id\":\"https:\\\/\\\/lasentinelle.dz\\\/index.php\\\/2024\\\/01\\\/24\\\/appel-a-ladoption-de-lassurance-cat-nat-a-plus-grande-echelle\\\/#primaryimage\"},\"thumbnailUrl\":\"https:\\\/\\\/lasentinelle.dz\\\/wp-content\\\/uploads\\\/2023\\\/12\\\/merad.jpeg\",\"articleSection\":[\"Actualit\u00e9\"],\"inLanguage\":\"fr-FR\",\"potentialAction\":[{\"@type\":\"CommentAction\",\"name\":\"Comment\",\"target\":[\"https:\\\/\\\/lasentinelle.dz\\\/index.php\\\/2024\\\/01\\\/24\\\/appel-a-ladoption-de-lassurance-cat-nat-a-plus-grande-echelle\\\/#respond\"]}]},{\"@type\":\"WebPage\",\"@id\":\"https:\\\/\\\/lasentinelle.dz\\\/index.php\\\/2024\\\/01\\\/24\\\/appel-a-ladoption-de-lassurance-cat-nat-a-plus-grande-echelle\\\/\",\"url\":\"https:\\\/\\\/lasentinelle.dz\\\/index.php\\\/2024\\\/01\\\/24\\\/appel-a-ladoption-de-lassurance-cat-nat-a-plus-grande-echelle\\\/\",\"name\":\"Appel \u00e0 l\u2019adoption de l&rsquo;assurance CAT-NAT \u00ab\u00a0\u00e0 plus grande \u00e9chelle\u00a0\u00bb - La Sentinelle\",\"isPartOf\":{\"@id\":\"https:\\\/\\\/lasentinelle.dz\\\/#website\"},\"primaryImageOfPage\":{\"@id\":\"https:\\\/\\\/lasentinelle.dz\\\/index.php\\\/2024\\\/01\\\/24\\\/appel-a-ladoption-de-lassurance-cat-nat-a-plus-grande-echelle\\\/#primaryimage\"},\"image\":{\"@id\":\"https:\\\/\\\/lasentinelle.dz\\\/index.php\\\/2024\\\/01\\\/24\\\/appel-a-ladoption-de-lassurance-cat-nat-a-plus-grande-echelle\\\/#primaryimage\"},\"thumbnailUrl\":\"https:\\\/\\\/lasentinelle.dz\\\/wp-content\\\/uploads\\\/2023\\\/12\\\/merad.jpeg\",\"datePublished\":\"2024-01-24T13:23:44+00:00\",\"dateModified\":\"2024-01-24T13:23:46+00:00\",\"breadcrumb\":{\"@id\":\"https:\\\/\\\/lasentinelle.dz\\\/index.php\\\/2024\\\/01\\\/24\\\/appel-a-ladoption-de-lassurance-cat-nat-a-plus-grande-echelle\\\/#breadcrumb\"},\"inLanguage\":\"fr-FR\",\"potentialAction\":[{\"@type\":\"ReadAction\",\"target\":[\"https:\\\/\\\/lasentinelle.dz\\\/index.php\\\/2024\\\/01\\\/24\\\/appel-a-ladoption-de-lassurance-cat-nat-a-plus-grande-echelle\\\/\"]}]},{\"@type\":\"ImageObject\",\"inLanguage\":\"fr-FR\",\"@id\":\"https:\\\/\\\/lasentinelle.dz\\\/index.php\\\/2024\\\/01\\\/24\\\/appel-a-ladoption-de-lassurance-cat-nat-a-plus-grande-echelle\\\/#primaryimage\",\"url\":\"https:\\\/\\\/lasentinelle.dz\\\/wp-content\\\/uploads\\\/2023\\\/12\\\/merad.jpeg\",\"contentUrl\":\"https:\\\/\\\/lasentinelle.dz\\\/wp-content\\\/uploads\\\/2023\\\/12\\\/merad.jpeg\",\"width\":1000,\"height\":522},{\"@type\":\"BreadcrumbList\",\"@id\":\"https:\\\/\\\/lasentinelle.dz\\\/index.php\\\/2024\\\/01\\\/24\\\/appel-a-ladoption-de-lassurance-cat-nat-a-plus-grande-echelle\\\/#breadcrumb\",\"itemListElement\":[{\"@type\":\"ListItem\",\"position\":1,\"name\":\"Accueil\",\"item\":\"https:\\\/\\\/lasentinelle.dz\\\/\"},{\"@type\":\"ListItem\",\"position\":2,\"name\":\"Appel \u00e0 l\u2019adoption de l&rsquo;assurance CAT-NAT \u00ab\u00a0\u00e0 plus grande \u00e9chelle\u00a0\u00bb\"}]},{\"@type\":\"WebSite\",\"@id\":\"https:\\\/\\\/lasentinelle.dz\\\/#website\",\"url\":\"https:\\\/\\\/lasentinelle.dz\\\/\",\"name\":\"La Sentinelle\",\"description\":\"Quotidien national d&#039;information\",\"publisher\":{\"@id\":\"https:\\\/\\\/lasentinelle.dz\\\/#organization\"},\"potentialAction\":[{\"@type\":\"SearchAction\",\"target\":{\"@type\":\"EntryPoint\",\"urlTemplate\":\"https:\\\/\\\/lasentinelle.dz\\\/?s={search_term_string}\"},\"query-input\":{\"@type\":\"PropertyValueSpecification\",\"valueRequired\":true,\"valueName\":\"search_term_string\"}}],\"inLanguage\":\"fr-FR\"},{\"@type\":\"Organization\",\"@id\":\"https:\\\/\\\/lasentinelle.dz\\\/#organization\",\"name\":\"Quotidien La Sentinelle\",\"url\":\"https:\\\/\\\/lasentinelle.dz\\\/\",\"logo\":{\"@type\":\"ImageObject\",\"inLanguage\":\"fr-FR\",\"@id\":\"https:\\\/\\\/lasentinelle.dz\\\/#\\\/schema\\\/logo\\\/image\\\/\",\"url\":\"https:\\\/\\\/lasentinelle.dz\\\/wp-content\\\/uploads\\\/2021\\\/09\\\/logo-sentinelleSLOGAN-1.png\",\"contentUrl\":\"https:\\\/\\\/lasentinelle.dz\\\/wp-content\\\/uploads\\\/2021\\\/09\\\/logo-sentinelleSLOGAN-1.png\",\"width\":615,\"height\":142,\"caption\":\"Quotidien La Sentinelle\"},\"image\":{\"@id\":\"https:\\\/\\\/lasentinelle.dz\\\/#\\\/schema\\\/logo\\\/image\\\/\"},\"sameAs\":[\"https:\\\/\\\/www.facebook.com\\\/La-Sentinelle-104059864394773\"]},{\"@type\":\"Person\",\"@id\":\"https:\\\/\\\/lasentinelle.dz\\\/#\\\/schema\\\/person\\\/d865044e22e70a75174ce8bcad3acfb3\",\"name\":\"La Sentinelle\",\"image\":{\"@type\":\"ImageObject\",\"inLanguage\":\"fr-FR\",\"@id\":\"https:\\\/\\\/secure.gravatar.com\\\/avatar\\\/57de8e5d4b15d43fb361a71fbb36338450fe67865b528a43dd10ef7c51a20392?s=96&d=mm&r=g\",\"url\":\"https:\\\/\\\/secure.gravatar.com\\\/avatar\\\/57de8e5d4b15d43fb361a71fbb36338450fe67865b528a43dd10ef7c51a20392?s=96&d=mm&r=g\",\"contentUrl\":\"https:\\\/\\\/secure.gravatar.com\\\/avatar\\\/57de8e5d4b15d43fb361a71fbb36338450fe67865b528a43dd10ef7c51a20392?s=96&d=mm&r=g\",\"caption\":\"La Sentinelle\"},\"sameAs\":[\"http:\\\/\\\/www.lasentinelle.dz\"],\"url\":\"https:\\\/\\\/lasentinelle.dz\\\/author\\\/redaction\\\/\"}]}<\/script>\n<!-- \/ Yoast SEO plugin. -->","yoast_head_json":{"title":"Appel \u00e0 l\u2019adoption de l&rsquo;assurance CAT-NAT \u00ab\u00a0\u00e0 plus grande \u00e9chelle\u00a0\u00bb - La Sentinelle","robots":{"index":"index","follow":"follow","max-snippet":"max-snippet:-1","max-image-preview":"max-image-preview:large","max-video-preview":"max-video-preview:-1"},"canonical":"https:\/\/lasentinelle.dz\/index.php\/2024\/01\/24\/appel-a-ladoption-de-lassurance-cat-nat-a-plus-grande-echelle\/","og_locale":"fr_FR","og_type":"article","og_title":"Appel \u00e0 l\u2019adoption de l&rsquo;assurance CAT-NAT \u00ab\u00a0\u00e0 plus grande \u00e9chelle\u00a0\u00bb - La Sentinelle","og_description":"Le ministre de l&rsquo;Int\u00e9rieur, des Collectivit\u00e9s locales et de l&rsquo;Am\u00e9nagement du territoire, Brahim Merad, a appel\u00e9, hier lors des d\u00e9bats","og_url":"https:\/\/lasentinelle.dz\/index.php\/2024\/01\/24\/appel-a-ladoption-de-lassurance-cat-nat-a-plus-grande-echelle\/","og_site_name":"La Sentinelle","article_publisher":"https:\/\/www.facebook.com\/La-Sentinelle-104059864394773","article_published_time":"2024-01-24T13:23:44+00:00","article_modified_time":"2024-01-24T13:23:46+00:00","og_image":[{"width":1000,"height":522,"url":"https:\/\/lasentinelle.dz\/wp-content\/uploads\/2023\/12\/merad.jpeg","type":"image\/jpeg"}],"author":"La Sentinelle","twitter_card":"summary_large_image","twitter_misc":{"\u00c9crit par":"La Sentinelle","Dur\u00e9e de lecture estim\u00e9e":"4 minutes"},"schema":{"@context":"https:\/\/schema.org","@graph":[{"@type":"Article","@id":"https:\/\/lasentinelle.dz\/index.php\/2024\/01\/24\/appel-a-ladoption-de-lassurance-cat-nat-a-plus-grande-echelle\/#article","isPartOf":{"@id":"https:\/\/lasentinelle.dz\/index.php\/2024\/01\/24\/appel-a-ladoption-de-lassurance-cat-nat-a-plus-grande-echelle\/"},"author":{"name":"La Sentinelle","@id":"https:\/\/lasentinelle.dz\/#\/schema\/person\/d865044e22e70a75174ce8bcad3acfb3"},"headline":"Appel \u00e0 l\u2019adoption de l&rsquo;assurance CAT-NAT \u00ab\u00a0\u00e0 plus grande \u00e9chelle\u00a0\u00bb","datePublished":"2024-01-24T13:23:44+00:00","dateModified":"2024-01-24T13:23:46+00:00","mainEntityOfPage":{"@id":"https:\/\/lasentinelle.dz\/index.php\/2024\/01\/24\/appel-a-ladoption-de-lassurance-cat-nat-a-plus-grande-echelle\/"},"wordCount":856,"commentCount":0,"publisher":{"@id":"https:\/\/lasentinelle.dz\/#organization"},"image":{"@id":"https:\/\/lasentinelle.dz\/index.php\/2024\/01\/24\/appel-a-ladoption-de-lassurance-cat-nat-a-plus-grande-echelle\/#primaryimage"},"thumbnailUrl":"https:\/\/lasentinelle.dz\/wp-content\/uploads\/2023\/12\/merad.jpeg","articleSection":["Actualit\u00e9"],"inLanguage":"fr-FR","potentialAction":[{"@type":"CommentAction","name":"Comment","target":["https:\/\/lasentinelle.dz\/index.php\/2024\/01\/24\/appel-a-ladoption-de-lassurance-cat-nat-a-plus-grande-echelle\/#respond"]}]},{"@type":"WebPage","@id":"https:\/\/lasentinelle.dz\/index.php\/2024\/01\/24\/appel-a-ladoption-de-lassurance-cat-nat-a-plus-grande-echelle\/","url":"https:\/\/lasentinelle.dz\/index.php\/2024\/01\/24\/appel-a-ladoption-de-lassurance-cat-nat-a-plus-grande-echelle\/","name":"Appel \u00e0 l\u2019adoption de l&rsquo;assurance CAT-NAT \u00ab\u00a0\u00e0 plus grande \u00e9chelle\u00a0\u00bb - La Sentinelle","isPartOf":{"@id":"https:\/\/lasentinelle.dz\/#website"},"primaryImageOfPage":{"@id":"https:\/\/lasentinelle.dz\/index.php\/2024\/01\/24\/appel-a-ladoption-de-lassurance-cat-nat-a-plus-grande-echelle\/#primaryimage"},"image":{"@id":"https:\/\/lasentinelle.dz\/index.php\/2024\/01\/24\/appel-a-ladoption-de-lassurance-cat-nat-a-plus-grande-echelle\/#primaryimage"},"thumbnailUrl":"https:\/\/lasentinelle.dz\/wp-content\/uploads\/2023\/12\/merad.jpeg","datePublished":"2024-01-24T13:23:44+00:00","dateModified":"2024-01-24T13:23:46+00:00","breadcrumb":{"@id":"https:\/\/lasentinelle.dz\/index.php\/2024\/01\/24\/appel-a-ladoption-de-lassurance-cat-nat-a-plus-grande-echelle\/#breadcrumb"},"inLanguage":"fr-FR","potentialAction":[{"@type":"ReadAction","target":["https:\/\/lasentinelle.dz\/index.php\/2024\/01\/24\/appel-a-ladoption-de-lassurance-cat-nat-a-plus-grande-echelle\/"]}]},{"@type":"ImageObject","inLanguage":"fr-FR","@id":"https:\/\/lasentinelle.dz\/index.php\/2024\/01\/24\/appel-a-ladoption-de-lassurance-cat-nat-a-plus-grande-echelle\/#primaryimage","url":"https:\/\/lasentinelle.dz\/wp-content\/uploads\/2023\/12\/merad.jpeg","contentUrl":"https:\/\/lasentinelle.dz\/wp-content\/uploads\/2023\/12\/merad.jpeg","width":1000,"height":522},{"@type":"BreadcrumbList","@id":"https:\/\/lasentinelle.dz\/index.php\/2024\/01\/24\/appel-a-ladoption-de-lassurance-cat-nat-a-plus-grande-echelle\/#breadcrumb","itemListElement":[{"@type":"ListItem","position":1,"name":"Accueil","item":"https:\/\/lasentinelle.dz\/"},{"@type":"ListItem","position":2,"name":"Appel \u00e0 l\u2019adoption de l&rsquo;assurance CAT-NAT \u00ab\u00a0\u00e0 plus grande \u00e9chelle\u00a0\u00bb"}]},{"@type":"WebSite","@id":"https:\/\/lasentinelle.dz\/#website","url":"https:\/\/lasentinelle.dz\/","name":"La Sentinelle","description":"Quotidien national d&#039;information","publisher":{"@id":"https:\/\/lasentinelle.dz\/#organization"},"potentialAction":[{"@type":"SearchAction","target":{"@type":"EntryPoint","urlTemplate":"https:\/\/lasentinelle.dz\/?s={search_term_string}"},"query-input":{"@type":"PropertyValueSpecification","valueRequired":true,"valueName":"search_term_string"}}],"inLanguage":"fr-FR"},{"@type":"Organization","@id":"https:\/\/lasentinelle.dz\/#organization","name":"Quotidien La Sentinelle","url":"https:\/\/lasentinelle.dz\/","logo":{"@type":"ImageObject","inLanguage":"fr-FR","@id":"https:\/\/lasentinelle.dz\/#\/schema\/logo\/image\/","url":"https:\/\/lasentinelle.dz\/wp-content\/uploads\/2021\/09\/logo-sentinelleSLOGAN-1.png","contentUrl":"https:\/\/lasentinelle.dz\/wp-content\/uploads\/2021\/09\/logo-sentinelleSLOGAN-1.png","width":615,"height":142,"caption":"Quotidien La Sentinelle"},"image":{"@id":"https:\/\/lasentinelle.dz\/#\/schema\/logo\/image\/"},"sameAs":["https:\/\/www.facebook.com\/La-Sentinelle-104059864394773"]},{"@type":"Person","@id":"https:\/\/lasentinelle.dz\/#\/schema\/person\/d865044e22e70a75174ce8bcad3acfb3","name":"La Sentinelle","image":{"@type":"ImageObject","inLanguage":"fr-FR","@id":"https:\/\/secure.gravatar.com\/avatar\/57de8e5d4b15d43fb361a71fbb36338450fe67865b528a43dd10ef7c51a20392?s=96&d=mm&r=g","url":"https:\/\/secure.gravatar.com\/avatar\/57de8e5d4b15d43fb361a71fbb36338450fe67865b528a43dd10ef7c51a20392?s=96&d=mm&r=g","contentUrl":"https:\/\/secure.gravatar.com\/avatar\/57de8e5d4b15d43fb361a71fbb36338450fe67865b528a43dd10ef7c51a20392?s=96&d=mm&r=g","caption":"La Sentinelle"},"sameAs":["http:\/\/www.lasentinelle.dz"],"url":"https:\/\/lasentinelle.dz\/author\/redaction\/"}]}},"_links":{"self":[{"href":"https:\/\/lasentinelle.dz\/index.php\/wp-json\/wp\/v2\/posts\/48943","targetHints":{"allow":["GET"]}}],"collection":[{"href":"https:\/\/lasentinelle.dz\/index.php\/wp-json\/wp\/v2\/posts"}],"about":[{"href":"https:\/\/lasentinelle.dz\/index.php\/wp-json\/wp\/v2\/types\/post"}],"author":[{"embeddable":true,"href":"https:\/\/lasentinelle.dz\/index.php\/wp-json\/wp\/v2\/users\/3"}],"replies":[{"embeddable":true,"href":"https:\/\/lasentinelle.dz\/index.php\/wp-json\/wp\/v2\/comments?post=48943"}],"version-history":[{"count":2,"href":"https:\/\/lasentinelle.dz\/index.php\/wp-json\/wp\/v2\/posts\/48943\/revisions"}],"predecessor-version":[{"id":48945,"href":"https:\/\/lasentinelle.dz\/index.php\/wp-json\/wp\/v2\/posts\/48943\/revisions\/48945"}],"wp:featuredmedia":[{"embeddable":true,"href":"https:\/\/lasentinelle.dz\/index.php\/wp-json\/wp\/v2\/media\/47925"}],"wp:attachment":[{"href":"https:\/\/lasentinelle.dz\/index.php\/wp-json\/wp\/v2\/media?parent=48943"}],"wp:term":[{"taxonomy":"category","embeddable":true,"href":"https:\/\/lasentinelle.dz\/index.php\/wp-json\/wp\/v2\/categories?post=48943"},{"taxonomy":"post_tag","embeddable":true,"href":"https:\/\/lasentinelle.dz\/index.php\/wp-json\/wp\/v2\/tags?post=48943"}],"curies":[{"name":"wp","href":"https:\/\/api.w.org\/{rel}","templated":true}]}}