{"id":48957,"date":"2024-01-25T11:26:00","date_gmt":"2024-01-25T10:26:00","guid":{"rendered":"https:\/\/lasentinelle.dz\/?p=48957"},"modified":"2024-01-27T11:27:44","modified_gmt":"2024-01-27T10:27:44","slug":"musee-de-lemir-abdelkader-de-miliana-les-travaux-de-rehabilitation-lances-en-fevrier","status":"publish","type":"post","link":"https:\/\/lasentinelle.dz\/index.php\/2024\/01\/25\/musee-de-lemir-abdelkader-de-miliana-les-travaux-de-rehabilitation-lances-en-fevrier\/","title":{"rendered":"Mus\u00e9e de l&rsquo;Emir Abdelkader de Miliana\u00a0: Les travaux de r\u00e9habilitation lanc\u00e9s en f\u00e9vrier"},"content":{"rendered":"\n<p>La restauration des deux monuments historiques et arch\u00e9ologiques de la ville de Miliana, notamment le rempart et le Mus\u00e9e qui est aussi le si\u00e8ge du Califat de l\u2019Emir Abdelkader de la ville de Miliana sera lanc\u00e9e en d\u00e9but du mois prochain.<\/p>\n\n\n\n<p>Les travaux de r\u00e9habilitation et de restauration du rempart et du Mus\u00e9e de l&rsquo;Emir Abdelkader de la ville de Miliana (wilaya d\u2019Ain Defla) seront lanc\u00e9s en f\u00e9vrier prochain, a-t-on appris hier aupr\u00e8s de la Direction locale de la culture et des arts. La restauration des deux monuments historiques et arch\u00e9ologiques de la ville de Miliana, notamment le rempart et le Mus\u00e9e qui est aussi le si\u00e8ge du Califat de l\u2019Emir Abdelkader de la ville de Miliana sera lanc\u00e9e en d\u00e9but du mois prochain, a indiqu\u00e9 \u00e0 l\u2019APS le premier responsable du secteur culturel, Abdelhakim Djama\u00e2, assurant avoir termin\u00e9 toutes les proc\u00e9dures relatives au lancement des op\u00e9rations. Il a ajout\u00e9 que pour le rempart situ\u00e9 au sud de la ville, l\u2019op\u00e9ration consistait \u00e0 effectuer des travaux de r\u00e9habilitation avec le r\u00e9am\u00e9nagement de la placette \u00ab\u00a0Ali Ammar\u00a0\u00bb et la prise en charge des r\u00e9seaux souterrains qui traversent le p\u00e9rim\u00e8tre du site, dont le r\u00e9seau d\u2019assainissement de la ville, et ce dans le but de mettre en valeur le site arch\u00e9ologique en question et assurer sa pr\u00e9servation. Quant au si\u00e8ge du Califat de l\u2019Emir Abdelkader, le m\u00eame responsable a soulign\u00e9 que l\u2019op\u00e9ration de r\u00e9habilitation touche plusieurs parties de la b\u00e2tisse en int\u00e9grant \u00e9galement la placette mitoyenne de l\u2019\u00e9difice qui sera transform\u00e9 en un Centre d\u2019interpr\u00e9tation \u00e0 caract\u00e8re mus\u00e9al des arts et des traditions de la ville de Miliana, a-t-il dit. En outre, une \u00e9tude pour la mise en place d&rsquo;un plan de pr\u00e9servation et de valorisation de la vielle ville de Miliana class\u00e9e en 2023 secteur sauvegard\u00e9 devait \u00eatre entam\u00e9e d\u00e9but f\u00e9vrier prochain et les op\u00e9rations concernent en premier lieu les monuments historiques, a-t-il relev\u00e9.Il a annonc\u00e9 \u00e9galement le lancement de deux autres projets au courant du premier semestre de l\u2019ann\u00e9e en cours, \u00e0 l\u2019instar de la restauration de l\u2019h\u00f4tel du complexe religieux Sidi Ahmed Benyoucef de Miliana et la r\u00e9alisation d\u2019un Centre national des archives cin\u00e9matographiques au niveau de la ville d\u2019Ain Defla. Ainsi, dans le cadre du nouveau programme 2024, le secteur culturel a b\u00e9n\u00e9fici\u00e9 de 3 op\u00e9rations, dont la r\u00e9habilitation de la maison de culture \u00ab\u00a0Emir Abdelkader\u00a0\u00bb, r\u00e9am\u00e9nagement de la salle des spectacles de Khemis Miliana et une \u00e9tude pour la protection du site arch\u00e9ologique \u00ab\u00a0Oppidum Novum\u00a0\u00bb de la ville d\u2019Ain Defla, a not\u00e9 M. Djama\u00e2.<\/p>\n\n\n\n<p>APS<\/p>\n","protected":false},"excerpt":{"rendered":"<p>La restauration des deux monuments historiques et arch\u00e9ologiques de la ville de Miliana, notamment le rempart et le Mus\u00e9e qui<\/p>\n","protected":false},"author":3,"featured_media":48958,"comment_status":"open","ping_status":"closed","sticky":false,"template":"","format":"standard","meta":{"colormag_page_container_layout":"default_layout","colormag_page_sidebar_layout":"default_layout","om_disable_all_campaigns":false,"_monsterinsights_skip_tracking":false,"_monsterinsights_sitenote_active":false,"_monsterinsights_sitenote_note":"","_monsterinsights_sitenote_category":0,"footnotes":"","_wpscppro_dont_share_socialmedia":false,"_wpscppro_custom_social_share_image":0,"_facebook_share_type":"","_twitter_share_type":"","_linkedin_share_type":"","_pinterest_share_type":"","_linkedin_share_type_page":"","_instagram_share_type":"","_medium_share_type":"","_threads_share_type":"","_google_business_share_type":"","_selected_social_profile":[],"_wpsp_enable_custom_social_template":false,"_wpsp_social_scheduling":{"enabled":false,"datetime":null,"platforms":[],"status":"template_only","dateOption":"today","timeOption":"now","customDays":"","customHours":"","customDate":"","customTime":"","schedulingType":"absolute"},"_wpsp_active_default_template":true},"categories":[36],"tags":[],"class_list":["post-48957","post","type-post","status-publish","format-standard","has-post-thumbnail","hentry","category-culture"],"aioseo_notices":[],"yoast_head":"<!-- This site is optimized with the Yoast SEO plugin v27.5 - https:\/\/yoast.com\/product\/yoast-seo-wordpress\/ -->\n<title>Mus\u00e9e de l&rsquo;Emir Abdelkader de Miliana\u00a0: Les travaux de r\u00e9habilitation lanc\u00e9s en f\u00e9vrier - La Sentinelle<\/title>\n<meta name=\"robots\" content=\"index, follow, max-snippet:-1, max-image-preview:large, max-video-preview:-1\" \/>\n<link rel=\"canonical\" href=\"https:\/\/lasentinelle.dz\/index.php\/2024\/01\/25\/musee-de-lemir-abdelkader-de-miliana-les-travaux-de-rehabilitation-lances-en-fevrier\/\" \/>\n<meta property=\"og:locale\" content=\"fr_FR\" \/>\n<meta property=\"og:type\" content=\"article\" \/>\n<meta property=\"og:title\" content=\"Mus\u00e9e de l&rsquo;Emir Abdelkader de Miliana\u00a0: Les travaux de r\u00e9habilitation lanc\u00e9s en f\u00e9vrier - La Sentinelle\" \/>\n<meta property=\"og:description\" content=\"La restauration des deux monuments historiques et arch\u00e9ologiques de la ville de Miliana, notamment le rempart et le Mus\u00e9e qui\" \/>\n<meta property=\"og:url\" content=\"https:\/\/lasentinelle.dz\/index.php\/2024\/01\/25\/musee-de-lemir-abdelkader-de-miliana-les-travaux-de-rehabilitation-lances-en-fevrier\/\" \/>\n<meta property=\"og:site_name\" content=\"La Sentinelle\" \/>\n<meta property=\"article:publisher\" content=\"https:\/\/www.facebook.com\/La-Sentinelle-104059864394773\" \/>\n<meta property=\"article:published_time\" content=\"2024-01-25T10:26:00+00:00\" \/>\n<meta property=\"article:modified_time\" content=\"2024-01-27T10:27:44+00:00\" \/>\n<meta property=\"og:image\" content=\"https:\/\/lasentinelle.dz\/wp-content\/uploads\/2024\/01\/Musee-de-lEmir-Abdelkader.jpeg\" \/>\n\t<meta property=\"og:image:width\" content=\"383\" \/>\n\t<meta property=\"og:image:height\" content=\"512\" \/>\n\t<meta property=\"og:image:type\" content=\"image\/jpeg\" \/>\n<meta name=\"author\" content=\"La Sentinelle\" \/>\n<meta name=\"twitter:card\" content=\"summary_large_image\" \/>\n<meta name=\"twitter:label1\" content=\"\u00c9crit par\" \/>\n\t<meta name=\"twitter:data1\" content=\"La Sentinelle\" \/>\n\t<meta name=\"twitter:label2\" content=\"Dur\u00e9e de lecture estim\u00e9e\" \/>\n\t<meta name=\"twitter:data2\" content=\"3 minutes\" \/>\n<script type=\"application\/ld+json\" class=\"yoast-schema-graph\">{\"@context\":\"https:\\\/\\\/schema.org\",\"@graph\":[{\"@type\":\"Article\",\"@id\":\"https:\\\/\\\/lasentinelle.dz\\\/index.php\\\/2024\\\/01\\\/25\\\/musee-de-lemir-abdelkader-de-miliana-les-travaux-de-rehabilitation-lances-en-fevrier\\\/#article\",\"isPartOf\":{\"@id\":\"https:\\\/\\\/lasentinelle.dz\\\/index.php\\\/2024\\\/01\\\/25\\\/musee-de-lemir-abdelkader-de-miliana-les-travaux-de-rehabilitation-lances-en-fevrier\\\/\"},\"author\":{\"name\":\"La Sentinelle\",\"@id\":\"https:\\\/\\\/lasentinelle.dz\\\/#\\\/schema\\\/person\\\/d865044e22e70a75174ce8bcad3acfb3\"},\"headline\":\"Mus\u00e9e de l&rsquo;Emir Abdelkader de Miliana\u00a0: Les travaux de r\u00e9habilitation lanc\u00e9s en f\u00e9vrier\",\"datePublished\":\"2024-01-25T10:26:00+00:00\",\"dateModified\":\"2024-01-27T10:27:44+00:00\",\"mainEntityOfPage\":{\"@id\":\"https:\\\/\\\/lasentinelle.dz\\\/index.php\\\/2024\\\/01\\\/25\\\/musee-de-lemir-abdelkader-de-miliana-les-travaux-de-rehabilitation-lances-en-fevrier\\\/\"},\"wordCount\":502,\"commentCount\":0,\"publisher\":{\"@id\":\"https:\\\/\\\/lasentinelle.dz\\\/#organization\"},\"image\":{\"@id\":\"https:\\\/\\\/lasentinelle.dz\\\/index.php\\\/2024\\\/01\\\/25\\\/musee-de-lemir-abdelkader-de-miliana-les-travaux-de-rehabilitation-lances-en-fevrier\\\/#primaryimage\"},\"thumbnailUrl\":\"https:\\\/\\\/lasentinelle.dz\\\/wp-content\\\/uploads\\\/2024\\\/01\\\/Musee-de-lEmir-Abdelkader.jpeg\",\"articleSection\":[\"Culture\"],\"inLanguage\":\"fr-FR\",\"potentialAction\":[{\"@type\":\"CommentAction\",\"name\":\"Comment\",\"target\":[\"https:\\\/\\\/lasentinelle.dz\\\/index.php\\\/2024\\\/01\\\/25\\\/musee-de-lemir-abdelkader-de-miliana-les-travaux-de-rehabilitation-lances-en-fevrier\\\/#respond\"]}]},{\"@type\":\"WebPage\",\"@id\":\"https:\\\/\\\/lasentinelle.dz\\\/index.php\\\/2024\\\/01\\\/25\\\/musee-de-lemir-abdelkader-de-miliana-les-travaux-de-rehabilitation-lances-en-fevrier\\\/\",\"url\":\"https:\\\/\\\/lasentinelle.dz\\\/index.php\\\/2024\\\/01\\\/25\\\/musee-de-lemir-abdelkader-de-miliana-les-travaux-de-rehabilitation-lances-en-fevrier\\\/\",\"name\":\"Mus\u00e9e de l&rsquo;Emir Abdelkader de Miliana\u00a0: Les travaux de r\u00e9habilitation lanc\u00e9s en f\u00e9vrier - La Sentinelle\",\"isPartOf\":{\"@id\":\"https:\\\/\\\/lasentinelle.dz\\\/#website\"},\"primaryImageOfPage\":{\"@id\":\"https:\\\/\\\/lasentinelle.dz\\\/index.php\\\/2024\\\/01\\\/25\\\/musee-de-lemir-abdelkader-de-miliana-les-travaux-de-rehabilitation-lances-en-fevrier\\\/#primaryimage\"},\"image\":{\"@id\":\"https:\\\/\\\/lasentinelle.dz\\\/index.php\\\/2024\\\/01\\\/25\\\/musee-de-lemir-abdelkader-de-miliana-les-travaux-de-rehabilitation-lances-en-fevrier\\\/#primaryimage\"},\"thumbnailUrl\":\"https:\\\/\\\/lasentinelle.dz\\\/wp-content\\\/uploads\\\/2024\\\/01\\\/Musee-de-lEmir-Abdelkader.jpeg\",\"datePublished\":\"2024-01-25T10:26:00+00:00\",\"dateModified\":\"2024-01-27T10:27:44+00:00\",\"breadcrumb\":{\"@id\":\"https:\\\/\\\/lasentinelle.dz\\\/index.php\\\/2024\\\/01\\\/25\\\/musee-de-lemir-abdelkader-de-miliana-les-travaux-de-rehabilitation-lances-en-fevrier\\\/#breadcrumb\"},\"inLanguage\":\"fr-FR\",\"potentialAction\":[{\"@type\":\"ReadAction\",\"target\":[\"https:\\\/\\\/lasentinelle.dz\\\/index.php\\\/2024\\\/01\\\/25\\\/musee-de-lemir-abdelkader-de-miliana-les-travaux-de-rehabilitation-lances-en-fevrier\\\/\"]}]},{\"@type\":\"ImageObject\",\"inLanguage\":\"fr-FR\",\"@id\":\"https:\\\/\\\/lasentinelle.dz\\\/index.php\\\/2024\\\/01\\\/25\\\/musee-de-lemir-abdelkader-de-miliana-les-travaux-de-rehabilitation-lances-en-fevrier\\\/#primaryimage\",\"url\":\"https:\\\/\\\/lasentinelle.dz\\\/wp-content\\\/uploads\\\/2024\\\/01\\\/Musee-de-lEmir-Abdelkader.jpeg\",\"contentUrl\":\"https:\\\/\\\/lasentinelle.dz\\\/wp-content\\\/uploads\\\/2024\\\/01\\\/Musee-de-lEmir-Abdelkader.jpeg\",\"width\":383,\"height\":512},{\"@type\":\"BreadcrumbList\",\"@id\":\"https:\\\/\\\/lasentinelle.dz\\\/index.php\\\/2024\\\/01\\\/25\\\/musee-de-lemir-abdelkader-de-miliana-les-travaux-de-rehabilitation-lances-en-fevrier\\\/#breadcrumb\",\"itemListElement\":[{\"@type\":\"ListItem\",\"position\":1,\"name\":\"Accueil\",\"item\":\"https:\\\/\\\/lasentinelle.dz\\\/\"},{\"@type\":\"ListItem\",\"position\":2,\"name\":\"Mus\u00e9e de l&rsquo;Emir Abdelkader de Miliana\u00a0: Les travaux de r\u00e9habilitation lanc\u00e9s en f\u00e9vrier\"}]},{\"@type\":\"WebSite\",\"@id\":\"https:\\\/\\\/lasentinelle.dz\\\/#website\",\"url\":\"https:\\\/\\\/lasentinelle.dz\\\/\",\"name\":\"La Sentinelle\",\"description\":\"Quotidien national d&#039;information\",\"publisher\":{\"@id\":\"https:\\\/\\\/lasentinelle.dz\\\/#organization\"},\"potentialAction\":[{\"@type\":\"SearchAction\",\"target\":{\"@type\":\"EntryPoint\",\"urlTemplate\":\"https:\\\/\\\/lasentinelle.dz\\\/?s={search_term_string}\"},\"query-input\":{\"@type\":\"PropertyValueSpecification\",\"valueRequired\":true,\"valueName\":\"search_term_string\"}}],\"inLanguage\":\"fr-FR\"},{\"@type\":\"Organization\",\"@id\":\"https:\\\/\\\/lasentinelle.dz\\\/#organization\",\"name\":\"Quotidien La Sentinelle\",\"url\":\"https:\\\/\\\/lasentinelle.dz\\\/\",\"logo\":{\"@type\":\"ImageObject\",\"inLanguage\":\"fr-FR\",\"@id\":\"https:\\\/\\\/lasentinelle.dz\\\/#\\\/schema\\\/logo\\\/image\\\/\",\"url\":\"https:\\\/\\\/lasentinelle.dz\\\/wp-content\\\/uploads\\\/2021\\\/09\\\/logo-sentinelleSLOGAN-1.png\",\"contentUrl\":\"https:\\\/\\\/lasentinelle.dz\\\/wp-content\\\/uploads\\\/2021\\\/09\\\/logo-sentinelleSLOGAN-1.png\",\"width\":615,\"height\":142,\"caption\":\"Quotidien La Sentinelle\"},\"image\":{\"@id\":\"https:\\\/\\\/lasentinelle.dz\\\/#\\\/schema\\\/logo\\\/image\\\/\"},\"sameAs\":[\"https:\\\/\\\/www.facebook.com\\\/La-Sentinelle-104059864394773\"]},{\"@type\":\"Person\",\"@id\":\"https:\\\/\\\/lasentinelle.dz\\\/#\\\/schema\\\/person\\\/d865044e22e70a75174ce8bcad3acfb3\",\"name\":\"La Sentinelle\",\"image\":{\"@type\":\"ImageObject\",\"inLanguage\":\"fr-FR\",\"@id\":\"https:\\\/\\\/secure.gravatar.com\\\/avatar\\\/57de8e5d4b15d43fb361a71fbb36338450fe67865b528a43dd10ef7c51a20392?s=96&d=mm&r=g\",\"url\":\"https:\\\/\\\/secure.gravatar.com\\\/avatar\\\/57de8e5d4b15d43fb361a71fbb36338450fe67865b528a43dd10ef7c51a20392?s=96&d=mm&r=g\",\"contentUrl\":\"https:\\\/\\\/secure.gravatar.com\\\/avatar\\\/57de8e5d4b15d43fb361a71fbb36338450fe67865b528a43dd10ef7c51a20392?s=96&d=mm&r=g\",\"caption\":\"La Sentinelle\"},\"sameAs\":[\"http:\\\/\\\/www.lasentinelle.dz\"],\"url\":\"https:\\\/\\\/lasentinelle.dz\\\/author\\\/redaction\\\/\"}]}<\/script>\n<!-- \/ Yoast SEO plugin. -->","yoast_head_json":{"title":"Mus\u00e9e de l&rsquo;Emir Abdelkader de Miliana\u00a0: Les travaux de r\u00e9habilitation lanc\u00e9s en f\u00e9vrier - La Sentinelle","robots":{"index":"index","follow":"follow","max-snippet":"max-snippet:-1","max-image-preview":"max-image-preview:large","max-video-preview":"max-video-preview:-1"},"canonical":"https:\/\/lasentinelle.dz\/index.php\/2024\/01\/25\/musee-de-lemir-abdelkader-de-miliana-les-travaux-de-rehabilitation-lances-en-fevrier\/","og_locale":"fr_FR","og_type":"article","og_title":"Mus\u00e9e de l&rsquo;Emir Abdelkader de Miliana\u00a0: Les travaux de r\u00e9habilitation lanc\u00e9s en f\u00e9vrier - La Sentinelle","og_description":"La restauration des deux monuments historiques et arch\u00e9ologiques de la ville de Miliana, notamment le rempart et le Mus\u00e9e qui","og_url":"https:\/\/lasentinelle.dz\/index.php\/2024\/01\/25\/musee-de-lemir-abdelkader-de-miliana-les-travaux-de-rehabilitation-lances-en-fevrier\/","og_site_name":"La Sentinelle","article_publisher":"https:\/\/www.facebook.com\/La-Sentinelle-104059864394773","article_published_time":"2024-01-25T10:26:00+00:00","article_modified_time":"2024-01-27T10:27:44+00:00","og_image":[{"width":383,"height":512,"url":"https:\/\/lasentinelle.dz\/wp-content\/uploads\/2024\/01\/Musee-de-lEmir-Abdelkader.jpeg","type":"image\/jpeg"}],"author":"La Sentinelle","twitter_card":"summary_large_image","twitter_misc":{"\u00c9crit par":"La Sentinelle","Dur\u00e9e de lecture estim\u00e9e":"3 minutes"},"schema":{"@context":"https:\/\/schema.org","@graph":[{"@type":"Article","@id":"https:\/\/lasentinelle.dz\/index.php\/2024\/01\/25\/musee-de-lemir-abdelkader-de-miliana-les-travaux-de-rehabilitation-lances-en-fevrier\/#article","isPartOf":{"@id":"https:\/\/lasentinelle.dz\/index.php\/2024\/01\/25\/musee-de-lemir-abdelkader-de-miliana-les-travaux-de-rehabilitation-lances-en-fevrier\/"},"author":{"name":"La Sentinelle","@id":"https:\/\/lasentinelle.dz\/#\/schema\/person\/d865044e22e70a75174ce8bcad3acfb3"},"headline":"Mus\u00e9e de l&rsquo;Emir Abdelkader de Miliana\u00a0: Les travaux de r\u00e9habilitation lanc\u00e9s en f\u00e9vrier","datePublished":"2024-01-25T10:26:00+00:00","dateModified":"2024-01-27T10:27:44+00:00","mainEntityOfPage":{"@id":"https:\/\/lasentinelle.dz\/index.php\/2024\/01\/25\/musee-de-lemir-abdelkader-de-miliana-les-travaux-de-rehabilitation-lances-en-fevrier\/"},"wordCount":502,"commentCount":0,"publisher":{"@id":"https:\/\/lasentinelle.dz\/#organization"},"image":{"@id":"https:\/\/lasentinelle.dz\/index.php\/2024\/01\/25\/musee-de-lemir-abdelkader-de-miliana-les-travaux-de-rehabilitation-lances-en-fevrier\/#primaryimage"},"thumbnailUrl":"https:\/\/lasentinelle.dz\/wp-content\/uploads\/2024\/01\/Musee-de-lEmir-Abdelkader.jpeg","articleSection":["Culture"],"inLanguage":"fr-FR","potentialAction":[{"@type":"CommentAction","name":"Comment","target":["https:\/\/lasentinelle.dz\/index.php\/2024\/01\/25\/musee-de-lemir-abdelkader-de-miliana-les-travaux-de-rehabilitation-lances-en-fevrier\/#respond"]}]},{"@type":"WebPage","@id":"https:\/\/lasentinelle.dz\/index.php\/2024\/01\/25\/musee-de-lemir-abdelkader-de-miliana-les-travaux-de-rehabilitation-lances-en-fevrier\/","url":"https:\/\/lasentinelle.dz\/index.php\/2024\/01\/25\/musee-de-lemir-abdelkader-de-miliana-les-travaux-de-rehabilitation-lances-en-fevrier\/","name":"Mus\u00e9e de l&rsquo;Emir Abdelkader de Miliana\u00a0: Les travaux de r\u00e9habilitation lanc\u00e9s en f\u00e9vrier - La Sentinelle","isPartOf":{"@id":"https:\/\/lasentinelle.dz\/#website"},"primaryImageOfPage":{"@id":"https:\/\/lasentinelle.dz\/index.php\/2024\/01\/25\/musee-de-lemir-abdelkader-de-miliana-les-travaux-de-rehabilitation-lances-en-fevrier\/#primaryimage"},"image":{"@id":"https:\/\/lasentinelle.dz\/index.php\/2024\/01\/25\/musee-de-lemir-abdelkader-de-miliana-les-travaux-de-rehabilitation-lances-en-fevrier\/#primaryimage"},"thumbnailUrl":"https:\/\/lasentinelle.dz\/wp-content\/uploads\/2024\/01\/Musee-de-lEmir-Abdelkader.jpeg","datePublished":"2024-01-25T10:26:00+00:00","dateModified":"2024-01-27T10:27:44+00:00","breadcrumb":{"@id":"https:\/\/lasentinelle.dz\/index.php\/2024\/01\/25\/musee-de-lemir-abdelkader-de-miliana-les-travaux-de-rehabilitation-lances-en-fevrier\/#breadcrumb"},"inLanguage":"fr-FR","potentialAction":[{"@type":"ReadAction","target":["https:\/\/lasentinelle.dz\/index.php\/2024\/01\/25\/musee-de-lemir-abdelkader-de-miliana-les-travaux-de-rehabilitation-lances-en-fevrier\/"]}]},{"@type":"ImageObject","inLanguage":"fr-FR","@id":"https:\/\/lasentinelle.dz\/index.php\/2024\/01\/25\/musee-de-lemir-abdelkader-de-miliana-les-travaux-de-rehabilitation-lances-en-fevrier\/#primaryimage","url":"https:\/\/lasentinelle.dz\/wp-content\/uploads\/2024\/01\/Musee-de-lEmir-Abdelkader.jpeg","contentUrl":"https:\/\/lasentinelle.dz\/wp-content\/uploads\/2024\/01\/Musee-de-lEmir-Abdelkader.jpeg","width":383,"height":512},{"@type":"BreadcrumbList","@id":"https:\/\/lasentinelle.dz\/index.php\/2024\/01\/25\/musee-de-lemir-abdelkader-de-miliana-les-travaux-de-rehabilitation-lances-en-fevrier\/#breadcrumb","itemListElement":[{"@type":"ListItem","position":1,"name":"Accueil","item":"https:\/\/lasentinelle.dz\/"},{"@type":"ListItem","position":2,"name":"Mus\u00e9e de l&rsquo;Emir Abdelkader de Miliana\u00a0: Les travaux de r\u00e9habilitation lanc\u00e9s en f\u00e9vrier"}]},{"@type":"WebSite","@id":"https:\/\/lasentinelle.dz\/#website","url":"https:\/\/lasentinelle.dz\/","name":"La Sentinelle","description":"Quotidien national d&#039;information","publisher":{"@id":"https:\/\/lasentinelle.dz\/#organization"},"potentialAction":[{"@type":"SearchAction","target":{"@type":"EntryPoint","urlTemplate":"https:\/\/lasentinelle.dz\/?s={search_term_string}"},"query-input":{"@type":"PropertyValueSpecification","valueRequired":true,"valueName":"search_term_string"}}],"inLanguage":"fr-FR"},{"@type":"Organization","@id":"https:\/\/lasentinelle.dz\/#organization","name":"Quotidien La Sentinelle","url":"https:\/\/lasentinelle.dz\/","logo":{"@type":"ImageObject","inLanguage":"fr-FR","@id":"https:\/\/lasentinelle.dz\/#\/schema\/logo\/image\/","url":"https:\/\/lasentinelle.dz\/wp-content\/uploads\/2021\/09\/logo-sentinelleSLOGAN-1.png","contentUrl":"https:\/\/lasentinelle.dz\/wp-content\/uploads\/2021\/09\/logo-sentinelleSLOGAN-1.png","width":615,"height":142,"caption":"Quotidien La Sentinelle"},"image":{"@id":"https:\/\/lasentinelle.dz\/#\/schema\/logo\/image\/"},"sameAs":["https:\/\/www.facebook.com\/La-Sentinelle-104059864394773"]},{"@type":"Person","@id":"https:\/\/lasentinelle.dz\/#\/schema\/person\/d865044e22e70a75174ce8bcad3acfb3","name":"La Sentinelle","image":{"@type":"ImageObject","inLanguage":"fr-FR","@id":"https:\/\/secure.gravatar.com\/avatar\/57de8e5d4b15d43fb361a71fbb36338450fe67865b528a43dd10ef7c51a20392?s=96&d=mm&r=g","url":"https:\/\/secure.gravatar.com\/avatar\/57de8e5d4b15d43fb361a71fbb36338450fe67865b528a43dd10ef7c51a20392?s=96&d=mm&r=g","contentUrl":"https:\/\/secure.gravatar.com\/avatar\/57de8e5d4b15d43fb361a71fbb36338450fe67865b528a43dd10ef7c51a20392?s=96&d=mm&r=g","caption":"La Sentinelle"},"sameAs":["http:\/\/www.lasentinelle.dz"],"url":"https:\/\/lasentinelle.dz\/author\/redaction\/"}]}},"_links":{"self":[{"href":"https:\/\/lasentinelle.dz\/index.php\/wp-json\/wp\/v2\/posts\/48957","targetHints":{"allow":["GET"]}}],"collection":[{"href":"https:\/\/lasentinelle.dz\/index.php\/wp-json\/wp\/v2\/posts"}],"about":[{"href":"https:\/\/lasentinelle.dz\/index.php\/wp-json\/wp\/v2\/types\/post"}],"author":[{"embeddable":true,"href":"https:\/\/lasentinelle.dz\/index.php\/wp-json\/wp\/v2\/users\/3"}],"replies":[{"embeddable":true,"href":"https:\/\/lasentinelle.dz\/index.php\/wp-json\/wp\/v2\/comments?post=48957"}],"version-history":[{"count":2,"href":"https:\/\/lasentinelle.dz\/index.php\/wp-json\/wp\/v2\/posts\/48957\/revisions"}],"predecessor-version":[{"id":48960,"href":"https:\/\/lasentinelle.dz\/index.php\/wp-json\/wp\/v2\/posts\/48957\/revisions\/48960"}],"wp:featuredmedia":[{"embeddable":true,"href":"https:\/\/lasentinelle.dz\/index.php\/wp-json\/wp\/v2\/media\/48958"}],"wp:attachment":[{"href":"https:\/\/lasentinelle.dz\/index.php\/wp-json\/wp\/v2\/media?parent=48957"}],"wp:term":[{"taxonomy":"category","embeddable":true,"href":"https:\/\/lasentinelle.dz\/index.php\/wp-json\/wp\/v2\/categories?post=48957"},{"taxonomy":"post_tag","embeddable":true,"href":"https:\/\/lasentinelle.dz\/index.php\/wp-json\/wp\/v2\/tags?post=48957"}],"curies":[{"name":"wp","href":"https:\/\/api.w.org\/{rel}","templated":true}]}}