{"id":48961,"date":"2024-01-25T12:27:00","date_gmt":"2024-01-25T11:27:00","guid":{"rendered":"https:\/\/lasentinelle.dz\/?p=48961"},"modified":"2024-01-27T11:32:41","modified_gmt":"2024-01-27T10:32:41","slug":"djamel-belmad-quitte-la-selection-nationale-la-fin-dune-epoque","status":"publish","type":"post","link":"https:\/\/lasentinelle.dz\/index.php\/2024\/01\/25\/djamel-belmad-quitte-la-selection-nationale-la-fin-dune-epoque\/","title":{"rendered":"Djamel Belmad quitte la s\u00e9lection nationale\u00a0: La fin d\u2019une \u00e9poque\u00a0"},"content":{"rendered":"\n<p>Le match entre l\u2019Alg\u00e9rie et la Mauritanie et qui s\u2019est sold\u00e9 par la d\u00e9b\u00e2cle des Verts et leur \u00e9limination d\u00e8s la phase de groupe de la Coupe d\u2019Afrique des Nations est le dernier de Djamel Belmadi \u00e0 la t\u00eate de l\u2019EN. Le pr\u00e9sident de la FAF, Walid Sadi, a annonc\u00e9 hier avoir convenu avec le s\u00e9lectionneur national d\u2019une s\u00e9paration \u00e0 l\u2019amiable.<\/p>\n\n\n\n<p>Le pr\u00e9sident de la F\u00e9d\u00e9ration alg\u00e9rienne de football, Walid Sadi, a annonc\u00e9 hier une \u00ab\u00a0s\u00e9paration \u00e0 l&rsquo;amiable\u00a0\u00bb avec le s\u00e9lectionneur national, Djamel Belmadi, apr\u00e8s l&rsquo;\u00e9limination pr\u00e9matur\u00e9e des Verts en Coupe d&rsquo;Afrique des nations CAN 2023, qui se d\u00e9roule en C\u00f4te d&rsquo;Ivoire. Dans un message publi\u00e9 sur son compte X (ex Twitter), le pr\u00e9sident de la FAF a \u00e9crit : \u00ab\u00a0Je me suis entretenu avec le s\u00e9lectionneur national, Djamel Belmadi, et nous sommes parvenus \u00e0 un accord pour une s\u00e9paration \u00e0 l&rsquo;amiable\u00a0\u00bb. Djamel Belmadi a affich\u00e9 son intention de d\u00e9missionner mardi soir. Selon l\u2019Agence Alg\u00e9rie presse service qui cite une source officielle, le s\u00e9lectionneur national a annonc\u00e9 sa d\u00e9mission aux joueurs dans le vestiaire, \u00e0 l\u2019issue de la d\u00e9faite conc\u00e9d\u00e9e mardi soir face \u00e0 la Mauritanie au stade de la Paix de Bouak\u00e9. Selon la m\u00eame source, Djamel Belmadi, en poste depuis ao\u00fbt 2018, a tenu \u00e0 saluer ses joueurs, un par un, apr\u00e8s avoir \u00e9chou\u00e9 \u00e0 qualifier les \u00ab\u00a0Verts\u00a0\u00bb aux 1\/8es de finale de cette comp\u00e9tition pour la deuxi\u00e8me fois de rang, apr\u00e8s l\u2019\u00e9dition 2021 disput\u00e9e au Cameroun. Le coach national devrait officialiser sa d\u00e9mission une fois de retour au pays, explique cette m\u00eame source. Il faut que le coach national avait \u00e9t\u00e9 interpell\u00e9 \u00e0 plusieurs reprises lors de cette CAN par la presse sur la possibilit\u00e9 de son d\u00e9part en cas d\u2019\u00e9limination et de r\u00e9\u00e9dition de l\u2019\u00e9chec connu lors de la pr\u00e9c\u00e9dente \u00e9dition de la CAN. Il avait cependant \u00e9loign\u00e9 la possibilit\u00e9 d\u2019une nouvelle \u00e9limination au premier tour comptant sur les capacit\u00e9s de ses joueurs \u00e0 se ressaisir et \u00e0 prendre le dessus sur la Mauritanie. Malheureusement, la d\u00e9faite des Verts mardi face \u00e0 la Mauritanie laquelle signe sa premi\u00e8re victoire dans une phase finale de la CAN, a \u00e9t\u00e9 l\u2019\u00e9chec de trop.<\/p>\n\n\n\n<p>A la suite du match, Djamel Belmadi a dit assumer la responsabilit\u00e9 de l\u2019\u00e9chec&nbsp;: \u00ab\u202fCela n\u2019a pas fonctionn\u00e9 comme je le voulais, je l\u2019assume compl\u00e8tement. \u00bb Il reconna\u00eet qu\u2019il manquait plusieurs choses \u00e0 son \u00e9quipe, dont le fait \u00ab\u202fd\u2019\u00eatre tueur\u202f\u00bb devant le but : \u00ab\u202fOn a conc\u00e9d\u00e9 deux penaltys, trois buts sur quatre sur coup de pied arr\u00eat\u00e9s, et nous, de notre c\u00f4t\u00e9, on n\u2019arrive pas \u00e0 conclure. \u00bb Et de poursuivre&nbsp;: \u00ab Il n\u2019y a pas de petite \u00e9quipe dans cette CAN et vous pouvez \u00eatre punis \u00e0 tout moment sur un coup de pied arr\u00eat\u00e9 ou un penalty.\u202f\u00bb<\/p>\n\n\n\n<p>Un d\u00e9part qui signifierait la fin d\u2019une \u00e9poque avec l\u2019EN, dirig\u00e9e par le coach durant 67 rencontres. C\u2019est aussi l\u2019issue d\u2019une nouvelle d\u00e9sillusion pour les Verts \u00e0 la fin d\u2019une campagne loin d\u2019\u00eatre concluante lors de cette CAN.&nbsp; L\u2019\u00e9quipe nationale, impuissante, reste sans la moindre victoire en deux \u00e9ditions de rang en phase finale du tournoi africain. Le dernier succ\u00e8s remonte \u00e0 la finale de la CAN-2019 remport\u00e9e face au S\u00e9n\u00e9gal (1-0) en Egypte, soit six matchs sans le moindre succ\u00e8s en phase finale ! Avant leur dernier rendez-vous face aux \u00ab\u00a0Mourabitounes\u00a0\u00bb, les co\u00e9quipiers du capitaine Riyad Mahrez, souvent contest\u00e9 pour son mauvais rendement, se sont montr\u00e9s incapables de s\u2019imposer face \u00e0 l\u2019Angola (1-1) et au Burkina Faso (2-2). Pourtant, les Alg\u00e9riens n\u2019avaient besoin que d\u2019un seul point, face \u00e0 la Mauritanie, pour valider leur billet aux 1\/8es de finale, parmi les quatre meilleurs troisi\u00e8mes. Tout le monde s\u2019est empress\u00e9, au sein de l\u2019\u00e9quipe nationale, dont le coach Djamel Belmadi \u00e0 afficher l\u2019ambition d\u2019aller le plus loin possible dans cette 34e \u00e9dition, mais la r\u00e9alit\u00e9 du terrain a fini par leur faire d\u00e9chanter. Sur le plan des statistiques, l\u2019\u00e9quipe nationale a quitt\u00e9 le tournoi en marquant trois buts, soit une moyenne d\u2019un but par match, et encaisser quatre, soit l\u2019un de ses pires ratios \u00e0 travers ses participations \u00e0 la CAN. Belmadi a jou\u00e9 \u00e0 chaque fois avec trois onze diff\u00e9rents, ce qui a fini par d\u00e9stabiliser l\u2019\u00e9quipe, notamment sur le dernier match, o\u00f9 il a op\u00e9r\u00e9 pas moins de cinq changements, dont celui forc\u00e9 de Touga\u00ef dans l&rsquo;axe central \u00e0 la place de Benseba\u00efni, suspendu pour cumul de cartons jaunes.<\/p>\n\n\n\n<p><strong>D\u00e9part de certains joueurs&nbsp;?<\/strong><\/p>\n\n\n\n<p>Cette troisi\u00e8me d\u00e9sillusion de suite conc\u00e9d\u00e9e par l\u2019\u00e9quipe nationale en l\u2019espace de deux ans, apr\u00e8s la CAN-2021 et une \u00e9limination en barrages du Mondial 2022, pourrait enclencher le d\u00e9but d\u2019un nouveau cycle, avec notamment le d\u00e9part de certains joueurs. Des \u00e9l\u00e9ments trentenaires tels que Feghouli, M\u2019bolhi, Slimani, et autres Mahrez, pourraient annoncer leur retraite internationale, eux qui ont sont en s\u00e9lection depuis plus de dix ans. \u00ab\u00a0Oui, peut-\u00eatre qu\u2019il s\u2019agit de la fin d\u2019un cycle\u00a0\u00bb, a r\u00e9agi Belmadi en conf\u00e9rence de presse d\u2019apr\u00e8s-match mardi soir.La reconstruction de l\u2019\u00e9quipe lanc\u00e9e par Belmadi apr\u00e8s l\u2019\u00e9chec de mener les \u00a0\u00bb Verts \u00a0\u00bb \u00e0 la qualification \u00e0 la Coupe du monde 2022, en faisant appel \u00e0 plusieurs nouveaux joueurs, n&rsquo;a pas apport\u00e9 ses fruits. La n\u00e9cessit\u00e9 de se relever apr\u00e8s cette grosse d\u00e9sillusion est d\u2019autant plus importante, d\u2019autant que les futures \u00e9ch\u00e9ances se rapprochent \u00e0 grands pas, \u00e0 commencer par la suite des qualifications de la Coupe du monde 2026 et le d\u00e9but des \u00e9liminatoires de la CAN-2025. \u00ab\u00a0On a une qualit\u00e9 \u00e9norme dans le groupe, des joueurs qui jouent dans de grands clubs europ\u00e9ens, je pense qu\u2019on a la capacit\u00e9 de rebondir, l\u2019avenir nous le dira. On va tout faire pour redonner la joie au peuple\u00a0\u00bb, a assur\u00e9 le 2e capitaine A\u00efssa Mandi.<\/p>\n\n\n\n<p><strong>Moncef Dahleb<\/strong><\/p>\n","protected":false},"excerpt":{"rendered":"<p>Le match entre l\u2019Alg\u00e9rie et la Mauritanie et qui s\u2019est sold\u00e9 par la d\u00e9b\u00e2cle des Verts et leur \u00e9limination d\u00e8s<\/p>\n","protected":false},"author":3,"featured_media":48962,"comment_status":"open","ping_status":"closed","sticky":false,"template":"","format":"standard","meta":{"colormag_page_container_layout":"default_layout","colormag_page_sidebar_layout":"default_layout","om_disable_all_campaigns":false,"_monsterinsights_skip_tracking":false,"_monsterinsights_sitenote_active":false,"_monsterinsights_sitenote_note":"","_monsterinsights_sitenote_category":0,"footnotes":"","_wpscppro_dont_share_socialmedia":false,"_wpscppro_custom_social_share_image":0,"_facebook_share_type":"","_twitter_share_type":"","_linkedin_share_type":"","_pinterest_share_type":"","_linkedin_share_type_page":"","_instagram_share_type":"","_medium_share_type":"","_threads_share_type":"","_google_business_share_type":"","_selected_social_profile":[],"_wpsp_enable_custom_social_template":false,"_wpsp_social_scheduling":{"enabled":false,"datetime":null,"platforms":[],"status":"template_only","dateOption":"today","timeOption":"now","customDays":"","customHours":"","customDate":"","customTime":"","schedulingType":"absolute"},"_wpsp_active_default_template":true},"categories":[52,33],"tags":[],"class_list":["post-48961","post","type-post","status-publish","format-standard","has-post-thumbnail","hentry","category-a-la-une","category-sports"],"aioseo_notices":[],"yoast_head":"<!-- This site is optimized with the Yoast SEO plugin v27.5 - https:\/\/yoast.com\/product\/yoast-seo-wordpress\/ -->\n<title>Djamel Belmad quitte la s\u00e9lection nationale\u00a0: La fin d\u2019une \u00e9poque\u00a0 - La Sentinelle<\/title>\n<meta name=\"robots\" content=\"index, follow, max-snippet:-1, max-image-preview:large, max-video-preview:-1\" \/>\n<link rel=\"canonical\" href=\"https:\/\/lasentinelle.dz\/index.php\/2024\/01\/25\/djamel-belmad-quitte-la-selection-nationale-la-fin-dune-epoque\/\" \/>\n<meta property=\"og:locale\" content=\"fr_FR\" \/>\n<meta property=\"og:type\" content=\"article\" \/>\n<meta property=\"og:title\" content=\"Djamel Belmad quitte la s\u00e9lection nationale\u00a0: La fin d\u2019une \u00e9poque\u00a0 - La Sentinelle\" \/>\n<meta property=\"og:description\" content=\"Le match entre l\u2019Alg\u00e9rie et la Mauritanie et qui s\u2019est sold\u00e9 par la d\u00e9b\u00e2cle des Verts et leur \u00e9limination d\u00e8s\" \/>\n<meta property=\"og:url\" content=\"https:\/\/lasentinelle.dz\/index.php\/2024\/01\/25\/djamel-belmad-quitte-la-selection-nationale-la-fin-dune-epoque\/\" \/>\n<meta property=\"og:site_name\" content=\"La Sentinelle\" \/>\n<meta property=\"article:publisher\" content=\"https:\/\/www.facebook.com\/La-Sentinelle-104059864394773\" \/>\n<meta property=\"article:published_time\" content=\"2024-01-25T11:27:00+00:00\" \/>\n<meta property=\"article:modified_time\" content=\"2024-01-27T10:32:41+00:00\" \/>\n<meta property=\"og:image\" content=\"https:\/\/lasentinelle.dz\/wp-content\/uploads\/2024\/01\/belmadi-une.webp\" \/>\n\t<meta property=\"og:image:width\" content=\"1200\" \/>\n\t<meta property=\"og:image:height\" content=\"630\" \/>\n\t<meta property=\"og:image:type\" content=\"image\/webp\" \/>\n<meta name=\"author\" content=\"La Sentinelle\" \/>\n<meta name=\"twitter:card\" content=\"summary_large_image\" \/>\n<meta name=\"twitter:label1\" content=\"\u00c9crit par\" \/>\n\t<meta name=\"twitter:data1\" content=\"La Sentinelle\" \/>\n\t<meta name=\"twitter:label2\" content=\"Dur\u00e9e de lecture estim\u00e9e\" \/>\n\t<meta name=\"twitter:data2\" content=\"5 minutes\" \/>\n<script type=\"application\/ld+json\" class=\"yoast-schema-graph\">{\"@context\":\"https:\\\/\\\/schema.org\",\"@graph\":[{\"@type\":\"Article\",\"@id\":\"https:\\\/\\\/lasentinelle.dz\\\/index.php\\\/2024\\\/01\\\/25\\\/djamel-belmad-quitte-la-selection-nationale-la-fin-dune-epoque\\\/#article\",\"isPartOf\":{\"@id\":\"https:\\\/\\\/lasentinelle.dz\\\/index.php\\\/2024\\\/01\\\/25\\\/djamel-belmad-quitte-la-selection-nationale-la-fin-dune-epoque\\\/\"},\"author\":{\"name\":\"La Sentinelle\",\"@id\":\"https:\\\/\\\/lasentinelle.dz\\\/#\\\/schema\\\/person\\\/d865044e22e70a75174ce8bcad3acfb3\"},\"headline\":\"Djamel Belmad quitte la s\u00e9lection nationale\u00a0: La fin d\u2019une \u00e9poque\u00a0\",\"datePublished\":\"2024-01-25T11:27:00+00:00\",\"dateModified\":\"2024-01-27T10:32:41+00:00\",\"mainEntityOfPage\":{\"@id\":\"https:\\\/\\\/lasentinelle.dz\\\/index.php\\\/2024\\\/01\\\/25\\\/djamel-belmad-quitte-la-selection-nationale-la-fin-dune-epoque\\\/\"},\"wordCount\":1068,\"commentCount\":0,\"publisher\":{\"@id\":\"https:\\\/\\\/lasentinelle.dz\\\/#organization\"},\"image\":{\"@id\":\"https:\\\/\\\/lasentinelle.dz\\\/index.php\\\/2024\\\/01\\\/25\\\/djamel-belmad-quitte-la-selection-nationale-la-fin-dune-epoque\\\/#primaryimage\"},\"thumbnailUrl\":\"https:\\\/\\\/lasentinelle.dz\\\/wp-content\\\/uploads\\\/2024\\\/01\\\/belmadi-une.webp\",\"articleSection\":[\"\u00c0 la Une\",\"Sports\"],\"inLanguage\":\"fr-FR\",\"potentialAction\":[{\"@type\":\"CommentAction\",\"name\":\"Comment\",\"target\":[\"https:\\\/\\\/lasentinelle.dz\\\/index.php\\\/2024\\\/01\\\/25\\\/djamel-belmad-quitte-la-selection-nationale-la-fin-dune-epoque\\\/#respond\"]}]},{\"@type\":\"WebPage\",\"@id\":\"https:\\\/\\\/lasentinelle.dz\\\/index.php\\\/2024\\\/01\\\/25\\\/djamel-belmad-quitte-la-selection-nationale-la-fin-dune-epoque\\\/\",\"url\":\"https:\\\/\\\/lasentinelle.dz\\\/index.php\\\/2024\\\/01\\\/25\\\/djamel-belmad-quitte-la-selection-nationale-la-fin-dune-epoque\\\/\",\"name\":\"Djamel Belmad quitte la s\u00e9lection nationale\u00a0: La fin d\u2019une \u00e9poque\u00a0 - La Sentinelle\",\"isPartOf\":{\"@id\":\"https:\\\/\\\/lasentinelle.dz\\\/#website\"},\"primaryImageOfPage\":{\"@id\":\"https:\\\/\\\/lasentinelle.dz\\\/index.php\\\/2024\\\/01\\\/25\\\/djamel-belmad-quitte-la-selection-nationale-la-fin-dune-epoque\\\/#primaryimage\"},\"image\":{\"@id\":\"https:\\\/\\\/lasentinelle.dz\\\/index.php\\\/2024\\\/01\\\/25\\\/djamel-belmad-quitte-la-selection-nationale-la-fin-dune-epoque\\\/#primaryimage\"},\"thumbnailUrl\":\"https:\\\/\\\/lasentinelle.dz\\\/wp-content\\\/uploads\\\/2024\\\/01\\\/belmadi-une.webp\",\"datePublished\":\"2024-01-25T11:27:00+00:00\",\"dateModified\":\"2024-01-27T10:32:41+00:00\",\"breadcrumb\":{\"@id\":\"https:\\\/\\\/lasentinelle.dz\\\/index.php\\\/2024\\\/01\\\/25\\\/djamel-belmad-quitte-la-selection-nationale-la-fin-dune-epoque\\\/#breadcrumb\"},\"inLanguage\":\"fr-FR\",\"potentialAction\":[{\"@type\":\"ReadAction\",\"target\":[\"https:\\\/\\\/lasentinelle.dz\\\/index.php\\\/2024\\\/01\\\/25\\\/djamel-belmad-quitte-la-selection-nationale-la-fin-dune-epoque\\\/\"]}]},{\"@type\":\"ImageObject\",\"inLanguage\":\"fr-FR\",\"@id\":\"https:\\\/\\\/lasentinelle.dz\\\/index.php\\\/2024\\\/01\\\/25\\\/djamel-belmad-quitte-la-selection-nationale-la-fin-dune-epoque\\\/#primaryimage\",\"url\":\"https:\\\/\\\/lasentinelle.dz\\\/wp-content\\\/uploads\\\/2024\\\/01\\\/belmadi-une.webp\",\"contentUrl\":\"https:\\\/\\\/lasentinelle.dz\\\/wp-content\\\/uploads\\\/2024\\\/01\\\/belmadi-une.webp\",\"width\":1200,\"height\":630},{\"@type\":\"BreadcrumbList\",\"@id\":\"https:\\\/\\\/lasentinelle.dz\\\/index.php\\\/2024\\\/01\\\/25\\\/djamel-belmad-quitte-la-selection-nationale-la-fin-dune-epoque\\\/#breadcrumb\",\"itemListElement\":[{\"@type\":\"ListItem\",\"position\":1,\"name\":\"Accueil\",\"item\":\"https:\\\/\\\/lasentinelle.dz\\\/\"},{\"@type\":\"ListItem\",\"position\":2,\"name\":\"Djamel Belmad quitte la s\u00e9lection nationale\u00a0: La fin d\u2019une \u00e9poque\u00a0\"}]},{\"@type\":\"WebSite\",\"@id\":\"https:\\\/\\\/lasentinelle.dz\\\/#website\",\"url\":\"https:\\\/\\\/lasentinelle.dz\\\/\",\"name\":\"La Sentinelle\",\"description\":\"Quotidien national d&#039;information\",\"publisher\":{\"@id\":\"https:\\\/\\\/lasentinelle.dz\\\/#organization\"},\"potentialAction\":[{\"@type\":\"SearchAction\",\"target\":{\"@type\":\"EntryPoint\",\"urlTemplate\":\"https:\\\/\\\/lasentinelle.dz\\\/?s={search_term_string}\"},\"query-input\":{\"@type\":\"PropertyValueSpecification\",\"valueRequired\":true,\"valueName\":\"search_term_string\"}}],\"inLanguage\":\"fr-FR\"},{\"@type\":\"Organization\",\"@id\":\"https:\\\/\\\/lasentinelle.dz\\\/#organization\",\"name\":\"Quotidien La Sentinelle\",\"url\":\"https:\\\/\\\/lasentinelle.dz\\\/\",\"logo\":{\"@type\":\"ImageObject\",\"inLanguage\":\"fr-FR\",\"@id\":\"https:\\\/\\\/lasentinelle.dz\\\/#\\\/schema\\\/logo\\\/image\\\/\",\"url\":\"https:\\\/\\\/lasentinelle.dz\\\/wp-content\\\/uploads\\\/2021\\\/09\\\/logo-sentinelleSLOGAN-1.png\",\"contentUrl\":\"https:\\\/\\\/lasentinelle.dz\\\/wp-content\\\/uploads\\\/2021\\\/09\\\/logo-sentinelleSLOGAN-1.png\",\"width\":615,\"height\":142,\"caption\":\"Quotidien La Sentinelle\"},\"image\":{\"@id\":\"https:\\\/\\\/lasentinelle.dz\\\/#\\\/schema\\\/logo\\\/image\\\/\"},\"sameAs\":[\"https:\\\/\\\/www.facebook.com\\\/La-Sentinelle-104059864394773\"]},{\"@type\":\"Person\",\"@id\":\"https:\\\/\\\/lasentinelle.dz\\\/#\\\/schema\\\/person\\\/d865044e22e70a75174ce8bcad3acfb3\",\"name\":\"La Sentinelle\",\"image\":{\"@type\":\"ImageObject\",\"inLanguage\":\"fr-FR\",\"@id\":\"https:\\\/\\\/secure.gravatar.com\\\/avatar\\\/57de8e5d4b15d43fb361a71fbb36338450fe67865b528a43dd10ef7c51a20392?s=96&d=mm&r=g\",\"url\":\"https:\\\/\\\/secure.gravatar.com\\\/avatar\\\/57de8e5d4b15d43fb361a71fbb36338450fe67865b528a43dd10ef7c51a20392?s=96&d=mm&r=g\",\"contentUrl\":\"https:\\\/\\\/secure.gravatar.com\\\/avatar\\\/57de8e5d4b15d43fb361a71fbb36338450fe67865b528a43dd10ef7c51a20392?s=96&d=mm&r=g\",\"caption\":\"La Sentinelle\"},\"sameAs\":[\"http:\\\/\\\/www.lasentinelle.dz\"],\"url\":\"https:\\\/\\\/lasentinelle.dz\\\/author\\\/redaction\\\/\"}]}<\/script>\n<!-- \/ Yoast SEO plugin. -->","yoast_head_json":{"title":"Djamel Belmad quitte la s\u00e9lection nationale\u00a0: La fin d\u2019une \u00e9poque\u00a0 - La Sentinelle","robots":{"index":"index","follow":"follow","max-snippet":"max-snippet:-1","max-image-preview":"max-image-preview:large","max-video-preview":"max-video-preview:-1"},"canonical":"https:\/\/lasentinelle.dz\/index.php\/2024\/01\/25\/djamel-belmad-quitte-la-selection-nationale-la-fin-dune-epoque\/","og_locale":"fr_FR","og_type":"article","og_title":"Djamel Belmad quitte la s\u00e9lection nationale\u00a0: La fin d\u2019une \u00e9poque\u00a0 - La Sentinelle","og_description":"Le match entre l\u2019Alg\u00e9rie et la Mauritanie et qui s\u2019est sold\u00e9 par la d\u00e9b\u00e2cle des Verts et leur \u00e9limination d\u00e8s","og_url":"https:\/\/lasentinelle.dz\/index.php\/2024\/01\/25\/djamel-belmad-quitte-la-selection-nationale-la-fin-dune-epoque\/","og_site_name":"La Sentinelle","article_publisher":"https:\/\/www.facebook.com\/La-Sentinelle-104059864394773","article_published_time":"2024-01-25T11:27:00+00:00","article_modified_time":"2024-01-27T10:32:41+00:00","og_image":[{"width":1200,"height":630,"url":"https:\/\/lasentinelle.dz\/wp-content\/uploads\/2024\/01\/belmadi-une.webp","type":"image\/webp"}],"author":"La Sentinelle","twitter_card":"summary_large_image","twitter_misc":{"\u00c9crit par":"La Sentinelle","Dur\u00e9e de lecture estim\u00e9e":"5 minutes"},"schema":{"@context":"https:\/\/schema.org","@graph":[{"@type":"Article","@id":"https:\/\/lasentinelle.dz\/index.php\/2024\/01\/25\/djamel-belmad-quitte-la-selection-nationale-la-fin-dune-epoque\/#article","isPartOf":{"@id":"https:\/\/lasentinelle.dz\/index.php\/2024\/01\/25\/djamel-belmad-quitte-la-selection-nationale-la-fin-dune-epoque\/"},"author":{"name":"La Sentinelle","@id":"https:\/\/lasentinelle.dz\/#\/schema\/person\/d865044e22e70a75174ce8bcad3acfb3"},"headline":"Djamel Belmad quitte la s\u00e9lection nationale\u00a0: La fin d\u2019une \u00e9poque\u00a0","datePublished":"2024-01-25T11:27:00+00:00","dateModified":"2024-01-27T10:32:41+00:00","mainEntityOfPage":{"@id":"https:\/\/lasentinelle.dz\/index.php\/2024\/01\/25\/djamel-belmad-quitte-la-selection-nationale-la-fin-dune-epoque\/"},"wordCount":1068,"commentCount":0,"publisher":{"@id":"https:\/\/lasentinelle.dz\/#organization"},"image":{"@id":"https:\/\/lasentinelle.dz\/index.php\/2024\/01\/25\/djamel-belmad-quitte-la-selection-nationale-la-fin-dune-epoque\/#primaryimage"},"thumbnailUrl":"https:\/\/lasentinelle.dz\/wp-content\/uploads\/2024\/01\/belmadi-une.webp","articleSection":["\u00c0 la Une","Sports"],"inLanguage":"fr-FR","potentialAction":[{"@type":"CommentAction","name":"Comment","target":["https:\/\/lasentinelle.dz\/index.php\/2024\/01\/25\/djamel-belmad-quitte-la-selection-nationale-la-fin-dune-epoque\/#respond"]}]},{"@type":"WebPage","@id":"https:\/\/lasentinelle.dz\/index.php\/2024\/01\/25\/djamel-belmad-quitte-la-selection-nationale-la-fin-dune-epoque\/","url":"https:\/\/lasentinelle.dz\/index.php\/2024\/01\/25\/djamel-belmad-quitte-la-selection-nationale-la-fin-dune-epoque\/","name":"Djamel Belmad quitte la s\u00e9lection nationale\u00a0: La fin d\u2019une \u00e9poque\u00a0 - La Sentinelle","isPartOf":{"@id":"https:\/\/lasentinelle.dz\/#website"},"primaryImageOfPage":{"@id":"https:\/\/lasentinelle.dz\/index.php\/2024\/01\/25\/djamel-belmad-quitte-la-selection-nationale-la-fin-dune-epoque\/#primaryimage"},"image":{"@id":"https:\/\/lasentinelle.dz\/index.php\/2024\/01\/25\/djamel-belmad-quitte-la-selection-nationale-la-fin-dune-epoque\/#primaryimage"},"thumbnailUrl":"https:\/\/lasentinelle.dz\/wp-content\/uploads\/2024\/01\/belmadi-une.webp","datePublished":"2024-01-25T11:27:00+00:00","dateModified":"2024-01-27T10:32:41+00:00","breadcrumb":{"@id":"https:\/\/lasentinelle.dz\/index.php\/2024\/01\/25\/djamel-belmad-quitte-la-selection-nationale-la-fin-dune-epoque\/#breadcrumb"},"inLanguage":"fr-FR","potentialAction":[{"@type":"ReadAction","target":["https:\/\/lasentinelle.dz\/index.php\/2024\/01\/25\/djamel-belmad-quitte-la-selection-nationale-la-fin-dune-epoque\/"]}]},{"@type":"ImageObject","inLanguage":"fr-FR","@id":"https:\/\/lasentinelle.dz\/index.php\/2024\/01\/25\/djamel-belmad-quitte-la-selection-nationale-la-fin-dune-epoque\/#primaryimage","url":"https:\/\/lasentinelle.dz\/wp-content\/uploads\/2024\/01\/belmadi-une.webp","contentUrl":"https:\/\/lasentinelle.dz\/wp-content\/uploads\/2024\/01\/belmadi-une.webp","width":1200,"height":630},{"@type":"BreadcrumbList","@id":"https:\/\/lasentinelle.dz\/index.php\/2024\/01\/25\/djamel-belmad-quitte-la-selection-nationale-la-fin-dune-epoque\/#breadcrumb","itemListElement":[{"@type":"ListItem","position":1,"name":"Accueil","item":"https:\/\/lasentinelle.dz\/"},{"@type":"ListItem","position":2,"name":"Djamel Belmad quitte la s\u00e9lection nationale\u00a0: La fin d\u2019une \u00e9poque\u00a0"}]},{"@type":"WebSite","@id":"https:\/\/lasentinelle.dz\/#website","url":"https:\/\/lasentinelle.dz\/","name":"La Sentinelle","description":"Quotidien national d&#039;information","publisher":{"@id":"https:\/\/lasentinelle.dz\/#organization"},"potentialAction":[{"@type":"SearchAction","target":{"@type":"EntryPoint","urlTemplate":"https:\/\/lasentinelle.dz\/?s={search_term_string}"},"query-input":{"@type":"PropertyValueSpecification","valueRequired":true,"valueName":"search_term_string"}}],"inLanguage":"fr-FR"},{"@type":"Organization","@id":"https:\/\/lasentinelle.dz\/#organization","name":"Quotidien La Sentinelle","url":"https:\/\/lasentinelle.dz\/","logo":{"@type":"ImageObject","inLanguage":"fr-FR","@id":"https:\/\/lasentinelle.dz\/#\/schema\/logo\/image\/","url":"https:\/\/lasentinelle.dz\/wp-content\/uploads\/2021\/09\/logo-sentinelleSLOGAN-1.png","contentUrl":"https:\/\/lasentinelle.dz\/wp-content\/uploads\/2021\/09\/logo-sentinelleSLOGAN-1.png","width":615,"height":142,"caption":"Quotidien La Sentinelle"},"image":{"@id":"https:\/\/lasentinelle.dz\/#\/schema\/logo\/image\/"},"sameAs":["https:\/\/www.facebook.com\/La-Sentinelle-104059864394773"]},{"@type":"Person","@id":"https:\/\/lasentinelle.dz\/#\/schema\/person\/d865044e22e70a75174ce8bcad3acfb3","name":"La Sentinelle","image":{"@type":"ImageObject","inLanguage":"fr-FR","@id":"https:\/\/secure.gravatar.com\/avatar\/57de8e5d4b15d43fb361a71fbb36338450fe67865b528a43dd10ef7c51a20392?s=96&d=mm&r=g","url":"https:\/\/secure.gravatar.com\/avatar\/57de8e5d4b15d43fb361a71fbb36338450fe67865b528a43dd10ef7c51a20392?s=96&d=mm&r=g","contentUrl":"https:\/\/secure.gravatar.com\/avatar\/57de8e5d4b15d43fb361a71fbb36338450fe67865b528a43dd10ef7c51a20392?s=96&d=mm&r=g","caption":"La Sentinelle"},"sameAs":["http:\/\/www.lasentinelle.dz"],"url":"https:\/\/lasentinelle.dz\/author\/redaction\/"}]}},"_links":{"self":[{"href":"https:\/\/lasentinelle.dz\/index.php\/wp-json\/wp\/v2\/posts\/48961","targetHints":{"allow":["GET"]}}],"collection":[{"href":"https:\/\/lasentinelle.dz\/index.php\/wp-json\/wp\/v2\/posts"}],"about":[{"href":"https:\/\/lasentinelle.dz\/index.php\/wp-json\/wp\/v2\/types\/post"}],"author":[{"embeddable":true,"href":"https:\/\/lasentinelle.dz\/index.php\/wp-json\/wp\/v2\/users\/3"}],"replies":[{"embeddable":true,"href":"https:\/\/lasentinelle.dz\/index.php\/wp-json\/wp\/v2\/comments?post=48961"}],"version-history":[{"count":1,"href":"https:\/\/lasentinelle.dz\/index.php\/wp-json\/wp\/v2\/posts\/48961\/revisions"}],"predecessor-version":[{"id":48963,"href":"https:\/\/lasentinelle.dz\/index.php\/wp-json\/wp\/v2\/posts\/48961\/revisions\/48963"}],"wp:featuredmedia":[{"embeddable":true,"href":"https:\/\/lasentinelle.dz\/index.php\/wp-json\/wp\/v2\/media\/48962"}],"wp:attachment":[{"href":"https:\/\/lasentinelle.dz\/index.php\/wp-json\/wp\/v2\/media?parent=48961"}],"wp:term":[{"taxonomy":"category","embeddable":true,"href":"https:\/\/lasentinelle.dz\/index.php\/wp-json\/wp\/v2\/categories?post=48961"},{"taxonomy":"post_tag","embeddable":true,"href":"https:\/\/lasentinelle.dz\/index.php\/wp-json\/wp\/v2\/tags?post=48961"}],"curies":[{"name":"wp","href":"https:\/\/api.w.org\/{rel}","templated":true}]}}