{"id":48964,"date":"2024-01-25T11:33:00","date_gmt":"2024-01-25T10:33:00","guid":{"rendered":"https:\/\/lasentinelle.dz\/?p=48964"},"modified":"2024-01-27T11:40:48","modified_gmt":"2024-01-27T10:40:48","slug":"annaba-une-delegation-allemande-en-visite-a-seraidi","status":"publish","type":"post","link":"https:\/\/lasentinelle.dz\/index.php\/2024\/01\/25\/annaba-une-delegation-allemande-en-visite-a-seraidi\/","title":{"rendered":"Annaba\u00a0: Une d\u00e9l\u00e9gation Allemande en visite \u00e0 S\u00e9raidi"},"content":{"rendered":"\n<p>La GIZ m\u00e8ne des \u00e9tudes sur la protection de l\u2019environnement et la biodiversit\u00e9 du littoral Alg\u00e9rien. C\u2019est ce contexte qu\u2019intervient la visite d\u2019une d\u00e9l\u00e9gation allemande men\u00e9e par la GIZ et qui a \u00e9t\u00e9 re\u00e7ue ce lundi, par le P\/APC de la commune de S\u00e9raidi o\u00f9 a \u00e9t\u00e9 organis\u00e9e une journ\u00e9e d\u2019\u00e9tude sur la protection de l\u2019environnement et de la biodiversit\u00e9 du littoral. Le choix de la commune de S\u00e9raidi n&rsquo;est pas fortuit, il se base sur le fait que la commune de S\u00e9raidi se distingue par son statut de station baln\u00e9aire par excellence ainsi que l&rsquo;\u00e9tendue de son couvert vert et son littoral maritime. Deux espaces qui commencent \u00e0 perdre de leur sp\u00e9cificit\u00e9 en raison de l\u2019urbanisation anarchique, occasionn\u00e9e par la pouss\u00e9e effr\u00e9n\u00e9e du b\u00e9ton au c\u0153ur des for\u00eats de S\u00e9raidi et \u00e0 proximit\u00e9 du littoral et dont l\u2019impact affecte directement la biodiversit\u00e9 de la faune et de la flore de ce qui reste de la commune de S\u00e9raidi. Tout autant que d\u2019autres espaces \u00e0 travers le pays, qui subissent de plein fouet les al\u00e9as du changement climatique et le non-respect humain des sp\u00e9cificit\u00e9s de la nature. Lors de cette journ\u00e9e d\u2019\u00e9tude organis\u00e9e \u00e0 l\u2019h\u00f4tel Mountazah (S\u00e9raidi), il a \u00e9t\u00e9 mis en exergue le potentiel c\u00f4tier national et les nombreux espaces naturels encore pr\u00e9serv\u00e9s en Alg\u00e9rie, avec ses 1.622 kilom\u00e8tres de c\u00f4tes, et qui repr\u00e9sente un important patrimoine naturel fortement diversifi\u00e9. Cependant, l\u2019implantation croissante de villes, d\u2019industries, d\u2019infrastructures et la surexploitation de certaines ressources naturelles perturbent les \u00e9cosyst\u00e8mes du littoral. Rappelons que l\u2019Alg\u00e9rie a adopt\u00e9 en 2015, une strat\u00e9gie de gestion int\u00e9gr\u00e9e des r\u00e9gions c\u00f4ti\u00e8res, dont l\u2019objectif vise \u00e0 prot\u00e9ger l\u2019environnement et la biodiversit\u00e9 des zones littorales, tout en assurant leur exploitation durable. Le pr\u00e9sent projet s\u2019inscrit dans ce cadre. Dans un premier temps, ce projet a actualis\u00e9 la strat\u00e9gie nationale de la gestion int\u00e9gr\u00e9e des zones c\u00f4ti\u00e8res et a \u00e9labor\u00e9 un plan d\u2019action budg\u00e9tis\u00e9 et un syst\u00e8me de suivi. En outre, il conseille les organisations partenaires dans les domaines de la gestion des donn\u00e9es, des syst\u00e8mes d\u2019information g\u00e9ographique et de la communication. D\u2019autre part, les capacit\u00e9s organisationnelles, entrepreneuriales et techniques des utilisateurs des ressources sont renforc\u00e9es en vue d\u2019assurer une exploitation durable des aspects de l\u2019\u00e9cosyst\u00e8me. \u00c0 cet effet, des cha\u00eenes de valeur, dont les huiles naturelles entre autres, sont mises en place ainsi que leur commercialisation est encourag\u00e9e par le biais de contrats avec le secteur priv\u00e9. Une d\u00e9marche devant am\u00e9liorer la gestion des aires prot\u00e9g\u00e9es. Pour ce faire, les comp\u00e9tences du personnel administratif et des organisations de la soci\u00e9t\u00e9 civile ont \u00e9t\u00e9 renforc\u00e9es. Un conseil est dispens\u00e9 sur la mani\u00e8re d\u2019\u00e9laborer des lignes directrices m\u00e9thodologiques et techniques pour des plans de gestion des aires marines et c\u00f4ti\u00e8res prot\u00e9g\u00e9es. Le projet se concentre \u00e9galement sur le classement de nouvelles aires c\u00f4ti\u00e8res et marines prot\u00e9g\u00e9es \u00e0 l\u2019image des parcs nationaux et sur la mise \u00e0 jour du statut de protection des aires prot\u00e9g\u00e9es existantes. Ainsi, il contribue \u00e0 la mise en \u0153uvre de la strat\u00e9gie nationale pour la biodiversit\u00e9. Il est mis en \u0153uvre en collaboration avec la soci\u00e9t\u00e9 GFA Consulting Group et l\u2019Union internationale pour la conservation de la nature (UICN). Il est \u00e0 souligner que, l\u2019entreprise GIZ soutient, \u00e9galement, le pays dans la poursuite de ses objectifs en mati\u00e8re de protection du climat. Pour ce faire, GIZ encourage les communes \u00e0 optimiser leur consommation \u00e9nerg\u00e9tique en utilisant davantage les \u00e9nergies renouvelables et les technologies \u00e0 haut rendement \u00e9nerg\u00e9tique. En outre, elle contribue au renforcement du cadre institutionnel et juridique n\u00e9cessaire \u00e0 la mise en \u0153uvre des contributions nationales \u00e0 la lutte contre le changement climatique. Rappelons que la coop\u00e9ration entre l\u2019Alg\u00e9rie et l\u2019Allemagne se poursuit depuis des d\u00e9cennies. La Deutsche Gesellschaft f\u00fcr Internationale Zusammenarbeit (GIZ) GmbH op\u00e8re en Alg\u00e9rie depuis le milieu des ann\u00e9es 1970. \u00c0 noter que, les ressources naturelles du pays sont soumises \u00e0 des pressions toujours plus fortes en raison de la croissance d\u00e9mographique et \u00e9conomique, mais aussi du changement climatique. Des probl\u00e8mes particuli\u00e8rement ressentis dans le nord du pays. En effet, 68 % de la population y vit sur un cinqui\u00e8me du territoire national. L\u2019Alg\u00e9rie est le plus grand pays d\u2019Afrique et le plus peupl\u00e9 du Maghreb. C\u2019est pourquoi il est un acteur majeur de la r\u00e9gion, et joue un r\u00f4le crucial dans la protection de l\u2019environnement. Ce qui explique que GIZ concentre ses efforts sur trois th\u00e9matiques, le d\u00e9veloppement \u00e9conomique durable, la formation et l\u2019emploi ainsi que le climat et l\u2019\u00e9nergie.<\/p>\n\n\n\n<p><strong>S<\/strong><strong>. Chahine<\/strong><\/p>\n","protected":false},"excerpt":{"rendered":"<p>La GIZ m\u00e8ne des \u00e9tudes sur la protection de l\u2019environnement et la biodiversit\u00e9 du littoral Alg\u00e9rien. C\u2019est ce contexte qu\u2019intervient<\/p>\n","protected":false},"author":3,"featured_media":48965,"comment_status":"open","ping_status":"closed","sticky":false,"template":"","format":"standard","meta":{"colormag_page_container_layout":"default_layout","colormag_page_sidebar_layout":"default_layout","om_disable_all_campaigns":false,"_monsterinsights_skip_tracking":false,"_monsterinsights_sitenote_active":false,"_monsterinsights_sitenote_note":"","_monsterinsights_sitenote_category":0,"footnotes":"","_wpscppro_dont_share_socialmedia":false,"_wpscppro_custom_social_share_image":0,"_facebook_share_type":"","_twitter_share_type":"","_linkedin_share_type":"","_pinterest_share_type":"","_linkedin_share_type_page":"","_instagram_share_type":"","_medium_share_type":"","_threads_share_type":"","_google_business_share_type":"","_selected_social_profile":[],"_wpsp_enable_custom_social_template":false,"_wpsp_social_scheduling":{"enabled":false,"datetime":null,"platforms":[],"status":"template_only","dateOption":"today","timeOption":"now","customDays":"","customHours":"","customDate":"","customTime":"","schedulingType":"absolute"},"_wpsp_active_default_template":true},"categories":[31],"tags":[],"class_list":["post-48964","post","type-post","status-publish","format-standard","has-post-thumbnail","hentry","category-regions"],"aioseo_notices":[],"yoast_head":"<!-- This site is optimized with the Yoast SEO plugin v27.5 - https:\/\/yoast.com\/product\/yoast-seo-wordpress\/ -->\n<title>Annaba\u00a0: Une d\u00e9l\u00e9gation Allemande en visite \u00e0 S\u00e9raidi - La Sentinelle<\/title>\n<meta name=\"robots\" content=\"index, follow, max-snippet:-1, max-image-preview:large, max-video-preview:-1\" \/>\n<link rel=\"canonical\" href=\"https:\/\/lasentinelle.dz\/index.php\/2024\/01\/25\/annaba-une-delegation-allemande-en-visite-a-seraidi\/\" \/>\n<meta property=\"og:locale\" content=\"fr_FR\" \/>\n<meta property=\"og:type\" content=\"article\" \/>\n<meta property=\"og:title\" content=\"Annaba\u00a0: Une d\u00e9l\u00e9gation Allemande en visite \u00e0 S\u00e9raidi - La Sentinelle\" \/>\n<meta property=\"og:description\" content=\"La GIZ m\u00e8ne des \u00e9tudes sur la protection de l\u2019environnement et la biodiversit\u00e9 du littoral Alg\u00e9rien. C\u2019est ce contexte qu\u2019intervient\" \/>\n<meta property=\"og:url\" content=\"https:\/\/lasentinelle.dz\/index.php\/2024\/01\/25\/annaba-une-delegation-allemande-en-visite-a-seraidi\/\" \/>\n<meta property=\"og:site_name\" content=\"La Sentinelle\" \/>\n<meta property=\"article:publisher\" content=\"https:\/\/www.facebook.com\/La-Sentinelle-104059864394773\" \/>\n<meta property=\"article:published_time\" content=\"2024-01-25T10:33:00+00:00\" \/>\n<meta property=\"article:modified_time\" content=\"2024-01-27T10:40:48+00:00\" \/>\n<meta property=\"og:image\" content=\"https:\/\/lasentinelle.dz\/wp-content\/uploads\/2024\/01\/seraidi.jpeg\" \/>\n\t<meta property=\"og:image:width\" content=\"1200\" \/>\n\t<meta property=\"og:image:height\" content=\"900\" \/>\n\t<meta property=\"og:image:type\" content=\"image\/jpeg\" \/>\n<meta name=\"author\" content=\"La Sentinelle\" \/>\n<meta name=\"twitter:card\" content=\"summary_large_image\" \/>\n<meta name=\"twitter:label1\" content=\"\u00c9crit par\" \/>\n\t<meta name=\"twitter:data1\" content=\"La Sentinelle\" \/>\n\t<meta name=\"twitter:label2\" content=\"Dur\u00e9e de lecture estim\u00e9e\" \/>\n\t<meta name=\"twitter:data2\" content=\"4 minutes\" \/>\n<script type=\"application\/ld+json\" class=\"yoast-schema-graph\">{\"@context\":\"https:\\\/\\\/schema.org\",\"@graph\":[{\"@type\":\"Article\",\"@id\":\"https:\\\/\\\/lasentinelle.dz\\\/index.php\\\/2024\\\/01\\\/25\\\/annaba-une-delegation-allemande-en-visite-a-seraidi\\\/#article\",\"isPartOf\":{\"@id\":\"https:\\\/\\\/lasentinelle.dz\\\/index.php\\\/2024\\\/01\\\/25\\\/annaba-une-delegation-allemande-en-visite-a-seraidi\\\/\"},\"author\":{\"name\":\"La Sentinelle\",\"@id\":\"https:\\\/\\\/lasentinelle.dz\\\/#\\\/schema\\\/person\\\/d865044e22e70a75174ce8bcad3acfb3\"},\"headline\":\"Annaba\u00a0: Une d\u00e9l\u00e9gation Allemande en visite \u00e0 S\u00e9raidi\",\"datePublished\":\"2024-01-25T10:33:00+00:00\",\"dateModified\":\"2024-01-27T10:40:48+00:00\",\"mainEntityOfPage\":{\"@id\":\"https:\\\/\\\/lasentinelle.dz\\\/index.php\\\/2024\\\/01\\\/25\\\/annaba-une-delegation-allemande-en-visite-a-seraidi\\\/\"},\"wordCount\":870,\"commentCount\":0,\"publisher\":{\"@id\":\"https:\\\/\\\/lasentinelle.dz\\\/#organization\"},\"image\":{\"@id\":\"https:\\\/\\\/lasentinelle.dz\\\/index.php\\\/2024\\\/01\\\/25\\\/annaba-une-delegation-allemande-en-visite-a-seraidi\\\/#primaryimage\"},\"thumbnailUrl\":\"https:\\\/\\\/lasentinelle.dz\\\/wp-content\\\/uploads\\\/2024\\\/01\\\/seraidi.jpeg\",\"articleSection\":[\"R\u00e9gions\"],\"inLanguage\":\"fr-FR\",\"potentialAction\":[{\"@type\":\"CommentAction\",\"name\":\"Comment\",\"target\":[\"https:\\\/\\\/lasentinelle.dz\\\/index.php\\\/2024\\\/01\\\/25\\\/annaba-une-delegation-allemande-en-visite-a-seraidi\\\/#respond\"]}]},{\"@type\":\"WebPage\",\"@id\":\"https:\\\/\\\/lasentinelle.dz\\\/index.php\\\/2024\\\/01\\\/25\\\/annaba-une-delegation-allemande-en-visite-a-seraidi\\\/\",\"url\":\"https:\\\/\\\/lasentinelle.dz\\\/index.php\\\/2024\\\/01\\\/25\\\/annaba-une-delegation-allemande-en-visite-a-seraidi\\\/\",\"name\":\"Annaba\u00a0: Une d\u00e9l\u00e9gation Allemande en visite \u00e0 S\u00e9raidi - La Sentinelle\",\"isPartOf\":{\"@id\":\"https:\\\/\\\/lasentinelle.dz\\\/#website\"},\"primaryImageOfPage\":{\"@id\":\"https:\\\/\\\/lasentinelle.dz\\\/index.php\\\/2024\\\/01\\\/25\\\/annaba-une-delegation-allemande-en-visite-a-seraidi\\\/#primaryimage\"},\"image\":{\"@id\":\"https:\\\/\\\/lasentinelle.dz\\\/index.php\\\/2024\\\/01\\\/25\\\/annaba-une-delegation-allemande-en-visite-a-seraidi\\\/#primaryimage\"},\"thumbnailUrl\":\"https:\\\/\\\/lasentinelle.dz\\\/wp-content\\\/uploads\\\/2024\\\/01\\\/seraidi.jpeg\",\"datePublished\":\"2024-01-25T10:33:00+00:00\",\"dateModified\":\"2024-01-27T10:40:48+00:00\",\"breadcrumb\":{\"@id\":\"https:\\\/\\\/lasentinelle.dz\\\/index.php\\\/2024\\\/01\\\/25\\\/annaba-une-delegation-allemande-en-visite-a-seraidi\\\/#breadcrumb\"},\"inLanguage\":\"fr-FR\",\"potentialAction\":[{\"@type\":\"ReadAction\",\"target\":[\"https:\\\/\\\/lasentinelle.dz\\\/index.php\\\/2024\\\/01\\\/25\\\/annaba-une-delegation-allemande-en-visite-a-seraidi\\\/\"]}]},{\"@type\":\"ImageObject\",\"inLanguage\":\"fr-FR\",\"@id\":\"https:\\\/\\\/lasentinelle.dz\\\/index.php\\\/2024\\\/01\\\/25\\\/annaba-une-delegation-allemande-en-visite-a-seraidi\\\/#primaryimage\",\"url\":\"https:\\\/\\\/lasentinelle.dz\\\/wp-content\\\/uploads\\\/2024\\\/01\\\/seraidi.jpeg\",\"contentUrl\":\"https:\\\/\\\/lasentinelle.dz\\\/wp-content\\\/uploads\\\/2024\\\/01\\\/seraidi.jpeg\",\"width\":1200,\"height\":900},{\"@type\":\"BreadcrumbList\",\"@id\":\"https:\\\/\\\/lasentinelle.dz\\\/index.php\\\/2024\\\/01\\\/25\\\/annaba-une-delegation-allemande-en-visite-a-seraidi\\\/#breadcrumb\",\"itemListElement\":[{\"@type\":\"ListItem\",\"position\":1,\"name\":\"Accueil\",\"item\":\"https:\\\/\\\/lasentinelle.dz\\\/\"},{\"@type\":\"ListItem\",\"position\":2,\"name\":\"Annaba\u00a0: Une d\u00e9l\u00e9gation Allemande en visite \u00e0 S\u00e9raidi\"}]},{\"@type\":\"WebSite\",\"@id\":\"https:\\\/\\\/lasentinelle.dz\\\/#website\",\"url\":\"https:\\\/\\\/lasentinelle.dz\\\/\",\"name\":\"La Sentinelle\",\"description\":\"Quotidien national d&#039;information\",\"publisher\":{\"@id\":\"https:\\\/\\\/lasentinelle.dz\\\/#organization\"},\"potentialAction\":[{\"@type\":\"SearchAction\",\"target\":{\"@type\":\"EntryPoint\",\"urlTemplate\":\"https:\\\/\\\/lasentinelle.dz\\\/?s={search_term_string}\"},\"query-input\":{\"@type\":\"PropertyValueSpecification\",\"valueRequired\":true,\"valueName\":\"search_term_string\"}}],\"inLanguage\":\"fr-FR\"},{\"@type\":\"Organization\",\"@id\":\"https:\\\/\\\/lasentinelle.dz\\\/#organization\",\"name\":\"Quotidien La Sentinelle\",\"url\":\"https:\\\/\\\/lasentinelle.dz\\\/\",\"logo\":{\"@type\":\"ImageObject\",\"inLanguage\":\"fr-FR\",\"@id\":\"https:\\\/\\\/lasentinelle.dz\\\/#\\\/schema\\\/logo\\\/image\\\/\",\"url\":\"https:\\\/\\\/lasentinelle.dz\\\/wp-content\\\/uploads\\\/2021\\\/09\\\/logo-sentinelleSLOGAN-1.png\",\"contentUrl\":\"https:\\\/\\\/lasentinelle.dz\\\/wp-content\\\/uploads\\\/2021\\\/09\\\/logo-sentinelleSLOGAN-1.png\",\"width\":615,\"height\":142,\"caption\":\"Quotidien La Sentinelle\"},\"image\":{\"@id\":\"https:\\\/\\\/lasentinelle.dz\\\/#\\\/schema\\\/logo\\\/image\\\/\"},\"sameAs\":[\"https:\\\/\\\/www.facebook.com\\\/La-Sentinelle-104059864394773\"]},{\"@type\":\"Person\",\"@id\":\"https:\\\/\\\/lasentinelle.dz\\\/#\\\/schema\\\/person\\\/d865044e22e70a75174ce8bcad3acfb3\",\"name\":\"La Sentinelle\",\"image\":{\"@type\":\"ImageObject\",\"inLanguage\":\"fr-FR\",\"@id\":\"https:\\\/\\\/secure.gravatar.com\\\/avatar\\\/57de8e5d4b15d43fb361a71fbb36338450fe67865b528a43dd10ef7c51a20392?s=96&d=mm&r=g\",\"url\":\"https:\\\/\\\/secure.gravatar.com\\\/avatar\\\/57de8e5d4b15d43fb361a71fbb36338450fe67865b528a43dd10ef7c51a20392?s=96&d=mm&r=g\",\"contentUrl\":\"https:\\\/\\\/secure.gravatar.com\\\/avatar\\\/57de8e5d4b15d43fb361a71fbb36338450fe67865b528a43dd10ef7c51a20392?s=96&d=mm&r=g\",\"caption\":\"La Sentinelle\"},\"sameAs\":[\"http:\\\/\\\/www.lasentinelle.dz\"],\"url\":\"https:\\\/\\\/lasentinelle.dz\\\/author\\\/redaction\\\/\"}]}<\/script>\n<!-- \/ Yoast SEO plugin. -->","yoast_head_json":{"title":"Annaba\u00a0: Une d\u00e9l\u00e9gation Allemande en visite \u00e0 S\u00e9raidi - La Sentinelle","robots":{"index":"index","follow":"follow","max-snippet":"max-snippet:-1","max-image-preview":"max-image-preview:large","max-video-preview":"max-video-preview:-1"},"canonical":"https:\/\/lasentinelle.dz\/index.php\/2024\/01\/25\/annaba-une-delegation-allemande-en-visite-a-seraidi\/","og_locale":"fr_FR","og_type":"article","og_title":"Annaba\u00a0: Une d\u00e9l\u00e9gation Allemande en visite \u00e0 S\u00e9raidi - La Sentinelle","og_description":"La GIZ m\u00e8ne des \u00e9tudes sur la protection de l\u2019environnement et la biodiversit\u00e9 du littoral Alg\u00e9rien. C\u2019est ce contexte qu\u2019intervient","og_url":"https:\/\/lasentinelle.dz\/index.php\/2024\/01\/25\/annaba-une-delegation-allemande-en-visite-a-seraidi\/","og_site_name":"La Sentinelle","article_publisher":"https:\/\/www.facebook.com\/La-Sentinelle-104059864394773","article_published_time":"2024-01-25T10:33:00+00:00","article_modified_time":"2024-01-27T10:40:48+00:00","og_image":[{"width":1200,"height":900,"url":"https:\/\/lasentinelle.dz\/wp-content\/uploads\/2024\/01\/seraidi.jpeg","type":"image\/jpeg"}],"author":"La Sentinelle","twitter_card":"summary_large_image","twitter_misc":{"\u00c9crit par":"La Sentinelle","Dur\u00e9e de lecture estim\u00e9e":"4 minutes"},"schema":{"@context":"https:\/\/schema.org","@graph":[{"@type":"Article","@id":"https:\/\/lasentinelle.dz\/index.php\/2024\/01\/25\/annaba-une-delegation-allemande-en-visite-a-seraidi\/#article","isPartOf":{"@id":"https:\/\/lasentinelle.dz\/index.php\/2024\/01\/25\/annaba-une-delegation-allemande-en-visite-a-seraidi\/"},"author":{"name":"La Sentinelle","@id":"https:\/\/lasentinelle.dz\/#\/schema\/person\/d865044e22e70a75174ce8bcad3acfb3"},"headline":"Annaba\u00a0: Une d\u00e9l\u00e9gation Allemande en visite \u00e0 S\u00e9raidi","datePublished":"2024-01-25T10:33:00+00:00","dateModified":"2024-01-27T10:40:48+00:00","mainEntityOfPage":{"@id":"https:\/\/lasentinelle.dz\/index.php\/2024\/01\/25\/annaba-une-delegation-allemande-en-visite-a-seraidi\/"},"wordCount":870,"commentCount":0,"publisher":{"@id":"https:\/\/lasentinelle.dz\/#organization"},"image":{"@id":"https:\/\/lasentinelle.dz\/index.php\/2024\/01\/25\/annaba-une-delegation-allemande-en-visite-a-seraidi\/#primaryimage"},"thumbnailUrl":"https:\/\/lasentinelle.dz\/wp-content\/uploads\/2024\/01\/seraidi.jpeg","articleSection":["R\u00e9gions"],"inLanguage":"fr-FR","potentialAction":[{"@type":"CommentAction","name":"Comment","target":["https:\/\/lasentinelle.dz\/index.php\/2024\/01\/25\/annaba-une-delegation-allemande-en-visite-a-seraidi\/#respond"]}]},{"@type":"WebPage","@id":"https:\/\/lasentinelle.dz\/index.php\/2024\/01\/25\/annaba-une-delegation-allemande-en-visite-a-seraidi\/","url":"https:\/\/lasentinelle.dz\/index.php\/2024\/01\/25\/annaba-une-delegation-allemande-en-visite-a-seraidi\/","name":"Annaba\u00a0: Une d\u00e9l\u00e9gation Allemande en visite \u00e0 S\u00e9raidi - La Sentinelle","isPartOf":{"@id":"https:\/\/lasentinelle.dz\/#website"},"primaryImageOfPage":{"@id":"https:\/\/lasentinelle.dz\/index.php\/2024\/01\/25\/annaba-une-delegation-allemande-en-visite-a-seraidi\/#primaryimage"},"image":{"@id":"https:\/\/lasentinelle.dz\/index.php\/2024\/01\/25\/annaba-une-delegation-allemande-en-visite-a-seraidi\/#primaryimage"},"thumbnailUrl":"https:\/\/lasentinelle.dz\/wp-content\/uploads\/2024\/01\/seraidi.jpeg","datePublished":"2024-01-25T10:33:00+00:00","dateModified":"2024-01-27T10:40:48+00:00","breadcrumb":{"@id":"https:\/\/lasentinelle.dz\/index.php\/2024\/01\/25\/annaba-une-delegation-allemande-en-visite-a-seraidi\/#breadcrumb"},"inLanguage":"fr-FR","potentialAction":[{"@type":"ReadAction","target":["https:\/\/lasentinelle.dz\/index.php\/2024\/01\/25\/annaba-une-delegation-allemande-en-visite-a-seraidi\/"]}]},{"@type":"ImageObject","inLanguage":"fr-FR","@id":"https:\/\/lasentinelle.dz\/index.php\/2024\/01\/25\/annaba-une-delegation-allemande-en-visite-a-seraidi\/#primaryimage","url":"https:\/\/lasentinelle.dz\/wp-content\/uploads\/2024\/01\/seraidi.jpeg","contentUrl":"https:\/\/lasentinelle.dz\/wp-content\/uploads\/2024\/01\/seraidi.jpeg","width":1200,"height":900},{"@type":"BreadcrumbList","@id":"https:\/\/lasentinelle.dz\/index.php\/2024\/01\/25\/annaba-une-delegation-allemande-en-visite-a-seraidi\/#breadcrumb","itemListElement":[{"@type":"ListItem","position":1,"name":"Accueil","item":"https:\/\/lasentinelle.dz\/"},{"@type":"ListItem","position":2,"name":"Annaba\u00a0: Une d\u00e9l\u00e9gation Allemande en visite \u00e0 S\u00e9raidi"}]},{"@type":"WebSite","@id":"https:\/\/lasentinelle.dz\/#website","url":"https:\/\/lasentinelle.dz\/","name":"La Sentinelle","description":"Quotidien national d&#039;information","publisher":{"@id":"https:\/\/lasentinelle.dz\/#organization"},"potentialAction":[{"@type":"SearchAction","target":{"@type":"EntryPoint","urlTemplate":"https:\/\/lasentinelle.dz\/?s={search_term_string}"},"query-input":{"@type":"PropertyValueSpecification","valueRequired":true,"valueName":"search_term_string"}}],"inLanguage":"fr-FR"},{"@type":"Organization","@id":"https:\/\/lasentinelle.dz\/#organization","name":"Quotidien La Sentinelle","url":"https:\/\/lasentinelle.dz\/","logo":{"@type":"ImageObject","inLanguage":"fr-FR","@id":"https:\/\/lasentinelle.dz\/#\/schema\/logo\/image\/","url":"https:\/\/lasentinelle.dz\/wp-content\/uploads\/2021\/09\/logo-sentinelleSLOGAN-1.png","contentUrl":"https:\/\/lasentinelle.dz\/wp-content\/uploads\/2021\/09\/logo-sentinelleSLOGAN-1.png","width":615,"height":142,"caption":"Quotidien La Sentinelle"},"image":{"@id":"https:\/\/lasentinelle.dz\/#\/schema\/logo\/image\/"},"sameAs":["https:\/\/www.facebook.com\/La-Sentinelle-104059864394773"]},{"@type":"Person","@id":"https:\/\/lasentinelle.dz\/#\/schema\/person\/d865044e22e70a75174ce8bcad3acfb3","name":"La Sentinelle","image":{"@type":"ImageObject","inLanguage":"fr-FR","@id":"https:\/\/secure.gravatar.com\/avatar\/57de8e5d4b15d43fb361a71fbb36338450fe67865b528a43dd10ef7c51a20392?s=96&d=mm&r=g","url":"https:\/\/secure.gravatar.com\/avatar\/57de8e5d4b15d43fb361a71fbb36338450fe67865b528a43dd10ef7c51a20392?s=96&d=mm&r=g","contentUrl":"https:\/\/secure.gravatar.com\/avatar\/57de8e5d4b15d43fb361a71fbb36338450fe67865b528a43dd10ef7c51a20392?s=96&d=mm&r=g","caption":"La Sentinelle"},"sameAs":["http:\/\/www.lasentinelle.dz"],"url":"https:\/\/lasentinelle.dz\/author\/redaction\/"}]}},"_links":{"self":[{"href":"https:\/\/lasentinelle.dz\/index.php\/wp-json\/wp\/v2\/posts\/48964","targetHints":{"allow":["GET"]}}],"collection":[{"href":"https:\/\/lasentinelle.dz\/index.php\/wp-json\/wp\/v2\/posts"}],"about":[{"href":"https:\/\/lasentinelle.dz\/index.php\/wp-json\/wp\/v2\/types\/post"}],"author":[{"embeddable":true,"href":"https:\/\/lasentinelle.dz\/index.php\/wp-json\/wp\/v2\/users\/3"}],"replies":[{"embeddable":true,"href":"https:\/\/lasentinelle.dz\/index.php\/wp-json\/wp\/v2\/comments?post=48964"}],"version-history":[{"count":1,"href":"https:\/\/lasentinelle.dz\/index.php\/wp-json\/wp\/v2\/posts\/48964\/revisions"}],"predecessor-version":[{"id":48966,"href":"https:\/\/lasentinelle.dz\/index.php\/wp-json\/wp\/v2\/posts\/48964\/revisions\/48966"}],"wp:featuredmedia":[{"embeddable":true,"href":"https:\/\/lasentinelle.dz\/index.php\/wp-json\/wp\/v2\/media\/48965"}],"wp:attachment":[{"href":"https:\/\/lasentinelle.dz\/index.php\/wp-json\/wp\/v2\/media?parent=48964"}],"wp:term":[{"taxonomy":"category","embeddable":true,"href":"https:\/\/lasentinelle.dz\/index.php\/wp-json\/wp\/v2\/categories?post=48964"},{"taxonomy":"post_tag","embeddable":true,"href":"https:\/\/lasentinelle.dz\/index.php\/wp-json\/wp\/v2\/tags?post=48964"}],"curies":[{"name":"wp","href":"https:\/\/api.w.org\/{rel}","templated":true}]}}