{"id":48981,"date":"2024-01-25T11:56:00","date_gmt":"2024-01-25T10:56:00","guid":{"rendered":"https:\/\/lasentinelle.dz\/?p=48981"},"modified":"2024-01-27T11:59:25","modified_gmt":"2024-01-27T10:59:25","slug":"algerie-serra-leone-vers-le-renforcement-de-la-cooperation-militaire","status":"publish","type":"post","link":"https:\/\/lasentinelle.dz\/index.php\/2024\/01\/25\/algerie-serra-leone-vers-le-renforcement-de-la-cooperation-militaire\/","title":{"rendered":"Alg\u00e9rie- Serra Leone\u00a0: Vers le renforcement de la coop\u00e9ration militaire"},"content":{"rendered":"\n<p>L\u2019Arm\u00e9e nationale populaire s\u2019att\u00e8le \u00e0 diversifier ses partenariats et \u00e0 consolider sa coop\u00e9ration, notamment avec les arm\u00e9es africaines, dans le cadre de la d\u00e9marche visant \u00e0 renforcer les capacit\u00e9s de d\u00e9fense du continent. Dans ce contexte, le Chef d&rsquo;Etat-major de l\u2019ANP, le G\u00e9n\u00e9ral d&rsquo;Arm\u00e9e Sa\u00efd Chanegriha, a re\u00e7u, hier au si\u00e8ge de l&rsquo;Etat-major de l&rsquo;ANP, le G\u00e9n\u00e9ral de Corps d&rsquo;Arm\u00e9e Peter Kakowou, Chef d&rsquo;Etat-major de l&rsquo;Arm\u00e9e de la R\u00e9publique sierra-l\u00e9onaise, qui effectue une visite officielle en Alg\u00e9rie \u00e0 la t\u00eate d\u2019une importante d\u00e9l\u00e9gation, indique le minist\u00e8re de la D\u00e9fense nationale dans un communiqu\u00e9. Une visite qui intervient alors que l\u2019Alg\u00e9rie et le Sierra Leone si\u00e8gent au Conseil de s\u00e9curit\u00e9 et \u0153uvrent au renforcement des concertations, pour d\u00e9fendre les int\u00e9r\u00eats de l&rsquo;Afrique. Le Chef de l\u2019\u00c9tat-major de l\u2019ANP a pour l\u2019occasion exprim\u00e9 \u00ab\u00a0sa confiance en la r\u00e9ussite de cette visite, qui intervient dans le prolongement de celle effectu\u00e9e par le Pr\u00e9sident sierra-l\u00e9onais en Alg\u00e9rie, lors de laquelle les dirigeants des deux pays se sont engag\u00e9s \u00e0 promouvoir les relations bilat\u00e9rales aux niveaux les plus \u00e9lev\u00e9es\u00a0\u00bb. \u00ab\u00a0Cette visite, la premi\u00e8re en son genre, intervient dans le prolongement de celle effectu\u00e9e, en ce d\u00e9but d&rsquo;ann\u00e9e en Alg\u00e9rie, par Monsieur Julius Maada Bio, Pr\u00e9sident de la R\u00e9publique de Sierra-Leone, \u00e0 l\u2019invitation de Monsieur Abdelmadjid Tebboune, Pr\u00e9sident de la R\u00e9publique, Chef supr\u00eame des Forces arm\u00e9es, ministre de la D\u00e9fense nationale. Elle traduit la r\u00e9ussite de cette importante visite et l&rsquo;engagement des dirigeants des deux pays \u00e0 promouvoir nos relations bilat\u00e9rales \u00e0 un niveau plus \u00e9lev\u00e9, d&rsquo;autant plus que nos pays respectifs, en leur qualit\u00e9 de membres non permanents au Conseil de S\u00e9curit\u00e9 de l&rsquo;ONU, \u0153uvrent au renforcement des concertations, pour d\u00e9fendre les int\u00e9r\u00eats de l&rsquo;Afrique et de ses positions communes\u00a0\u00bb, a &nbsp;indiqu\u00e9 le G\u00e9n\u00e9ral d&rsquo;Arm\u00e9e. \u00ab\u00a0A ce titre, je suis enti\u00e8rement convaincu que votre visite constituera le pr\u00e9lude pour une coop\u00e9ration militaire fructueuse et b\u00e9n\u00e9fique aux deux pays, notamment au moment o\u00f9 le continent africain traverse des circonstances s\u00e9curitaires difficiles et complexes\u00a0\u00bb, a-t-il ajout\u00e9. Le G\u00e9n\u00e9ral d&rsquo;Arm\u00e9e a soulign\u00e9 que \u00ab\u00a0l&rsquo;Arm\u00e9e nationale populaire est anim\u00e9e d\u2019une volont\u00e9 r\u00e9elle pour d\u00e9velopper une coop\u00e9ration militaire bilat\u00e9rale p\u00e9renne, fond\u00e9e sur la confiance et la concertation\u00a0\u00bb. \u00ab\u00a0A l\u2019occasion de cette importante visite, je tiens \u00e0 vous assurer qu&rsquo;au sein de l&rsquo;ANP, nous sommes anim\u00e9s d\u2019une r\u00e9elle volont\u00e9 pour \u0153uvrer avec vous au d\u00e9veloppement d&rsquo;une coop\u00e9ration militaire p\u00e9renne, fond\u00e9e sur la confiance et la concertation, et qui tient en compte des int\u00e9r\u00eats mutuels de nos deux pays, soucieux qu\u2019ils sont \u00e0 contribuer efficacement \u00e0 l\u2019instauration de la paix et de la stabilit\u00e9 dans l&rsquo;ensemble du continent africain\u00a0\u00bb, a-t-il soulign\u00e9.<\/p>\n\n\n\n<p>De son c\u00f4t\u00e9, le G\u00e9n\u00e9ral de Corps d&rsquo;Arm\u00e9e Peter Kakowou \u00ab\u00a0a fait part de sa gratitude pour les marques d\u2019hospitalit\u00e9 qui lui ont \u00e9t\u00e9 r\u00e9serv\u00e9es, ainsi qu&rsquo;\u00e0 la d\u00e9l\u00e9gation qui l&rsquo;accompagnait\u00a0\u00bb. &nbsp;Par ailleurs, il a exprim\u00e9 \u00ab\u00a0la convergence des points de vue sur les questions s\u00e9curitaires abord\u00e9es lors des entretiens et \u00e9mis le souhait que sa visite en Alg\u00e9rie constitue une pierre angulaire \u00e0 l&rsquo;\u00e9tablissement de relations militaires solides, fructueuses et au service des int\u00e9r\u00eats supr\u00eames des deux pays\u00a0\u00bb.<\/p>\n\n\n\n<p>R.N.<\/p>\n","protected":false},"excerpt":{"rendered":"<p>L\u2019Arm\u00e9e nationale populaire s\u2019att\u00e8le \u00e0 diversifier ses partenariats et \u00e0 consolider sa coop\u00e9ration, notamment avec les arm\u00e9es africaines, dans le<\/p>\n","protected":false},"author":3,"featured_media":48982,"comment_status":"open","ping_status":"closed","sticky":false,"template":"","format":"standard","meta":{"colormag_page_container_layout":"default_layout","colormag_page_sidebar_layout":"default_layout","om_disable_all_campaigns":false,"_monsterinsights_skip_tracking":false,"_monsterinsights_sitenote_active":false,"_monsterinsights_sitenote_note":"","_monsterinsights_sitenote_category":0,"footnotes":"","_wpscppro_dont_share_socialmedia":false,"_wpscppro_custom_social_share_image":0,"_facebook_share_type":"","_twitter_share_type":"","_linkedin_share_type":"","_pinterest_share_type":"","_linkedin_share_type_page":"","_instagram_share_type":"","_medium_share_type":"","_threads_share_type":"","_google_business_share_type":"","_selected_social_profile":[],"_wpsp_enable_custom_social_template":false,"_wpsp_social_scheduling":{"enabled":false,"datetime":null,"platforms":[],"status":"template_only","dateOption":"today","timeOption":"now","customDays":"","customHours":"","customDate":"","customTime":"","schedulingType":"absolute"},"_wpsp_active_default_template":true},"categories":[27],"tags":[],"class_list":["post-48981","post","type-post","status-publish","format-standard","has-post-thumbnail","hentry","category-actualite"],"aioseo_notices":[],"yoast_head":"<!-- This site is optimized with the Yoast SEO plugin v27.5 - https:\/\/yoast.com\/product\/yoast-seo-wordpress\/ -->\n<title>Alg\u00e9rie- Serra Leone\u00a0: Vers le renforcement de la coop\u00e9ration militaire - La Sentinelle<\/title>\n<meta name=\"robots\" content=\"index, follow, max-snippet:-1, max-image-preview:large, max-video-preview:-1\" \/>\n<link rel=\"canonical\" href=\"https:\/\/lasentinelle.dz\/index.php\/2024\/01\/25\/algerie-serra-leone-vers-le-renforcement-de-la-cooperation-militaire\/\" \/>\n<meta property=\"og:locale\" content=\"fr_FR\" \/>\n<meta property=\"og:type\" content=\"article\" \/>\n<meta property=\"og:title\" content=\"Alg\u00e9rie- Serra Leone\u00a0: Vers le renforcement de la coop\u00e9ration militaire - La Sentinelle\" \/>\n<meta property=\"og:description\" content=\"L\u2019Arm\u00e9e nationale populaire s\u2019att\u00e8le \u00e0 diversifier ses partenariats et \u00e0 consolider sa coop\u00e9ration, notamment avec les arm\u00e9es africaines, dans le\" \/>\n<meta property=\"og:url\" content=\"https:\/\/lasentinelle.dz\/index.php\/2024\/01\/25\/algerie-serra-leone-vers-le-renforcement-de-la-cooperation-militaire\/\" \/>\n<meta property=\"og:site_name\" content=\"La Sentinelle\" \/>\n<meta property=\"article:publisher\" content=\"https:\/\/www.facebook.com\/La-Sentinelle-104059864394773\" \/>\n<meta property=\"article:published_time\" content=\"2024-01-25T10:56:00+00:00\" \/>\n<meta property=\"article:modified_time\" content=\"2024-01-27T10:59:25+00:00\" \/>\n<meta property=\"og:image\" content=\"https:\/\/lasentinelle.dz\/wp-content\/uploads\/2024\/01\/00-4.jpg\" \/>\n\t<meta property=\"og:image:width\" content=\"1670\" \/>\n\t<meta property=\"og:image:height\" content=\"1114\" \/>\n\t<meta property=\"og:image:type\" content=\"image\/jpeg\" \/>\n<meta name=\"author\" content=\"La Sentinelle\" \/>\n<meta name=\"twitter:card\" content=\"summary_large_image\" \/>\n<meta name=\"twitter:label1\" content=\"\u00c9crit par\" \/>\n\t<meta name=\"twitter:data1\" content=\"La Sentinelle\" \/>\n\t<meta name=\"twitter:label2\" content=\"Dur\u00e9e de lecture estim\u00e9e\" \/>\n\t<meta name=\"twitter:data2\" content=\"3 minutes\" \/>\n<script type=\"application\/ld+json\" class=\"yoast-schema-graph\">{\"@context\":\"https:\\\/\\\/schema.org\",\"@graph\":[{\"@type\":\"Article\",\"@id\":\"https:\\\/\\\/lasentinelle.dz\\\/index.php\\\/2024\\\/01\\\/25\\\/algerie-serra-leone-vers-le-renforcement-de-la-cooperation-militaire\\\/#article\",\"isPartOf\":{\"@id\":\"https:\\\/\\\/lasentinelle.dz\\\/index.php\\\/2024\\\/01\\\/25\\\/algerie-serra-leone-vers-le-renforcement-de-la-cooperation-militaire\\\/\"},\"author\":{\"name\":\"La Sentinelle\",\"@id\":\"https:\\\/\\\/lasentinelle.dz\\\/#\\\/schema\\\/person\\\/d865044e22e70a75174ce8bcad3acfb3\"},\"headline\":\"Alg\u00e9rie- Serra Leone\u00a0: Vers le renforcement de la coop\u00e9ration militaire\",\"datePublished\":\"2024-01-25T10:56:00+00:00\",\"dateModified\":\"2024-01-27T10:59:25+00:00\",\"mainEntityOfPage\":{\"@id\":\"https:\\\/\\\/lasentinelle.dz\\\/index.php\\\/2024\\\/01\\\/25\\\/algerie-serra-leone-vers-le-renforcement-de-la-cooperation-militaire\\\/\"},\"wordCount\":649,\"commentCount\":0,\"publisher\":{\"@id\":\"https:\\\/\\\/lasentinelle.dz\\\/#organization\"},\"image\":{\"@id\":\"https:\\\/\\\/lasentinelle.dz\\\/index.php\\\/2024\\\/01\\\/25\\\/algerie-serra-leone-vers-le-renforcement-de-la-cooperation-militaire\\\/#primaryimage\"},\"thumbnailUrl\":\"https:\\\/\\\/lasentinelle.dz\\\/wp-content\\\/uploads\\\/2024\\\/01\\\/00-4.jpg\",\"articleSection\":[\"Actualit\u00e9\"],\"inLanguage\":\"fr-FR\",\"potentialAction\":[{\"@type\":\"CommentAction\",\"name\":\"Comment\",\"target\":[\"https:\\\/\\\/lasentinelle.dz\\\/index.php\\\/2024\\\/01\\\/25\\\/algerie-serra-leone-vers-le-renforcement-de-la-cooperation-militaire\\\/#respond\"]}]},{\"@type\":\"WebPage\",\"@id\":\"https:\\\/\\\/lasentinelle.dz\\\/index.php\\\/2024\\\/01\\\/25\\\/algerie-serra-leone-vers-le-renforcement-de-la-cooperation-militaire\\\/\",\"url\":\"https:\\\/\\\/lasentinelle.dz\\\/index.php\\\/2024\\\/01\\\/25\\\/algerie-serra-leone-vers-le-renforcement-de-la-cooperation-militaire\\\/\",\"name\":\"Alg\u00e9rie- Serra Leone\u00a0: Vers le renforcement de la coop\u00e9ration militaire - La Sentinelle\",\"isPartOf\":{\"@id\":\"https:\\\/\\\/lasentinelle.dz\\\/#website\"},\"primaryImageOfPage\":{\"@id\":\"https:\\\/\\\/lasentinelle.dz\\\/index.php\\\/2024\\\/01\\\/25\\\/algerie-serra-leone-vers-le-renforcement-de-la-cooperation-militaire\\\/#primaryimage\"},\"image\":{\"@id\":\"https:\\\/\\\/lasentinelle.dz\\\/index.php\\\/2024\\\/01\\\/25\\\/algerie-serra-leone-vers-le-renforcement-de-la-cooperation-militaire\\\/#primaryimage\"},\"thumbnailUrl\":\"https:\\\/\\\/lasentinelle.dz\\\/wp-content\\\/uploads\\\/2024\\\/01\\\/00-4.jpg\",\"datePublished\":\"2024-01-25T10:56:00+00:00\",\"dateModified\":\"2024-01-27T10:59:25+00:00\",\"breadcrumb\":{\"@id\":\"https:\\\/\\\/lasentinelle.dz\\\/index.php\\\/2024\\\/01\\\/25\\\/algerie-serra-leone-vers-le-renforcement-de-la-cooperation-militaire\\\/#breadcrumb\"},\"inLanguage\":\"fr-FR\",\"potentialAction\":[{\"@type\":\"ReadAction\",\"target\":[\"https:\\\/\\\/lasentinelle.dz\\\/index.php\\\/2024\\\/01\\\/25\\\/algerie-serra-leone-vers-le-renforcement-de-la-cooperation-militaire\\\/\"]}]},{\"@type\":\"ImageObject\",\"inLanguage\":\"fr-FR\",\"@id\":\"https:\\\/\\\/lasentinelle.dz\\\/index.php\\\/2024\\\/01\\\/25\\\/algerie-serra-leone-vers-le-renforcement-de-la-cooperation-militaire\\\/#primaryimage\",\"url\":\"https:\\\/\\\/lasentinelle.dz\\\/wp-content\\\/uploads\\\/2024\\\/01\\\/00-4.jpg\",\"contentUrl\":\"https:\\\/\\\/lasentinelle.dz\\\/wp-content\\\/uploads\\\/2024\\\/01\\\/00-4.jpg\",\"width\":1670,\"height\":1114},{\"@type\":\"BreadcrumbList\",\"@id\":\"https:\\\/\\\/lasentinelle.dz\\\/index.php\\\/2024\\\/01\\\/25\\\/algerie-serra-leone-vers-le-renforcement-de-la-cooperation-militaire\\\/#breadcrumb\",\"itemListElement\":[{\"@type\":\"ListItem\",\"position\":1,\"name\":\"Accueil\",\"item\":\"https:\\\/\\\/lasentinelle.dz\\\/\"},{\"@type\":\"ListItem\",\"position\":2,\"name\":\"Alg\u00e9rie- Serra Leone\u00a0: Vers le renforcement de la coop\u00e9ration militaire\"}]},{\"@type\":\"WebSite\",\"@id\":\"https:\\\/\\\/lasentinelle.dz\\\/#website\",\"url\":\"https:\\\/\\\/lasentinelle.dz\\\/\",\"name\":\"La Sentinelle\",\"description\":\"Quotidien national d&#039;information\",\"publisher\":{\"@id\":\"https:\\\/\\\/lasentinelle.dz\\\/#organization\"},\"potentialAction\":[{\"@type\":\"SearchAction\",\"target\":{\"@type\":\"EntryPoint\",\"urlTemplate\":\"https:\\\/\\\/lasentinelle.dz\\\/?s={search_term_string}\"},\"query-input\":{\"@type\":\"PropertyValueSpecification\",\"valueRequired\":true,\"valueName\":\"search_term_string\"}}],\"inLanguage\":\"fr-FR\"},{\"@type\":\"Organization\",\"@id\":\"https:\\\/\\\/lasentinelle.dz\\\/#organization\",\"name\":\"Quotidien La Sentinelle\",\"url\":\"https:\\\/\\\/lasentinelle.dz\\\/\",\"logo\":{\"@type\":\"ImageObject\",\"inLanguage\":\"fr-FR\",\"@id\":\"https:\\\/\\\/lasentinelle.dz\\\/#\\\/schema\\\/logo\\\/image\\\/\",\"url\":\"https:\\\/\\\/lasentinelle.dz\\\/wp-content\\\/uploads\\\/2021\\\/09\\\/logo-sentinelleSLOGAN-1.png\",\"contentUrl\":\"https:\\\/\\\/lasentinelle.dz\\\/wp-content\\\/uploads\\\/2021\\\/09\\\/logo-sentinelleSLOGAN-1.png\",\"width\":615,\"height\":142,\"caption\":\"Quotidien La Sentinelle\"},\"image\":{\"@id\":\"https:\\\/\\\/lasentinelle.dz\\\/#\\\/schema\\\/logo\\\/image\\\/\"},\"sameAs\":[\"https:\\\/\\\/www.facebook.com\\\/La-Sentinelle-104059864394773\"]},{\"@type\":\"Person\",\"@id\":\"https:\\\/\\\/lasentinelle.dz\\\/#\\\/schema\\\/person\\\/d865044e22e70a75174ce8bcad3acfb3\",\"name\":\"La Sentinelle\",\"image\":{\"@type\":\"ImageObject\",\"inLanguage\":\"fr-FR\",\"@id\":\"https:\\\/\\\/secure.gravatar.com\\\/avatar\\\/57de8e5d4b15d43fb361a71fbb36338450fe67865b528a43dd10ef7c51a20392?s=96&d=mm&r=g\",\"url\":\"https:\\\/\\\/secure.gravatar.com\\\/avatar\\\/57de8e5d4b15d43fb361a71fbb36338450fe67865b528a43dd10ef7c51a20392?s=96&d=mm&r=g\",\"contentUrl\":\"https:\\\/\\\/secure.gravatar.com\\\/avatar\\\/57de8e5d4b15d43fb361a71fbb36338450fe67865b528a43dd10ef7c51a20392?s=96&d=mm&r=g\",\"caption\":\"La Sentinelle\"},\"sameAs\":[\"http:\\\/\\\/www.lasentinelle.dz\"],\"url\":\"https:\\\/\\\/lasentinelle.dz\\\/author\\\/redaction\\\/\"}]}<\/script>\n<!-- \/ Yoast SEO plugin. -->","yoast_head_json":{"title":"Alg\u00e9rie- Serra Leone\u00a0: Vers le renforcement de la coop\u00e9ration militaire - La Sentinelle","robots":{"index":"index","follow":"follow","max-snippet":"max-snippet:-1","max-image-preview":"max-image-preview:large","max-video-preview":"max-video-preview:-1"},"canonical":"https:\/\/lasentinelle.dz\/index.php\/2024\/01\/25\/algerie-serra-leone-vers-le-renforcement-de-la-cooperation-militaire\/","og_locale":"fr_FR","og_type":"article","og_title":"Alg\u00e9rie- Serra Leone\u00a0: Vers le renforcement de la coop\u00e9ration militaire - La Sentinelle","og_description":"L\u2019Arm\u00e9e nationale populaire s\u2019att\u00e8le \u00e0 diversifier ses partenariats et \u00e0 consolider sa coop\u00e9ration, notamment avec les arm\u00e9es africaines, dans le","og_url":"https:\/\/lasentinelle.dz\/index.php\/2024\/01\/25\/algerie-serra-leone-vers-le-renforcement-de-la-cooperation-militaire\/","og_site_name":"La Sentinelle","article_publisher":"https:\/\/www.facebook.com\/La-Sentinelle-104059864394773","article_published_time":"2024-01-25T10:56:00+00:00","article_modified_time":"2024-01-27T10:59:25+00:00","og_image":[{"width":1670,"height":1114,"url":"https:\/\/lasentinelle.dz\/wp-content\/uploads\/2024\/01\/00-4.jpg","type":"image\/jpeg"}],"author":"La Sentinelle","twitter_card":"summary_large_image","twitter_misc":{"\u00c9crit par":"La Sentinelle","Dur\u00e9e de lecture estim\u00e9e":"3 minutes"},"schema":{"@context":"https:\/\/schema.org","@graph":[{"@type":"Article","@id":"https:\/\/lasentinelle.dz\/index.php\/2024\/01\/25\/algerie-serra-leone-vers-le-renforcement-de-la-cooperation-militaire\/#article","isPartOf":{"@id":"https:\/\/lasentinelle.dz\/index.php\/2024\/01\/25\/algerie-serra-leone-vers-le-renforcement-de-la-cooperation-militaire\/"},"author":{"name":"La Sentinelle","@id":"https:\/\/lasentinelle.dz\/#\/schema\/person\/d865044e22e70a75174ce8bcad3acfb3"},"headline":"Alg\u00e9rie- Serra Leone\u00a0: Vers le renforcement de la coop\u00e9ration militaire","datePublished":"2024-01-25T10:56:00+00:00","dateModified":"2024-01-27T10:59:25+00:00","mainEntityOfPage":{"@id":"https:\/\/lasentinelle.dz\/index.php\/2024\/01\/25\/algerie-serra-leone-vers-le-renforcement-de-la-cooperation-militaire\/"},"wordCount":649,"commentCount":0,"publisher":{"@id":"https:\/\/lasentinelle.dz\/#organization"},"image":{"@id":"https:\/\/lasentinelle.dz\/index.php\/2024\/01\/25\/algerie-serra-leone-vers-le-renforcement-de-la-cooperation-militaire\/#primaryimage"},"thumbnailUrl":"https:\/\/lasentinelle.dz\/wp-content\/uploads\/2024\/01\/00-4.jpg","articleSection":["Actualit\u00e9"],"inLanguage":"fr-FR","potentialAction":[{"@type":"CommentAction","name":"Comment","target":["https:\/\/lasentinelle.dz\/index.php\/2024\/01\/25\/algerie-serra-leone-vers-le-renforcement-de-la-cooperation-militaire\/#respond"]}]},{"@type":"WebPage","@id":"https:\/\/lasentinelle.dz\/index.php\/2024\/01\/25\/algerie-serra-leone-vers-le-renforcement-de-la-cooperation-militaire\/","url":"https:\/\/lasentinelle.dz\/index.php\/2024\/01\/25\/algerie-serra-leone-vers-le-renforcement-de-la-cooperation-militaire\/","name":"Alg\u00e9rie- Serra Leone\u00a0: Vers le renforcement de la coop\u00e9ration militaire - La Sentinelle","isPartOf":{"@id":"https:\/\/lasentinelle.dz\/#website"},"primaryImageOfPage":{"@id":"https:\/\/lasentinelle.dz\/index.php\/2024\/01\/25\/algerie-serra-leone-vers-le-renforcement-de-la-cooperation-militaire\/#primaryimage"},"image":{"@id":"https:\/\/lasentinelle.dz\/index.php\/2024\/01\/25\/algerie-serra-leone-vers-le-renforcement-de-la-cooperation-militaire\/#primaryimage"},"thumbnailUrl":"https:\/\/lasentinelle.dz\/wp-content\/uploads\/2024\/01\/00-4.jpg","datePublished":"2024-01-25T10:56:00+00:00","dateModified":"2024-01-27T10:59:25+00:00","breadcrumb":{"@id":"https:\/\/lasentinelle.dz\/index.php\/2024\/01\/25\/algerie-serra-leone-vers-le-renforcement-de-la-cooperation-militaire\/#breadcrumb"},"inLanguage":"fr-FR","potentialAction":[{"@type":"ReadAction","target":["https:\/\/lasentinelle.dz\/index.php\/2024\/01\/25\/algerie-serra-leone-vers-le-renforcement-de-la-cooperation-militaire\/"]}]},{"@type":"ImageObject","inLanguage":"fr-FR","@id":"https:\/\/lasentinelle.dz\/index.php\/2024\/01\/25\/algerie-serra-leone-vers-le-renforcement-de-la-cooperation-militaire\/#primaryimage","url":"https:\/\/lasentinelle.dz\/wp-content\/uploads\/2024\/01\/00-4.jpg","contentUrl":"https:\/\/lasentinelle.dz\/wp-content\/uploads\/2024\/01\/00-4.jpg","width":1670,"height":1114},{"@type":"BreadcrumbList","@id":"https:\/\/lasentinelle.dz\/index.php\/2024\/01\/25\/algerie-serra-leone-vers-le-renforcement-de-la-cooperation-militaire\/#breadcrumb","itemListElement":[{"@type":"ListItem","position":1,"name":"Accueil","item":"https:\/\/lasentinelle.dz\/"},{"@type":"ListItem","position":2,"name":"Alg\u00e9rie- Serra Leone\u00a0: Vers le renforcement de la coop\u00e9ration militaire"}]},{"@type":"WebSite","@id":"https:\/\/lasentinelle.dz\/#website","url":"https:\/\/lasentinelle.dz\/","name":"La Sentinelle","description":"Quotidien national d&#039;information","publisher":{"@id":"https:\/\/lasentinelle.dz\/#organization"},"potentialAction":[{"@type":"SearchAction","target":{"@type":"EntryPoint","urlTemplate":"https:\/\/lasentinelle.dz\/?s={search_term_string}"},"query-input":{"@type":"PropertyValueSpecification","valueRequired":true,"valueName":"search_term_string"}}],"inLanguage":"fr-FR"},{"@type":"Organization","@id":"https:\/\/lasentinelle.dz\/#organization","name":"Quotidien La Sentinelle","url":"https:\/\/lasentinelle.dz\/","logo":{"@type":"ImageObject","inLanguage":"fr-FR","@id":"https:\/\/lasentinelle.dz\/#\/schema\/logo\/image\/","url":"https:\/\/lasentinelle.dz\/wp-content\/uploads\/2021\/09\/logo-sentinelleSLOGAN-1.png","contentUrl":"https:\/\/lasentinelle.dz\/wp-content\/uploads\/2021\/09\/logo-sentinelleSLOGAN-1.png","width":615,"height":142,"caption":"Quotidien La Sentinelle"},"image":{"@id":"https:\/\/lasentinelle.dz\/#\/schema\/logo\/image\/"},"sameAs":["https:\/\/www.facebook.com\/La-Sentinelle-104059864394773"]},{"@type":"Person","@id":"https:\/\/lasentinelle.dz\/#\/schema\/person\/d865044e22e70a75174ce8bcad3acfb3","name":"La Sentinelle","image":{"@type":"ImageObject","inLanguage":"fr-FR","@id":"https:\/\/secure.gravatar.com\/avatar\/57de8e5d4b15d43fb361a71fbb36338450fe67865b528a43dd10ef7c51a20392?s=96&d=mm&r=g","url":"https:\/\/secure.gravatar.com\/avatar\/57de8e5d4b15d43fb361a71fbb36338450fe67865b528a43dd10ef7c51a20392?s=96&d=mm&r=g","contentUrl":"https:\/\/secure.gravatar.com\/avatar\/57de8e5d4b15d43fb361a71fbb36338450fe67865b528a43dd10ef7c51a20392?s=96&d=mm&r=g","caption":"La Sentinelle"},"sameAs":["http:\/\/www.lasentinelle.dz"],"url":"https:\/\/lasentinelle.dz\/author\/redaction\/"}]}},"_links":{"self":[{"href":"https:\/\/lasentinelle.dz\/index.php\/wp-json\/wp\/v2\/posts\/48981","targetHints":{"allow":["GET"]}}],"collection":[{"href":"https:\/\/lasentinelle.dz\/index.php\/wp-json\/wp\/v2\/posts"}],"about":[{"href":"https:\/\/lasentinelle.dz\/index.php\/wp-json\/wp\/v2\/types\/post"}],"author":[{"embeddable":true,"href":"https:\/\/lasentinelle.dz\/index.php\/wp-json\/wp\/v2\/users\/3"}],"replies":[{"embeddable":true,"href":"https:\/\/lasentinelle.dz\/index.php\/wp-json\/wp\/v2\/comments?post=48981"}],"version-history":[{"count":1,"href":"https:\/\/lasentinelle.dz\/index.php\/wp-json\/wp\/v2\/posts\/48981\/revisions"}],"predecessor-version":[{"id":48983,"href":"https:\/\/lasentinelle.dz\/index.php\/wp-json\/wp\/v2\/posts\/48981\/revisions\/48983"}],"wp:featuredmedia":[{"embeddable":true,"href":"https:\/\/lasentinelle.dz\/index.php\/wp-json\/wp\/v2\/media\/48982"}],"wp:attachment":[{"href":"https:\/\/lasentinelle.dz\/index.php\/wp-json\/wp\/v2\/media?parent=48981"}],"wp:term":[{"taxonomy":"category","embeddable":true,"href":"https:\/\/lasentinelle.dz\/index.php\/wp-json\/wp\/v2\/categories?post=48981"},{"taxonomy":"post_tag","embeddable":true,"href":"https:\/\/lasentinelle.dz\/index.php\/wp-json\/wp\/v2\/tags?post=48981"}],"curies":[{"name":"wp","href":"https:\/\/api.w.org\/{rel}","templated":true}]}}