{"id":48997,"date":"2024-01-27T21:22:53","date_gmt":"2024-01-27T20:22:53","guid":{"rendered":"https:\/\/lasentinelle.dz\/?p=48997"},"modified":"2024-01-27T21:22:54","modified_gmt":"2024-01-27T20:22:54","slug":"iran-des-hommes-armes-tuent-neuf-etrangers-pres-de-la-frontiere-avec-le-pakistan","status":"publish","type":"post","link":"https:\/\/lasentinelle.dz\/index.php\/2024\/01\/27\/iran-des-hommes-armes-tuent-neuf-etrangers-pres-de-la-frontiere-avec-le-pakistan\/","title":{"rendered":"Iran\u00a0: Des hommes arm\u00e9s tuent neuf \u00e9trangers pr\u00e8s de la fronti\u00e8re avec le Pakistan"},"content":{"rendered":"\n<p>Selon un m\u00e9dia iranien, des hommes arm\u00e9s ont tu\u00e9 samedi neuf personnes non-iraniennes dans le sud-est du pays a indiqu\u00e9 hier l&rsquo;AFP.<\/p>\n\n\n\n<p>Des hommes arm\u00e9s ont tu\u00e9 neuf \u00e9trangers en attaquant samedi 27 janvier une habitation dans le sud-est de l&rsquo;Iran, a indiqu\u00e9 un m\u00e9dia iranien. \u00ab\u00a0Selon des t\u00e9moins, des hommes arm\u00e9s ont tu\u00e9 neuf personnes non-iraniennes dans une maison pr\u00e8s de la ville de Saravan\u00a0\u00bb, dans la province du Sistan-Baloutchistan, a rapport\u00e9 l&rsquo;agence Mehr, qui pr\u00e9cise qu&rsquo;aucun groupe arm\u00e9 n&rsquo;a pour l&rsquo;instant revendiqu\u00e9 l&rsquo;attaque, survenue dans la matin\u00e9e. Une attaque qui intervient un peu plus d\u2019une semaine apr\u00e8s des \u00e9changes de tirs entre l\u2019Iran et le Pakistan qui s\u2019accusent d\u2019abriter des groupes terroristes. &nbsp;Le 16 janvier, l&rsquo;Iran avait men\u00e9 une attaque \u00e0 l&rsquo;aide de missiles et de drones contre un groupe terroriste sur le territoire du Pakistan, qui a ripost\u00e9 le 18 janvier en visant \u00e0 son tour des \u00ab\u00a0caches terroristes\u00a0\u00bb en Iran.<\/p>\n\n\n\n<p>Elles ont provoqu\u00e9 une br\u00e8ve crise diplomatique. Par la suite, des d\u00e9clarations distinctes de condamnation ont \u00e9t\u00e9 publi\u00e9es par les deux pays, dans lesquelles ils ont affirm\u00e9 que les deux attaques avaient fait des victimes civiles et qu&rsquo;ils respectaient l&rsquo;int\u00e9grit\u00e9 territoriale respectivement en tant que \u00ab\u00a0deux pays amis et fr\u00e8res\u00a0\u00bb. Le Pakistan a rappel\u00e9 son ambassadeur \u00e0 T\u00e9h\u00e9ran et annonc\u00e9 que l&rsquo;ambassadeur d&rsquo;Iran au Pakistan, qui se trouvait dans son pays, serait emp\u00each\u00e9 de revenir \u00e0 Islamabad. Mais les deux pays ont ensuite annonc\u00e9, le 22 janvier, le retour \u00e0 la normale dans leurs relations et une prochaine visite du chef de la diplomatie iranienne Hossein Amir-Abdollahian dans la capitale pakistanaise. Vendredi, le Pakistan a annonc\u00e9 le retour de son ambassadeur en Iran, Muhammad Mudassir Tipu, \u00e0 son poste \u00e0 T\u00e9h\u00e9ran. Dans une d\u00e9claration aux m\u00e9dias, le porte-parole du minist\u00e8re pakistanais des Affaires \u00e9trang\u00e8res, Mumtaz Zahra Biloush, a d\u00e9clar\u00e9 : \u00ab\u00a0Notre ambassadeur \u00e0 T\u00e9h\u00e9ran s&rsquo;est rendu en Iran pour reprendre ses fonctions\u00a0\u00bb.De son c\u00f4t\u00e9, des sources bien inform\u00e9es ont indiqu\u00e9 que l&rsquo;ambassadeur iranien au Pakistan devait reprendre ses fonctions samedi dans la capitale, Islamabad.<\/p>\n\n\n\n<p><strong>R.I. avec agences<\/strong><\/p>\n","protected":false},"excerpt":{"rendered":"<p>Selon un m\u00e9dia iranien, des hommes arm\u00e9s ont tu\u00e9 samedi neuf personnes non-iraniennes dans le sud-est du pays a indiqu\u00e9<\/p>\n","protected":false},"author":3,"featured_media":48998,"comment_status":"open","ping_status":"closed","sticky":false,"template":"","format":"standard","meta":{"colormag_page_container_layout":"default_layout","colormag_page_sidebar_layout":"default_layout","om_disable_all_campaigns":false,"_monsterinsights_skip_tracking":false,"_monsterinsights_sitenote_active":false,"_monsterinsights_sitenote_note":"","_monsterinsights_sitenote_category":0,"footnotes":"","_wpscppro_dont_share_socialmedia":false,"_wpscppro_custom_social_share_image":0,"_facebook_share_type":"","_twitter_share_type":"","_linkedin_share_type":"","_pinterest_share_type":"","_linkedin_share_type_page":"","_instagram_share_type":"","_medium_share_type":"","_threads_share_type":"","_google_business_share_type":"","_selected_social_profile":[],"_wpsp_enable_custom_social_template":false,"_wpsp_social_scheduling":{"enabled":false,"datetime":null,"platforms":[],"status":"template_only","dateOption":"today","timeOption":"now","customDays":"","customHours":"","customDate":"","customTime":"","schedulingType":"absolute"},"_wpsp_active_default_template":true},"categories":[37],"tags":[],"class_list":["post-48997","post","type-post","status-publish","format-standard","has-post-thumbnail","hentry","category-monde"],"aioseo_notices":[],"yoast_head":"<!-- This site is optimized with the Yoast SEO plugin v27.5 - https:\/\/yoast.com\/product\/yoast-seo-wordpress\/ -->\n<title>Iran\u00a0: Des hommes arm\u00e9s tuent neuf \u00e9trangers pr\u00e8s de la fronti\u00e8re avec le Pakistan - La Sentinelle<\/title>\n<meta name=\"robots\" content=\"index, follow, max-snippet:-1, max-image-preview:large, max-video-preview:-1\" \/>\n<link rel=\"canonical\" href=\"https:\/\/lasentinelle.dz\/index.php\/2024\/01\/27\/iran-des-hommes-armes-tuent-neuf-etrangers-pres-de-la-frontiere-avec-le-pakistan\/\" \/>\n<meta property=\"og:locale\" content=\"fr_FR\" \/>\n<meta property=\"og:type\" content=\"article\" \/>\n<meta property=\"og:title\" content=\"Iran\u00a0: Des hommes arm\u00e9s tuent neuf \u00e9trangers pr\u00e8s de la fronti\u00e8re avec le Pakistan - La Sentinelle\" \/>\n<meta property=\"og:description\" content=\"Selon un m\u00e9dia iranien, des hommes arm\u00e9s ont tu\u00e9 samedi neuf personnes non-iraniennes dans le sud-est du pays a indiqu\u00e9\" \/>\n<meta property=\"og:url\" content=\"https:\/\/lasentinelle.dz\/index.php\/2024\/01\/27\/iran-des-hommes-armes-tuent-neuf-etrangers-pres-de-la-frontiere-avec-le-pakistan\/\" \/>\n<meta property=\"og:site_name\" content=\"La Sentinelle\" \/>\n<meta property=\"article:publisher\" content=\"https:\/\/www.facebook.com\/La-Sentinelle-104059864394773\" \/>\n<meta property=\"article:published_time\" content=\"2024-01-27T20:22:53+00:00\" \/>\n<meta property=\"article:modified_time\" content=\"2024-01-27T20:22:54+00:00\" \/>\n<meta property=\"og:image\" content=\"https:\/\/lasentinelle.dz\/wp-content\/uploads\/2024\/01\/iran-pakistan.jpeg\" \/>\n\t<meta property=\"og:image:width\" content=\"980\" \/>\n\t<meta property=\"og:image:height\" content=\"551\" \/>\n\t<meta property=\"og:image:type\" content=\"image\/jpeg\" \/>\n<meta name=\"author\" content=\"La Sentinelle\" \/>\n<meta name=\"twitter:card\" content=\"summary_large_image\" \/>\n<meta name=\"twitter:label1\" content=\"\u00c9crit par\" \/>\n\t<meta name=\"twitter:data1\" content=\"La Sentinelle\" \/>\n\t<meta name=\"twitter:label2\" content=\"Dur\u00e9e de lecture estim\u00e9e\" \/>\n\t<meta name=\"twitter:data2\" content=\"2 minutes\" \/>\n<script type=\"application\/ld+json\" class=\"yoast-schema-graph\">{\"@context\":\"https:\\\/\\\/schema.org\",\"@graph\":[{\"@type\":\"Article\",\"@id\":\"https:\\\/\\\/lasentinelle.dz\\\/index.php\\\/2024\\\/01\\\/27\\\/iran-des-hommes-armes-tuent-neuf-etrangers-pres-de-la-frontiere-avec-le-pakistan\\\/#article\",\"isPartOf\":{\"@id\":\"https:\\\/\\\/lasentinelle.dz\\\/index.php\\\/2024\\\/01\\\/27\\\/iran-des-hommes-armes-tuent-neuf-etrangers-pres-de-la-frontiere-avec-le-pakistan\\\/\"},\"author\":{\"name\":\"La Sentinelle\",\"@id\":\"https:\\\/\\\/lasentinelle.dz\\\/#\\\/schema\\\/person\\\/d865044e22e70a75174ce8bcad3acfb3\"},\"headline\":\"Iran\u00a0: Des hommes arm\u00e9s tuent neuf \u00e9trangers pr\u00e8s de la fronti\u00e8re avec le Pakistan\",\"datePublished\":\"2024-01-27T20:22:53+00:00\",\"dateModified\":\"2024-01-27T20:22:54+00:00\",\"mainEntityOfPage\":{\"@id\":\"https:\\\/\\\/lasentinelle.dz\\\/index.php\\\/2024\\\/01\\\/27\\\/iran-des-hommes-armes-tuent-neuf-etrangers-pres-de-la-frontiere-avec-le-pakistan\\\/\"},\"wordCount\":396,\"commentCount\":0,\"publisher\":{\"@id\":\"https:\\\/\\\/lasentinelle.dz\\\/#organization\"},\"image\":{\"@id\":\"https:\\\/\\\/lasentinelle.dz\\\/index.php\\\/2024\\\/01\\\/27\\\/iran-des-hommes-armes-tuent-neuf-etrangers-pres-de-la-frontiere-avec-le-pakistan\\\/#primaryimage\"},\"thumbnailUrl\":\"https:\\\/\\\/lasentinelle.dz\\\/wp-content\\\/uploads\\\/2024\\\/01\\\/iran-pakistan.jpeg\",\"articleSection\":[\"Monde\"],\"inLanguage\":\"fr-FR\",\"potentialAction\":[{\"@type\":\"CommentAction\",\"name\":\"Comment\",\"target\":[\"https:\\\/\\\/lasentinelle.dz\\\/index.php\\\/2024\\\/01\\\/27\\\/iran-des-hommes-armes-tuent-neuf-etrangers-pres-de-la-frontiere-avec-le-pakistan\\\/#respond\"]}]},{\"@type\":\"WebPage\",\"@id\":\"https:\\\/\\\/lasentinelle.dz\\\/index.php\\\/2024\\\/01\\\/27\\\/iran-des-hommes-armes-tuent-neuf-etrangers-pres-de-la-frontiere-avec-le-pakistan\\\/\",\"url\":\"https:\\\/\\\/lasentinelle.dz\\\/index.php\\\/2024\\\/01\\\/27\\\/iran-des-hommes-armes-tuent-neuf-etrangers-pres-de-la-frontiere-avec-le-pakistan\\\/\",\"name\":\"Iran\u00a0: Des hommes arm\u00e9s tuent neuf \u00e9trangers pr\u00e8s de la fronti\u00e8re avec le Pakistan - La Sentinelle\",\"isPartOf\":{\"@id\":\"https:\\\/\\\/lasentinelle.dz\\\/#website\"},\"primaryImageOfPage\":{\"@id\":\"https:\\\/\\\/lasentinelle.dz\\\/index.php\\\/2024\\\/01\\\/27\\\/iran-des-hommes-armes-tuent-neuf-etrangers-pres-de-la-frontiere-avec-le-pakistan\\\/#primaryimage\"},\"image\":{\"@id\":\"https:\\\/\\\/lasentinelle.dz\\\/index.php\\\/2024\\\/01\\\/27\\\/iran-des-hommes-armes-tuent-neuf-etrangers-pres-de-la-frontiere-avec-le-pakistan\\\/#primaryimage\"},\"thumbnailUrl\":\"https:\\\/\\\/lasentinelle.dz\\\/wp-content\\\/uploads\\\/2024\\\/01\\\/iran-pakistan.jpeg\",\"datePublished\":\"2024-01-27T20:22:53+00:00\",\"dateModified\":\"2024-01-27T20:22:54+00:00\",\"breadcrumb\":{\"@id\":\"https:\\\/\\\/lasentinelle.dz\\\/index.php\\\/2024\\\/01\\\/27\\\/iran-des-hommes-armes-tuent-neuf-etrangers-pres-de-la-frontiere-avec-le-pakistan\\\/#breadcrumb\"},\"inLanguage\":\"fr-FR\",\"potentialAction\":[{\"@type\":\"ReadAction\",\"target\":[\"https:\\\/\\\/lasentinelle.dz\\\/index.php\\\/2024\\\/01\\\/27\\\/iran-des-hommes-armes-tuent-neuf-etrangers-pres-de-la-frontiere-avec-le-pakistan\\\/\"]}]},{\"@type\":\"ImageObject\",\"inLanguage\":\"fr-FR\",\"@id\":\"https:\\\/\\\/lasentinelle.dz\\\/index.php\\\/2024\\\/01\\\/27\\\/iran-des-hommes-armes-tuent-neuf-etrangers-pres-de-la-frontiere-avec-le-pakistan\\\/#primaryimage\",\"url\":\"https:\\\/\\\/lasentinelle.dz\\\/wp-content\\\/uploads\\\/2024\\\/01\\\/iran-pakistan.jpeg\",\"contentUrl\":\"https:\\\/\\\/lasentinelle.dz\\\/wp-content\\\/uploads\\\/2024\\\/01\\\/iran-pakistan.jpeg\",\"width\":980,\"height\":551},{\"@type\":\"BreadcrumbList\",\"@id\":\"https:\\\/\\\/lasentinelle.dz\\\/index.php\\\/2024\\\/01\\\/27\\\/iran-des-hommes-armes-tuent-neuf-etrangers-pres-de-la-frontiere-avec-le-pakistan\\\/#breadcrumb\",\"itemListElement\":[{\"@type\":\"ListItem\",\"position\":1,\"name\":\"Accueil\",\"item\":\"https:\\\/\\\/lasentinelle.dz\\\/\"},{\"@type\":\"ListItem\",\"position\":2,\"name\":\"Iran\u00a0: Des hommes arm\u00e9s tuent neuf \u00e9trangers pr\u00e8s de la fronti\u00e8re avec le Pakistan\"}]},{\"@type\":\"WebSite\",\"@id\":\"https:\\\/\\\/lasentinelle.dz\\\/#website\",\"url\":\"https:\\\/\\\/lasentinelle.dz\\\/\",\"name\":\"La Sentinelle\",\"description\":\"Quotidien national d&#039;information\",\"publisher\":{\"@id\":\"https:\\\/\\\/lasentinelle.dz\\\/#organization\"},\"potentialAction\":[{\"@type\":\"SearchAction\",\"target\":{\"@type\":\"EntryPoint\",\"urlTemplate\":\"https:\\\/\\\/lasentinelle.dz\\\/?s={search_term_string}\"},\"query-input\":{\"@type\":\"PropertyValueSpecification\",\"valueRequired\":true,\"valueName\":\"search_term_string\"}}],\"inLanguage\":\"fr-FR\"},{\"@type\":\"Organization\",\"@id\":\"https:\\\/\\\/lasentinelle.dz\\\/#organization\",\"name\":\"Quotidien La Sentinelle\",\"url\":\"https:\\\/\\\/lasentinelle.dz\\\/\",\"logo\":{\"@type\":\"ImageObject\",\"inLanguage\":\"fr-FR\",\"@id\":\"https:\\\/\\\/lasentinelle.dz\\\/#\\\/schema\\\/logo\\\/image\\\/\",\"url\":\"https:\\\/\\\/lasentinelle.dz\\\/wp-content\\\/uploads\\\/2021\\\/09\\\/logo-sentinelleSLOGAN-1.png\",\"contentUrl\":\"https:\\\/\\\/lasentinelle.dz\\\/wp-content\\\/uploads\\\/2021\\\/09\\\/logo-sentinelleSLOGAN-1.png\",\"width\":615,\"height\":142,\"caption\":\"Quotidien La Sentinelle\"},\"image\":{\"@id\":\"https:\\\/\\\/lasentinelle.dz\\\/#\\\/schema\\\/logo\\\/image\\\/\"},\"sameAs\":[\"https:\\\/\\\/www.facebook.com\\\/La-Sentinelle-104059864394773\"]},{\"@type\":\"Person\",\"@id\":\"https:\\\/\\\/lasentinelle.dz\\\/#\\\/schema\\\/person\\\/d865044e22e70a75174ce8bcad3acfb3\",\"name\":\"La Sentinelle\",\"image\":{\"@type\":\"ImageObject\",\"inLanguage\":\"fr-FR\",\"@id\":\"https:\\\/\\\/secure.gravatar.com\\\/avatar\\\/57de8e5d4b15d43fb361a71fbb36338450fe67865b528a43dd10ef7c51a20392?s=96&d=mm&r=g\",\"url\":\"https:\\\/\\\/secure.gravatar.com\\\/avatar\\\/57de8e5d4b15d43fb361a71fbb36338450fe67865b528a43dd10ef7c51a20392?s=96&d=mm&r=g\",\"contentUrl\":\"https:\\\/\\\/secure.gravatar.com\\\/avatar\\\/57de8e5d4b15d43fb361a71fbb36338450fe67865b528a43dd10ef7c51a20392?s=96&d=mm&r=g\",\"caption\":\"La Sentinelle\"},\"sameAs\":[\"http:\\\/\\\/www.lasentinelle.dz\"],\"url\":\"https:\\\/\\\/lasentinelle.dz\\\/author\\\/redaction\\\/\"}]}<\/script>\n<!-- \/ Yoast SEO plugin. -->","yoast_head_json":{"title":"Iran\u00a0: Des hommes arm\u00e9s tuent neuf \u00e9trangers pr\u00e8s de la fronti\u00e8re avec le Pakistan - La Sentinelle","robots":{"index":"index","follow":"follow","max-snippet":"max-snippet:-1","max-image-preview":"max-image-preview:large","max-video-preview":"max-video-preview:-1"},"canonical":"https:\/\/lasentinelle.dz\/index.php\/2024\/01\/27\/iran-des-hommes-armes-tuent-neuf-etrangers-pres-de-la-frontiere-avec-le-pakistan\/","og_locale":"fr_FR","og_type":"article","og_title":"Iran\u00a0: Des hommes arm\u00e9s tuent neuf \u00e9trangers pr\u00e8s de la fronti\u00e8re avec le Pakistan - La Sentinelle","og_description":"Selon un m\u00e9dia iranien, des hommes arm\u00e9s ont tu\u00e9 samedi neuf personnes non-iraniennes dans le sud-est du pays a indiqu\u00e9","og_url":"https:\/\/lasentinelle.dz\/index.php\/2024\/01\/27\/iran-des-hommes-armes-tuent-neuf-etrangers-pres-de-la-frontiere-avec-le-pakistan\/","og_site_name":"La Sentinelle","article_publisher":"https:\/\/www.facebook.com\/La-Sentinelle-104059864394773","article_published_time":"2024-01-27T20:22:53+00:00","article_modified_time":"2024-01-27T20:22:54+00:00","og_image":[{"width":980,"height":551,"url":"https:\/\/lasentinelle.dz\/wp-content\/uploads\/2024\/01\/iran-pakistan.jpeg","type":"image\/jpeg"}],"author":"La Sentinelle","twitter_card":"summary_large_image","twitter_misc":{"\u00c9crit par":"La Sentinelle","Dur\u00e9e de lecture estim\u00e9e":"2 minutes"},"schema":{"@context":"https:\/\/schema.org","@graph":[{"@type":"Article","@id":"https:\/\/lasentinelle.dz\/index.php\/2024\/01\/27\/iran-des-hommes-armes-tuent-neuf-etrangers-pres-de-la-frontiere-avec-le-pakistan\/#article","isPartOf":{"@id":"https:\/\/lasentinelle.dz\/index.php\/2024\/01\/27\/iran-des-hommes-armes-tuent-neuf-etrangers-pres-de-la-frontiere-avec-le-pakistan\/"},"author":{"name":"La Sentinelle","@id":"https:\/\/lasentinelle.dz\/#\/schema\/person\/d865044e22e70a75174ce8bcad3acfb3"},"headline":"Iran\u00a0: Des hommes arm\u00e9s tuent neuf \u00e9trangers pr\u00e8s de la fronti\u00e8re avec le Pakistan","datePublished":"2024-01-27T20:22:53+00:00","dateModified":"2024-01-27T20:22:54+00:00","mainEntityOfPage":{"@id":"https:\/\/lasentinelle.dz\/index.php\/2024\/01\/27\/iran-des-hommes-armes-tuent-neuf-etrangers-pres-de-la-frontiere-avec-le-pakistan\/"},"wordCount":396,"commentCount":0,"publisher":{"@id":"https:\/\/lasentinelle.dz\/#organization"},"image":{"@id":"https:\/\/lasentinelle.dz\/index.php\/2024\/01\/27\/iran-des-hommes-armes-tuent-neuf-etrangers-pres-de-la-frontiere-avec-le-pakistan\/#primaryimage"},"thumbnailUrl":"https:\/\/lasentinelle.dz\/wp-content\/uploads\/2024\/01\/iran-pakistan.jpeg","articleSection":["Monde"],"inLanguage":"fr-FR","potentialAction":[{"@type":"CommentAction","name":"Comment","target":["https:\/\/lasentinelle.dz\/index.php\/2024\/01\/27\/iran-des-hommes-armes-tuent-neuf-etrangers-pres-de-la-frontiere-avec-le-pakistan\/#respond"]}]},{"@type":"WebPage","@id":"https:\/\/lasentinelle.dz\/index.php\/2024\/01\/27\/iran-des-hommes-armes-tuent-neuf-etrangers-pres-de-la-frontiere-avec-le-pakistan\/","url":"https:\/\/lasentinelle.dz\/index.php\/2024\/01\/27\/iran-des-hommes-armes-tuent-neuf-etrangers-pres-de-la-frontiere-avec-le-pakistan\/","name":"Iran\u00a0: Des hommes arm\u00e9s tuent neuf \u00e9trangers pr\u00e8s de la fronti\u00e8re avec le Pakistan - La Sentinelle","isPartOf":{"@id":"https:\/\/lasentinelle.dz\/#website"},"primaryImageOfPage":{"@id":"https:\/\/lasentinelle.dz\/index.php\/2024\/01\/27\/iran-des-hommes-armes-tuent-neuf-etrangers-pres-de-la-frontiere-avec-le-pakistan\/#primaryimage"},"image":{"@id":"https:\/\/lasentinelle.dz\/index.php\/2024\/01\/27\/iran-des-hommes-armes-tuent-neuf-etrangers-pres-de-la-frontiere-avec-le-pakistan\/#primaryimage"},"thumbnailUrl":"https:\/\/lasentinelle.dz\/wp-content\/uploads\/2024\/01\/iran-pakistan.jpeg","datePublished":"2024-01-27T20:22:53+00:00","dateModified":"2024-01-27T20:22:54+00:00","breadcrumb":{"@id":"https:\/\/lasentinelle.dz\/index.php\/2024\/01\/27\/iran-des-hommes-armes-tuent-neuf-etrangers-pres-de-la-frontiere-avec-le-pakistan\/#breadcrumb"},"inLanguage":"fr-FR","potentialAction":[{"@type":"ReadAction","target":["https:\/\/lasentinelle.dz\/index.php\/2024\/01\/27\/iran-des-hommes-armes-tuent-neuf-etrangers-pres-de-la-frontiere-avec-le-pakistan\/"]}]},{"@type":"ImageObject","inLanguage":"fr-FR","@id":"https:\/\/lasentinelle.dz\/index.php\/2024\/01\/27\/iran-des-hommes-armes-tuent-neuf-etrangers-pres-de-la-frontiere-avec-le-pakistan\/#primaryimage","url":"https:\/\/lasentinelle.dz\/wp-content\/uploads\/2024\/01\/iran-pakistan.jpeg","contentUrl":"https:\/\/lasentinelle.dz\/wp-content\/uploads\/2024\/01\/iran-pakistan.jpeg","width":980,"height":551},{"@type":"BreadcrumbList","@id":"https:\/\/lasentinelle.dz\/index.php\/2024\/01\/27\/iran-des-hommes-armes-tuent-neuf-etrangers-pres-de-la-frontiere-avec-le-pakistan\/#breadcrumb","itemListElement":[{"@type":"ListItem","position":1,"name":"Accueil","item":"https:\/\/lasentinelle.dz\/"},{"@type":"ListItem","position":2,"name":"Iran\u00a0: Des hommes arm\u00e9s tuent neuf \u00e9trangers pr\u00e8s de la fronti\u00e8re avec le Pakistan"}]},{"@type":"WebSite","@id":"https:\/\/lasentinelle.dz\/#website","url":"https:\/\/lasentinelle.dz\/","name":"La Sentinelle","description":"Quotidien national d&#039;information","publisher":{"@id":"https:\/\/lasentinelle.dz\/#organization"},"potentialAction":[{"@type":"SearchAction","target":{"@type":"EntryPoint","urlTemplate":"https:\/\/lasentinelle.dz\/?s={search_term_string}"},"query-input":{"@type":"PropertyValueSpecification","valueRequired":true,"valueName":"search_term_string"}}],"inLanguage":"fr-FR"},{"@type":"Organization","@id":"https:\/\/lasentinelle.dz\/#organization","name":"Quotidien La Sentinelle","url":"https:\/\/lasentinelle.dz\/","logo":{"@type":"ImageObject","inLanguage":"fr-FR","@id":"https:\/\/lasentinelle.dz\/#\/schema\/logo\/image\/","url":"https:\/\/lasentinelle.dz\/wp-content\/uploads\/2021\/09\/logo-sentinelleSLOGAN-1.png","contentUrl":"https:\/\/lasentinelle.dz\/wp-content\/uploads\/2021\/09\/logo-sentinelleSLOGAN-1.png","width":615,"height":142,"caption":"Quotidien La Sentinelle"},"image":{"@id":"https:\/\/lasentinelle.dz\/#\/schema\/logo\/image\/"},"sameAs":["https:\/\/www.facebook.com\/La-Sentinelle-104059864394773"]},{"@type":"Person","@id":"https:\/\/lasentinelle.dz\/#\/schema\/person\/d865044e22e70a75174ce8bcad3acfb3","name":"La Sentinelle","image":{"@type":"ImageObject","inLanguage":"fr-FR","@id":"https:\/\/secure.gravatar.com\/avatar\/57de8e5d4b15d43fb361a71fbb36338450fe67865b528a43dd10ef7c51a20392?s=96&d=mm&r=g","url":"https:\/\/secure.gravatar.com\/avatar\/57de8e5d4b15d43fb361a71fbb36338450fe67865b528a43dd10ef7c51a20392?s=96&d=mm&r=g","contentUrl":"https:\/\/secure.gravatar.com\/avatar\/57de8e5d4b15d43fb361a71fbb36338450fe67865b528a43dd10ef7c51a20392?s=96&d=mm&r=g","caption":"La Sentinelle"},"sameAs":["http:\/\/www.lasentinelle.dz"],"url":"https:\/\/lasentinelle.dz\/author\/redaction\/"}]}},"_links":{"self":[{"href":"https:\/\/lasentinelle.dz\/index.php\/wp-json\/wp\/v2\/posts\/48997","targetHints":{"allow":["GET"]}}],"collection":[{"href":"https:\/\/lasentinelle.dz\/index.php\/wp-json\/wp\/v2\/posts"}],"about":[{"href":"https:\/\/lasentinelle.dz\/index.php\/wp-json\/wp\/v2\/types\/post"}],"author":[{"embeddable":true,"href":"https:\/\/lasentinelle.dz\/index.php\/wp-json\/wp\/v2\/users\/3"}],"replies":[{"embeddable":true,"href":"https:\/\/lasentinelle.dz\/index.php\/wp-json\/wp\/v2\/comments?post=48997"}],"version-history":[{"count":1,"href":"https:\/\/lasentinelle.dz\/index.php\/wp-json\/wp\/v2\/posts\/48997\/revisions"}],"predecessor-version":[{"id":48999,"href":"https:\/\/lasentinelle.dz\/index.php\/wp-json\/wp\/v2\/posts\/48997\/revisions\/48999"}],"wp:featuredmedia":[{"embeddable":true,"href":"https:\/\/lasentinelle.dz\/index.php\/wp-json\/wp\/v2\/media\/48998"}],"wp:attachment":[{"href":"https:\/\/lasentinelle.dz\/index.php\/wp-json\/wp\/v2\/media?parent=48997"}],"wp:term":[{"taxonomy":"category","embeddable":true,"href":"https:\/\/lasentinelle.dz\/index.php\/wp-json\/wp\/v2\/categories?post=48997"},{"taxonomy":"post_tag","embeddable":true,"href":"https:\/\/lasentinelle.dz\/index.php\/wp-json\/wp\/v2\/tags?post=48997"}],"curies":[{"name":"wp","href":"https:\/\/api.w.org\/{rel}","templated":true}]}}