{"id":4900,"date":"2021-08-23T00:01:00","date_gmt":"2021-08-22T23:01:00","guid":{"rendered":"https:\/\/lasentinelle.dz\/?p=4900"},"modified":"2021-08-22T16:18:44","modified_gmt":"2021-08-22T15:18:44","slug":"oran-166-familles-occupant-de-vieux-batis-relogees-a-oued-tlelat","status":"publish","type":"post","link":"https:\/\/lasentinelle.dz\/index.php\/2021\/08\/23\/oran-166-familles-occupant-de-vieux-batis-relogees-a-oued-tlelat\/","title":{"rendered":"Oran : 166 familles occupant de vieux b\u00e2tis relog\u00e9es \u00e0 Oued Tlelat"},"content":{"rendered":"\n<p>Quelque 166 familles occupant de vieux b\u00e2tis dans la da\u00efra d\u2019Oran ont \u00e9t\u00e9 relog\u00e9es, hier, au nouveau p\u00f4le d\u2019agglom\u00e9ration \u00e0 Oued Tlelat.Cette op\u00e9ration a concern\u00e9 les occupants de 23 immeubles v\u00e9tustes sis \u00e0 la d\u00e9l\u00e9gation communale de Sidi El Bachir (ex-Plateau), relevant de la commune d\u2019Oran.Le wali, Messaoud Djari, qui a pr\u00e9sid\u00e9 cette op\u00e9ration a fait savoir, dans une d\u00e9claration \u00e0 la presse, que le programme destin\u00e9 aux locataires du vieux b\u00e2ti comporte pas moins de 2.500 logements qui seront distribu\u00e9s prochainement au profit de leurs b\u00e9n\u00e9ficiaires. Il a ajout\u00e9 que les services de la wilaya ont trac\u00e9 un programme de relogement, tous types confondus, visant la distribution de 40.000 logements au cours de cette ann\u00e9e 2021.<\/p>\n\n\n\n<p>De son c\u00f4t\u00e9, le chef de la da\u00efra d&rsquo;Oran, Mourad Rahmouni, a affirm\u00e9 que les services de Contr\u00f4le technique des constructions (CTC) a recens\u00e9 693 b\u00e2timents mena\u00e7ant ruine au niveau des d\u00e9l\u00e9gations communales d&rsquo;Oran.Ces vieux b\u00e2tis ont \u00e9t\u00e9 class\u00e9s selon le degr\u00e9 de dangerosit\u00e9. L\u2019\u00e9tat de certains b\u00e2tis exige un relogement urgent de ses habitants. \u00ab\u00a0C\u2019est le cas des b\u00e9n\u00e9ficiaires de cette la premi\u00e8re phase d\u00e9roul\u00e9e ce jour\u00a0\u00bb, a-t-il pr\u00e9cis\u00e9.<\/p>\n\n\n\n<p>Par ailleurs, le m\u00eame responsable a annonc\u00e9 que des op\u00e9rations similaires sont programm\u00e9es dans les semaines \u00e0 venir et concerneront les occupants de 150 immeubles menac\u00e9s d&rsquo;effondrement.\u00a0\u00bbUne fois les conclusions des enqu\u00eates men\u00e9es seraient transmises au services concern\u00e9s\u00a0\u00bb, a encore ajout\u00e9 Mourad Rahmouni.Les b\u00e2tisses concern\u00e9es sont situ\u00e9es au niveau de neuf d\u00e9l\u00e9gations communales telles que celles de Sidi El Bachir, Derb, Sidi El Houari, El Mokrani, El Makarri, El Hamri et Ibn Sina, rappelle-t-on.<\/p>\n\n\n\n<p>APS<\/p>\n","protected":false},"excerpt":{"rendered":"<p>Quelque 166 familles occupant de vieux b\u00e2tis dans la da\u00efra d\u2019Oran ont \u00e9t\u00e9 relog\u00e9es, hier, au nouveau p\u00f4le d\u2019agglom\u00e9ration \u00e0<\/p>\n","protected":false},"author":3,"featured_media":4928,"comment_status":"open","ping_status":"closed","sticky":false,"template":"","format":"standard","meta":{"colormag_page_container_layout":"default_layout","colormag_page_sidebar_layout":"default_layout","om_disable_all_campaigns":false,"_monsterinsights_skip_tracking":false,"_monsterinsights_sitenote_active":false,"_monsterinsights_sitenote_note":"","_monsterinsights_sitenote_category":0,"footnotes":"","_wpscppro_dont_share_socialmedia":false,"_wpscppro_custom_social_share_image":0,"_facebook_share_type":"","_twitter_share_type":"","_linkedin_share_type":"","_pinterest_share_type":"","_linkedin_share_type_page":"","_instagram_share_type":"","_medium_share_type":"","_threads_share_type":"","_google_business_share_type":"","_selected_social_profile":[],"_wpsp_enable_custom_social_template":false,"_wpsp_social_scheduling":{"enabled":false,"datetime":null,"platforms":[],"status":"template_only","dateOption":"today","timeOption":"now","customDays":"","customHours":"","customDate":"","customTime":"","schedulingType":"absolute"},"_wpsp_active_default_template":true},"categories":[31],"tags":[],"class_list":["post-4900","post","type-post","status-publish","format-standard","has-post-thumbnail","hentry","category-regions"],"aioseo_notices":[],"yoast_head":"<!-- This site is optimized with the Yoast SEO plugin v27.5 - https:\/\/yoast.com\/product\/yoast-seo-wordpress\/ -->\n<title>Oran : 166 familles occupant de vieux b\u00e2tis relog\u00e9es \u00e0 Oued Tlelat - La Sentinelle<\/title>\n<meta name=\"robots\" content=\"index, follow, max-snippet:-1, max-image-preview:large, max-video-preview:-1\" \/>\n<link rel=\"canonical\" href=\"https:\/\/lasentinelle.dz\/index.php\/2021\/08\/23\/oran-166-familles-occupant-de-vieux-batis-relogees-a-oued-tlelat\/\" \/>\n<meta property=\"og:locale\" content=\"fr_FR\" \/>\n<meta property=\"og:type\" content=\"article\" \/>\n<meta property=\"og:title\" content=\"Oran : 166 familles occupant de vieux b\u00e2tis relog\u00e9es \u00e0 Oued Tlelat - La Sentinelle\" \/>\n<meta property=\"og:description\" content=\"Quelque 166 familles occupant de vieux b\u00e2tis dans la da\u00efra d\u2019Oran ont \u00e9t\u00e9 relog\u00e9es, hier, au nouveau p\u00f4le d\u2019agglom\u00e9ration \u00e0\" \/>\n<meta property=\"og:url\" content=\"https:\/\/lasentinelle.dz\/index.php\/2021\/08\/23\/oran-166-familles-occupant-de-vieux-batis-relogees-a-oued-tlelat\/\" \/>\n<meta property=\"og:site_name\" content=\"La Sentinelle\" \/>\n<meta property=\"article:publisher\" content=\"https:\/\/www.facebook.com\/La-Sentinelle-104059864394773\" \/>\n<meta property=\"article:published_time\" content=\"2021-08-22T23:01:00+00:00\" \/>\n<meta property=\"og:image\" content=\"https:\/\/lasentinelle.dz\/wp-content\/uploads\/2021\/08\/image_2021-08-22_161836.png\" \/>\n\t<meta property=\"og:image:width\" content=\"580\" \/>\n\t<meta property=\"og:image:height\" content=\"350\" \/>\n\t<meta property=\"og:image:type\" content=\"image\/png\" \/>\n<meta name=\"author\" content=\"La Sentinelle\" \/>\n<meta name=\"twitter:card\" content=\"summary_large_image\" \/>\n<meta name=\"twitter:label1\" content=\"\u00c9crit par\" \/>\n\t<meta name=\"twitter:data1\" content=\"La Sentinelle\" \/>\n\t<meta name=\"twitter:label2\" content=\"Dur\u00e9e de lecture estim\u00e9e\" \/>\n\t<meta name=\"twitter:data2\" content=\"2 minutes\" \/>\n<script type=\"application\/ld+json\" class=\"yoast-schema-graph\">{\"@context\":\"https:\\\/\\\/schema.org\",\"@graph\":[{\"@type\":\"Article\",\"@id\":\"https:\\\/\\\/lasentinelle.dz\\\/index.php\\\/2021\\\/08\\\/23\\\/oran-166-familles-occupant-de-vieux-batis-relogees-a-oued-tlelat\\\/#article\",\"isPartOf\":{\"@id\":\"https:\\\/\\\/lasentinelle.dz\\\/index.php\\\/2021\\\/08\\\/23\\\/oran-166-familles-occupant-de-vieux-batis-relogees-a-oued-tlelat\\\/\"},\"author\":{\"name\":\"La Sentinelle\",\"@id\":\"https:\\\/\\\/lasentinelle.dz\\\/#\\\/schema\\\/person\\\/d865044e22e70a75174ce8bcad3acfb3\"},\"headline\":\"Oran : 166 familles occupant de vieux b\u00e2tis relog\u00e9es \u00e0 Oued Tlelat\",\"datePublished\":\"2021-08-22T23:01:00+00:00\",\"mainEntityOfPage\":{\"@id\":\"https:\\\/\\\/lasentinelle.dz\\\/index.php\\\/2021\\\/08\\\/23\\\/oran-166-familles-occupant-de-vieux-batis-relogees-a-oued-tlelat\\\/\"},\"wordCount\":320,\"commentCount\":0,\"publisher\":{\"@id\":\"https:\\\/\\\/lasentinelle.dz\\\/#organization\"},\"image\":{\"@id\":\"https:\\\/\\\/lasentinelle.dz\\\/index.php\\\/2021\\\/08\\\/23\\\/oran-166-familles-occupant-de-vieux-batis-relogees-a-oued-tlelat\\\/#primaryimage\"},\"thumbnailUrl\":\"https:\\\/\\\/lasentinelle.dz\\\/wp-content\\\/uploads\\\/2021\\\/08\\\/image_2021-08-22_161836.png\",\"articleSection\":[\"R\u00e9gions\"],\"inLanguage\":\"fr-FR\",\"potentialAction\":[{\"@type\":\"CommentAction\",\"name\":\"Comment\",\"target\":[\"https:\\\/\\\/lasentinelle.dz\\\/index.php\\\/2021\\\/08\\\/23\\\/oran-166-familles-occupant-de-vieux-batis-relogees-a-oued-tlelat\\\/#respond\"]}]},{\"@type\":\"WebPage\",\"@id\":\"https:\\\/\\\/lasentinelle.dz\\\/index.php\\\/2021\\\/08\\\/23\\\/oran-166-familles-occupant-de-vieux-batis-relogees-a-oued-tlelat\\\/\",\"url\":\"https:\\\/\\\/lasentinelle.dz\\\/index.php\\\/2021\\\/08\\\/23\\\/oran-166-familles-occupant-de-vieux-batis-relogees-a-oued-tlelat\\\/\",\"name\":\"Oran : 166 familles occupant de vieux b\u00e2tis relog\u00e9es \u00e0 Oued Tlelat - La Sentinelle\",\"isPartOf\":{\"@id\":\"https:\\\/\\\/lasentinelle.dz\\\/#website\"},\"primaryImageOfPage\":{\"@id\":\"https:\\\/\\\/lasentinelle.dz\\\/index.php\\\/2021\\\/08\\\/23\\\/oran-166-familles-occupant-de-vieux-batis-relogees-a-oued-tlelat\\\/#primaryimage\"},\"image\":{\"@id\":\"https:\\\/\\\/lasentinelle.dz\\\/index.php\\\/2021\\\/08\\\/23\\\/oran-166-familles-occupant-de-vieux-batis-relogees-a-oued-tlelat\\\/#primaryimage\"},\"thumbnailUrl\":\"https:\\\/\\\/lasentinelle.dz\\\/wp-content\\\/uploads\\\/2021\\\/08\\\/image_2021-08-22_161836.png\",\"datePublished\":\"2021-08-22T23:01:00+00:00\",\"breadcrumb\":{\"@id\":\"https:\\\/\\\/lasentinelle.dz\\\/index.php\\\/2021\\\/08\\\/23\\\/oran-166-familles-occupant-de-vieux-batis-relogees-a-oued-tlelat\\\/#breadcrumb\"},\"inLanguage\":\"fr-FR\",\"potentialAction\":[{\"@type\":\"ReadAction\",\"target\":[\"https:\\\/\\\/lasentinelle.dz\\\/index.php\\\/2021\\\/08\\\/23\\\/oran-166-familles-occupant-de-vieux-batis-relogees-a-oued-tlelat\\\/\"]}]},{\"@type\":\"ImageObject\",\"inLanguage\":\"fr-FR\",\"@id\":\"https:\\\/\\\/lasentinelle.dz\\\/index.php\\\/2021\\\/08\\\/23\\\/oran-166-familles-occupant-de-vieux-batis-relogees-a-oued-tlelat\\\/#primaryimage\",\"url\":\"https:\\\/\\\/lasentinelle.dz\\\/wp-content\\\/uploads\\\/2021\\\/08\\\/image_2021-08-22_161836.png\",\"contentUrl\":\"https:\\\/\\\/lasentinelle.dz\\\/wp-content\\\/uploads\\\/2021\\\/08\\\/image_2021-08-22_161836.png\",\"width\":580,\"height\":350},{\"@type\":\"BreadcrumbList\",\"@id\":\"https:\\\/\\\/lasentinelle.dz\\\/index.php\\\/2021\\\/08\\\/23\\\/oran-166-familles-occupant-de-vieux-batis-relogees-a-oued-tlelat\\\/#breadcrumb\",\"itemListElement\":[{\"@type\":\"ListItem\",\"position\":1,\"name\":\"Accueil\",\"item\":\"https:\\\/\\\/lasentinelle.dz\\\/\"},{\"@type\":\"ListItem\",\"position\":2,\"name\":\"Oran : 166 familles occupant de vieux b\u00e2tis relog\u00e9es \u00e0 Oued Tlelat\"}]},{\"@type\":\"WebSite\",\"@id\":\"https:\\\/\\\/lasentinelle.dz\\\/#website\",\"url\":\"https:\\\/\\\/lasentinelle.dz\\\/\",\"name\":\"La Sentinelle\",\"description\":\"Quotidien national d&#039;information\",\"publisher\":{\"@id\":\"https:\\\/\\\/lasentinelle.dz\\\/#organization\"},\"potentialAction\":[{\"@type\":\"SearchAction\",\"target\":{\"@type\":\"EntryPoint\",\"urlTemplate\":\"https:\\\/\\\/lasentinelle.dz\\\/?s={search_term_string}\"},\"query-input\":{\"@type\":\"PropertyValueSpecification\",\"valueRequired\":true,\"valueName\":\"search_term_string\"}}],\"inLanguage\":\"fr-FR\"},{\"@type\":\"Organization\",\"@id\":\"https:\\\/\\\/lasentinelle.dz\\\/#organization\",\"name\":\"Quotidien La Sentinelle\",\"url\":\"https:\\\/\\\/lasentinelle.dz\\\/\",\"logo\":{\"@type\":\"ImageObject\",\"inLanguage\":\"fr-FR\",\"@id\":\"https:\\\/\\\/lasentinelle.dz\\\/#\\\/schema\\\/logo\\\/image\\\/\",\"url\":\"https:\\\/\\\/lasentinelle.dz\\\/wp-content\\\/uploads\\\/2021\\\/09\\\/logo-sentinelleSLOGAN-1.png\",\"contentUrl\":\"https:\\\/\\\/lasentinelle.dz\\\/wp-content\\\/uploads\\\/2021\\\/09\\\/logo-sentinelleSLOGAN-1.png\",\"width\":615,\"height\":142,\"caption\":\"Quotidien La Sentinelle\"},\"image\":{\"@id\":\"https:\\\/\\\/lasentinelle.dz\\\/#\\\/schema\\\/logo\\\/image\\\/\"},\"sameAs\":[\"https:\\\/\\\/www.facebook.com\\\/La-Sentinelle-104059864394773\"]},{\"@type\":\"Person\",\"@id\":\"https:\\\/\\\/lasentinelle.dz\\\/#\\\/schema\\\/person\\\/d865044e22e70a75174ce8bcad3acfb3\",\"name\":\"La Sentinelle\",\"image\":{\"@type\":\"ImageObject\",\"inLanguage\":\"fr-FR\",\"@id\":\"https:\\\/\\\/secure.gravatar.com\\\/avatar\\\/57de8e5d4b15d43fb361a71fbb36338450fe67865b528a43dd10ef7c51a20392?s=96&d=mm&r=g\",\"url\":\"https:\\\/\\\/secure.gravatar.com\\\/avatar\\\/57de8e5d4b15d43fb361a71fbb36338450fe67865b528a43dd10ef7c51a20392?s=96&d=mm&r=g\",\"contentUrl\":\"https:\\\/\\\/secure.gravatar.com\\\/avatar\\\/57de8e5d4b15d43fb361a71fbb36338450fe67865b528a43dd10ef7c51a20392?s=96&d=mm&r=g\",\"caption\":\"La Sentinelle\"},\"sameAs\":[\"http:\\\/\\\/www.lasentinelle.dz\"],\"url\":\"https:\\\/\\\/lasentinelle.dz\\\/author\\\/redaction\\\/\"}]}<\/script>\n<!-- \/ Yoast SEO plugin. -->","yoast_head_json":{"title":"Oran : 166 familles occupant de vieux b\u00e2tis relog\u00e9es \u00e0 Oued Tlelat - La Sentinelle","robots":{"index":"index","follow":"follow","max-snippet":"max-snippet:-1","max-image-preview":"max-image-preview:large","max-video-preview":"max-video-preview:-1"},"canonical":"https:\/\/lasentinelle.dz\/index.php\/2021\/08\/23\/oran-166-familles-occupant-de-vieux-batis-relogees-a-oued-tlelat\/","og_locale":"fr_FR","og_type":"article","og_title":"Oran : 166 familles occupant de vieux b\u00e2tis relog\u00e9es \u00e0 Oued Tlelat - La Sentinelle","og_description":"Quelque 166 familles occupant de vieux b\u00e2tis dans la da\u00efra d\u2019Oran ont \u00e9t\u00e9 relog\u00e9es, hier, au nouveau p\u00f4le d\u2019agglom\u00e9ration \u00e0","og_url":"https:\/\/lasentinelle.dz\/index.php\/2021\/08\/23\/oran-166-familles-occupant-de-vieux-batis-relogees-a-oued-tlelat\/","og_site_name":"La Sentinelle","article_publisher":"https:\/\/www.facebook.com\/La-Sentinelle-104059864394773","article_published_time":"2021-08-22T23:01:00+00:00","og_image":[{"width":580,"height":350,"url":"https:\/\/lasentinelle.dz\/wp-content\/uploads\/2021\/08\/image_2021-08-22_161836.png","type":"image\/png"}],"author":"La Sentinelle","twitter_card":"summary_large_image","twitter_misc":{"\u00c9crit par":"La Sentinelle","Dur\u00e9e de lecture estim\u00e9e":"2 minutes"},"schema":{"@context":"https:\/\/schema.org","@graph":[{"@type":"Article","@id":"https:\/\/lasentinelle.dz\/index.php\/2021\/08\/23\/oran-166-familles-occupant-de-vieux-batis-relogees-a-oued-tlelat\/#article","isPartOf":{"@id":"https:\/\/lasentinelle.dz\/index.php\/2021\/08\/23\/oran-166-familles-occupant-de-vieux-batis-relogees-a-oued-tlelat\/"},"author":{"name":"La Sentinelle","@id":"https:\/\/lasentinelle.dz\/#\/schema\/person\/d865044e22e70a75174ce8bcad3acfb3"},"headline":"Oran : 166 familles occupant de vieux b\u00e2tis relog\u00e9es \u00e0 Oued Tlelat","datePublished":"2021-08-22T23:01:00+00:00","mainEntityOfPage":{"@id":"https:\/\/lasentinelle.dz\/index.php\/2021\/08\/23\/oran-166-familles-occupant-de-vieux-batis-relogees-a-oued-tlelat\/"},"wordCount":320,"commentCount":0,"publisher":{"@id":"https:\/\/lasentinelle.dz\/#organization"},"image":{"@id":"https:\/\/lasentinelle.dz\/index.php\/2021\/08\/23\/oran-166-familles-occupant-de-vieux-batis-relogees-a-oued-tlelat\/#primaryimage"},"thumbnailUrl":"https:\/\/lasentinelle.dz\/wp-content\/uploads\/2021\/08\/image_2021-08-22_161836.png","articleSection":["R\u00e9gions"],"inLanguage":"fr-FR","potentialAction":[{"@type":"CommentAction","name":"Comment","target":["https:\/\/lasentinelle.dz\/index.php\/2021\/08\/23\/oran-166-familles-occupant-de-vieux-batis-relogees-a-oued-tlelat\/#respond"]}]},{"@type":"WebPage","@id":"https:\/\/lasentinelle.dz\/index.php\/2021\/08\/23\/oran-166-familles-occupant-de-vieux-batis-relogees-a-oued-tlelat\/","url":"https:\/\/lasentinelle.dz\/index.php\/2021\/08\/23\/oran-166-familles-occupant-de-vieux-batis-relogees-a-oued-tlelat\/","name":"Oran : 166 familles occupant de vieux b\u00e2tis relog\u00e9es \u00e0 Oued Tlelat - La Sentinelle","isPartOf":{"@id":"https:\/\/lasentinelle.dz\/#website"},"primaryImageOfPage":{"@id":"https:\/\/lasentinelle.dz\/index.php\/2021\/08\/23\/oran-166-familles-occupant-de-vieux-batis-relogees-a-oued-tlelat\/#primaryimage"},"image":{"@id":"https:\/\/lasentinelle.dz\/index.php\/2021\/08\/23\/oran-166-familles-occupant-de-vieux-batis-relogees-a-oued-tlelat\/#primaryimage"},"thumbnailUrl":"https:\/\/lasentinelle.dz\/wp-content\/uploads\/2021\/08\/image_2021-08-22_161836.png","datePublished":"2021-08-22T23:01:00+00:00","breadcrumb":{"@id":"https:\/\/lasentinelle.dz\/index.php\/2021\/08\/23\/oran-166-familles-occupant-de-vieux-batis-relogees-a-oued-tlelat\/#breadcrumb"},"inLanguage":"fr-FR","potentialAction":[{"@type":"ReadAction","target":["https:\/\/lasentinelle.dz\/index.php\/2021\/08\/23\/oran-166-familles-occupant-de-vieux-batis-relogees-a-oued-tlelat\/"]}]},{"@type":"ImageObject","inLanguage":"fr-FR","@id":"https:\/\/lasentinelle.dz\/index.php\/2021\/08\/23\/oran-166-familles-occupant-de-vieux-batis-relogees-a-oued-tlelat\/#primaryimage","url":"https:\/\/lasentinelle.dz\/wp-content\/uploads\/2021\/08\/image_2021-08-22_161836.png","contentUrl":"https:\/\/lasentinelle.dz\/wp-content\/uploads\/2021\/08\/image_2021-08-22_161836.png","width":580,"height":350},{"@type":"BreadcrumbList","@id":"https:\/\/lasentinelle.dz\/index.php\/2021\/08\/23\/oran-166-familles-occupant-de-vieux-batis-relogees-a-oued-tlelat\/#breadcrumb","itemListElement":[{"@type":"ListItem","position":1,"name":"Accueil","item":"https:\/\/lasentinelle.dz\/"},{"@type":"ListItem","position":2,"name":"Oran : 166 familles occupant de vieux b\u00e2tis relog\u00e9es \u00e0 Oued Tlelat"}]},{"@type":"WebSite","@id":"https:\/\/lasentinelle.dz\/#website","url":"https:\/\/lasentinelle.dz\/","name":"La Sentinelle","description":"Quotidien national d&#039;information","publisher":{"@id":"https:\/\/lasentinelle.dz\/#organization"},"potentialAction":[{"@type":"SearchAction","target":{"@type":"EntryPoint","urlTemplate":"https:\/\/lasentinelle.dz\/?s={search_term_string}"},"query-input":{"@type":"PropertyValueSpecification","valueRequired":true,"valueName":"search_term_string"}}],"inLanguage":"fr-FR"},{"@type":"Organization","@id":"https:\/\/lasentinelle.dz\/#organization","name":"Quotidien La Sentinelle","url":"https:\/\/lasentinelle.dz\/","logo":{"@type":"ImageObject","inLanguage":"fr-FR","@id":"https:\/\/lasentinelle.dz\/#\/schema\/logo\/image\/","url":"https:\/\/lasentinelle.dz\/wp-content\/uploads\/2021\/09\/logo-sentinelleSLOGAN-1.png","contentUrl":"https:\/\/lasentinelle.dz\/wp-content\/uploads\/2021\/09\/logo-sentinelleSLOGAN-1.png","width":615,"height":142,"caption":"Quotidien La Sentinelle"},"image":{"@id":"https:\/\/lasentinelle.dz\/#\/schema\/logo\/image\/"},"sameAs":["https:\/\/www.facebook.com\/La-Sentinelle-104059864394773"]},{"@type":"Person","@id":"https:\/\/lasentinelle.dz\/#\/schema\/person\/d865044e22e70a75174ce8bcad3acfb3","name":"La Sentinelle","image":{"@type":"ImageObject","inLanguage":"fr-FR","@id":"https:\/\/secure.gravatar.com\/avatar\/57de8e5d4b15d43fb361a71fbb36338450fe67865b528a43dd10ef7c51a20392?s=96&d=mm&r=g","url":"https:\/\/secure.gravatar.com\/avatar\/57de8e5d4b15d43fb361a71fbb36338450fe67865b528a43dd10ef7c51a20392?s=96&d=mm&r=g","contentUrl":"https:\/\/secure.gravatar.com\/avatar\/57de8e5d4b15d43fb361a71fbb36338450fe67865b528a43dd10ef7c51a20392?s=96&d=mm&r=g","caption":"La Sentinelle"},"sameAs":["http:\/\/www.lasentinelle.dz"],"url":"https:\/\/lasentinelle.dz\/author\/redaction\/"}]}},"_links":{"self":[{"href":"https:\/\/lasentinelle.dz\/index.php\/wp-json\/wp\/v2\/posts\/4900","targetHints":{"allow":["GET"]}}],"collection":[{"href":"https:\/\/lasentinelle.dz\/index.php\/wp-json\/wp\/v2\/posts"}],"about":[{"href":"https:\/\/lasentinelle.dz\/index.php\/wp-json\/wp\/v2\/types\/post"}],"author":[{"embeddable":true,"href":"https:\/\/lasentinelle.dz\/index.php\/wp-json\/wp\/v2\/users\/3"}],"replies":[{"embeddable":true,"href":"https:\/\/lasentinelle.dz\/index.php\/wp-json\/wp\/v2\/comments?post=4900"}],"version-history":[{"count":1,"href":"https:\/\/lasentinelle.dz\/index.php\/wp-json\/wp\/v2\/posts\/4900\/revisions"}],"predecessor-version":[{"id":4929,"href":"https:\/\/lasentinelle.dz\/index.php\/wp-json\/wp\/v2\/posts\/4900\/revisions\/4929"}],"wp:featuredmedia":[{"embeddable":true,"href":"https:\/\/lasentinelle.dz\/index.php\/wp-json\/wp\/v2\/media\/4928"}],"wp:attachment":[{"href":"https:\/\/lasentinelle.dz\/index.php\/wp-json\/wp\/v2\/media?parent=4900"}],"wp:term":[{"taxonomy":"category","embeddable":true,"href":"https:\/\/lasentinelle.dz\/index.php\/wp-json\/wp\/v2\/categories?post=4900"},{"taxonomy":"post_tag","embeddable":true,"href":"https:\/\/lasentinelle.dz\/index.php\/wp-json\/wp\/v2\/tags?post=4900"}],"curies":[{"name":"wp","href":"https:\/\/api.w.org\/{rel}","templated":true}]}}