{"id":49000,"date":"2024-01-27T21:23:52","date_gmt":"2024-01-27T20:23:52","guid":{"rendered":"https:\/\/lasentinelle.dz\/?p=49000"},"modified":"2024-01-27T21:23:53","modified_gmt":"2024-01-27T20:23:53","slug":"consolider-la-protection-du-patrimoine-culturel","status":"publish","type":"post","link":"https:\/\/lasentinelle.dz\/index.php\/2024\/01\/27\/consolider-la-protection-du-patrimoine-culturel\/","title":{"rendered":"Consolider la protection du patrimoine culturel"},"content":{"rendered":"\n<p>La ministre de la Culture et des Arts, Soraya Mouloudji, a annonc\u00e9, jeudi \u00e0 Alger lors de l&rsquo;ouverture des assises nationales sur la \u00ab\u00a0r\u00e9vision du syst\u00e8me juridique relatif \u00e0 la protection du patrimoine culturel\u00a0\u00bb, l&rsquo;installation au terme des travaux d&rsquo;un groupe de travail multisectoriel pour l&rsquo;\u00e9laboration d&rsquo;une mouture du texte amendant la loi 04-98 relative \u00e0 la protection du patrimoine culturel et de ses textes d&rsquo;application.<\/p>\n\n\n\n<p>Pour la ministre, l&rsquo;organisation de ces assises qui se d\u00e9roulent en pr\u00e9sence du ministre de l&rsquo;Enseignement sup\u00e9rieur et de la Recherche scientifique, Kamel Baddari, de responsables d&rsquo;instances officielles, de repr\u00e9sentants des secteurs minist\u00e9riels et d&rsquo;experts, traduit \u00ab\u00a0l&rsquo;int\u00e9r\u00eat majeur qu&rsquo;accorde notre secteur \u00e0 ce dossier strat\u00e9gique\u00a0\u00bb. Ces assises auxquelles ont particip\u00e9 l&rsquo;ensemble des acteurs concern\u00e9s visent \u00e0 \u00ab\u00a0d\u00e9velopper le syst\u00e8me de protection et de moderniser les m\u00e9canismes pour l&rsquo;optimisation de l&rsquo;efficacit\u00e9 et l&rsquo;obtention des r\u00e9sultats escompt\u00e9s. La protection du patrimoine est un devoir national par excellence et un enjeu majeur pour l&rsquo;Etat alg\u00e9rien\u00a0\u00bb, a-t-il expliqu\u00e9. L&rsquo;amendement de ce texte de loi a plusieurs objectifs dont le renforcement des op\u00e9rations juridiques et organisationnelles relatives \u00e0 la protection du patrimoine culturel alg\u00e9rien, la mise en place des mesures \u00e0 m\u00eame d&rsquo;intensifier les interventions en mati\u00e8re de protection, la protection de la propri\u00e9t\u00e9 intellectuelle des composantes du patrimoine culturel, la cr\u00e9ation de nouveaux m\u00e9canismes de valorisation et de promotion, la d\u00e9finition des cadres d&rsquo;exploitation \u00e9conomique des monuments et sites arch\u00e9ologiques, outre la modernisation et la num\u00e9risation des outils scientifiques pour inventorier le patrimoine culturel au niveau de l&rsquo;ensemble des organes concern\u00e9s par cette op\u00e9ration. Mme Mouloudji a annonc\u00e9, par ailleurs, l&rsquo;organisation d&rsquo;une rencontre internationale sur le patrimoine subaquatique au cours \u00ab\u00a0du 1er trimestre\u00a0\u00bb de l&rsquo;ann\u00e9e en cours. Concernant le patrimoine immat\u00e9riel, elle a rappel\u00e9 que l&rsquo;Alg\u00e9rie \u00ab\u00a0compte 11 \u00e9l\u00e9ments immat\u00e9riels sur les listes du patrimoine culturel mondial de l&rsquo;UNESCO\u00a0\u00bb, ajoutant que le minist\u00e8re de la Culture et des Arts \u0153uvre pour la classification de plus d&rsquo;\u00e9l\u00e9ments immat\u00e9riels, le dernier en date \u00e9tant le dossier \u00ab\u00a0Costume f\u00e9minin festif du grand Est alg\u00e9rien: savoirs et comp\u00e9tences li\u00e9s \u00e0 la couture et \u00e0 la fabrication de bijoux de d\u00e9coration: la Guendoura et La Melhfa\u00a0\u00bb, d\u00e9pos\u00e9 en mars 2023. La ministre a, en outre, affirm\u00e9 que \u00ab\u00a0d&rsquo;autres dossiers sont en cours d&rsquo;\u00e9laboration pour la classification de plus de composantes immat\u00e9rielles de notre riche patrimoine ancr\u00e9 dans les racines de l&rsquo;humanit\u00e9\u00a0\u00bb. Les pl\u00e9ni\u00e8res ont \u00e9t\u00e9 marqu\u00e9es par des interventions d&rsquo;experts alg\u00e9riens et \u00e9trangers sur les th\u00e9matiques li\u00e9es \u00e0 \u00ab\u00a0la r\u00e9vision du syst\u00e8me juridique relatif \u00e0 la protection du patrimoine en Alg\u00e9rie : d\u00e9fis et perspectives\u00a0\u00bb, \u00ab\u00a0la place du patrimoine culturel dans les \u00e9tudes strat\u00e9giques\u00a0\u00bb et \u00ab\u00a0les moyens juridiques de r\u00e9cup\u00e9ration des biens culturels pill\u00e9s pendant la p\u00e9riode coloniale\u00a0\u00bb. Quatre ateliers ont aussi \u00e9t\u00e9 consacr\u00e9s \u00e0 \u00ab\u00a0la protection du patrimoine culturel immat\u00e9riel\u00a0\u00bb, \u00ab\u00a0la protection et l&rsquo;exploitation des biens culturels immobiliers\u00a0\u00bb, \u00ab\u00a0les recherches arch\u00e9ologiques\u00a0\u00bb et \u00ab\u00a0la protection des biens culturels mobiliers\u00a0\u00bb.<\/p>\n\n\n\n<p>APS<\/p>\n","protected":false},"excerpt":{"rendered":"<p>La ministre de la Culture et des Arts, Soraya Mouloudji, a annonc\u00e9, jeudi \u00e0 Alger lors de l&rsquo;ouverture des assises<\/p>\n","protected":false},"author":3,"featured_media":49001,"comment_status":"open","ping_status":"closed","sticky":false,"template":"","format":"standard","meta":{"colormag_page_container_layout":"default_layout","colormag_page_sidebar_layout":"default_layout","om_disable_all_campaigns":false,"_monsterinsights_skip_tracking":false,"_monsterinsights_sitenote_active":false,"_monsterinsights_sitenote_note":"","_monsterinsights_sitenote_category":0,"footnotes":"","_wpscppro_dont_share_socialmedia":false,"_wpscppro_custom_social_share_image":0,"_facebook_share_type":"","_twitter_share_type":"","_linkedin_share_type":"","_pinterest_share_type":"","_linkedin_share_type_page":"","_instagram_share_type":"","_medium_share_type":"","_threads_share_type":"","_google_business_share_type":"","_selected_social_profile":[],"_wpsp_enable_custom_social_template":false,"_wpsp_social_scheduling":{"enabled":false,"datetime":null,"platforms":[],"status":"template_only","dateOption":"today","timeOption":"now","customDays":"","customHours":"","customDate":"","customTime":"","schedulingType":"absolute"},"_wpsp_active_default_template":true},"categories":[36],"tags":[],"class_list":["post-49000","post","type-post","status-publish","format-standard","has-post-thumbnail","hentry","category-culture"],"aioseo_notices":[],"yoast_head":"<!-- This site is optimized with the Yoast SEO plugin v27.5 - https:\/\/yoast.com\/product\/yoast-seo-wordpress\/ -->\n<title>Consolider la protection du patrimoine culturel - La Sentinelle<\/title>\n<meta name=\"robots\" content=\"index, follow, max-snippet:-1, max-image-preview:large, max-video-preview:-1\" \/>\n<link rel=\"canonical\" href=\"https:\/\/lasentinelle.dz\/index.php\/2024\/01\/27\/consolider-la-protection-du-patrimoine-culturel\/\" \/>\n<meta property=\"og:locale\" content=\"fr_FR\" \/>\n<meta property=\"og:type\" content=\"article\" \/>\n<meta property=\"og:title\" content=\"Consolider la protection du patrimoine culturel - La Sentinelle\" \/>\n<meta property=\"og:description\" content=\"La ministre de la Culture et des Arts, Soraya Mouloudji, a annonc\u00e9, jeudi \u00e0 Alger lors de l&rsquo;ouverture des assises\" \/>\n<meta property=\"og:url\" content=\"https:\/\/lasentinelle.dz\/index.php\/2024\/01\/27\/consolider-la-protection-du-patrimoine-culturel\/\" \/>\n<meta property=\"og:site_name\" content=\"La Sentinelle\" \/>\n<meta property=\"article:publisher\" content=\"https:\/\/www.facebook.com\/La-Sentinelle-104059864394773\" \/>\n<meta property=\"article:published_time\" content=\"2024-01-27T20:23:52+00:00\" \/>\n<meta property=\"article:modified_time\" content=\"2024-01-27T20:23:53+00:00\" \/>\n<meta property=\"og:image\" content=\"https:\/\/lasentinelle.dz\/wp-content\/uploads\/2024\/01\/mouloudji-2.jpeg\" \/>\n\t<meta property=\"og:image:width\" content=\"1440\" \/>\n\t<meta property=\"og:image:height\" content=\"960\" \/>\n\t<meta property=\"og:image:type\" content=\"image\/jpeg\" \/>\n<meta name=\"author\" content=\"La Sentinelle\" \/>\n<meta name=\"twitter:card\" content=\"summary_large_image\" \/>\n<meta name=\"twitter:label1\" content=\"\u00c9crit par\" \/>\n\t<meta name=\"twitter:data1\" content=\"La Sentinelle\" \/>\n\t<meta name=\"twitter:label2\" content=\"Dur\u00e9e de lecture estim\u00e9e\" \/>\n\t<meta name=\"twitter:data2\" content=\"3 minutes\" \/>\n<script type=\"application\/ld+json\" class=\"yoast-schema-graph\">{\"@context\":\"https:\\\/\\\/schema.org\",\"@graph\":[{\"@type\":\"Article\",\"@id\":\"https:\\\/\\\/lasentinelle.dz\\\/index.php\\\/2024\\\/01\\\/27\\\/consolider-la-protection-du-patrimoine-culturel\\\/#article\",\"isPartOf\":{\"@id\":\"https:\\\/\\\/lasentinelle.dz\\\/index.php\\\/2024\\\/01\\\/27\\\/consolider-la-protection-du-patrimoine-culturel\\\/\"},\"author\":{\"name\":\"La Sentinelle\",\"@id\":\"https:\\\/\\\/lasentinelle.dz\\\/#\\\/schema\\\/person\\\/d865044e22e70a75174ce8bcad3acfb3\"},\"headline\":\"Consolider la protection du patrimoine culturel\",\"datePublished\":\"2024-01-27T20:23:52+00:00\",\"dateModified\":\"2024-01-27T20:23:53+00:00\",\"mainEntityOfPage\":{\"@id\":\"https:\\\/\\\/lasentinelle.dz\\\/index.php\\\/2024\\\/01\\\/27\\\/consolider-la-protection-du-patrimoine-culturel\\\/\"},\"wordCount\":562,\"commentCount\":0,\"publisher\":{\"@id\":\"https:\\\/\\\/lasentinelle.dz\\\/#organization\"},\"image\":{\"@id\":\"https:\\\/\\\/lasentinelle.dz\\\/index.php\\\/2024\\\/01\\\/27\\\/consolider-la-protection-du-patrimoine-culturel\\\/#primaryimage\"},\"thumbnailUrl\":\"https:\\\/\\\/lasentinelle.dz\\\/wp-content\\\/uploads\\\/2024\\\/01\\\/mouloudji-2.jpeg\",\"articleSection\":[\"Culture\"],\"inLanguage\":\"fr-FR\",\"potentialAction\":[{\"@type\":\"CommentAction\",\"name\":\"Comment\",\"target\":[\"https:\\\/\\\/lasentinelle.dz\\\/index.php\\\/2024\\\/01\\\/27\\\/consolider-la-protection-du-patrimoine-culturel\\\/#respond\"]}]},{\"@type\":\"WebPage\",\"@id\":\"https:\\\/\\\/lasentinelle.dz\\\/index.php\\\/2024\\\/01\\\/27\\\/consolider-la-protection-du-patrimoine-culturel\\\/\",\"url\":\"https:\\\/\\\/lasentinelle.dz\\\/index.php\\\/2024\\\/01\\\/27\\\/consolider-la-protection-du-patrimoine-culturel\\\/\",\"name\":\"Consolider la protection du patrimoine culturel - La Sentinelle\",\"isPartOf\":{\"@id\":\"https:\\\/\\\/lasentinelle.dz\\\/#website\"},\"primaryImageOfPage\":{\"@id\":\"https:\\\/\\\/lasentinelle.dz\\\/index.php\\\/2024\\\/01\\\/27\\\/consolider-la-protection-du-patrimoine-culturel\\\/#primaryimage\"},\"image\":{\"@id\":\"https:\\\/\\\/lasentinelle.dz\\\/index.php\\\/2024\\\/01\\\/27\\\/consolider-la-protection-du-patrimoine-culturel\\\/#primaryimage\"},\"thumbnailUrl\":\"https:\\\/\\\/lasentinelle.dz\\\/wp-content\\\/uploads\\\/2024\\\/01\\\/mouloudji-2.jpeg\",\"datePublished\":\"2024-01-27T20:23:52+00:00\",\"dateModified\":\"2024-01-27T20:23:53+00:00\",\"breadcrumb\":{\"@id\":\"https:\\\/\\\/lasentinelle.dz\\\/index.php\\\/2024\\\/01\\\/27\\\/consolider-la-protection-du-patrimoine-culturel\\\/#breadcrumb\"},\"inLanguage\":\"fr-FR\",\"potentialAction\":[{\"@type\":\"ReadAction\",\"target\":[\"https:\\\/\\\/lasentinelle.dz\\\/index.php\\\/2024\\\/01\\\/27\\\/consolider-la-protection-du-patrimoine-culturel\\\/\"]}]},{\"@type\":\"ImageObject\",\"inLanguage\":\"fr-FR\",\"@id\":\"https:\\\/\\\/lasentinelle.dz\\\/index.php\\\/2024\\\/01\\\/27\\\/consolider-la-protection-du-patrimoine-culturel\\\/#primaryimage\",\"url\":\"https:\\\/\\\/lasentinelle.dz\\\/wp-content\\\/uploads\\\/2024\\\/01\\\/mouloudji-2.jpeg\",\"contentUrl\":\"https:\\\/\\\/lasentinelle.dz\\\/wp-content\\\/uploads\\\/2024\\\/01\\\/mouloudji-2.jpeg\",\"width\":1440,\"height\":960},{\"@type\":\"BreadcrumbList\",\"@id\":\"https:\\\/\\\/lasentinelle.dz\\\/index.php\\\/2024\\\/01\\\/27\\\/consolider-la-protection-du-patrimoine-culturel\\\/#breadcrumb\",\"itemListElement\":[{\"@type\":\"ListItem\",\"position\":1,\"name\":\"Accueil\",\"item\":\"https:\\\/\\\/lasentinelle.dz\\\/\"},{\"@type\":\"ListItem\",\"position\":2,\"name\":\"Consolider la protection du patrimoine culturel\"}]},{\"@type\":\"WebSite\",\"@id\":\"https:\\\/\\\/lasentinelle.dz\\\/#website\",\"url\":\"https:\\\/\\\/lasentinelle.dz\\\/\",\"name\":\"La Sentinelle\",\"description\":\"Quotidien national d&#039;information\",\"publisher\":{\"@id\":\"https:\\\/\\\/lasentinelle.dz\\\/#organization\"},\"potentialAction\":[{\"@type\":\"SearchAction\",\"target\":{\"@type\":\"EntryPoint\",\"urlTemplate\":\"https:\\\/\\\/lasentinelle.dz\\\/?s={search_term_string}\"},\"query-input\":{\"@type\":\"PropertyValueSpecification\",\"valueRequired\":true,\"valueName\":\"search_term_string\"}}],\"inLanguage\":\"fr-FR\"},{\"@type\":\"Organization\",\"@id\":\"https:\\\/\\\/lasentinelle.dz\\\/#organization\",\"name\":\"Quotidien La Sentinelle\",\"url\":\"https:\\\/\\\/lasentinelle.dz\\\/\",\"logo\":{\"@type\":\"ImageObject\",\"inLanguage\":\"fr-FR\",\"@id\":\"https:\\\/\\\/lasentinelle.dz\\\/#\\\/schema\\\/logo\\\/image\\\/\",\"url\":\"https:\\\/\\\/lasentinelle.dz\\\/wp-content\\\/uploads\\\/2021\\\/09\\\/logo-sentinelleSLOGAN-1.png\",\"contentUrl\":\"https:\\\/\\\/lasentinelle.dz\\\/wp-content\\\/uploads\\\/2021\\\/09\\\/logo-sentinelleSLOGAN-1.png\",\"width\":615,\"height\":142,\"caption\":\"Quotidien La Sentinelle\"},\"image\":{\"@id\":\"https:\\\/\\\/lasentinelle.dz\\\/#\\\/schema\\\/logo\\\/image\\\/\"},\"sameAs\":[\"https:\\\/\\\/www.facebook.com\\\/La-Sentinelle-104059864394773\"]},{\"@type\":\"Person\",\"@id\":\"https:\\\/\\\/lasentinelle.dz\\\/#\\\/schema\\\/person\\\/d865044e22e70a75174ce8bcad3acfb3\",\"name\":\"La Sentinelle\",\"image\":{\"@type\":\"ImageObject\",\"inLanguage\":\"fr-FR\",\"@id\":\"https:\\\/\\\/secure.gravatar.com\\\/avatar\\\/57de8e5d4b15d43fb361a71fbb36338450fe67865b528a43dd10ef7c51a20392?s=96&d=mm&r=g\",\"url\":\"https:\\\/\\\/secure.gravatar.com\\\/avatar\\\/57de8e5d4b15d43fb361a71fbb36338450fe67865b528a43dd10ef7c51a20392?s=96&d=mm&r=g\",\"contentUrl\":\"https:\\\/\\\/secure.gravatar.com\\\/avatar\\\/57de8e5d4b15d43fb361a71fbb36338450fe67865b528a43dd10ef7c51a20392?s=96&d=mm&r=g\",\"caption\":\"La Sentinelle\"},\"sameAs\":[\"http:\\\/\\\/www.lasentinelle.dz\"],\"url\":\"https:\\\/\\\/lasentinelle.dz\\\/author\\\/redaction\\\/\"}]}<\/script>\n<!-- \/ Yoast SEO plugin. -->","yoast_head_json":{"title":"Consolider la protection du patrimoine culturel - La Sentinelle","robots":{"index":"index","follow":"follow","max-snippet":"max-snippet:-1","max-image-preview":"max-image-preview:large","max-video-preview":"max-video-preview:-1"},"canonical":"https:\/\/lasentinelle.dz\/index.php\/2024\/01\/27\/consolider-la-protection-du-patrimoine-culturel\/","og_locale":"fr_FR","og_type":"article","og_title":"Consolider la protection du patrimoine culturel - La Sentinelle","og_description":"La ministre de la Culture et des Arts, Soraya Mouloudji, a annonc\u00e9, jeudi \u00e0 Alger lors de l&rsquo;ouverture des assises","og_url":"https:\/\/lasentinelle.dz\/index.php\/2024\/01\/27\/consolider-la-protection-du-patrimoine-culturel\/","og_site_name":"La Sentinelle","article_publisher":"https:\/\/www.facebook.com\/La-Sentinelle-104059864394773","article_published_time":"2024-01-27T20:23:52+00:00","article_modified_time":"2024-01-27T20:23:53+00:00","og_image":[{"width":1440,"height":960,"url":"https:\/\/lasentinelle.dz\/wp-content\/uploads\/2024\/01\/mouloudji-2.jpeg","type":"image\/jpeg"}],"author":"La Sentinelle","twitter_card":"summary_large_image","twitter_misc":{"\u00c9crit par":"La Sentinelle","Dur\u00e9e de lecture estim\u00e9e":"3 minutes"},"schema":{"@context":"https:\/\/schema.org","@graph":[{"@type":"Article","@id":"https:\/\/lasentinelle.dz\/index.php\/2024\/01\/27\/consolider-la-protection-du-patrimoine-culturel\/#article","isPartOf":{"@id":"https:\/\/lasentinelle.dz\/index.php\/2024\/01\/27\/consolider-la-protection-du-patrimoine-culturel\/"},"author":{"name":"La Sentinelle","@id":"https:\/\/lasentinelle.dz\/#\/schema\/person\/d865044e22e70a75174ce8bcad3acfb3"},"headline":"Consolider la protection du patrimoine culturel","datePublished":"2024-01-27T20:23:52+00:00","dateModified":"2024-01-27T20:23:53+00:00","mainEntityOfPage":{"@id":"https:\/\/lasentinelle.dz\/index.php\/2024\/01\/27\/consolider-la-protection-du-patrimoine-culturel\/"},"wordCount":562,"commentCount":0,"publisher":{"@id":"https:\/\/lasentinelle.dz\/#organization"},"image":{"@id":"https:\/\/lasentinelle.dz\/index.php\/2024\/01\/27\/consolider-la-protection-du-patrimoine-culturel\/#primaryimage"},"thumbnailUrl":"https:\/\/lasentinelle.dz\/wp-content\/uploads\/2024\/01\/mouloudji-2.jpeg","articleSection":["Culture"],"inLanguage":"fr-FR","potentialAction":[{"@type":"CommentAction","name":"Comment","target":["https:\/\/lasentinelle.dz\/index.php\/2024\/01\/27\/consolider-la-protection-du-patrimoine-culturel\/#respond"]}]},{"@type":"WebPage","@id":"https:\/\/lasentinelle.dz\/index.php\/2024\/01\/27\/consolider-la-protection-du-patrimoine-culturel\/","url":"https:\/\/lasentinelle.dz\/index.php\/2024\/01\/27\/consolider-la-protection-du-patrimoine-culturel\/","name":"Consolider la protection du patrimoine culturel - La Sentinelle","isPartOf":{"@id":"https:\/\/lasentinelle.dz\/#website"},"primaryImageOfPage":{"@id":"https:\/\/lasentinelle.dz\/index.php\/2024\/01\/27\/consolider-la-protection-du-patrimoine-culturel\/#primaryimage"},"image":{"@id":"https:\/\/lasentinelle.dz\/index.php\/2024\/01\/27\/consolider-la-protection-du-patrimoine-culturel\/#primaryimage"},"thumbnailUrl":"https:\/\/lasentinelle.dz\/wp-content\/uploads\/2024\/01\/mouloudji-2.jpeg","datePublished":"2024-01-27T20:23:52+00:00","dateModified":"2024-01-27T20:23:53+00:00","breadcrumb":{"@id":"https:\/\/lasentinelle.dz\/index.php\/2024\/01\/27\/consolider-la-protection-du-patrimoine-culturel\/#breadcrumb"},"inLanguage":"fr-FR","potentialAction":[{"@type":"ReadAction","target":["https:\/\/lasentinelle.dz\/index.php\/2024\/01\/27\/consolider-la-protection-du-patrimoine-culturel\/"]}]},{"@type":"ImageObject","inLanguage":"fr-FR","@id":"https:\/\/lasentinelle.dz\/index.php\/2024\/01\/27\/consolider-la-protection-du-patrimoine-culturel\/#primaryimage","url":"https:\/\/lasentinelle.dz\/wp-content\/uploads\/2024\/01\/mouloudji-2.jpeg","contentUrl":"https:\/\/lasentinelle.dz\/wp-content\/uploads\/2024\/01\/mouloudji-2.jpeg","width":1440,"height":960},{"@type":"BreadcrumbList","@id":"https:\/\/lasentinelle.dz\/index.php\/2024\/01\/27\/consolider-la-protection-du-patrimoine-culturel\/#breadcrumb","itemListElement":[{"@type":"ListItem","position":1,"name":"Accueil","item":"https:\/\/lasentinelle.dz\/"},{"@type":"ListItem","position":2,"name":"Consolider la protection du patrimoine culturel"}]},{"@type":"WebSite","@id":"https:\/\/lasentinelle.dz\/#website","url":"https:\/\/lasentinelle.dz\/","name":"La Sentinelle","description":"Quotidien national d&#039;information","publisher":{"@id":"https:\/\/lasentinelle.dz\/#organization"},"potentialAction":[{"@type":"SearchAction","target":{"@type":"EntryPoint","urlTemplate":"https:\/\/lasentinelle.dz\/?s={search_term_string}"},"query-input":{"@type":"PropertyValueSpecification","valueRequired":true,"valueName":"search_term_string"}}],"inLanguage":"fr-FR"},{"@type":"Organization","@id":"https:\/\/lasentinelle.dz\/#organization","name":"Quotidien La Sentinelle","url":"https:\/\/lasentinelle.dz\/","logo":{"@type":"ImageObject","inLanguage":"fr-FR","@id":"https:\/\/lasentinelle.dz\/#\/schema\/logo\/image\/","url":"https:\/\/lasentinelle.dz\/wp-content\/uploads\/2021\/09\/logo-sentinelleSLOGAN-1.png","contentUrl":"https:\/\/lasentinelle.dz\/wp-content\/uploads\/2021\/09\/logo-sentinelleSLOGAN-1.png","width":615,"height":142,"caption":"Quotidien La Sentinelle"},"image":{"@id":"https:\/\/lasentinelle.dz\/#\/schema\/logo\/image\/"},"sameAs":["https:\/\/www.facebook.com\/La-Sentinelle-104059864394773"]},{"@type":"Person","@id":"https:\/\/lasentinelle.dz\/#\/schema\/person\/d865044e22e70a75174ce8bcad3acfb3","name":"La Sentinelle","image":{"@type":"ImageObject","inLanguage":"fr-FR","@id":"https:\/\/secure.gravatar.com\/avatar\/57de8e5d4b15d43fb361a71fbb36338450fe67865b528a43dd10ef7c51a20392?s=96&d=mm&r=g","url":"https:\/\/secure.gravatar.com\/avatar\/57de8e5d4b15d43fb361a71fbb36338450fe67865b528a43dd10ef7c51a20392?s=96&d=mm&r=g","contentUrl":"https:\/\/secure.gravatar.com\/avatar\/57de8e5d4b15d43fb361a71fbb36338450fe67865b528a43dd10ef7c51a20392?s=96&d=mm&r=g","caption":"La Sentinelle"},"sameAs":["http:\/\/www.lasentinelle.dz"],"url":"https:\/\/lasentinelle.dz\/author\/redaction\/"}]}},"_links":{"self":[{"href":"https:\/\/lasentinelle.dz\/index.php\/wp-json\/wp\/v2\/posts\/49000","targetHints":{"allow":["GET"]}}],"collection":[{"href":"https:\/\/lasentinelle.dz\/index.php\/wp-json\/wp\/v2\/posts"}],"about":[{"href":"https:\/\/lasentinelle.dz\/index.php\/wp-json\/wp\/v2\/types\/post"}],"author":[{"embeddable":true,"href":"https:\/\/lasentinelle.dz\/index.php\/wp-json\/wp\/v2\/users\/3"}],"replies":[{"embeddable":true,"href":"https:\/\/lasentinelle.dz\/index.php\/wp-json\/wp\/v2\/comments?post=49000"}],"version-history":[{"count":1,"href":"https:\/\/lasentinelle.dz\/index.php\/wp-json\/wp\/v2\/posts\/49000\/revisions"}],"predecessor-version":[{"id":49002,"href":"https:\/\/lasentinelle.dz\/index.php\/wp-json\/wp\/v2\/posts\/49000\/revisions\/49002"}],"wp:featuredmedia":[{"embeddable":true,"href":"https:\/\/lasentinelle.dz\/index.php\/wp-json\/wp\/v2\/media\/49001"}],"wp:attachment":[{"href":"https:\/\/lasentinelle.dz\/index.php\/wp-json\/wp\/v2\/media?parent=49000"}],"wp:term":[{"taxonomy":"category","embeddable":true,"href":"https:\/\/lasentinelle.dz\/index.php\/wp-json\/wp\/v2\/categories?post=49000"},{"taxonomy":"post_tag","embeddable":true,"href":"https:\/\/lasentinelle.dz\/index.php\/wp-json\/wp\/v2\/tags?post=49000"}],"curies":[{"name":"wp","href":"https:\/\/api.w.org\/{rel}","templated":true}]}}